{"id":1723,"date":"2020-07-12T09:57:39","date_gmt":"2020-07-12T07:57:39","guid":{"rendered":"https:\/\/jp2doc.pl\/fr\/?p=1723"},"modified":"2020-07-12T09:57:39","modified_gmt":"2020-07-12T07:57:39","slug":"pour-que-la-graine-puisse-grandir-en-nous","status":"publish","type":"post","link":"https:\/\/jp2doc.pl\/fr\/2020\/07\/12\/pour-que-la-graine-puisse-grandir-en-nous\/","title":{"rendered":"Pour que la graine puisse grandir en nous"},"content":{"rendered":"\n<p>Ce dimanche, nous \u00e9coutons l\u2019Evangile de la parabole du semeur. Cette parabole est en avant tout une sorte de bilan, un r\u00e9sume imag\u00e9 que J\u00e9sus pr\u00e9sente de son propre minist\u00e8re en Galil\u00e9e. Dans cette parabole, le Christ d\u00e9crit les diverses mani\u00e8res ou attitudes que les gens ont adopt\u00e9s devant sa pr\u00e9dication. Nous voyons qu\u2019il s\u2019est heurt\u00e9 plut\u00f4t \u00e0 une opposition, \u00e0 des emballements \u00e9ph\u00e9m\u00e8res et \u00e0 des \u00e9checs successifs.&nbsp;&nbsp;<\/p>\n\n\n\n<p>Textes\u00a0: Is 55,1-11\u00a0; Rm 8, 18-3\u00a0; Mt 13, 1- 23<\/p>\n\n\n\n<p>Mais malgr\u00e9 la d\u00e9ception, l\u2019inf\u00e9condit\u00e9 des terres ensemenc\u00e9es, malgr\u00e9 la semence perdue, il y a une belle promesse de moisson. C\u2019est cet optimisme que J\u00e9sus veut nous partager en ce dimanche. Comme les disciples, souvent nous sommes d\u00e9courag\u00e9s par le sentiment d\u2019\u00e9chec. Nous comprenons que la parole de Dieu sem\u00e9 portera des fruits en abondance, m\u00eame si c\u2019est \u00e0 travers de nombreux \u00e9checs dans des terres rebelles. Cette certitude, est une exhortation simple et r\u00e9confortante pour les disciples et pour nous qui souvent sommes impatients de voir des r\u00e9sultats tangibles. Par ailleurs, cette parabole est aussi une interpellation, une interrogation directe que J\u00e9sus nous adresse aujourd\u2019hui. Elle provoque en nous des interrogations sur l\u2019accueil personnel r\u00e9serv\u00e9 \u00e0 cette Bonne nouvelle. En \u00e9coutant les diff\u00e9rentes cat\u00e9gories de terre o\u00f9 la semence est jet\u00e9e, chacun est renvoy\u00e9 \u00e0 sa propre histoire et \u00e0 sa propre conscience&nbsp;; \u00e0 se propres dispositions int\u00e9rieures. Comme les disciples, nous devons, apr\u00e8s avoir fait cet examen de conscience nous poser la question ci -apr\u00e8s&nbsp;: que dois-je faire&nbsp;? Quelle terre suis-je&nbsp;?<\/p>\n\n\n\n<p>Avant de r\u00e9pondre \u00e0 cette question, voyons d\u2019abord l\u2019attitude du semeur&nbsp;; son profil.&nbsp;&nbsp;On sent d\u2019abord en lui une sorte de prodigalit\u00e9&nbsp;; il ne choisit pas son terrain. Ce semeur c\u2019est Dieu qui ne fait pas de diff\u00e9rence entre les hommes. Sa parole est adress\u00e9e \u00e0 tous, sans distinction ni restriction.<\/p>\n\n\n\n<p>A la diff\u00e9rence de l\u2019homme qui rationne, Dieu r\u00e9pand en abondance&nbsp;; les \u00e9checs r\u00e9p\u00e9t\u00e9s ne le d\u00e9courage pas, sa bont\u00e9 ne se r\u00e9signe pas devant l\u2019apparente st\u00e9rilit\u00e9 du terrain que nous sommes. Dieu ne se contente pas de semer l\u00e0 o\u00f9 il est certain que le grain poussera. D\u00e8s qu\u2019il y a une personne quelque part, le terrain est d\u00e9j\u00e0 propice pour Dieu. En m\u00e9ditant sur la parabole, on se rend compte de la progression interne au r\u00e9cit. La premi\u00e8re semence meurt imm\u00e9diatement, la deuxi\u00e8me, avant de p\u00e9rir, a pu germer et la troisi\u00e8me a m\u00eame pu grandir avant que les broussailles ne l\u2019\u00e9touffent et ne l\u2019asphyxient. La quatri\u00e8me, elle pousse, grandit et produit beaucoup des fruits.<\/p>\n\n\n\n<p>Les images employ\u00e9es par J\u00e9sus ont en soi un sens particulier. Nous pouvons les classer en trois les \u00e9checs survenus pour ces graines.&nbsp;<\/p>\n\n\n\n<ul class=\"wp-block-list\"><li>Tout d\u2019abord, nous voyons qu\u2019il s\u2019agit de la foi symbolis\u00e9e par la graine tomb\u00e9e au bord du chemin. Elle n\u2019a pas eu le temps de germer car l\u2019adversaire redoutable qu\u2019est le diable s\u2019en est empar\u00e9. Cette terre au bord du chemin, c\u2019est l\u2019homme qui ne croit pas du tout. Il est la proie du mauvais, du diable.&nbsp;<\/li><li>La graine tomb\u00e9e au bord du chemin et celle brul\u00e9e par le soleil avant de grandir montrent qu\u2019il s\u2019agit chez nous d\u2019une foi sans pers\u00e9v\u00e9rance, sans profondeur. Parfois nous voyons des chr\u00e9tiens superficiels, qui n\u2019ont pas des racines et par cons\u00e9quent n\u2019\u00e9voluent pas dans leur vie chr\u00e9tienne.<\/li><li>&nbsp;Enfin, le troisi\u00e8me \u00e9chec r\u00e9sulte de la foi \u00e9touff\u00e9e par les soucis du monde et la tromperie des richesses. Ils se laissent tromper par n\u2019importe quoi et n\u2019importe qui, par des app\u00e2ts du monde. Aujourd\u2019hui, plusieurs parmi nous sont, ceux et celles qui ont perdus la foi \u00e0 cause des \u00e9checs de la vie et vont chercher la r\u00e9ussite ailleurs. L\u00e0 aussi, parfois, ils ne trouvent pas solution. Alors, ils d\u00e9cident de ne plus fr\u00e9quenter l\u2019Eglise, ils s\u2019emportent contre Dieu et finissent m\u00eame par dire qu\u2019Il n\u2019existe pas. Combien de fois, J\u00e9sus nous met en garde contre l\u2019ambiance mat\u00e9rialiste du monde&nbsp;? Pour que la graine puisse grandir en nous, il faut nous d\u00e9tacher de toute avidit\u00e9 et de toute \u00e2pret\u00e9 au gain, au mat\u00e9riel.<\/li><\/ul>\n\n\n\n<p>Alors, apr\u00e8s avoir suivi ces genres d\u2019\u00e9checs, chacun de nous peut se poser alors cette question&nbsp;: quel terrain ai-je offert \u00e0 la parole de Dieu&nbsp;? Suis-je une terre st\u00e9rile ou une terre f\u00e9conde&nbsp;? Ne perdons pas de vue la premi\u00e8re lecture qui nous parle de cette parole de Dieu qui sort de sa bouche pour donner le pain \u00e0 celui qui mange. Suis-je conscient que la parole de Dieu est une nourriture pour ma vie&nbsp;? Qu\u2019elle me donne la vie&nbsp;?<\/p>\n\n\n\n<p>La r\u00e9ponse \u00e0 ces question n\u2019est ni simple ni d\u00e9finitive car nous sommes parfois fertiles ou infertiles, dociles ou indociles, accueillants ou r\u00e9fractaires, ouverts aux appels de l\u2019esprit ou enferm\u00e9s dans notre monde, dans notre \u00e9go\u00efsme.<\/p>\n\n\n\n<p>A ce moment o\u00f9 la parole de Dieu nous interpelle, offrons-lui ce qu\u2019il y a des meilleurs en nous. Offrons lui nos c\u0153urs pour qu\u2019ils deviennent accueillants \u00e0 sa parole afin qu\u2019elle produise des fruits en abondance dans notre vie. Que l\u2019esprit du Seigneur fasse pousser en nous la semence de vie. Que la parole sem\u00e9e en nous, nous lib\u00e8re de l\u2019esclavage du p\u00e9ch\u00e9 pour connaitre la libert\u00e9, la gloire des enfants de Dieu.<\/p>\n\n\n\n<p>P\u00e8re Jean Cluade Ciza<\/p>\n","protected":false},"excerpt":{"rendered":"<p>XV Dimanche du Temps Ordinaire<\/p>\n","protected":false},"author":6,"featured_media":1724,"comment_status":"open","ping_status":"open","sticky":false,"template":"","format":"standard","meta":{"_acf_changed":false,"_exactmetrics_skip_tracking":false,"_exactmetrics_sitenote_active":false,"_exactmetrics_sitenote_note":"","_exactmetrics_sitenote_category":0,"footnotes":""},"categories":[4,7,13,14],"tags":[],"class_list":["post-1723","post","type-post","status-publish","format-standard","has-post-thumbnail","hentry","category-blog","category-nowosci-wydawnicze","category-strona-glowna-najnowsze","category-strona-glowna-slider"],"acf":[],"yoast_head":"<!-- This site is optimized with the Yoast SEO plugin v26.2 - https:\/\/yoast.com\/wordpress\/plugins\/seo\/ -->\n<title>Pour que la graine puisse grandir en nous - Centre de Documentation et d\u2019Etude du Pontificat de Jean-Paul II \u00e0 Rome<\/title>\n<meta name=\"robots\" content=\"index, follow, max-snippet:-1, max-image-preview:large, max-video-preview:-1\" \/>\n<link rel=\"canonical\" href=\"https:\/\/jp2doc.pl\/fr\/2020\/07\/12\/pour-que-la-graine-puisse-grandir-en-nous\/\" \/>\n<meta property=\"og:locale\" content=\"fr_FR\" \/>\n<meta property=\"og:type\" content=\"article\" \/>\n<meta property=\"og:title\" content=\"Pour que la graine puisse grandir en nous - Centre de Documentation et d\u2019Etude du Pontificat de Jean-Paul II \u00e0 Rome\" \/>\n<meta property=\"og:description\" content=\"XV Dimanche du Temps Ordinaire\" \/>\n<meta property=\"og:url\" content=\"https:\/\/jp2doc.pl\/fr\/2020\/07\/12\/pour-que-la-graine-puisse-grandir-en-nous\/\" \/>\n<meta property=\"og:site_name\" content=\"Centre de Documentation et d\u2019Etude du Pontificat de Jean-Paul II \u00e0 Rome\" \/>\n<meta property=\"article:published_time\" content=\"2020-07-12T07:57:39+00:00\" \/>\n<meta property=\"og:image\" content=\"https:\/\/jp2doc.pl\/fr\/wp-content\/uploads\/sites\/5\/2020\/07\/man-planting-plant-169523.jpg\" \/>\n\t<meta property=\"og:image:width\" content=\"1280\" \/>\n\t<meta property=\"og:image:height\" content=\"853\" \/>\n\t<meta property=\"og:image:type\" content=\"image\/jpeg\" \/>\n<meta name=\"author\" content=\"adobrzynski\" \/>\n<meta name=\"twitter:card\" content=\"summary_large_image\" \/>\n<meta name=\"twitter:label1\" content=\"\u00c9crit par\" \/>\n\t<meta name=\"twitter:data1\" content=\"adobrzynski\" \/>\n\t<meta name=\"twitter:label2\" content=\"Dur\u00e9e de lecture estim\u00e9e\" \/>\n\t<meta name=\"twitter:data2\" content=\"5 minutes\" \/>\n<script type=\"application\/ld+json\" class=\"yoast-schema-graph\">{\"@context\":\"https:\/\/schema.org\",\"@graph\":[{\"@type\":\"Article\",\"@id\":\"https:\/\/jp2doc.pl\/fr\/2020\/07\/12\/pour-que-la-graine-puisse-grandir-en-nous\/#article\",\"isPartOf\":{\"@id\":\"https:\/\/jp2doc.pl\/fr\/2020\/07\/12\/pour-que-la-graine-puisse-grandir-en-nous\/\"},\"author\":{\"name\":\"adobrzynski\",\"@id\":\"https:\/\/jp2doc.pl\/fr\/#\/schema\/person\/f1a6804b6b9f176835bf67cba35c4212\"},\"headline\":\"Pour que la graine puisse grandir en nous\",\"datePublished\":\"2020-07-12T07:57:39+00:00\",\"mainEntityOfPage\":{\"@id\":\"https:\/\/jp2doc.pl\/fr\/2020\/07\/12\/pour-que-la-graine-puisse-grandir-en-nous\/\"},\"wordCount\":1012,\"commentCount\":0,\"publisher\":{\"@id\":\"https:\/\/jp2doc.pl\/fr\/#organization\"},\"image\":{\"@id\":\"https:\/\/jp2doc.pl\/fr\/2020\/07\/12\/pour-que-la-graine-puisse-grandir-en-nous\/#primaryimage\"},\"thumbnailUrl\":\"https:\/\/jp2doc.pl\/fr\/wp-content\/uploads\/sites\/5\/2020\/07\/man-planting-plant-169523.jpg\",\"articleSection\":[\"Blog\",\"Nouveaut\u00e9s\",\"Strona g\u0142\u00f3wna - najnowsze\",\"Strona g\u0142\u00f3wna - slider\"],\"inLanguage\":\"fr-FR\",\"potentialAction\":[{\"@type\":\"CommentAction\",\"name\":\"Comment\",\"target\":[\"https:\/\/jp2doc.pl\/fr\/2020\/07\/12\/pour-que-la-graine-puisse-grandir-en-nous\/#respond\"]}]},{\"@type\":\"WebPage\",\"@id\":\"https:\/\/jp2doc.pl\/fr\/2020\/07\/12\/pour-que-la-graine-puisse-grandir-en-nous\/\",\"url\":\"https:\/\/jp2doc.pl\/fr\/2020\/07\/12\/pour-que-la-graine-puisse-grandir-en-nous\/\",\"name\":\"Pour que la graine puisse grandir en nous - Centre de Documentation et d\u2019Etude du Pontificat de Jean-Paul II \u00e0 Rome\",\"isPartOf\":{\"@id\":\"https:\/\/jp2doc.pl\/fr\/#website\"},\"primaryImageOfPage\":{\"@id\":\"https:\/\/jp2doc.pl\/fr\/2020\/07\/12\/pour-que-la-graine-puisse-grandir-en-nous\/#primaryimage\"},\"image\":{\"@id\":\"https:\/\/jp2doc.pl\/fr\/2020\/07\/12\/pour-que-la-graine-puisse-grandir-en-nous\/#primaryimage\"},\"thumbnailUrl\":\"https:\/\/jp2doc.pl\/fr\/wp-content\/uploads\/sites\/5\/2020\/07\/man-planting-plant-169523.jpg\",\"datePublished\":\"2020-07-12T07:57:39+00:00\",\"breadcrumb\":{\"@id\":\"https:\/\/jp2doc.pl\/fr\/2020\/07\/12\/pour-que-la-graine-puisse-grandir-en-nous\/#breadcrumb\"},\"inLanguage\":\"fr-FR\",\"potentialAction\":[{\"@type\":\"ReadAction\",\"target\":[\"https:\/\/jp2doc.pl\/fr\/2020\/07\/12\/pour-que-la-graine-puisse-grandir-en-nous\/\"]}]},{\"@type\":\"ImageObject\",\"inLanguage\":\"fr-FR\",\"@id\":\"https:\/\/jp2doc.pl\/fr\/2020\/07\/12\/pour-que-la-graine-puisse-grandir-en-nous\/#primaryimage\",\"url\":\"https:\/\/jp2doc.pl\/fr\/wp-content\/uploads\/sites\/5\/2020\/07\/man-planting-plant-169523.jpg\",\"contentUrl\":\"https:\/\/jp2doc.pl\/fr\/wp-content\/uploads\/sites\/5\/2020\/07\/man-planting-plant-169523.jpg\",\"width\":1280,\"height\":853},{\"@type\":\"BreadcrumbList\",\"@id\":\"https:\/\/jp2doc.pl\/fr\/2020\/07\/12\/pour-que-la-graine-puisse-grandir-en-nous\/#breadcrumb\",\"itemListElement\":[{\"@type\":\"ListItem\",\"position\":1,\"name\":\"Home\",\"item\":\"https:\/\/jp2doc.pl\/fr\/\"},{\"@type\":\"ListItem\",\"position\":2,\"name\":\"Pour que la graine puisse grandir en nous\"}]},{\"@type\":\"WebSite\",\"@id\":\"https:\/\/jp2doc.pl\/fr\/#website\",\"url\":\"https:\/\/jp2doc.pl\/fr\/\",\"name\":\"Centre de Documentation et d\u2019Etude du Pontificat de Jean-Paul II \u00e0 Rome\",\"description\":\"\",\"publisher\":{\"@id\":\"https:\/\/jp2doc.pl\/fr\/#organization\"},\"potentialAction\":[{\"@type\":\"SearchAction\",\"target\":{\"@type\":\"EntryPoint\",\"urlTemplate\":\"https:\/\/jp2doc.pl\/fr\/?s={search_term_string}\"},\"query-input\":{\"@type\":\"PropertyValueSpecification\",\"valueRequired\":true,\"valueName\":\"search_term_string\"}}],\"inLanguage\":\"fr-FR\"},{\"@type\":\"Organization\",\"@id\":\"https:\/\/jp2doc.pl\/fr\/#organization\",\"name\":\"Centre de Documentation et d\u2019Etude du Pontificat de Jean-Paul II \u00e0 Rome\",\"url\":\"https:\/\/jp2doc.pl\/fr\/\",\"logo\":{\"@type\":\"ImageObject\",\"inLanguage\":\"fr-FR\",\"@id\":\"https:\/\/jp2doc.pl\/fr\/#\/schema\/logo\/image\/\",\"url\":\"https:\/\/jp2doc.pl\/fr\/wp-content\/uploads\/sites\/5\/2017\/03\/cropped-logo.png\",\"contentUrl\":\"https:\/\/jp2doc.pl\/fr\/wp-content\/uploads\/sites\/5\/2017\/03\/cropped-logo.png\",\"width\":115,\"height\":115,\"caption\":\"Centre de Documentation et d\u2019Etude du Pontificat de Jean-Paul II \u00e0 Rome\"},\"image\":{\"@id\":\"https:\/\/jp2doc.pl\/fr\/#\/schema\/logo\/image\/\"}},{\"@type\":\"Person\",\"@id\":\"https:\/\/jp2doc.pl\/fr\/#\/schema\/person\/f1a6804b6b9f176835bf67cba35c4212\",\"name\":\"adobrzynski\",\"image\":{\"@type\":\"ImageObject\",\"inLanguage\":\"fr-FR\",\"@id\":\"https:\/\/jp2doc.pl\/fr\/#\/schema\/person\/image\/\",\"url\":\"https:\/\/secure.gravatar.com\/avatar\/6e7eb2a67f64535320a8aa3d72bc5f83c9e81f3ad1797c6abee2e7c78ed2252a?s=96&d=mm&r=g\",\"contentUrl\":\"https:\/\/secure.gravatar.com\/avatar\/6e7eb2a67f64535320a8aa3d72bc5f83c9e81f3ad1797c6abee2e7c78ed2252a?s=96&d=mm&r=g\",\"caption\":\"adobrzynski\"},\"url\":\"https:\/\/jp2doc.pl\/fr\/author\/adobrzynski\/\"}]}<\/script>\n<!-- \/ Yoast SEO plugin. -->","yoast_head_json":{"title":"Pour que la graine puisse grandir en nous - Centre de Documentation et d\u2019Etude du Pontificat de Jean-Paul II \u00e0 Rome","robots":{"index":"index","follow":"follow","max-snippet":"max-snippet:-1","max-image-preview":"max-image-preview:large","max-video-preview":"max-video-preview:-1"},"canonical":"https:\/\/jp2doc.pl\/fr\/2020\/07\/12\/pour-que-la-graine-puisse-grandir-en-nous\/","og_locale":"fr_FR","og_type":"article","og_title":"Pour que la graine puisse grandir en nous - Centre de Documentation et d\u2019Etude du Pontificat de Jean-Paul II \u00e0 Rome","og_description":"XV Dimanche du Temps Ordinaire","og_url":"https:\/\/jp2doc.pl\/fr\/2020\/07\/12\/pour-que-la-graine-puisse-grandir-en-nous\/","og_site_name":"Centre de Documentation et d\u2019Etude du Pontificat de Jean-Paul II \u00e0 Rome","article_published_time":"2020-07-12T07:57:39+00:00","og_image":[{"width":1280,"height":853,"url":"https:\/\/jp2doc.pl\/fr\/wp-content\/uploads\/sites\/5\/2020\/07\/man-planting-plant-169523.jpg","type":"image\/jpeg"}],"author":"adobrzynski","twitter_card":"summary_large_image","twitter_misc":{"\u00c9crit par":"adobrzynski","Dur\u00e9e de lecture estim\u00e9e":"5 minutes"},"schema":{"@context":"https:\/\/schema.org","@graph":[{"@type":"Article","@id":"https:\/\/jp2doc.pl\/fr\/2020\/07\/12\/pour-que-la-graine-puisse-grandir-en-nous\/#article","isPartOf":{"@id":"https:\/\/jp2doc.pl\/fr\/2020\/07\/12\/pour-que-la-graine-puisse-grandir-en-nous\/"},"author":{"name":"adobrzynski","@id":"https:\/\/jp2doc.pl\/fr\/#\/schema\/person\/f1a6804b6b9f176835bf67cba35c4212"},"headline":"Pour que la graine puisse grandir en nous","datePublished":"2020-07-12T07:57:39+00:00","mainEntityOfPage":{"@id":"https:\/\/jp2doc.pl\/fr\/2020\/07\/12\/pour-que-la-graine-puisse-grandir-en-nous\/"},"wordCount":1012,"commentCount":0,"publisher":{"@id":"https:\/\/jp2doc.pl\/fr\/#organization"},"image":{"@id":"https:\/\/jp2doc.pl\/fr\/2020\/07\/12\/pour-que-la-graine-puisse-grandir-en-nous\/#primaryimage"},"thumbnailUrl":"https:\/\/jp2doc.pl\/fr\/wp-content\/uploads\/sites\/5\/2020\/07\/man-planting-plant-169523.jpg","articleSection":["Blog","Nouveaut\u00e9s","Strona g\u0142\u00f3wna - najnowsze","Strona g\u0142\u00f3wna - slider"],"inLanguage":"fr-FR","potentialAction":[{"@type":"CommentAction","name":"Comment","target":["https:\/\/jp2doc.pl\/fr\/2020\/07\/12\/pour-que-la-graine-puisse-grandir-en-nous\/#respond"]}]},{"@type":"WebPage","@id":"https:\/\/jp2doc.pl\/fr\/2020\/07\/12\/pour-que-la-graine-puisse-grandir-en-nous\/","url":"https:\/\/jp2doc.pl\/fr\/2020\/07\/12\/pour-que-la-graine-puisse-grandir-en-nous\/","name":"Pour que la graine puisse grandir en nous - Centre de Documentation et d\u2019Etude du Pontificat de Jean-Paul II \u00e0 Rome","isPartOf":{"@id":"https:\/\/jp2doc.pl\/fr\/#website"},"primaryImageOfPage":{"@id":"https:\/\/jp2doc.pl\/fr\/2020\/07\/12\/pour-que-la-graine-puisse-grandir-en-nous\/#primaryimage"},"image":{"@id":"https:\/\/jp2doc.pl\/fr\/2020\/07\/12\/pour-que-la-graine-puisse-grandir-en-nous\/#primaryimage"},"thumbnailUrl":"https:\/\/jp2doc.pl\/fr\/wp-content\/uploads\/sites\/5\/2020\/07\/man-planting-plant-169523.jpg","datePublished":"2020-07-12T07:57:39+00:00","breadcrumb":{"@id":"https:\/\/jp2doc.pl\/fr\/2020\/07\/12\/pour-que-la-graine-puisse-grandir-en-nous\/#breadcrumb"},"inLanguage":"fr-FR","potentialAction":[{"@type":"ReadAction","target":["https:\/\/jp2doc.pl\/fr\/2020\/07\/12\/pour-que-la-graine-puisse-grandir-en-nous\/"]}]},{"@type":"ImageObject","inLanguage":"fr-FR","@id":"https:\/\/jp2doc.pl\/fr\/2020\/07\/12\/pour-que-la-graine-puisse-grandir-en-nous\/#primaryimage","url":"https:\/\/jp2doc.pl\/fr\/wp-content\/uploads\/sites\/5\/2020\/07\/man-planting-plant-169523.jpg","contentUrl":"https:\/\/jp2doc.pl\/fr\/wp-content\/uploads\/sites\/5\/2020\/07\/man-planting-plant-169523.jpg","width":1280,"height":853},{"@type":"BreadcrumbList","@id":"https:\/\/jp2doc.pl\/fr\/2020\/07\/12\/pour-que-la-graine-puisse-grandir-en-nous\/#breadcrumb","itemListElement":[{"@type":"ListItem","position":1,"name":"Home","item":"https:\/\/jp2doc.pl\/fr\/"},{"@type":"ListItem","position":2,"name":"Pour que la graine puisse grandir en nous"}]},{"@type":"WebSite","@id":"https:\/\/jp2doc.pl\/fr\/#website","url":"https:\/\/jp2doc.pl\/fr\/","name":"Centre de Documentation et d\u2019Etude du Pontificat de Jean-Paul II \u00e0 Rome","description":"","publisher":{"@id":"https:\/\/jp2doc.pl\/fr\/#organization"},"potentialAction":[{"@type":"SearchAction","target":{"@type":"EntryPoint","urlTemplate":"https:\/\/jp2doc.pl\/fr\/?s={search_term_string}"},"query-input":{"@type":"PropertyValueSpecification","valueRequired":true,"valueName":"search_term_string"}}],"inLanguage":"fr-FR"},{"@type":"Organization","@id":"https:\/\/jp2doc.pl\/fr\/#organization","name":"Centre de Documentation et d\u2019Etude du Pontificat de Jean-Paul II \u00e0 Rome","url":"https:\/\/jp2doc.pl\/fr\/","logo":{"@type":"ImageObject","inLanguage":"fr-FR","@id":"https:\/\/jp2doc.pl\/fr\/#\/schema\/logo\/image\/","url":"https:\/\/jp2doc.pl\/fr\/wp-content\/uploads\/sites\/5\/2017\/03\/cropped-logo.png","contentUrl":"https:\/\/jp2doc.pl\/fr\/wp-content\/uploads\/sites\/5\/2017\/03\/cropped-logo.png","width":115,"height":115,"caption":"Centre de Documentation et d\u2019Etude du Pontificat de Jean-Paul II \u00e0 Rome"},"image":{"@id":"https:\/\/jp2doc.pl\/fr\/#\/schema\/logo\/image\/"}},{"@type":"Person","@id":"https:\/\/jp2doc.pl\/fr\/#\/schema\/person\/f1a6804b6b9f176835bf67cba35c4212","name":"adobrzynski","image":{"@type":"ImageObject","inLanguage":"fr-FR","@id":"https:\/\/jp2doc.pl\/fr\/#\/schema\/person\/image\/","url":"https:\/\/secure.gravatar.com\/avatar\/6e7eb2a67f64535320a8aa3d72bc5f83c9e81f3ad1797c6abee2e7c78ed2252a?s=96&d=mm&r=g","contentUrl":"https:\/\/secure.gravatar.com\/avatar\/6e7eb2a67f64535320a8aa3d72bc5f83c9e81f3ad1797c6abee2e7c78ed2252a?s=96&d=mm&r=g","caption":"adobrzynski"},"url":"https:\/\/jp2doc.pl\/fr\/author\/adobrzynski\/"}]}},"_links":{"self":[{"href":"https:\/\/jp2doc.pl\/fr\/wp-json\/wp\/v2\/posts\/1723","targetHints":{"allow":["GET"]}}],"collection":[{"href":"https:\/\/jp2doc.pl\/fr\/wp-json\/wp\/v2\/posts"}],"about":[{"href":"https:\/\/jp2doc.pl\/fr\/wp-json\/wp\/v2\/types\/post"}],"author":[{"embeddable":true,"href":"https:\/\/jp2doc.pl\/fr\/wp-json\/wp\/v2\/users\/6"}],"replies":[{"embeddable":true,"href":"https:\/\/jp2doc.pl\/fr\/wp-json\/wp\/v2\/comments?post=1723"}],"version-history":[{"count":1,"href":"https:\/\/jp2doc.pl\/fr\/wp-json\/wp\/v2\/posts\/1723\/revisions"}],"predecessor-version":[{"id":1725,"href":"https:\/\/jp2doc.pl\/fr\/wp-json\/wp\/v2\/posts\/1723\/revisions\/1725"}],"wp:featuredmedia":[{"embeddable":true,"href":"https:\/\/jp2doc.pl\/fr\/wp-json\/wp\/v2\/media\/1724"}],"wp:attachment":[{"href":"https:\/\/jp2doc.pl\/fr\/wp-json\/wp\/v2\/media?parent=1723"}],"wp:term":[{"taxonomy":"category","embeddable":true,"href":"https:\/\/jp2doc.pl\/fr\/wp-json\/wp\/v2\/categories?post=1723"},{"taxonomy":"post_tag","embeddable":true,"href":"https:\/\/jp2doc.pl\/fr\/wp-json\/wp\/v2\/tags?post=1723"}],"curies":[{"name":"wp","href":"https:\/\/api.w.org\/{rel}","templated":true}]}}