{"id":1727,"date":"2020-07-26T15:00:17","date_gmt":"2020-07-26T13:00:17","guid":{"rendered":"https:\/\/jp2doc.pl\/fr\/?p=1727"},"modified":"2020-07-26T15:01:58","modified_gmt":"2020-07-26T13:01:58","slug":"lhumilite-de-dieu","status":"publish","type":"post","link":"https:\/\/jp2doc.pl\/fr\/2020\/07\/26\/lhumilite-de-dieu\/","title":{"rendered":"L\u2019humilit\u00e9 de Dieu"},"content":{"rendered":"\n<p><strong>&nbsp;<\/strong><\/p>\n\n\n\n<p>1 R 3, 5.7-12&nbsp;;Rm 8, 28-30&nbsp;;Mt 13, 44-52&nbsp;&nbsp;&nbsp;&nbsp;&nbsp;&nbsp;&nbsp;&nbsp;&nbsp;&nbsp;&nbsp;&nbsp;&nbsp;&nbsp;&nbsp;&nbsp;&nbsp;&nbsp;&nbsp;&nbsp;&nbsp;&nbsp;&nbsp;&nbsp;&nbsp;&nbsp;&nbsp;&nbsp;&nbsp;&nbsp;&nbsp;&nbsp;&nbsp;&nbsp;&nbsp;&nbsp;&nbsp;&nbsp;&nbsp;&nbsp;&nbsp;&nbsp;<\/p>\n\n\n\n<p>Les lectures de ce dix-septi\u00e8me dimanche du temps ordinaire nous introduisent au th\u00e8me de&nbsp;la demande.<\/p>\n\n\n\n<p>Qu\u2019est-ce que demander&nbsp;? Selon&nbsp;<em>Le Petit Robert<\/em>, demander, c\u2019est \u00ab&nbsp;faire conna\u00eetre \u00e0 qqn (ce qu\u2019on d\u00e9sire obtenir de lui)&nbsp;\u00bb, c\u2019est \u00ab&nbsp;exprimer (un d\u00e9sir, un souhait) de mani\u00e8re \u00e0 en provoquer la r\u00e9alisation&nbsp;\u00bb.<\/p>\n\n\n\n<p>Le th\u00e8me de la demande est tr\u00e8s pr\u00e9sent dans la Bible. Mais nous pouvons seulement mentionner quelques cas.<\/p>\n\n\n\n<p>1\u00b0 Dans&nbsp;Isa\u00efe 7, 11, Yahv\u00e9 dit \u00e0 Achaz, roi de Juda&nbsp;: \u00ab&nbsp;Demande un signe \u00e0 Yahv\u00e9 ton Dieu, au fond, dans le Sh\u00e9ol, ou vers les hauteurs, au-dessus&nbsp;\u00bb.<\/p>\n\n\n\n<p>2\u00b0 Dans&nbsp;Matthieu 7, 7, J\u00e9sus dit \u00e0 ses disciples&nbsp;: \u00ab&nbsp;Demandez et l\u2019on vous donnera&nbsp;; cherchez et vous trouverez&nbsp;; frappez et l\u2019on vous ouvrira&nbsp;\u00bb.<\/p>\n\n\n\n<p>3\u00b0 Et dans la pri\u00e8re du Notre P\u00e8re, si la premi\u00e8re partie est consacr\u00e9e \u00e0 la reconnaissance de la grandeur de Dieu de la part de l\u2019homme, la deuxi\u00e8me, quant \u00e0 elle, est consacr\u00e9e aux demandes que l\u2019homme adresse \u00e0 Dieu (Mt 6, 9-13&nbsp;; Lc 11, 1-4).<\/p>\n\n\n\n<p>D\u2019o\u00f9 vient l\u2019id\u00e9e que nous fassions des demandes \u00e0 Dieu&nbsp;? A cette question,&nbsp;la premi\u00e8re lecture r\u00e9pond&nbsp;: \u00ab&nbsp;A Gabaon pendant la nuit, le Seigneur apparut en songe \u00e0 Salomon. Il lui dit&nbsp;: \u00ab&nbsp;Demande-moi ce que tu veux et je te le donnerai&nbsp;\u00bb.<\/p>\n\n\n\n<p>Comme dans&nbsp;Isa\u00efe 7, 11, nous voyons que c\u2019est Dieu qui met en l\u2019homme l\u2019id\u00e9e de lui faire des demandes. C\u2019est l\u00e0 un signe d\u2019humilit\u00e9 de la part de Dieu. Un j\u00e9suite fran\u00e7ais du nom de Fran\u00e7ois Varillon a justement \u00e9crit un livre intitul\u00e9&nbsp;<em>L\u2019humilit\u00e9 de Dieu<\/em>.<\/p>\n\n\n\n<p>1\u00b0 Dieu vient lui-m\u00eame \u00e0 notre rencontre. A la place du nom de Salomon chacun peut mettre son nom. Dieu s\u2019ouvre \u00e0 chacun de nous en particulier, comme individu.<\/p>\n\n\n\n<p>2\u00b0 Il nous rejoint l\u00e0 o\u00f9 nous sommes. A la place de Gabaon, chacun peut mettre le nom de son village, de sa ville, de sa commune ou de son quartier.<\/p>\n\n\n\n<p>3\u00b0 Il nous parle au moment opportun. La nuit, dans ce contexte, est un temps calme. C\u2019est le temps du recueillement, du silence. Quand nous sommes calme, recueilli, silencieux, alors Dieu nous parle.&nbsp;&nbsp;<\/p>\n\n\n\n<p>Et que devons-nous demander \u00e0 Dieu&nbsp;? Avant de r\u00e9pondre \u00e0 cette question, nous devons d\u2019abord r\u00e9pondre \u00e0 cette autre&nbsp;: que ne devons-nous pas demander \u00e0 Dieu&nbsp;?<\/p>\n\n\n\n<p>1\u00b0 Nous ne devons pas demander de longs jours&nbsp;: Dieu dit \u00e0 Salomon&nbsp;: \u00ab&nbsp;Puisque&nbsp;[tu n\u2019as]pas&nbsp;[demand\u00e9] de longs jours&nbsp;\u00bb. Cela Dieu le donne comme une r\u00e9compense \u00e0 la suite d\u2019une bonne conduite. Dans&nbsp;Exode 20, 12, Dieu dit \u00e0 Mo\u00efse&nbsp;de dire au peuple d\u2019Isra\u00ebl: \u00ab Honore ton p\u00e8re et ta m\u00e8re, afin que se prolonge tes jours sur la terre que te donne Yahv\u00e9 ton Dieu&nbsp;\u00bb.<\/p>\n\n\n\n<p>2\u00b0 Nous ne devons pas demander des richesses&nbsp;: Dieu dit \u00e0 Salomon&nbsp;: \u00ab&nbsp;Puisque&nbsp;[tu n\u2019as demand\u00e9]ni la richesse&nbsp;\u00bb.&nbsp;Cela Dieu le donne comme r\u00e9compense \u00e0 celui qui fructifie les talents qu\u2019il lui donne. Dans&nbsp;Matthieu 25, 29, J\u00e9sus dit \u00e0 ses disciples&nbsp;: \u00ab&nbsp;Car \u00e0 tout homme qui a, l\u2019on donnera et il aura du surplus&nbsp;; mais \u00e0 celui qui n\u2019a pas, on enl\u00e8vera ce qu\u2019il a&nbsp;\u00bb.<\/p>\n\n\n\n<p>3\u00b0 Nous ne devons pas demander la mort de nos ennemis&nbsp;: Dieu dit \u00e0 Salomon&nbsp;: \u00ab&nbsp;Puisque&nbsp;[tu n\u2019as demand\u00e9]ni la mort de tes ennemis&nbsp;\u00bb. Cela parce que l\u2019amour de Dieu est inclusif. Notre P\u00e8re qui est aux cieux, comme nous le dit J\u00e9sus dans&nbsp;Matthieu 5, 45, \u00ab&nbsp;[\u2026] fait lever son soleil sur les m\u00e9chants et sur les bons, et tomber la pluie sur les justes et les injustes&nbsp;\u00bb.<\/p>\n\n\n\n<p>Cela dit, nous pouvons \u00e0 pr\u00e9sent revenir \u00e0 notre premi\u00e8re question&nbsp;: que devons-nous demander \u00e0 dieu&nbsp;? Nous devons demander \u00e0 Dieu en toute humilit\u00e9&nbsp;:<\/p>\n\n\n\n<p>1\u00b0&nbsp;La sagesse&nbsp;: Salomon r\u00e9pondit \u00e0 Dieu dans le r\u00eave&nbsp;: \u00ab&nbsp;Donne \u00e0 ton serviteur un c\u0153ur attentif pour qu\u2019il sache gouverner ton peuple et discerner le bien du mal&nbsp;\u00bb.<\/p>\n\n\n\n<p>Le philosophe allemand Karl Jaspers a d\u00e9fini le \u00ab&nbsp;mal&nbsp;\u00bb entre autres, comme \u00ab&nbsp;la volont\u00e9 mauvaise, c\u2019est-\u00e0-dire la volont\u00e9 de destruction comme telle, le besoin de faire souffrir, celui de la cruaut\u00e9, de l\u2019an\u00e9antissement, la volont\u00e9 nihiliste de corrompre tout ce qui est et tout ce qui vaut&nbsp;\u00bb. Et le \u00ab&nbsp;bien par contre&nbsp;\u00bb, comme \u00ab&nbsp;l\u2019absolu qui trouve sa r\u00e9alisation dans l\u2019amour, et par l\u00e0 dans la volont\u00e9&nbsp;\u00bb.<\/p>\n\n\n\n<p>Etre sage, c\u2019est \u00eatre capable de choisir le bien, l\u2019amour et d\u2019\u00e9viter le mal, la haine. Dans le monde chaotique qui est le n\u00f4tre, nous avons besoin d\u2019un c\u0153ur attentif, de l\u2019esprit de discernement pour \u00eatre capable de nous guider nous-m\u00eame, de guider nos familles et de vivre en paix avec nos voisins.&nbsp;Cette attention est un don de Dieu.<\/p>\n\n\n\n<p>2\u00b0&nbsp;L\u2019amour de Dieu&nbsp;:&nbsp;saint Pauldit aux&nbsp;Romainsdans&nbsp;la deuxi\u00e8me lecture&nbsp;: \u00ab&nbsp;Fr\u00e8res, nous le savons, tout contribue au bien de ceux qui aiment Dieu&nbsp;\u00bb. Cet amour est un don de Dieu.&nbsp;Saint Paul ajoute en effet&nbsp;: \u00ab&nbsp;puisqu\u2019ils sont appel\u00e9s selon le dessein de son amour&nbsp;\u00bb.<\/p>\n\n\n\n<p>C\u2019est Dieu qui nous appelle \u00e0 l\u2019aimer. Et si nous r\u00e9pondons positivement \u00e0 cet appel, il fait de nous des justes. En effet, l\u2019amour du prochain d\u00e9coule de l\u2019amour de Dieu. Pour aimer son fr\u00e8re, son voisin, pour \u00eatre juste envers eux, il faut vraiment d\u2019abord aimer Dieu.<\/p>\n\n\n\n<p>La sagesse et l\u2019amour de Dieu, dans le langage de&nbsp;l\u2019\u00e9vangile,<\/p>\n\n\n\n<p>1\u00b0 ce sont des tr\u00e9sors&nbsp;: quand on les a d\u00e9couverts, dans la joie on vend tout ce qu\u2019on poss\u00e8de pour les acqu\u00e9rir.<\/p>\n\n\n\n<p>2\u00b0 ce sont des perles fines, des perles de grande valeur&nbsp;: quand on les a d\u00e9couvertes, on vend tout ce qu\u2019on poss\u00e8de pour les avoir.<\/p>\n\n\n\n<p>A la fin de&nbsp;l\u2019\u00e9vangile, J\u00e9sus demande \u00e0 ses disciples&nbsp;: \u00ab&nbsp;Avez-vous compris tout cela&nbsp;?&nbsp;\u00bb. Les disciples r\u00e9pondent&nbsp;: \u00ab&nbsp;Oui&nbsp;\u00bb. Puissions-nous nous aussi comprendre ce que J\u00e9sus-Christ nous dit aujourd\u2019hui.<\/p>\n\n\n\n<p>P\u00e8re Jean Claude Ciza<\/p>\n","protected":false},"excerpt":{"rendered":"<p>XVII Dimanche du Temps Ordinaire<\/p>\n","protected":false},"author":6,"featured_media":1728,"comment_status":"open","ping_status":"open","sticky":false,"template":"","format":"standard","meta":{"_acf_changed":false,"_exactmetrics_skip_tracking":false,"_exactmetrics_sitenote_active":false,"_exactmetrics_sitenote_note":"","_exactmetrics_sitenote_category":0,"footnotes":""},"categories":[4,13,14],"tags":[],"class_list":["post-1727","post","type-post","status-publish","format-standard","has-post-thumbnail","hentry","category-blog","category-strona-glowna-najnowsze","category-strona-glowna-slider"],"acf":[],"yoast_head":"<!-- This site is optimized with the Yoast SEO plugin v26.2 - https:\/\/yoast.com\/wordpress\/plugins\/seo\/ -->\n<title>L\u2019humilit\u00e9 de Dieu - Centre de Documentation et d\u2019Etude du Pontificat de Jean-Paul II \u00e0 Rome<\/title>\n<meta name=\"robots\" content=\"index, follow, max-snippet:-1, max-image-preview:large, max-video-preview:-1\" \/>\n<link rel=\"canonical\" href=\"https:\/\/jp2doc.pl\/fr\/2020\/07\/26\/lhumilite-de-dieu\/\" \/>\n<meta property=\"og:locale\" content=\"fr_FR\" \/>\n<meta property=\"og:type\" content=\"article\" \/>\n<meta property=\"og:title\" content=\"L\u2019humilit\u00e9 de Dieu - Centre de Documentation et d\u2019Etude du Pontificat de Jean-Paul II \u00e0 Rome\" \/>\n<meta property=\"og:description\" content=\"XVII Dimanche du Temps Ordinaire\" \/>\n<meta property=\"og:url\" content=\"https:\/\/jp2doc.pl\/fr\/2020\/07\/26\/lhumilite-de-dieu\/\" \/>\n<meta property=\"og:site_name\" content=\"Centre de Documentation et d\u2019Etude du Pontificat de Jean-Paul II \u00e0 Rome\" \/>\n<meta property=\"article:published_time\" content=\"2020-07-26T13:00:17+00:00\" \/>\n<meta property=\"article:modified_time\" content=\"2020-07-26T13:01:58+00:00\" \/>\n<meta property=\"og:image\" content=\"https:\/\/jp2doc.pl\/fr\/wp-content\/uploads\/sites\/5\/2020\/07\/woman-wearing-white-dress-3373301.jpg\" \/>\n\t<meta property=\"og:image:width\" content=\"1280\" \/>\n\t<meta property=\"og:image:height\" content=\"960\" \/>\n\t<meta property=\"og:image:type\" content=\"image\/jpeg\" \/>\n<meta name=\"author\" content=\"adobrzynski\" \/>\n<meta name=\"twitter:card\" content=\"summary_large_image\" \/>\n<meta name=\"twitter:label1\" content=\"\u00c9crit par\" \/>\n\t<meta name=\"twitter:data1\" content=\"adobrzynski\" \/>\n\t<meta name=\"twitter:label2\" content=\"Dur\u00e9e de lecture estim\u00e9e\" \/>\n\t<meta name=\"twitter:data2\" content=\"6 minutes\" \/>\n<script type=\"application\/ld+json\" class=\"yoast-schema-graph\">{\"@context\":\"https:\/\/schema.org\",\"@graph\":[{\"@type\":\"Article\",\"@id\":\"https:\/\/jp2doc.pl\/fr\/2020\/07\/26\/lhumilite-de-dieu\/#article\",\"isPartOf\":{\"@id\":\"https:\/\/jp2doc.pl\/fr\/2020\/07\/26\/lhumilite-de-dieu\/\"},\"author\":{\"name\":\"adobrzynski\",\"@id\":\"https:\/\/jp2doc.pl\/fr\/#\/schema\/person\/f1a6804b6b9f176835bf67cba35c4212\"},\"headline\":\"L\u2019humilit\u00e9 de Dieu\",\"datePublished\":\"2020-07-26T13:00:17+00:00\",\"dateModified\":\"2020-07-26T13:01:58+00:00\",\"mainEntityOfPage\":{\"@id\":\"https:\/\/jp2doc.pl\/fr\/2020\/07\/26\/lhumilite-de-dieu\/\"},\"wordCount\":1155,\"commentCount\":0,\"publisher\":{\"@id\":\"https:\/\/jp2doc.pl\/fr\/#organization\"},\"image\":{\"@id\":\"https:\/\/jp2doc.pl\/fr\/2020\/07\/26\/lhumilite-de-dieu\/#primaryimage\"},\"thumbnailUrl\":\"https:\/\/jp2doc.pl\/fr\/wp-content\/uploads\/sites\/5\/2020\/07\/woman-wearing-white-dress-3373301.jpg\",\"articleSection\":[\"Blog\",\"Strona g\u0142\u00f3wna - najnowsze\",\"Strona g\u0142\u00f3wna - slider\"],\"inLanguage\":\"fr-FR\",\"potentialAction\":[{\"@type\":\"CommentAction\",\"name\":\"Comment\",\"target\":[\"https:\/\/jp2doc.pl\/fr\/2020\/07\/26\/lhumilite-de-dieu\/#respond\"]}]},{\"@type\":\"WebPage\",\"@id\":\"https:\/\/jp2doc.pl\/fr\/2020\/07\/26\/lhumilite-de-dieu\/\",\"url\":\"https:\/\/jp2doc.pl\/fr\/2020\/07\/26\/lhumilite-de-dieu\/\",\"name\":\"L\u2019humilit\u00e9 de Dieu - Centre de Documentation et d\u2019Etude du Pontificat de Jean-Paul II \u00e0 Rome\",\"isPartOf\":{\"@id\":\"https:\/\/jp2doc.pl\/fr\/#website\"},\"primaryImageOfPage\":{\"@id\":\"https:\/\/jp2doc.pl\/fr\/2020\/07\/26\/lhumilite-de-dieu\/#primaryimage\"},\"image\":{\"@id\":\"https:\/\/jp2doc.pl\/fr\/2020\/07\/26\/lhumilite-de-dieu\/#primaryimage\"},\"thumbnailUrl\":\"https:\/\/jp2doc.pl\/fr\/wp-content\/uploads\/sites\/5\/2020\/07\/woman-wearing-white-dress-3373301.jpg\",\"datePublished\":\"2020-07-26T13:00:17+00:00\",\"dateModified\":\"2020-07-26T13:01:58+00:00\",\"breadcrumb\":{\"@id\":\"https:\/\/jp2doc.pl\/fr\/2020\/07\/26\/lhumilite-de-dieu\/#breadcrumb\"},\"inLanguage\":\"fr-FR\",\"potentialAction\":[{\"@type\":\"ReadAction\",\"target\":[\"https:\/\/jp2doc.pl\/fr\/2020\/07\/26\/lhumilite-de-dieu\/\"]}]},{\"@type\":\"ImageObject\",\"inLanguage\":\"fr-FR\",\"@id\":\"https:\/\/jp2doc.pl\/fr\/2020\/07\/26\/lhumilite-de-dieu\/#primaryimage\",\"url\":\"https:\/\/jp2doc.pl\/fr\/wp-content\/uploads\/sites\/5\/2020\/07\/woman-wearing-white-dress-3373301.jpg\",\"contentUrl\":\"https:\/\/jp2doc.pl\/fr\/wp-content\/uploads\/sites\/5\/2020\/07\/woman-wearing-white-dress-3373301.jpg\",\"width\":1280,\"height\":960},{\"@type\":\"BreadcrumbList\",\"@id\":\"https:\/\/jp2doc.pl\/fr\/2020\/07\/26\/lhumilite-de-dieu\/#breadcrumb\",\"itemListElement\":[{\"@type\":\"ListItem\",\"position\":1,\"name\":\"Home\",\"item\":\"https:\/\/jp2doc.pl\/fr\/\"},{\"@type\":\"ListItem\",\"position\":2,\"name\":\"L\u2019humilit\u00e9 de Dieu\"}]},{\"@type\":\"WebSite\",\"@id\":\"https:\/\/jp2doc.pl\/fr\/#website\",\"url\":\"https:\/\/jp2doc.pl\/fr\/\",\"name\":\"Centre de Documentation et d\u2019Etude du Pontificat de Jean-Paul II \u00e0 Rome\",\"description\":\"\",\"publisher\":{\"@id\":\"https:\/\/jp2doc.pl\/fr\/#organization\"},\"potentialAction\":[{\"@type\":\"SearchAction\",\"target\":{\"@type\":\"EntryPoint\",\"urlTemplate\":\"https:\/\/jp2doc.pl\/fr\/?s={search_term_string}\"},\"query-input\":{\"@type\":\"PropertyValueSpecification\",\"valueRequired\":true,\"valueName\":\"search_term_string\"}}],\"inLanguage\":\"fr-FR\"},{\"@type\":\"Organization\",\"@id\":\"https:\/\/jp2doc.pl\/fr\/#organization\",\"name\":\"Centre de Documentation et d\u2019Etude du Pontificat de Jean-Paul II \u00e0 Rome\",\"url\":\"https:\/\/jp2doc.pl\/fr\/\",\"logo\":{\"@type\":\"ImageObject\",\"inLanguage\":\"fr-FR\",\"@id\":\"https:\/\/jp2doc.pl\/fr\/#\/schema\/logo\/image\/\",\"url\":\"https:\/\/jp2doc.pl\/fr\/wp-content\/uploads\/sites\/5\/2017\/03\/cropped-logo.png\",\"contentUrl\":\"https:\/\/jp2doc.pl\/fr\/wp-content\/uploads\/sites\/5\/2017\/03\/cropped-logo.png\",\"width\":115,\"height\":115,\"caption\":\"Centre de Documentation et d\u2019Etude du Pontificat de Jean-Paul II \u00e0 Rome\"},\"image\":{\"@id\":\"https:\/\/jp2doc.pl\/fr\/#\/schema\/logo\/image\/\"}},{\"@type\":\"Person\",\"@id\":\"https:\/\/jp2doc.pl\/fr\/#\/schema\/person\/f1a6804b6b9f176835bf67cba35c4212\",\"name\":\"adobrzynski\",\"image\":{\"@type\":\"ImageObject\",\"inLanguage\":\"fr-FR\",\"@id\":\"https:\/\/jp2doc.pl\/fr\/#\/schema\/person\/image\/\",\"url\":\"https:\/\/secure.gravatar.com\/avatar\/6e7eb2a67f64535320a8aa3d72bc5f83c9e81f3ad1797c6abee2e7c78ed2252a?s=96&d=mm&r=g\",\"contentUrl\":\"https:\/\/secure.gravatar.com\/avatar\/6e7eb2a67f64535320a8aa3d72bc5f83c9e81f3ad1797c6abee2e7c78ed2252a?s=96&d=mm&r=g\",\"caption\":\"adobrzynski\"},\"url\":\"https:\/\/jp2doc.pl\/fr\/author\/adobrzynski\/\"}]}<\/script>\n<!-- \/ Yoast SEO plugin. -->","yoast_head_json":{"title":"L\u2019humilit\u00e9 de Dieu - Centre de Documentation et d\u2019Etude du Pontificat de Jean-Paul II \u00e0 Rome","robots":{"index":"index","follow":"follow","max-snippet":"max-snippet:-1","max-image-preview":"max-image-preview:large","max-video-preview":"max-video-preview:-1"},"canonical":"https:\/\/jp2doc.pl\/fr\/2020\/07\/26\/lhumilite-de-dieu\/","og_locale":"fr_FR","og_type":"article","og_title":"L\u2019humilit\u00e9 de Dieu - Centre de Documentation et d\u2019Etude du Pontificat de Jean-Paul II \u00e0 Rome","og_description":"XVII Dimanche du Temps Ordinaire","og_url":"https:\/\/jp2doc.pl\/fr\/2020\/07\/26\/lhumilite-de-dieu\/","og_site_name":"Centre de Documentation et d\u2019Etude du Pontificat de Jean-Paul II \u00e0 Rome","article_published_time":"2020-07-26T13:00:17+00:00","article_modified_time":"2020-07-26T13:01:58+00:00","og_image":[{"width":1280,"height":960,"url":"https:\/\/jp2doc.pl\/fr\/wp-content\/uploads\/sites\/5\/2020\/07\/woman-wearing-white-dress-3373301.jpg","type":"image\/jpeg"}],"author":"adobrzynski","twitter_card":"summary_large_image","twitter_misc":{"\u00c9crit par":"adobrzynski","Dur\u00e9e de lecture estim\u00e9e":"6 minutes"},"schema":{"@context":"https:\/\/schema.org","@graph":[{"@type":"Article","@id":"https:\/\/jp2doc.pl\/fr\/2020\/07\/26\/lhumilite-de-dieu\/#article","isPartOf":{"@id":"https:\/\/jp2doc.pl\/fr\/2020\/07\/26\/lhumilite-de-dieu\/"},"author":{"name":"adobrzynski","@id":"https:\/\/jp2doc.pl\/fr\/#\/schema\/person\/f1a6804b6b9f176835bf67cba35c4212"},"headline":"L\u2019humilit\u00e9 de Dieu","datePublished":"2020-07-26T13:00:17+00:00","dateModified":"2020-07-26T13:01:58+00:00","mainEntityOfPage":{"@id":"https:\/\/jp2doc.pl\/fr\/2020\/07\/26\/lhumilite-de-dieu\/"},"wordCount":1155,"commentCount":0,"publisher":{"@id":"https:\/\/jp2doc.pl\/fr\/#organization"},"image":{"@id":"https:\/\/jp2doc.pl\/fr\/2020\/07\/26\/lhumilite-de-dieu\/#primaryimage"},"thumbnailUrl":"https:\/\/jp2doc.pl\/fr\/wp-content\/uploads\/sites\/5\/2020\/07\/woman-wearing-white-dress-3373301.jpg","articleSection":["Blog","Strona g\u0142\u00f3wna - najnowsze","Strona g\u0142\u00f3wna - slider"],"inLanguage":"fr-FR","potentialAction":[{"@type":"CommentAction","name":"Comment","target":["https:\/\/jp2doc.pl\/fr\/2020\/07\/26\/lhumilite-de-dieu\/#respond"]}]},{"@type":"WebPage","@id":"https:\/\/jp2doc.pl\/fr\/2020\/07\/26\/lhumilite-de-dieu\/","url":"https:\/\/jp2doc.pl\/fr\/2020\/07\/26\/lhumilite-de-dieu\/","name":"L\u2019humilit\u00e9 de Dieu - Centre de Documentation et d\u2019Etude du Pontificat de Jean-Paul II \u00e0 Rome","isPartOf":{"@id":"https:\/\/jp2doc.pl\/fr\/#website"},"primaryImageOfPage":{"@id":"https:\/\/jp2doc.pl\/fr\/2020\/07\/26\/lhumilite-de-dieu\/#primaryimage"},"image":{"@id":"https:\/\/jp2doc.pl\/fr\/2020\/07\/26\/lhumilite-de-dieu\/#primaryimage"},"thumbnailUrl":"https:\/\/jp2doc.pl\/fr\/wp-content\/uploads\/sites\/5\/2020\/07\/woman-wearing-white-dress-3373301.jpg","datePublished":"2020-07-26T13:00:17+00:00","dateModified":"2020-07-26T13:01:58+00:00","breadcrumb":{"@id":"https:\/\/jp2doc.pl\/fr\/2020\/07\/26\/lhumilite-de-dieu\/#breadcrumb"},"inLanguage":"fr-FR","potentialAction":[{"@type":"ReadAction","target":["https:\/\/jp2doc.pl\/fr\/2020\/07\/26\/lhumilite-de-dieu\/"]}]},{"@type":"ImageObject","inLanguage":"fr-FR","@id":"https:\/\/jp2doc.pl\/fr\/2020\/07\/26\/lhumilite-de-dieu\/#primaryimage","url":"https:\/\/jp2doc.pl\/fr\/wp-content\/uploads\/sites\/5\/2020\/07\/woman-wearing-white-dress-3373301.jpg","contentUrl":"https:\/\/jp2doc.pl\/fr\/wp-content\/uploads\/sites\/5\/2020\/07\/woman-wearing-white-dress-3373301.jpg","width":1280,"height":960},{"@type":"BreadcrumbList","@id":"https:\/\/jp2doc.pl\/fr\/2020\/07\/26\/lhumilite-de-dieu\/#breadcrumb","itemListElement":[{"@type":"ListItem","position":1,"name":"Home","item":"https:\/\/jp2doc.pl\/fr\/"},{"@type":"ListItem","position":2,"name":"L\u2019humilit\u00e9 de Dieu"}]},{"@type":"WebSite","@id":"https:\/\/jp2doc.pl\/fr\/#website","url":"https:\/\/jp2doc.pl\/fr\/","name":"Centre de Documentation et d\u2019Etude du Pontificat de Jean-Paul II \u00e0 Rome","description":"","publisher":{"@id":"https:\/\/jp2doc.pl\/fr\/#organization"},"potentialAction":[{"@type":"SearchAction","target":{"@type":"EntryPoint","urlTemplate":"https:\/\/jp2doc.pl\/fr\/?s={search_term_string}"},"query-input":{"@type":"PropertyValueSpecification","valueRequired":true,"valueName":"search_term_string"}}],"inLanguage":"fr-FR"},{"@type":"Organization","@id":"https:\/\/jp2doc.pl\/fr\/#organization","name":"Centre de Documentation et d\u2019Etude du Pontificat de Jean-Paul II \u00e0 Rome","url":"https:\/\/jp2doc.pl\/fr\/","logo":{"@type":"ImageObject","inLanguage":"fr-FR","@id":"https:\/\/jp2doc.pl\/fr\/#\/schema\/logo\/image\/","url":"https:\/\/jp2doc.pl\/fr\/wp-content\/uploads\/sites\/5\/2017\/03\/cropped-logo.png","contentUrl":"https:\/\/jp2doc.pl\/fr\/wp-content\/uploads\/sites\/5\/2017\/03\/cropped-logo.png","width":115,"height":115,"caption":"Centre de Documentation et d\u2019Etude du Pontificat de Jean-Paul II \u00e0 Rome"},"image":{"@id":"https:\/\/jp2doc.pl\/fr\/#\/schema\/logo\/image\/"}},{"@type":"Person","@id":"https:\/\/jp2doc.pl\/fr\/#\/schema\/person\/f1a6804b6b9f176835bf67cba35c4212","name":"adobrzynski","image":{"@type":"ImageObject","inLanguage":"fr-FR","@id":"https:\/\/jp2doc.pl\/fr\/#\/schema\/person\/image\/","url":"https:\/\/secure.gravatar.com\/avatar\/6e7eb2a67f64535320a8aa3d72bc5f83c9e81f3ad1797c6abee2e7c78ed2252a?s=96&d=mm&r=g","contentUrl":"https:\/\/secure.gravatar.com\/avatar\/6e7eb2a67f64535320a8aa3d72bc5f83c9e81f3ad1797c6abee2e7c78ed2252a?s=96&d=mm&r=g","caption":"adobrzynski"},"url":"https:\/\/jp2doc.pl\/fr\/author\/adobrzynski\/"}]}},"_links":{"self":[{"href":"https:\/\/jp2doc.pl\/fr\/wp-json\/wp\/v2\/posts\/1727","targetHints":{"allow":["GET"]}}],"collection":[{"href":"https:\/\/jp2doc.pl\/fr\/wp-json\/wp\/v2\/posts"}],"about":[{"href":"https:\/\/jp2doc.pl\/fr\/wp-json\/wp\/v2\/types\/post"}],"author":[{"embeddable":true,"href":"https:\/\/jp2doc.pl\/fr\/wp-json\/wp\/v2\/users\/6"}],"replies":[{"embeddable":true,"href":"https:\/\/jp2doc.pl\/fr\/wp-json\/wp\/v2\/comments?post=1727"}],"version-history":[{"count":2,"href":"https:\/\/jp2doc.pl\/fr\/wp-json\/wp\/v2\/posts\/1727\/revisions"}],"predecessor-version":[{"id":1730,"href":"https:\/\/jp2doc.pl\/fr\/wp-json\/wp\/v2\/posts\/1727\/revisions\/1730"}],"wp:featuredmedia":[{"embeddable":true,"href":"https:\/\/jp2doc.pl\/fr\/wp-json\/wp\/v2\/media\/1728"}],"wp:attachment":[{"href":"https:\/\/jp2doc.pl\/fr\/wp-json\/wp\/v2\/media?parent=1727"}],"wp:term":[{"taxonomy":"category","embeddable":true,"href":"https:\/\/jp2doc.pl\/fr\/wp-json\/wp\/v2\/categories?post=1727"},{"taxonomy":"post_tag","embeddable":true,"href":"https:\/\/jp2doc.pl\/fr\/wp-json\/wp\/v2\/tags?post=1727"}],"curies":[{"name":"wp","href":"https:\/\/api.w.org\/{rel}","templated":true}]}}