{"id":1731,"date":"2020-08-02T11:26:00","date_gmt":"2020-08-02T09:26:00","guid":{"rendered":"https:\/\/jp2doc.pl\/fr\/?p=1731"},"modified":"2020-08-02T11:28:34","modified_gmt":"2020-08-02T09:28:34","slug":"chercher-le-christ-pour-lui-meme","status":"publish","type":"post","link":"https:\/\/jp2doc.pl\/fr\/2020\/08\/02\/chercher-le-christ-pour-lui-meme\/","title":{"rendered":"Chercher le Christ pour lui-m\u00eame"},"content":{"rendered":"\n<p>Is 55, 1-3&nbsp;; Rm 8, 35.37-39&nbsp;; Mt 14, 13-27<\/p>\n\n\n\n<p>En ce 18\u00e8 dimanche, la liturgie nous invite \u00e0 m\u00e9diter sur la pr\u00e9sence mis\u00e9ricordieuse de Dieu \u00e0 son Peuple. Ainsi, nous pouvons tirer comme th\u00e8me de notre m\u00e9ditation ce mots&nbsp;: \u00ab&nbsp;Dieu n\u2019abandonne pas son peuple&nbsp;\u00bb. En effet, les trois passages que nous venons de lire, ont en arri\u00e8re plan une situation de crise, \u00e0 laquelle Dieu r\u00e9pond avec une prodigieuse abondance.&nbsp;<\/p>\n\n\n\n<p>Dans l\u2019Evangile qui nous parle de la multiplication des pains, on voit J\u00e9sus qui nourrit les foules.&nbsp;&nbsp;Cet \u00e9pisode est racont\u00e9 six fois dans le Nouveau Testament et par les 4 \u00e9vang\u00e9listes. De ce texte, nous pouvons tirer quelques \u00e9l\u00e9ments importants pour notre m\u00e9ditation.<\/p>\n\n\n\n<ul class=\"wp-block-list\"><li><strong><em>Les surprises du Christ<\/em><\/strong>. Ils sont partis au d\u00e9sert sans m\u00eame un minimum de pr\u00e9cautions&nbsp;; et les foules se voient confront\u00e9s au probl\u00e8me de la faim. Une question \u00e0 se poser. Pourquoi ont-elles suivi le Christ jusqu\u2019au d\u00e9sert&nbsp;? de quoi elles sont attir\u00e9es&nbsp;?&nbsp;<\/li><\/ul>\n\n\n\n<p>La r\u00e9ponse est simple&nbsp;: elles ne viennent pas chercher du pain, un miracle mais plut\u00f4t \u00e9couter la pr\u00e9dication de J\u00e9sus. Malgr\u00e9 cela une surprise que le Christ leur r\u00e9serve, c\u2019est le fait de devancer leurs besoins en leur donnant du pain pour apaiser leur faim.<\/p>\n\n\n\n<ul class=\"wp-block-list\"><li>&nbsp;La le\u00e7on est claire pour nous&nbsp;: celui qui cherche le Christ pour lui-m\u00eame, re\u00e7oit en surplus ce qu\u2019il n\u2019a pas m\u00eame demand\u00e9. En revanche, celui qui se met \u00e0 sa suite uniquement pour des besoins mat\u00e9riels court le risque d\u2019\u00eatre d\u00e9\u00e7u.<\/li><li><strong><em>La r\u00e9alisation des proph\u00e9ties d\u2019Isa\u00efe<\/em><\/strong>. La multiplication des pains est la r\u00e9alisation des proph\u00e9ties que nous avons entendues dans la premi\u00e8re lecture. En J\u00e9sus, Dieu apaise la faim et la soif de son peuple et comble ses besoins de mani\u00e8re surabondante et gratuite.<\/li><li>&nbsp;La deuxi\u00e8me le\u00e7on est que Dieu est bienveillant envers tout le monde au point m\u00eame de faire alliance avec l\u2019humanit\u00e9 enti\u00e8re par J\u00e9sus son Fils.<\/li><\/ul>\n\n\n\n<ul class=\"wp-block-list\"><li><strong><em>L\u2019annonce de l\u2019Eucharistie.&nbsp;<\/em><\/strong>Il existe un parall\u00e9lisme tr\u00e8s significatif entre ce r\u00e9cit et celui de l\u2019institution de l\u2019eucharistie. Dans les deux \u00e9pisodes, l\u2019\u00e9v\u00e9nement se situe au coucher du soleil. J\u00e9sus prend le pain, l\u00e8ve les yeux vers le ciel, prononce l\u2019action de gr\u00e2ce et remet le pain aux disciples.&nbsp;<\/li><li>Le\u00e7on \u00e0 tirer&nbsp;: en partant d\u2019un besoin vital de l\u2019homme, le Christ orient son d\u00e9sir vers le \u2018pain du ciel&nbsp;\u00bb, le seul en mesure de calmer d\u00e9finitivement sa faim.<\/li><\/ul>\n\n\n\n<ul class=\"wp-block-list\"><li><strong><em>La responsabilit\u00e9 des disciples<\/em><\/strong>&nbsp;: notre responsabilit\u00e9 devant la mis\u00e8re de nos fr\u00e8res.&nbsp;&nbsp;Ils sont les m\u00e9diateurs entre le Christ et la foule. D\u2019abord en pr\u00e9sentant les besoins de cette derni\u00e8re, puis en lui distribuant les dons de Dieu. voil\u00e0 la mission de l\u2019Eglise et, en particulier, du pr\u00eatre et de tout chr\u00e9tien&nbsp;: lancer vers Dieu les appels, les supplications, la situation des hommes et transmettre au peuple les gr\u00e2ces du Seigneur. Posons- nous cette question.<\/li><li>&nbsp;<em>Moi en tant que chr\u00e9tien, est ce que je vois la mis\u00e8re de mes proches, de tout homme qui passe devant moi&nbsp;? est-ce que je pr\u00e9sente cette mis\u00e8re, cette situation au Christ&nbsp;? est- ce que je distribue&nbsp;; je partage ce que le Seigneur m\u2019a fait avec ceux qui sont dans le besoin&nbsp;?<\/em><\/li><\/ul>\n\n\n\n<ul class=\"wp-block-list\"><li><strong><em>La solidarit\u00e9 humaine.&nbsp;<\/em><\/strong>Pour r\u00e9aliser ce miracle, J\u00e9sus, aurait pu se passer des cinq pains pr\u00e9sent\u00e9s par les disciples. Apr\u00e8s tout, ils ne repr\u00e9sentent pas grand-chose pour une foule aussi si consid\u00e9rable. Et pourtant, J\u00e9sus a insist\u00e9 pour que les disciples \u00ab&nbsp;donnent eux-m\u00eames \u00e0 manger&nbsp;\u00bb \u00e0 la foule qui l\u2019avait suivi dans le d\u00e9sert afin que la multiplication des pains soit \u00e0 la fois le fruit de la gr\u00e2ce de Dieu et une \u0153uvre de la g\u00e9n\u00e9rosit\u00e9 humaine. En confiant une telle t\u00e2che aux disciples, J\u00e9sus nous renvoie \u00e0 nos responsabilit\u00e9s face \u00e0 la souffrance de nos fr\u00e8res et s\u0153urs. Dieu ne veut pas se substituer \u00e0 sa cr\u00e9ature.<\/li><li><em>Nous appartenons \u00e0 un monde o\u00f9&nbsp;; h\u00e9las&nbsp;; les uns continuent de stocker leur superflu alors que d\u2019autres manquent cruellement du strict minimum vital. Les chiffres du drame alimentaire qui frappe une partie de notre plan\u00e8te sont bien connus et nous avons fini par nous y habituer. Cela ne nous fait rien que 40 \u00e0 60 millions de personnes meurent chaque ann\u00e9e de faim ou de maladies li\u00e9es \u00e0 la malnutrition&nbsp;? qui d\u2019entre nous ignore que la faim continue de faire des victimes dans le monde simplement par manque de solidarit\u00e9 humaine&nbsp;? qui donnera au Christ ces cinq pains pour op\u00e9rer aujourd\u2019hui le miracle&nbsp;?&nbsp;<\/em><\/li><\/ul>\n\n\n\n<p>Saint Paul nous dit dans la deuxi\u00e8me lecture&nbsp;: qu\u2019est ce qui peut nous s\u00e9parer de l\u2019amour de Dieu&nbsp;? Posons- nous cette question aujourd\u2019hui. La faim&nbsp;? Le d\u00e9nuement&nbsp;? La soif&nbsp;? La d\u00e9tresse&nbsp;?&#8230;&nbsp;&nbsp;En tout cela nous sommes vainqueurs gr\u00e2ce \u00e0 celui qui s\u2019est livr\u00e9 par amour pour nous.<\/p>\n\n\n\n<ul class=\"wp-block-list\"><li><strong><em>La foi des disciples<\/em><\/strong>. Pressentant le risque que repr\u00e9sente la foule affam\u00e9e, les disciples conseillent au Christ de la renvoyer. La plupart du temps, nous leur ressemblons&nbsp;: nous savons ce qu\u2019il faut faire, mais n\u2019en ayant pas les moyens, nous nous contentons des solutions provisoires et incompl\u00e8tes au lieu de nous tourner vers Dieu.&nbsp;&nbsp;quand le Christ leur demande de faire asseoir tout ce monde, ils ob\u00e9issent sans moindre h\u00e9sitation. Ils ont confiance en Lui.&nbsp;<\/li><li><em>Le\u00e7on pour nous aujourd\u2019hui, avoir foi et confiance en Dieu dans toutes circonstances de la vie<\/em>. Car, gr\u00e2ce \u00e0 cette foi des disciples, le Seigneur a pu combler les foules en multipliant par milliers les pauvres ressources mises \u00e0 la disposition de la Providence.<\/li><\/ul>\n\n\n\n<p>Demandons au Seigneur qui nous nourrit de son corps et de son sang, d\u2019\u00e9veiller en nous le d\u00e9sir de chercher le Christ pour lui-m\u00eame et pas pour le mat\u00e9riel, celle d\u2019\u00eatre bienveillant envers nos fr\u00e8res&nbsp;; celle d\u2019une foi et confiance en Dieu tout Puissant et enfin celle de nous attacher fermement \u00e0 lui malgr\u00e9 les souffrances du moment.<\/p>\n\n\n\n<p>P\u00e8re Jean Claude Ciza<\/p>\n","protected":false},"excerpt":{"rendered":"<p>XVIII Dimanche du Temps Ordinaire<\/p>\n","protected":false},"author":6,"featured_media":1196,"comment_status":"open","ping_status":"open","sticky":false,"template":"","format":"standard","meta":{"_acf_changed":false,"_exactmetrics_skip_tracking":false,"_exactmetrics_sitenote_active":false,"_exactmetrics_sitenote_note":"","_exactmetrics_sitenote_category":0,"footnotes":""},"categories":[4,7,13,14],"tags":[],"class_list":["post-1731","post","type-post","status-publish","format-standard","has-post-thumbnail","hentry","category-blog","category-nowosci-wydawnicze","category-strona-glowna-najnowsze","category-strona-glowna-slider"],"acf":[],"yoast_head":"<!-- This site is optimized with the Yoast SEO plugin v26.2 - https:\/\/yoast.com\/wordpress\/plugins\/seo\/ -->\n<title>Chercher le Christ pour lui-m\u00eame - Centre de Documentation et d\u2019Etude du Pontificat de Jean-Paul II \u00e0 Rome<\/title>\n<meta name=\"robots\" content=\"index, follow, max-snippet:-1, max-image-preview:large, max-video-preview:-1\" \/>\n<link rel=\"canonical\" href=\"https:\/\/jp2doc.pl\/fr\/2020\/08\/02\/chercher-le-christ-pour-lui-meme\/\" \/>\n<meta property=\"og:locale\" content=\"fr_FR\" \/>\n<meta property=\"og:type\" content=\"article\" \/>\n<meta property=\"og:title\" content=\"Chercher le Christ pour lui-m\u00eame - Centre de Documentation et d\u2019Etude du Pontificat de Jean-Paul II \u00e0 Rome\" \/>\n<meta property=\"og:description\" content=\"XVIII Dimanche du Temps Ordinaire\" \/>\n<meta property=\"og:url\" content=\"https:\/\/jp2doc.pl\/fr\/2020\/08\/02\/chercher-le-christ-pour-lui-meme\/\" \/>\n<meta property=\"og:site_name\" content=\"Centre de Documentation et d\u2019Etude du Pontificat de Jean-Paul II \u00e0 Rome\" \/>\n<meta property=\"article:published_time\" content=\"2020-08-02T09:26:00+00:00\" \/>\n<meta property=\"article:modified_time\" content=\"2020-08-02T09:28:34+00:00\" \/>\n<meta property=\"og:image\" content=\"https:\/\/jp2doc.pl\/fr\/wp-content\/uploads\/sites\/5\/2017\/06\/jesus-2149897_1280-e1497698800510.jpg\" \/>\n\t<meta property=\"og:image:width\" content=\"1238\" \/>\n\t<meta property=\"og:image:height\" content=\"784\" \/>\n\t<meta property=\"og:image:type\" content=\"image\/jpeg\" \/>\n<meta name=\"author\" content=\"adobrzynski\" \/>\n<meta name=\"twitter:card\" content=\"summary_large_image\" \/>\n<meta name=\"twitter:label1\" content=\"\u00c9crit par\" \/>\n\t<meta name=\"twitter:data1\" content=\"adobrzynski\" \/>\n\t<meta name=\"twitter:label2\" content=\"Dur\u00e9e de lecture estim\u00e9e\" \/>\n\t<meta name=\"twitter:data2\" content=\"6 minutes\" \/>\n<script type=\"application\/ld+json\" class=\"yoast-schema-graph\">{\"@context\":\"https:\/\/schema.org\",\"@graph\":[{\"@type\":\"Article\",\"@id\":\"https:\/\/jp2doc.pl\/fr\/2020\/08\/02\/chercher-le-christ-pour-lui-meme\/#article\",\"isPartOf\":{\"@id\":\"https:\/\/jp2doc.pl\/fr\/2020\/08\/02\/chercher-le-christ-pour-lui-meme\/\"},\"author\":{\"name\":\"adobrzynski\",\"@id\":\"https:\/\/jp2doc.pl\/fr\/#\/schema\/person\/f1a6804b6b9f176835bf67cba35c4212\"},\"headline\":\"Chercher le Christ pour lui-m\u00eame\",\"datePublished\":\"2020-08-02T09:26:00+00:00\",\"dateModified\":\"2020-08-02T09:28:34+00:00\",\"mainEntityOfPage\":{\"@id\":\"https:\/\/jp2doc.pl\/fr\/2020\/08\/02\/chercher-le-christ-pour-lui-meme\/\"},\"wordCount\":1126,\"commentCount\":0,\"publisher\":{\"@id\":\"https:\/\/jp2doc.pl\/fr\/#organization\"},\"image\":{\"@id\":\"https:\/\/jp2doc.pl\/fr\/2020\/08\/02\/chercher-le-christ-pour-lui-meme\/#primaryimage\"},\"thumbnailUrl\":\"https:\/\/jp2doc.pl\/fr\/wp-content\/uploads\/sites\/5\/2017\/06\/jesus-2149897_1280-e1497698800510.jpg\",\"articleSection\":[\"Blog\",\"Nouveaut\u00e9s\",\"Strona g\u0142\u00f3wna - najnowsze\",\"Strona g\u0142\u00f3wna - slider\"],\"inLanguage\":\"fr-FR\",\"potentialAction\":[{\"@type\":\"CommentAction\",\"name\":\"Comment\",\"target\":[\"https:\/\/jp2doc.pl\/fr\/2020\/08\/02\/chercher-le-christ-pour-lui-meme\/#respond\"]}]},{\"@type\":\"WebPage\",\"@id\":\"https:\/\/jp2doc.pl\/fr\/2020\/08\/02\/chercher-le-christ-pour-lui-meme\/\",\"url\":\"https:\/\/jp2doc.pl\/fr\/2020\/08\/02\/chercher-le-christ-pour-lui-meme\/\",\"name\":\"Chercher le Christ pour lui-m\u00eame - Centre de Documentation et d\u2019Etude du Pontificat de Jean-Paul II \u00e0 Rome\",\"isPartOf\":{\"@id\":\"https:\/\/jp2doc.pl\/fr\/#website\"},\"primaryImageOfPage\":{\"@id\":\"https:\/\/jp2doc.pl\/fr\/2020\/08\/02\/chercher-le-christ-pour-lui-meme\/#primaryimage\"},\"image\":{\"@id\":\"https:\/\/jp2doc.pl\/fr\/2020\/08\/02\/chercher-le-christ-pour-lui-meme\/#primaryimage\"},\"thumbnailUrl\":\"https:\/\/jp2doc.pl\/fr\/wp-content\/uploads\/sites\/5\/2017\/06\/jesus-2149897_1280-e1497698800510.jpg\",\"datePublished\":\"2020-08-02T09:26:00+00:00\",\"dateModified\":\"2020-08-02T09:28:34+00:00\",\"breadcrumb\":{\"@id\":\"https:\/\/jp2doc.pl\/fr\/2020\/08\/02\/chercher-le-christ-pour-lui-meme\/#breadcrumb\"},\"inLanguage\":\"fr-FR\",\"potentialAction\":[{\"@type\":\"ReadAction\",\"target\":[\"https:\/\/jp2doc.pl\/fr\/2020\/08\/02\/chercher-le-christ-pour-lui-meme\/\"]}]},{\"@type\":\"ImageObject\",\"inLanguage\":\"fr-FR\",\"@id\":\"https:\/\/jp2doc.pl\/fr\/2020\/08\/02\/chercher-le-christ-pour-lui-meme\/#primaryimage\",\"url\":\"https:\/\/jp2doc.pl\/fr\/wp-content\/uploads\/sites\/5\/2017\/06\/jesus-2149897_1280-e1497698800510.jpg\",\"contentUrl\":\"https:\/\/jp2doc.pl\/fr\/wp-content\/uploads\/sites\/5\/2017\/06\/jesus-2149897_1280-e1497698800510.jpg\",\"width\":1238,\"height\":784},{\"@type\":\"BreadcrumbList\",\"@id\":\"https:\/\/jp2doc.pl\/fr\/2020\/08\/02\/chercher-le-christ-pour-lui-meme\/#breadcrumb\",\"itemListElement\":[{\"@type\":\"ListItem\",\"position\":1,\"name\":\"Home\",\"item\":\"https:\/\/jp2doc.pl\/fr\/\"},{\"@type\":\"ListItem\",\"position\":2,\"name\":\"Chercher le Christ pour lui-m\u00eame\"}]},{\"@type\":\"WebSite\",\"@id\":\"https:\/\/jp2doc.pl\/fr\/#website\",\"url\":\"https:\/\/jp2doc.pl\/fr\/\",\"name\":\"Centre de Documentation et d\u2019Etude du Pontificat de Jean-Paul II \u00e0 Rome\",\"description\":\"\",\"publisher\":{\"@id\":\"https:\/\/jp2doc.pl\/fr\/#organization\"},\"potentialAction\":[{\"@type\":\"SearchAction\",\"target\":{\"@type\":\"EntryPoint\",\"urlTemplate\":\"https:\/\/jp2doc.pl\/fr\/?s={search_term_string}\"},\"query-input\":{\"@type\":\"PropertyValueSpecification\",\"valueRequired\":true,\"valueName\":\"search_term_string\"}}],\"inLanguage\":\"fr-FR\"},{\"@type\":\"Organization\",\"@id\":\"https:\/\/jp2doc.pl\/fr\/#organization\",\"name\":\"Centre de Documentation et d\u2019Etude du Pontificat de Jean-Paul II \u00e0 Rome\",\"url\":\"https:\/\/jp2doc.pl\/fr\/\",\"logo\":{\"@type\":\"ImageObject\",\"inLanguage\":\"fr-FR\",\"@id\":\"https:\/\/jp2doc.pl\/fr\/#\/schema\/logo\/image\/\",\"url\":\"https:\/\/jp2doc.pl\/fr\/wp-content\/uploads\/sites\/5\/2017\/03\/cropped-logo.png\",\"contentUrl\":\"https:\/\/jp2doc.pl\/fr\/wp-content\/uploads\/sites\/5\/2017\/03\/cropped-logo.png\",\"width\":115,\"height\":115,\"caption\":\"Centre de Documentation et d\u2019Etude du Pontificat de Jean-Paul II \u00e0 Rome\"},\"image\":{\"@id\":\"https:\/\/jp2doc.pl\/fr\/#\/schema\/logo\/image\/\"}},{\"@type\":\"Person\",\"@id\":\"https:\/\/jp2doc.pl\/fr\/#\/schema\/person\/f1a6804b6b9f176835bf67cba35c4212\",\"name\":\"adobrzynski\",\"image\":{\"@type\":\"ImageObject\",\"inLanguage\":\"fr-FR\",\"@id\":\"https:\/\/jp2doc.pl\/fr\/#\/schema\/person\/image\/\",\"url\":\"https:\/\/secure.gravatar.com\/avatar\/6e7eb2a67f64535320a8aa3d72bc5f83c9e81f3ad1797c6abee2e7c78ed2252a?s=96&d=mm&r=g\",\"contentUrl\":\"https:\/\/secure.gravatar.com\/avatar\/6e7eb2a67f64535320a8aa3d72bc5f83c9e81f3ad1797c6abee2e7c78ed2252a?s=96&d=mm&r=g\",\"caption\":\"adobrzynski\"},\"url\":\"https:\/\/jp2doc.pl\/fr\/author\/adobrzynski\/\"}]}<\/script>\n<!-- \/ Yoast SEO plugin. -->","yoast_head_json":{"title":"Chercher le Christ pour lui-m\u00eame - Centre de Documentation et d\u2019Etude du Pontificat de Jean-Paul II \u00e0 Rome","robots":{"index":"index","follow":"follow","max-snippet":"max-snippet:-1","max-image-preview":"max-image-preview:large","max-video-preview":"max-video-preview:-1"},"canonical":"https:\/\/jp2doc.pl\/fr\/2020\/08\/02\/chercher-le-christ-pour-lui-meme\/","og_locale":"fr_FR","og_type":"article","og_title":"Chercher le Christ pour lui-m\u00eame - Centre de Documentation et d\u2019Etude du Pontificat de Jean-Paul II \u00e0 Rome","og_description":"XVIII Dimanche du Temps Ordinaire","og_url":"https:\/\/jp2doc.pl\/fr\/2020\/08\/02\/chercher-le-christ-pour-lui-meme\/","og_site_name":"Centre de Documentation et d\u2019Etude du Pontificat de Jean-Paul II \u00e0 Rome","article_published_time":"2020-08-02T09:26:00+00:00","article_modified_time":"2020-08-02T09:28:34+00:00","og_image":[{"width":1238,"height":784,"url":"https:\/\/jp2doc.pl\/fr\/wp-content\/uploads\/sites\/5\/2017\/06\/jesus-2149897_1280-e1497698800510.jpg","type":"image\/jpeg"}],"author":"adobrzynski","twitter_card":"summary_large_image","twitter_misc":{"\u00c9crit par":"adobrzynski","Dur\u00e9e de lecture estim\u00e9e":"6 minutes"},"schema":{"@context":"https:\/\/schema.org","@graph":[{"@type":"Article","@id":"https:\/\/jp2doc.pl\/fr\/2020\/08\/02\/chercher-le-christ-pour-lui-meme\/#article","isPartOf":{"@id":"https:\/\/jp2doc.pl\/fr\/2020\/08\/02\/chercher-le-christ-pour-lui-meme\/"},"author":{"name":"adobrzynski","@id":"https:\/\/jp2doc.pl\/fr\/#\/schema\/person\/f1a6804b6b9f176835bf67cba35c4212"},"headline":"Chercher le Christ pour lui-m\u00eame","datePublished":"2020-08-02T09:26:00+00:00","dateModified":"2020-08-02T09:28:34+00:00","mainEntityOfPage":{"@id":"https:\/\/jp2doc.pl\/fr\/2020\/08\/02\/chercher-le-christ-pour-lui-meme\/"},"wordCount":1126,"commentCount":0,"publisher":{"@id":"https:\/\/jp2doc.pl\/fr\/#organization"},"image":{"@id":"https:\/\/jp2doc.pl\/fr\/2020\/08\/02\/chercher-le-christ-pour-lui-meme\/#primaryimage"},"thumbnailUrl":"https:\/\/jp2doc.pl\/fr\/wp-content\/uploads\/sites\/5\/2017\/06\/jesus-2149897_1280-e1497698800510.jpg","articleSection":["Blog","Nouveaut\u00e9s","Strona g\u0142\u00f3wna - najnowsze","Strona g\u0142\u00f3wna - slider"],"inLanguage":"fr-FR","potentialAction":[{"@type":"CommentAction","name":"Comment","target":["https:\/\/jp2doc.pl\/fr\/2020\/08\/02\/chercher-le-christ-pour-lui-meme\/#respond"]}]},{"@type":"WebPage","@id":"https:\/\/jp2doc.pl\/fr\/2020\/08\/02\/chercher-le-christ-pour-lui-meme\/","url":"https:\/\/jp2doc.pl\/fr\/2020\/08\/02\/chercher-le-christ-pour-lui-meme\/","name":"Chercher le Christ pour lui-m\u00eame - Centre de Documentation et d\u2019Etude du Pontificat de Jean-Paul II \u00e0 Rome","isPartOf":{"@id":"https:\/\/jp2doc.pl\/fr\/#website"},"primaryImageOfPage":{"@id":"https:\/\/jp2doc.pl\/fr\/2020\/08\/02\/chercher-le-christ-pour-lui-meme\/#primaryimage"},"image":{"@id":"https:\/\/jp2doc.pl\/fr\/2020\/08\/02\/chercher-le-christ-pour-lui-meme\/#primaryimage"},"thumbnailUrl":"https:\/\/jp2doc.pl\/fr\/wp-content\/uploads\/sites\/5\/2017\/06\/jesus-2149897_1280-e1497698800510.jpg","datePublished":"2020-08-02T09:26:00+00:00","dateModified":"2020-08-02T09:28:34+00:00","breadcrumb":{"@id":"https:\/\/jp2doc.pl\/fr\/2020\/08\/02\/chercher-le-christ-pour-lui-meme\/#breadcrumb"},"inLanguage":"fr-FR","potentialAction":[{"@type":"ReadAction","target":["https:\/\/jp2doc.pl\/fr\/2020\/08\/02\/chercher-le-christ-pour-lui-meme\/"]}]},{"@type":"ImageObject","inLanguage":"fr-FR","@id":"https:\/\/jp2doc.pl\/fr\/2020\/08\/02\/chercher-le-christ-pour-lui-meme\/#primaryimage","url":"https:\/\/jp2doc.pl\/fr\/wp-content\/uploads\/sites\/5\/2017\/06\/jesus-2149897_1280-e1497698800510.jpg","contentUrl":"https:\/\/jp2doc.pl\/fr\/wp-content\/uploads\/sites\/5\/2017\/06\/jesus-2149897_1280-e1497698800510.jpg","width":1238,"height":784},{"@type":"BreadcrumbList","@id":"https:\/\/jp2doc.pl\/fr\/2020\/08\/02\/chercher-le-christ-pour-lui-meme\/#breadcrumb","itemListElement":[{"@type":"ListItem","position":1,"name":"Home","item":"https:\/\/jp2doc.pl\/fr\/"},{"@type":"ListItem","position":2,"name":"Chercher le Christ pour lui-m\u00eame"}]},{"@type":"WebSite","@id":"https:\/\/jp2doc.pl\/fr\/#website","url":"https:\/\/jp2doc.pl\/fr\/","name":"Centre de Documentation et d\u2019Etude du Pontificat de Jean-Paul II \u00e0 Rome","description":"","publisher":{"@id":"https:\/\/jp2doc.pl\/fr\/#organization"},"potentialAction":[{"@type":"SearchAction","target":{"@type":"EntryPoint","urlTemplate":"https:\/\/jp2doc.pl\/fr\/?s={search_term_string}"},"query-input":{"@type":"PropertyValueSpecification","valueRequired":true,"valueName":"search_term_string"}}],"inLanguage":"fr-FR"},{"@type":"Organization","@id":"https:\/\/jp2doc.pl\/fr\/#organization","name":"Centre de Documentation et d\u2019Etude du Pontificat de Jean-Paul II \u00e0 Rome","url":"https:\/\/jp2doc.pl\/fr\/","logo":{"@type":"ImageObject","inLanguage":"fr-FR","@id":"https:\/\/jp2doc.pl\/fr\/#\/schema\/logo\/image\/","url":"https:\/\/jp2doc.pl\/fr\/wp-content\/uploads\/sites\/5\/2017\/03\/cropped-logo.png","contentUrl":"https:\/\/jp2doc.pl\/fr\/wp-content\/uploads\/sites\/5\/2017\/03\/cropped-logo.png","width":115,"height":115,"caption":"Centre de Documentation et d\u2019Etude du Pontificat de Jean-Paul II \u00e0 Rome"},"image":{"@id":"https:\/\/jp2doc.pl\/fr\/#\/schema\/logo\/image\/"}},{"@type":"Person","@id":"https:\/\/jp2doc.pl\/fr\/#\/schema\/person\/f1a6804b6b9f176835bf67cba35c4212","name":"adobrzynski","image":{"@type":"ImageObject","inLanguage":"fr-FR","@id":"https:\/\/jp2doc.pl\/fr\/#\/schema\/person\/image\/","url":"https:\/\/secure.gravatar.com\/avatar\/6e7eb2a67f64535320a8aa3d72bc5f83c9e81f3ad1797c6abee2e7c78ed2252a?s=96&d=mm&r=g","contentUrl":"https:\/\/secure.gravatar.com\/avatar\/6e7eb2a67f64535320a8aa3d72bc5f83c9e81f3ad1797c6abee2e7c78ed2252a?s=96&d=mm&r=g","caption":"adobrzynski"},"url":"https:\/\/jp2doc.pl\/fr\/author\/adobrzynski\/"}]}},"_links":{"self":[{"href":"https:\/\/jp2doc.pl\/fr\/wp-json\/wp\/v2\/posts\/1731","targetHints":{"allow":["GET"]}}],"collection":[{"href":"https:\/\/jp2doc.pl\/fr\/wp-json\/wp\/v2\/posts"}],"about":[{"href":"https:\/\/jp2doc.pl\/fr\/wp-json\/wp\/v2\/types\/post"}],"author":[{"embeddable":true,"href":"https:\/\/jp2doc.pl\/fr\/wp-json\/wp\/v2\/users\/6"}],"replies":[{"embeddable":true,"href":"https:\/\/jp2doc.pl\/fr\/wp-json\/wp\/v2\/comments?post=1731"}],"version-history":[{"count":2,"href":"https:\/\/jp2doc.pl\/fr\/wp-json\/wp\/v2\/posts\/1731\/revisions"}],"predecessor-version":[{"id":1734,"href":"https:\/\/jp2doc.pl\/fr\/wp-json\/wp\/v2\/posts\/1731\/revisions\/1734"}],"wp:featuredmedia":[{"embeddable":true,"href":"https:\/\/jp2doc.pl\/fr\/wp-json\/wp\/v2\/media\/1196"}],"wp:attachment":[{"href":"https:\/\/jp2doc.pl\/fr\/wp-json\/wp\/v2\/media?parent=1731"}],"wp:term":[{"taxonomy":"category","embeddable":true,"href":"https:\/\/jp2doc.pl\/fr\/wp-json\/wp\/v2\/categories?post=1731"},{"taxonomy":"post_tag","embeddable":true,"href":"https:\/\/jp2doc.pl\/fr\/wp-json\/wp\/v2\/tags?post=1731"}],"curies":[{"name":"wp","href":"https:\/\/api.w.org\/{rel}","templated":true}]}}