{"id":1736,"date":"2020-08-09T09:28:40","date_gmt":"2020-08-09T07:28:40","guid":{"rendered":"https:\/\/jp2doc.pl\/fr\/?p=1736"},"modified":"2020-08-09T09:28:41","modified_gmt":"2020-08-09T07:28:41","slug":"ou-est-dieu","status":"publish","type":"post","link":"https:\/\/jp2doc.pl\/fr\/2020\/08\/09\/ou-est-dieu\/","title":{"rendered":"O\u00f9 est Dieu ?"},"content":{"rendered":"\n<p>&nbsp; 1 R 19, 9.11-13&nbsp;; Rm 9,\n1-5&nbsp;; Mt 14, 22-33&nbsp;&nbsp;&nbsp;&nbsp;&nbsp;&nbsp;&nbsp;&nbsp;&nbsp;&nbsp;&nbsp;&nbsp;&nbsp;&nbsp;&nbsp;&nbsp;&nbsp;&nbsp;&nbsp;&nbsp;&nbsp;&nbsp;&nbsp;&nbsp;&nbsp;&nbsp;&nbsp;&nbsp;&nbsp;&nbsp;&nbsp;&nbsp;&nbsp;&nbsp;&nbsp;&nbsp;&nbsp;&nbsp;&nbsp;&nbsp;&nbsp; <\/p>\n\n\n\n<p>Les lectures que nous venons d\u2019entendre nous invitent \u00e0\nm\u00e9diter sur le th\u00e8me de la paix. A l\u2019arri\u00e8re-plan de ce th\u00e8me il y a une\nquestion&nbsp;: \u00ab&nbsp;O\u00f9 est Dieu&nbsp;?&nbsp;\u00bb. Dans la vie, et dans notre\nvie, la paix est souvent menac\u00e9e par la violence et par la peur. Elie et les\ndisciples du Christ en ont aussi fait l\u2019exp\u00e9rience.<\/p>\n\n\n\n<p>Dans la premi\u00e8re lecture, nous avons entendu qu\u2019Elie\nentra dans une caverne et y passa la nuit. Et l\u2019\u00e9vangile nous apprend que la\nnuit trouva les disciples dans la barque. La nuit repr\u00e9sente un moment d\u00e9licat,\nvoire difficile. La nuit, c\u2019est le moment de tous les dangers, o\u00f9 le\ndiscernement est difficile, o\u00f9 l\u2019on ne sait pas bien o\u00f9 l\u2019on met les pieds, o\u00f9\nl\u2019on met la t\u00eate, o\u00f9 l\u2019on met les mains. Dans la nuit, la vue est faible.<\/p>\n\n\n\n<p>L\u2019un ou l\u2019autre parmi nous a d\u00e9j\u00e0 fait l\u2019exp\u00e9rience de\nla nuit dans sa vie&nbsp;: \u00ab&nbsp;Je ne vois plus clair, je ne sais plus quoi\nfaire, j\u2019ai trop de probl\u00e8mes, j\u2019ai des insomnies,&nbsp; j\u2019ai besoin d\u2019aide&nbsp;\u00bb. Etre dans la nuit,\nc\u2019est \u00eatre expos\u00e9 \u00e0 la violence, \u00e0 la peur.<\/p>\n\n\n\n<p>*De la caverne,<\/p>\n\n\n\n<p>-Elie entendit \u00ab&nbsp;un ouragan si fort et si violent\nqu\u2019il fendait les montagnes et brisait le rocher&nbsp;\u00bb. C\u2019est quoi cet ouragan,\nsinon la col\u00e8re que nous exer\u00e7ons sur les gens au point que nous les enfermons\ndans leur vie, dans leurs probl\u00e8mes, dans leurs situations, parfois\nd\u00e9sastreuses.<\/p>\n\n\n\n<p>-Elie sentit \u00ab&nbsp;un tremblement de terre&nbsp;\u00bb.\nC\u2019est quoi ce tremblement de terre, sinon les critiques inappropri\u00e9es et\nparalysantes que nous faisons des autres, mais bien souvent aussi de\nnous-m\u00eames.<\/p>\n\n\n\n<p>-Elie \u00ab&nbsp;vit un feu&nbsp;\u00bb. C\u2019est quoi ce feu, sinon\nles actes de sabotage, de destruction que nous infligeons aux gens pour les\nfaire dispara\u00eetre de notre entourage, de notre vue.<\/p>\n\n\n\n<p>*Et de la barque, les disciples furent victimes d\u2019un\nvent qui soulevait les vagues. Dans leur trouble, ils prirent m\u00eame J\u00e9sus pour\nun fant\u00f4me. Alors ils pouss\u00e8rent des cris&nbsp;! C\u2019est quoi ce vent, sinon\nl\u2019incertitude sur des choix \u00e0 faire, des pens\u00e9es contradictoires qui nous\nlaissent fig\u00e9s. Alors nous poussons des cris, c\u2019est-\u00e0-dire nous devenons\nnerveux, col\u00e9riques, inapprochables, voire m\u00eame malades. La peur nous envahi,\nle c\u0153ur bat, on transpire, on est dans l\u2019angoisse,\u2026<\/p>\n\n\n\n<p>Et la question que nous avons pos\u00e9e au d\u00e9but de notre\nhom\u00e9lie trouve ici sa place&nbsp;: \u00ab&nbsp;O\u00f9 est Dieu&nbsp;?&nbsp;\u00bb.<\/p>\n\n\n\n<p>La premi\u00e8re lecture nous r\u00e9pond que Dieu n\u2019est ni dans\nl\u2019ouragan, ni dans le tremblement de terre, ni dans le feu. Et l\u2019\u00e9vangile nous\nr\u00e9pond que J\u00e9sus n\u2019est pas dans le vent.<\/p>\n\n\n\n<p>Mais \u00ab&nbsp;o\u00f9 est Dieu&nbsp;?&nbsp;\u00bb, o\u00f9 le\nrencontrons-nous&nbsp;? Car l\u2019homme a besoin d\u2019un secours pour voir le jour,\npour voir clair, pour retrouver la paix int\u00e9rieure.<\/p>\n\n\n\n<p>De la caverne, Elie entendit \u00ab&nbsp;le murmure d\u2019une\nbrise l\u00e9g\u00e8re&nbsp;\u00bb. Alors, il \u00ab&nbsp;se couvrit le visage avec son manteau, il\nsortit et se tint \u00e0 l\u2019entr\u00e9e de la caverne&nbsp;\u00bb. Elie devint une personne\nrassur\u00e9e. Il sort de la caverne. C\u2019est la paix qui le m\u00e8ne dehors. C\u2019est la\npaix qui le met en contact avec le Seigneur, avec les autres.<\/p>\n\n\n\n<p><em>Est-ce que nous\nsommes des agents de paix et de r\u00e9conciliation&nbsp;? Est-ce que nous savons\naborder les gens sans les effrayer, mais dans un esprit de bienveillance et\npour qu\u2019ils soient heureux&nbsp;? Es-ce que nous pr\u00e9occupons des autres comme\nsaint Paul pour les Juifs afin qu\u2019ils aiment le Christ&nbsp;? <\/em><\/p>\n\n\n\n<p>Le Christ dit justement aux disciples&nbsp;:\n\u00ab&nbsp;Confiance&nbsp;! C\u2019est moi&nbsp;; n\u2019ayez pas peur&nbsp;!&nbsp;\u00bb. Il\nmonte dans la barque avec eux, et le vent tombe.<\/p>\n\n\n\n<p>Est-ce que nous entendons le Christ nous dire\naujourd\u2019hui, \u00e0 chacun de nous&nbsp;: \u00ab&nbsp;Confiance&nbsp;: C\u2019est moi&nbsp;;\nn\u2019aie pas peur&nbsp;!&nbsp;\u00bb&nbsp;? Est-ce que nous acceptons d\u2019accueillir\nJ\u00e9sus dans notre barque, dans notre vie pour faire tomber le vent qui nous\nballote&nbsp;?<\/p>\n\n\n\n<p>Si nous l\u2019acceptons, nos vies se trouveront\ntransform\u00e9es. Nous conna\u00eetrons la paix du c\u0153ur, nous deviendrons des hommes et\ndes femmes nouveaux, nous serons reconnaissant envers J\u00e9sus, et nous lui dirons\ncomme l\u2019ont fait les disciples&nbsp;: \u00ab&nbsp;Vraiment, tu es le Fils de\nDieu&nbsp;\u00bb.<\/p>\n\n\n\n<p><strong>P\u00e9re Jean Claude Ciza<\/strong><\/p>\n\n\n\n<p><em>Fot. Miguel Amutio\/Unsplash.com<\/em><\/p>\n","protected":false},"excerpt":{"rendered":"<p>XIX Dimanche du Temps Ordinaire<\/p>\n","protected":false},"author":5,"featured_media":1738,"comment_status":"open","ping_status":"open","sticky":false,"template":"","format":"standard","meta":{"_acf_changed":false,"_exactmetrics_skip_tracking":false,"_exactmetrics_sitenote_active":false,"_exactmetrics_sitenote_note":"","_exactmetrics_sitenote_category":0,"footnotes":""},"categories":[4,13,14],"tags":[],"class_list":["post-1736","post","type-post","status-publish","format-standard","has-post-thumbnail","hentry","category-blog","category-strona-glowna-najnowsze","category-strona-glowna-slider"],"acf":[],"yoast_head":"<!-- This site is optimized with the Yoast SEO plugin v26.2 - https:\/\/yoast.com\/wordpress\/plugins\/seo\/ -->\n<title>O\u00f9 est Dieu ? - Centre de Documentation et d\u2019Etude du Pontificat de Jean-Paul II \u00e0 Rome<\/title>\n<meta name=\"robots\" content=\"index, follow, max-snippet:-1, max-image-preview:large, max-video-preview:-1\" \/>\n<link rel=\"canonical\" href=\"https:\/\/jp2doc.pl\/fr\/2020\/08\/09\/ou-est-dieu\/\" \/>\n<meta property=\"og:locale\" content=\"fr_FR\" \/>\n<meta property=\"og:type\" content=\"article\" \/>\n<meta property=\"og:title\" content=\"O\u00f9 est Dieu ? - Centre de Documentation et d\u2019Etude du Pontificat de Jean-Paul II \u00e0 Rome\" \/>\n<meta property=\"og:description\" content=\"XIX Dimanche du Temps Ordinaire\" \/>\n<meta property=\"og:url\" content=\"https:\/\/jp2doc.pl\/fr\/2020\/08\/09\/ou-est-dieu\/\" \/>\n<meta property=\"og:site_name\" content=\"Centre de Documentation et d\u2019Etude du Pontificat de Jean-Paul II \u00e0 Rome\" \/>\n<meta property=\"article:published_time\" content=\"2020-08-09T07:28:40+00:00\" \/>\n<meta property=\"article:modified_time\" content=\"2020-08-09T07:28:41+00:00\" \/>\n<meta property=\"og:image\" content=\"https:\/\/jp2doc.pl\/fr\/wp-content\/uploads\/sites\/5\/2020\/08\/miguel-a-amutio-8EB0jEOP_4c-unsplash.jpg\" \/>\n\t<meta property=\"og:image:width\" content=\"1322\" \/>\n\t<meta property=\"og:image:height\" content=\"881\" \/>\n\t<meta property=\"og:image:type\" content=\"image\/jpeg\" \/>\n<meta name=\"author\" content=\"juliasercanka\" \/>\n<meta name=\"twitter:card\" content=\"summary_large_image\" \/>\n<meta name=\"twitter:label1\" content=\"\u00c9crit par\" \/>\n\t<meta name=\"twitter:data1\" content=\"juliasercanka\" \/>\n\t<meta name=\"twitter:label2\" content=\"Dur\u00e9e de lecture estim\u00e9e\" \/>\n\t<meta name=\"twitter:data2\" content=\"4 minutes\" \/>\n<script type=\"application\/ld+json\" class=\"yoast-schema-graph\">{\"@context\":\"https:\/\/schema.org\",\"@graph\":[{\"@type\":\"Article\",\"@id\":\"https:\/\/jp2doc.pl\/fr\/2020\/08\/09\/ou-est-dieu\/#article\",\"isPartOf\":{\"@id\":\"https:\/\/jp2doc.pl\/fr\/2020\/08\/09\/ou-est-dieu\/\"},\"author\":{\"name\":\"juliasercanka\",\"@id\":\"https:\/\/jp2doc.pl\/fr\/#\/schema\/person\/6110109e80abb51f6fac4824777eabfe\"},\"headline\":\"O\u00f9 est Dieu ?\",\"datePublished\":\"2020-08-09T07:28:40+00:00\",\"dateModified\":\"2020-08-09T07:28:41+00:00\",\"mainEntityOfPage\":{\"@id\":\"https:\/\/jp2doc.pl\/fr\/2020\/08\/09\/ou-est-dieu\/\"},\"wordCount\":862,\"commentCount\":0,\"publisher\":{\"@id\":\"https:\/\/jp2doc.pl\/fr\/#organization\"},\"image\":{\"@id\":\"https:\/\/jp2doc.pl\/fr\/2020\/08\/09\/ou-est-dieu\/#primaryimage\"},\"thumbnailUrl\":\"https:\/\/jp2doc.pl\/fr\/wp-content\/uploads\/sites\/5\/2020\/08\/miguel-a-amutio-8EB0jEOP_4c-unsplash.jpg\",\"articleSection\":[\"Blog\",\"Strona g\u0142\u00f3wna - najnowsze\",\"Strona g\u0142\u00f3wna - slider\"],\"inLanguage\":\"fr-FR\",\"potentialAction\":[{\"@type\":\"CommentAction\",\"name\":\"Comment\",\"target\":[\"https:\/\/jp2doc.pl\/fr\/2020\/08\/09\/ou-est-dieu\/#respond\"]}]},{\"@type\":\"WebPage\",\"@id\":\"https:\/\/jp2doc.pl\/fr\/2020\/08\/09\/ou-est-dieu\/\",\"url\":\"https:\/\/jp2doc.pl\/fr\/2020\/08\/09\/ou-est-dieu\/\",\"name\":\"O\u00f9 est Dieu ? - Centre de Documentation et d\u2019Etude du Pontificat de Jean-Paul II \u00e0 Rome\",\"isPartOf\":{\"@id\":\"https:\/\/jp2doc.pl\/fr\/#website\"},\"primaryImageOfPage\":{\"@id\":\"https:\/\/jp2doc.pl\/fr\/2020\/08\/09\/ou-est-dieu\/#primaryimage\"},\"image\":{\"@id\":\"https:\/\/jp2doc.pl\/fr\/2020\/08\/09\/ou-est-dieu\/#primaryimage\"},\"thumbnailUrl\":\"https:\/\/jp2doc.pl\/fr\/wp-content\/uploads\/sites\/5\/2020\/08\/miguel-a-amutio-8EB0jEOP_4c-unsplash.jpg\",\"datePublished\":\"2020-08-09T07:28:40+00:00\",\"dateModified\":\"2020-08-09T07:28:41+00:00\",\"breadcrumb\":{\"@id\":\"https:\/\/jp2doc.pl\/fr\/2020\/08\/09\/ou-est-dieu\/#breadcrumb\"},\"inLanguage\":\"fr-FR\",\"potentialAction\":[{\"@type\":\"ReadAction\",\"target\":[\"https:\/\/jp2doc.pl\/fr\/2020\/08\/09\/ou-est-dieu\/\"]}]},{\"@type\":\"ImageObject\",\"inLanguage\":\"fr-FR\",\"@id\":\"https:\/\/jp2doc.pl\/fr\/2020\/08\/09\/ou-est-dieu\/#primaryimage\",\"url\":\"https:\/\/jp2doc.pl\/fr\/wp-content\/uploads\/sites\/5\/2020\/08\/miguel-a-amutio-8EB0jEOP_4c-unsplash.jpg\",\"contentUrl\":\"https:\/\/jp2doc.pl\/fr\/wp-content\/uploads\/sites\/5\/2020\/08\/miguel-a-amutio-8EB0jEOP_4c-unsplash.jpg\",\"width\":1322,\"height\":881},{\"@type\":\"BreadcrumbList\",\"@id\":\"https:\/\/jp2doc.pl\/fr\/2020\/08\/09\/ou-est-dieu\/#breadcrumb\",\"itemListElement\":[{\"@type\":\"ListItem\",\"position\":1,\"name\":\"Home\",\"item\":\"https:\/\/jp2doc.pl\/fr\/\"},{\"@type\":\"ListItem\",\"position\":2,\"name\":\"O\u00f9 est Dieu ?\"}]},{\"@type\":\"WebSite\",\"@id\":\"https:\/\/jp2doc.pl\/fr\/#website\",\"url\":\"https:\/\/jp2doc.pl\/fr\/\",\"name\":\"Centre de Documentation et d\u2019Etude du Pontificat de Jean-Paul II \u00e0 Rome\",\"description\":\"\",\"publisher\":{\"@id\":\"https:\/\/jp2doc.pl\/fr\/#organization\"},\"potentialAction\":[{\"@type\":\"SearchAction\",\"target\":{\"@type\":\"EntryPoint\",\"urlTemplate\":\"https:\/\/jp2doc.pl\/fr\/?s={search_term_string}\"},\"query-input\":{\"@type\":\"PropertyValueSpecification\",\"valueRequired\":true,\"valueName\":\"search_term_string\"}}],\"inLanguage\":\"fr-FR\"},{\"@type\":\"Organization\",\"@id\":\"https:\/\/jp2doc.pl\/fr\/#organization\",\"name\":\"Centre de Documentation et d\u2019Etude du Pontificat de Jean-Paul II \u00e0 Rome\",\"url\":\"https:\/\/jp2doc.pl\/fr\/\",\"logo\":{\"@type\":\"ImageObject\",\"inLanguage\":\"fr-FR\",\"@id\":\"https:\/\/jp2doc.pl\/fr\/#\/schema\/logo\/image\/\",\"url\":\"https:\/\/jp2doc.pl\/fr\/wp-content\/uploads\/sites\/5\/2017\/03\/cropped-logo.png\",\"contentUrl\":\"https:\/\/jp2doc.pl\/fr\/wp-content\/uploads\/sites\/5\/2017\/03\/cropped-logo.png\",\"width\":115,\"height\":115,\"caption\":\"Centre de Documentation et d\u2019Etude du Pontificat de Jean-Paul II \u00e0 Rome\"},\"image\":{\"@id\":\"https:\/\/jp2doc.pl\/fr\/#\/schema\/logo\/image\/\"}},{\"@type\":\"Person\",\"@id\":\"https:\/\/jp2doc.pl\/fr\/#\/schema\/person\/6110109e80abb51f6fac4824777eabfe\",\"name\":\"juliasercanka\",\"image\":{\"@type\":\"ImageObject\",\"inLanguage\":\"fr-FR\",\"@id\":\"https:\/\/jp2doc.pl\/fr\/#\/schema\/person\/image\/\",\"url\":\"https:\/\/secure.gravatar.com\/avatar\/266a66e864556e22d55d61b6b10c97fab9060767b738564bcd109f3997e372bc?s=96&d=mm&r=g\",\"contentUrl\":\"https:\/\/secure.gravatar.com\/avatar\/266a66e864556e22d55d61b6b10c97fab9060767b738564bcd109f3997e372bc?s=96&d=mm&r=g\",\"caption\":\"juliasercanka\"},\"url\":\"https:\/\/jp2doc.pl\/fr\/author\/juliasercanka\/\"}]}<\/script>\n<!-- \/ Yoast SEO plugin. -->","yoast_head_json":{"title":"O\u00f9 est Dieu ? - Centre de Documentation et d\u2019Etude du Pontificat de Jean-Paul II \u00e0 Rome","robots":{"index":"index","follow":"follow","max-snippet":"max-snippet:-1","max-image-preview":"max-image-preview:large","max-video-preview":"max-video-preview:-1"},"canonical":"https:\/\/jp2doc.pl\/fr\/2020\/08\/09\/ou-est-dieu\/","og_locale":"fr_FR","og_type":"article","og_title":"O\u00f9 est Dieu ? - Centre de Documentation et d\u2019Etude du Pontificat de Jean-Paul II \u00e0 Rome","og_description":"XIX Dimanche du Temps Ordinaire","og_url":"https:\/\/jp2doc.pl\/fr\/2020\/08\/09\/ou-est-dieu\/","og_site_name":"Centre de Documentation et d\u2019Etude du Pontificat de Jean-Paul II \u00e0 Rome","article_published_time":"2020-08-09T07:28:40+00:00","article_modified_time":"2020-08-09T07:28:41+00:00","og_image":[{"width":1322,"height":881,"url":"https:\/\/jp2doc.pl\/fr\/wp-content\/uploads\/sites\/5\/2020\/08\/miguel-a-amutio-8EB0jEOP_4c-unsplash.jpg","type":"image\/jpeg"}],"author":"juliasercanka","twitter_card":"summary_large_image","twitter_misc":{"\u00c9crit par":"juliasercanka","Dur\u00e9e de lecture estim\u00e9e":"4 minutes"},"schema":{"@context":"https:\/\/schema.org","@graph":[{"@type":"Article","@id":"https:\/\/jp2doc.pl\/fr\/2020\/08\/09\/ou-est-dieu\/#article","isPartOf":{"@id":"https:\/\/jp2doc.pl\/fr\/2020\/08\/09\/ou-est-dieu\/"},"author":{"name":"juliasercanka","@id":"https:\/\/jp2doc.pl\/fr\/#\/schema\/person\/6110109e80abb51f6fac4824777eabfe"},"headline":"O\u00f9 est Dieu ?","datePublished":"2020-08-09T07:28:40+00:00","dateModified":"2020-08-09T07:28:41+00:00","mainEntityOfPage":{"@id":"https:\/\/jp2doc.pl\/fr\/2020\/08\/09\/ou-est-dieu\/"},"wordCount":862,"commentCount":0,"publisher":{"@id":"https:\/\/jp2doc.pl\/fr\/#organization"},"image":{"@id":"https:\/\/jp2doc.pl\/fr\/2020\/08\/09\/ou-est-dieu\/#primaryimage"},"thumbnailUrl":"https:\/\/jp2doc.pl\/fr\/wp-content\/uploads\/sites\/5\/2020\/08\/miguel-a-amutio-8EB0jEOP_4c-unsplash.jpg","articleSection":["Blog","Strona g\u0142\u00f3wna - najnowsze","Strona g\u0142\u00f3wna - slider"],"inLanguage":"fr-FR","potentialAction":[{"@type":"CommentAction","name":"Comment","target":["https:\/\/jp2doc.pl\/fr\/2020\/08\/09\/ou-est-dieu\/#respond"]}]},{"@type":"WebPage","@id":"https:\/\/jp2doc.pl\/fr\/2020\/08\/09\/ou-est-dieu\/","url":"https:\/\/jp2doc.pl\/fr\/2020\/08\/09\/ou-est-dieu\/","name":"O\u00f9 est Dieu ? - Centre de Documentation et d\u2019Etude du Pontificat de Jean-Paul II \u00e0 Rome","isPartOf":{"@id":"https:\/\/jp2doc.pl\/fr\/#website"},"primaryImageOfPage":{"@id":"https:\/\/jp2doc.pl\/fr\/2020\/08\/09\/ou-est-dieu\/#primaryimage"},"image":{"@id":"https:\/\/jp2doc.pl\/fr\/2020\/08\/09\/ou-est-dieu\/#primaryimage"},"thumbnailUrl":"https:\/\/jp2doc.pl\/fr\/wp-content\/uploads\/sites\/5\/2020\/08\/miguel-a-amutio-8EB0jEOP_4c-unsplash.jpg","datePublished":"2020-08-09T07:28:40+00:00","dateModified":"2020-08-09T07:28:41+00:00","breadcrumb":{"@id":"https:\/\/jp2doc.pl\/fr\/2020\/08\/09\/ou-est-dieu\/#breadcrumb"},"inLanguage":"fr-FR","potentialAction":[{"@type":"ReadAction","target":["https:\/\/jp2doc.pl\/fr\/2020\/08\/09\/ou-est-dieu\/"]}]},{"@type":"ImageObject","inLanguage":"fr-FR","@id":"https:\/\/jp2doc.pl\/fr\/2020\/08\/09\/ou-est-dieu\/#primaryimage","url":"https:\/\/jp2doc.pl\/fr\/wp-content\/uploads\/sites\/5\/2020\/08\/miguel-a-amutio-8EB0jEOP_4c-unsplash.jpg","contentUrl":"https:\/\/jp2doc.pl\/fr\/wp-content\/uploads\/sites\/5\/2020\/08\/miguel-a-amutio-8EB0jEOP_4c-unsplash.jpg","width":1322,"height":881},{"@type":"BreadcrumbList","@id":"https:\/\/jp2doc.pl\/fr\/2020\/08\/09\/ou-est-dieu\/#breadcrumb","itemListElement":[{"@type":"ListItem","position":1,"name":"Home","item":"https:\/\/jp2doc.pl\/fr\/"},{"@type":"ListItem","position":2,"name":"O\u00f9 est Dieu ?"}]},{"@type":"WebSite","@id":"https:\/\/jp2doc.pl\/fr\/#website","url":"https:\/\/jp2doc.pl\/fr\/","name":"Centre de Documentation et d\u2019Etude du Pontificat de Jean-Paul II \u00e0 Rome","description":"","publisher":{"@id":"https:\/\/jp2doc.pl\/fr\/#organization"},"potentialAction":[{"@type":"SearchAction","target":{"@type":"EntryPoint","urlTemplate":"https:\/\/jp2doc.pl\/fr\/?s={search_term_string}"},"query-input":{"@type":"PropertyValueSpecification","valueRequired":true,"valueName":"search_term_string"}}],"inLanguage":"fr-FR"},{"@type":"Organization","@id":"https:\/\/jp2doc.pl\/fr\/#organization","name":"Centre de Documentation et d\u2019Etude du Pontificat de Jean-Paul II \u00e0 Rome","url":"https:\/\/jp2doc.pl\/fr\/","logo":{"@type":"ImageObject","inLanguage":"fr-FR","@id":"https:\/\/jp2doc.pl\/fr\/#\/schema\/logo\/image\/","url":"https:\/\/jp2doc.pl\/fr\/wp-content\/uploads\/sites\/5\/2017\/03\/cropped-logo.png","contentUrl":"https:\/\/jp2doc.pl\/fr\/wp-content\/uploads\/sites\/5\/2017\/03\/cropped-logo.png","width":115,"height":115,"caption":"Centre de Documentation et d\u2019Etude du Pontificat de Jean-Paul II \u00e0 Rome"},"image":{"@id":"https:\/\/jp2doc.pl\/fr\/#\/schema\/logo\/image\/"}},{"@type":"Person","@id":"https:\/\/jp2doc.pl\/fr\/#\/schema\/person\/6110109e80abb51f6fac4824777eabfe","name":"juliasercanka","image":{"@type":"ImageObject","inLanguage":"fr-FR","@id":"https:\/\/jp2doc.pl\/fr\/#\/schema\/person\/image\/","url":"https:\/\/secure.gravatar.com\/avatar\/266a66e864556e22d55d61b6b10c97fab9060767b738564bcd109f3997e372bc?s=96&d=mm&r=g","contentUrl":"https:\/\/secure.gravatar.com\/avatar\/266a66e864556e22d55d61b6b10c97fab9060767b738564bcd109f3997e372bc?s=96&d=mm&r=g","caption":"juliasercanka"},"url":"https:\/\/jp2doc.pl\/fr\/author\/juliasercanka\/"}]}},"_links":{"self":[{"href":"https:\/\/jp2doc.pl\/fr\/wp-json\/wp\/v2\/posts\/1736","targetHints":{"allow":["GET"]}}],"collection":[{"href":"https:\/\/jp2doc.pl\/fr\/wp-json\/wp\/v2\/posts"}],"about":[{"href":"https:\/\/jp2doc.pl\/fr\/wp-json\/wp\/v2\/types\/post"}],"author":[{"embeddable":true,"href":"https:\/\/jp2doc.pl\/fr\/wp-json\/wp\/v2\/users\/5"}],"replies":[{"embeddable":true,"href":"https:\/\/jp2doc.pl\/fr\/wp-json\/wp\/v2\/comments?post=1736"}],"version-history":[{"count":1,"href":"https:\/\/jp2doc.pl\/fr\/wp-json\/wp\/v2\/posts\/1736\/revisions"}],"predecessor-version":[{"id":1737,"href":"https:\/\/jp2doc.pl\/fr\/wp-json\/wp\/v2\/posts\/1736\/revisions\/1737"}],"wp:featuredmedia":[{"embeddable":true,"href":"https:\/\/jp2doc.pl\/fr\/wp-json\/wp\/v2\/media\/1738"}],"wp:attachment":[{"href":"https:\/\/jp2doc.pl\/fr\/wp-json\/wp\/v2\/media?parent=1736"}],"wp:term":[{"taxonomy":"category","embeddable":true,"href":"https:\/\/jp2doc.pl\/fr\/wp-json\/wp\/v2\/categories?post=1736"},{"taxonomy":"post_tag","embeddable":true,"href":"https:\/\/jp2doc.pl\/fr\/wp-json\/wp\/v2\/tags?post=1736"}],"curies":[{"name":"wp","href":"https:\/\/api.w.org\/{rel}","templated":true}]}}