{"id":1762,"date":"2020-09-20T09:47:43","date_gmt":"2020-09-20T07:47:43","guid":{"rendered":"https:\/\/jp2doc.pl\/fr\/?p=1762"},"modified":"2020-09-20T09:47:44","modified_gmt":"2020-09-20T07:47:44","slug":"pour-rendre-quelquun-heureux","status":"publish","type":"post","link":"https:\/\/jp2doc.pl\/fr\/2020\/09\/20\/pour-rendre-quelquun-heureux\/","title":{"rendered":"Pour rendre quelqu\u2019un heureux"},"content":{"rendered":"\n<p>Is 55, 6-9&nbsp;; Ph\n1,20-27&nbsp;; Mt 20, 1-16a&nbsp;&nbsp;&nbsp;&nbsp;&nbsp;&nbsp;&nbsp;&nbsp;&nbsp;&nbsp;&nbsp;&nbsp;&nbsp;&nbsp;&nbsp;&nbsp;&nbsp;&nbsp;&nbsp;&nbsp;&nbsp;&nbsp;&nbsp;&nbsp;&nbsp;&nbsp;&nbsp;&nbsp;&nbsp;&nbsp;&nbsp;&nbsp;&nbsp;&nbsp;&nbsp;&nbsp;&nbsp;&nbsp;&nbsp;&nbsp;&nbsp; <\/p>\n\n\n\n<p>En\nce vingt-cinqui\u00e8me dimanche du temps ordinaire, les lectures nous introduisent\nau th\u00e8me de <strong>la bont\u00e9<\/strong>. La bont\u00e9,\nc\u2019est la disposition \u00e0 faire le bien. C\u2019est la sympathie, la magnanimit\u00e9, la\nbienveillance, l\u2019amabilit\u00e9, la compassion \u2026<\/p>\n\n\n\n<p>Pour\nnous croyants, la bont\u00e9 est d\u2019origine divine, c\u00e9leste. Elle appartient \u00e0 Dieu\nqui la donne aux hommes. Souvenons-nous de la conversation entre J\u00e9sus et un\nnotable, rapport\u00e9e dans l\u2019\u00e9vangile de Luc au chapitre 18. Le notable avait\ninterrog\u00e9 J\u00e9sus en disant&nbsp;: \u00ab&nbsp;Bon ma\u00eetre, que dois-je faire pour\nrecevoir la vie \u00e9ternelle en partage&nbsp;?&nbsp;\u00bb. Dans sa r\u00e9ponse, J\u00e9sus\navait commenc\u00e9 par dire&nbsp;: \u00ab&nbsp;Pourquoi m\u2019appelles-tu bon&nbsp;? Nul\nn\u2019est bon que Dieu seul&nbsp;\u00bb.<\/p>\n\n\n\n<p>Alors\nquelle est la condition humaine&nbsp;? La premi\u00e8re lecture et l\u2019\u00e9vangile nous\nen parlent. Isa\u00efedit dans la\npremi\u00e8re lecture&nbsp;: \u00ab&nbsp;Que le m\u00e9chant abandonne son chemin, et l\u2019homme\npervers, ses pens\u00e9es&nbsp;\u00bb.<\/p>\n\n\n\n<p>Ici\nl\u2019on comprend que l\u2019homme, laiss\u00e9 \u00e0 lui-m\u00eame, est pervers dans ses pens\u00e9es.\nC\u2019est bien l\u00e0 notre condition.<\/p>\n\n\n\n<ul class=\"wp-block-list\"><li> Il nous arrive en effet de penser mal de nous-m\u00eames, de croire que nous sommes inutiles ou mal aim\u00e9s, voire incapables d\u2019arriver au succ\u00e8s. A force d\u2019avoir des pens\u00e9es sombres sur nous-m\u00eames, il n\u2019est pas \u00e9tonnant que l\u2019\u00e9chec nous rencontre en train de penser que nous \u00e9chouons. De cette mani\u00e8re, nous tuons en nous ce que nous pouvons avoir comme talents, nous tuons en nous ce que nous pouvons avoir de grand, de meilleur. L\u2019\u00e9vangile nous parle de ces ouvriers qui ont dit au ma\u00eetre du domaine\u00a0: \u00ab\u00a0personne ne nous a embauch\u00e9s\u00a0\u00bb.<\/li><\/ul>\n\n\n\n<ul class=\"wp-block-list\"><li>Et il nous arrive, malheureusement assez souvent, de penser mal des autres. Il peut s\u2019agir de vouloir \u00eatre ou avoir comme les autres (jalousie), \u00eatre ou avoir plus que les autres (domination, gourmandise), poss\u00e9der les autres ou les choses qui leur appartiennent (convoitise). Les autres peuvent \u00eatre des gens avec qui nous travaillons ou des gens avec qui nous \u00e9tudions, voir des gens avec qui nous habitons. Et cela peut \u00eatre du matin jusqu\u2019au soir. Nos pens\u00e9es perverses ne connaissent pas les limites de l\u2019espace et du temps. L\u2019\u00e9vangile illustre cela en nous parlant des ouvriers qui \u00e9taient r\u00e9volt\u00e9s contre le ma\u00eetre du domaine pour ne leur avoir pas donn\u00e9 plus d\u2019argent que les autres.<\/li><\/ul>\n\n\n\n<p>Habit\u00e9s\npar de mauvaises pens\u00e9es, nous finissons par emprunter de mauvais chemins, par\nprendre de mauvaises d\u00e9cisions, par devenir m\u00e9chants.<\/p>\n\n\n\n<p>Aujourd\u2019hui,\nl\u2019Ecriture nous r\u00e9veille, nous interpelle. Elle nous invite \u00e0 nous tourner vers\nle Seigneur avant qu\u2019il ne soit trop tard. Isa\u00efe nous dit dans la premi\u00e8re\nlecture&nbsp;: \u00ab&nbsp;Cherchez le Seigneur tant qu\u2019il se laisse trouver.\nInvoquez-le tant qu\u2019il est proche&nbsp;\u00bb.<\/p>\n\n\n\n<p>La\nquestion du ma\u00eetre du domaine \u00e0 l\u2019un de m\u00e9chants ouvriers vaut aussi pour\nnous&nbsp;: \u00ab&nbsp;Est-ce que ton regard est mauvais parce que je suis\nbon&nbsp;?&nbsp;\u00bb. Il s\u2019agit l\u00e0 au fond d\u2019un rappel de ce que nous&nbsp; devons \u00eatre, \u00e0 savoir&nbsp;: <strong>des gens bons parce que Dieu est bon<\/strong>.<\/p>\n\n\n\n<p>Suivant\nnos lectures, comment se pr\u00e9sente la bont\u00e9&nbsp;?<\/p>\n\n\n\n<ul class=\"wp-block-list\"><li><strong>La bont\u00e9 est cl\u00e9mente\u00a0<\/strong>: s\u2019adressant au m\u00e9chant, Isa\u00efe dit dans la premi\u00e8re lecture: Qu\u2019il revienne vers le Seigneur, qui aura piti\u00e9 de lui, vers Dieu, qui est riche en pardon\u00a0\u00bb. Nous nous d\u00e9tournons souvent de Dieu en ne vivant pas selon ses commandements, en nous associant \u00e0 de mauvaises personnes, en suivant de mauvais chemins. Bref, en faisant ce qui est mal aux yeux de Dieu. Mais Dieu nous aime. Il nous pardonne nos manquements quand nous nous tournons vers lui avec un c\u0153ur sinc\u00e8re. Il veut que nous puissions aussi \u00eatre capables de nous pardonner les uns les autres. Entre nous les probl\u00e8mes ne manquent pas.<\/li><\/ul>\n\n\n\n<p>&#8211;<em>Est-ce que je sais offrir le\npardon \u00e0 mes fr\u00e8res&nbsp;?<\/em><\/p>\n\n\n\n<ul class=\"wp-block-list\"><li> <strong>La bont\u00e9 sait rendre service\u00a0<\/strong>: dans sa lettre aux Philippiens, Saint Paul dit qu\u2019il aurait pr\u00e9f\u00e9r\u00e9 aller aupr\u00e8s du Christ, pour vivre avec lui, mais il sent qu\u2019il peut encore aider les Philippiens \u00e0 assimiler l\u2019\u00e9vangile. Penser aux autres, c\u2019est chr\u00e9tien. C\u2019est l\u2019amour du prochain, qui est \u00e0 c\u00f4t\u00e9 de l\u2019amour de Dieu, le plus grand de tous les commandements. Et ce service, on doit le rendre sans se lasser. Dans l\u2019\u00e9vangile, le ma\u00eetre du domaine est sorti plusieurs fois\u00a0: au petit jour, vers neuf heures, vers midi, vers trois heures et vers cinq heures, pour essayer de rendre quelqu\u2019un heureux.<\/li><\/ul>\n\n\n\n<p>&#8211;<em>Est-ce que je suis ouvert aux\nautres&nbsp;?<\/em><\/p>\n\n\n\n<ul class=\"wp-block-list\"><li> <strong>La bont\u00e9 aime la justice\u00a0<\/strong>: dans l\u2019\u00e9vangile, le ma\u00eetre du domaine dit explicitement \u00e0 ceux qu\u2019il est all\u00e9 embaucher vers neuf heures\u00a0: \u00ab\u00a0Allez-vous aussi \u00e0 ma vigne, et je vous donnerai ce qui est juste\u00a0\u00bb. Nous vivons dans un monde corrompu o\u00f9 les riches sont toujours plus riches, et les pauvres toujours plus pauvres, o\u00f9 les lois prot\u00e8gent les plus puissants au d\u00e9triment des plus faibles. Le ma\u00eetre du domaine ne se laisse pas corrompre, il respecte la parole donn\u00e9e, il remet \u00e0 chacun ce qui lui revient.<\/li><\/ul>\n\n\n\n<p>&#8211;<em>Est-ce que je suis une personne\njuste&nbsp;?<\/em><\/p>\n\n\n\n<p>Arriv\u00e9 \u00e0 ce point, nous pouvons dire que l\u2019exhortation de Saint Paul aux Philippiens vaut aussi et surtout pour nous\u00a0: \u00ab\u00a0menons une vie digne de l\u2019Evangile du Christ\u00a0\u00bb.<\/p>\n\n\n\n<p>Demandons\nau Seigneur, la gr\u00e2ce d\u2019\u00eatre des hommes bons&nbsp;; anim\u00e9s des sentiments\npositifs envers nos prochains et envers nous-m\u00eames&nbsp;; des hommes\npleins&nbsp; de magnanimit\u00e9, de&nbsp; bienveillance, d\u2019amabilit\u00e9, de patience et de\ncompassion \u00e0 la mani\u00e8re de notre Seigneur.&nbsp;\nQu\u2019en toutes circonstances, nous sachions nous tourner vers le\nSeigneur-Dieu d\u2019amour et de piti\u00e9 qui se laisse trouver pour ceux qui le\ncherche.<\/p>\n\n\n\n<p><strong>Abb\u00e9 Jean Claude Ciza<\/strong><\/p>\n\n\n\n<p><em>Fot. Anna Hecker\/Unsplash.com<\/em><\/p>\n","protected":false},"excerpt":{"rendered":"<p>XXV Dimanche du Temps Ordinaire <\/p>\n","protected":false},"author":5,"featured_media":1763,"comment_status":"open","ping_status":"open","sticky":false,"template":"","format":"standard","meta":{"_acf_changed":false,"_exactmetrics_skip_tracking":false,"_exactmetrics_sitenote_active":false,"_exactmetrics_sitenote_note":"","_exactmetrics_sitenote_category":0,"footnotes":""},"categories":[4,13,14],"tags":[],"class_list":["post-1762","post","type-post","status-publish","format-standard","has-post-thumbnail","hentry","category-blog","category-strona-glowna-najnowsze","category-strona-glowna-slider"],"acf":[],"yoast_head":"<!-- This site is optimized with the Yoast SEO plugin v26.2 - https:\/\/yoast.com\/wordpress\/plugins\/seo\/ -->\n<title>Pour rendre quelqu\u2019un heureux - Centre de Documentation et d\u2019Etude du Pontificat de Jean-Paul II \u00e0 Rome<\/title>\n<meta name=\"robots\" content=\"index, follow, max-snippet:-1, max-image-preview:large, max-video-preview:-1\" \/>\n<link rel=\"canonical\" href=\"https:\/\/jp2doc.pl\/fr\/2020\/09\/20\/pour-rendre-quelquun-heureux\/\" \/>\n<meta property=\"og:locale\" content=\"fr_FR\" \/>\n<meta property=\"og:type\" content=\"article\" \/>\n<meta property=\"og:title\" content=\"Pour rendre quelqu\u2019un heureux - Centre de Documentation et d\u2019Etude du Pontificat de Jean-Paul II \u00e0 Rome\" \/>\n<meta property=\"og:description\" content=\"XXV Dimanche du Temps Ordinaire\" \/>\n<meta property=\"og:url\" content=\"https:\/\/jp2doc.pl\/fr\/2020\/09\/20\/pour-rendre-quelquun-heureux\/\" \/>\n<meta property=\"og:site_name\" content=\"Centre de Documentation et d\u2019Etude du Pontificat de Jean-Paul II \u00e0 Rome\" \/>\n<meta property=\"article:published_time\" content=\"2020-09-20T07:47:43+00:00\" \/>\n<meta property=\"article:modified_time\" content=\"2020-09-20T07:47:44+00:00\" \/>\n<meta property=\"og:image\" content=\"https:\/\/jp2doc.pl\/fr\/wp-content\/uploads\/sites\/5\/2020\/09\/anna-hecker-HEm5eXJdveU-unsplash.jpg\" \/>\n\t<meta property=\"og:image:width\" content=\"1440\" \/>\n\t<meta property=\"og:image:height\" content=\"960\" \/>\n\t<meta property=\"og:image:type\" content=\"image\/jpeg\" \/>\n<meta name=\"author\" content=\"juliasercanka\" \/>\n<meta name=\"twitter:card\" content=\"summary_large_image\" \/>\n<meta name=\"twitter:label1\" content=\"\u00c9crit par\" \/>\n\t<meta name=\"twitter:data1\" content=\"juliasercanka\" \/>\n\t<meta name=\"twitter:label2\" content=\"Dur\u00e9e de lecture estim\u00e9e\" \/>\n\t<meta name=\"twitter:data2\" content=\"5 minutes\" \/>\n<script type=\"application\/ld+json\" class=\"yoast-schema-graph\">{\"@context\":\"https:\/\/schema.org\",\"@graph\":[{\"@type\":\"Article\",\"@id\":\"https:\/\/jp2doc.pl\/fr\/2020\/09\/20\/pour-rendre-quelquun-heureux\/#article\",\"isPartOf\":{\"@id\":\"https:\/\/jp2doc.pl\/fr\/2020\/09\/20\/pour-rendre-quelquun-heureux\/\"},\"author\":{\"name\":\"juliasercanka\",\"@id\":\"https:\/\/jp2doc.pl\/fr\/#\/schema\/person\/6110109e80abb51f6fac4824777eabfe\"},\"headline\":\"Pour rendre quelqu\u2019un heureux\",\"datePublished\":\"2020-09-20T07:47:43+00:00\",\"dateModified\":\"2020-09-20T07:47:44+00:00\",\"mainEntityOfPage\":{\"@id\":\"https:\/\/jp2doc.pl\/fr\/2020\/09\/20\/pour-rendre-quelquun-heureux\/\"},\"wordCount\":1078,\"commentCount\":0,\"publisher\":{\"@id\":\"https:\/\/jp2doc.pl\/fr\/#organization\"},\"image\":{\"@id\":\"https:\/\/jp2doc.pl\/fr\/2020\/09\/20\/pour-rendre-quelquun-heureux\/#primaryimage\"},\"thumbnailUrl\":\"https:\/\/jp2doc.pl\/fr\/wp-content\/uploads\/sites\/5\/2020\/09\/anna-hecker-HEm5eXJdveU-unsplash.jpg\",\"articleSection\":[\"Blog\",\"Strona g\u0142\u00f3wna - najnowsze\",\"Strona g\u0142\u00f3wna - slider\"],\"inLanguage\":\"fr-FR\",\"potentialAction\":[{\"@type\":\"CommentAction\",\"name\":\"Comment\",\"target\":[\"https:\/\/jp2doc.pl\/fr\/2020\/09\/20\/pour-rendre-quelquun-heureux\/#respond\"]}]},{\"@type\":\"WebPage\",\"@id\":\"https:\/\/jp2doc.pl\/fr\/2020\/09\/20\/pour-rendre-quelquun-heureux\/\",\"url\":\"https:\/\/jp2doc.pl\/fr\/2020\/09\/20\/pour-rendre-quelquun-heureux\/\",\"name\":\"Pour rendre quelqu\u2019un heureux - Centre de Documentation et d\u2019Etude du Pontificat de Jean-Paul II \u00e0 Rome\",\"isPartOf\":{\"@id\":\"https:\/\/jp2doc.pl\/fr\/#website\"},\"primaryImageOfPage\":{\"@id\":\"https:\/\/jp2doc.pl\/fr\/2020\/09\/20\/pour-rendre-quelquun-heureux\/#primaryimage\"},\"image\":{\"@id\":\"https:\/\/jp2doc.pl\/fr\/2020\/09\/20\/pour-rendre-quelquun-heureux\/#primaryimage\"},\"thumbnailUrl\":\"https:\/\/jp2doc.pl\/fr\/wp-content\/uploads\/sites\/5\/2020\/09\/anna-hecker-HEm5eXJdveU-unsplash.jpg\",\"datePublished\":\"2020-09-20T07:47:43+00:00\",\"dateModified\":\"2020-09-20T07:47:44+00:00\",\"breadcrumb\":{\"@id\":\"https:\/\/jp2doc.pl\/fr\/2020\/09\/20\/pour-rendre-quelquun-heureux\/#breadcrumb\"},\"inLanguage\":\"fr-FR\",\"potentialAction\":[{\"@type\":\"ReadAction\",\"target\":[\"https:\/\/jp2doc.pl\/fr\/2020\/09\/20\/pour-rendre-quelquun-heureux\/\"]}]},{\"@type\":\"ImageObject\",\"inLanguage\":\"fr-FR\",\"@id\":\"https:\/\/jp2doc.pl\/fr\/2020\/09\/20\/pour-rendre-quelquun-heureux\/#primaryimage\",\"url\":\"https:\/\/jp2doc.pl\/fr\/wp-content\/uploads\/sites\/5\/2020\/09\/anna-hecker-HEm5eXJdveU-unsplash.jpg\",\"contentUrl\":\"https:\/\/jp2doc.pl\/fr\/wp-content\/uploads\/sites\/5\/2020\/09\/anna-hecker-HEm5eXJdveU-unsplash.jpg\",\"width\":1440,\"height\":960},{\"@type\":\"BreadcrumbList\",\"@id\":\"https:\/\/jp2doc.pl\/fr\/2020\/09\/20\/pour-rendre-quelquun-heureux\/#breadcrumb\",\"itemListElement\":[{\"@type\":\"ListItem\",\"position\":1,\"name\":\"Home\",\"item\":\"https:\/\/jp2doc.pl\/fr\/\"},{\"@type\":\"ListItem\",\"position\":2,\"name\":\"Pour rendre quelqu\u2019un heureux\"}]},{\"@type\":\"WebSite\",\"@id\":\"https:\/\/jp2doc.pl\/fr\/#website\",\"url\":\"https:\/\/jp2doc.pl\/fr\/\",\"name\":\"Centre de Documentation et d\u2019Etude du Pontificat de Jean-Paul II \u00e0 Rome\",\"description\":\"\",\"publisher\":{\"@id\":\"https:\/\/jp2doc.pl\/fr\/#organization\"},\"potentialAction\":[{\"@type\":\"SearchAction\",\"target\":{\"@type\":\"EntryPoint\",\"urlTemplate\":\"https:\/\/jp2doc.pl\/fr\/?s={search_term_string}\"},\"query-input\":{\"@type\":\"PropertyValueSpecification\",\"valueRequired\":true,\"valueName\":\"search_term_string\"}}],\"inLanguage\":\"fr-FR\"},{\"@type\":\"Organization\",\"@id\":\"https:\/\/jp2doc.pl\/fr\/#organization\",\"name\":\"Centre de Documentation et d\u2019Etude du Pontificat de Jean-Paul II \u00e0 Rome\",\"url\":\"https:\/\/jp2doc.pl\/fr\/\",\"logo\":{\"@type\":\"ImageObject\",\"inLanguage\":\"fr-FR\",\"@id\":\"https:\/\/jp2doc.pl\/fr\/#\/schema\/logo\/image\/\",\"url\":\"https:\/\/jp2doc.pl\/fr\/wp-content\/uploads\/sites\/5\/2017\/03\/cropped-logo.png\",\"contentUrl\":\"https:\/\/jp2doc.pl\/fr\/wp-content\/uploads\/sites\/5\/2017\/03\/cropped-logo.png\",\"width\":115,\"height\":115,\"caption\":\"Centre de Documentation et d\u2019Etude du Pontificat de Jean-Paul II \u00e0 Rome\"},\"image\":{\"@id\":\"https:\/\/jp2doc.pl\/fr\/#\/schema\/logo\/image\/\"}},{\"@type\":\"Person\",\"@id\":\"https:\/\/jp2doc.pl\/fr\/#\/schema\/person\/6110109e80abb51f6fac4824777eabfe\",\"name\":\"juliasercanka\",\"image\":{\"@type\":\"ImageObject\",\"inLanguage\":\"fr-FR\",\"@id\":\"https:\/\/jp2doc.pl\/fr\/#\/schema\/person\/image\/\",\"url\":\"https:\/\/secure.gravatar.com\/avatar\/266a66e864556e22d55d61b6b10c97fab9060767b738564bcd109f3997e372bc?s=96&d=mm&r=g\",\"contentUrl\":\"https:\/\/secure.gravatar.com\/avatar\/266a66e864556e22d55d61b6b10c97fab9060767b738564bcd109f3997e372bc?s=96&d=mm&r=g\",\"caption\":\"juliasercanka\"},\"url\":\"https:\/\/jp2doc.pl\/fr\/author\/juliasercanka\/\"}]}<\/script>\n<!-- \/ Yoast SEO plugin. -->","yoast_head_json":{"title":"Pour rendre quelqu\u2019un heureux - Centre de Documentation et d\u2019Etude du Pontificat de Jean-Paul II \u00e0 Rome","robots":{"index":"index","follow":"follow","max-snippet":"max-snippet:-1","max-image-preview":"max-image-preview:large","max-video-preview":"max-video-preview:-1"},"canonical":"https:\/\/jp2doc.pl\/fr\/2020\/09\/20\/pour-rendre-quelquun-heureux\/","og_locale":"fr_FR","og_type":"article","og_title":"Pour rendre quelqu\u2019un heureux - Centre de Documentation et d\u2019Etude du Pontificat de Jean-Paul II \u00e0 Rome","og_description":"XXV Dimanche du Temps Ordinaire","og_url":"https:\/\/jp2doc.pl\/fr\/2020\/09\/20\/pour-rendre-quelquun-heureux\/","og_site_name":"Centre de Documentation et d\u2019Etude du Pontificat de Jean-Paul II \u00e0 Rome","article_published_time":"2020-09-20T07:47:43+00:00","article_modified_time":"2020-09-20T07:47:44+00:00","og_image":[{"width":1440,"height":960,"url":"https:\/\/jp2doc.pl\/fr\/wp-content\/uploads\/sites\/5\/2020\/09\/anna-hecker-HEm5eXJdveU-unsplash.jpg","type":"image\/jpeg"}],"author":"juliasercanka","twitter_card":"summary_large_image","twitter_misc":{"\u00c9crit par":"juliasercanka","Dur\u00e9e de lecture estim\u00e9e":"5 minutes"},"schema":{"@context":"https:\/\/schema.org","@graph":[{"@type":"Article","@id":"https:\/\/jp2doc.pl\/fr\/2020\/09\/20\/pour-rendre-quelquun-heureux\/#article","isPartOf":{"@id":"https:\/\/jp2doc.pl\/fr\/2020\/09\/20\/pour-rendre-quelquun-heureux\/"},"author":{"name":"juliasercanka","@id":"https:\/\/jp2doc.pl\/fr\/#\/schema\/person\/6110109e80abb51f6fac4824777eabfe"},"headline":"Pour rendre quelqu\u2019un heureux","datePublished":"2020-09-20T07:47:43+00:00","dateModified":"2020-09-20T07:47:44+00:00","mainEntityOfPage":{"@id":"https:\/\/jp2doc.pl\/fr\/2020\/09\/20\/pour-rendre-quelquun-heureux\/"},"wordCount":1078,"commentCount":0,"publisher":{"@id":"https:\/\/jp2doc.pl\/fr\/#organization"},"image":{"@id":"https:\/\/jp2doc.pl\/fr\/2020\/09\/20\/pour-rendre-quelquun-heureux\/#primaryimage"},"thumbnailUrl":"https:\/\/jp2doc.pl\/fr\/wp-content\/uploads\/sites\/5\/2020\/09\/anna-hecker-HEm5eXJdveU-unsplash.jpg","articleSection":["Blog","Strona g\u0142\u00f3wna - najnowsze","Strona g\u0142\u00f3wna - slider"],"inLanguage":"fr-FR","potentialAction":[{"@type":"CommentAction","name":"Comment","target":["https:\/\/jp2doc.pl\/fr\/2020\/09\/20\/pour-rendre-quelquun-heureux\/#respond"]}]},{"@type":"WebPage","@id":"https:\/\/jp2doc.pl\/fr\/2020\/09\/20\/pour-rendre-quelquun-heureux\/","url":"https:\/\/jp2doc.pl\/fr\/2020\/09\/20\/pour-rendre-quelquun-heureux\/","name":"Pour rendre quelqu\u2019un heureux - Centre de Documentation et d\u2019Etude du Pontificat de Jean-Paul II \u00e0 Rome","isPartOf":{"@id":"https:\/\/jp2doc.pl\/fr\/#website"},"primaryImageOfPage":{"@id":"https:\/\/jp2doc.pl\/fr\/2020\/09\/20\/pour-rendre-quelquun-heureux\/#primaryimage"},"image":{"@id":"https:\/\/jp2doc.pl\/fr\/2020\/09\/20\/pour-rendre-quelquun-heureux\/#primaryimage"},"thumbnailUrl":"https:\/\/jp2doc.pl\/fr\/wp-content\/uploads\/sites\/5\/2020\/09\/anna-hecker-HEm5eXJdveU-unsplash.jpg","datePublished":"2020-09-20T07:47:43+00:00","dateModified":"2020-09-20T07:47:44+00:00","breadcrumb":{"@id":"https:\/\/jp2doc.pl\/fr\/2020\/09\/20\/pour-rendre-quelquun-heureux\/#breadcrumb"},"inLanguage":"fr-FR","potentialAction":[{"@type":"ReadAction","target":["https:\/\/jp2doc.pl\/fr\/2020\/09\/20\/pour-rendre-quelquun-heureux\/"]}]},{"@type":"ImageObject","inLanguage":"fr-FR","@id":"https:\/\/jp2doc.pl\/fr\/2020\/09\/20\/pour-rendre-quelquun-heureux\/#primaryimage","url":"https:\/\/jp2doc.pl\/fr\/wp-content\/uploads\/sites\/5\/2020\/09\/anna-hecker-HEm5eXJdveU-unsplash.jpg","contentUrl":"https:\/\/jp2doc.pl\/fr\/wp-content\/uploads\/sites\/5\/2020\/09\/anna-hecker-HEm5eXJdveU-unsplash.jpg","width":1440,"height":960},{"@type":"BreadcrumbList","@id":"https:\/\/jp2doc.pl\/fr\/2020\/09\/20\/pour-rendre-quelquun-heureux\/#breadcrumb","itemListElement":[{"@type":"ListItem","position":1,"name":"Home","item":"https:\/\/jp2doc.pl\/fr\/"},{"@type":"ListItem","position":2,"name":"Pour rendre quelqu\u2019un heureux"}]},{"@type":"WebSite","@id":"https:\/\/jp2doc.pl\/fr\/#website","url":"https:\/\/jp2doc.pl\/fr\/","name":"Centre de Documentation et d\u2019Etude du Pontificat de Jean-Paul II \u00e0 Rome","description":"","publisher":{"@id":"https:\/\/jp2doc.pl\/fr\/#organization"},"potentialAction":[{"@type":"SearchAction","target":{"@type":"EntryPoint","urlTemplate":"https:\/\/jp2doc.pl\/fr\/?s={search_term_string}"},"query-input":{"@type":"PropertyValueSpecification","valueRequired":true,"valueName":"search_term_string"}}],"inLanguage":"fr-FR"},{"@type":"Organization","@id":"https:\/\/jp2doc.pl\/fr\/#organization","name":"Centre de Documentation et d\u2019Etude du Pontificat de Jean-Paul II \u00e0 Rome","url":"https:\/\/jp2doc.pl\/fr\/","logo":{"@type":"ImageObject","inLanguage":"fr-FR","@id":"https:\/\/jp2doc.pl\/fr\/#\/schema\/logo\/image\/","url":"https:\/\/jp2doc.pl\/fr\/wp-content\/uploads\/sites\/5\/2017\/03\/cropped-logo.png","contentUrl":"https:\/\/jp2doc.pl\/fr\/wp-content\/uploads\/sites\/5\/2017\/03\/cropped-logo.png","width":115,"height":115,"caption":"Centre de Documentation et d\u2019Etude du Pontificat de Jean-Paul II \u00e0 Rome"},"image":{"@id":"https:\/\/jp2doc.pl\/fr\/#\/schema\/logo\/image\/"}},{"@type":"Person","@id":"https:\/\/jp2doc.pl\/fr\/#\/schema\/person\/6110109e80abb51f6fac4824777eabfe","name":"juliasercanka","image":{"@type":"ImageObject","inLanguage":"fr-FR","@id":"https:\/\/jp2doc.pl\/fr\/#\/schema\/person\/image\/","url":"https:\/\/secure.gravatar.com\/avatar\/266a66e864556e22d55d61b6b10c97fab9060767b738564bcd109f3997e372bc?s=96&d=mm&r=g","contentUrl":"https:\/\/secure.gravatar.com\/avatar\/266a66e864556e22d55d61b6b10c97fab9060767b738564bcd109f3997e372bc?s=96&d=mm&r=g","caption":"juliasercanka"},"url":"https:\/\/jp2doc.pl\/fr\/author\/juliasercanka\/"}]}},"_links":{"self":[{"href":"https:\/\/jp2doc.pl\/fr\/wp-json\/wp\/v2\/posts\/1762","targetHints":{"allow":["GET"]}}],"collection":[{"href":"https:\/\/jp2doc.pl\/fr\/wp-json\/wp\/v2\/posts"}],"about":[{"href":"https:\/\/jp2doc.pl\/fr\/wp-json\/wp\/v2\/types\/post"}],"author":[{"embeddable":true,"href":"https:\/\/jp2doc.pl\/fr\/wp-json\/wp\/v2\/users\/5"}],"replies":[{"embeddable":true,"href":"https:\/\/jp2doc.pl\/fr\/wp-json\/wp\/v2\/comments?post=1762"}],"version-history":[{"count":2,"href":"https:\/\/jp2doc.pl\/fr\/wp-json\/wp\/v2\/posts\/1762\/revisions"}],"predecessor-version":[{"id":1765,"href":"https:\/\/jp2doc.pl\/fr\/wp-json\/wp\/v2\/posts\/1762\/revisions\/1765"}],"wp:featuredmedia":[{"embeddable":true,"href":"https:\/\/jp2doc.pl\/fr\/wp-json\/wp\/v2\/media\/1763"}],"wp:attachment":[{"href":"https:\/\/jp2doc.pl\/fr\/wp-json\/wp\/v2\/media?parent=1762"}],"wp:term":[{"taxonomy":"category","embeddable":true,"href":"https:\/\/jp2doc.pl\/fr\/wp-json\/wp\/v2\/categories?post=1762"},{"taxonomy":"post_tag","embeddable":true,"href":"https:\/\/jp2doc.pl\/fr\/wp-json\/wp\/v2\/tags?post=1762"}],"curies":[{"name":"wp","href":"https:\/\/api.w.org\/{rel}","templated":true}]}}