{"id":1771,"date":"2020-10-04T09:45:15","date_gmt":"2020-10-04T07:45:15","guid":{"rendered":"https:\/\/jp2doc.pl\/fr\/?p=1771"},"modified":"2020-10-04T09:45:16","modified_gmt":"2020-10-04T07:45:16","slug":"nous-sommes-des-gerants-des-biens-de-dieu","status":"publish","type":"post","link":"https:\/\/jp2doc.pl\/fr\/2020\/10\/04\/nous-sommes-des-gerants-des-biens-de-dieu\/","title":{"rendered":"Nous sommes des g\u00e9rants des biens de Dieu"},"content":{"rendered":"\n<p> \u00a0 <\/p>\n\n\n\n<p>Is 18, 1-7&nbsp;;\nPh 4,6-9&nbsp;; Mt 21, 33-43.&nbsp;&nbsp;&nbsp;&nbsp;&nbsp;&nbsp;&nbsp;&nbsp;&nbsp;&nbsp;&nbsp;&nbsp;&nbsp;&nbsp;&nbsp;&nbsp;&nbsp;&nbsp;&nbsp;&nbsp;&nbsp;&nbsp;&nbsp;&nbsp;&nbsp;&nbsp;&nbsp;&nbsp;&nbsp;&nbsp;&nbsp;&nbsp;&nbsp;&nbsp;&nbsp;&nbsp;&nbsp;&nbsp;&nbsp;&nbsp;&nbsp; <\/p>\n\n\n\n<p>L\u2019\u00e9vangile\nde ce jour nous parle de la parabole des vignerons homicides. Aujourd\u2019hui, il\nest question de trois paraboles du refus&nbsp;; refus de Dieu&nbsp;; refus\nd\u2019alliance\u2026 Nous voyons dans cette histoire une situation m\u00eal\u00e9e de violence et\nd\u2019amour, de trahison et de d\u00e9ception, d\u2019hostilit\u00e9 des ouvriers et une confiance\nobstin\u00e9e du propri\u00e9taire de la vigne.<\/p>\n\n\n\n<p>Le texte\nd\u2019aujourd\u2019hui est encadr\u00e9 par deux paraboles&nbsp;; celle &nbsp;du dimanche pass\u00e9 o\u00f9 il \u00e9tait question d\u2019un\np\u00e8re qui envoie ses deux enfants travaill\u00e9 au champ et &nbsp;l\u2019\u00e9pisode du festin de noces. <\/p>\n\n\n\n<p>En proposant ces\nparaboles, le Christ met ne premier lieu ses auditeurs en garde et sp\u00e9cialement\nles responsables religieux, contre leur attitude de rejet de la Bonne Nouvelle\ndu Salut. \u00ab&nbsp;Puisque vous vous obstinez dans votre refus, leur dit-il, Dieu\nva vous arracher le Royaume pour le confier \u00e0 d\u2019autres&nbsp;\u00bb.<\/p>\n\n\n\n<p>Ecoutons d\u2019abord le\ncontexte de cette parabole. Les vignerons ont \u00e9t\u00e9 embauch\u00e9s comme salari\u00e9s par\nun propri\u00e9taire trop confiant, mais ils se sont &nbsp;transform\u00e9s en meurtriers en vue de s\u2019emparer\ndu champ. Pouss\u00e9s par la r\u00e9volte et une cupidit\u00e9 insatiable, ils n\u2019h\u00e9sitent pas\n\u00e0 mettre \u00e0 mort l\u2019h\u00e9ritier du domaine. Ce r\u00e9cit rappel les \u00e9v\u00e9nements\nhistoriques de la passion du Christ comme Fils du propri\u00e9taire ainsi que la\ndestruction de J\u00e9rusalem par Titus en 70. Mais r\u00e9sumons en six points les enseignements\nde ce r\u00e9cit.<\/p>\n\n\n\n<h5 class=\"wp-block-heading\"><strong>La vigne et son propri\u00e9taire<\/strong> <\/h5>\n\n\n\n<p>Le propri\u00e9taire\nc\u2019est Dieu&nbsp;; la vigne repr\u00e9sente le monde ou du moins le peuple d\u2019Isra\u00ebl&nbsp;;\nla cl\u00f4ture peut designer la loi et le pressoir l\u2019autel des sacrifices dans le\nTemple. Tous ces \u00e9l\u00e9ments soulignent l\u2019amour profond du propri\u00e9taire pour sa\nvigne et, par analogie, la pr\u00e9dilection de Dieu pour son peuple. L\u2019essentiel\n\u00e9tant fait, nous dit le texte, le propri\u00e9taire confie la vigne en fermage \u00e0 des\nvignerons et part en voyage. Nous voyons dans cette d\u00e9cision, la libert\u00e9 que\nDieu laisse \u00e0 l\u2019homme en remettant le monde dans ses mains. Dieu fait\ntoujours&nbsp; confiance \u00e0 l\u2019homme.&nbsp; Ce dernier est le g\u00e9rant de l\u2019entreprise de\nDieu.<\/p>\n\n\n\n<h5 class=\"wp-block-heading\"><strong>L\u2019attitude absurde des vignerons<\/strong><\/h5>\n\n\n\n<p>Le tort de ces\nvignerons n\u2019est pas d\u2019\u00eatre rest\u00e9s inactifs, mais d\u2019avoir voulu s\u2019approprier le\nfruit de la vigne et surtout de brutaliser les envoy\u00e9s de leur ma\u00eetre jusqu\u2019\u00e0\nassassiner son propre fils. Le grand p\u00e9ch\u00e9 c\u2019est ce meurtre et la tentation de\ntravailler pour eux-m\u00eames au lieu de s\u2019investir pour le propri\u00e9taire de la vigne.\nC\u2019est la tentation qui nous arrive souvent, celle de vouloir nous d\u00e9barrasser\ndu Christ et de chercher \u00e0 travailler pour nous-m\u00eames en oubliant Dieu. La\ntentation de gagner plus m\u00eame par voies diaboliques.<\/p>\n\n\n\n<h5 class=\"wp-block-heading\"><strong>La violence est fille a\u00een\u00e9e de l\u2019ambition<\/strong><\/h5>\n\n\n\n<p>La violence\ncroissante des vignerons, qui n\u2019h\u00e9sitent pas \u00e0 tuer l\u2019h\u00e9ritier nous rappelle\nune v\u00e9rit\u00e9 importante: chaque\nfois que l\u2019homme s\u2019\u00e9rige en propri\u00e9taire du monde, il se transforme en bourreau\npour ses fr\u00e8res. Regardons ce qui s\u2019est pass\u00e9 et qui continue \u00e0 se passer dans\nle monde actuellement avec le covid -19. La cupidit\u00e9 d\u00e9mesur\u00e9e fait de l\u2019homme\nun assassin. Dans son ambition de se substituer \u00e0 Dieu, l\u2019homme devient, sans\nle savoir, un tyran et un meurtrier. Interrogez l\u2019histoire, et elle vous dira\nque la violence na\u00eet souvent de l\u2019ambition. L\u2019Afrique avec ses guerres et\nrebellions nous en parle plus.<\/p>\n\n\n\n<h5 class=\"wp-block-heading\"><strong>La confiance incompr\u00e9hensible du propri\u00e9taire<\/strong><\/h5>\n\n\n\n<p>A la violence\ngrandissante des vignerons, le propri\u00e9taire n\u2019a voulu rien opposer d\u2019autre que\nl\u2019autorit\u00e9 d\u00e9sarm\u00e9e de son fils. Une attitude un peu na\u00efve de sa part. Cette\nattitude de Dieu nous invite \u00e0 r\u00e9fl\u00e9chir deux fois. Pourquoi nous fait-il si\nconfiance \u00e0 ce point&nbsp;? Pourquoi s\u2019obstine-t-il \u00e0 croire&nbsp; \u00e0 la bont\u00e9 de l\u2019homme&nbsp;? Pourquoi est-il\nsi patient envers lui, si ce n\u2019est \u00e0 cause de son amour&nbsp;? Une le\u00e7on de\ntaille pour nos familles&nbsp;; les couples&nbsp;: la patience, la confiance\nmutuelle comme signes d\u2019amour entre conjoints.<\/p>\n\n\n\n<h5 class=\"wp-block-heading\"><strong>De la parabole \u00e0 notre vie<\/strong><\/h5>\n\n\n\n<p>Ces vignerons\ncupides et odieux qui sont-ils&nbsp;? S\u2019agit-il seulement des responsables\nreligieux du temps de J\u00e9sus&nbsp;? Ouvrons les yeux et regardons notre monde\nactuel.&nbsp; Que de fils assassin\u00e9s et de\nbiens d\u00e9tourn\u00e9s par convoitise&nbsp;! Que ne faisons-nous pas pour garder des\nbiens mal acquis&nbsp;? Comment administrons-nous ce que le Seigneur nous\nconfie&nbsp;?&nbsp; Sommes-nous suffisamment\nhonn\u00eates pour reconna\u00eetre que nous ne sommes pas des propri\u00e9taires mais plut\u00f4t\ndes g\u00e9rants des biens de Dieu&nbsp;?<\/p>\n\n\n\n<p>Enfin, consid\u00e9rons\ncette parabole comme un avertissement qui nous est adress\u00e9. La vigne est\nconfi\u00e9e \u00e0 l\u2019homme, \u00e0 chacun de nous pour qu\u2019elle produise des fruits.\nL\u2019avertissement est s\u00e9rieux, ne l\u2019oublions pas&nbsp;!que le Seigneur fasse de\nnous des vrais g\u00e9rants de sa vigne, de nos familles, de nos entreprises, de\nnotre soci\u00e9t\u00e9, de notre Eglise et qu\u2019il enl\u00e8ve en nous l\u2019esprit de cupidit\u00e9, de\nvol&nbsp;; d\u2019envie et de d\u00e9tournement. <\/p>\n\n\n\n<p><strong>\u00a0Abb\u00e9 Jean Claude Ciza\u00a0<em> <\/em><\/strong><\/p>\n\n\n\n<p><em>Fot. Gaetano Cessati\/Unsplash.com<\/em><\/p>\n","protected":false},"excerpt":{"rendered":"<p>XXVII Dimanche du Temps Ordinaire<\/p>\n","protected":false},"author":5,"featured_media":1772,"comment_status":"open","ping_status":"open","sticky":false,"template":"","format":"standard","meta":{"_acf_changed":false,"_exactmetrics_skip_tracking":false,"_exactmetrics_sitenote_active":false,"_exactmetrics_sitenote_note":"","_exactmetrics_sitenote_category":0,"footnotes":""},"categories":[4,13,14],"tags":[],"class_list":["post-1771","post","type-post","status-publish","format-standard","has-post-thumbnail","hentry","category-blog","category-strona-glowna-najnowsze","category-strona-glowna-slider"],"acf":[],"yoast_head":"<!-- This site is optimized with the Yoast SEO plugin v26.2 - https:\/\/yoast.com\/wordpress\/plugins\/seo\/ -->\n<title>Nous sommes des g\u00e9rants des biens de Dieu - Centre de Documentation et d\u2019Etude du Pontificat de Jean-Paul II \u00e0 Rome<\/title>\n<meta name=\"robots\" content=\"index, follow, max-snippet:-1, max-image-preview:large, max-video-preview:-1\" \/>\n<link rel=\"canonical\" href=\"https:\/\/jp2doc.pl\/fr\/2020\/10\/04\/nous-sommes-des-gerants-des-biens-de-dieu\/\" \/>\n<meta property=\"og:locale\" content=\"fr_FR\" \/>\n<meta property=\"og:type\" content=\"article\" \/>\n<meta property=\"og:title\" content=\"Nous sommes des g\u00e9rants des biens de Dieu - Centre de Documentation et d\u2019Etude du Pontificat de Jean-Paul II \u00e0 Rome\" \/>\n<meta property=\"og:description\" content=\"XXVII Dimanche du Temps Ordinaire\" \/>\n<meta property=\"og:url\" content=\"https:\/\/jp2doc.pl\/fr\/2020\/10\/04\/nous-sommes-des-gerants-des-biens-de-dieu\/\" \/>\n<meta property=\"og:site_name\" content=\"Centre de Documentation et d\u2019Etude du Pontificat de Jean-Paul II \u00e0 Rome\" \/>\n<meta property=\"article:published_time\" content=\"2020-10-04T07:45:15+00:00\" \/>\n<meta property=\"article:modified_time\" content=\"2020-10-04T07:45:16+00:00\" \/>\n<meta property=\"og:image\" content=\"https:\/\/jp2doc.pl\/fr\/wp-content\/uploads\/sites\/5\/2020\/10\/gaetano-cessati-IIMPbLjtKL8-unsplash.jpg\" \/>\n\t<meta property=\"og:image:width\" content=\"1680\" \/>\n\t<meta property=\"og:image:height\" content=\"1120\" \/>\n\t<meta property=\"og:image:type\" content=\"image\/jpeg\" \/>\n<meta name=\"author\" content=\"juliasercanka\" \/>\n<meta name=\"twitter:card\" content=\"summary_large_image\" \/>\n<meta name=\"twitter:label1\" content=\"\u00c9crit par\" \/>\n\t<meta name=\"twitter:data1\" content=\"juliasercanka\" \/>\n\t<meta name=\"twitter:label2\" content=\"Dur\u00e9e de lecture estim\u00e9e\" \/>\n\t<meta name=\"twitter:data2\" content=\"5 minutes\" \/>\n<script type=\"application\/ld+json\" class=\"yoast-schema-graph\">{\"@context\":\"https:\/\/schema.org\",\"@graph\":[{\"@type\":\"Article\",\"@id\":\"https:\/\/jp2doc.pl\/fr\/2020\/10\/04\/nous-sommes-des-gerants-des-biens-de-dieu\/#article\",\"isPartOf\":{\"@id\":\"https:\/\/jp2doc.pl\/fr\/2020\/10\/04\/nous-sommes-des-gerants-des-biens-de-dieu\/\"},\"author\":{\"name\":\"juliasercanka\",\"@id\":\"https:\/\/jp2doc.pl\/fr\/#\/schema\/person\/6110109e80abb51f6fac4824777eabfe\"},\"headline\":\"Nous sommes des g\u00e9rants des biens de Dieu\",\"datePublished\":\"2020-10-04T07:45:15+00:00\",\"dateModified\":\"2020-10-04T07:45:16+00:00\",\"mainEntityOfPage\":{\"@id\":\"https:\/\/jp2doc.pl\/fr\/2020\/10\/04\/nous-sommes-des-gerants-des-biens-de-dieu\/\"},\"wordCount\":982,\"commentCount\":0,\"publisher\":{\"@id\":\"https:\/\/jp2doc.pl\/fr\/#organization\"},\"image\":{\"@id\":\"https:\/\/jp2doc.pl\/fr\/2020\/10\/04\/nous-sommes-des-gerants-des-biens-de-dieu\/#primaryimage\"},\"thumbnailUrl\":\"https:\/\/jp2doc.pl\/fr\/wp-content\/uploads\/sites\/5\/2020\/10\/gaetano-cessati-IIMPbLjtKL8-unsplash.jpg\",\"articleSection\":[\"Blog\",\"Strona g\u0142\u00f3wna - najnowsze\",\"Strona g\u0142\u00f3wna - slider\"],\"inLanguage\":\"fr-FR\",\"potentialAction\":[{\"@type\":\"CommentAction\",\"name\":\"Comment\",\"target\":[\"https:\/\/jp2doc.pl\/fr\/2020\/10\/04\/nous-sommes-des-gerants-des-biens-de-dieu\/#respond\"]}]},{\"@type\":\"WebPage\",\"@id\":\"https:\/\/jp2doc.pl\/fr\/2020\/10\/04\/nous-sommes-des-gerants-des-biens-de-dieu\/\",\"url\":\"https:\/\/jp2doc.pl\/fr\/2020\/10\/04\/nous-sommes-des-gerants-des-biens-de-dieu\/\",\"name\":\"Nous sommes des g\u00e9rants des biens de Dieu - Centre de Documentation et d\u2019Etude du Pontificat de Jean-Paul II \u00e0 Rome\",\"isPartOf\":{\"@id\":\"https:\/\/jp2doc.pl\/fr\/#website\"},\"primaryImageOfPage\":{\"@id\":\"https:\/\/jp2doc.pl\/fr\/2020\/10\/04\/nous-sommes-des-gerants-des-biens-de-dieu\/#primaryimage\"},\"image\":{\"@id\":\"https:\/\/jp2doc.pl\/fr\/2020\/10\/04\/nous-sommes-des-gerants-des-biens-de-dieu\/#primaryimage\"},\"thumbnailUrl\":\"https:\/\/jp2doc.pl\/fr\/wp-content\/uploads\/sites\/5\/2020\/10\/gaetano-cessati-IIMPbLjtKL8-unsplash.jpg\",\"datePublished\":\"2020-10-04T07:45:15+00:00\",\"dateModified\":\"2020-10-04T07:45:16+00:00\",\"breadcrumb\":{\"@id\":\"https:\/\/jp2doc.pl\/fr\/2020\/10\/04\/nous-sommes-des-gerants-des-biens-de-dieu\/#breadcrumb\"},\"inLanguage\":\"fr-FR\",\"potentialAction\":[{\"@type\":\"ReadAction\",\"target\":[\"https:\/\/jp2doc.pl\/fr\/2020\/10\/04\/nous-sommes-des-gerants-des-biens-de-dieu\/\"]}]},{\"@type\":\"ImageObject\",\"inLanguage\":\"fr-FR\",\"@id\":\"https:\/\/jp2doc.pl\/fr\/2020\/10\/04\/nous-sommes-des-gerants-des-biens-de-dieu\/#primaryimage\",\"url\":\"https:\/\/jp2doc.pl\/fr\/wp-content\/uploads\/sites\/5\/2020\/10\/gaetano-cessati-IIMPbLjtKL8-unsplash.jpg\",\"contentUrl\":\"https:\/\/jp2doc.pl\/fr\/wp-content\/uploads\/sites\/5\/2020\/10\/gaetano-cessati-IIMPbLjtKL8-unsplash.jpg\",\"width\":1680,\"height\":1120},{\"@type\":\"BreadcrumbList\",\"@id\":\"https:\/\/jp2doc.pl\/fr\/2020\/10\/04\/nous-sommes-des-gerants-des-biens-de-dieu\/#breadcrumb\",\"itemListElement\":[{\"@type\":\"ListItem\",\"position\":1,\"name\":\"Home\",\"item\":\"https:\/\/jp2doc.pl\/fr\/\"},{\"@type\":\"ListItem\",\"position\":2,\"name\":\"Nous sommes des g\u00e9rants des biens de Dieu\"}]},{\"@type\":\"WebSite\",\"@id\":\"https:\/\/jp2doc.pl\/fr\/#website\",\"url\":\"https:\/\/jp2doc.pl\/fr\/\",\"name\":\"Centre de Documentation et d\u2019Etude du Pontificat de Jean-Paul II \u00e0 Rome\",\"description\":\"\",\"publisher\":{\"@id\":\"https:\/\/jp2doc.pl\/fr\/#organization\"},\"potentialAction\":[{\"@type\":\"SearchAction\",\"target\":{\"@type\":\"EntryPoint\",\"urlTemplate\":\"https:\/\/jp2doc.pl\/fr\/?s={search_term_string}\"},\"query-input\":{\"@type\":\"PropertyValueSpecification\",\"valueRequired\":true,\"valueName\":\"search_term_string\"}}],\"inLanguage\":\"fr-FR\"},{\"@type\":\"Organization\",\"@id\":\"https:\/\/jp2doc.pl\/fr\/#organization\",\"name\":\"Centre de Documentation et d\u2019Etude du Pontificat de Jean-Paul II \u00e0 Rome\",\"url\":\"https:\/\/jp2doc.pl\/fr\/\",\"logo\":{\"@type\":\"ImageObject\",\"inLanguage\":\"fr-FR\",\"@id\":\"https:\/\/jp2doc.pl\/fr\/#\/schema\/logo\/image\/\",\"url\":\"https:\/\/jp2doc.pl\/fr\/wp-content\/uploads\/sites\/5\/2017\/03\/cropped-logo.png\",\"contentUrl\":\"https:\/\/jp2doc.pl\/fr\/wp-content\/uploads\/sites\/5\/2017\/03\/cropped-logo.png\",\"width\":115,\"height\":115,\"caption\":\"Centre de Documentation et d\u2019Etude du Pontificat de Jean-Paul II \u00e0 Rome\"},\"image\":{\"@id\":\"https:\/\/jp2doc.pl\/fr\/#\/schema\/logo\/image\/\"}},{\"@type\":\"Person\",\"@id\":\"https:\/\/jp2doc.pl\/fr\/#\/schema\/person\/6110109e80abb51f6fac4824777eabfe\",\"name\":\"juliasercanka\",\"image\":{\"@type\":\"ImageObject\",\"inLanguage\":\"fr-FR\",\"@id\":\"https:\/\/jp2doc.pl\/fr\/#\/schema\/person\/image\/\",\"url\":\"https:\/\/secure.gravatar.com\/avatar\/266a66e864556e22d55d61b6b10c97fab9060767b738564bcd109f3997e372bc?s=96&d=mm&r=g\",\"contentUrl\":\"https:\/\/secure.gravatar.com\/avatar\/266a66e864556e22d55d61b6b10c97fab9060767b738564bcd109f3997e372bc?s=96&d=mm&r=g\",\"caption\":\"juliasercanka\"},\"url\":\"https:\/\/jp2doc.pl\/fr\/author\/juliasercanka\/\"}]}<\/script>\n<!-- \/ Yoast SEO plugin. -->","yoast_head_json":{"title":"Nous sommes des g\u00e9rants des biens de Dieu - Centre de Documentation et d\u2019Etude du Pontificat de Jean-Paul II \u00e0 Rome","robots":{"index":"index","follow":"follow","max-snippet":"max-snippet:-1","max-image-preview":"max-image-preview:large","max-video-preview":"max-video-preview:-1"},"canonical":"https:\/\/jp2doc.pl\/fr\/2020\/10\/04\/nous-sommes-des-gerants-des-biens-de-dieu\/","og_locale":"fr_FR","og_type":"article","og_title":"Nous sommes des g\u00e9rants des biens de Dieu - Centre de Documentation et d\u2019Etude du Pontificat de Jean-Paul II \u00e0 Rome","og_description":"XXVII Dimanche du Temps Ordinaire","og_url":"https:\/\/jp2doc.pl\/fr\/2020\/10\/04\/nous-sommes-des-gerants-des-biens-de-dieu\/","og_site_name":"Centre de Documentation et d\u2019Etude du Pontificat de Jean-Paul II \u00e0 Rome","article_published_time":"2020-10-04T07:45:15+00:00","article_modified_time":"2020-10-04T07:45:16+00:00","og_image":[{"width":1680,"height":1120,"url":"https:\/\/jp2doc.pl\/fr\/wp-content\/uploads\/sites\/5\/2020\/10\/gaetano-cessati-IIMPbLjtKL8-unsplash.jpg","type":"image\/jpeg"}],"author":"juliasercanka","twitter_card":"summary_large_image","twitter_misc":{"\u00c9crit par":"juliasercanka","Dur\u00e9e de lecture estim\u00e9e":"5 minutes"},"schema":{"@context":"https:\/\/schema.org","@graph":[{"@type":"Article","@id":"https:\/\/jp2doc.pl\/fr\/2020\/10\/04\/nous-sommes-des-gerants-des-biens-de-dieu\/#article","isPartOf":{"@id":"https:\/\/jp2doc.pl\/fr\/2020\/10\/04\/nous-sommes-des-gerants-des-biens-de-dieu\/"},"author":{"name":"juliasercanka","@id":"https:\/\/jp2doc.pl\/fr\/#\/schema\/person\/6110109e80abb51f6fac4824777eabfe"},"headline":"Nous sommes des g\u00e9rants des biens de Dieu","datePublished":"2020-10-04T07:45:15+00:00","dateModified":"2020-10-04T07:45:16+00:00","mainEntityOfPage":{"@id":"https:\/\/jp2doc.pl\/fr\/2020\/10\/04\/nous-sommes-des-gerants-des-biens-de-dieu\/"},"wordCount":982,"commentCount":0,"publisher":{"@id":"https:\/\/jp2doc.pl\/fr\/#organization"},"image":{"@id":"https:\/\/jp2doc.pl\/fr\/2020\/10\/04\/nous-sommes-des-gerants-des-biens-de-dieu\/#primaryimage"},"thumbnailUrl":"https:\/\/jp2doc.pl\/fr\/wp-content\/uploads\/sites\/5\/2020\/10\/gaetano-cessati-IIMPbLjtKL8-unsplash.jpg","articleSection":["Blog","Strona g\u0142\u00f3wna - najnowsze","Strona g\u0142\u00f3wna - slider"],"inLanguage":"fr-FR","potentialAction":[{"@type":"CommentAction","name":"Comment","target":["https:\/\/jp2doc.pl\/fr\/2020\/10\/04\/nous-sommes-des-gerants-des-biens-de-dieu\/#respond"]}]},{"@type":"WebPage","@id":"https:\/\/jp2doc.pl\/fr\/2020\/10\/04\/nous-sommes-des-gerants-des-biens-de-dieu\/","url":"https:\/\/jp2doc.pl\/fr\/2020\/10\/04\/nous-sommes-des-gerants-des-biens-de-dieu\/","name":"Nous sommes des g\u00e9rants des biens de Dieu - Centre de Documentation et d\u2019Etude du Pontificat de Jean-Paul II \u00e0 Rome","isPartOf":{"@id":"https:\/\/jp2doc.pl\/fr\/#website"},"primaryImageOfPage":{"@id":"https:\/\/jp2doc.pl\/fr\/2020\/10\/04\/nous-sommes-des-gerants-des-biens-de-dieu\/#primaryimage"},"image":{"@id":"https:\/\/jp2doc.pl\/fr\/2020\/10\/04\/nous-sommes-des-gerants-des-biens-de-dieu\/#primaryimage"},"thumbnailUrl":"https:\/\/jp2doc.pl\/fr\/wp-content\/uploads\/sites\/5\/2020\/10\/gaetano-cessati-IIMPbLjtKL8-unsplash.jpg","datePublished":"2020-10-04T07:45:15+00:00","dateModified":"2020-10-04T07:45:16+00:00","breadcrumb":{"@id":"https:\/\/jp2doc.pl\/fr\/2020\/10\/04\/nous-sommes-des-gerants-des-biens-de-dieu\/#breadcrumb"},"inLanguage":"fr-FR","potentialAction":[{"@type":"ReadAction","target":["https:\/\/jp2doc.pl\/fr\/2020\/10\/04\/nous-sommes-des-gerants-des-biens-de-dieu\/"]}]},{"@type":"ImageObject","inLanguage":"fr-FR","@id":"https:\/\/jp2doc.pl\/fr\/2020\/10\/04\/nous-sommes-des-gerants-des-biens-de-dieu\/#primaryimage","url":"https:\/\/jp2doc.pl\/fr\/wp-content\/uploads\/sites\/5\/2020\/10\/gaetano-cessati-IIMPbLjtKL8-unsplash.jpg","contentUrl":"https:\/\/jp2doc.pl\/fr\/wp-content\/uploads\/sites\/5\/2020\/10\/gaetano-cessati-IIMPbLjtKL8-unsplash.jpg","width":1680,"height":1120},{"@type":"BreadcrumbList","@id":"https:\/\/jp2doc.pl\/fr\/2020\/10\/04\/nous-sommes-des-gerants-des-biens-de-dieu\/#breadcrumb","itemListElement":[{"@type":"ListItem","position":1,"name":"Home","item":"https:\/\/jp2doc.pl\/fr\/"},{"@type":"ListItem","position":2,"name":"Nous sommes des g\u00e9rants des biens de Dieu"}]},{"@type":"WebSite","@id":"https:\/\/jp2doc.pl\/fr\/#website","url":"https:\/\/jp2doc.pl\/fr\/","name":"Centre de Documentation et d\u2019Etude du Pontificat de Jean-Paul II \u00e0 Rome","description":"","publisher":{"@id":"https:\/\/jp2doc.pl\/fr\/#organization"},"potentialAction":[{"@type":"SearchAction","target":{"@type":"EntryPoint","urlTemplate":"https:\/\/jp2doc.pl\/fr\/?s={search_term_string}"},"query-input":{"@type":"PropertyValueSpecification","valueRequired":true,"valueName":"search_term_string"}}],"inLanguage":"fr-FR"},{"@type":"Organization","@id":"https:\/\/jp2doc.pl\/fr\/#organization","name":"Centre de Documentation et d\u2019Etude du Pontificat de Jean-Paul II \u00e0 Rome","url":"https:\/\/jp2doc.pl\/fr\/","logo":{"@type":"ImageObject","inLanguage":"fr-FR","@id":"https:\/\/jp2doc.pl\/fr\/#\/schema\/logo\/image\/","url":"https:\/\/jp2doc.pl\/fr\/wp-content\/uploads\/sites\/5\/2017\/03\/cropped-logo.png","contentUrl":"https:\/\/jp2doc.pl\/fr\/wp-content\/uploads\/sites\/5\/2017\/03\/cropped-logo.png","width":115,"height":115,"caption":"Centre de Documentation et d\u2019Etude du Pontificat de Jean-Paul II \u00e0 Rome"},"image":{"@id":"https:\/\/jp2doc.pl\/fr\/#\/schema\/logo\/image\/"}},{"@type":"Person","@id":"https:\/\/jp2doc.pl\/fr\/#\/schema\/person\/6110109e80abb51f6fac4824777eabfe","name":"juliasercanka","image":{"@type":"ImageObject","inLanguage":"fr-FR","@id":"https:\/\/jp2doc.pl\/fr\/#\/schema\/person\/image\/","url":"https:\/\/secure.gravatar.com\/avatar\/266a66e864556e22d55d61b6b10c97fab9060767b738564bcd109f3997e372bc?s=96&d=mm&r=g","contentUrl":"https:\/\/secure.gravatar.com\/avatar\/266a66e864556e22d55d61b6b10c97fab9060767b738564bcd109f3997e372bc?s=96&d=mm&r=g","caption":"juliasercanka"},"url":"https:\/\/jp2doc.pl\/fr\/author\/juliasercanka\/"}]}},"_links":{"self":[{"href":"https:\/\/jp2doc.pl\/fr\/wp-json\/wp\/v2\/posts\/1771","targetHints":{"allow":["GET"]}}],"collection":[{"href":"https:\/\/jp2doc.pl\/fr\/wp-json\/wp\/v2\/posts"}],"about":[{"href":"https:\/\/jp2doc.pl\/fr\/wp-json\/wp\/v2\/types\/post"}],"author":[{"embeddable":true,"href":"https:\/\/jp2doc.pl\/fr\/wp-json\/wp\/v2\/users\/5"}],"replies":[{"embeddable":true,"href":"https:\/\/jp2doc.pl\/fr\/wp-json\/wp\/v2\/comments?post=1771"}],"version-history":[{"count":1,"href":"https:\/\/jp2doc.pl\/fr\/wp-json\/wp\/v2\/posts\/1771\/revisions"}],"predecessor-version":[{"id":1773,"href":"https:\/\/jp2doc.pl\/fr\/wp-json\/wp\/v2\/posts\/1771\/revisions\/1773"}],"wp:featuredmedia":[{"embeddable":true,"href":"https:\/\/jp2doc.pl\/fr\/wp-json\/wp\/v2\/media\/1772"}],"wp:attachment":[{"href":"https:\/\/jp2doc.pl\/fr\/wp-json\/wp\/v2\/media?parent=1771"}],"wp:term":[{"taxonomy":"category","embeddable":true,"href":"https:\/\/jp2doc.pl\/fr\/wp-json\/wp\/v2\/categories?post=1771"},{"taxonomy":"post_tag","embeddable":true,"href":"https:\/\/jp2doc.pl\/fr\/wp-json\/wp\/v2\/tags?post=1771"}],"curies":[{"name":"wp","href":"https:\/\/api.w.org\/{rel}","templated":true}]}}