{"id":1778,"date":"2020-10-18T12:04:46","date_gmt":"2020-10-18T10:04:46","guid":{"rendered":"https:\/\/jp2doc.pl\/fr\/?p=1778"},"modified":"2020-10-18T12:04:47","modified_gmt":"2020-10-18T10:04:47","slug":"dieu-nous-prend-par-la-main","status":"publish","type":"post","link":"https:\/\/jp2doc.pl\/fr\/2020\/10\/18\/dieu-nous-prend-par-la-main\/","title":{"rendered":"Dieu nous prend par la main"},"content":{"rendered":"\n<p>Is 45, 1. 4-6&nbsp;; 1 Th 1, 1-5&nbsp;; Mt 22,\n15-21&nbsp;&nbsp;&nbsp;&nbsp;&nbsp;&nbsp;&nbsp;&nbsp;&nbsp;&nbsp;&nbsp;&nbsp;&nbsp;&nbsp;&nbsp;&nbsp;&nbsp;&nbsp;&nbsp;&nbsp;&nbsp;&nbsp;&nbsp;&nbsp;&nbsp;&nbsp;&nbsp;&nbsp;&nbsp;&nbsp;&nbsp;&nbsp;&nbsp;&nbsp;&nbsp;&nbsp;&nbsp;&nbsp;&nbsp;&nbsp;&nbsp;\n<\/p>\n\n\n\n<p>Les lectures de ce dimanche nous plonge dans le\nth\u00e8me de l\u2019\u00e9lection.<\/p>\n\n\n\n<p>Elire c\u2019est choisir. Choisir c\u2019est distinguer. On\nchoisit une chose plut\u00f4t qu\u2019une autre. Le choix implique donc la libert\u00e9.\nLorsqu\u2019on est forc\u00e9 de choisir, l\u2019on ne peut plus parler de choix, mais\nd\u2019obligation. A cause cette libert\u00e9, on peut aussi faire le choix de ne pas\nchoisir. Ce qu\u2019on choisit, surtout lorsqu\u2019il s\u2019agit d\u2019une personne, on lui\ndonne une mission, une t\u00e2che, par exemple de gouverner, de coordonner les\nchoses, d\u2019apporter un message, de former une alliance, etc.<\/p>\n\n\n\n<p>Nous croyons en J\u00e9sus-Christ, nous sommes des \u00e9lus\nde Dieu, nous sommes le nouvel Isra\u00ebl son \u00e9lu. Le proph\u00e8te Isa\u00efe utilise des\nimages tr\u00e8s famili\u00e8res pour d\u00e9crire l\u2019\u00e9lection du roi Cyrus par le\nSeigneur&nbsp;: le Seigneur l\u2019a pris par la main, il l\u2019appel\u00e9 par son nom.\nC\u2019est pour dire que le Seigneur le conna\u00eet bien, qu\u2019il le traite comme un fils.<\/p>\n\n\n\n<p>Et s\u2019adressant aux Thessaloniciens, Paul, Silvain et\nTimoth\u00e9e parlent de \u00ab&nbsp;l\u2019Eglise de Thessalonique qui est en Dieu le P\u00e8re et\nen J\u00e9sus Christ le Seigneur&nbsp;\u00bb. Car c\u2019est cela \u00eatre \u00e9lu&nbsp;: \u00eatre\nd\u00e9sormais \u00e9troitement li\u00e9 \u00e0 la personne qui vous a choisi.<\/p>\n\n\n\n<p>D\u2019o\u00f9 les questions suivantes&nbsp;: <em>dans notre vie de tous les jours, est-ce que\nnous avons conscience d\u2019appartenir \u00e0 Dieu et \u00e0 J\u00e9sus-Christ&nbsp;? Est-ce que\nnous r\u00e9alisons que Dieu nous prend par la main, qu\u2019il nous parle comme un p\u00e8re\nou une m\u00e8re parle \u00e0 son fils ou \u00e0 sa fille&nbsp;?<\/em><\/p>\n\n\n\n<p>Nous avons dit qu\u2019on est \u00e9lu pour remplir une\nmission, pour accomplir une t\u00e2che. Mais pour quelle mission donc Dieu nous\na-t-il choisis&nbsp;? <\/p>\n\n\n\n<p>Suivant les lectures, nous pouvons dire que Dieu\nnous a choisi pour une double mission, pour une double t\u00e2che&nbsp;: int\u00e9rieure\net ext\u00e9rieure, mais toutes deux spirituelles, c\u2019est-\u00e0-dire fondamentalement\nmotiv\u00e9es et soutenues par notre appartenance \u00e0 Lui.<\/p>\n\n\n\n<p>La mission int\u00e9rieure&nbsp;: elle est tourn\u00e9e vers\nsoi-m\u00eame. Parlant du roi Cyrus, Isa\u00efe dit que Dieu l\u2019a \u00e9lu et consacr\u00e9\n\u00ab&nbsp;pour lui soumettre les nations et d\u00e9sarmer les rois, pour lui ouvrir les\nportes \u00e0 deux battants, car aucune porte ne restera ferm\u00e9e&nbsp;\u00bb. C\u2019est pour\ncela que le Seigneur le rend fort.<\/p>\n\n\n\n<p>Qui sont donc ces nations \u00e0 soumettre&nbsp;? Ces rois\n\u00e0 d\u00e9sarmer&nbsp;? Ces portes \u00e0 deux battants \u00e0 ouvrir&nbsp;?<\/p>\n\n\n\n<p>Les portes \u00e0 ouvrir, vous le devinez, sont les\nportes de notre c\u0153ur, pour devenir transparents \u00e0 nous-m\u00eames et \u00e0 Dieu, pour\npouvoir nous conna\u00eetre vraiment en laissant l\u2019esprit de Dieu entrer en nous, habiter\nen nous.<\/p>\n\n\n\n<p>Les nations \u00e0 soumettre et les rois \u00e0 d\u00e9sarmer sont\nnos p\u00e9ch\u00e9s, nos d\u00e9fauts, nos vices, nos manquements, nos penchants mauvais\ndevenus r\u00e9sistants \u00e0 force de s\u2019ancrer en nous. De nous-m\u00eames, nous ne pouvons\npas les dominer. Aujourd\u2019hui Dieu, comme il l\u2019a fait pour le roi Cyrus, nous\nrend fort pour retrouver le chemin de la victoire, le chemin du salut&nbsp;;\npour \u00ab&nbsp;changer notre c\u0153ur de pierre en c\u0153ur de chair&nbsp;\u00bb. Est-ce que\nnous croyons cela&nbsp;?<\/p>\n\n\n\n<p>La mission ext\u00e9rieure&nbsp;: elle est tourn\u00e9e vers\nles autres. C\u2019est le t\u00e9moignage chr\u00e9tien. En \u00e9crivant aux Thessaloniciens,\nPaul, Sylvain et Timoth\u00e9e disent&nbsp;: \u00ab&nbsp;Sans cesse nous nous souvenons\nque votre foi est active, que votre charit\u00e9 se donne de la peine, que votre\nesp\u00e9rance tient bon en notre Seigneur J\u00e9sus-Christ, en pr\u00e9sence de Dieu notre\nP\u00e8re&nbsp;\u00bb.<\/p>\n\n\n\n<p>Et dans l\u2019\u00e9vangile, les disciples des pharisiens et\nles partisans d\u2019H\u00e9rode disent \u00e0 J\u00e9sus&nbsp;: \u00ab&nbsp;Ma\u00eetre nous savons que tu\nes toujours vrai et tu enseignes le vrai chemin de Dieu&nbsp;; tu ne te laisses\ninfluencer par personne, car tu ne fais pas de diff\u00e9rence entre les\ngens&nbsp;\u00bb. <\/p>\n\n\n\n<p>C\u2019est cela \u00eatre chr\u00e9tien&nbsp;: avoir une foi\nactive, une charit\u00e9 visible, une esp\u00e9rance sinc\u00e8re&nbsp;; \u00eatre vrai et\nimpartial. J\u00e9sus lui-m\u00eame est le mod\u00e8le du chr\u00e9tien.<\/p>\n\n\n\n<p>Est-ce que nous avons forc\u00e9 Dieu de nous\nchoisir&nbsp;? Non&nbsp;! Dieu le dit dans le livre d\u2019Isa\u00efe \u00e0 propos de\nCyrus&nbsp;: \u00ab&nbsp;Je t\u2019ai d\u00e9cern\u00e9 un titre alors que tu ne me connaissais\npas&nbsp;\u00bb&nbsp;; \u00ab&nbsp;Je t\u2019ai rendu puissant, alors que tu ne me connaissais\npas&nbsp;\u00bb. Dieu nous choisit par pur amour, librement. C\u2019est ainsi que nous\ndevons nous tourner les uns vers les autres&nbsp;: par pur amour, librement.<\/p>\n\n\n\n<p><strong>Abb\u00e9 Jean Claude Ciza <\/strong><\/p>\n\n\n\n<p><em>Fot. Claudio Schwarz\/Unsplash.com<\/em><\/p>\n","protected":false},"excerpt":{"rendered":"<p>XXIX Dimanche du Temps Ordinaire<\/p>\n","protected":false},"author":5,"featured_media":1779,"comment_status":"open","ping_status":"open","sticky":false,"template":"","format":"standard","meta":{"_acf_changed":false,"_exactmetrics_skip_tracking":false,"_exactmetrics_sitenote_active":false,"_exactmetrics_sitenote_note":"","_exactmetrics_sitenote_category":0,"footnotes":""},"categories":[4,13,14],"tags":[],"class_list":["post-1778","post","type-post","status-publish","format-standard","has-post-thumbnail","hentry","category-blog","category-strona-glowna-najnowsze","category-strona-glowna-slider"],"acf":[],"yoast_head":"<!-- This site is optimized with the Yoast SEO plugin v26.2 - https:\/\/yoast.com\/wordpress\/plugins\/seo\/ -->\n<title>Dieu nous prend par la main - Centre de Documentation et d\u2019Etude du Pontificat de Jean-Paul II \u00e0 Rome<\/title>\n<meta name=\"robots\" content=\"index, follow, max-snippet:-1, max-image-preview:large, max-video-preview:-1\" \/>\n<link rel=\"canonical\" href=\"https:\/\/jp2doc.pl\/fr\/2020\/10\/18\/dieu-nous-prend-par-la-main\/\" \/>\n<meta property=\"og:locale\" content=\"fr_FR\" \/>\n<meta property=\"og:type\" content=\"article\" \/>\n<meta property=\"og:title\" content=\"Dieu nous prend par la main - Centre de Documentation et d\u2019Etude du Pontificat de Jean-Paul II \u00e0 Rome\" \/>\n<meta property=\"og:description\" content=\"XXIX Dimanche du Temps Ordinaire\" \/>\n<meta property=\"og:url\" content=\"https:\/\/jp2doc.pl\/fr\/2020\/10\/18\/dieu-nous-prend-par-la-main\/\" \/>\n<meta property=\"og:site_name\" content=\"Centre de Documentation et d\u2019Etude du Pontificat de Jean-Paul II \u00e0 Rome\" \/>\n<meta property=\"article:published_time\" content=\"2020-10-18T10:04:46+00:00\" \/>\n<meta property=\"article:modified_time\" content=\"2020-10-18T10:04:47+00:00\" \/>\n<meta property=\"og:image\" content=\"https:\/\/jp2doc.pl\/fr\/wp-content\/uploads\/sites\/5\/2020\/10\/claudio-schwarz-purzlbaum-k39RGHmLoV8-unsplash.jpg\" \/>\n\t<meta property=\"og:image:width\" content=\"1920\" \/>\n\t<meta property=\"og:image:height\" content=\"1281\" \/>\n\t<meta property=\"og:image:type\" content=\"image\/jpeg\" \/>\n<meta name=\"author\" content=\"juliasercanka\" \/>\n<meta name=\"twitter:card\" content=\"summary_large_image\" \/>\n<meta name=\"twitter:label1\" content=\"\u00c9crit par\" \/>\n\t<meta name=\"twitter:data1\" content=\"juliasercanka\" \/>\n\t<meta name=\"twitter:label2\" content=\"Dur\u00e9e de lecture estim\u00e9e\" \/>\n\t<meta name=\"twitter:data2\" content=\"4 minutes\" \/>\n<script type=\"application\/ld+json\" class=\"yoast-schema-graph\">{\"@context\":\"https:\/\/schema.org\",\"@graph\":[{\"@type\":\"Article\",\"@id\":\"https:\/\/jp2doc.pl\/fr\/2020\/10\/18\/dieu-nous-prend-par-la-main\/#article\",\"isPartOf\":{\"@id\":\"https:\/\/jp2doc.pl\/fr\/2020\/10\/18\/dieu-nous-prend-par-la-main\/\"},\"author\":{\"name\":\"juliasercanka\",\"@id\":\"https:\/\/jp2doc.pl\/fr\/#\/schema\/person\/6110109e80abb51f6fac4824777eabfe\"},\"headline\":\"Dieu nous prend par la main\",\"datePublished\":\"2020-10-18T10:04:46+00:00\",\"dateModified\":\"2020-10-18T10:04:47+00:00\",\"mainEntityOfPage\":{\"@id\":\"https:\/\/jp2doc.pl\/fr\/2020\/10\/18\/dieu-nous-prend-par-la-main\/\"},\"wordCount\":865,\"commentCount\":0,\"publisher\":{\"@id\":\"https:\/\/jp2doc.pl\/fr\/#organization\"},\"image\":{\"@id\":\"https:\/\/jp2doc.pl\/fr\/2020\/10\/18\/dieu-nous-prend-par-la-main\/#primaryimage\"},\"thumbnailUrl\":\"https:\/\/jp2doc.pl\/fr\/wp-content\/uploads\/sites\/5\/2020\/10\/claudio-schwarz-purzlbaum-k39RGHmLoV8-unsplash.jpg\",\"articleSection\":[\"Blog\",\"Strona g\u0142\u00f3wna - najnowsze\",\"Strona g\u0142\u00f3wna - slider\"],\"inLanguage\":\"fr-FR\",\"potentialAction\":[{\"@type\":\"CommentAction\",\"name\":\"Comment\",\"target\":[\"https:\/\/jp2doc.pl\/fr\/2020\/10\/18\/dieu-nous-prend-par-la-main\/#respond\"]}]},{\"@type\":\"WebPage\",\"@id\":\"https:\/\/jp2doc.pl\/fr\/2020\/10\/18\/dieu-nous-prend-par-la-main\/\",\"url\":\"https:\/\/jp2doc.pl\/fr\/2020\/10\/18\/dieu-nous-prend-par-la-main\/\",\"name\":\"Dieu nous prend par la main - Centre de Documentation et d\u2019Etude du Pontificat de Jean-Paul II \u00e0 Rome\",\"isPartOf\":{\"@id\":\"https:\/\/jp2doc.pl\/fr\/#website\"},\"primaryImageOfPage\":{\"@id\":\"https:\/\/jp2doc.pl\/fr\/2020\/10\/18\/dieu-nous-prend-par-la-main\/#primaryimage\"},\"image\":{\"@id\":\"https:\/\/jp2doc.pl\/fr\/2020\/10\/18\/dieu-nous-prend-par-la-main\/#primaryimage\"},\"thumbnailUrl\":\"https:\/\/jp2doc.pl\/fr\/wp-content\/uploads\/sites\/5\/2020\/10\/claudio-schwarz-purzlbaum-k39RGHmLoV8-unsplash.jpg\",\"datePublished\":\"2020-10-18T10:04:46+00:00\",\"dateModified\":\"2020-10-18T10:04:47+00:00\",\"breadcrumb\":{\"@id\":\"https:\/\/jp2doc.pl\/fr\/2020\/10\/18\/dieu-nous-prend-par-la-main\/#breadcrumb\"},\"inLanguage\":\"fr-FR\",\"potentialAction\":[{\"@type\":\"ReadAction\",\"target\":[\"https:\/\/jp2doc.pl\/fr\/2020\/10\/18\/dieu-nous-prend-par-la-main\/\"]}]},{\"@type\":\"ImageObject\",\"inLanguage\":\"fr-FR\",\"@id\":\"https:\/\/jp2doc.pl\/fr\/2020\/10\/18\/dieu-nous-prend-par-la-main\/#primaryimage\",\"url\":\"https:\/\/jp2doc.pl\/fr\/wp-content\/uploads\/sites\/5\/2020\/10\/claudio-schwarz-purzlbaum-k39RGHmLoV8-unsplash.jpg\",\"contentUrl\":\"https:\/\/jp2doc.pl\/fr\/wp-content\/uploads\/sites\/5\/2020\/10\/claudio-schwarz-purzlbaum-k39RGHmLoV8-unsplash.jpg\",\"width\":1920,\"height\":1281},{\"@type\":\"BreadcrumbList\",\"@id\":\"https:\/\/jp2doc.pl\/fr\/2020\/10\/18\/dieu-nous-prend-par-la-main\/#breadcrumb\",\"itemListElement\":[{\"@type\":\"ListItem\",\"position\":1,\"name\":\"Home\",\"item\":\"https:\/\/jp2doc.pl\/fr\/\"},{\"@type\":\"ListItem\",\"position\":2,\"name\":\"Dieu nous prend par la main\"}]},{\"@type\":\"WebSite\",\"@id\":\"https:\/\/jp2doc.pl\/fr\/#website\",\"url\":\"https:\/\/jp2doc.pl\/fr\/\",\"name\":\"Centre de Documentation et d\u2019Etude du Pontificat de Jean-Paul II \u00e0 Rome\",\"description\":\"\",\"publisher\":{\"@id\":\"https:\/\/jp2doc.pl\/fr\/#organization\"},\"potentialAction\":[{\"@type\":\"SearchAction\",\"target\":{\"@type\":\"EntryPoint\",\"urlTemplate\":\"https:\/\/jp2doc.pl\/fr\/?s={search_term_string}\"},\"query-input\":{\"@type\":\"PropertyValueSpecification\",\"valueRequired\":true,\"valueName\":\"search_term_string\"}}],\"inLanguage\":\"fr-FR\"},{\"@type\":\"Organization\",\"@id\":\"https:\/\/jp2doc.pl\/fr\/#organization\",\"name\":\"Centre de Documentation et d\u2019Etude du Pontificat de Jean-Paul II \u00e0 Rome\",\"url\":\"https:\/\/jp2doc.pl\/fr\/\",\"logo\":{\"@type\":\"ImageObject\",\"inLanguage\":\"fr-FR\",\"@id\":\"https:\/\/jp2doc.pl\/fr\/#\/schema\/logo\/image\/\",\"url\":\"https:\/\/jp2doc.pl\/fr\/wp-content\/uploads\/sites\/5\/2017\/03\/cropped-logo.png\",\"contentUrl\":\"https:\/\/jp2doc.pl\/fr\/wp-content\/uploads\/sites\/5\/2017\/03\/cropped-logo.png\",\"width\":115,\"height\":115,\"caption\":\"Centre de Documentation et d\u2019Etude du Pontificat de Jean-Paul II \u00e0 Rome\"},\"image\":{\"@id\":\"https:\/\/jp2doc.pl\/fr\/#\/schema\/logo\/image\/\"}},{\"@type\":\"Person\",\"@id\":\"https:\/\/jp2doc.pl\/fr\/#\/schema\/person\/6110109e80abb51f6fac4824777eabfe\",\"name\":\"juliasercanka\",\"image\":{\"@type\":\"ImageObject\",\"inLanguage\":\"fr-FR\",\"@id\":\"https:\/\/jp2doc.pl\/fr\/#\/schema\/person\/image\/\",\"url\":\"https:\/\/secure.gravatar.com\/avatar\/266a66e864556e22d55d61b6b10c97fab9060767b738564bcd109f3997e372bc?s=96&d=mm&r=g\",\"contentUrl\":\"https:\/\/secure.gravatar.com\/avatar\/266a66e864556e22d55d61b6b10c97fab9060767b738564bcd109f3997e372bc?s=96&d=mm&r=g\",\"caption\":\"juliasercanka\"},\"url\":\"https:\/\/jp2doc.pl\/fr\/author\/juliasercanka\/\"}]}<\/script>\n<!-- \/ Yoast SEO plugin. -->","yoast_head_json":{"title":"Dieu nous prend par la main - Centre de Documentation et d\u2019Etude du Pontificat de Jean-Paul II \u00e0 Rome","robots":{"index":"index","follow":"follow","max-snippet":"max-snippet:-1","max-image-preview":"max-image-preview:large","max-video-preview":"max-video-preview:-1"},"canonical":"https:\/\/jp2doc.pl\/fr\/2020\/10\/18\/dieu-nous-prend-par-la-main\/","og_locale":"fr_FR","og_type":"article","og_title":"Dieu nous prend par la main - Centre de Documentation et d\u2019Etude du Pontificat de Jean-Paul II \u00e0 Rome","og_description":"XXIX Dimanche du Temps Ordinaire","og_url":"https:\/\/jp2doc.pl\/fr\/2020\/10\/18\/dieu-nous-prend-par-la-main\/","og_site_name":"Centre de Documentation et d\u2019Etude du Pontificat de Jean-Paul II \u00e0 Rome","article_published_time":"2020-10-18T10:04:46+00:00","article_modified_time":"2020-10-18T10:04:47+00:00","og_image":[{"width":1920,"height":1281,"url":"https:\/\/jp2doc.pl\/fr\/wp-content\/uploads\/sites\/5\/2020\/10\/claudio-schwarz-purzlbaum-k39RGHmLoV8-unsplash.jpg","type":"image\/jpeg"}],"author":"juliasercanka","twitter_card":"summary_large_image","twitter_misc":{"\u00c9crit par":"juliasercanka","Dur\u00e9e de lecture estim\u00e9e":"4 minutes"},"schema":{"@context":"https:\/\/schema.org","@graph":[{"@type":"Article","@id":"https:\/\/jp2doc.pl\/fr\/2020\/10\/18\/dieu-nous-prend-par-la-main\/#article","isPartOf":{"@id":"https:\/\/jp2doc.pl\/fr\/2020\/10\/18\/dieu-nous-prend-par-la-main\/"},"author":{"name":"juliasercanka","@id":"https:\/\/jp2doc.pl\/fr\/#\/schema\/person\/6110109e80abb51f6fac4824777eabfe"},"headline":"Dieu nous prend par la main","datePublished":"2020-10-18T10:04:46+00:00","dateModified":"2020-10-18T10:04:47+00:00","mainEntityOfPage":{"@id":"https:\/\/jp2doc.pl\/fr\/2020\/10\/18\/dieu-nous-prend-par-la-main\/"},"wordCount":865,"commentCount":0,"publisher":{"@id":"https:\/\/jp2doc.pl\/fr\/#organization"},"image":{"@id":"https:\/\/jp2doc.pl\/fr\/2020\/10\/18\/dieu-nous-prend-par-la-main\/#primaryimage"},"thumbnailUrl":"https:\/\/jp2doc.pl\/fr\/wp-content\/uploads\/sites\/5\/2020\/10\/claudio-schwarz-purzlbaum-k39RGHmLoV8-unsplash.jpg","articleSection":["Blog","Strona g\u0142\u00f3wna - najnowsze","Strona g\u0142\u00f3wna - slider"],"inLanguage":"fr-FR","potentialAction":[{"@type":"CommentAction","name":"Comment","target":["https:\/\/jp2doc.pl\/fr\/2020\/10\/18\/dieu-nous-prend-par-la-main\/#respond"]}]},{"@type":"WebPage","@id":"https:\/\/jp2doc.pl\/fr\/2020\/10\/18\/dieu-nous-prend-par-la-main\/","url":"https:\/\/jp2doc.pl\/fr\/2020\/10\/18\/dieu-nous-prend-par-la-main\/","name":"Dieu nous prend par la main - Centre de Documentation et d\u2019Etude du Pontificat de Jean-Paul II \u00e0 Rome","isPartOf":{"@id":"https:\/\/jp2doc.pl\/fr\/#website"},"primaryImageOfPage":{"@id":"https:\/\/jp2doc.pl\/fr\/2020\/10\/18\/dieu-nous-prend-par-la-main\/#primaryimage"},"image":{"@id":"https:\/\/jp2doc.pl\/fr\/2020\/10\/18\/dieu-nous-prend-par-la-main\/#primaryimage"},"thumbnailUrl":"https:\/\/jp2doc.pl\/fr\/wp-content\/uploads\/sites\/5\/2020\/10\/claudio-schwarz-purzlbaum-k39RGHmLoV8-unsplash.jpg","datePublished":"2020-10-18T10:04:46+00:00","dateModified":"2020-10-18T10:04:47+00:00","breadcrumb":{"@id":"https:\/\/jp2doc.pl\/fr\/2020\/10\/18\/dieu-nous-prend-par-la-main\/#breadcrumb"},"inLanguage":"fr-FR","potentialAction":[{"@type":"ReadAction","target":["https:\/\/jp2doc.pl\/fr\/2020\/10\/18\/dieu-nous-prend-par-la-main\/"]}]},{"@type":"ImageObject","inLanguage":"fr-FR","@id":"https:\/\/jp2doc.pl\/fr\/2020\/10\/18\/dieu-nous-prend-par-la-main\/#primaryimage","url":"https:\/\/jp2doc.pl\/fr\/wp-content\/uploads\/sites\/5\/2020\/10\/claudio-schwarz-purzlbaum-k39RGHmLoV8-unsplash.jpg","contentUrl":"https:\/\/jp2doc.pl\/fr\/wp-content\/uploads\/sites\/5\/2020\/10\/claudio-schwarz-purzlbaum-k39RGHmLoV8-unsplash.jpg","width":1920,"height":1281},{"@type":"BreadcrumbList","@id":"https:\/\/jp2doc.pl\/fr\/2020\/10\/18\/dieu-nous-prend-par-la-main\/#breadcrumb","itemListElement":[{"@type":"ListItem","position":1,"name":"Home","item":"https:\/\/jp2doc.pl\/fr\/"},{"@type":"ListItem","position":2,"name":"Dieu nous prend par la main"}]},{"@type":"WebSite","@id":"https:\/\/jp2doc.pl\/fr\/#website","url":"https:\/\/jp2doc.pl\/fr\/","name":"Centre de Documentation et d\u2019Etude du Pontificat de Jean-Paul II \u00e0 Rome","description":"","publisher":{"@id":"https:\/\/jp2doc.pl\/fr\/#organization"},"potentialAction":[{"@type":"SearchAction","target":{"@type":"EntryPoint","urlTemplate":"https:\/\/jp2doc.pl\/fr\/?s={search_term_string}"},"query-input":{"@type":"PropertyValueSpecification","valueRequired":true,"valueName":"search_term_string"}}],"inLanguage":"fr-FR"},{"@type":"Organization","@id":"https:\/\/jp2doc.pl\/fr\/#organization","name":"Centre de Documentation et d\u2019Etude du Pontificat de Jean-Paul II \u00e0 Rome","url":"https:\/\/jp2doc.pl\/fr\/","logo":{"@type":"ImageObject","inLanguage":"fr-FR","@id":"https:\/\/jp2doc.pl\/fr\/#\/schema\/logo\/image\/","url":"https:\/\/jp2doc.pl\/fr\/wp-content\/uploads\/sites\/5\/2017\/03\/cropped-logo.png","contentUrl":"https:\/\/jp2doc.pl\/fr\/wp-content\/uploads\/sites\/5\/2017\/03\/cropped-logo.png","width":115,"height":115,"caption":"Centre de Documentation et d\u2019Etude du Pontificat de Jean-Paul II \u00e0 Rome"},"image":{"@id":"https:\/\/jp2doc.pl\/fr\/#\/schema\/logo\/image\/"}},{"@type":"Person","@id":"https:\/\/jp2doc.pl\/fr\/#\/schema\/person\/6110109e80abb51f6fac4824777eabfe","name":"juliasercanka","image":{"@type":"ImageObject","inLanguage":"fr-FR","@id":"https:\/\/jp2doc.pl\/fr\/#\/schema\/person\/image\/","url":"https:\/\/secure.gravatar.com\/avatar\/266a66e864556e22d55d61b6b10c97fab9060767b738564bcd109f3997e372bc?s=96&d=mm&r=g","contentUrl":"https:\/\/secure.gravatar.com\/avatar\/266a66e864556e22d55d61b6b10c97fab9060767b738564bcd109f3997e372bc?s=96&d=mm&r=g","caption":"juliasercanka"},"url":"https:\/\/jp2doc.pl\/fr\/author\/juliasercanka\/"}]}},"_links":{"self":[{"href":"https:\/\/jp2doc.pl\/fr\/wp-json\/wp\/v2\/posts\/1778","targetHints":{"allow":["GET"]}}],"collection":[{"href":"https:\/\/jp2doc.pl\/fr\/wp-json\/wp\/v2\/posts"}],"about":[{"href":"https:\/\/jp2doc.pl\/fr\/wp-json\/wp\/v2\/types\/post"}],"author":[{"embeddable":true,"href":"https:\/\/jp2doc.pl\/fr\/wp-json\/wp\/v2\/users\/5"}],"replies":[{"embeddable":true,"href":"https:\/\/jp2doc.pl\/fr\/wp-json\/wp\/v2\/comments?post=1778"}],"version-history":[{"count":2,"href":"https:\/\/jp2doc.pl\/fr\/wp-json\/wp\/v2\/posts\/1778\/revisions"}],"predecessor-version":[{"id":1781,"href":"https:\/\/jp2doc.pl\/fr\/wp-json\/wp\/v2\/posts\/1778\/revisions\/1781"}],"wp:featuredmedia":[{"embeddable":true,"href":"https:\/\/jp2doc.pl\/fr\/wp-json\/wp\/v2\/media\/1779"}],"wp:attachment":[{"href":"https:\/\/jp2doc.pl\/fr\/wp-json\/wp\/v2\/media?parent=1778"}],"wp:term":[{"taxonomy":"category","embeddable":true,"href":"https:\/\/jp2doc.pl\/fr\/wp-json\/wp\/v2\/categories?post=1778"},{"taxonomy":"post_tag","embeddable":true,"href":"https:\/\/jp2doc.pl\/fr\/wp-json\/wp\/v2\/tags?post=1778"}],"curies":[{"name":"wp","href":"https:\/\/api.w.org\/{rel}","templated":true}]}}