{"id":1826,"date":"2020-12-21T21:52:31","date_gmt":"2020-12-21T20:52:31","guid":{"rendered":"https:\/\/jp2doc.pl\/fr\/?p=1826"},"modified":"2020-12-21T21:52:32","modified_gmt":"2020-12-21T20:52:32","slug":"quand-dieu-appelle-quelquun","status":"publish","type":"post","link":"https:\/\/jp2doc.pl\/fr\/2020\/12\/21\/quand-dieu-appelle-quelquun\/","title":{"rendered":"Quand Dieu appelle quelqu\u2019un\u2026"},"content":{"rendered":"\n<p>2S\n7, 1-16&nbsp;; Ps 88&nbsp;; Rm16, 25-27&nbsp;; Lc 1, 26-38<\/p>\n\n\n\n<p>Quelques jours avant la f\u00eate de Noel\u00a0; la liturgie de la Parole de Dieu de ce dimanche nous invite \u00e0 tourner notre regard vers Marie, l\u2019humble jeune fille de Nazareth, en qui l\u2019attente\u00a0 du Messie atteint son sommet. Dans son sein immacul\u00e9, le Verbe prend corps. Nous avons \u00e9cout\u00e9 qu\u2019\u00e0 l\u2019annonce de l\u2019ange, le Vierge toute tremblante balbutie son \u00ab\u00a0oui\u00a0\u00bb, un \u00ab\u00a0oui\u00a0\u00bb qui fait basculer l\u2019histoire humaine.<\/p>\n\n\n\n<p>En\nla couvrant de l\u2019ombre de l\u2019Esprit saint, Dieu confie \u00e0 Marie une mission qui d\u00e9passe\nl\u2019imagination&nbsp;: devenir le M\u00e8re de son Fils.&nbsp; Ainsi, l\u2019annonciation nous fait d\u00e9couvrir\nquelques traits \u00e0 savoir&nbsp;:<\/p>\n\n\n\n<p>Au\npoint de d\u00e9part, nous avons la gr\u00e2ce de&nbsp;\nDieu. La salutation que l\u2019Ange adress\u00e9e \u00e0 Marie au d\u00e9but de la rencontre\nest beaucoup plus qu\u2019un beau compliment.&nbsp;\nEn l\u2019appelant \u00ab&nbsp;combl\u00e9e des gr\u00e2ces&nbsp;\u00bb, l\u2019ange indique\nclairement la part que le Seigneur va jouer dans cette aventure extraordinaire.&nbsp; Marie est rev\u00eatit d\u2019amour, de gloire et de\npuissance divine. Ainsi nous pouvons d\u00e9j\u00e0 dire que quand Dieu appelle\nquelqu\u2019un, Il s\u2019engage lui-m\u00eame \u00e0 le soutenir sans faille. Sa fid\u00e9lit\u00e9 et son\namour sont d\u2019office garantis pour toujours, m\u00eame au c\u0153ur de l\u2019\u00e9preuve. D\u2019o\u00f9\nl\u2019appel \u00e0 ne pas avoir peur.<\/p>\n\n\n\n<p>N\u2019aie\npas peur&nbsp;! la crainte \u00e9prouv\u00e9e par Marie est tout \u00e0 fait l\u00e9gitime et nous\nla partageons parfois quand r\u00e9sonne en nous dans le secret de nos c\u0153urs l\u2019appel\nde Dieu. &nbsp;Elle montre d\u2019abord que la\nVierge Marie a compris l\u2019immensit\u00e9 du projet de Dieu et ses cons\u00e9quences. D\u2019o\u00f9\nce premier pas qui lui est demand\u00e9 dans la foi&nbsp;:&nbsp;\u00ab&nbsp;ne crains\npas&nbsp;\u00bb&nbsp;! m\u00eame message que celui adress\u00e9 \u00e0 Joseph dans son doute.\nDevant cette crainte, Marie demande \u00e0 l\u2019Ange comment cela va se faire. La foi\ndemande d\u2019\u00eatre \u00e9clair\u00e9e par la raison. D\u2019o\u00f9 il faut&nbsp;:<\/p>\n\n\n\n<p>Comprendre\npour mieux s\u2019engager. Cette recommandation d\u00e9coule de la question de Marie \u00e0\nl\u2019Ange&nbsp;: \u00ab&nbsp;comment cela se fera-t-il&nbsp;?&nbsp;\u00bb tout en&nbsp; ne doutant pas un seul instant du message de\nl\u2019ange, elle d\u00e9sire savoir&nbsp; comment\npourra s\u2019accomplir le dessein de Dieu alors qu\u2019elle ne conna\u00eet pas d\u2019homme.\nTout simplement nous retenons que la conception annonc\u00e9e ne provient pas d\u2019un\nvouloir humain&nbsp;; elle est plut\u00f4t l\u2019\u0153uvre de l\u2019Esprit saint. La grossesse\nd\u2019Elisabeth sa cousine en t\u00e9moigne aussi, car celle qu\u2019on croyait st\u00e9rile et\nqui dans sa vieillesse attend, elle aussi, un enfant&nbsp;; rien n\u2019est\nimpossible \u00e0 dieu. Il faut tout simplement croire en lui et lui faire\nconfiance. Retenons que lorsque s\u2019obscurcissent nos chemins de foi, que nos\npr\u00e9visions d\u00e9bouchent sur des impasses et que nos calculs humains buttent\ncontre le mur de l\u2019inconnu, rappelons-nous que c\u2019est le Dieu de l\u2019impossible\nqui nous envoie l\u00e0 o\u00f9 lui-m\u00eame nous a d\u00e9j\u00e0 devanc\u00e9s. Et alors, nous pouvons\ndire comme la Vierge Marie&nbsp;: <\/p>\n\n\n\n<p>\u00ab&nbsp;Je\nsuis la servante du seigneur&nbsp;\u00bb. comme nous pouvons le constater, le r\u00e9cit\nde l\u2019annonciation qui est \u00e0 la fois une vocation et une mission&nbsp;; se\ntermine par ces mots empreints d\u2019une profonde humilit\u00e9&nbsp;: \u00ab&nbsp;je suis la\nservante du seigneur, que tout se passe pour moi selon ta parole&nbsp;\u00bb. en\ncette simple phrase, se r\u00e9sume tout le programme de vie de la Vierge Marie.\nelle nous fait comprendre que le service fait par amour, loin de rabaisser\nl\u2019homme, l\u2019\u00e9l\u00e8ve plut\u00f4t devant Dieu. Aussi, peut-on affirmer que toute vocation\nauthentique d\u00e9bouche forc\u00e9ment sur le service, qui en est la garantie la plus\ns\u00fbre, la marque ind\u00e9l\u00e9bile. Nul ne peut accueillir avec fruit une gr\u00e2ce divine,\nsans devenir aussit\u00f4t un serviteur de Dieu et de ses fr\u00e8res. Par son\n\u00ab&nbsp;oui&nbsp;\u00bb inconditionnel, Marie nous en donne l\u2019exemple.&nbsp; Enfin, et nous quelle place avons-nous dans\nce r\u00e9cit de l\u2019annonciation&nbsp;?<\/p>\n\n\n\n<p>Bien\naim\u00e9 de Dieu, je voudrais conclure cette m\u00e9ditation en nous invitant \u00e0 mettre\nce message de l\u2019annonciation au fond de nos c\u0153urs. Dans ce r\u00e9cit, nous trouvons\nneuf personnages de grande taille&nbsp;: l\u2019ange Gabriel, Dieu le P\u00e8re, Joseph,\nDavid, Marie, J\u00e9sus, Jacob, l\u2019Esprit Saint et Elisabeth. chacun de ce\npersonnage a un r\u00f4le sp\u00e9cifique dans la pr\u00e9paration de la naissance du Fils de\nDieu. Alors mon fr\u00e8re, ma s\u0153ur ici pr\u00e9sent dans cette liturgie, sais-tu que tu\nes \u00e9galement concern\u00e9 par cette naissance&nbsp;? sais-tu que tu n\u2019es pas un\nsimple spectateur des merveilles de Dieu, mais un protagoniste de ses desseins&nbsp;?\nsais \u2013tu que Dieu veut passer par toi aussi pour s\u2019incarner dans le\nmonde&nbsp;? oui, Dieu est toujours \u00e0 la recherche de c\u0153urs qui aiment et qui\naccueillent. C\u2019est \u00e0 toi que son message est adress\u00e9 aujourd\u2019hui. Que la grande\ndisponibilit\u00e9 de Marie nous stimule \u00e0 r\u00e9pondre avec joie, en cette veille de\nNo\u00ebl.<\/p>\n\n\n\n<p><strong>P\u00e8re Jean Cluade Ciza <\/strong><\/p>\n\n\n\n<p><em>Fot. British Library\/Unsplash.com<\/em><\/p>\n","protected":false},"excerpt":{"rendered":"<p>IV Dimanche de l\u2019Avent <\/p>\n","protected":false},"author":5,"featured_media":1827,"comment_status":"open","ping_status":"open","sticky":false,"template":"","format":"standard","meta":{"_acf_changed":false,"_exactmetrics_skip_tracking":false,"_exactmetrics_sitenote_active":false,"_exactmetrics_sitenote_note":"","_exactmetrics_sitenote_category":0,"footnotes":""},"categories":[4,13,14],"tags":[],"class_list":["post-1826","post","type-post","status-publish","format-standard","has-post-thumbnail","hentry","category-blog","category-strona-glowna-najnowsze","category-strona-glowna-slider"],"acf":[],"yoast_head":"<!-- This site is optimized with the Yoast SEO plugin v26.2 - https:\/\/yoast.com\/wordpress\/plugins\/seo\/ -->\n<title>Quand Dieu appelle quelqu\u2019un\u2026 - Centre de Documentation et d\u2019Etude du Pontificat de Jean-Paul II \u00e0 Rome<\/title>\n<meta name=\"robots\" content=\"index, follow, max-snippet:-1, max-image-preview:large, max-video-preview:-1\" \/>\n<link rel=\"canonical\" href=\"https:\/\/jp2doc.pl\/fr\/2020\/12\/21\/quand-dieu-appelle-quelquun\/\" \/>\n<meta property=\"og:locale\" content=\"fr_FR\" \/>\n<meta property=\"og:type\" content=\"article\" \/>\n<meta property=\"og:title\" content=\"Quand Dieu appelle quelqu\u2019un\u2026 - Centre de Documentation et d\u2019Etude du Pontificat de Jean-Paul II \u00e0 Rome\" \/>\n<meta property=\"og:description\" content=\"IV Dimanche de l\u2019Avent\" \/>\n<meta property=\"og:url\" content=\"https:\/\/jp2doc.pl\/fr\/2020\/12\/21\/quand-dieu-appelle-quelquun\/\" \/>\n<meta property=\"og:site_name\" content=\"Centre de Documentation et d\u2019Etude du Pontificat de Jean-Paul II \u00e0 Rome\" \/>\n<meta property=\"article:published_time\" content=\"2020-12-21T20:52:31+00:00\" \/>\n<meta property=\"article:modified_time\" content=\"2020-12-21T20:52:32+00:00\" \/>\n<meta property=\"og:image\" content=\"https:\/\/jp2doc.pl\/fr\/wp-content\/uploads\/sites\/5\/2020\/12\/british-library-nN9TLHOk8aU-unsplash-scaled.jpg\" \/>\n\t<meta property=\"og:image:width\" content=\"2560\" \/>\n\t<meta property=\"og:image:height\" content=\"1847\" \/>\n\t<meta property=\"og:image:type\" content=\"image\/jpeg\" \/>\n<meta name=\"author\" content=\"juliasercanka\" \/>\n<meta name=\"twitter:card\" content=\"summary_large_image\" \/>\n<meta name=\"twitter:label1\" content=\"\u00c9crit par\" \/>\n\t<meta name=\"twitter:data1\" content=\"juliasercanka\" \/>\n\t<meta name=\"twitter:label2\" content=\"Dur\u00e9e de lecture estim\u00e9e\" \/>\n\t<meta name=\"twitter:data2\" content=\"5 minutes\" \/>\n<script type=\"application\/ld+json\" class=\"yoast-schema-graph\">{\"@context\":\"https:\/\/schema.org\",\"@graph\":[{\"@type\":\"Article\",\"@id\":\"https:\/\/jp2doc.pl\/fr\/2020\/12\/21\/quand-dieu-appelle-quelquun\/#article\",\"isPartOf\":{\"@id\":\"https:\/\/jp2doc.pl\/fr\/2020\/12\/21\/quand-dieu-appelle-quelquun\/\"},\"author\":{\"name\":\"juliasercanka\",\"@id\":\"https:\/\/jp2doc.pl\/fr\/#\/schema\/person\/6110109e80abb51f6fac4824777eabfe\"},\"headline\":\"Quand Dieu appelle quelqu\u2019un\u2026\",\"datePublished\":\"2020-12-21T20:52:31+00:00\",\"dateModified\":\"2020-12-21T20:52:32+00:00\",\"mainEntityOfPage\":{\"@id\":\"https:\/\/jp2doc.pl\/fr\/2020\/12\/21\/quand-dieu-appelle-quelquun\/\"},\"wordCount\":917,\"commentCount\":0,\"publisher\":{\"@id\":\"https:\/\/jp2doc.pl\/fr\/#organization\"},\"image\":{\"@id\":\"https:\/\/jp2doc.pl\/fr\/2020\/12\/21\/quand-dieu-appelle-quelquun\/#primaryimage\"},\"thumbnailUrl\":\"https:\/\/jp2doc.pl\/fr\/wp-content\/uploads\/sites\/5\/2020\/12\/british-library-nN9TLHOk8aU-unsplash-scaled.jpg\",\"articleSection\":[\"Blog\",\"Strona g\u0142\u00f3wna - najnowsze\",\"Strona g\u0142\u00f3wna - slider\"],\"inLanguage\":\"fr-FR\",\"potentialAction\":[{\"@type\":\"CommentAction\",\"name\":\"Comment\",\"target\":[\"https:\/\/jp2doc.pl\/fr\/2020\/12\/21\/quand-dieu-appelle-quelquun\/#respond\"]}]},{\"@type\":\"WebPage\",\"@id\":\"https:\/\/jp2doc.pl\/fr\/2020\/12\/21\/quand-dieu-appelle-quelquun\/\",\"url\":\"https:\/\/jp2doc.pl\/fr\/2020\/12\/21\/quand-dieu-appelle-quelquun\/\",\"name\":\"Quand Dieu appelle quelqu\u2019un\u2026 - Centre de Documentation et d\u2019Etude du Pontificat de Jean-Paul II \u00e0 Rome\",\"isPartOf\":{\"@id\":\"https:\/\/jp2doc.pl\/fr\/#website\"},\"primaryImageOfPage\":{\"@id\":\"https:\/\/jp2doc.pl\/fr\/2020\/12\/21\/quand-dieu-appelle-quelquun\/#primaryimage\"},\"image\":{\"@id\":\"https:\/\/jp2doc.pl\/fr\/2020\/12\/21\/quand-dieu-appelle-quelquun\/#primaryimage\"},\"thumbnailUrl\":\"https:\/\/jp2doc.pl\/fr\/wp-content\/uploads\/sites\/5\/2020\/12\/british-library-nN9TLHOk8aU-unsplash-scaled.jpg\",\"datePublished\":\"2020-12-21T20:52:31+00:00\",\"dateModified\":\"2020-12-21T20:52:32+00:00\",\"breadcrumb\":{\"@id\":\"https:\/\/jp2doc.pl\/fr\/2020\/12\/21\/quand-dieu-appelle-quelquun\/#breadcrumb\"},\"inLanguage\":\"fr-FR\",\"potentialAction\":[{\"@type\":\"ReadAction\",\"target\":[\"https:\/\/jp2doc.pl\/fr\/2020\/12\/21\/quand-dieu-appelle-quelquun\/\"]}]},{\"@type\":\"ImageObject\",\"inLanguage\":\"fr-FR\",\"@id\":\"https:\/\/jp2doc.pl\/fr\/2020\/12\/21\/quand-dieu-appelle-quelquun\/#primaryimage\",\"url\":\"https:\/\/jp2doc.pl\/fr\/wp-content\/uploads\/sites\/5\/2020\/12\/british-library-nN9TLHOk8aU-unsplash-scaled.jpg\",\"contentUrl\":\"https:\/\/jp2doc.pl\/fr\/wp-content\/uploads\/sites\/5\/2020\/12\/british-library-nN9TLHOk8aU-unsplash-scaled.jpg\",\"width\":2560,\"height\":1847},{\"@type\":\"BreadcrumbList\",\"@id\":\"https:\/\/jp2doc.pl\/fr\/2020\/12\/21\/quand-dieu-appelle-quelquun\/#breadcrumb\",\"itemListElement\":[{\"@type\":\"ListItem\",\"position\":1,\"name\":\"Home\",\"item\":\"https:\/\/jp2doc.pl\/fr\/\"},{\"@type\":\"ListItem\",\"position\":2,\"name\":\"Quand Dieu appelle quelqu\u2019un\u2026\"}]},{\"@type\":\"WebSite\",\"@id\":\"https:\/\/jp2doc.pl\/fr\/#website\",\"url\":\"https:\/\/jp2doc.pl\/fr\/\",\"name\":\"Centre de Documentation et d\u2019Etude du Pontificat de Jean-Paul II \u00e0 Rome\",\"description\":\"\",\"publisher\":{\"@id\":\"https:\/\/jp2doc.pl\/fr\/#organization\"},\"potentialAction\":[{\"@type\":\"SearchAction\",\"target\":{\"@type\":\"EntryPoint\",\"urlTemplate\":\"https:\/\/jp2doc.pl\/fr\/?s={search_term_string}\"},\"query-input\":{\"@type\":\"PropertyValueSpecification\",\"valueRequired\":true,\"valueName\":\"search_term_string\"}}],\"inLanguage\":\"fr-FR\"},{\"@type\":\"Organization\",\"@id\":\"https:\/\/jp2doc.pl\/fr\/#organization\",\"name\":\"Centre de Documentation et d\u2019Etude du Pontificat de Jean-Paul II \u00e0 Rome\",\"url\":\"https:\/\/jp2doc.pl\/fr\/\",\"logo\":{\"@type\":\"ImageObject\",\"inLanguage\":\"fr-FR\",\"@id\":\"https:\/\/jp2doc.pl\/fr\/#\/schema\/logo\/image\/\",\"url\":\"https:\/\/jp2doc.pl\/fr\/wp-content\/uploads\/sites\/5\/2017\/03\/cropped-logo.png\",\"contentUrl\":\"https:\/\/jp2doc.pl\/fr\/wp-content\/uploads\/sites\/5\/2017\/03\/cropped-logo.png\",\"width\":115,\"height\":115,\"caption\":\"Centre de Documentation et d\u2019Etude du Pontificat de Jean-Paul II \u00e0 Rome\"},\"image\":{\"@id\":\"https:\/\/jp2doc.pl\/fr\/#\/schema\/logo\/image\/\"}},{\"@type\":\"Person\",\"@id\":\"https:\/\/jp2doc.pl\/fr\/#\/schema\/person\/6110109e80abb51f6fac4824777eabfe\",\"name\":\"juliasercanka\",\"image\":{\"@type\":\"ImageObject\",\"inLanguage\":\"fr-FR\",\"@id\":\"https:\/\/jp2doc.pl\/fr\/#\/schema\/person\/image\/\",\"url\":\"https:\/\/secure.gravatar.com\/avatar\/266a66e864556e22d55d61b6b10c97fab9060767b738564bcd109f3997e372bc?s=96&d=mm&r=g\",\"contentUrl\":\"https:\/\/secure.gravatar.com\/avatar\/266a66e864556e22d55d61b6b10c97fab9060767b738564bcd109f3997e372bc?s=96&d=mm&r=g\",\"caption\":\"juliasercanka\"},\"url\":\"https:\/\/jp2doc.pl\/fr\/author\/juliasercanka\/\"}]}<\/script>\n<!-- \/ Yoast SEO plugin. -->","yoast_head_json":{"title":"Quand Dieu appelle quelqu\u2019un\u2026 - Centre de Documentation et d\u2019Etude du Pontificat de Jean-Paul II \u00e0 Rome","robots":{"index":"index","follow":"follow","max-snippet":"max-snippet:-1","max-image-preview":"max-image-preview:large","max-video-preview":"max-video-preview:-1"},"canonical":"https:\/\/jp2doc.pl\/fr\/2020\/12\/21\/quand-dieu-appelle-quelquun\/","og_locale":"fr_FR","og_type":"article","og_title":"Quand Dieu appelle quelqu\u2019un\u2026 - Centre de Documentation et d\u2019Etude du Pontificat de Jean-Paul II \u00e0 Rome","og_description":"IV Dimanche de l\u2019Avent","og_url":"https:\/\/jp2doc.pl\/fr\/2020\/12\/21\/quand-dieu-appelle-quelquun\/","og_site_name":"Centre de Documentation et d\u2019Etude du Pontificat de Jean-Paul II \u00e0 Rome","article_published_time":"2020-12-21T20:52:31+00:00","article_modified_time":"2020-12-21T20:52:32+00:00","og_image":[{"width":2560,"height":1847,"url":"https:\/\/jp2doc.pl\/fr\/wp-content\/uploads\/sites\/5\/2020\/12\/british-library-nN9TLHOk8aU-unsplash-scaled.jpg","type":"image\/jpeg"}],"author":"juliasercanka","twitter_card":"summary_large_image","twitter_misc":{"\u00c9crit par":"juliasercanka","Dur\u00e9e de lecture estim\u00e9e":"5 minutes"},"schema":{"@context":"https:\/\/schema.org","@graph":[{"@type":"Article","@id":"https:\/\/jp2doc.pl\/fr\/2020\/12\/21\/quand-dieu-appelle-quelquun\/#article","isPartOf":{"@id":"https:\/\/jp2doc.pl\/fr\/2020\/12\/21\/quand-dieu-appelle-quelquun\/"},"author":{"name":"juliasercanka","@id":"https:\/\/jp2doc.pl\/fr\/#\/schema\/person\/6110109e80abb51f6fac4824777eabfe"},"headline":"Quand Dieu appelle quelqu\u2019un\u2026","datePublished":"2020-12-21T20:52:31+00:00","dateModified":"2020-12-21T20:52:32+00:00","mainEntityOfPage":{"@id":"https:\/\/jp2doc.pl\/fr\/2020\/12\/21\/quand-dieu-appelle-quelquun\/"},"wordCount":917,"commentCount":0,"publisher":{"@id":"https:\/\/jp2doc.pl\/fr\/#organization"},"image":{"@id":"https:\/\/jp2doc.pl\/fr\/2020\/12\/21\/quand-dieu-appelle-quelquun\/#primaryimage"},"thumbnailUrl":"https:\/\/jp2doc.pl\/fr\/wp-content\/uploads\/sites\/5\/2020\/12\/british-library-nN9TLHOk8aU-unsplash-scaled.jpg","articleSection":["Blog","Strona g\u0142\u00f3wna - najnowsze","Strona g\u0142\u00f3wna - slider"],"inLanguage":"fr-FR","potentialAction":[{"@type":"CommentAction","name":"Comment","target":["https:\/\/jp2doc.pl\/fr\/2020\/12\/21\/quand-dieu-appelle-quelquun\/#respond"]}]},{"@type":"WebPage","@id":"https:\/\/jp2doc.pl\/fr\/2020\/12\/21\/quand-dieu-appelle-quelquun\/","url":"https:\/\/jp2doc.pl\/fr\/2020\/12\/21\/quand-dieu-appelle-quelquun\/","name":"Quand Dieu appelle quelqu\u2019un\u2026 - Centre de Documentation et d\u2019Etude du Pontificat de Jean-Paul II \u00e0 Rome","isPartOf":{"@id":"https:\/\/jp2doc.pl\/fr\/#website"},"primaryImageOfPage":{"@id":"https:\/\/jp2doc.pl\/fr\/2020\/12\/21\/quand-dieu-appelle-quelquun\/#primaryimage"},"image":{"@id":"https:\/\/jp2doc.pl\/fr\/2020\/12\/21\/quand-dieu-appelle-quelquun\/#primaryimage"},"thumbnailUrl":"https:\/\/jp2doc.pl\/fr\/wp-content\/uploads\/sites\/5\/2020\/12\/british-library-nN9TLHOk8aU-unsplash-scaled.jpg","datePublished":"2020-12-21T20:52:31+00:00","dateModified":"2020-12-21T20:52:32+00:00","breadcrumb":{"@id":"https:\/\/jp2doc.pl\/fr\/2020\/12\/21\/quand-dieu-appelle-quelquun\/#breadcrumb"},"inLanguage":"fr-FR","potentialAction":[{"@type":"ReadAction","target":["https:\/\/jp2doc.pl\/fr\/2020\/12\/21\/quand-dieu-appelle-quelquun\/"]}]},{"@type":"ImageObject","inLanguage":"fr-FR","@id":"https:\/\/jp2doc.pl\/fr\/2020\/12\/21\/quand-dieu-appelle-quelquun\/#primaryimage","url":"https:\/\/jp2doc.pl\/fr\/wp-content\/uploads\/sites\/5\/2020\/12\/british-library-nN9TLHOk8aU-unsplash-scaled.jpg","contentUrl":"https:\/\/jp2doc.pl\/fr\/wp-content\/uploads\/sites\/5\/2020\/12\/british-library-nN9TLHOk8aU-unsplash-scaled.jpg","width":2560,"height":1847},{"@type":"BreadcrumbList","@id":"https:\/\/jp2doc.pl\/fr\/2020\/12\/21\/quand-dieu-appelle-quelquun\/#breadcrumb","itemListElement":[{"@type":"ListItem","position":1,"name":"Home","item":"https:\/\/jp2doc.pl\/fr\/"},{"@type":"ListItem","position":2,"name":"Quand Dieu appelle quelqu\u2019un\u2026"}]},{"@type":"WebSite","@id":"https:\/\/jp2doc.pl\/fr\/#website","url":"https:\/\/jp2doc.pl\/fr\/","name":"Centre de Documentation et d\u2019Etude du Pontificat de Jean-Paul II \u00e0 Rome","description":"","publisher":{"@id":"https:\/\/jp2doc.pl\/fr\/#organization"},"potentialAction":[{"@type":"SearchAction","target":{"@type":"EntryPoint","urlTemplate":"https:\/\/jp2doc.pl\/fr\/?s={search_term_string}"},"query-input":{"@type":"PropertyValueSpecification","valueRequired":true,"valueName":"search_term_string"}}],"inLanguage":"fr-FR"},{"@type":"Organization","@id":"https:\/\/jp2doc.pl\/fr\/#organization","name":"Centre de Documentation et d\u2019Etude du Pontificat de Jean-Paul II \u00e0 Rome","url":"https:\/\/jp2doc.pl\/fr\/","logo":{"@type":"ImageObject","inLanguage":"fr-FR","@id":"https:\/\/jp2doc.pl\/fr\/#\/schema\/logo\/image\/","url":"https:\/\/jp2doc.pl\/fr\/wp-content\/uploads\/sites\/5\/2017\/03\/cropped-logo.png","contentUrl":"https:\/\/jp2doc.pl\/fr\/wp-content\/uploads\/sites\/5\/2017\/03\/cropped-logo.png","width":115,"height":115,"caption":"Centre de Documentation et d\u2019Etude du Pontificat de Jean-Paul II \u00e0 Rome"},"image":{"@id":"https:\/\/jp2doc.pl\/fr\/#\/schema\/logo\/image\/"}},{"@type":"Person","@id":"https:\/\/jp2doc.pl\/fr\/#\/schema\/person\/6110109e80abb51f6fac4824777eabfe","name":"juliasercanka","image":{"@type":"ImageObject","inLanguage":"fr-FR","@id":"https:\/\/jp2doc.pl\/fr\/#\/schema\/person\/image\/","url":"https:\/\/secure.gravatar.com\/avatar\/266a66e864556e22d55d61b6b10c97fab9060767b738564bcd109f3997e372bc?s=96&d=mm&r=g","contentUrl":"https:\/\/secure.gravatar.com\/avatar\/266a66e864556e22d55d61b6b10c97fab9060767b738564bcd109f3997e372bc?s=96&d=mm&r=g","caption":"juliasercanka"},"url":"https:\/\/jp2doc.pl\/fr\/author\/juliasercanka\/"}]}},"_links":{"self":[{"href":"https:\/\/jp2doc.pl\/fr\/wp-json\/wp\/v2\/posts\/1826","targetHints":{"allow":["GET"]}}],"collection":[{"href":"https:\/\/jp2doc.pl\/fr\/wp-json\/wp\/v2\/posts"}],"about":[{"href":"https:\/\/jp2doc.pl\/fr\/wp-json\/wp\/v2\/types\/post"}],"author":[{"embeddable":true,"href":"https:\/\/jp2doc.pl\/fr\/wp-json\/wp\/v2\/users\/5"}],"replies":[{"embeddable":true,"href":"https:\/\/jp2doc.pl\/fr\/wp-json\/wp\/v2\/comments?post=1826"}],"version-history":[{"count":1,"href":"https:\/\/jp2doc.pl\/fr\/wp-json\/wp\/v2\/posts\/1826\/revisions"}],"predecessor-version":[{"id":1828,"href":"https:\/\/jp2doc.pl\/fr\/wp-json\/wp\/v2\/posts\/1826\/revisions\/1828"}],"wp:featuredmedia":[{"embeddable":true,"href":"https:\/\/jp2doc.pl\/fr\/wp-json\/wp\/v2\/media\/1827"}],"wp:attachment":[{"href":"https:\/\/jp2doc.pl\/fr\/wp-json\/wp\/v2\/media?parent=1826"}],"wp:term":[{"taxonomy":"category","embeddable":true,"href":"https:\/\/jp2doc.pl\/fr\/wp-json\/wp\/v2\/categories?post=1826"},{"taxonomy":"post_tag","embeddable":true,"href":"https:\/\/jp2doc.pl\/fr\/wp-json\/wp\/v2\/tags?post=1826"}],"curies":[{"name":"wp","href":"https:\/\/api.w.org\/{rel}","templated":true}]}}