{"id":1833,"date":"2020-12-27T10:13:39","date_gmt":"2020-12-27T09:13:39","guid":{"rendered":"https:\/\/jp2doc.pl\/fr\/?p=1833"},"modified":"2020-12-27T10:13:39","modified_gmt":"2020-12-27T09:13:39","slug":"pour-redecouvrir-la-valeur-de-la-famille","status":"publish","type":"post","link":"https:\/\/jp2doc.pl\/fr\/2020\/12\/27\/pour-redecouvrir-la-valeur-de-la-famille\/","title":{"rendered":"Pour red\u00e9couvrir la valeur de la famille"},"content":{"rendered":"\n<p>Gn 15, 1-6 et 21, 1-3&nbsp;; Ps 104&nbsp;; He 11,\n8.11-19&nbsp;; Lc 2, 22-40<\/p>\n\n\n\n<p>Chers parents et\nchers enfants, ch\u00e8res familles, bonne f\u00eate de la Sainte famille&nbsp;!<\/p>\n\n\n\n<p>Nous avons c\u00e9l\u00e9br\u00e9\navec joie le vendredi la naissance de notre Seigneur J\u00e9sus. A la cr\u00e8che nous\navons vu des personnages qui ont beaucoup attir\u00e9 notre&nbsp; attention \u00e0 part l\u2019enfant J\u00e9sus. Il s\u2019agit de\nMarie sa M\u00e8re, de Joseph son p\u00e8re nourricier et des bergers.&nbsp; D\u00e9j\u00e0 pendant le temps de l\u2019Avent, l\u2019Eglise\nnous a donn\u00e9 l\u2019occasion de d\u00e9couvrir la g\u00e9n\u00e9alogie de J\u00e9sus compos\u00e9e des\ngrandes personnalit\u00e9s qui ont marqu\u00e9 l\u2019histoire. Parmi eux des personnes\nillustres et des personnes avec une mauvaise r\u00e9putation, aux m\u0153urs douteuses.\nOn ne le dira jamais assez que l\u2019avenir de l\u2019homme se trouve dans son\npass\u00e9&nbsp;; car c\u2019est dans nos familles que se joue notre destin\u00e9e, parfois\nm\u00eame \u00e0&nbsp; notre insu. Mes fr\u00e8res et s\u0153urs,\nchers parents, reformons les familles et nous sauverons l\u2019humanit\u00e9. Mais\ncomment y parvenir&nbsp;? Les lectures propos\u00e9es en cette solennit\u00e9 peuvent\nnous y aider. Je vous propose aussi, pour mieux d\u00e9couvrir et red\u00e9couvrir la\nvaleur, la signification de la famille, de lire les cat\u00e9ch\u00e8ses du Pape Saint\nJean Paul II sur la famille. C\u2019est une mine d\u2019or qu\u2019il faut exploiter et garder\njalousement. Pour notre m\u00e9ditation, nous retenons cinq points ou notes sur la\nfamille.<\/p>\n\n\n\n<h5 class=\"wp-block-heading\"><strong>La famille comme une \u00e9cole de foi<\/strong><\/h5>\n\n\n\n<p>La premi\u00e8re le\u00e7on\nnous vient d\u2019Abraham notre p\u00e8re dans la foi. Un simple \u00e9leveur nomade \u00e9lu par\nDieu qui comme nous pouvons le constater dans la premi\u00e8re lecture tir\u00e9 du livre\nde la Gen\u00e8se tout comme dans la deuxi\u00e8me lecture, la lettre aux heureux&nbsp; nous est propos\u00e9 comme un homme de foi. Avec\nl\u2019histoire d\u2019Abraham, nous comprenons que la foi est fondamentalement une\nrelation de confiance entre l\u2019homme et Dieu. Elle est un voyage pers\u00e9v\u00e9rant\nsans d\u2019autre \u00e9toile que la confiance pour guider. C\u2019est un tel fondement que la\nliturgie&nbsp; de ce jour propose \u00e0 nos\nfamilles, en particulier lorsqu\u2019elles font face \u00e0 des crises et \u00e0 l\u2019adversit\u00e9.\nLa foi bien v\u00e9cue nous conduit \u00e0 la saintet\u00e9, notre vocation universelle.<\/p>\n\n\n\n<h5 class=\"wp-block-heading\"><strong>La famille, une \u00e9cole de saintet\u00e9<\/strong><\/h5>\n\n\n\n<p>Nous vous referons\n\u00e0 l\u2019histoire et la vie de certains saints comme sainte Th\u00e9r\u00e8se et saint\nAugustin. Les parents de ces saints sont inscrits sur la liste des bienheureux\n\u00e0 cause de r\u00f4le de premier plan qu\u2019ils ont jou\u00e9 dans la vie de leurs enfants.\nSainte Th\u00e9r\u00e8se elle-m\u00eame d\u00e9claraient au sujet de ses parents ceci&nbsp;:\n\u00ab&nbsp;le bon Dieu m\u2019a donn\u00e9 un p\u00e8re et une m\u00e8re plus dignes du Ciel que de la\nterre&nbsp;\u00bb. Nous connaissons la vie de Saint Augustin, comment elle avait \u00e9t\u00e9\nfa\u00e7onn\u00e9 gr\u00e2ce \u00e0 la pri\u00e8re et aux conseils de sa maman Monique. Chers parents,\navons-nous encore le courage de proposer l\u2019id\u00e9al de la saintet\u00e9 \u00e0 nos\nenfants&nbsp;? Savons-nous les \u00e9lever dans cette valeur capitale qui donne\nconscience \u00e0 leur vie&nbsp;? Par exemple dans la pri\u00e8re, l\u2019amour du prochain,\nla crainte de Dieu et l\u2019observance des commandements de Dieu.<\/p>\n\n\n\n<h5 class=\"wp-block-heading\"><strong>La famille, une \u00e9cole d\u2019amour<\/strong><\/h5>\n\n\n\n<p>Nous voulons vous\ninvitez chers parents \u00e0 l\u2019amour de vos enfants et \u00e0 l\u2019amour sinc\u00e8re entre vous.\nJe voudrais pour ce faire illustrez cela par une histoire un peu \u00e9mouvante\nd\u2019une jeune femme, m\u00e8re des plusieurs enfants, qui lors d\u2019un examen pr\u00e9natal,\napprend qu\u2019elle a une tumeur d\u2019ut\u00e9rus et que sa grossesse risque de lui \u00eatre\nfatale. Pour essayer de la sauver, les m\u00e9decins lui proposant un douloureux\ndilemme&nbsp;: choisir entre sa propre vie et celle de son enfant. Seul un\navortement peut encore lui \u00e9viter le pire. Plac\u00e9e devant l\u2019alternative, elle d\u00e9cide\nde garder l\u2019enfant. A l\u2019accouchement, toute la famille est pr\u00e9sente et retient\nle souffle.&nbsp; L\u2019enfant est vivant mais la\nmaman meurt sept jours plus tard \u00e0 l\u2019\u00e2ge de 40 ans. &nbsp;Cette jeune femme s\u2019appelait Gianna Beretta\nMolla. En 1994, le Pape Jean Paul II la proclame bienheureuse&nbsp; et elle sera canonis\u00e9e en pr\u00e9sence&nbsp; de son veuf, de sa s\u0153ur et de ses trois\nenfants. Voil\u00e0 chers parents, jusqu\u2019o\u00f9 peut aller l\u2019amour. J\u2019en appelle \u00e0 la conscience\nde nos m\u00e8res qui aujourd\u2019hui se laissent tromper pour d\u00e9truire la vie en\nfaisant des avortements volontaires. Des tels gestes comme celui de Gianna ne\nsont possibles que l\u00e0 o\u00f9 l\u2019on a \u00e9t\u00e9 \u00e9lev\u00e9 dans l\u2019esprit de sacrifice et le don\nde soi qui sont les expressions les plus \u00e9lev\u00e9es du v\u00e9ritable amour. Chers\nparents, apprenez \u00e0 vos enfants l\u2019amour et le respect de la vie, \u00e9vitez d\u2019\u00eatre\ndes g\u00e9nocidaires dans vos propres familles et dans la soci\u00e9t\u00e9. Toute vie est\nsacr\u00e9e et elle commence \u00e0 la rencontre de deux gam\u00e8tes. En gardant la vie, nous\nob\u00e9issons \u00e0 la loi divine.<\/p>\n\n\n\n<h5 class=\"wp-block-heading\"><strong>La famille, une \u00e9cole d\u2019ob\u00e9issance<\/strong><\/h5>\n\n\n\n<p>C\u2019est encore la\nsainte Famille de Nazareth qui nous apprend l\u2019ob\u00e9issance parfaite \u00e0 la volont\u00e9\ndivine. Marie et Joseph, sont all\u00e9s au Temple pour offrir leur premier-n\u00e9 au\nSeigneur et pr\u00e9senter des offrandes un couple de tourterelles ou deux petites\ncolombes. Par ce geste, ils nous montrent que la meilleure mani\u00e8re d\u2019\u00e9duquer \u00e0\nl\u2019ob\u00e9issance consiste \u00e0 ob\u00e9ir soi-m\u00eame.&nbsp;\nChers parents, ne trouvez pas contradictoire et incoh\u00e9rent de forcer vos\nenfants \u00e0 poser des actes dont vous-m\u00eame vous violer constamment&nbsp;? Marie\net Joseph nous rappelle que Dieu se communique davantage par l\u2019exemple que par\nl\u2019imposition.<\/p>\n\n\n\n<h5 class=\"wp-block-heading\"><strong>La famille, un lieu d\u2019accueil de la vocation, l\u2019appel de\nDieu<\/strong><\/h5>\n\n\n\n<p>Encore une fois\nc\u2019est au Temple de J\u00e9rusalem que nous allons apprendre cela.&nbsp; La sc\u00e8ne de la pr\u00e9sentation de l\u2019Enfant J\u00e9sus\nse transforme en une manifestation de sa mission. Prenant l\u2019enfant dans ses\nbras, le vieux Sim\u00e9on laisse \u00e9clater sa joie d\u2019avoir vu le salut, la gloire\nd\u2019Isra\u00ebl, avant d\u2019annoncer&nbsp; la grande\ndivision qu\u2019entra\u00eenera sa mission. En silence, les parents accueillent les\nproph\u00e9ties prononc\u00e9es au sujet de leur enfant, en redisant au plus profond de\nleur c\u0153ur leur adh\u00e9sion inconditionnelle&nbsp;\n\u00e0 la volont\u00e9 de Dieu. Souvent quand je m\u00e9dite cette sc\u00e8ne je vois \u00e0\ntravers l\u2019image de ces personnes \u00e2g\u00e9es, l\u2019image de nos grands-parents. Chers\nparents combien de fois nous pr\u00eatons oreille aux paroles et conseils de nos\ngrands-parents. Que l\u2019exemple de Marie et de Joseph nous soutienne.<\/p>\n\n\n\n<p>Que Marie interc\u00e8de\npour nos familles&nbsp;!<\/p>\n\n\n\n<p>Que saint Joseph\nsoit le protecteur fid\u00e8le de nos familles&nbsp;!<\/p>\n\n\n\n<p>Que la sainte\nfamille de Nazareth nous inspire les vertus n\u00e9cessaires pour sauvegarder nos\nfamilles dans la paix&nbsp;!<\/p>\n\n\n\n<p>Que Marie et Joseph\naccompagnent les couples sans enfants&nbsp;!<\/p>\n\n\n\n<p>Que marie et Joseph\nnous apprennent \u00e0 nous pardonner, \u00e0 prot\u00e9ger nos enfants comme ils ont prot\u00e9g\u00e9\nJ\u00e9sus contre H\u00e9rode&nbsp;!<\/p>\n\n\n\n<p>Que Marie et Joseph\naident vos familles \u00e0 vivre dans la concorde, l\u2019amour parfait \u00e0 l\u2019\u00e9coute de la\nparole du Seigneur&nbsp;!<\/p>\n\n\n\n<p>A vous tous, bonne\nf\u00eate de la sainte famille&nbsp;!<\/p>\n\n\n\n<p><strong>P\u00e8re Jean Claude Ciza<\/strong> <\/p>\n\n\n\n<p><em>Fot. Kelly Sikkema\/Unsplash.com<\/em><\/p>\n","protected":false},"excerpt":{"rendered":"<p>Dimanche de la Sainte Famille<\/p>\n","protected":false},"author":5,"featured_media":1834,"comment_status":"open","ping_status":"open","sticky":false,"template":"","format":"standard","meta":{"_acf_changed":false,"_exactmetrics_skip_tracking":false,"_exactmetrics_sitenote_active":false,"_exactmetrics_sitenote_note":"","_exactmetrics_sitenote_category":0,"footnotes":""},"categories":[4,13,14],"tags":[],"class_list":["post-1833","post","type-post","status-publish","format-standard","has-post-thumbnail","hentry","category-blog","category-strona-glowna-najnowsze","category-strona-glowna-slider"],"acf":[],"yoast_head":"<!-- This site is optimized with the Yoast SEO plugin v26.2 - https:\/\/yoast.com\/wordpress\/plugins\/seo\/ -->\n<title>Pour red\u00e9couvrir la valeur de la famille - Centre de Documentation et d\u2019Etude du Pontificat de Jean-Paul II \u00e0 Rome<\/title>\n<meta name=\"robots\" content=\"index, follow, max-snippet:-1, max-image-preview:large, max-video-preview:-1\" \/>\n<link rel=\"canonical\" href=\"https:\/\/jp2doc.pl\/fr\/2020\/12\/27\/pour-redecouvrir-la-valeur-de-la-famille\/\" \/>\n<meta property=\"og:locale\" content=\"fr_FR\" \/>\n<meta property=\"og:type\" content=\"article\" \/>\n<meta property=\"og:title\" content=\"Pour red\u00e9couvrir la valeur de la famille - Centre de Documentation et d\u2019Etude du Pontificat de Jean-Paul II \u00e0 Rome\" \/>\n<meta property=\"og:description\" content=\"Dimanche de la Sainte Famille\" \/>\n<meta property=\"og:url\" content=\"https:\/\/jp2doc.pl\/fr\/2020\/12\/27\/pour-redecouvrir-la-valeur-de-la-famille\/\" \/>\n<meta property=\"og:site_name\" content=\"Centre de Documentation et d\u2019Etude du Pontificat de Jean-Paul II \u00e0 Rome\" \/>\n<meta property=\"article:published_time\" content=\"2020-12-27T09:13:39+00:00\" \/>\n<meta property=\"og:image\" content=\"https:\/\/jp2doc.pl\/fr\/wp-content\/uploads\/sites\/5\/2020\/12\/kelly-sikkema-57_H5y498Yk-unsplash.jpg\" \/>\n\t<meta property=\"og:image:width\" content=\"1670\" \/>\n\t<meta property=\"og:image:height\" content=\"966\" \/>\n\t<meta property=\"og:image:type\" content=\"image\/jpeg\" \/>\n<meta name=\"author\" content=\"juliasercanka\" \/>\n<meta name=\"twitter:card\" content=\"summary_large_image\" \/>\n<meta name=\"twitter:label1\" content=\"\u00c9crit par\" \/>\n\t<meta name=\"twitter:data1\" content=\"juliasercanka\" \/>\n\t<meta name=\"twitter:label2\" content=\"Dur\u00e9e de lecture estim\u00e9e\" \/>\n\t<meta name=\"twitter:data2\" content=\"6 minutes\" \/>\n<script type=\"application\/ld+json\" class=\"yoast-schema-graph\">{\"@context\":\"https:\/\/schema.org\",\"@graph\":[{\"@type\":\"Article\",\"@id\":\"https:\/\/jp2doc.pl\/fr\/2020\/12\/27\/pour-redecouvrir-la-valeur-de-la-famille\/#article\",\"isPartOf\":{\"@id\":\"https:\/\/jp2doc.pl\/fr\/2020\/12\/27\/pour-redecouvrir-la-valeur-de-la-famille\/\"},\"author\":{\"name\":\"juliasercanka\",\"@id\":\"https:\/\/jp2doc.pl\/fr\/#\/schema\/person\/6110109e80abb51f6fac4824777eabfe\"},\"headline\":\"Pour red\u00e9couvrir la valeur de la famille\",\"datePublished\":\"2020-12-27T09:13:39+00:00\",\"mainEntityOfPage\":{\"@id\":\"https:\/\/jp2doc.pl\/fr\/2020\/12\/27\/pour-redecouvrir-la-valeur-de-la-famille\/\"},\"wordCount\":1290,\"commentCount\":0,\"publisher\":{\"@id\":\"https:\/\/jp2doc.pl\/fr\/#organization\"},\"image\":{\"@id\":\"https:\/\/jp2doc.pl\/fr\/2020\/12\/27\/pour-redecouvrir-la-valeur-de-la-famille\/#primaryimage\"},\"thumbnailUrl\":\"https:\/\/jp2doc.pl\/fr\/wp-content\/uploads\/sites\/5\/2020\/12\/kelly-sikkema-57_H5y498Yk-unsplash.jpg\",\"articleSection\":[\"Blog\",\"Strona g\u0142\u00f3wna - najnowsze\",\"Strona g\u0142\u00f3wna - slider\"],\"inLanguage\":\"fr-FR\",\"potentialAction\":[{\"@type\":\"CommentAction\",\"name\":\"Comment\",\"target\":[\"https:\/\/jp2doc.pl\/fr\/2020\/12\/27\/pour-redecouvrir-la-valeur-de-la-famille\/#respond\"]}]},{\"@type\":\"WebPage\",\"@id\":\"https:\/\/jp2doc.pl\/fr\/2020\/12\/27\/pour-redecouvrir-la-valeur-de-la-famille\/\",\"url\":\"https:\/\/jp2doc.pl\/fr\/2020\/12\/27\/pour-redecouvrir-la-valeur-de-la-famille\/\",\"name\":\"Pour red\u00e9couvrir la valeur de la famille - Centre de Documentation et d\u2019Etude du Pontificat de Jean-Paul II \u00e0 Rome\",\"isPartOf\":{\"@id\":\"https:\/\/jp2doc.pl\/fr\/#website\"},\"primaryImageOfPage\":{\"@id\":\"https:\/\/jp2doc.pl\/fr\/2020\/12\/27\/pour-redecouvrir-la-valeur-de-la-famille\/#primaryimage\"},\"image\":{\"@id\":\"https:\/\/jp2doc.pl\/fr\/2020\/12\/27\/pour-redecouvrir-la-valeur-de-la-famille\/#primaryimage\"},\"thumbnailUrl\":\"https:\/\/jp2doc.pl\/fr\/wp-content\/uploads\/sites\/5\/2020\/12\/kelly-sikkema-57_H5y498Yk-unsplash.jpg\",\"datePublished\":\"2020-12-27T09:13:39+00:00\",\"breadcrumb\":{\"@id\":\"https:\/\/jp2doc.pl\/fr\/2020\/12\/27\/pour-redecouvrir-la-valeur-de-la-famille\/#breadcrumb\"},\"inLanguage\":\"fr-FR\",\"potentialAction\":[{\"@type\":\"ReadAction\",\"target\":[\"https:\/\/jp2doc.pl\/fr\/2020\/12\/27\/pour-redecouvrir-la-valeur-de-la-famille\/\"]}]},{\"@type\":\"ImageObject\",\"inLanguage\":\"fr-FR\",\"@id\":\"https:\/\/jp2doc.pl\/fr\/2020\/12\/27\/pour-redecouvrir-la-valeur-de-la-famille\/#primaryimage\",\"url\":\"https:\/\/jp2doc.pl\/fr\/wp-content\/uploads\/sites\/5\/2020\/12\/kelly-sikkema-57_H5y498Yk-unsplash.jpg\",\"contentUrl\":\"https:\/\/jp2doc.pl\/fr\/wp-content\/uploads\/sites\/5\/2020\/12\/kelly-sikkema-57_H5y498Yk-unsplash.jpg\",\"width\":1670,\"height\":966},{\"@type\":\"BreadcrumbList\",\"@id\":\"https:\/\/jp2doc.pl\/fr\/2020\/12\/27\/pour-redecouvrir-la-valeur-de-la-famille\/#breadcrumb\",\"itemListElement\":[{\"@type\":\"ListItem\",\"position\":1,\"name\":\"Home\",\"item\":\"https:\/\/jp2doc.pl\/fr\/\"},{\"@type\":\"ListItem\",\"position\":2,\"name\":\"Pour red\u00e9couvrir la valeur de la famille\"}]},{\"@type\":\"WebSite\",\"@id\":\"https:\/\/jp2doc.pl\/fr\/#website\",\"url\":\"https:\/\/jp2doc.pl\/fr\/\",\"name\":\"Centre de Documentation et d\u2019Etude du Pontificat de Jean-Paul II \u00e0 Rome\",\"description\":\"\",\"publisher\":{\"@id\":\"https:\/\/jp2doc.pl\/fr\/#organization\"},\"potentialAction\":[{\"@type\":\"SearchAction\",\"target\":{\"@type\":\"EntryPoint\",\"urlTemplate\":\"https:\/\/jp2doc.pl\/fr\/?s={search_term_string}\"},\"query-input\":{\"@type\":\"PropertyValueSpecification\",\"valueRequired\":true,\"valueName\":\"search_term_string\"}}],\"inLanguage\":\"fr-FR\"},{\"@type\":\"Organization\",\"@id\":\"https:\/\/jp2doc.pl\/fr\/#organization\",\"name\":\"Centre de Documentation et d\u2019Etude du Pontificat de Jean-Paul II \u00e0 Rome\",\"url\":\"https:\/\/jp2doc.pl\/fr\/\",\"logo\":{\"@type\":\"ImageObject\",\"inLanguage\":\"fr-FR\",\"@id\":\"https:\/\/jp2doc.pl\/fr\/#\/schema\/logo\/image\/\",\"url\":\"https:\/\/jp2doc.pl\/fr\/wp-content\/uploads\/sites\/5\/2017\/03\/cropped-logo.png\",\"contentUrl\":\"https:\/\/jp2doc.pl\/fr\/wp-content\/uploads\/sites\/5\/2017\/03\/cropped-logo.png\",\"width\":115,\"height\":115,\"caption\":\"Centre de Documentation et d\u2019Etude du Pontificat de Jean-Paul II \u00e0 Rome\"},\"image\":{\"@id\":\"https:\/\/jp2doc.pl\/fr\/#\/schema\/logo\/image\/\"}},{\"@type\":\"Person\",\"@id\":\"https:\/\/jp2doc.pl\/fr\/#\/schema\/person\/6110109e80abb51f6fac4824777eabfe\",\"name\":\"juliasercanka\",\"image\":{\"@type\":\"ImageObject\",\"inLanguage\":\"fr-FR\",\"@id\":\"https:\/\/jp2doc.pl\/fr\/#\/schema\/person\/image\/\",\"url\":\"https:\/\/secure.gravatar.com\/avatar\/266a66e864556e22d55d61b6b10c97fab9060767b738564bcd109f3997e372bc?s=96&d=mm&r=g\",\"contentUrl\":\"https:\/\/secure.gravatar.com\/avatar\/266a66e864556e22d55d61b6b10c97fab9060767b738564bcd109f3997e372bc?s=96&d=mm&r=g\",\"caption\":\"juliasercanka\"},\"url\":\"https:\/\/jp2doc.pl\/fr\/author\/juliasercanka\/\"}]}<\/script>\n<!-- \/ Yoast SEO plugin. -->","yoast_head_json":{"title":"Pour red\u00e9couvrir la valeur de la famille - Centre de Documentation et d\u2019Etude du Pontificat de Jean-Paul II \u00e0 Rome","robots":{"index":"index","follow":"follow","max-snippet":"max-snippet:-1","max-image-preview":"max-image-preview:large","max-video-preview":"max-video-preview:-1"},"canonical":"https:\/\/jp2doc.pl\/fr\/2020\/12\/27\/pour-redecouvrir-la-valeur-de-la-famille\/","og_locale":"fr_FR","og_type":"article","og_title":"Pour red\u00e9couvrir la valeur de la famille - Centre de Documentation et d\u2019Etude du Pontificat de Jean-Paul II \u00e0 Rome","og_description":"Dimanche de la Sainte Famille","og_url":"https:\/\/jp2doc.pl\/fr\/2020\/12\/27\/pour-redecouvrir-la-valeur-de-la-famille\/","og_site_name":"Centre de Documentation et d\u2019Etude du Pontificat de Jean-Paul II \u00e0 Rome","article_published_time":"2020-12-27T09:13:39+00:00","og_image":[{"width":1670,"height":966,"url":"https:\/\/jp2doc.pl\/fr\/wp-content\/uploads\/sites\/5\/2020\/12\/kelly-sikkema-57_H5y498Yk-unsplash.jpg","type":"image\/jpeg"}],"author":"juliasercanka","twitter_card":"summary_large_image","twitter_misc":{"\u00c9crit par":"juliasercanka","Dur\u00e9e de lecture estim\u00e9e":"6 minutes"},"schema":{"@context":"https:\/\/schema.org","@graph":[{"@type":"Article","@id":"https:\/\/jp2doc.pl\/fr\/2020\/12\/27\/pour-redecouvrir-la-valeur-de-la-famille\/#article","isPartOf":{"@id":"https:\/\/jp2doc.pl\/fr\/2020\/12\/27\/pour-redecouvrir-la-valeur-de-la-famille\/"},"author":{"name":"juliasercanka","@id":"https:\/\/jp2doc.pl\/fr\/#\/schema\/person\/6110109e80abb51f6fac4824777eabfe"},"headline":"Pour red\u00e9couvrir la valeur de la famille","datePublished":"2020-12-27T09:13:39+00:00","mainEntityOfPage":{"@id":"https:\/\/jp2doc.pl\/fr\/2020\/12\/27\/pour-redecouvrir-la-valeur-de-la-famille\/"},"wordCount":1290,"commentCount":0,"publisher":{"@id":"https:\/\/jp2doc.pl\/fr\/#organization"},"image":{"@id":"https:\/\/jp2doc.pl\/fr\/2020\/12\/27\/pour-redecouvrir-la-valeur-de-la-famille\/#primaryimage"},"thumbnailUrl":"https:\/\/jp2doc.pl\/fr\/wp-content\/uploads\/sites\/5\/2020\/12\/kelly-sikkema-57_H5y498Yk-unsplash.jpg","articleSection":["Blog","Strona g\u0142\u00f3wna - najnowsze","Strona g\u0142\u00f3wna - slider"],"inLanguage":"fr-FR","potentialAction":[{"@type":"CommentAction","name":"Comment","target":["https:\/\/jp2doc.pl\/fr\/2020\/12\/27\/pour-redecouvrir-la-valeur-de-la-famille\/#respond"]}]},{"@type":"WebPage","@id":"https:\/\/jp2doc.pl\/fr\/2020\/12\/27\/pour-redecouvrir-la-valeur-de-la-famille\/","url":"https:\/\/jp2doc.pl\/fr\/2020\/12\/27\/pour-redecouvrir-la-valeur-de-la-famille\/","name":"Pour red\u00e9couvrir la valeur de la famille - Centre de Documentation et d\u2019Etude du Pontificat de Jean-Paul II \u00e0 Rome","isPartOf":{"@id":"https:\/\/jp2doc.pl\/fr\/#website"},"primaryImageOfPage":{"@id":"https:\/\/jp2doc.pl\/fr\/2020\/12\/27\/pour-redecouvrir-la-valeur-de-la-famille\/#primaryimage"},"image":{"@id":"https:\/\/jp2doc.pl\/fr\/2020\/12\/27\/pour-redecouvrir-la-valeur-de-la-famille\/#primaryimage"},"thumbnailUrl":"https:\/\/jp2doc.pl\/fr\/wp-content\/uploads\/sites\/5\/2020\/12\/kelly-sikkema-57_H5y498Yk-unsplash.jpg","datePublished":"2020-12-27T09:13:39+00:00","breadcrumb":{"@id":"https:\/\/jp2doc.pl\/fr\/2020\/12\/27\/pour-redecouvrir-la-valeur-de-la-famille\/#breadcrumb"},"inLanguage":"fr-FR","potentialAction":[{"@type":"ReadAction","target":["https:\/\/jp2doc.pl\/fr\/2020\/12\/27\/pour-redecouvrir-la-valeur-de-la-famille\/"]}]},{"@type":"ImageObject","inLanguage":"fr-FR","@id":"https:\/\/jp2doc.pl\/fr\/2020\/12\/27\/pour-redecouvrir-la-valeur-de-la-famille\/#primaryimage","url":"https:\/\/jp2doc.pl\/fr\/wp-content\/uploads\/sites\/5\/2020\/12\/kelly-sikkema-57_H5y498Yk-unsplash.jpg","contentUrl":"https:\/\/jp2doc.pl\/fr\/wp-content\/uploads\/sites\/5\/2020\/12\/kelly-sikkema-57_H5y498Yk-unsplash.jpg","width":1670,"height":966},{"@type":"BreadcrumbList","@id":"https:\/\/jp2doc.pl\/fr\/2020\/12\/27\/pour-redecouvrir-la-valeur-de-la-famille\/#breadcrumb","itemListElement":[{"@type":"ListItem","position":1,"name":"Home","item":"https:\/\/jp2doc.pl\/fr\/"},{"@type":"ListItem","position":2,"name":"Pour red\u00e9couvrir la valeur de la famille"}]},{"@type":"WebSite","@id":"https:\/\/jp2doc.pl\/fr\/#website","url":"https:\/\/jp2doc.pl\/fr\/","name":"Centre de Documentation et d\u2019Etude du Pontificat de Jean-Paul II \u00e0 Rome","description":"","publisher":{"@id":"https:\/\/jp2doc.pl\/fr\/#organization"},"potentialAction":[{"@type":"SearchAction","target":{"@type":"EntryPoint","urlTemplate":"https:\/\/jp2doc.pl\/fr\/?s={search_term_string}"},"query-input":{"@type":"PropertyValueSpecification","valueRequired":true,"valueName":"search_term_string"}}],"inLanguage":"fr-FR"},{"@type":"Organization","@id":"https:\/\/jp2doc.pl\/fr\/#organization","name":"Centre de Documentation et d\u2019Etude du Pontificat de Jean-Paul II \u00e0 Rome","url":"https:\/\/jp2doc.pl\/fr\/","logo":{"@type":"ImageObject","inLanguage":"fr-FR","@id":"https:\/\/jp2doc.pl\/fr\/#\/schema\/logo\/image\/","url":"https:\/\/jp2doc.pl\/fr\/wp-content\/uploads\/sites\/5\/2017\/03\/cropped-logo.png","contentUrl":"https:\/\/jp2doc.pl\/fr\/wp-content\/uploads\/sites\/5\/2017\/03\/cropped-logo.png","width":115,"height":115,"caption":"Centre de Documentation et d\u2019Etude du Pontificat de Jean-Paul II \u00e0 Rome"},"image":{"@id":"https:\/\/jp2doc.pl\/fr\/#\/schema\/logo\/image\/"}},{"@type":"Person","@id":"https:\/\/jp2doc.pl\/fr\/#\/schema\/person\/6110109e80abb51f6fac4824777eabfe","name":"juliasercanka","image":{"@type":"ImageObject","inLanguage":"fr-FR","@id":"https:\/\/jp2doc.pl\/fr\/#\/schema\/person\/image\/","url":"https:\/\/secure.gravatar.com\/avatar\/266a66e864556e22d55d61b6b10c97fab9060767b738564bcd109f3997e372bc?s=96&d=mm&r=g","contentUrl":"https:\/\/secure.gravatar.com\/avatar\/266a66e864556e22d55d61b6b10c97fab9060767b738564bcd109f3997e372bc?s=96&d=mm&r=g","caption":"juliasercanka"},"url":"https:\/\/jp2doc.pl\/fr\/author\/juliasercanka\/"}]}},"_links":{"self":[{"href":"https:\/\/jp2doc.pl\/fr\/wp-json\/wp\/v2\/posts\/1833","targetHints":{"allow":["GET"]}}],"collection":[{"href":"https:\/\/jp2doc.pl\/fr\/wp-json\/wp\/v2\/posts"}],"about":[{"href":"https:\/\/jp2doc.pl\/fr\/wp-json\/wp\/v2\/types\/post"}],"author":[{"embeddable":true,"href":"https:\/\/jp2doc.pl\/fr\/wp-json\/wp\/v2\/users\/5"}],"replies":[{"embeddable":true,"href":"https:\/\/jp2doc.pl\/fr\/wp-json\/wp\/v2\/comments?post=1833"}],"version-history":[{"count":1,"href":"https:\/\/jp2doc.pl\/fr\/wp-json\/wp\/v2\/posts\/1833\/revisions"}],"predecessor-version":[{"id":1835,"href":"https:\/\/jp2doc.pl\/fr\/wp-json\/wp\/v2\/posts\/1833\/revisions\/1835"}],"wp:featuredmedia":[{"embeddable":true,"href":"https:\/\/jp2doc.pl\/fr\/wp-json\/wp\/v2\/media\/1834"}],"wp:attachment":[{"href":"https:\/\/jp2doc.pl\/fr\/wp-json\/wp\/v2\/media?parent=1833"}],"wp:term":[{"taxonomy":"category","embeddable":true,"href":"https:\/\/jp2doc.pl\/fr\/wp-json\/wp\/v2\/categories?post=1833"},{"taxonomy":"post_tag","embeddable":true,"href":"https:\/\/jp2doc.pl\/fr\/wp-json\/wp\/v2\/tags?post=1833"}],"curies":[{"name":"wp","href":"https:\/\/api.w.org\/{rel}","templated":true}]}}