{"id":1846,"date":"2021-01-10T14:48:01","date_gmt":"2021-01-10T13:48:01","guid":{"rendered":"https:\/\/jp2doc.pl\/fr\/?p=1846"},"modified":"2021-01-10T14:48:02","modified_gmt":"2021-01-10T13:48:02","slug":"une-nouvelle-naissance-2","status":"publish","type":"post","link":"https:\/\/jp2doc.pl\/fr\/2021\/01\/10\/une-nouvelle-naissance-2\/","title":{"rendered":"Une nouvelle naissance"},"content":{"rendered":"\n<p>Is 55,1-11&nbsp;; 1\nJn 5, 1-9&nbsp;; Mc 1, 7-11<\/p>\n\n\n\n<p>En ce dimanche\no\u00f9 nous c\u00e9l\u00e9brons le bapt\u00eame de notre Seigneur J\u00e9sus, nous pouvons retenir\ncomme th\u00e8me de notre m\u00e9ditation&nbsp;: \u00ab&nbsp; solidarit\u00e9 avec les hommes en\nrecherche de Dieu&nbsp;\u00bb.<\/p>\n\n\n\n<p>Comme nous le\nsavons bien, nous cl\u00f4turons aujourd\u2019hui le temps de No\u00ebl avec la f\u00eate du\nbapt\u00eame de J\u00e9sus. A travers ce bapt\u00eame, J\u00e9sus, Fils de Dieu a voulu se\nsoumettre au geste p\u00e9nitentiel propos\u00e9 par Jean Baptiste, non pas parce qu\u2019il\navait besoin d\u2019\u00eatre pardonn\u00e9 de ses p\u00e9ch\u00e9s, mais pour exprimer sa solidarit\u00e9\ntotale avec les hommes en recherche de Dieu et nous r\u00e9v\u00e9ler la signification\nprofonde du sacrement de bapt\u00eame. Cette f\u00eate rev\u00eat une double signification\npour nous. D\u2019abord une double manifestation et en plus l\u2019anniversaire de tous\nles baptis\u00e9s. <\/p>\n\n\n\n<ul class=\"wp-block-list\"><li>L\u2019\u00c9vangile nous am\u00e8ne\nsur les rives du Jourdain pour nous faire assister au bapt\u00eame de J\u00e9sus par\nJean. Il s\u2019agit l\u00e0, un peu comme dimanche pass\u00e9 de la manifestation de Dieu \u00e0\nl\u2019humanit\u00e9, une manifestation qui inaugure sa vie publique.<\/li><li>A No\u00ebl, nous avons\ncontempl\u00e9 la condescendance du Fils de Dieu descendu dans l\u2019histoire pour nous\n\u00e9lever \u00e0 sa dignit\u00e9. Aujourd\u2019hui, en c\u00e9l\u00e9brant son bapt\u00eame, nous c\u00e9l\u00e9brons\naussi la condescendance du Christ qui descend avec les p\u00e9cheurs dans les eaux\ndu Jourdain pour leur redonner la vie divine. Ainsi, le bapt\u00eame de J\u00e9sus, constitue\nune \u00e9tape significative dans la r\u00e9alisation de sa mission. Il est vrai que le\nChrist n\u2019a pas voulu recevoir le bapt\u00eame de Jean parce qu\u2019il avait besoin de\nconversion, mais surtout pour inaugurer une nouvelle forme de relation entre\nl\u2019homme et Dieu.<\/li><\/ul>\n\n\n\n<p>Par ailleurs, le\nbapt\u00eame de J\u00e9sus est en quelque sorte l\u2019anniversaire de tous les baptis\u00e9s.\nC\u2019est notre f\u00eate \u00e0 tous. Il n\u2019est donc pas superflu, ce matin, \u00e0 la lumi\u00e8re de\nl\u2019\u00c9vangile que nous venons d\u2019entendre, de nous rappeler ce qu\u2019a \u00e9t\u00e9 le bapt\u00eame\npour J\u00e9sus et ce qu\u2019est notre bapt\u00eame.<\/p>\n\n\n\n<ul class=\"wp-block-list\"><li>Au bapt\u00eame de J\u00e9sus,\nnous voyons la descente de l\u2019Esprit Saint sous la forme de la colombe. Ceci\nrappel la colombe qui, \u00e0 la fin du d\u00e9luge porta \u00e0 No\u00e9 le rameau d\u2019olivier pour\nmarquer la fin du d\u00e9sastre (Voir Gn 8,8-12). Elle \u00e9voque \u00e9galement le d\u00e9but de\nla cr\u00e9ation lorsque l\u2019Esprit de Dieu planait sur les eaux. La pr\u00e9sence de\nl\u2019esprit indique toujours le d\u00e9but d\u2019une \u00e8re nouvelle, car c\u2019est l\u2019Esprit qui\ndonne vie, qui fait na\u00eetre et grandir. C\u2019est lui qui donne la force de\nrena\u00eetre, qui renouvelle les c\u0153urs et le soutient dans leur effort de\nconversion.<\/li><li>En plus de l\u2019Esprit Saint,\nnous avons la voix du P\u00e8re qui confirme elle aussi l\u2019identit\u00e9 et la mission du\nChrist&nbsp;: \u00ab&nbsp;Tu es mon Fils bien-aim\u00e9, aujourd\u2019hui je t\u2019ai\nengendr\u00e9&nbsp;\u00bb. A premi\u00e8re vue, elle s\u2019adresse au Christ lui-m\u00eame, mais en\ntoute r\u00e9alit\u00e9, elle est destin\u00e9e au croyant, pour le confirmer dans sa foi au\nFils de Dieu qui est venu r\u00e9aliser par sa vie et sa mort, l\u2019\u0153uvre de notre\nsalut. Cette m\u00eame r\u00e9v\u00e9lation prononc\u00e9e par le P\u00e8re au d\u00e9but de la mission du\nChrist, sera reprise par un homme, un bandit, quand J\u00e9sus offrira sa vie sur la\ncroix.<\/li><\/ul>\n\n\n\n<p>Enfin, le\nbapt\u00eame que nous c\u00e9l\u00e9brons est une nouvelle naissance.<\/p>\n\n\n\n<p>En effet, tout\nbapt\u00eame \u00e9tant une nouvelle naissance, nous sommes tous invit\u00e9s \u00e0 rompre avec le\nmal, comme nous le rappelle Saint Paul&nbsp;: \u00ab&nbsp;mais<em> \u00e0 pr\u00e9sent, vous aussi, renoncez \u00e0 tout cela&nbsp;: col\u00e8re, animosit\u00e9,\nm\u00e9disances, m\u00e9chancet\u00e9, propos d\u00e9shonn\u00eates qui sortiraient de votre bouche. Ne\nvous mentez pas mutuellement, car vous avez d\u00e9pouill\u00e9 le vieil homme avec ses\nmani\u00e8res pour rev\u00eatir l\u2019homme nouveau, qui ne cesse de se renouveler \u00e0 l\u2019image\nde celui qui l\u2019a cr\u00e9\u00e9, en vue d\u2019atteindre \u00e0 la parfaite connaissance&nbsp;<\/em>\u00bb.\nIl n\u2019y a pas de naissance sans rupture avec un pass\u00e9, un monde ancien. Notre\nbapt\u00eame ne portera de fruit que s\u2019il correspond r\u00e9ellement \u00e0 un renoncement\neffectif \u00e0 toutes formes de p\u00e9ch\u00e9. Et cela doit commencer aujourd\u2019hui m\u00eame.<\/p>\n\n\n\n<p>Que J\u00e9sus qui\naccepter le bapt\u00eame de Jean pour nous montrer le chemin du salut, nous aide \u00e0\nle suivre pour un monde nouveau.<\/p>\n\n\n\n<p><strong>Abb\u00e9 Jean Claude Ciza <\/strong><\/p>\n\n\n\n<p><em>Fot. Rachael Cox\/Unsplash.com<\/em><\/p>\n","protected":false},"excerpt":{"rendered":"<p>Bapt\u00eame du Seigneur<\/p>\n","protected":false},"author":5,"featured_media":1847,"comment_status":"open","ping_status":"open","sticky":false,"template":"","format":"standard","meta":{"_acf_changed":false,"_exactmetrics_skip_tracking":false,"_exactmetrics_sitenote_active":false,"_exactmetrics_sitenote_note":"","_exactmetrics_sitenote_category":0,"footnotes":""},"categories":[4,13,14],"tags":[],"class_list":["post-1846","post","type-post","status-publish","format-standard","has-post-thumbnail","hentry","category-blog","category-strona-glowna-najnowsze","category-strona-glowna-slider"],"acf":[],"yoast_head":"<!-- This site is optimized with the Yoast SEO plugin v26.2 - https:\/\/yoast.com\/wordpress\/plugins\/seo\/ -->\n<title>Une nouvelle naissance - Centre de Documentation et d\u2019Etude du Pontificat de Jean-Paul II \u00e0 Rome<\/title>\n<meta name=\"robots\" content=\"index, follow, max-snippet:-1, max-image-preview:large, max-video-preview:-1\" \/>\n<link rel=\"canonical\" href=\"https:\/\/jp2doc.pl\/fr\/2021\/01\/10\/une-nouvelle-naissance-2\/\" \/>\n<meta property=\"og:locale\" content=\"fr_FR\" \/>\n<meta property=\"og:type\" content=\"article\" \/>\n<meta property=\"og:title\" content=\"Une nouvelle naissance - Centre de Documentation et d\u2019Etude du Pontificat de Jean-Paul II \u00e0 Rome\" \/>\n<meta property=\"og:description\" content=\"Bapt\u00eame du Seigneur\" \/>\n<meta property=\"og:url\" content=\"https:\/\/jp2doc.pl\/fr\/2021\/01\/10\/une-nouvelle-naissance-2\/\" \/>\n<meta property=\"og:site_name\" content=\"Centre de Documentation et d\u2019Etude du Pontificat de Jean-Paul II \u00e0 Rome\" \/>\n<meta property=\"article:published_time\" content=\"2021-01-10T13:48:01+00:00\" \/>\n<meta property=\"article:modified_time\" content=\"2021-01-10T13:48:02+00:00\" \/>\n<meta property=\"og:image\" content=\"https:\/\/jp2doc.pl\/fr\/wp-content\/uploads\/sites\/5\/2021\/01\/rachael-cox-TkVY_BngXkQ-unsplash.jpg\" \/>\n\t<meta property=\"og:image:width\" content=\"1575\" \/>\n\t<meta property=\"og:image:height\" content=\"968\" \/>\n\t<meta property=\"og:image:type\" content=\"image\/jpeg\" \/>\n<meta name=\"author\" content=\"juliasercanka\" \/>\n<meta name=\"twitter:card\" content=\"summary_large_image\" \/>\n<meta name=\"twitter:label1\" content=\"\u00c9crit par\" \/>\n\t<meta name=\"twitter:data1\" content=\"juliasercanka\" \/>\n\t<meta name=\"twitter:label2\" content=\"Dur\u00e9e de lecture estim\u00e9e\" \/>\n\t<meta name=\"twitter:data2\" content=\"4 minutes\" \/>\n<script type=\"application\/ld+json\" class=\"yoast-schema-graph\">{\"@context\":\"https:\/\/schema.org\",\"@graph\":[{\"@type\":\"Article\",\"@id\":\"https:\/\/jp2doc.pl\/fr\/2021\/01\/10\/une-nouvelle-naissance-2\/#article\",\"isPartOf\":{\"@id\":\"https:\/\/jp2doc.pl\/fr\/2021\/01\/10\/une-nouvelle-naissance-2\/\"},\"author\":{\"name\":\"juliasercanka\",\"@id\":\"https:\/\/jp2doc.pl\/fr\/#\/schema\/person\/6110109e80abb51f6fac4824777eabfe\"},\"headline\":\"Une nouvelle naissance\",\"datePublished\":\"2021-01-10T13:48:01+00:00\",\"dateModified\":\"2021-01-10T13:48:02+00:00\",\"mainEntityOfPage\":{\"@id\":\"https:\/\/jp2doc.pl\/fr\/2021\/01\/10\/une-nouvelle-naissance-2\/\"},\"wordCount\":807,\"commentCount\":0,\"publisher\":{\"@id\":\"https:\/\/jp2doc.pl\/fr\/#organization\"},\"image\":{\"@id\":\"https:\/\/jp2doc.pl\/fr\/2021\/01\/10\/une-nouvelle-naissance-2\/#primaryimage\"},\"thumbnailUrl\":\"https:\/\/jp2doc.pl\/fr\/wp-content\/uploads\/sites\/5\/2021\/01\/rachael-cox-TkVY_BngXkQ-unsplash.jpg\",\"articleSection\":[\"Blog\",\"Strona g\u0142\u00f3wna - najnowsze\",\"Strona g\u0142\u00f3wna - slider\"],\"inLanguage\":\"fr-FR\",\"potentialAction\":[{\"@type\":\"CommentAction\",\"name\":\"Comment\",\"target\":[\"https:\/\/jp2doc.pl\/fr\/2021\/01\/10\/une-nouvelle-naissance-2\/#respond\"]}]},{\"@type\":\"WebPage\",\"@id\":\"https:\/\/jp2doc.pl\/fr\/2021\/01\/10\/une-nouvelle-naissance-2\/\",\"url\":\"https:\/\/jp2doc.pl\/fr\/2021\/01\/10\/une-nouvelle-naissance-2\/\",\"name\":\"Une nouvelle naissance - Centre de Documentation et d\u2019Etude du Pontificat de Jean-Paul II \u00e0 Rome\",\"isPartOf\":{\"@id\":\"https:\/\/jp2doc.pl\/fr\/#website\"},\"primaryImageOfPage\":{\"@id\":\"https:\/\/jp2doc.pl\/fr\/2021\/01\/10\/une-nouvelle-naissance-2\/#primaryimage\"},\"image\":{\"@id\":\"https:\/\/jp2doc.pl\/fr\/2021\/01\/10\/une-nouvelle-naissance-2\/#primaryimage\"},\"thumbnailUrl\":\"https:\/\/jp2doc.pl\/fr\/wp-content\/uploads\/sites\/5\/2021\/01\/rachael-cox-TkVY_BngXkQ-unsplash.jpg\",\"datePublished\":\"2021-01-10T13:48:01+00:00\",\"dateModified\":\"2021-01-10T13:48:02+00:00\",\"breadcrumb\":{\"@id\":\"https:\/\/jp2doc.pl\/fr\/2021\/01\/10\/une-nouvelle-naissance-2\/#breadcrumb\"},\"inLanguage\":\"fr-FR\",\"potentialAction\":[{\"@type\":\"ReadAction\",\"target\":[\"https:\/\/jp2doc.pl\/fr\/2021\/01\/10\/une-nouvelle-naissance-2\/\"]}]},{\"@type\":\"ImageObject\",\"inLanguage\":\"fr-FR\",\"@id\":\"https:\/\/jp2doc.pl\/fr\/2021\/01\/10\/une-nouvelle-naissance-2\/#primaryimage\",\"url\":\"https:\/\/jp2doc.pl\/fr\/wp-content\/uploads\/sites\/5\/2021\/01\/rachael-cox-TkVY_BngXkQ-unsplash.jpg\",\"contentUrl\":\"https:\/\/jp2doc.pl\/fr\/wp-content\/uploads\/sites\/5\/2021\/01\/rachael-cox-TkVY_BngXkQ-unsplash.jpg\",\"width\":1575,\"height\":968},{\"@type\":\"BreadcrumbList\",\"@id\":\"https:\/\/jp2doc.pl\/fr\/2021\/01\/10\/une-nouvelle-naissance-2\/#breadcrumb\",\"itemListElement\":[{\"@type\":\"ListItem\",\"position\":1,\"name\":\"Home\",\"item\":\"https:\/\/jp2doc.pl\/fr\/\"},{\"@type\":\"ListItem\",\"position\":2,\"name\":\"Une nouvelle naissance\"}]},{\"@type\":\"WebSite\",\"@id\":\"https:\/\/jp2doc.pl\/fr\/#website\",\"url\":\"https:\/\/jp2doc.pl\/fr\/\",\"name\":\"Centre de Documentation et d\u2019Etude du Pontificat de Jean-Paul II \u00e0 Rome\",\"description\":\"\",\"publisher\":{\"@id\":\"https:\/\/jp2doc.pl\/fr\/#organization\"},\"potentialAction\":[{\"@type\":\"SearchAction\",\"target\":{\"@type\":\"EntryPoint\",\"urlTemplate\":\"https:\/\/jp2doc.pl\/fr\/?s={search_term_string}\"},\"query-input\":{\"@type\":\"PropertyValueSpecification\",\"valueRequired\":true,\"valueName\":\"search_term_string\"}}],\"inLanguage\":\"fr-FR\"},{\"@type\":\"Organization\",\"@id\":\"https:\/\/jp2doc.pl\/fr\/#organization\",\"name\":\"Centre de Documentation et d\u2019Etude du Pontificat de Jean-Paul II \u00e0 Rome\",\"url\":\"https:\/\/jp2doc.pl\/fr\/\",\"logo\":{\"@type\":\"ImageObject\",\"inLanguage\":\"fr-FR\",\"@id\":\"https:\/\/jp2doc.pl\/fr\/#\/schema\/logo\/image\/\",\"url\":\"https:\/\/jp2doc.pl\/fr\/wp-content\/uploads\/sites\/5\/2017\/03\/cropped-logo.png\",\"contentUrl\":\"https:\/\/jp2doc.pl\/fr\/wp-content\/uploads\/sites\/5\/2017\/03\/cropped-logo.png\",\"width\":115,\"height\":115,\"caption\":\"Centre de Documentation et d\u2019Etude du Pontificat de Jean-Paul II \u00e0 Rome\"},\"image\":{\"@id\":\"https:\/\/jp2doc.pl\/fr\/#\/schema\/logo\/image\/\"}},{\"@type\":\"Person\",\"@id\":\"https:\/\/jp2doc.pl\/fr\/#\/schema\/person\/6110109e80abb51f6fac4824777eabfe\",\"name\":\"juliasercanka\",\"image\":{\"@type\":\"ImageObject\",\"inLanguage\":\"fr-FR\",\"@id\":\"https:\/\/jp2doc.pl\/fr\/#\/schema\/person\/image\/\",\"url\":\"https:\/\/secure.gravatar.com\/avatar\/266a66e864556e22d55d61b6b10c97fab9060767b738564bcd109f3997e372bc?s=96&d=mm&r=g\",\"contentUrl\":\"https:\/\/secure.gravatar.com\/avatar\/266a66e864556e22d55d61b6b10c97fab9060767b738564bcd109f3997e372bc?s=96&d=mm&r=g\",\"caption\":\"juliasercanka\"},\"url\":\"https:\/\/jp2doc.pl\/fr\/author\/juliasercanka\/\"}]}<\/script>\n<!-- \/ Yoast SEO plugin. -->","yoast_head_json":{"title":"Une nouvelle naissance - Centre de Documentation et d\u2019Etude du Pontificat de Jean-Paul II \u00e0 Rome","robots":{"index":"index","follow":"follow","max-snippet":"max-snippet:-1","max-image-preview":"max-image-preview:large","max-video-preview":"max-video-preview:-1"},"canonical":"https:\/\/jp2doc.pl\/fr\/2021\/01\/10\/une-nouvelle-naissance-2\/","og_locale":"fr_FR","og_type":"article","og_title":"Une nouvelle naissance - Centre de Documentation et d\u2019Etude du Pontificat de Jean-Paul II \u00e0 Rome","og_description":"Bapt\u00eame du Seigneur","og_url":"https:\/\/jp2doc.pl\/fr\/2021\/01\/10\/une-nouvelle-naissance-2\/","og_site_name":"Centre de Documentation et d\u2019Etude du Pontificat de Jean-Paul II \u00e0 Rome","article_published_time":"2021-01-10T13:48:01+00:00","article_modified_time":"2021-01-10T13:48:02+00:00","og_image":[{"width":1575,"height":968,"url":"https:\/\/jp2doc.pl\/fr\/wp-content\/uploads\/sites\/5\/2021\/01\/rachael-cox-TkVY_BngXkQ-unsplash.jpg","type":"image\/jpeg"}],"author":"juliasercanka","twitter_card":"summary_large_image","twitter_misc":{"\u00c9crit par":"juliasercanka","Dur\u00e9e de lecture estim\u00e9e":"4 minutes"},"schema":{"@context":"https:\/\/schema.org","@graph":[{"@type":"Article","@id":"https:\/\/jp2doc.pl\/fr\/2021\/01\/10\/une-nouvelle-naissance-2\/#article","isPartOf":{"@id":"https:\/\/jp2doc.pl\/fr\/2021\/01\/10\/une-nouvelle-naissance-2\/"},"author":{"name":"juliasercanka","@id":"https:\/\/jp2doc.pl\/fr\/#\/schema\/person\/6110109e80abb51f6fac4824777eabfe"},"headline":"Une nouvelle naissance","datePublished":"2021-01-10T13:48:01+00:00","dateModified":"2021-01-10T13:48:02+00:00","mainEntityOfPage":{"@id":"https:\/\/jp2doc.pl\/fr\/2021\/01\/10\/une-nouvelle-naissance-2\/"},"wordCount":807,"commentCount":0,"publisher":{"@id":"https:\/\/jp2doc.pl\/fr\/#organization"},"image":{"@id":"https:\/\/jp2doc.pl\/fr\/2021\/01\/10\/une-nouvelle-naissance-2\/#primaryimage"},"thumbnailUrl":"https:\/\/jp2doc.pl\/fr\/wp-content\/uploads\/sites\/5\/2021\/01\/rachael-cox-TkVY_BngXkQ-unsplash.jpg","articleSection":["Blog","Strona g\u0142\u00f3wna - najnowsze","Strona g\u0142\u00f3wna - slider"],"inLanguage":"fr-FR","potentialAction":[{"@type":"CommentAction","name":"Comment","target":["https:\/\/jp2doc.pl\/fr\/2021\/01\/10\/une-nouvelle-naissance-2\/#respond"]}]},{"@type":"WebPage","@id":"https:\/\/jp2doc.pl\/fr\/2021\/01\/10\/une-nouvelle-naissance-2\/","url":"https:\/\/jp2doc.pl\/fr\/2021\/01\/10\/une-nouvelle-naissance-2\/","name":"Une nouvelle naissance - Centre de Documentation et d\u2019Etude du Pontificat de Jean-Paul II \u00e0 Rome","isPartOf":{"@id":"https:\/\/jp2doc.pl\/fr\/#website"},"primaryImageOfPage":{"@id":"https:\/\/jp2doc.pl\/fr\/2021\/01\/10\/une-nouvelle-naissance-2\/#primaryimage"},"image":{"@id":"https:\/\/jp2doc.pl\/fr\/2021\/01\/10\/une-nouvelle-naissance-2\/#primaryimage"},"thumbnailUrl":"https:\/\/jp2doc.pl\/fr\/wp-content\/uploads\/sites\/5\/2021\/01\/rachael-cox-TkVY_BngXkQ-unsplash.jpg","datePublished":"2021-01-10T13:48:01+00:00","dateModified":"2021-01-10T13:48:02+00:00","breadcrumb":{"@id":"https:\/\/jp2doc.pl\/fr\/2021\/01\/10\/une-nouvelle-naissance-2\/#breadcrumb"},"inLanguage":"fr-FR","potentialAction":[{"@type":"ReadAction","target":["https:\/\/jp2doc.pl\/fr\/2021\/01\/10\/une-nouvelle-naissance-2\/"]}]},{"@type":"ImageObject","inLanguage":"fr-FR","@id":"https:\/\/jp2doc.pl\/fr\/2021\/01\/10\/une-nouvelle-naissance-2\/#primaryimage","url":"https:\/\/jp2doc.pl\/fr\/wp-content\/uploads\/sites\/5\/2021\/01\/rachael-cox-TkVY_BngXkQ-unsplash.jpg","contentUrl":"https:\/\/jp2doc.pl\/fr\/wp-content\/uploads\/sites\/5\/2021\/01\/rachael-cox-TkVY_BngXkQ-unsplash.jpg","width":1575,"height":968},{"@type":"BreadcrumbList","@id":"https:\/\/jp2doc.pl\/fr\/2021\/01\/10\/une-nouvelle-naissance-2\/#breadcrumb","itemListElement":[{"@type":"ListItem","position":1,"name":"Home","item":"https:\/\/jp2doc.pl\/fr\/"},{"@type":"ListItem","position":2,"name":"Une nouvelle naissance"}]},{"@type":"WebSite","@id":"https:\/\/jp2doc.pl\/fr\/#website","url":"https:\/\/jp2doc.pl\/fr\/","name":"Centre de Documentation et d\u2019Etude du Pontificat de Jean-Paul II \u00e0 Rome","description":"","publisher":{"@id":"https:\/\/jp2doc.pl\/fr\/#organization"},"potentialAction":[{"@type":"SearchAction","target":{"@type":"EntryPoint","urlTemplate":"https:\/\/jp2doc.pl\/fr\/?s={search_term_string}"},"query-input":{"@type":"PropertyValueSpecification","valueRequired":true,"valueName":"search_term_string"}}],"inLanguage":"fr-FR"},{"@type":"Organization","@id":"https:\/\/jp2doc.pl\/fr\/#organization","name":"Centre de Documentation et d\u2019Etude du Pontificat de Jean-Paul II \u00e0 Rome","url":"https:\/\/jp2doc.pl\/fr\/","logo":{"@type":"ImageObject","inLanguage":"fr-FR","@id":"https:\/\/jp2doc.pl\/fr\/#\/schema\/logo\/image\/","url":"https:\/\/jp2doc.pl\/fr\/wp-content\/uploads\/sites\/5\/2017\/03\/cropped-logo.png","contentUrl":"https:\/\/jp2doc.pl\/fr\/wp-content\/uploads\/sites\/5\/2017\/03\/cropped-logo.png","width":115,"height":115,"caption":"Centre de Documentation et d\u2019Etude du Pontificat de Jean-Paul II \u00e0 Rome"},"image":{"@id":"https:\/\/jp2doc.pl\/fr\/#\/schema\/logo\/image\/"}},{"@type":"Person","@id":"https:\/\/jp2doc.pl\/fr\/#\/schema\/person\/6110109e80abb51f6fac4824777eabfe","name":"juliasercanka","image":{"@type":"ImageObject","inLanguage":"fr-FR","@id":"https:\/\/jp2doc.pl\/fr\/#\/schema\/person\/image\/","url":"https:\/\/secure.gravatar.com\/avatar\/266a66e864556e22d55d61b6b10c97fab9060767b738564bcd109f3997e372bc?s=96&d=mm&r=g","contentUrl":"https:\/\/secure.gravatar.com\/avatar\/266a66e864556e22d55d61b6b10c97fab9060767b738564bcd109f3997e372bc?s=96&d=mm&r=g","caption":"juliasercanka"},"url":"https:\/\/jp2doc.pl\/fr\/author\/juliasercanka\/"}]}},"_links":{"self":[{"href":"https:\/\/jp2doc.pl\/fr\/wp-json\/wp\/v2\/posts\/1846","targetHints":{"allow":["GET"]}}],"collection":[{"href":"https:\/\/jp2doc.pl\/fr\/wp-json\/wp\/v2\/posts"}],"about":[{"href":"https:\/\/jp2doc.pl\/fr\/wp-json\/wp\/v2\/types\/post"}],"author":[{"embeddable":true,"href":"https:\/\/jp2doc.pl\/fr\/wp-json\/wp\/v2\/users\/5"}],"replies":[{"embeddable":true,"href":"https:\/\/jp2doc.pl\/fr\/wp-json\/wp\/v2\/comments?post=1846"}],"version-history":[{"count":1,"href":"https:\/\/jp2doc.pl\/fr\/wp-json\/wp\/v2\/posts\/1846\/revisions"}],"predecessor-version":[{"id":1848,"href":"https:\/\/jp2doc.pl\/fr\/wp-json\/wp\/v2\/posts\/1846\/revisions\/1848"}],"wp:featuredmedia":[{"embeddable":true,"href":"https:\/\/jp2doc.pl\/fr\/wp-json\/wp\/v2\/media\/1847"}],"wp:attachment":[{"href":"https:\/\/jp2doc.pl\/fr\/wp-json\/wp\/v2\/media?parent=1846"}],"wp:term":[{"taxonomy":"category","embeddable":true,"href":"https:\/\/jp2doc.pl\/fr\/wp-json\/wp\/v2\/categories?post=1846"},{"taxonomy":"post_tag","embeddable":true,"href":"https:\/\/jp2doc.pl\/fr\/wp-json\/wp\/v2\/tags?post=1846"}],"curies":[{"name":"wp","href":"https:\/\/api.w.org\/{rel}","templated":true}]}}