{"id":1849,"date":"2021-01-17T11:30:22","date_gmt":"2021-01-17T10:30:22","guid":{"rendered":"https:\/\/jp2doc.pl\/fr\/?p=1849"},"modified":"2021-01-17T11:30:23","modified_gmt":"2021-01-17T10:30:23","slug":"laventure-de-la-foi","status":"publish","type":"post","link":"https:\/\/jp2doc.pl\/fr\/2021\/01\/17\/laventure-de-la-foi\/","title":{"rendered":"L\u2019aventure de la foi"},"content":{"rendered":"\n<p>1S\n3, 3b-19&nbsp;; Ps 39&nbsp;; 1CO 6, 13b-15-20&nbsp;; Jn 1, 35-42<\/p>\n\n\n\n<p>En\nce deuxi\u00e8me dimanche du temps ordinaire, les textes de la liturgie nous\ninvitent \u00e0 m\u00e9diter sur l\u2019appel du Seigneur. Et d\u00e9j\u00e0, nous pouvons dire que sans\nnous tromper que&nbsp; \u00ab&nbsp; c\u2019est Dieu qui appelle&nbsp;\u00bb.<\/p>\n\n\n\n<p>La\nliturgie de ce jour s\u2019ouvre par deux r\u00e9cits de vocation&nbsp;: dans la premi\u00e8re\nlecture, la vocation du jeune Samuel (1S 3, 3b-10.19) et dans le texte de\nl\u2019\u00e9vangile, nous avons la rencontre palpitante d\u2019\u00e9motion, entre J\u00e9sus et ses\npremiers disciples. De ces textes, nous pouvons retenir un \u00e9l\u00e9ment\nessentiel&nbsp;: l\u2019initiative divine dans toute vocation divine. On s\u2019aper\u00e7oit\nque m\u00eame lorsqu\u2019on survient au terme d\u2019une longue recherche de l\u2019homme, la\nvocation demeure toujours une r\u00e9ponse \u00e0 un appel qui vient de loin, de Dieu\nlui-m\u00eame. J\u00e9sus nous dit&nbsp;: \u00ab&nbsp;ce n\u2019est pas vous qui m\u2019avez choisi,\nc\u2019est moi qui vous ai choisis&nbsp;\u00bb. Peu importent les circonstances et les\n\u00e9v\u00e9nements dont Dieu se sert pour nous faire signe, c\u2019est toujours lui qui fait\nle premier pas, invitant l\u2019homme \u00e0 prendre le risque de l\u2019aventure de la foi. <\/p>\n\n\n\n<p>Disons\nque l\u2019histoire de toute vocation religieuse comporte n\u00e9cessairement un aspect\nmyst\u00e9rieux qui \u00e9chappe parfois aux cat\u00e9gories rationnelles d\u2019analyse et passe\npar trois temps&nbsp;: Le temps de l\u2019appel, le temps du discernement et le\ntemps de la mission.<\/p>\n\n\n\n<h5 class=\"wp-block-heading\"><strong>Le temps de l\u2019appel<\/strong><\/h5>\n\n\n\n<p>Pour\nle premier temps, nous disons qu\u2019il n\u2019existe pas de cadre r\u00e9serv\u00e9 \u00e0 la\nvocation, un temps fixe qui \u00e9chappe \u00e0 toute programmation humaine. Dieu peut\nappeler \u00e0 tout moment et n\u2019importe o\u00f9. Mais nous pouvons affirmer que certains\nendroits favorisent davantage que d\u2019autre, l\u2019accueil et la croissance heureuse\net l\u2019\u00e9panouissement de ce grain que le seigneur enfouit dans le c\u0153ur de\nl\u2019homme. On a vite compris que le jeune Samuel servait au Temple&nbsp;; les\npremiers disciples vivaient eux aupr\u00e8s de Jean-Baptiste. Ainsi donc, c\u2019est souvent\ndans les milieux ouverts \u00e0 sa pr\u00e9sence et p\u00e9n\u00e9tr\u00e9s par sa parole que Dieu fait\nentendre sa voix. Nos familles, nos \u00e9coles, chers parents, doivent \u00eatre ces\nlieux ouverts pour l\u2019accueil de l\u2019appel du Seigneur. Aujourd\u2019hui, nous\nc\u00e9l\u00e9brons le dimanche de la \u00ab&nbsp;parole de Dieu&nbsp;\u00bb comme l\u2019avait initi\u00e9\nle Pape Fran\u00e7ois. <\/p>\n\n\n\n<p>Chers\nfr\u00e8res et s\u0153urs, faisons de nos familles, ces lieux o\u00f9 est \u00e9couter cette parole\nde Dieu chaque jour pour d\u00e9couvrir sa volont\u00e9 sur nous. Habituons nos enfants \u00e0\nla lecture de la Bible&nbsp;; faisons de la Bible notre livre de chevet.&nbsp; <\/p>\n\n\n\n<h5 class=\"wp-block-heading\"><strong>Le temps du\ndiscernement<\/strong><\/h5>\n\n\n\n<p>L\u2019appel\ndu Seigneur, invite l\u2019appel\u00e9 au discernement. En effet, apr\u00e8s avoir \u00e9cout\u00e9\nl\u2019invitation du Seigneur, vient ensuite le temps de discernement qui parfois\npeut \u00eatre assez lent et complexe. Dans le domaine aussi d\u00e9licat o\u00f9\nl\u2019intervention de Dieu touche la subjectivit\u00e9 humaine, nul ne doit se fier \u00e0\nses seules certitudes. Le recours \u00e0 des ma\u00eetres plus ou moins exp\u00e9riment\u00e9s et\nau jugement de l\u2019Eglise s\u2019av\u00e8re indispensable pour dissiper les doutes,\nsurmonter les \u00e9preuves, entretenir la flamme et mener \u00e0 son ach\u00e8vement l\u2019\u0153uvre\nque Dieu r\u00e9alise en nous. C\u2019est aussi et surtout le moment de prier avec\ninsistance afin de d\u00e9couvrir au vrai sens ce que le Seigneur veut pour nous\ndans son Eglise et dans le monde. Cette vocation ne concerne pas seulement\nceux-l\u00e0 qui sont appel\u00e9 \u00e0 la vie consacr\u00e9e. Elle nous concerne tous comme\nchr\u00e9tiens appel\u00e9s et envoy\u00e9s dans le monde \u00e0 travers plusieurs minist\u00e8res.\nAinsi, la vocation, commence \u00e0 se concr\u00e9tiser dans le choix quotidiens\neffectu\u00e9s dans une attitude de foi et d\u2019\u00e9coute, une attitude d\u2019abandon totale \u00e0\nla volont\u00e9 du Seigneur. Dieu n\u2019appelle pas pour appeler, Il nous appelle pour\nune mission, pour nous envoyer. C\u2019est le troisi\u00e8me moment.<\/p>\n\n\n\n<h5 class=\"wp-block-heading\"><strong>Le temps de la mission<\/strong><\/h5>\n\n\n\n<p>Le\ntemps de la mission. Nous avons entendus dans la premi\u00e8re lecture, le jeune\nSamuel dire&nbsp;: \u00ab&nbsp;parle, Seigneur, ton serviteur \u00e9coute&nbsp;\u00bb. La\nvocation en effet, cr\u00e9e entre l\u2019homme et Dieu une nouvelle relation dont\nl\u2019\u00e9l\u00e9ment central demeure la disponibilit\u00e9 totale. Celui qui est appel\u00e9 ne\ns\u2019appartient plus&nbsp;; il est envoy\u00e9 pour accomplir une mission qui le\nd\u00e9passe. Il est investi d\u2019une responsabilit\u00e9 qui va au-del\u00e0 de sa personne. <\/p>\n\n\n\n<p>Soyons\nchers fr\u00e8res et s\u0153urs, dispos\u00e9s \u00e0 r\u00e9pondre positivement comme le jeune Samuel\n\u00ab&nbsp;me voici Seigneur&nbsp;\u00bb et \u00e0 dire comme Marie&nbsp;: \u00ab&nbsp;me voici\npour faire ta volont\u00e9&nbsp;\u00bb&nbsp;! Une fois, nous avons d\u00e9couvert le Seigneur\n\u00e0 la mani\u00e8re des ap\u00f4tres, allons l\u2019annoncer, le montrer aux autres. Appelons\nceux-l\u00e0 qui n\u2019ont pas encore d\u00e9couvert le visage du Christ, afin qu\u2019eux aussi,\nils avancent vers lui pour \u00eatre avec lui et apr\u00e8s continuer son \u0153uvre du salut.<\/p>\n\n\n\n<p>Prions\npour tous ceux qui ont accepter de suivre le Christ, ceux qui ont r\u00e9pondu\npositivement \u00e0 l\u2019appel de Dieu, qu\u2019ils demeurent fid\u00e8les dans leur vocation et\nqu\u2019ils aident leurs fr\u00e8res et s\u0153urs, par leur vie, \u00e0 suivre le Christ qui est\nle chemin, la v\u00e9rit\u00e9 et la Vie.<\/p>\n\n\n\n<p><strong>Abb\u00e9 Jean Claude Ciza <\/strong><\/p>\n","protected":false},"excerpt":{"rendered":"<p>II Dimanche du Temps Ordinaire<\/p>\n","protected":false},"author":5,"featured_media":1850,"comment_status":"open","ping_status":"open","sticky":false,"template":"","format":"standard","meta":{"_acf_changed":false,"_exactmetrics_skip_tracking":false,"_exactmetrics_sitenote_active":false,"_exactmetrics_sitenote_note":"","_exactmetrics_sitenote_category":0,"footnotes":""},"categories":[4,13,14],"tags":[],"class_list":["post-1849","post","type-post","status-publish","format-standard","has-post-thumbnail","hentry","category-blog","category-strona-glowna-najnowsze","category-strona-glowna-slider"],"acf":[],"yoast_head":"<!-- This site is optimized with the Yoast SEO plugin v26.2 - https:\/\/yoast.com\/wordpress\/plugins\/seo\/ -->\n<title>L\u2019aventure de la foi - Centre de Documentation et d\u2019Etude du Pontificat de Jean-Paul II \u00e0 Rome<\/title>\n<meta name=\"robots\" content=\"index, follow, max-snippet:-1, max-image-preview:large, max-video-preview:-1\" \/>\n<link rel=\"canonical\" href=\"https:\/\/jp2doc.pl\/fr\/2021\/01\/17\/laventure-de-la-foi\/\" \/>\n<meta property=\"og:locale\" content=\"fr_FR\" \/>\n<meta property=\"og:type\" content=\"article\" \/>\n<meta property=\"og:title\" content=\"L\u2019aventure de la foi - Centre de Documentation et d\u2019Etude du Pontificat de Jean-Paul II \u00e0 Rome\" \/>\n<meta property=\"og:description\" content=\"II Dimanche du Temps Ordinaire\" \/>\n<meta property=\"og:url\" content=\"https:\/\/jp2doc.pl\/fr\/2021\/01\/17\/laventure-de-la-foi\/\" \/>\n<meta property=\"og:site_name\" content=\"Centre de Documentation et d\u2019Etude du Pontificat de Jean-Paul II \u00e0 Rome\" \/>\n<meta property=\"article:published_time\" content=\"2021-01-17T10:30:22+00:00\" \/>\n<meta property=\"article:modified_time\" content=\"2021-01-17T10:30:23+00:00\" \/>\n<meta property=\"og:image\" content=\"https:\/\/jp2doc.pl\/fr\/wp-content\/uploads\/sites\/5\/2021\/01\/melissa-askew-tSlvoSZK77c-unsplash.jpg\" \/>\n\t<meta property=\"og:image:width\" content=\"1305\" \/>\n\t<meta property=\"og:image:height\" content=\"979\" \/>\n\t<meta property=\"og:image:type\" content=\"image\/jpeg\" \/>\n<meta name=\"author\" content=\"juliasercanka\" \/>\n<meta name=\"twitter:card\" content=\"summary_large_image\" \/>\n<meta name=\"twitter:label1\" content=\"\u00c9crit par\" \/>\n\t<meta name=\"twitter:data1\" content=\"juliasercanka\" \/>\n\t<meta name=\"twitter:label2\" content=\"Dur\u00e9e de lecture estim\u00e9e\" \/>\n\t<meta name=\"twitter:data2\" content=\"5 minutes\" \/>\n<script type=\"application\/ld+json\" class=\"yoast-schema-graph\">{\"@context\":\"https:\/\/schema.org\",\"@graph\":[{\"@type\":\"Article\",\"@id\":\"https:\/\/jp2doc.pl\/fr\/2021\/01\/17\/laventure-de-la-foi\/#article\",\"isPartOf\":{\"@id\":\"https:\/\/jp2doc.pl\/fr\/2021\/01\/17\/laventure-de-la-foi\/\"},\"author\":{\"name\":\"juliasercanka\",\"@id\":\"https:\/\/jp2doc.pl\/fr\/#\/schema\/person\/6110109e80abb51f6fac4824777eabfe\"},\"headline\":\"L\u2019aventure de la foi\",\"datePublished\":\"2021-01-17T10:30:22+00:00\",\"dateModified\":\"2021-01-17T10:30:23+00:00\",\"mainEntityOfPage\":{\"@id\":\"https:\/\/jp2doc.pl\/fr\/2021\/01\/17\/laventure-de-la-foi\/\"},\"wordCount\":925,\"commentCount\":0,\"publisher\":{\"@id\":\"https:\/\/jp2doc.pl\/fr\/#organization\"},\"image\":{\"@id\":\"https:\/\/jp2doc.pl\/fr\/2021\/01\/17\/laventure-de-la-foi\/#primaryimage\"},\"thumbnailUrl\":\"https:\/\/jp2doc.pl\/fr\/wp-content\/uploads\/sites\/5\/2021\/01\/melissa-askew-tSlvoSZK77c-unsplash.jpg\",\"articleSection\":[\"Blog\",\"Strona g\u0142\u00f3wna - najnowsze\",\"Strona g\u0142\u00f3wna - slider\"],\"inLanguage\":\"fr-FR\",\"potentialAction\":[{\"@type\":\"CommentAction\",\"name\":\"Comment\",\"target\":[\"https:\/\/jp2doc.pl\/fr\/2021\/01\/17\/laventure-de-la-foi\/#respond\"]}]},{\"@type\":\"WebPage\",\"@id\":\"https:\/\/jp2doc.pl\/fr\/2021\/01\/17\/laventure-de-la-foi\/\",\"url\":\"https:\/\/jp2doc.pl\/fr\/2021\/01\/17\/laventure-de-la-foi\/\",\"name\":\"L\u2019aventure de la foi - Centre de Documentation et d\u2019Etude du Pontificat de Jean-Paul II \u00e0 Rome\",\"isPartOf\":{\"@id\":\"https:\/\/jp2doc.pl\/fr\/#website\"},\"primaryImageOfPage\":{\"@id\":\"https:\/\/jp2doc.pl\/fr\/2021\/01\/17\/laventure-de-la-foi\/#primaryimage\"},\"image\":{\"@id\":\"https:\/\/jp2doc.pl\/fr\/2021\/01\/17\/laventure-de-la-foi\/#primaryimage\"},\"thumbnailUrl\":\"https:\/\/jp2doc.pl\/fr\/wp-content\/uploads\/sites\/5\/2021\/01\/melissa-askew-tSlvoSZK77c-unsplash.jpg\",\"datePublished\":\"2021-01-17T10:30:22+00:00\",\"dateModified\":\"2021-01-17T10:30:23+00:00\",\"breadcrumb\":{\"@id\":\"https:\/\/jp2doc.pl\/fr\/2021\/01\/17\/laventure-de-la-foi\/#breadcrumb\"},\"inLanguage\":\"fr-FR\",\"potentialAction\":[{\"@type\":\"ReadAction\",\"target\":[\"https:\/\/jp2doc.pl\/fr\/2021\/01\/17\/laventure-de-la-foi\/\"]}]},{\"@type\":\"ImageObject\",\"inLanguage\":\"fr-FR\",\"@id\":\"https:\/\/jp2doc.pl\/fr\/2021\/01\/17\/laventure-de-la-foi\/#primaryimage\",\"url\":\"https:\/\/jp2doc.pl\/fr\/wp-content\/uploads\/sites\/5\/2021\/01\/melissa-askew-tSlvoSZK77c-unsplash.jpg\",\"contentUrl\":\"https:\/\/jp2doc.pl\/fr\/wp-content\/uploads\/sites\/5\/2021\/01\/melissa-askew-tSlvoSZK77c-unsplash.jpg\",\"width\":1305,\"height\":979},{\"@type\":\"BreadcrumbList\",\"@id\":\"https:\/\/jp2doc.pl\/fr\/2021\/01\/17\/laventure-de-la-foi\/#breadcrumb\",\"itemListElement\":[{\"@type\":\"ListItem\",\"position\":1,\"name\":\"Home\",\"item\":\"https:\/\/jp2doc.pl\/fr\/\"},{\"@type\":\"ListItem\",\"position\":2,\"name\":\"L\u2019aventure de la foi\"}]},{\"@type\":\"WebSite\",\"@id\":\"https:\/\/jp2doc.pl\/fr\/#website\",\"url\":\"https:\/\/jp2doc.pl\/fr\/\",\"name\":\"Centre de Documentation et d\u2019Etude du Pontificat de Jean-Paul II \u00e0 Rome\",\"description\":\"\",\"publisher\":{\"@id\":\"https:\/\/jp2doc.pl\/fr\/#organization\"},\"potentialAction\":[{\"@type\":\"SearchAction\",\"target\":{\"@type\":\"EntryPoint\",\"urlTemplate\":\"https:\/\/jp2doc.pl\/fr\/?s={search_term_string}\"},\"query-input\":{\"@type\":\"PropertyValueSpecification\",\"valueRequired\":true,\"valueName\":\"search_term_string\"}}],\"inLanguage\":\"fr-FR\"},{\"@type\":\"Organization\",\"@id\":\"https:\/\/jp2doc.pl\/fr\/#organization\",\"name\":\"Centre de Documentation et d\u2019Etude du Pontificat de Jean-Paul II \u00e0 Rome\",\"url\":\"https:\/\/jp2doc.pl\/fr\/\",\"logo\":{\"@type\":\"ImageObject\",\"inLanguage\":\"fr-FR\",\"@id\":\"https:\/\/jp2doc.pl\/fr\/#\/schema\/logo\/image\/\",\"url\":\"https:\/\/jp2doc.pl\/fr\/wp-content\/uploads\/sites\/5\/2017\/03\/cropped-logo.png\",\"contentUrl\":\"https:\/\/jp2doc.pl\/fr\/wp-content\/uploads\/sites\/5\/2017\/03\/cropped-logo.png\",\"width\":115,\"height\":115,\"caption\":\"Centre de Documentation et d\u2019Etude du Pontificat de Jean-Paul II \u00e0 Rome\"},\"image\":{\"@id\":\"https:\/\/jp2doc.pl\/fr\/#\/schema\/logo\/image\/\"}},{\"@type\":\"Person\",\"@id\":\"https:\/\/jp2doc.pl\/fr\/#\/schema\/person\/6110109e80abb51f6fac4824777eabfe\",\"name\":\"juliasercanka\",\"image\":{\"@type\":\"ImageObject\",\"inLanguage\":\"fr-FR\",\"@id\":\"https:\/\/jp2doc.pl\/fr\/#\/schema\/person\/image\/\",\"url\":\"https:\/\/secure.gravatar.com\/avatar\/266a66e864556e22d55d61b6b10c97fab9060767b738564bcd109f3997e372bc?s=96&d=mm&r=g\",\"contentUrl\":\"https:\/\/secure.gravatar.com\/avatar\/266a66e864556e22d55d61b6b10c97fab9060767b738564bcd109f3997e372bc?s=96&d=mm&r=g\",\"caption\":\"juliasercanka\"},\"url\":\"https:\/\/jp2doc.pl\/fr\/author\/juliasercanka\/\"}]}<\/script>\n<!-- \/ Yoast SEO plugin. -->","yoast_head_json":{"title":"L\u2019aventure de la foi - Centre de Documentation et d\u2019Etude du Pontificat de Jean-Paul II \u00e0 Rome","robots":{"index":"index","follow":"follow","max-snippet":"max-snippet:-1","max-image-preview":"max-image-preview:large","max-video-preview":"max-video-preview:-1"},"canonical":"https:\/\/jp2doc.pl\/fr\/2021\/01\/17\/laventure-de-la-foi\/","og_locale":"fr_FR","og_type":"article","og_title":"L\u2019aventure de la foi - Centre de Documentation et d\u2019Etude du Pontificat de Jean-Paul II \u00e0 Rome","og_description":"II Dimanche du Temps Ordinaire","og_url":"https:\/\/jp2doc.pl\/fr\/2021\/01\/17\/laventure-de-la-foi\/","og_site_name":"Centre de Documentation et d\u2019Etude du Pontificat de Jean-Paul II \u00e0 Rome","article_published_time":"2021-01-17T10:30:22+00:00","article_modified_time":"2021-01-17T10:30:23+00:00","og_image":[{"width":1305,"height":979,"url":"https:\/\/jp2doc.pl\/fr\/wp-content\/uploads\/sites\/5\/2021\/01\/melissa-askew-tSlvoSZK77c-unsplash.jpg","type":"image\/jpeg"}],"author":"juliasercanka","twitter_card":"summary_large_image","twitter_misc":{"\u00c9crit par":"juliasercanka","Dur\u00e9e de lecture estim\u00e9e":"5 minutes"},"schema":{"@context":"https:\/\/schema.org","@graph":[{"@type":"Article","@id":"https:\/\/jp2doc.pl\/fr\/2021\/01\/17\/laventure-de-la-foi\/#article","isPartOf":{"@id":"https:\/\/jp2doc.pl\/fr\/2021\/01\/17\/laventure-de-la-foi\/"},"author":{"name":"juliasercanka","@id":"https:\/\/jp2doc.pl\/fr\/#\/schema\/person\/6110109e80abb51f6fac4824777eabfe"},"headline":"L\u2019aventure de la foi","datePublished":"2021-01-17T10:30:22+00:00","dateModified":"2021-01-17T10:30:23+00:00","mainEntityOfPage":{"@id":"https:\/\/jp2doc.pl\/fr\/2021\/01\/17\/laventure-de-la-foi\/"},"wordCount":925,"commentCount":0,"publisher":{"@id":"https:\/\/jp2doc.pl\/fr\/#organization"},"image":{"@id":"https:\/\/jp2doc.pl\/fr\/2021\/01\/17\/laventure-de-la-foi\/#primaryimage"},"thumbnailUrl":"https:\/\/jp2doc.pl\/fr\/wp-content\/uploads\/sites\/5\/2021\/01\/melissa-askew-tSlvoSZK77c-unsplash.jpg","articleSection":["Blog","Strona g\u0142\u00f3wna - najnowsze","Strona g\u0142\u00f3wna - slider"],"inLanguage":"fr-FR","potentialAction":[{"@type":"CommentAction","name":"Comment","target":["https:\/\/jp2doc.pl\/fr\/2021\/01\/17\/laventure-de-la-foi\/#respond"]}]},{"@type":"WebPage","@id":"https:\/\/jp2doc.pl\/fr\/2021\/01\/17\/laventure-de-la-foi\/","url":"https:\/\/jp2doc.pl\/fr\/2021\/01\/17\/laventure-de-la-foi\/","name":"L\u2019aventure de la foi - Centre de Documentation et d\u2019Etude du Pontificat de Jean-Paul II \u00e0 Rome","isPartOf":{"@id":"https:\/\/jp2doc.pl\/fr\/#website"},"primaryImageOfPage":{"@id":"https:\/\/jp2doc.pl\/fr\/2021\/01\/17\/laventure-de-la-foi\/#primaryimage"},"image":{"@id":"https:\/\/jp2doc.pl\/fr\/2021\/01\/17\/laventure-de-la-foi\/#primaryimage"},"thumbnailUrl":"https:\/\/jp2doc.pl\/fr\/wp-content\/uploads\/sites\/5\/2021\/01\/melissa-askew-tSlvoSZK77c-unsplash.jpg","datePublished":"2021-01-17T10:30:22+00:00","dateModified":"2021-01-17T10:30:23+00:00","breadcrumb":{"@id":"https:\/\/jp2doc.pl\/fr\/2021\/01\/17\/laventure-de-la-foi\/#breadcrumb"},"inLanguage":"fr-FR","potentialAction":[{"@type":"ReadAction","target":["https:\/\/jp2doc.pl\/fr\/2021\/01\/17\/laventure-de-la-foi\/"]}]},{"@type":"ImageObject","inLanguage":"fr-FR","@id":"https:\/\/jp2doc.pl\/fr\/2021\/01\/17\/laventure-de-la-foi\/#primaryimage","url":"https:\/\/jp2doc.pl\/fr\/wp-content\/uploads\/sites\/5\/2021\/01\/melissa-askew-tSlvoSZK77c-unsplash.jpg","contentUrl":"https:\/\/jp2doc.pl\/fr\/wp-content\/uploads\/sites\/5\/2021\/01\/melissa-askew-tSlvoSZK77c-unsplash.jpg","width":1305,"height":979},{"@type":"BreadcrumbList","@id":"https:\/\/jp2doc.pl\/fr\/2021\/01\/17\/laventure-de-la-foi\/#breadcrumb","itemListElement":[{"@type":"ListItem","position":1,"name":"Home","item":"https:\/\/jp2doc.pl\/fr\/"},{"@type":"ListItem","position":2,"name":"L\u2019aventure de la foi"}]},{"@type":"WebSite","@id":"https:\/\/jp2doc.pl\/fr\/#website","url":"https:\/\/jp2doc.pl\/fr\/","name":"Centre de Documentation et d\u2019Etude du Pontificat de Jean-Paul II \u00e0 Rome","description":"","publisher":{"@id":"https:\/\/jp2doc.pl\/fr\/#organization"},"potentialAction":[{"@type":"SearchAction","target":{"@type":"EntryPoint","urlTemplate":"https:\/\/jp2doc.pl\/fr\/?s={search_term_string}"},"query-input":{"@type":"PropertyValueSpecification","valueRequired":true,"valueName":"search_term_string"}}],"inLanguage":"fr-FR"},{"@type":"Organization","@id":"https:\/\/jp2doc.pl\/fr\/#organization","name":"Centre de Documentation et d\u2019Etude du Pontificat de Jean-Paul II \u00e0 Rome","url":"https:\/\/jp2doc.pl\/fr\/","logo":{"@type":"ImageObject","inLanguage":"fr-FR","@id":"https:\/\/jp2doc.pl\/fr\/#\/schema\/logo\/image\/","url":"https:\/\/jp2doc.pl\/fr\/wp-content\/uploads\/sites\/5\/2017\/03\/cropped-logo.png","contentUrl":"https:\/\/jp2doc.pl\/fr\/wp-content\/uploads\/sites\/5\/2017\/03\/cropped-logo.png","width":115,"height":115,"caption":"Centre de Documentation et d\u2019Etude du Pontificat de Jean-Paul II \u00e0 Rome"},"image":{"@id":"https:\/\/jp2doc.pl\/fr\/#\/schema\/logo\/image\/"}},{"@type":"Person","@id":"https:\/\/jp2doc.pl\/fr\/#\/schema\/person\/6110109e80abb51f6fac4824777eabfe","name":"juliasercanka","image":{"@type":"ImageObject","inLanguage":"fr-FR","@id":"https:\/\/jp2doc.pl\/fr\/#\/schema\/person\/image\/","url":"https:\/\/secure.gravatar.com\/avatar\/266a66e864556e22d55d61b6b10c97fab9060767b738564bcd109f3997e372bc?s=96&d=mm&r=g","contentUrl":"https:\/\/secure.gravatar.com\/avatar\/266a66e864556e22d55d61b6b10c97fab9060767b738564bcd109f3997e372bc?s=96&d=mm&r=g","caption":"juliasercanka"},"url":"https:\/\/jp2doc.pl\/fr\/author\/juliasercanka\/"}]}},"_links":{"self":[{"href":"https:\/\/jp2doc.pl\/fr\/wp-json\/wp\/v2\/posts\/1849","targetHints":{"allow":["GET"]}}],"collection":[{"href":"https:\/\/jp2doc.pl\/fr\/wp-json\/wp\/v2\/posts"}],"about":[{"href":"https:\/\/jp2doc.pl\/fr\/wp-json\/wp\/v2\/types\/post"}],"author":[{"embeddable":true,"href":"https:\/\/jp2doc.pl\/fr\/wp-json\/wp\/v2\/users\/5"}],"replies":[{"embeddable":true,"href":"https:\/\/jp2doc.pl\/fr\/wp-json\/wp\/v2\/comments?post=1849"}],"version-history":[{"count":2,"href":"https:\/\/jp2doc.pl\/fr\/wp-json\/wp\/v2\/posts\/1849\/revisions"}],"predecessor-version":[{"id":1852,"href":"https:\/\/jp2doc.pl\/fr\/wp-json\/wp\/v2\/posts\/1849\/revisions\/1852"}],"wp:featuredmedia":[{"embeddable":true,"href":"https:\/\/jp2doc.pl\/fr\/wp-json\/wp\/v2\/media\/1850"}],"wp:attachment":[{"href":"https:\/\/jp2doc.pl\/fr\/wp-json\/wp\/v2\/media?parent=1849"}],"wp:term":[{"taxonomy":"category","embeddable":true,"href":"https:\/\/jp2doc.pl\/fr\/wp-json\/wp\/v2\/categories?post=1849"},{"taxonomy":"post_tag","embeddable":true,"href":"https:\/\/jp2doc.pl\/fr\/wp-json\/wp\/v2\/tags?post=1849"}],"curies":[{"name":"wp","href":"https:\/\/api.w.org\/{rel}","templated":true}]}}