{"id":1873,"date":"2021-02-28T12:01:51","date_gmt":"2021-02-28T11:01:51","guid":{"rendered":"https:\/\/jp2doc.pl\/fr\/?p=1873"},"modified":"2021-02-28T12:02:01","modified_gmt":"2021-02-28T11:02:01","slug":"pour-suivre-le-christ-jusquau-bout","status":"publish","type":"post","link":"https:\/\/jp2doc.pl\/fr\/2021\/02\/28\/pour-suivre-le-christ-jusquau-bout\/","title":{"rendered":"Pour suivre le Christ jusqu\u2019au bout"},"content":{"rendered":"\n<p>Gn 22, 1-18\u00a0; Ps 115\u00a0; Rm 8,31b-34\u00a0; Mc 9, 2-10<\/p>\n\n\n\n<p>Depuis une\ndizaine de jours, nous avons commenc\u00e9 l\u2019itin\u00e9raire spirituel du car\u00eame, un\ncheminement p\u00e9nitentiel qui nous conduit vers les grandes c\u00e9l\u00e9brations de la\nSemaine Sainte&nbsp;: la passion, la mort et la r\u00e9surrection du Seigneur J\u00e9sus\nChrist. Si le car\u00eame est per\u00e7u par plusieurs comme un temps privil\u00e9gi\u00e9 de\nconversion, de privation et de partage, les actes de pi\u00e9t\u00e9 auxquels il nous\nconvie ne doivent pourtant pas nous faire oublier son but essentiel&nbsp;: le\ncar\u00eame est le temps privil\u00e9gi\u00e9 au cours duquel nous essayons de nous rapprocher\nde Dieu en approfondissant notre connaissance de son myst\u00e8re. C\u2019est donc une\noccasion particuli\u00e8re pour chaque chr\u00e9tien pour r\u00e9fl\u00e9chir encore une fois sur\nle paradoxe de ce Dieu qui, par amour pour l\u2019homme, s\u2019est fait vuln\u00e9rable.\nC\u2019est encore une fois, un temps pour m\u00e9diter cette hymne que nous chatons\nchaque samedi de la premi\u00e8re semaine&nbsp;: \u00ab&nbsp; qui donc est Dieu pour nous\naimer&nbsp;?&nbsp;\u00bb.<\/p>\n\n\n\n<p>Pour nous aider\n\u00e0 r\u00e9aliser ce retour aux sources, l\u2019Eglise nous propose en ce deuxi\u00e8me dimanche\ndes lectures d\u2019une tr\u00e8s grande profondeur. Nous avons l\u2019\u00e9preuve d\u2019Abraham dans\nla premi\u00e8re lecture, et&nbsp; l\u2019Evangile de la\ntransfiguration du Seigneur chez saint Marc.<\/p>\n\n\n\n<p>L\u2019\u00e9preuve\nd\u2019Abraham. Comme nous pouvons le constater, ce texte rapporte le drame de\nconscience v\u00e9cu par Abraham lorsque Dieu lui demanda de lui sacrifier Isaac son\nFils unique, cet enfant de la promesse. Plac\u00e9 devant ce paradoxe, Abraham se r\u00e9f\u00e8re\naux traditions pa\u00efennes de son temps o\u00f9 les sacrifices humains \u00e9taient assez\nfr\u00e9quents en terre de Canaan. Nous pouvons bien le lire dans Lev. 18, 21&nbsp;;\n2R3, 27&nbsp;; 16,3&nbsp;; 17&nbsp;; 21,6&nbsp;; 23,10&nbsp;; Lev 20,2-5&nbsp;;\nJ\u00e9r 7, 31-37&nbsp;; 19,1613&nbsp;; 32,35&nbsp;; Ez 16,20. Disons que ces\nsacrifices \u00e9taient pr\u00e9sent\u00e9s pour attirer les faveurs des dieux, une mani\u00e8re\naussi de manifester leur attachement \u00e0 leurs divinit\u00e9s.<\/p>\n\n\n\n<p>Immerg\u00e9 dans\ncette culture pa\u00efenne, Abraham ressenti lui aussi, le besoin de prouver son\namour envers son Dieu en lui offrant ce qu\u2019il avait de plus cher, de meilleur.\nMais la suite de la narration nous r\u00e9v\u00e8le autre chose&nbsp;: Dieu n\u2019aime pas\nles sacrifices humains, comme il l\u2019a d\u2019ailleurs d\u00e9clar\u00e9 dans les pr\u00e9ceptes\nconfi\u00e9s \u00e0 Mo\u00efse&nbsp;: \u00ab&nbsp;<em>ne fais pas\ncomme eux(les peuples pa\u00efens) \u00e0 l\u2019\u00e9gard du Seigneur, ton Dieu&nbsp;; car tout\nce que le Seigneur abhorre, tout ce qu\u2019il d\u00e9teste, elles l\u2019ont fait pour leurs\ndieux, br\u00fblant m\u00eame en leur honneur, leurs fils et leurs filles<\/em>&nbsp;\u00bb (Dt\n12, 31). Isa\u00efe dit que le sacrifice qui plait \u00e0 Dieu, c\u2019est un esprit bris\u00e9, un\nc\u0153ur broy\u00e9.<\/p>\n\n\n\n<p>L\u2019\u00e9preuve\nd\u2019Abraham est aussi manifest\u00e9e comme l\u2019\u00e9preuve de Dieu. Dans ce r\u00e9cit, c\u2019est la\ndisponibilit\u00e9 inconditionnelle d\u2019Abraham qui est pr\u00eat \u00e0 renoncer m\u00eame \u00e0 ce\nqu\u2019il a de plus pr\u00e9cieux. En cela, le vieux patriarche devient une\npr\u00e9figuration de Dieu lui-m\u00eame qui, un jour, accepta de donner son Fils unique,\npour le salut de l\u2019humanit\u00e9. A travers l\u2019attitude d\u2019Abraham, nous pouvons\ncomprendre \u00e0 notre tour le vrai jeune qui consiste \u00e0 savoir renoncer \u00e0 ce qu\u2019on\na de plus pr\u00e9cieux dans la vie. Tout comme Abraham fut boulevers\u00e9 par la\ndemande insolite de Dieu, de m\u00eame les disciples de J\u00e9sus furent saisis d\u2019effroi\nlorsqu\u2019il&nbsp; leur annon\u00e7a le destin\ntragique qui l\u2019attendait. C\u2019est dans ce contexte de pr\u00e9occupation qu\u2019il convient\nde situer l\u2019Evangile de ce dimanche qui nous conduit \u00e0 parler de l\u2019\u00e9preuve des\ndisciples aussi.<\/p>\n\n\n\n<p>C\u2019est sur le\nchemin de J\u00e9rusalem que nous voyons J\u00e9sus annoncer \u00e0 ses disciples sans\nbeaucoup de d\u00e9tours le destin tragique qui l\u2019attend. Il s\u2019agit de son\narrestation, la condamnation et le supplice de la croix. L\u2019effet est\ndramatique. Scandalis\u00e9s, en proie au d\u00e9sarroi, les disciples ont du mal \u00e0\ncroire aux paroles de leur Ma\u00eetre. Ils sont boulevers\u00e9s, \u00e9prouv\u00e9s m\u00eame au fond\nde leur c\u0153ur car leur destin qui \u00e9tait li\u00e9 au Christ, se trouve expos\u00e9 \u00e0 la\nd\u00e9rision et \u00e0 la mort. Ils ont du mal \u00e0 accepter une telle nouvelle et c\u2019est le\nsilence, la peur qui les domine. Leur foi est en crise, comme la n\u00f4tre souvent\nchaque fois que nous pensons s\u00e9rieusement \u00e0 un Dieu livr\u00e9 aux mains des hommes,\nce Dieu Tout puissant qui a fait autant des miracles, ressuscit\u00e9 les morts mais\nqui se trouve clou\u00e9 sur la croix. La suite de l\u2019\u00e9vangile nous fait voir que\nnous ne devons pas nous arr\u00eater par-l\u00e0, nous laisser dominer par le d\u00e9sespoir.\nIl faut aller au-del\u00e0 du doute et \u00e9couter ce que&nbsp; le seigneur nous dit encore dans cette\nobscurit\u00e9, dans les \u00e9preuves de la vie. Il faut \u00e9couter et suivre le Christ\njusqu\u2019au bout. Ne jamais l\u2019abandonner.<\/p>\n\n\n\n<p>\u00ab&nbsp;Celui-ci\nest mon Fils bien-aim\u00e9, \u00e9coutez-le&nbsp;!&nbsp;\u00bb. Cette invitation apr\u00e8s\nl\u2019annonce faite par J\u00e9sus de sa mort, est une invitation qui ne pas seulement\nadress\u00e9 \u00e0 Pierre, Jacques et Jean, mais qui est adress\u00e9e \u00e0 nous aussi, \u00e0 tout\nbaptis\u00e9, \u00e0 tout chr\u00e9tien. Ecouter J\u00e9sus, c\u2019est accepter de le suivre, m\u00eame si\nce qu\u2019il nous demande semble en contradiction avec la sagesse du monde&nbsp;;\nc\u2019est aussi accepter de le suivre m\u00eame s\u2019il nous entra\u00eene sur le chemin de la\ncroix. C\u2019est aussi prendre de la hauteur par rapport \u00e0 la mentalit\u00e9 ambiante,\nqui sous le couvert de la sagesse, nous enferme parfois dans des pr\u00e9occupations\ntrop mesquines. Ecouter J\u00e9sus, en d\u00e9finitive, c\u2019est miser sa vie sur l\u2019amour en\nacceptant d\u2019avance l\u00e0 o\u00f9 il nous conduira. <\/p>\n\n\n\n<p>Demandons chers\nfr\u00e8res et s\u0153urs, la gr\u00e2ce de savoir offrir \u00e0 Dieu le meilleur de notre, la\ngr\u00e2ce d\u2019\u00e9couter et de suivre le Christ notre sauveur, lui qui vit et r\u00e8gne\nmaintenant et pour les si\u00e8cles de si\u00e8cles.<\/p>\n\n\n\n<p><strong>Abb\u00e9 Jean Claude CIZA<\/strong><\/p>\n","protected":false},"excerpt":{"rendered":"<p>II Dimanche de Car\u00eame<\/p>\n","protected":false},"author":5,"featured_media":1874,"comment_status":"open","ping_status":"open","sticky":false,"template":"","format":"standard","meta":{"_acf_changed":false,"_exactmetrics_skip_tracking":false,"_exactmetrics_sitenote_active":false,"_exactmetrics_sitenote_note":"","_exactmetrics_sitenote_category":0,"footnotes":""},"categories":[4,13,14],"tags":[],"class_list":["post-1873","post","type-post","status-publish","format-standard","has-post-thumbnail","hentry","category-blog","category-strona-glowna-najnowsze","category-strona-glowna-slider"],"acf":[],"yoast_head":"<!-- This site is optimized with the Yoast SEO plugin v26.2 - https:\/\/yoast.com\/wordpress\/plugins\/seo\/ -->\n<title>Pour suivre le Christ jusqu\u2019au bout - Centre de Documentation et d\u2019Etude du Pontificat de Jean-Paul II \u00e0 Rome<\/title>\n<meta name=\"robots\" content=\"index, follow, max-snippet:-1, max-image-preview:large, max-video-preview:-1\" \/>\n<link rel=\"canonical\" href=\"https:\/\/jp2doc.pl\/fr\/2021\/02\/28\/pour-suivre-le-christ-jusquau-bout\/\" \/>\n<meta property=\"og:locale\" content=\"fr_FR\" \/>\n<meta property=\"og:type\" content=\"article\" \/>\n<meta property=\"og:title\" content=\"Pour suivre le Christ jusqu\u2019au bout - Centre de Documentation et d\u2019Etude du Pontificat de Jean-Paul II \u00e0 Rome\" \/>\n<meta property=\"og:description\" content=\"II Dimanche de Car\u00eame\" \/>\n<meta property=\"og:url\" content=\"https:\/\/jp2doc.pl\/fr\/2021\/02\/28\/pour-suivre-le-christ-jusquau-bout\/\" \/>\n<meta property=\"og:site_name\" content=\"Centre de Documentation et d\u2019Etude du Pontificat de Jean-Paul II \u00e0 Rome\" \/>\n<meta property=\"article:published_time\" content=\"2021-02-28T11:01:51+00:00\" \/>\n<meta property=\"article:modified_time\" content=\"2021-02-28T11:02:01+00:00\" \/>\n<meta property=\"og:image\" content=\"https:\/\/jp2doc.pl\/fr\/wp-content\/uploads\/sites\/5\/2021\/02\/marek-piwnicki-KpMHFwpI914-unsplash.jpg\" \/>\n\t<meta property=\"og:image:width\" content=\"1920\" \/>\n\t<meta property=\"og:image:height\" content=\"1200\" \/>\n\t<meta property=\"og:image:type\" content=\"image\/jpeg\" \/>\n<meta name=\"author\" content=\"juliasercanka\" \/>\n<meta name=\"twitter:card\" content=\"summary_large_image\" \/>\n<meta name=\"twitter:label1\" content=\"\u00c9crit par\" \/>\n\t<meta name=\"twitter:data1\" content=\"juliasercanka\" \/>\n\t<meta name=\"twitter:label2\" content=\"Dur\u00e9e de lecture estim\u00e9e\" \/>\n\t<meta name=\"twitter:data2\" content=\"5 minutes\" \/>\n<script type=\"application\/ld+json\" class=\"yoast-schema-graph\">{\"@context\":\"https:\/\/schema.org\",\"@graph\":[{\"@type\":\"Article\",\"@id\":\"https:\/\/jp2doc.pl\/fr\/2021\/02\/28\/pour-suivre-le-christ-jusquau-bout\/#article\",\"isPartOf\":{\"@id\":\"https:\/\/jp2doc.pl\/fr\/2021\/02\/28\/pour-suivre-le-christ-jusquau-bout\/\"},\"author\":{\"name\":\"juliasercanka\",\"@id\":\"https:\/\/jp2doc.pl\/fr\/#\/schema\/person\/6110109e80abb51f6fac4824777eabfe\"},\"headline\":\"Pour suivre le Christ jusqu\u2019au bout\",\"datePublished\":\"2021-02-28T11:01:51+00:00\",\"dateModified\":\"2021-02-28T11:02:01+00:00\",\"mainEntityOfPage\":{\"@id\":\"https:\/\/jp2doc.pl\/fr\/2021\/02\/28\/pour-suivre-le-christ-jusquau-bout\/\"},\"wordCount\":1066,\"commentCount\":0,\"publisher\":{\"@id\":\"https:\/\/jp2doc.pl\/fr\/#organization\"},\"image\":{\"@id\":\"https:\/\/jp2doc.pl\/fr\/2021\/02\/28\/pour-suivre-le-christ-jusquau-bout\/#primaryimage\"},\"thumbnailUrl\":\"https:\/\/jp2doc.pl\/fr\/wp-content\/uploads\/sites\/5\/2021\/02\/marek-piwnicki-KpMHFwpI914-unsplash.jpg\",\"articleSection\":[\"Blog\",\"Strona g\u0142\u00f3wna - najnowsze\",\"Strona g\u0142\u00f3wna - slider\"],\"inLanguage\":\"fr-FR\",\"potentialAction\":[{\"@type\":\"CommentAction\",\"name\":\"Comment\",\"target\":[\"https:\/\/jp2doc.pl\/fr\/2021\/02\/28\/pour-suivre-le-christ-jusquau-bout\/#respond\"]}]},{\"@type\":\"WebPage\",\"@id\":\"https:\/\/jp2doc.pl\/fr\/2021\/02\/28\/pour-suivre-le-christ-jusquau-bout\/\",\"url\":\"https:\/\/jp2doc.pl\/fr\/2021\/02\/28\/pour-suivre-le-christ-jusquau-bout\/\",\"name\":\"Pour suivre le Christ jusqu\u2019au bout - Centre de Documentation et d\u2019Etude du Pontificat de Jean-Paul II \u00e0 Rome\",\"isPartOf\":{\"@id\":\"https:\/\/jp2doc.pl\/fr\/#website\"},\"primaryImageOfPage\":{\"@id\":\"https:\/\/jp2doc.pl\/fr\/2021\/02\/28\/pour-suivre-le-christ-jusquau-bout\/#primaryimage\"},\"image\":{\"@id\":\"https:\/\/jp2doc.pl\/fr\/2021\/02\/28\/pour-suivre-le-christ-jusquau-bout\/#primaryimage\"},\"thumbnailUrl\":\"https:\/\/jp2doc.pl\/fr\/wp-content\/uploads\/sites\/5\/2021\/02\/marek-piwnicki-KpMHFwpI914-unsplash.jpg\",\"datePublished\":\"2021-02-28T11:01:51+00:00\",\"dateModified\":\"2021-02-28T11:02:01+00:00\",\"breadcrumb\":{\"@id\":\"https:\/\/jp2doc.pl\/fr\/2021\/02\/28\/pour-suivre-le-christ-jusquau-bout\/#breadcrumb\"},\"inLanguage\":\"fr-FR\",\"potentialAction\":[{\"@type\":\"ReadAction\",\"target\":[\"https:\/\/jp2doc.pl\/fr\/2021\/02\/28\/pour-suivre-le-christ-jusquau-bout\/\"]}]},{\"@type\":\"ImageObject\",\"inLanguage\":\"fr-FR\",\"@id\":\"https:\/\/jp2doc.pl\/fr\/2021\/02\/28\/pour-suivre-le-christ-jusquau-bout\/#primaryimage\",\"url\":\"https:\/\/jp2doc.pl\/fr\/wp-content\/uploads\/sites\/5\/2021\/02\/marek-piwnicki-KpMHFwpI914-unsplash.jpg\",\"contentUrl\":\"https:\/\/jp2doc.pl\/fr\/wp-content\/uploads\/sites\/5\/2021\/02\/marek-piwnicki-KpMHFwpI914-unsplash.jpg\",\"width\":1920,\"height\":1200},{\"@type\":\"BreadcrumbList\",\"@id\":\"https:\/\/jp2doc.pl\/fr\/2021\/02\/28\/pour-suivre-le-christ-jusquau-bout\/#breadcrumb\",\"itemListElement\":[{\"@type\":\"ListItem\",\"position\":1,\"name\":\"Home\",\"item\":\"https:\/\/jp2doc.pl\/fr\/\"},{\"@type\":\"ListItem\",\"position\":2,\"name\":\"Pour suivre le Christ jusqu\u2019au bout\"}]},{\"@type\":\"WebSite\",\"@id\":\"https:\/\/jp2doc.pl\/fr\/#website\",\"url\":\"https:\/\/jp2doc.pl\/fr\/\",\"name\":\"Centre de Documentation et d\u2019Etude du Pontificat de Jean-Paul II \u00e0 Rome\",\"description\":\"\",\"publisher\":{\"@id\":\"https:\/\/jp2doc.pl\/fr\/#organization\"},\"potentialAction\":[{\"@type\":\"SearchAction\",\"target\":{\"@type\":\"EntryPoint\",\"urlTemplate\":\"https:\/\/jp2doc.pl\/fr\/?s={search_term_string}\"},\"query-input\":{\"@type\":\"PropertyValueSpecification\",\"valueRequired\":true,\"valueName\":\"search_term_string\"}}],\"inLanguage\":\"fr-FR\"},{\"@type\":\"Organization\",\"@id\":\"https:\/\/jp2doc.pl\/fr\/#organization\",\"name\":\"Centre de Documentation et d\u2019Etude du Pontificat de Jean-Paul II \u00e0 Rome\",\"url\":\"https:\/\/jp2doc.pl\/fr\/\",\"logo\":{\"@type\":\"ImageObject\",\"inLanguage\":\"fr-FR\",\"@id\":\"https:\/\/jp2doc.pl\/fr\/#\/schema\/logo\/image\/\",\"url\":\"https:\/\/jp2doc.pl\/fr\/wp-content\/uploads\/sites\/5\/2017\/03\/cropped-logo.png\",\"contentUrl\":\"https:\/\/jp2doc.pl\/fr\/wp-content\/uploads\/sites\/5\/2017\/03\/cropped-logo.png\",\"width\":115,\"height\":115,\"caption\":\"Centre de Documentation et d\u2019Etude du Pontificat de Jean-Paul II \u00e0 Rome\"},\"image\":{\"@id\":\"https:\/\/jp2doc.pl\/fr\/#\/schema\/logo\/image\/\"}},{\"@type\":\"Person\",\"@id\":\"https:\/\/jp2doc.pl\/fr\/#\/schema\/person\/6110109e80abb51f6fac4824777eabfe\",\"name\":\"juliasercanka\",\"image\":{\"@type\":\"ImageObject\",\"inLanguage\":\"fr-FR\",\"@id\":\"https:\/\/jp2doc.pl\/fr\/#\/schema\/person\/image\/\",\"url\":\"https:\/\/secure.gravatar.com\/avatar\/266a66e864556e22d55d61b6b10c97fab9060767b738564bcd109f3997e372bc?s=96&d=mm&r=g\",\"contentUrl\":\"https:\/\/secure.gravatar.com\/avatar\/266a66e864556e22d55d61b6b10c97fab9060767b738564bcd109f3997e372bc?s=96&d=mm&r=g\",\"caption\":\"juliasercanka\"},\"url\":\"https:\/\/jp2doc.pl\/fr\/author\/juliasercanka\/\"}]}<\/script>\n<!-- \/ Yoast SEO plugin. -->","yoast_head_json":{"title":"Pour suivre le Christ jusqu\u2019au bout - Centre de Documentation et d\u2019Etude du Pontificat de Jean-Paul II \u00e0 Rome","robots":{"index":"index","follow":"follow","max-snippet":"max-snippet:-1","max-image-preview":"max-image-preview:large","max-video-preview":"max-video-preview:-1"},"canonical":"https:\/\/jp2doc.pl\/fr\/2021\/02\/28\/pour-suivre-le-christ-jusquau-bout\/","og_locale":"fr_FR","og_type":"article","og_title":"Pour suivre le Christ jusqu\u2019au bout - Centre de Documentation et d\u2019Etude du Pontificat de Jean-Paul II \u00e0 Rome","og_description":"II Dimanche de Car\u00eame","og_url":"https:\/\/jp2doc.pl\/fr\/2021\/02\/28\/pour-suivre-le-christ-jusquau-bout\/","og_site_name":"Centre de Documentation et d\u2019Etude du Pontificat de Jean-Paul II \u00e0 Rome","article_published_time":"2021-02-28T11:01:51+00:00","article_modified_time":"2021-02-28T11:02:01+00:00","og_image":[{"width":1920,"height":1200,"url":"https:\/\/jp2doc.pl\/fr\/wp-content\/uploads\/sites\/5\/2021\/02\/marek-piwnicki-KpMHFwpI914-unsplash.jpg","type":"image\/jpeg"}],"author":"juliasercanka","twitter_card":"summary_large_image","twitter_misc":{"\u00c9crit par":"juliasercanka","Dur\u00e9e de lecture estim\u00e9e":"5 minutes"},"schema":{"@context":"https:\/\/schema.org","@graph":[{"@type":"Article","@id":"https:\/\/jp2doc.pl\/fr\/2021\/02\/28\/pour-suivre-le-christ-jusquau-bout\/#article","isPartOf":{"@id":"https:\/\/jp2doc.pl\/fr\/2021\/02\/28\/pour-suivre-le-christ-jusquau-bout\/"},"author":{"name":"juliasercanka","@id":"https:\/\/jp2doc.pl\/fr\/#\/schema\/person\/6110109e80abb51f6fac4824777eabfe"},"headline":"Pour suivre le Christ jusqu\u2019au bout","datePublished":"2021-02-28T11:01:51+00:00","dateModified":"2021-02-28T11:02:01+00:00","mainEntityOfPage":{"@id":"https:\/\/jp2doc.pl\/fr\/2021\/02\/28\/pour-suivre-le-christ-jusquau-bout\/"},"wordCount":1066,"commentCount":0,"publisher":{"@id":"https:\/\/jp2doc.pl\/fr\/#organization"},"image":{"@id":"https:\/\/jp2doc.pl\/fr\/2021\/02\/28\/pour-suivre-le-christ-jusquau-bout\/#primaryimage"},"thumbnailUrl":"https:\/\/jp2doc.pl\/fr\/wp-content\/uploads\/sites\/5\/2021\/02\/marek-piwnicki-KpMHFwpI914-unsplash.jpg","articleSection":["Blog","Strona g\u0142\u00f3wna - najnowsze","Strona g\u0142\u00f3wna - slider"],"inLanguage":"fr-FR","potentialAction":[{"@type":"CommentAction","name":"Comment","target":["https:\/\/jp2doc.pl\/fr\/2021\/02\/28\/pour-suivre-le-christ-jusquau-bout\/#respond"]}]},{"@type":"WebPage","@id":"https:\/\/jp2doc.pl\/fr\/2021\/02\/28\/pour-suivre-le-christ-jusquau-bout\/","url":"https:\/\/jp2doc.pl\/fr\/2021\/02\/28\/pour-suivre-le-christ-jusquau-bout\/","name":"Pour suivre le Christ jusqu\u2019au bout - Centre de Documentation et d\u2019Etude du Pontificat de Jean-Paul II \u00e0 Rome","isPartOf":{"@id":"https:\/\/jp2doc.pl\/fr\/#website"},"primaryImageOfPage":{"@id":"https:\/\/jp2doc.pl\/fr\/2021\/02\/28\/pour-suivre-le-christ-jusquau-bout\/#primaryimage"},"image":{"@id":"https:\/\/jp2doc.pl\/fr\/2021\/02\/28\/pour-suivre-le-christ-jusquau-bout\/#primaryimage"},"thumbnailUrl":"https:\/\/jp2doc.pl\/fr\/wp-content\/uploads\/sites\/5\/2021\/02\/marek-piwnicki-KpMHFwpI914-unsplash.jpg","datePublished":"2021-02-28T11:01:51+00:00","dateModified":"2021-02-28T11:02:01+00:00","breadcrumb":{"@id":"https:\/\/jp2doc.pl\/fr\/2021\/02\/28\/pour-suivre-le-christ-jusquau-bout\/#breadcrumb"},"inLanguage":"fr-FR","potentialAction":[{"@type":"ReadAction","target":["https:\/\/jp2doc.pl\/fr\/2021\/02\/28\/pour-suivre-le-christ-jusquau-bout\/"]}]},{"@type":"ImageObject","inLanguage":"fr-FR","@id":"https:\/\/jp2doc.pl\/fr\/2021\/02\/28\/pour-suivre-le-christ-jusquau-bout\/#primaryimage","url":"https:\/\/jp2doc.pl\/fr\/wp-content\/uploads\/sites\/5\/2021\/02\/marek-piwnicki-KpMHFwpI914-unsplash.jpg","contentUrl":"https:\/\/jp2doc.pl\/fr\/wp-content\/uploads\/sites\/5\/2021\/02\/marek-piwnicki-KpMHFwpI914-unsplash.jpg","width":1920,"height":1200},{"@type":"BreadcrumbList","@id":"https:\/\/jp2doc.pl\/fr\/2021\/02\/28\/pour-suivre-le-christ-jusquau-bout\/#breadcrumb","itemListElement":[{"@type":"ListItem","position":1,"name":"Home","item":"https:\/\/jp2doc.pl\/fr\/"},{"@type":"ListItem","position":2,"name":"Pour suivre le Christ jusqu\u2019au bout"}]},{"@type":"WebSite","@id":"https:\/\/jp2doc.pl\/fr\/#website","url":"https:\/\/jp2doc.pl\/fr\/","name":"Centre de Documentation et d\u2019Etude du Pontificat de Jean-Paul II \u00e0 Rome","description":"","publisher":{"@id":"https:\/\/jp2doc.pl\/fr\/#organization"},"potentialAction":[{"@type":"SearchAction","target":{"@type":"EntryPoint","urlTemplate":"https:\/\/jp2doc.pl\/fr\/?s={search_term_string}"},"query-input":{"@type":"PropertyValueSpecification","valueRequired":true,"valueName":"search_term_string"}}],"inLanguage":"fr-FR"},{"@type":"Organization","@id":"https:\/\/jp2doc.pl\/fr\/#organization","name":"Centre de Documentation et d\u2019Etude du Pontificat de Jean-Paul II \u00e0 Rome","url":"https:\/\/jp2doc.pl\/fr\/","logo":{"@type":"ImageObject","inLanguage":"fr-FR","@id":"https:\/\/jp2doc.pl\/fr\/#\/schema\/logo\/image\/","url":"https:\/\/jp2doc.pl\/fr\/wp-content\/uploads\/sites\/5\/2017\/03\/cropped-logo.png","contentUrl":"https:\/\/jp2doc.pl\/fr\/wp-content\/uploads\/sites\/5\/2017\/03\/cropped-logo.png","width":115,"height":115,"caption":"Centre de Documentation et d\u2019Etude du Pontificat de Jean-Paul II \u00e0 Rome"},"image":{"@id":"https:\/\/jp2doc.pl\/fr\/#\/schema\/logo\/image\/"}},{"@type":"Person","@id":"https:\/\/jp2doc.pl\/fr\/#\/schema\/person\/6110109e80abb51f6fac4824777eabfe","name":"juliasercanka","image":{"@type":"ImageObject","inLanguage":"fr-FR","@id":"https:\/\/jp2doc.pl\/fr\/#\/schema\/person\/image\/","url":"https:\/\/secure.gravatar.com\/avatar\/266a66e864556e22d55d61b6b10c97fab9060767b738564bcd109f3997e372bc?s=96&d=mm&r=g","contentUrl":"https:\/\/secure.gravatar.com\/avatar\/266a66e864556e22d55d61b6b10c97fab9060767b738564bcd109f3997e372bc?s=96&d=mm&r=g","caption":"juliasercanka"},"url":"https:\/\/jp2doc.pl\/fr\/author\/juliasercanka\/"}]}},"_links":{"self":[{"href":"https:\/\/jp2doc.pl\/fr\/wp-json\/wp\/v2\/posts\/1873","targetHints":{"allow":["GET"]}}],"collection":[{"href":"https:\/\/jp2doc.pl\/fr\/wp-json\/wp\/v2\/posts"}],"about":[{"href":"https:\/\/jp2doc.pl\/fr\/wp-json\/wp\/v2\/types\/post"}],"author":[{"embeddable":true,"href":"https:\/\/jp2doc.pl\/fr\/wp-json\/wp\/v2\/users\/5"}],"replies":[{"embeddable":true,"href":"https:\/\/jp2doc.pl\/fr\/wp-json\/wp\/v2\/comments?post=1873"}],"version-history":[{"count":2,"href":"https:\/\/jp2doc.pl\/fr\/wp-json\/wp\/v2\/posts\/1873\/revisions"}],"predecessor-version":[{"id":1876,"href":"https:\/\/jp2doc.pl\/fr\/wp-json\/wp\/v2\/posts\/1873\/revisions\/1876"}],"wp:featuredmedia":[{"embeddable":true,"href":"https:\/\/jp2doc.pl\/fr\/wp-json\/wp\/v2\/media\/1874"}],"wp:attachment":[{"href":"https:\/\/jp2doc.pl\/fr\/wp-json\/wp\/v2\/media?parent=1873"}],"wp:term":[{"taxonomy":"category","embeddable":true,"href":"https:\/\/jp2doc.pl\/fr\/wp-json\/wp\/v2\/categories?post=1873"},{"taxonomy":"post_tag","embeddable":true,"href":"https:\/\/jp2doc.pl\/fr\/wp-json\/wp\/v2\/tags?post=1873"}],"curies":[{"name":"wp","href":"https:\/\/api.w.org\/{rel}","templated":true}]}}