{"id":1881,"date":"2021-03-15T12:43:45","date_gmt":"2021-03-15T11:43:45","guid":{"rendered":"https:\/\/jp2doc.pl\/fr\/?p=1881"},"modified":"2021-03-15T12:43:46","modified_gmt":"2021-03-15T11:43:46","slug":"pour-marcher-sur-les-traces-de-jesus","status":"publish","type":"post","link":"https:\/\/jp2doc.pl\/fr\/2021\/03\/15\/pour-marcher-sur-les-traces-de-jesus\/","title":{"rendered":"Pour marcher sur les traces de J\u00e9sus"},"content":{"rendered":"\n<p>\u00c9vangile : Jean 3, 14-21&nbsp;&nbsp;&nbsp;<\/p>\n\n\n\n<p>&nbsp;J\u00e9sus dit \u00e0 Nicod\u00e8me : \u00ab Car Dieu a\ntellement aim\u00e9 le monde qu\u2019il a donn\u00e9 son Fils unique, afin que quiconque croit\nen lui ne se perde pas, mais obtienne la vie \u00e9ternelle. \u00bb<\/p>\n\n\n\n<p>Ce n\u2019est sans doute pas par hasard si ce verset est tr\u00e8s connu. En effet,\nnous avons l\u00e0 un r\u00e9sum\u00e9 de tout l\u2019\u00c9vangile. L\u2019\u00c9vangile nous parle de cet Amour\ndivin qui d\u00e9passe tout ce qu\u2019on peut imaginer. IL S\u2019agit d\u2019un amour\nmis\u00e9ricordieux, lent \u00e0 la col\u00e8re comme nous le montre la premi\u00e8re lecture.&nbsp; Il nous faut le dire et le redire : jamais\nnos p\u00e9ch\u00e9s ne seront plus grands que cet amour-l\u00e0. Jamais aucune faute ne\npourra venir \u00e0 bout de cet amour. Un amour d\u00e9sint\u00e9ress\u00e9, durable et patient !\nUn amour qui inclut tout homme, sans discrimination :&nbsp;&nbsp; riches,\npauvres, jeunes et vieux\u2026<\/p>\n\n\n\n<p>Mais, cet amour de Dieu attend de chacun de nous une r\u00e9ponse. Oui, Dieu\nattend de nous des efforts, il attend un engagement sinc\u00e8re. Pour&nbsp; nous apercevoir, \u00e9coutons la premi\u00e8re lecture\net l\u2019Evangile de ce jour. &nbsp;Le symbole du\nserpent de bronze nous rappelle que, pour \u00eatre sauv\u00e9s, il faut que nous\nfassions le pas vers le R\u00e9dempteur, que nous le regardions, que nous nous\ntournions vers lui. Il faut que nous croyions : croire, ce n&rsquo;est pas accumuler\ndes connaissances sur J\u00e9sus ; croire c&rsquo;est plut\u00f4t lui faire confiance, l\u2019\u00e9couter\net le suivre. C&rsquo;est chercher \u00e0 faire comme il a demand\u00e9 de faire, c\u2019est mettre\nen pratique ses enseignements. Croire c\u2019est aussi comprendre que la croix est\nun signe de salut et non de condamnation et c\u2019est vers elle que notre regard\ndevrait \u00eatre orient\u00e9. Malheureusement, nous regardons trop souvent ailleurs,\nattir\u00e9s par tout ce qui nous tente et nous aveugle, tent\u00e9s par toute sorte de\nfutilit\u00e9s et de distractions. Vous le savez, de nos jours, beaucoup sont tent\u00e9s\npar une sorte de pessimisme devant le mal qui afflige le monde&nbsp;: violences\ngratuites, \u00e9go\u00efsmes collectifs et individuels, bassesses de toutes sortes,\nexploitation de l\u2019homme par l\u2019homme, abus des mensonges id\u00e9ologiques,\nmatraquages politiques, perte de conscience morale, guerres insens\u00e9es\u2026. Absurde\net aberrant, avec ses mille contradictions, le monde semble \u00eatre aux yeux des\nincroyants un d\u00e9menti \u00e0 l\u2019amour de Dieu. Mais, hier comme aujourd\u2019hui, la\nparole du Christ illumine ce d\u00e9senchantement, rectifie le regard et redonne\nconfiance&nbsp;: \u00ab&nbsp;Dieu aime ce monde qui parfois nous parait trop\nviolent, contradictoire, moche et mal fait. Et le signe par excellence qu\u2019il\nnous donne de cet amour, c\u2019est son Fils unique livr\u00e9 pour notre salut. C\u2019est\nvers lui que malgr\u00e9 les \u00e9checs de la vie, que notre regard doit \u00eatre tourn\u00e9, il\nest la solution de nos probl\u00e8mes, il est celui qui est capable de nous\nexpliquer le myst\u00e8re de Dieu. &nbsp;La Parole\nde ce jour nous exhorte \u00e0 tourner notre regard vers la Croix, vers le Christ\ncrucifi\u00e9 et glorifi\u00e9.<\/p>\n\n\n\n<p>J\u00e9sus dit encore : \u00ab&nbsp; La lumi\u00e8re est venue dans le monde, et les\nhommes ont pr\u00e9f\u00e9r\u00e9 les t\u00e9n\u00e8bres \u00e0 la lumi\u00e8re\u2026 \u00bb<\/p>\n\n\n\n<p>Comme le reste des humains, Nicod\u00e8me avec qui J\u00e9sus dialogue a lui aussi\npr\u00e9f\u00e9r\u00e9 les t\u00e9n\u00e8bres \u00e0 la lumi\u00e8re. Il vient \u00e0 la rencontre de J\u00e9sus la nuit\u2026Et\npourtant, J\u00e9sus nous exhorte \u00e0 pr\u00e9f\u00e9rer la lumi\u00e8re aux t\u00e9n\u00e8bres. Il nous qu\u2019Il\nest la lumi\u00e8re, la lumi\u00e8re \u00e9ternelle, celui qui le suit ne marche pas dans le\nnoir, mais il aura la lumi\u00e8re \u00e9ternelle de la vie. &nbsp;En effet, si nous aimons la lumi\u00e8re, elle nous\nmontrera ce que nous avons encore besoin de mettre en ordre dans notre vie, que\nce soit des petites ou des grandes choses. Sans la lumi\u00e8re, nous restons dans\nl\u2019obscurit\u00e9 et nous ne pouvons pas voir le chaos qui r\u00e8gne dans notre vie ;\nnous ne pouvons pas nous rendre compte que nous avons besoin d\u2019\u00eatre\ntransform\u00e9s. Oui, la lumi\u00e8re \u00e9claire chaque domaine de notre vie, de sorte\nque&nbsp; ce qui ne marche pas puisse \u00eatre d\u00e9voil\u00e9. L\u00e0 o\u00f9 la lumi\u00e8re brille, il\ny a une nouvelle croissance.<\/p>\n\n\n\n<p>Puisse ce temps de car\u00eame \u00eatre le moment favorable pour marcher sur les\ntraces de J\u00e9sus, notre vraie lumi\u00e8re, et nous conduire en enfants de la\nlumi\u00e8re.<\/p>\n\n\n\n<p><strong>P\u00e9re Jean Claude Ciza<\/strong><\/p>\n\n\n\n<p><em>Fot.<\/em> <em>Unsplash.com<\/em> <\/p>\n","protected":false},"excerpt":{"rendered":"<p>IV Dimanche de Car\u00eame <\/p>\n","protected":false},"author":5,"featured_media":1882,"comment_status":"open","ping_status":"open","sticky":false,"template":"","format":"standard","meta":{"_acf_changed":false,"_exactmetrics_skip_tracking":false,"_exactmetrics_sitenote_active":false,"_exactmetrics_sitenote_note":"","_exactmetrics_sitenote_category":0,"footnotes":""},"categories":[4,13,14],"tags":[],"class_list":["post-1881","post","type-post","status-publish","format-standard","has-post-thumbnail","hentry","category-blog","category-strona-glowna-najnowsze","category-strona-glowna-slider"],"acf":[],"yoast_head":"<!-- This site is optimized with the Yoast SEO plugin v26.2 - https:\/\/yoast.com\/wordpress\/plugins\/seo\/ -->\n<title>Pour marcher sur les traces de J\u00e9sus - Centre de Documentation et d\u2019Etude du Pontificat de Jean-Paul II \u00e0 Rome<\/title>\n<meta name=\"robots\" content=\"index, follow, max-snippet:-1, max-image-preview:large, max-video-preview:-1\" \/>\n<link rel=\"canonical\" href=\"https:\/\/jp2doc.pl\/fr\/2021\/03\/15\/pour-marcher-sur-les-traces-de-jesus\/\" \/>\n<meta property=\"og:locale\" content=\"fr_FR\" \/>\n<meta property=\"og:type\" content=\"article\" \/>\n<meta property=\"og:title\" content=\"Pour marcher sur les traces de J\u00e9sus - Centre de Documentation et d\u2019Etude du Pontificat de Jean-Paul II \u00e0 Rome\" \/>\n<meta property=\"og:description\" content=\"IV Dimanche de Car\u00eame\" \/>\n<meta property=\"og:url\" content=\"https:\/\/jp2doc.pl\/fr\/2021\/03\/15\/pour-marcher-sur-les-traces-de-jesus\/\" \/>\n<meta property=\"og:site_name\" content=\"Centre de Documentation et d\u2019Etude du Pontificat de Jean-Paul II \u00e0 Rome\" \/>\n<meta property=\"article:published_time\" content=\"2021-03-15T11:43:45+00:00\" \/>\n<meta property=\"article:modified_time\" content=\"2021-03-15T11:43:46+00:00\" \/>\n<meta property=\"og:image\" content=\"https:\/\/jp2doc.pl\/fr\/wp-content\/uploads\/sites\/5\/2021\/03\/Jesus-Christ.jpg\" \/>\n\t<meta property=\"og:image:width\" content=\"1688\" \/>\n\t<meta property=\"og:image:height\" content=\"1163\" \/>\n\t<meta property=\"og:image:type\" content=\"image\/jpeg\" \/>\n<meta name=\"author\" content=\"juliasercanka\" \/>\n<meta name=\"twitter:card\" content=\"summary_large_image\" \/>\n<meta name=\"twitter:label1\" content=\"\u00c9crit par\" \/>\n\t<meta name=\"twitter:data1\" content=\"juliasercanka\" \/>\n\t<meta name=\"twitter:label2\" content=\"Dur\u00e9e de lecture estim\u00e9e\" \/>\n\t<meta name=\"twitter:data2\" content=\"4 minutes\" \/>\n<script type=\"application\/ld+json\" class=\"yoast-schema-graph\">{\"@context\":\"https:\/\/schema.org\",\"@graph\":[{\"@type\":\"Article\",\"@id\":\"https:\/\/jp2doc.pl\/fr\/2021\/03\/15\/pour-marcher-sur-les-traces-de-jesus\/#article\",\"isPartOf\":{\"@id\":\"https:\/\/jp2doc.pl\/fr\/2021\/03\/15\/pour-marcher-sur-les-traces-de-jesus\/\"},\"author\":{\"name\":\"juliasercanka\",\"@id\":\"https:\/\/jp2doc.pl\/fr\/#\/schema\/person\/6110109e80abb51f6fac4824777eabfe\"},\"headline\":\"Pour marcher sur les traces de J\u00e9sus\",\"datePublished\":\"2021-03-15T11:43:45+00:00\",\"dateModified\":\"2021-03-15T11:43:46+00:00\",\"mainEntityOfPage\":{\"@id\":\"https:\/\/jp2doc.pl\/fr\/2021\/03\/15\/pour-marcher-sur-les-traces-de-jesus\/\"},\"wordCount\":793,\"commentCount\":0,\"publisher\":{\"@id\":\"https:\/\/jp2doc.pl\/fr\/#organization\"},\"image\":{\"@id\":\"https:\/\/jp2doc.pl\/fr\/2021\/03\/15\/pour-marcher-sur-les-traces-de-jesus\/#primaryimage\"},\"thumbnailUrl\":\"https:\/\/jp2doc.pl\/fr\/wp-content\/uploads\/sites\/5\/2021\/03\/Jesus-Christ.jpg\",\"articleSection\":[\"Blog\",\"Strona g\u0142\u00f3wna - najnowsze\",\"Strona g\u0142\u00f3wna - slider\"],\"inLanguage\":\"fr-FR\",\"potentialAction\":[{\"@type\":\"CommentAction\",\"name\":\"Comment\",\"target\":[\"https:\/\/jp2doc.pl\/fr\/2021\/03\/15\/pour-marcher-sur-les-traces-de-jesus\/#respond\"]}]},{\"@type\":\"WebPage\",\"@id\":\"https:\/\/jp2doc.pl\/fr\/2021\/03\/15\/pour-marcher-sur-les-traces-de-jesus\/\",\"url\":\"https:\/\/jp2doc.pl\/fr\/2021\/03\/15\/pour-marcher-sur-les-traces-de-jesus\/\",\"name\":\"Pour marcher sur les traces de J\u00e9sus - Centre de Documentation et d\u2019Etude du Pontificat de Jean-Paul II \u00e0 Rome\",\"isPartOf\":{\"@id\":\"https:\/\/jp2doc.pl\/fr\/#website\"},\"primaryImageOfPage\":{\"@id\":\"https:\/\/jp2doc.pl\/fr\/2021\/03\/15\/pour-marcher-sur-les-traces-de-jesus\/#primaryimage\"},\"image\":{\"@id\":\"https:\/\/jp2doc.pl\/fr\/2021\/03\/15\/pour-marcher-sur-les-traces-de-jesus\/#primaryimage\"},\"thumbnailUrl\":\"https:\/\/jp2doc.pl\/fr\/wp-content\/uploads\/sites\/5\/2021\/03\/Jesus-Christ.jpg\",\"datePublished\":\"2021-03-15T11:43:45+00:00\",\"dateModified\":\"2021-03-15T11:43:46+00:00\",\"breadcrumb\":{\"@id\":\"https:\/\/jp2doc.pl\/fr\/2021\/03\/15\/pour-marcher-sur-les-traces-de-jesus\/#breadcrumb\"},\"inLanguage\":\"fr-FR\",\"potentialAction\":[{\"@type\":\"ReadAction\",\"target\":[\"https:\/\/jp2doc.pl\/fr\/2021\/03\/15\/pour-marcher-sur-les-traces-de-jesus\/\"]}]},{\"@type\":\"ImageObject\",\"inLanguage\":\"fr-FR\",\"@id\":\"https:\/\/jp2doc.pl\/fr\/2021\/03\/15\/pour-marcher-sur-les-traces-de-jesus\/#primaryimage\",\"url\":\"https:\/\/jp2doc.pl\/fr\/wp-content\/uploads\/sites\/5\/2021\/03\/Jesus-Christ.jpg\",\"contentUrl\":\"https:\/\/jp2doc.pl\/fr\/wp-content\/uploads\/sites\/5\/2021\/03\/Jesus-Christ.jpg\",\"width\":1688,\"height\":1163,\"caption\":\"jesus christ\"},{\"@type\":\"BreadcrumbList\",\"@id\":\"https:\/\/jp2doc.pl\/fr\/2021\/03\/15\/pour-marcher-sur-les-traces-de-jesus\/#breadcrumb\",\"itemListElement\":[{\"@type\":\"ListItem\",\"position\":1,\"name\":\"Home\",\"item\":\"https:\/\/jp2doc.pl\/fr\/\"},{\"@type\":\"ListItem\",\"position\":2,\"name\":\"Pour marcher sur les traces de J\u00e9sus\"}]},{\"@type\":\"WebSite\",\"@id\":\"https:\/\/jp2doc.pl\/fr\/#website\",\"url\":\"https:\/\/jp2doc.pl\/fr\/\",\"name\":\"Centre de Documentation et d\u2019Etude du Pontificat de Jean-Paul II \u00e0 Rome\",\"description\":\"\",\"publisher\":{\"@id\":\"https:\/\/jp2doc.pl\/fr\/#organization\"},\"potentialAction\":[{\"@type\":\"SearchAction\",\"target\":{\"@type\":\"EntryPoint\",\"urlTemplate\":\"https:\/\/jp2doc.pl\/fr\/?s={search_term_string}\"},\"query-input\":{\"@type\":\"PropertyValueSpecification\",\"valueRequired\":true,\"valueName\":\"search_term_string\"}}],\"inLanguage\":\"fr-FR\"},{\"@type\":\"Organization\",\"@id\":\"https:\/\/jp2doc.pl\/fr\/#organization\",\"name\":\"Centre de Documentation et d\u2019Etude du Pontificat de Jean-Paul II \u00e0 Rome\",\"url\":\"https:\/\/jp2doc.pl\/fr\/\",\"logo\":{\"@type\":\"ImageObject\",\"inLanguage\":\"fr-FR\",\"@id\":\"https:\/\/jp2doc.pl\/fr\/#\/schema\/logo\/image\/\",\"url\":\"https:\/\/jp2doc.pl\/fr\/wp-content\/uploads\/sites\/5\/2017\/03\/cropped-logo.png\",\"contentUrl\":\"https:\/\/jp2doc.pl\/fr\/wp-content\/uploads\/sites\/5\/2017\/03\/cropped-logo.png\",\"width\":115,\"height\":115,\"caption\":\"Centre de Documentation et d\u2019Etude du Pontificat de Jean-Paul II \u00e0 Rome\"},\"image\":{\"@id\":\"https:\/\/jp2doc.pl\/fr\/#\/schema\/logo\/image\/\"}},{\"@type\":\"Person\",\"@id\":\"https:\/\/jp2doc.pl\/fr\/#\/schema\/person\/6110109e80abb51f6fac4824777eabfe\",\"name\":\"juliasercanka\",\"image\":{\"@type\":\"ImageObject\",\"inLanguage\":\"fr-FR\",\"@id\":\"https:\/\/jp2doc.pl\/fr\/#\/schema\/person\/image\/\",\"url\":\"https:\/\/secure.gravatar.com\/avatar\/266a66e864556e22d55d61b6b10c97fab9060767b738564bcd109f3997e372bc?s=96&d=mm&r=g\",\"contentUrl\":\"https:\/\/secure.gravatar.com\/avatar\/266a66e864556e22d55d61b6b10c97fab9060767b738564bcd109f3997e372bc?s=96&d=mm&r=g\",\"caption\":\"juliasercanka\"},\"url\":\"https:\/\/jp2doc.pl\/fr\/author\/juliasercanka\/\"}]}<\/script>\n<!-- \/ Yoast SEO plugin. -->","yoast_head_json":{"title":"Pour marcher sur les traces de J\u00e9sus - Centre de Documentation et d\u2019Etude du Pontificat de Jean-Paul II \u00e0 Rome","robots":{"index":"index","follow":"follow","max-snippet":"max-snippet:-1","max-image-preview":"max-image-preview:large","max-video-preview":"max-video-preview:-1"},"canonical":"https:\/\/jp2doc.pl\/fr\/2021\/03\/15\/pour-marcher-sur-les-traces-de-jesus\/","og_locale":"fr_FR","og_type":"article","og_title":"Pour marcher sur les traces de J\u00e9sus - Centre de Documentation et d\u2019Etude du Pontificat de Jean-Paul II \u00e0 Rome","og_description":"IV Dimanche de Car\u00eame","og_url":"https:\/\/jp2doc.pl\/fr\/2021\/03\/15\/pour-marcher-sur-les-traces-de-jesus\/","og_site_name":"Centre de Documentation et d\u2019Etude du Pontificat de Jean-Paul II \u00e0 Rome","article_published_time":"2021-03-15T11:43:45+00:00","article_modified_time":"2021-03-15T11:43:46+00:00","og_image":[{"width":1688,"height":1163,"url":"https:\/\/jp2doc.pl\/fr\/wp-content\/uploads\/sites\/5\/2021\/03\/Jesus-Christ.jpg","type":"image\/jpeg"}],"author":"juliasercanka","twitter_card":"summary_large_image","twitter_misc":{"\u00c9crit par":"juliasercanka","Dur\u00e9e de lecture estim\u00e9e":"4 minutes"},"schema":{"@context":"https:\/\/schema.org","@graph":[{"@type":"Article","@id":"https:\/\/jp2doc.pl\/fr\/2021\/03\/15\/pour-marcher-sur-les-traces-de-jesus\/#article","isPartOf":{"@id":"https:\/\/jp2doc.pl\/fr\/2021\/03\/15\/pour-marcher-sur-les-traces-de-jesus\/"},"author":{"name":"juliasercanka","@id":"https:\/\/jp2doc.pl\/fr\/#\/schema\/person\/6110109e80abb51f6fac4824777eabfe"},"headline":"Pour marcher sur les traces de J\u00e9sus","datePublished":"2021-03-15T11:43:45+00:00","dateModified":"2021-03-15T11:43:46+00:00","mainEntityOfPage":{"@id":"https:\/\/jp2doc.pl\/fr\/2021\/03\/15\/pour-marcher-sur-les-traces-de-jesus\/"},"wordCount":793,"commentCount":0,"publisher":{"@id":"https:\/\/jp2doc.pl\/fr\/#organization"},"image":{"@id":"https:\/\/jp2doc.pl\/fr\/2021\/03\/15\/pour-marcher-sur-les-traces-de-jesus\/#primaryimage"},"thumbnailUrl":"https:\/\/jp2doc.pl\/fr\/wp-content\/uploads\/sites\/5\/2021\/03\/Jesus-Christ.jpg","articleSection":["Blog","Strona g\u0142\u00f3wna - najnowsze","Strona g\u0142\u00f3wna - slider"],"inLanguage":"fr-FR","potentialAction":[{"@type":"CommentAction","name":"Comment","target":["https:\/\/jp2doc.pl\/fr\/2021\/03\/15\/pour-marcher-sur-les-traces-de-jesus\/#respond"]}]},{"@type":"WebPage","@id":"https:\/\/jp2doc.pl\/fr\/2021\/03\/15\/pour-marcher-sur-les-traces-de-jesus\/","url":"https:\/\/jp2doc.pl\/fr\/2021\/03\/15\/pour-marcher-sur-les-traces-de-jesus\/","name":"Pour marcher sur les traces de J\u00e9sus - Centre de Documentation et d\u2019Etude du Pontificat de Jean-Paul II \u00e0 Rome","isPartOf":{"@id":"https:\/\/jp2doc.pl\/fr\/#website"},"primaryImageOfPage":{"@id":"https:\/\/jp2doc.pl\/fr\/2021\/03\/15\/pour-marcher-sur-les-traces-de-jesus\/#primaryimage"},"image":{"@id":"https:\/\/jp2doc.pl\/fr\/2021\/03\/15\/pour-marcher-sur-les-traces-de-jesus\/#primaryimage"},"thumbnailUrl":"https:\/\/jp2doc.pl\/fr\/wp-content\/uploads\/sites\/5\/2021\/03\/Jesus-Christ.jpg","datePublished":"2021-03-15T11:43:45+00:00","dateModified":"2021-03-15T11:43:46+00:00","breadcrumb":{"@id":"https:\/\/jp2doc.pl\/fr\/2021\/03\/15\/pour-marcher-sur-les-traces-de-jesus\/#breadcrumb"},"inLanguage":"fr-FR","potentialAction":[{"@type":"ReadAction","target":["https:\/\/jp2doc.pl\/fr\/2021\/03\/15\/pour-marcher-sur-les-traces-de-jesus\/"]}]},{"@type":"ImageObject","inLanguage":"fr-FR","@id":"https:\/\/jp2doc.pl\/fr\/2021\/03\/15\/pour-marcher-sur-les-traces-de-jesus\/#primaryimage","url":"https:\/\/jp2doc.pl\/fr\/wp-content\/uploads\/sites\/5\/2021\/03\/Jesus-Christ.jpg","contentUrl":"https:\/\/jp2doc.pl\/fr\/wp-content\/uploads\/sites\/5\/2021\/03\/Jesus-Christ.jpg","width":1688,"height":1163,"caption":"jesus christ"},{"@type":"BreadcrumbList","@id":"https:\/\/jp2doc.pl\/fr\/2021\/03\/15\/pour-marcher-sur-les-traces-de-jesus\/#breadcrumb","itemListElement":[{"@type":"ListItem","position":1,"name":"Home","item":"https:\/\/jp2doc.pl\/fr\/"},{"@type":"ListItem","position":2,"name":"Pour marcher sur les traces de J\u00e9sus"}]},{"@type":"WebSite","@id":"https:\/\/jp2doc.pl\/fr\/#website","url":"https:\/\/jp2doc.pl\/fr\/","name":"Centre de Documentation et d\u2019Etude du Pontificat de Jean-Paul II \u00e0 Rome","description":"","publisher":{"@id":"https:\/\/jp2doc.pl\/fr\/#organization"},"potentialAction":[{"@type":"SearchAction","target":{"@type":"EntryPoint","urlTemplate":"https:\/\/jp2doc.pl\/fr\/?s={search_term_string}"},"query-input":{"@type":"PropertyValueSpecification","valueRequired":true,"valueName":"search_term_string"}}],"inLanguage":"fr-FR"},{"@type":"Organization","@id":"https:\/\/jp2doc.pl\/fr\/#organization","name":"Centre de Documentation et d\u2019Etude du Pontificat de Jean-Paul II \u00e0 Rome","url":"https:\/\/jp2doc.pl\/fr\/","logo":{"@type":"ImageObject","inLanguage":"fr-FR","@id":"https:\/\/jp2doc.pl\/fr\/#\/schema\/logo\/image\/","url":"https:\/\/jp2doc.pl\/fr\/wp-content\/uploads\/sites\/5\/2017\/03\/cropped-logo.png","contentUrl":"https:\/\/jp2doc.pl\/fr\/wp-content\/uploads\/sites\/5\/2017\/03\/cropped-logo.png","width":115,"height":115,"caption":"Centre de Documentation et d\u2019Etude du Pontificat de Jean-Paul II \u00e0 Rome"},"image":{"@id":"https:\/\/jp2doc.pl\/fr\/#\/schema\/logo\/image\/"}},{"@type":"Person","@id":"https:\/\/jp2doc.pl\/fr\/#\/schema\/person\/6110109e80abb51f6fac4824777eabfe","name":"juliasercanka","image":{"@type":"ImageObject","inLanguage":"fr-FR","@id":"https:\/\/jp2doc.pl\/fr\/#\/schema\/person\/image\/","url":"https:\/\/secure.gravatar.com\/avatar\/266a66e864556e22d55d61b6b10c97fab9060767b738564bcd109f3997e372bc?s=96&d=mm&r=g","contentUrl":"https:\/\/secure.gravatar.com\/avatar\/266a66e864556e22d55d61b6b10c97fab9060767b738564bcd109f3997e372bc?s=96&d=mm&r=g","caption":"juliasercanka"},"url":"https:\/\/jp2doc.pl\/fr\/author\/juliasercanka\/"}]}},"_links":{"self":[{"href":"https:\/\/jp2doc.pl\/fr\/wp-json\/wp\/v2\/posts\/1881","targetHints":{"allow":["GET"]}}],"collection":[{"href":"https:\/\/jp2doc.pl\/fr\/wp-json\/wp\/v2\/posts"}],"about":[{"href":"https:\/\/jp2doc.pl\/fr\/wp-json\/wp\/v2\/types\/post"}],"author":[{"embeddable":true,"href":"https:\/\/jp2doc.pl\/fr\/wp-json\/wp\/v2\/users\/5"}],"replies":[{"embeddable":true,"href":"https:\/\/jp2doc.pl\/fr\/wp-json\/wp\/v2\/comments?post=1881"}],"version-history":[{"count":1,"href":"https:\/\/jp2doc.pl\/fr\/wp-json\/wp\/v2\/posts\/1881\/revisions"}],"predecessor-version":[{"id":1883,"href":"https:\/\/jp2doc.pl\/fr\/wp-json\/wp\/v2\/posts\/1881\/revisions\/1883"}],"wp:featuredmedia":[{"embeddable":true,"href":"https:\/\/jp2doc.pl\/fr\/wp-json\/wp\/v2\/media\/1882"}],"wp:attachment":[{"href":"https:\/\/jp2doc.pl\/fr\/wp-json\/wp\/v2\/media?parent=1881"}],"wp:term":[{"taxonomy":"category","embeddable":true,"href":"https:\/\/jp2doc.pl\/fr\/wp-json\/wp\/v2\/categories?post=1881"},{"taxonomy":"post_tag","embeddable":true,"href":"https:\/\/jp2doc.pl\/fr\/wp-json\/wp\/v2\/tags?post=1881"}],"curies":[{"name":"wp","href":"https:\/\/api.w.org\/{rel}","templated":true}]}}