{"id":1888,"date":"2021-03-28T16:32:19","date_gmt":"2021-03-28T14:32:19","guid":{"rendered":"https:\/\/jp2doc.pl\/fr\/?p=1888"},"modified":"2021-03-28T16:32:20","modified_gmt":"2021-03-28T14:32:20","slug":"si-nous-suivons-le-christ-dans-sa-passion","status":"publish","type":"post","link":"https:\/\/jp2doc.pl\/fr\/2021\/03\/28\/si-nous-suivons-le-christ-dans-sa-passion\/","title":{"rendered":"Si nous suivons le Christ dans sa passion\u2026"},"content":{"rendered":"\n<p>Mc 11, 1-10&nbsp;; Js\n50, 4-7&nbsp;; Ph 2, 6-11&nbsp;; Mc 14, 1&#8211;15, 47<\/p>\n\n\n\n<p>En ce dimanche des\nRameaux et de la Passion du Seigneur, nous pouvons m\u00e9diter l\u2019\u00e9vangile de la\npassion en isolant les temps, les lieux, les personnages, soit quand, o\u00f9 et\nqui&nbsp;?<\/p>\n\n\n\n<p>On a d\u2019abord deux\ngrands moments&nbsp;: A l\u2019approche de P\u00e2que et pendant la f\u00eate.<\/p>\n\n\n\n<h5 class=\"wp-block-heading\"><strong>Que se passe-t-il \u00e0 l\u2019approche de la f\u00eate&nbsp;?<\/strong><\/h5>\n\n\n\n<p>Certains\npr\u00e9m\u00e9ditent de faire du mal \u00e0 J\u00e9sus. Ce sont les chefs des pr\u00eatres et les\nscribes. <\/p>\n\n\n\n<p>J\u00e9sus est \u00e0\nB\u00e9thanie&nbsp;chez Simon le l\u00e9preux : l\u00e0 une femme cherche \u00e0 se convertir en\nfaisant de bonnes actions. Certaines personnes mal intentionn\u00e9es la critique.\nMais nous sommes tous des l\u00e9preux et nous avons besoin de conversion. Cette\nimage nous rappelle l\u2019\u00e9pisode de la femme surprise en flagrance et qu\u2019on a\nencore pr\u00e9sent\u00e9 \u00e0 J\u00e9sus pour la juger.<\/p>\n\n\n\n<p>Judas passe \u00e0\nl\u2019action pour voir \u00e9liminer J\u00e9sus. Les chefs des pr\u00eatres s\u2019en r\u00e9jouissent. <\/p>\n\n\n\n<p>&#8211; <em>Quelle est notre attitude face \u00e0 cela&nbsp;?\nEst-ce parfois, on ne trahit pas J\u00e9sus comme Judas pour les int\u00e9r\u00eats\npersonnels, pour avoir l\u2019argent&nbsp;?<\/em><\/p>\n\n\n\n<p>Pendant la f\u00eate de P\u00e2que<\/p>\n\n\n\n<p>Ici on voit se\ndistinguer trois grands moments&nbsp;avec chacun ses \u00e9v\u00e9nements : le soir, le\nmatin, \u00e0 midi et encore le soir.<\/p>\n\n\n\n<p>Mais d\u2019abord une\nquestion&nbsp;: o\u00f9 f\u00eater avec J\u00e9sus&nbsp;? O\u00f9 devons-nous f\u00eater le\nSeigneur&nbsp;?<\/p>\n\n\n\n<p>L\u2019endroit de la\nf\u00eate, J\u00e9sus l\u2019a fait r\u00e9server \u00e0 l\u2019\u00e9tage.\nL\u2019\u00e9tage est un endroit \u00e9lev\u00e9. J\u00e9sus \u00e9l\u00e8ve ses disciples avec lui. J\u00e9sus nous\n\u00e9l\u00e8ve de la bassesse du mal, du p\u00e9ch\u00e9. Il nous a apport\u00e9 le salut. Nous avons\nici une anticipation de la r\u00e9surrection.<\/p>\n\n\n\n<p>Maintenant le soir&nbsp;: le soir est un moment\ndifficile. C\u2019est le temps des t\u00e9n\u00e8bres, du t\u00e2tonnement, des forces du mal. Et\nJ\u00e9sus d\u00e9clare justement en ce moment que l\u2019un de ceux qui mangent avec lui, de\nses amis va le livrer. Le tra\u00eetre est dans la maison. <\/p>\n\n\n\n<p>Dans la m\u00eame\nsoir\u00e9e, J\u00e9sus donne \u00e0 ses\ndisciples le pain et le vin. C\u2019est le banquet avec ses amis. Il se donne. <\/p>\n\n\n\n<p>&#8211;<em>Est-ce que nous savons l\u2019accueillir&nbsp;?\nEst-ce que nous savons nous donner aux autres, pour les autres&nbsp;?<\/em><\/p>\n\n\n\n<p>Pour cl\u00f4turer le\nrepas, J\u00e9sus et ses disciples ex\u00e9cutent le chant d\u2019action de gr\u00e2ce. Ils nous\napprennent \u00e0 rendre gr\u00e2ce \u00e0 Dieu en tout temps. <\/p>\n\n\n\n<h5 class=\"wp-block-heading\"><strong>Au mont des Oliviers<\/strong><\/h5>\n\n\n\n<p>De la maison de la f\u00eate, ils arrivent \u00e0 un autre endroit. C\u2019est aussi un\nendroit \u00e9lev\u00e9 comme l\u2019\u00e9tage de la maison. Les hommes cherchent \u00e0 s\u2019abaisser,\nJ\u00e9sus les m\u00e8ne vers les hauteurs. Nous sommes au mont des Oliviers. <\/p>\n\n\n\n<p>Mais J\u00e9sus pr\u00e9vient\nles disciples et nous avec eux&nbsp;: \u00ab&nbsp;Vous allez \u00eatre expos\u00e9s \u00e0\ntomber&nbsp;\u00bb. A tomber des hauteurs.<\/p>\n\n\n\n<p>Pierre proteste. Et\nnous aimons souvent protester face \u00e0 la v\u00e9rit\u00e9&nbsp;: \u00ab&nbsp;Moi je ne tomberai\npas&nbsp;\u00bb. Est-ce un geste d\u2019orgueil&nbsp;? Nous devons apprendre \u00e0 \u00e9couter\nJ\u00e9sus et \u00e0 demander son secours plut\u00f4t qu\u2019\u00e0 compter uniquement sur nos propres\nforces si d\u00e9risoires. En effet l\u2019\u00e9vangile insiste&nbsp;: \u00ab&nbsp;Et tous\ndisaient de m\u00eame&nbsp;\u00bb. Nous sommes tous pareils \u00e0 Pierre&nbsp;!<\/p>\n\n\n\n<p>Au mont des Oliviers, un endroit particulier se d\u00e9tache&nbsp;:\nGeths\u00e9mani. C\u2019est un endroit de souffrance. <\/p>\n\n\n\n<p>J\u00e9sus a peur, mais prie. La pri\u00e8re est une cure pour l\u2019\u00e2me contre la peur\nde la souffrance, de la trahison. Elle \u00e9l\u00e8ve l\u2019\u00e2me. C\u2019est une arme. Il demande\n\u00e0 ses disciples de veiller. Mais eux ils dorment. <\/p>\n\n\n\n<p><em>-N\u2019aimons-nous pas faire le contraire de ce que Dieu\nattend de nous&nbsp;? <\/em><\/p>\n\n\n\n<p>Nous dormons\nbeaucoup et nous prions peu&nbsp;! Nous dormons m\u00eame \u00e0 la messe et nous\naccusons parfois le pr\u00eatre de n\u2019avoir pas fait une hom\u00e9lie qui nous tient\n\u00e9veill\u00e9. Pourtant J\u00e9sus nous dit&nbsp;: \u00ab&nbsp;Veillez et prier pour ne pas\nentrer en tentation&nbsp;: l\u2019esprit est ardent, mais la chair est\nfaible&nbsp;\u00bb.<\/p>\n\n\n\n<h5 class=\"wp-block-heading\"><strong>La foi devant les menaces<\/strong><\/h5>\n\n\n\n<p>Judas arrive. Il embrasse J\u00e9sus. Mais c\u2019est pour le livrer. Nous posons\nbeaucoup de gestes d\u2019amour mais aussi beaucoup des gestes d\u2019hypocrisie \u00e0\ntravers lesquels nous livrons nos amis, nos proches.<\/p>\n\n\n\n<p><em>-Est-ce vraiment par\namour&nbsp;? Quelles sont nos vraies motivations quand nous nous portons vers\nles autres&nbsp;?<\/em><\/p>\n\n\n\n<p>Une bande arm\u00e9e arr\u00eate J\u00e9sus. J\u00e9sus demande&nbsp;: \u00ab&nbsp;Suis-je un\nbrigand&nbsp;? \u00bb. Les disciples fuient. L\u2019un d\u2019eux laisse tomber son drap. Il\nlaisse tomber la foi devant les menaces des bandits, des agresseurs. <\/p>\n\n\n\n<p><em>-Avons-nous encore la\nn\u00f4tre ? o\u00f9 est notre t\u00e9moignage&nbsp;?<\/em><\/p>\n\n\n\n<p>Du mont des Oliviers, on passe \u00e0 un autre endroit. Chez les grands\npr\u00eatres. Pierre suivait de loin \u00e0 cause de la peur.<\/p>\n\n\n\n<p>&#8211;<em>Ne suivons-nous pas J\u00e9sus de loin&nbsp;?\nSans trop nous impliquer&nbsp;?<\/em><\/p>\n\n\n\n<h5 class=\"wp-block-heading\"><strong>Les t\u00e9moignages contre\nJ\u00e9sus<\/strong><\/h5>\n\n\n\n<p>Les chefs des pr\u00eatres et le grand conseil, qui sentent leur pouvoir\nmenac\u00e9 par J\u00e9sus, remis en question par J\u00e9sus, cherchent des t\u00e9moignages contre\nJ\u00e9sus mais n\u2019en trouve pas. J\u00e9sus est pur. Il est l\u2019agneau innocent, sans\nt\u00e2che. Il est le Messie, le Fils de Dieu, le Sauveur du monde, notre Seigneur.<\/p>\n\n\n\n<p>Le grand pr\u00eatre est scandalis\u00e9 d\u2019entendre que J\u00e9sus est le Messie. Il n\u2019a\npas la foi. Il a d\u00e9j\u00e0 laiss\u00e9 tomber son drap. La bande outrage J\u00e9sus. Pierre\nnie qu\u2019il est son disciple. J\u00e9sus est seul. Tout seul.<\/p>\n\n\n\n<p><em>-O\u00f9 sommes-nous&nbsp;?<\/em><\/p>\n\n\n\n<p>Le coq chante. Et Pierre se souvient des paroles de\nJ\u00e9sus. Il pleure. C\u2019est bon. C\u2019est le chemin du repentir. Voil\u00e0 la force de Pierre.<\/p>\n\n\n\n<p><em>-Est-ce que nous savons regretter nos mauvaises\nactions&nbsp;? nos trahisons&nbsp;? <\/em><\/p>\n\n\n\n<p>Tout cela s\u2019est\npass\u00e9 depuis le temps du soir. Maintenant nous changeons de temps. Nous sommes\nle matin. La m\u00e9chancet\u00e9 de l\u2019humanit\u00e9 va se faire voir au grand jour. Les chefs\ndes pr\u00eatres livrent J\u00e9sus \u00e0 Pilate. J\u00e9sus passe des mains en mains comme on\npasse un colis.<\/p>\n\n\n\n<p>Pilate interroge\nJ\u00e9sus. Mais J\u00e9sus ne lui r\u00e9pond pas. Ce n\u2019est pas par manque des paroles. J\u00e9sus\nest la parole de Dieu. Pilate, s\u2019il descend en lui-m\u00eame, doit pouvoir le saisir\ncomme le centurion a fait. Et de fait, Pilate saisit d\u00e9j\u00e0 quelque chose. Il\nsait que c\u2019est par jalousie que les grands pr\u00eatres condamnent J\u00e9sus. Mais il ne\nfera pas grand-chose pour prot\u00e9ger J\u00e9sus.<\/p>\n\n\n\n<p><em>-Sommes-nous jaloux dans la vie&nbsp;? Comment traitons-nous\nles gens&nbsp;?<\/em><\/p>\n\n\n\n<p>La foule r\u00e9clame qu\u2019on lib\u00e8re Barabas, un meurtrier, \u00e0 la place de J\u00e9sus.\nNous faisons nous aussi parfois des choix tr\u00e8s \u00e9tonnants. Elle demande qu\u2019on\ncrucifie J\u00e9sus. Nous crucifions nous aussi par nos paroles et nos actions tant\nd\u2019innocents autour de nous. <\/p>\n\n\n\n<p>Pilate livre J\u00e9sus au soldat. J\u00e9sus passe de nouveau entre d\u2019autres\nmains. On le prend pour une marchandise.<\/p>\n\n\n\n<p>Les soldats am\u00e8nent J\u00e9sus \u00e0 l\u2019int\u00e9rieur du Pr\u00e9toire. L\u2019int\u00e9rieur du\nPr\u00e9toire pr\u00e9figure l\u2019int\u00e9rieur du tombeau. L\u00e0 ils se moquent de J\u00e9sus. Puis ils\nl\u2019am\u00e8nent pour \u00eatre crucifi\u00e9.<\/p>\n\n\n\n<h5 class=\"wp-block-heading\"><strong>Le chemin de la\ncroix <\/strong><\/h5>\n\n\n\n<p>Quittant Pilate, on\nd\u00e9couvre un nouveau lieu&nbsp;: le chemin. Ici un innocent va aider un autre\ninnocent. Simon de Cyr\u00e8ne va \u00eatre r\u00e9quisitionn\u00e9 pour porter la croix de J\u00e9sus.\nJ\u00e9sus n\u2019a plus de force.<\/p>\n\n\n\n<p><em>-Est-ce que nous aidons J\u00e9sus \u00e0 porter la croix&nbsp;?\nEst-ce que nous soulageons la souffrance de nos fr\u00e8res&nbsp;? <\/em><\/p>\n\n\n\n<p>Le lieu qu\u2019est le\nchemin n\u2019est que transitoire. Il fait le lien entre deux lieux. Le Pr\u00e9toire\nchez Pilate et Golgotha. Le Pr\u00e9toire et Golgotha sont deux lieux qui incarnent\nla souffrance. Nous sommes donc \u00e0 Golgotha. J\u00e9sus refuse de boire le vin\naromatis\u00e9 de myrrhe que les soldats lui donnent. J\u00e9sus avait d\u00e9j\u00e0 dit aux\ndisciples qu\u2019il ne boira plus de vin. C\u2019est lui qui nous a donn\u00e9 le vin et le\npain. <\/p>\n\n\n\n<p>Les soldats\nd\u00e9pouillent J\u00e9sus de ses v\u00eatements. Puis ils disposent de son corps en le\ncrucifiant. J\u00e9sus ne semble plus rien avoir pour soi. Pensons \u00e0 ces moments o\u00f9\nnous mettons les autres \u00e0 nu&nbsp;! Nous exposons leur nudit\u00e9, leurs faiblesses.\nC\u2019est la m\u00e9chancet\u00e9.<\/p>\n\n\n\n<p>Puis commencent un\nconcert&nbsp;: Les passants &#8211; foule anonyme &#8211; l\u2019injuriaient. Les chefs des\npr\u00eatres et les scribes \u2013 personnes repr\u00e9sentant le sacr\u00e9 \u2013 se moquaient de lui.\nCeux qui \u00e9taient crucifi\u00e9s avec lui \u2013 personnes repr\u00e9sentant la corruption\n&#8211;&nbsp; aussi l\u2019insultaient.&nbsp;&nbsp; <\/p>\n\n\n\n<p><em>-Et nous&nbsp;? Quelle est notre attitude face \u00e0 J\u00e9sus au\nvu de tout ce que nous vivons&nbsp;? Comment nous comportons-nous&nbsp;? Nos\nactes honorent-ils J\u00e9sus&nbsp;?<\/em><\/p>\n\n\n\n<p>Pass\u00e9 le soir,\npass\u00e9 le matin, nous voici \u00e0 un nouveau temps&nbsp;: midi. En plein midi, des\nt\u00e9n\u00e8bres sur la terre. C\u2019est le triomphe du mal. Rien ne semble arr\u00eater le mal.\nJ\u00e9sus crie d\u2019une voix forte. Il se sent abandonn\u00e9 par son P\u00e8re. C\u2019est la\nsouffrance supr\u00eame.<\/p>\n\n\n\n<p><em>-Ne nous arrive-t-il pas de croire parfois nous aussi que\nDieu ne nous \u00e9coute pas&nbsp;?qu\u2019Il nous&nbsp;\na abandonn\u00e9&nbsp;?<\/em><\/p>\n\n\n\n<h5 class=\"wp-block-heading\"><strong>La mort de J\u00e9sus<\/strong><\/h5>\n\n\n\n<p>J\u00e9sus pousse un\ngrand cri. Il meurt. En ce moment de s\u00e9paration, un autre d\u00e9cor s\u2019ouvre&nbsp;:\nle Temple. Le rideau du Temple se d\u00e9chire. Dieu se r\u00e9v\u00e8le \u00e0 l\u2019humanit\u00e9 en\nl\u2019aimant jusqu\u2019au bout. Mais ne sommes-nous pas les temples de l\u2019Esprit Saint,\nles temples de Dieu&nbsp;? Nous devons laisser se d\u00e9chirer le rideau de notre\nc\u0153ur pour que Dieu se r\u00e9v\u00e8le \u00e0 nous, \u00e0 chacun de nous. N\u2019est-ce pas l\u2019exp\u00e9rience\ndu centurion&nbsp;?<\/p>\n\n\n\n<p>Le centurion est le\nt\u00e9moin de cet amour de Dieu. Il est le symbole de l\u2019accueil de J\u00e9sus, de son\namour par l\u2019humanit\u00e9 transform\u00e9e, gu\u00e9rie par les souffrances, la fid\u00e9lit\u00e9 du\nFils de Dieu \u00e0 sa mission. Il confesse sa foi. Il a remis le drap&nbsp;:\n\u00ab&nbsp;Vraiment cet homme \u00e9tait fils de Dieu&nbsp;!&nbsp;\u00bb.<\/p>\n\n\n\n<p>Les femmes sont l\u00e0.\nElles regardent de loin. Elles finiront par se rapprocher. Merci aux femmes\npour leur t\u00e9nacit\u00e9, leur fid\u00e9lit\u00e9&nbsp;!<\/p>\n\n\n\n<p><em>-Et nous, d\u2019o\u00f9 regardons-nous&nbsp;les \u00e9v\u00e9nements qui se\nd\u00e9roulent dans notre soci\u00e9t\u00e9 aujourd\u2019hui&nbsp;? <\/em><\/p>\n\n\n\n<p>Nous avons\nrencontr\u00e9 un soir, nous avons rencontr\u00e9 un matin, nous avons rencontr\u00e9 un midi.\nNous voici de nouveau le soir. Le monde est envelopp\u00e9 dans un grand silence.<\/p>\n\n\n\n<p>Joseph d\u2019Arimathie,\nqui attendait lui aussi le Royaume de Dieu, demande \u00e0 Pilate le corps de J\u00e9sus\net l\u2019enveloppe dans un linceul. Il le d\u00e9pose dans un s\u00e9pulcre d\u2019o\u00f9 il\nressuscitera. Mais il n\u2019y a pas de r\u00e9surrection sans t\u00e9moin. C\u2019est pour cela\nque les femmes vont se rapprocher&nbsp;: \u00ab&nbsp;Marie Madeleine et Marie, m\u00e8re\nde Jos\u00e9, regardaient l\u2019endroit o\u00f9 on l\u2019avait mis&nbsp;\u00bb.<\/p>\n\n\n\n<p>Si nous suivons le\nChrist dans sa passion et si nous sommes attentifs comme les femmes, nous\nserons nous aussi t\u00e9moins de la r\u00e9surrection du Christ dans notre vie&nbsp;! <\/p>\n\n\n\n<p><strong>Abb\u00e8 Jean Claude Ciza <\/strong><\/p>\n\n\n\n<p>Fot. Pro Church Media\/Unsplash.com<\/p>\n","protected":false},"excerpt":{"rendered":"<p>Dimanche des Rameaux <\/p>\n","protected":false},"author":5,"featured_media":1889,"comment_status":"open","ping_status":"open","sticky":false,"template":"","format":"standard","meta":{"_acf_changed":false,"_exactmetrics_skip_tracking":false,"_exactmetrics_sitenote_active":false,"_exactmetrics_sitenote_note":"","_exactmetrics_sitenote_category":0,"footnotes":""},"categories":[4,13,14],"tags":[],"class_list":["post-1888","post","type-post","status-publish","format-standard","has-post-thumbnail","hentry","category-blog","category-strona-glowna-najnowsze","category-strona-glowna-slider"],"acf":[],"yoast_head":"<!-- This site is optimized with the Yoast SEO plugin v26.2 - https:\/\/yoast.com\/wordpress\/plugins\/seo\/ -->\n<title>Si nous suivons le Christ dans sa passion\u2026 - Centre de Documentation et d\u2019Etude du Pontificat de Jean-Paul II \u00e0 Rome<\/title>\n<meta name=\"robots\" content=\"index, follow, max-snippet:-1, max-image-preview:large, max-video-preview:-1\" \/>\n<link rel=\"canonical\" href=\"https:\/\/jp2doc.pl\/fr\/2021\/03\/28\/si-nous-suivons-le-christ-dans-sa-passion\/\" \/>\n<meta property=\"og:locale\" content=\"fr_FR\" \/>\n<meta property=\"og:type\" content=\"article\" \/>\n<meta property=\"og:title\" content=\"Si nous suivons le Christ dans sa passion\u2026 - Centre de Documentation et d\u2019Etude du Pontificat de Jean-Paul II \u00e0 Rome\" \/>\n<meta property=\"og:description\" content=\"Dimanche des Rameaux\" \/>\n<meta property=\"og:url\" content=\"https:\/\/jp2doc.pl\/fr\/2021\/03\/28\/si-nous-suivons-le-christ-dans-sa-passion\/\" \/>\n<meta property=\"og:site_name\" content=\"Centre de Documentation et d\u2019Etude du Pontificat de Jean-Paul II \u00e0 Rome\" \/>\n<meta property=\"article:published_time\" content=\"2021-03-28T14:32:19+00:00\" \/>\n<meta property=\"article:modified_time\" content=\"2021-03-28T14:32:20+00:00\" \/>\n<meta property=\"og:image\" content=\"https:\/\/jp2doc.pl\/fr\/wp-content\/uploads\/sites\/5\/2021\/03\/pro-church-media-0E_qCq-oHng-unsplash.jpg\" \/>\n\t<meta property=\"og:image:width\" content=\"1920\" \/>\n\t<meta property=\"og:image:height\" content=\"1280\" \/>\n\t<meta property=\"og:image:type\" content=\"image\/jpeg\" \/>\n<meta name=\"author\" content=\"juliasercanka\" \/>\n<meta name=\"twitter:card\" content=\"summary_large_image\" \/>\n<meta name=\"twitter:label1\" content=\"\u00c9crit par\" \/>\n\t<meta name=\"twitter:data1\" content=\"juliasercanka\" \/>\n\t<meta name=\"twitter:label2\" content=\"Dur\u00e9e de lecture estim\u00e9e\" \/>\n\t<meta name=\"twitter:data2\" content=\"10 minutes\" \/>\n<script type=\"application\/ld+json\" class=\"yoast-schema-graph\">{\"@context\":\"https:\/\/schema.org\",\"@graph\":[{\"@type\":\"Article\",\"@id\":\"https:\/\/jp2doc.pl\/fr\/2021\/03\/28\/si-nous-suivons-le-christ-dans-sa-passion\/#article\",\"isPartOf\":{\"@id\":\"https:\/\/jp2doc.pl\/fr\/2021\/03\/28\/si-nous-suivons-le-christ-dans-sa-passion\/\"},\"author\":{\"name\":\"juliasercanka\",\"@id\":\"https:\/\/jp2doc.pl\/fr\/#\/schema\/person\/6110109e80abb51f6fac4824777eabfe\"},\"headline\":\"Si nous suivons le Christ dans sa passion\u2026\",\"datePublished\":\"2021-03-28T14:32:19+00:00\",\"dateModified\":\"2021-03-28T14:32:20+00:00\",\"mainEntityOfPage\":{\"@id\":\"https:\/\/jp2doc.pl\/fr\/2021\/03\/28\/si-nous-suivons-le-christ-dans-sa-passion\/\"},\"wordCount\":1983,\"commentCount\":0,\"publisher\":{\"@id\":\"https:\/\/jp2doc.pl\/fr\/#organization\"},\"image\":{\"@id\":\"https:\/\/jp2doc.pl\/fr\/2021\/03\/28\/si-nous-suivons-le-christ-dans-sa-passion\/#primaryimage\"},\"thumbnailUrl\":\"https:\/\/jp2doc.pl\/fr\/wp-content\/uploads\/sites\/5\/2021\/03\/pro-church-media-0E_qCq-oHng-unsplash.jpg\",\"articleSection\":[\"Blog\",\"Strona g\u0142\u00f3wna - najnowsze\",\"Strona g\u0142\u00f3wna - slider\"],\"inLanguage\":\"fr-FR\",\"potentialAction\":[{\"@type\":\"CommentAction\",\"name\":\"Comment\",\"target\":[\"https:\/\/jp2doc.pl\/fr\/2021\/03\/28\/si-nous-suivons-le-christ-dans-sa-passion\/#respond\"]}]},{\"@type\":\"WebPage\",\"@id\":\"https:\/\/jp2doc.pl\/fr\/2021\/03\/28\/si-nous-suivons-le-christ-dans-sa-passion\/\",\"url\":\"https:\/\/jp2doc.pl\/fr\/2021\/03\/28\/si-nous-suivons-le-christ-dans-sa-passion\/\",\"name\":\"Si nous suivons le Christ dans sa passion\u2026 - Centre de Documentation et d\u2019Etude du Pontificat de Jean-Paul II \u00e0 Rome\",\"isPartOf\":{\"@id\":\"https:\/\/jp2doc.pl\/fr\/#website\"},\"primaryImageOfPage\":{\"@id\":\"https:\/\/jp2doc.pl\/fr\/2021\/03\/28\/si-nous-suivons-le-christ-dans-sa-passion\/#primaryimage\"},\"image\":{\"@id\":\"https:\/\/jp2doc.pl\/fr\/2021\/03\/28\/si-nous-suivons-le-christ-dans-sa-passion\/#primaryimage\"},\"thumbnailUrl\":\"https:\/\/jp2doc.pl\/fr\/wp-content\/uploads\/sites\/5\/2021\/03\/pro-church-media-0E_qCq-oHng-unsplash.jpg\",\"datePublished\":\"2021-03-28T14:32:19+00:00\",\"dateModified\":\"2021-03-28T14:32:20+00:00\",\"breadcrumb\":{\"@id\":\"https:\/\/jp2doc.pl\/fr\/2021\/03\/28\/si-nous-suivons-le-christ-dans-sa-passion\/#breadcrumb\"},\"inLanguage\":\"fr-FR\",\"potentialAction\":[{\"@type\":\"ReadAction\",\"target\":[\"https:\/\/jp2doc.pl\/fr\/2021\/03\/28\/si-nous-suivons-le-christ-dans-sa-passion\/\"]}]},{\"@type\":\"ImageObject\",\"inLanguage\":\"fr-FR\",\"@id\":\"https:\/\/jp2doc.pl\/fr\/2021\/03\/28\/si-nous-suivons-le-christ-dans-sa-passion\/#primaryimage\",\"url\":\"https:\/\/jp2doc.pl\/fr\/wp-content\/uploads\/sites\/5\/2021\/03\/pro-church-media-0E_qCq-oHng-unsplash.jpg\",\"contentUrl\":\"https:\/\/jp2doc.pl\/fr\/wp-content\/uploads\/sites\/5\/2021\/03\/pro-church-media-0E_qCq-oHng-unsplash.jpg\",\"width\":1920,\"height\":1280},{\"@type\":\"BreadcrumbList\",\"@id\":\"https:\/\/jp2doc.pl\/fr\/2021\/03\/28\/si-nous-suivons-le-christ-dans-sa-passion\/#breadcrumb\",\"itemListElement\":[{\"@type\":\"ListItem\",\"position\":1,\"name\":\"Home\",\"item\":\"https:\/\/jp2doc.pl\/fr\/\"},{\"@type\":\"ListItem\",\"position\":2,\"name\":\"Si nous suivons le Christ dans sa passion\u2026\"}]},{\"@type\":\"WebSite\",\"@id\":\"https:\/\/jp2doc.pl\/fr\/#website\",\"url\":\"https:\/\/jp2doc.pl\/fr\/\",\"name\":\"Centre de Documentation et d\u2019Etude du Pontificat de Jean-Paul II \u00e0 Rome\",\"description\":\"\",\"publisher\":{\"@id\":\"https:\/\/jp2doc.pl\/fr\/#organization\"},\"potentialAction\":[{\"@type\":\"SearchAction\",\"target\":{\"@type\":\"EntryPoint\",\"urlTemplate\":\"https:\/\/jp2doc.pl\/fr\/?s={search_term_string}\"},\"query-input\":{\"@type\":\"PropertyValueSpecification\",\"valueRequired\":true,\"valueName\":\"search_term_string\"}}],\"inLanguage\":\"fr-FR\"},{\"@type\":\"Organization\",\"@id\":\"https:\/\/jp2doc.pl\/fr\/#organization\",\"name\":\"Centre de Documentation et d\u2019Etude du Pontificat de Jean-Paul II \u00e0 Rome\",\"url\":\"https:\/\/jp2doc.pl\/fr\/\",\"logo\":{\"@type\":\"ImageObject\",\"inLanguage\":\"fr-FR\",\"@id\":\"https:\/\/jp2doc.pl\/fr\/#\/schema\/logo\/image\/\",\"url\":\"https:\/\/jp2doc.pl\/fr\/wp-content\/uploads\/sites\/5\/2017\/03\/cropped-logo.png\",\"contentUrl\":\"https:\/\/jp2doc.pl\/fr\/wp-content\/uploads\/sites\/5\/2017\/03\/cropped-logo.png\",\"width\":115,\"height\":115,\"caption\":\"Centre de Documentation et d\u2019Etude du Pontificat de Jean-Paul II \u00e0 Rome\"},\"image\":{\"@id\":\"https:\/\/jp2doc.pl\/fr\/#\/schema\/logo\/image\/\"}},{\"@type\":\"Person\",\"@id\":\"https:\/\/jp2doc.pl\/fr\/#\/schema\/person\/6110109e80abb51f6fac4824777eabfe\",\"name\":\"juliasercanka\",\"image\":{\"@type\":\"ImageObject\",\"inLanguage\":\"fr-FR\",\"@id\":\"https:\/\/jp2doc.pl\/fr\/#\/schema\/person\/image\/\",\"url\":\"https:\/\/secure.gravatar.com\/avatar\/266a66e864556e22d55d61b6b10c97fab9060767b738564bcd109f3997e372bc?s=96&d=mm&r=g\",\"contentUrl\":\"https:\/\/secure.gravatar.com\/avatar\/266a66e864556e22d55d61b6b10c97fab9060767b738564bcd109f3997e372bc?s=96&d=mm&r=g\",\"caption\":\"juliasercanka\"},\"url\":\"https:\/\/jp2doc.pl\/fr\/author\/juliasercanka\/\"}]}<\/script>\n<!-- \/ Yoast SEO plugin. -->","yoast_head_json":{"title":"Si nous suivons le Christ dans sa passion\u2026 - Centre de Documentation et d\u2019Etude du Pontificat de Jean-Paul II \u00e0 Rome","robots":{"index":"index","follow":"follow","max-snippet":"max-snippet:-1","max-image-preview":"max-image-preview:large","max-video-preview":"max-video-preview:-1"},"canonical":"https:\/\/jp2doc.pl\/fr\/2021\/03\/28\/si-nous-suivons-le-christ-dans-sa-passion\/","og_locale":"fr_FR","og_type":"article","og_title":"Si nous suivons le Christ dans sa passion\u2026 - Centre de Documentation et d\u2019Etude du Pontificat de Jean-Paul II \u00e0 Rome","og_description":"Dimanche des Rameaux","og_url":"https:\/\/jp2doc.pl\/fr\/2021\/03\/28\/si-nous-suivons-le-christ-dans-sa-passion\/","og_site_name":"Centre de Documentation et d\u2019Etude du Pontificat de Jean-Paul II \u00e0 Rome","article_published_time":"2021-03-28T14:32:19+00:00","article_modified_time":"2021-03-28T14:32:20+00:00","og_image":[{"width":1920,"height":1280,"url":"https:\/\/jp2doc.pl\/fr\/wp-content\/uploads\/sites\/5\/2021\/03\/pro-church-media-0E_qCq-oHng-unsplash.jpg","type":"image\/jpeg"}],"author":"juliasercanka","twitter_card":"summary_large_image","twitter_misc":{"\u00c9crit par":"juliasercanka","Dur\u00e9e de lecture estim\u00e9e":"10 minutes"},"schema":{"@context":"https:\/\/schema.org","@graph":[{"@type":"Article","@id":"https:\/\/jp2doc.pl\/fr\/2021\/03\/28\/si-nous-suivons-le-christ-dans-sa-passion\/#article","isPartOf":{"@id":"https:\/\/jp2doc.pl\/fr\/2021\/03\/28\/si-nous-suivons-le-christ-dans-sa-passion\/"},"author":{"name":"juliasercanka","@id":"https:\/\/jp2doc.pl\/fr\/#\/schema\/person\/6110109e80abb51f6fac4824777eabfe"},"headline":"Si nous suivons le Christ dans sa passion\u2026","datePublished":"2021-03-28T14:32:19+00:00","dateModified":"2021-03-28T14:32:20+00:00","mainEntityOfPage":{"@id":"https:\/\/jp2doc.pl\/fr\/2021\/03\/28\/si-nous-suivons-le-christ-dans-sa-passion\/"},"wordCount":1983,"commentCount":0,"publisher":{"@id":"https:\/\/jp2doc.pl\/fr\/#organization"},"image":{"@id":"https:\/\/jp2doc.pl\/fr\/2021\/03\/28\/si-nous-suivons-le-christ-dans-sa-passion\/#primaryimage"},"thumbnailUrl":"https:\/\/jp2doc.pl\/fr\/wp-content\/uploads\/sites\/5\/2021\/03\/pro-church-media-0E_qCq-oHng-unsplash.jpg","articleSection":["Blog","Strona g\u0142\u00f3wna - najnowsze","Strona g\u0142\u00f3wna - slider"],"inLanguage":"fr-FR","potentialAction":[{"@type":"CommentAction","name":"Comment","target":["https:\/\/jp2doc.pl\/fr\/2021\/03\/28\/si-nous-suivons-le-christ-dans-sa-passion\/#respond"]}]},{"@type":"WebPage","@id":"https:\/\/jp2doc.pl\/fr\/2021\/03\/28\/si-nous-suivons-le-christ-dans-sa-passion\/","url":"https:\/\/jp2doc.pl\/fr\/2021\/03\/28\/si-nous-suivons-le-christ-dans-sa-passion\/","name":"Si nous suivons le Christ dans sa passion\u2026 - Centre de Documentation et d\u2019Etude du Pontificat de Jean-Paul II \u00e0 Rome","isPartOf":{"@id":"https:\/\/jp2doc.pl\/fr\/#website"},"primaryImageOfPage":{"@id":"https:\/\/jp2doc.pl\/fr\/2021\/03\/28\/si-nous-suivons-le-christ-dans-sa-passion\/#primaryimage"},"image":{"@id":"https:\/\/jp2doc.pl\/fr\/2021\/03\/28\/si-nous-suivons-le-christ-dans-sa-passion\/#primaryimage"},"thumbnailUrl":"https:\/\/jp2doc.pl\/fr\/wp-content\/uploads\/sites\/5\/2021\/03\/pro-church-media-0E_qCq-oHng-unsplash.jpg","datePublished":"2021-03-28T14:32:19+00:00","dateModified":"2021-03-28T14:32:20+00:00","breadcrumb":{"@id":"https:\/\/jp2doc.pl\/fr\/2021\/03\/28\/si-nous-suivons-le-christ-dans-sa-passion\/#breadcrumb"},"inLanguage":"fr-FR","potentialAction":[{"@type":"ReadAction","target":["https:\/\/jp2doc.pl\/fr\/2021\/03\/28\/si-nous-suivons-le-christ-dans-sa-passion\/"]}]},{"@type":"ImageObject","inLanguage":"fr-FR","@id":"https:\/\/jp2doc.pl\/fr\/2021\/03\/28\/si-nous-suivons-le-christ-dans-sa-passion\/#primaryimage","url":"https:\/\/jp2doc.pl\/fr\/wp-content\/uploads\/sites\/5\/2021\/03\/pro-church-media-0E_qCq-oHng-unsplash.jpg","contentUrl":"https:\/\/jp2doc.pl\/fr\/wp-content\/uploads\/sites\/5\/2021\/03\/pro-church-media-0E_qCq-oHng-unsplash.jpg","width":1920,"height":1280},{"@type":"BreadcrumbList","@id":"https:\/\/jp2doc.pl\/fr\/2021\/03\/28\/si-nous-suivons-le-christ-dans-sa-passion\/#breadcrumb","itemListElement":[{"@type":"ListItem","position":1,"name":"Home","item":"https:\/\/jp2doc.pl\/fr\/"},{"@type":"ListItem","position":2,"name":"Si nous suivons le Christ dans sa passion\u2026"}]},{"@type":"WebSite","@id":"https:\/\/jp2doc.pl\/fr\/#website","url":"https:\/\/jp2doc.pl\/fr\/","name":"Centre de Documentation et d\u2019Etude du Pontificat de Jean-Paul II \u00e0 Rome","description":"","publisher":{"@id":"https:\/\/jp2doc.pl\/fr\/#organization"},"potentialAction":[{"@type":"SearchAction","target":{"@type":"EntryPoint","urlTemplate":"https:\/\/jp2doc.pl\/fr\/?s={search_term_string}"},"query-input":{"@type":"PropertyValueSpecification","valueRequired":true,"valueName":"search_term_string"}}],"inLanguage":"fr-FR"},{"@type":"Organization","@id":"https:\/\/jp2doc.pl\/fr\/#organization","name":"Centre de Documentation et d\u2019Etude du Pontificat de Jean-Paul II \u00e0 Rome","url":"https:\/\/jp2doc.pl\/fr\/","logo":{"@type":"ImageObject","inLanguage":"fr-FR","@id":"https:\/\/jp2doc.pl\/fr\/#\/schema\/logo\/image\/","url":"https:\/\/jp2doc.pl\/fr\/wp-content\/uploads\/sites\/5\/2017\/03\/cropped-logo.png","contentUrl":"https:\/\/jp2doc.pl\/fr\/wp-content\/uploads\/sites\/5\/2017\/03\/cropped-logo.png","width":115,"height":115,"caption":"Centre de Documentation et d\u2019Etude du Pontificat de Jean-Paul II \u00e0 Rome"},"image":{"@id":"https:\/\/jp2doc.pl\/fr\/#\/schema\/logo\/image\/"}},{"@type":"Person","@id":"https:\/\/jp2doc.pl\/fr\/#\/schema\/person\/6110109e80abb51f6fac4824777eabfe","name":"juliasercanka","image":{"@type":"ImageObject","inLanguage":"fr-FR","@id":"https:\/\/jp2doc.pl\/fr\/#\/schema\/person\/image\/","url":"https:\/\/secure.gravatar.com\/avatar\/266a66e864556e22d55d61b6b10c97fab9060767b738564bcd109f3997e372bc?s=96&d=mm&r=g","contentUrl":"https:\/\/secure.gravatar.com\/avatar\/266a66e864556e22d55d61b6b10c97fab9060767b738564bcd109f3997e372bc?s=96&d=mm&r=g","caption":"juliasercanka"},"url":"https:\/\/jp2doc.pl\/fr\/author\/juliasercanka\/"}]}},"_links":{"self":[{"href":"https:\/\/jp2doc.pl\/fr\/wp-json\/wp\/v2\/posts\/1888","targetHints":{"allow":["GET"]}}],"collection":[{"href":"https:\/\/jp2doc.pl\/fr\/wp-json\/wp\/v2\/posts"}],"about":[{"href":"https:\/\/jp2doc.pl\/fr\/wp-json\/wp\/v2\/types\/post"}],"author":[{"embeddable":true,"href":"https:\/\/jp2doc.pl\/fr\/wp-json\/wp\/v2\/users\/5"}],"replies":[{"embeddable":true,"href":"https:\/\/jp2doc.pl\/fr\/wp-json\/wp\/v2\/comments?post=1888"}],"version-history":[{"count":1,"href":"https:\/\/jp2doc.pl\/fr\/wp-json\/wp\/v2\/posts\/1888\/revisions"}],"predecessor-version":[{"id":1890,"href":"https:\/\/jp2doc.pl\/fr\/wp-json\/wp\/v2\/posts\/1888\/revisions\/1890"}],"wp:featuredmedia":[{"embeddable":true,"href":"https:\/\/jp2doc.pl\/fr\/wp-json\/wp\/v2\/media\/1889"}],"wp:attachment":[{"href":"https:\/\/jp2doc.pl\/fr\/wp-json\/wp\/v2\/media?parent=1888"}],"wp:term":[{"taxonomy":"category","embeddable":true,"href":"https:\/\/jp2doc.pl\/fr\/wp-json\/wp\/v2\/categories?post=1888"},{"taxonomy":"post_tag","embeddable":true,"href":"https:\/\/jp2doc.pl\/fr\/wp-json\/wp\/v2\/tags?post=1888"}],"curies":[{"name":"wp","href":"https:\/\/api.w.org\/{rel}","templated":true}]}}