{"id":1891,"date":"2021-04-02T09:34:58","date_gmt":"2021-04-02T07:34:58","guid":{"rendered":"https:\/\/jp2doc.pl\/fr\/?p=1891"},"modified":"2021-04-02T09:34:59","modified_gmt":"2021-04-02T07:34:59","slug":"la-logique-du-don-de-soi","status":"publish","type":"post","link":"https:\/\/jp2doc.pl\/fr\/2021\/04\/02\/la-logique-du-don-de-soi\/","title":{"rendered":"La logique du don de soi"},"content":{"rendered":"\n<p>Ex 12,1-14\u00a0; Ps 115\u00a0; 1Co 11, 23-26\u00a0; Jn 13, 1-15<\/p>\n\n\n\n<p>Biens aim\u00e9 de\nDieu,<\/p>\n\n\n\n<p>En cette f\u00eate du\nJeudi Saint o\u00f9 nous c\u00e9l\u00e9brons la sainte C\u00e8ne, nous pouvons r\u00e9sumer le message\nde ce jour en ces mots&nbsp;: servir et se donner par amour. <\/p>\n\n\n\n<p>La C\u00e8ne se\nd\u00e9roule en deux temps. Nous avons d\u2019abord le lavement de pieds de ses disciples\net le partage du repas. Pour bien comprendre le sens de ce geste un peu\ninsolite et \u00e9mouvant que pose le Christ en lavant les pieds de sas ap\u00f4tres, il\nnous faut replacer ce r\u00e9cit dans le contexte de la c\u00e9l\u00e9bration de la p\u00e2que. Au\ntemps de J\u00e9sus, il y avait la c\u00e9l\u00e9bration de la p\u00e2que. A l\u2019\u00e9poque, on devrait\nd\u2019abord immoler l\u2019agneau dans le Temple de J\u00e9rusalem un peu dans l\u2019apr\u00e8s-midi,\nensuite, on consommait la victime au cours du repas pascal, dans toutes les\nfamilles, pendant la nuit suivante. Au cours de ce repas, le p\u00e8re de famille\nexpliquait le symbolisme des rites en retra\u00e7ant, pour ses fils, dans les\ngrandes lignes, l\u2019histoire de Dieu avec son peuple. Il devrait parl\u00e9\nessentiellement de quatre nuits les plus importantes du monde&nbsp;: la nuit de\nla cr\u00e9ation quand la lumi\u00e8re jaillit des t\u00e9n\u00e8bres (Gn1,3), la nuit du sacrifice\nd\u2019Isaac de la part d\u2019Abraham (Gn 1,3), la nuit de la sortie d\u2019\u00c9gypte (Ex\n1,17ss) et la nuit, encore attendue, de la venue du Messie (Ex 12,42). <\/p>\n\n\n\n<p>Une question \u00e0\nnous chers parents. Combien nous nous occupons encore aujourd\u2019hui de\nl\u2019\u00e9ducation de nos enfants en mati\u00e8re de la foi, de notre culture et de notre\nhistoire&nbsp;?<\/p>\n\n\n\n<p>C\u2019est dans ce\ncontexte que J\u00e9sus arrive \u00e0 J\u00e9rusalem, huit jours avant pour f\u00eater la paque. Il\nvient accomplir dans la ville sainte, les deux rites prescrits pour cette\nsolennit\u00e9&nbsp;: offrir l\u2019agneau au temple de J\u00e9rusalem, ensuite, consommer la\nvictime avec ses disciples la nuit suivante. Mais ce qui surprenant, il change\nl\u2019ordre des rites prescrits. Un jour avant le sacrifice au temple, il organise\nle repas de f\u00eate avec ses disciples, puis leur lave les pieds. Ensuite, il se\nlaisse arr\u00eater et crucifier pr\u00e9cis\u00e9ment au moment o\u00f9 l\u2019on commence \u00e0 immoler\nles agneaux pour la paque. <\/p>\n\n\n\n<p>Au cours de ce\nrepas, J\u00e9sus se donne comme corps et sang&nbsp;\nlivr\u00e9 pour ses disciples. J\u00e9sus sur la croix a \u00e9t\u00e9 immol\u00e9 pour les\nautres et pas pour lui. La f\u00eate d\u2019aujourd\u2019hui, nous rappelle non seulement\nl\u2019amour infini de Dieu envers nous, mais aussi nous invite au don de soi pour\nles autres.&nbsp; Cela se voit dans le geste\ndu lavement des pieds.<\/p>\n\n\n\n<p>En effet, chers\nfr\u00e8res et s\u0153urs, le lavement des pieds est un geste difficile \u00e0 comprendre,\ndifficile \u00e0 accepter et difficile \u00e0 imiter. En soi, ce geste exprime ce qui\nfait l\u2019essentiel de la vie et de la passion du Christ&nbsp;: il est venu pour\nservir et non pour \u00eatre servi (Mc 10,45). C\u2019est au beau milieu du repas que e\nChrist se l\u00e8ve, se met \u00e0 genoux devant ses disciples pour leur laver les pieds.\nIl se d\u00e9pouille lui-m\u00eame de ses v\u00eatements. C\u2019est ce que nous allons encore\nvivre demain, sur la croix, il sera d\u00e9pouill\u00e9 par d\u2019autres&nbsp;; comme un\nesclave, il se met aux pieds des disciples, il se fait tout petit et\nvuln\u00e9rable. En Exode 40, 31&nbsp;; le lavement de pieds, dans la culture juive,\navait le sens d\u2019une purification. Le geste de J\u00e9sus est donc une purification\nqui symbolise le service qu\u2019il rend \u00e0 l\u2019humanit\u00e9 sur la croix en la purifiant. <\/p>\n\n\n\n<p>Quand Dieu sert,\nquand il lave les pieds des cr\u00e9atures, il r\u00e9v\u00e8le le fond de son amour, de son\nc\u0153ur. Sur le calvaire, J\u00e9sus a subi une mort inflig\u00e9e par les hommes. Ici,\nJ\u00e9sus, en pleine libert\u00e9, en posant le geste de l\u2019esclave, anticipe l\u2019esclavage\nde sa mort&nbsp;; il meurt, pour ainsi dire, d\u2019avance&nbsp;; il c\u00e9l\u00e8bre sa mort\nliturgiquement, dans cet acte supr\u00eame d\u2019amour, en pr\u00e9sentant sa mort comme un\nservice rendu aux hommes. Ce qui se passera sur la croix est, quant \u00e0\nl\u2019essentiel, rendu visible par ce geste d\u2019esclave.<\/p>\n\n\n\n<p>La croix,\nl\u2019Eucharistie et le lavement des pieds r\u00e9pondent \u00e0 la m\u00eame logique, celle du\ndon de soi. En regardant le monde avec les yeux de la foi, ce qui peut paraitre\nune humiliation et une perte devient par excellence un signe d\u2019amour. Mais seuls\nceux qui savent aimer jusqu\u2019au don de soi peuvent comprendre ce langage.<\/p>\n\n\n\n<p>Demandons la\ngr\u00e2ce de savoir nous abaisser pour nous rendre plus disponibles au besoin de\nnos fr\u00e8res. Demandons la gr\u00e2ce de savoir servir, de savoir aimer comme le Christ\nl\u2019a fait. Priez pour les pr\u00eatres du monde, qu\u2019\u00e0 l\u2019exemple du Christ grand\npr\u00eatre par excellence, ils se donnent pour les autres. Que le corps et le sang\nde J\u00e9sus nous fortifie dans son amour pour sa plus grande gloire et pour le\nsalut de l\u2019humanit\u00e9.<\/p>\n\n\n\n<p><strong>Abb\u00e9 Jean Claude Ciza<\/strong><\/p>\n\n\n\n<p><em>Fot. James Coleman\/Unsplash.com<\/em><\/p>\n","protected":false},"excerpt":{"rendered":"<p>Jeudi Saint. La C\u00e8ne du Seigneur <\/p>\n","protected":false},"author":5,"featured_media":1892,"comment_status":"open","ping_status":"open","sticky":false,"template":"","format":"standard","meta":{"_acf_changed":false,"_exactmetrics_skip_tracking":false,"_exactmetrics_sitenote_active":false,"_exactmetrics_sitenote_note":"","_exactmetrics_sitenote_category":0,"footnotes":""},"categories":[4,13,14],"tags":[],"class_list":["post-1891","post","type-post","status-publish","format-standard","has-post-thumbnail","hentry","category-blog","category-strona-glowna-najnowsze","category-strona-glowna-slider"],"acf":[],"yoast_head":"<!-- This site is optimized with the Yoast SEO plugin v26.2 - https:\/\/yoast.com\/wordpress\/plugins\/seo\/ -->\n<title>La logique du don de soi - Centre de Documentation et d\u2019Etude du Pontificat de Jean-Paul II \u00e0 Rome<\/title>\n<meta name=\"robots\" content=\"index, follow, max-snippet:-1, max-image-preview:large, max-video-preview:-1\" \/>\n<link rel=\"canonical\" href=\"https:\/\/jp2doc.pl\/fr\/2021\/04\/02\/la-logique-du-don-de-soi\/\" \/>\n<meta property=\"og:locale\" content=\"fr_FR\" \/>\n<meta property=\"og:type\" content=\"article\" \/>\n<meta property=\"og:title\" content=\"La logique du don de soi - Centre de Documentation et d\u2019Etude du Pontificat de Jean-Paul II \u00e0 Rome\" \/>\n<meta property=\"og:description\" content=\"Jeudi Saint. La C\u00e8ne du Seigneur\" \/>\n<meta property=\"og:url\" content=\"https:\/\/jp2doc.pl\/fr\/2021\/04\/02\/la-logique-du-don-de-soi\/\" \/>\n<meta property=\"og:site_name\" content=\"Centre de Documentation et d\u2019Etude du Pontificat de Jean-Paul II \u00e0 Rome\" \/>\n<meta property=\"article:published_time\" content=\"2021-04-02T07:34:58+00:00\" \/>\n<meta property=\"article:modified_time\" content=\"2021-04-02T07:34:59+00:00\" \/>\n<meta property=\"og:image\" content=\"https:\/\/jp2doc.pl\/fr\/wp-content\/uploads\/sites\/5\/2021\/04\/james-coleman-dSbfYNeDeiM-unsplash.jpg\" \/>\n\t<meta property=\"og:image:width\" content=\"1920\" \/>\n\t<meta property=\"og:image:height\" content=\"1280\" \/>\n\t<meta property=\"og:image:type\" content=\"image\/jpeg\" \/>\n<meta name=\"author\" content=\"juliasercanka\" \/>\n<meta name=\"twitter:card\" content=\"summary_large_image\" \/>\n<meta name=\"twitter:label1\" content=\"\u00c9crit par\" \/>\n\t<meta name=\"twitter:data1\" content=\"juliasercanka\" \/>\n\t<meta name=\"twitter:label2\" content=\"Dur\u00e9e de lecture estim\u00e9e\" \/>\n\t<meta name=\"twitter:data2\" content=\"5 minutes\" \/>\n<script type=\"application\/ld+json\" class=\"yoast-schema-graph\">{\"@context\":\"https:\/\/schema.org\",\"@graph\":[{\"@type\":\"Article\",\"@id\":\"https:\/\/jp2doc.pl\/fr\/2021\/04\/02\/la-logique-du-don-de-soi\/#article\",\"isPartOf\":{\"@id\":\"https:\/\/jp2doc.pl\/fr\/2021\/04\/02\/la-logique-du-don-de-soi\/\"},\"author\":{\"name\":\"juliasercanka\",\"@id\":\"https:\/\/jp2doc.pl\/fr\/#\/schema\/person\/6110109e80abb51f6fac4824777eabfe\"},\"headline\":\"La logique du don de soi\",\"datePublished\":\"2021-04-02T07:34:58+00:00\",\"dateModified\":\"2021-04-02T07:34:59+00:00\",\"mainEntityOfPage\":{\"@id\":\"https:\/\/jp2doc.pl\/fr\/2021\/04\/02\/la-logique-du-don-de-soi\/\"},\"wordCount\":911,\"commentCount\":0,\"publisher\":{\"@id\":\"https:\/\/jp2doc.pl\/fr\/#organization\"},\"image\":{\"@id\":\"https:\/\/jp2doc.pl\/fr\/2021\/04\/02\/la-logique-du-don-de-soi\/#primaryimage\"},\"thumbnailUrl\":\"https:\/\/jp2doc.pl\/fr\/wp-content\/uploads\/sites\/5\/2021\/04\/james-coleman-dSbfYNeDeiM-unsplash.jpg\",\"articleSection\":[\"Blog\",\"Strona g\u0142\u00f3wna - najnowsze\",\"Strona g\u0142\u00f3wna - slider\"],\"inLanguage\":\"fr-FR\",\"potentialAction\":[{\"@type\":\"CommentAction\",\"name\":\"Comment\",\"target\":[\"https:\/\/jp2doc.pl\/fr\/2021\/04\/02\/la-logique-du-don-de-soi\/#respond\"]}]},{\"@type\":\"WebPage\",\"@id\":\"https:\/\/jp2doc.pl\/fr\/2021\/04\/02\/la-logique-du-don-de-soi\/\",\"url\":\"https:\/\/jp2doc.pl\/fr\/2021\/04\/02\/la-logique-du-don-de-soi\/\",\"name\":\"La logique du don de soi - Centre de Documentation et d\u2019Etude du Pontificat de Jean-Paul II \u00e0 Rome\",\"isPartOf\":{\"@id\":\"https:\/\/jp2doc.pl\/fr\/#website\"},\"primaryImageOfPage\":{\"@id\":\"https:\/\/jp2doc.pl\/fr\/2021\/04\/02\/la-logique-du-don-de-soi\/#primaryimage\"},\"image\":{\"@id\":\"https:\/\/jp2doc.pl\/fr\/2021\/04\/02\/la-logique-du-don-de-soi\/#primaryimage\"},\"thumbnailUrl\":\"https:\/\/jp2doc.pl\/fr\/wp-content\/uploads\/sites\/5\/2021\/04\/james-coleman-dSbfYNeDeiM-unsplash.jpg\",\"datePublished\":\"2021-04-02T07:34:58+00:00\",\"dateModified\":\"2021-04-02T07:34:59+00:00\",\"breadcrumb\":{\"@id\":\"https:\/\/jp2doc.pl\/fr\/2021\/04\/02\/la-logique-du-don-de-soi\/#breadcrumb\"},\"inLanguage\":\"fr-FR\",\"potentialAction\":[{\"@type\":\"ReadAction\",\"target\":[\"https:\/\/jp2doc.pl\/fr\/2021\/04\/02\/la-logique-du-don-de-soi\/\"]}]},{\"@type\":\"ImageObject\",\"inLanguage\":\"fr-FR\",\"@id\":\"https:\/\/jp2doc.pl\/fr\/2021\/04\/02\/la-logique-du-don-de-soi\/#primaryimage\",\"url\":\"https:\/\/jp2doc.pl\/fr\/wp-content\/uploads\/sites\/5\/2021\/04\/james-coleman-dSbfYNeDeiM-unsplash.jpg\",\"contentUrl\":\"https:\/\/jp2doc.pl\/fr\/wp-content\/uploads\/sites\/5\/2021\/04\/james-coleman-dSbfYNeDeiM-unsplash.jpg\",\"width\":1920,\"height\":1280},{\"@type\":\"BreadcrumbList\",\"@id\":\"https:\/\/jp2doc.pl\/fr\/2021\/04\/02\/la-logique-du-don-de-soi\/#breadcrumb\",\"itemListElement\":[{\"@type\":\"ListItem\",\"position\":1,\"name\":\"Home\",\"item\":\"https:\/\/jp2doc.pl\/fr\/\"},{\"@type\":\"ListItem\",\"position\":2,\"name\":\"La logique du don de soi\"}]},{\"@type\":\"WebSite\",\"@id\":\"https:\/\/jp2doc.pl\/fr\/#website\",\"url\":\"https:\/\/jp2doc.pl\/fr\/\",\"name\":\"Centre de Documentation et d\u2019Etude du Pontificat de Jean-Paul II \u00e0 Rome\",\"description\":\"\",\"publisher\":{\"@id\":\"https:\/\/jp2doc.pl\/fr\/#organization\"},\"potentialAction\":[{\"@type\":\"SearchAction\",\"target\":{\"@type\":\"EntryPoint\",\"urlTemplate\":\"https:\/\/jp2doc.pl\/fr\/?s={search_term_string}\"},\"query-input\":{\"@type\":\"PropertyValueSpecification\",\"valueRequired\":true,\"valueName\":\"search_term_string\"}}],\"inLanguage\":\"fr-FR\"},{\"@type\":\"Organization\",\"@id\":\"https:\/\/jp2doc.pl\/fr\/#organization\",\"name\":\"Centre de Documentation et d\u2019Etude du Pontificat de Jean-Paul II \u00e0 Rome\",\"url\":\"https:\/\/jp2doc.pl\/fr\/\",\"logo\":{\"@type\":\"ImageObject\",\"inLanguage\":\"fr-FR\",\"@id\":\"https:\/\/jp2doc.pl\/fr\/#\/schema\/logo\/image\/\",\"url\":\"https:\/\/jp2doc.pl\/fr\/wp-content\/uploads\/sites\/5\/2017\/03\/cropped-logo.png\",\"contentUrl\":\"https:\/\/jp2doc.pl\/fr\/wp-content\/uploads\/sites\/5\/2017\/03\/cropped-logo.png\",\"width\":115,\"height\":115,\"caption\":\"Centre de Documentation et d\u2019Etude du Pontificat de Jean-Paul II \u00e0 Rome\"},\"image\":{\"@id\":\"https:\/\/jp2doc.pl\/fr\/#\/schema\/logo\/image\/\"}},{\"@type\":\"Person\",\"@id\":\"https:\/\/jp2doc.pl\/fr\/#\/schema\/person\/6110109e80abb51f6fac4824777eabfe\",\"name\":\"juliasercanka\",\"image\":{\"@type\":\"ImageObject\",\"inLanguage\":\"fr-FR\",\"@id\":\"https:\/\/jp2doc.pl\/fr\/#\/schema\/person\/image\/\",\"url\":\"https:\/\/secure.gravatar.com\/avatar\/266a66e864556e22d55d61b6b10c97fab9060767b738564bcd109f3997e372bc?s=96&d=mm&r=g\",\"contentUrl\":\"https:\/\/secure.gravatar.com\/avatar\/266a66e864556e22d55d61b6b10c97fab9060767b738564bcd109f3997e372bc?s=96&d=mm&r=g\",\"caption\":\"juliasercanka\"},\"url\":\"https:\/\/jp2doc.pl\/fr\/author\/juliasercanka\/\"}]}<\/script>\n<!-- \/ Yoast SEO plugin. -->","yoast_head_json":{"title":"La logique du don de soi - Centre de Documentation et d\u2019Etude du Pontificat de Jean-Paul II \u00e0 Rome","robots":{"index":"index","follow":"follow","max-snippet":"max-snippet:-1","max-image-preview":"max-image-preview:large","max-video-preview":"max-video-preview:-1"},"canonical":"https:\/\/jp2doc.pl\/fr\/2021\/04\/02\/la-logique-du-don-de-soi\/","og_locale":"fr_FR","og_type":"article","og_title":"La logique du don de soi - Centre de Documentation et d\u2019Etude du Pontificat de Jean-Paul II \u00e0 Rome","og_description":"Jeudi Saint. La C\u00e8ne du Seigneur","og_url":"https:\/\/jp2doc.pl\/fr\/2021\/04\/02\/la-logique-du-don-de-soi\/","og_site_name":"Centre de Documentation et d\u2019Etude du Pontificat de Jean-Paul II \u00e0 Rome","article_published_time":"2021-04-02T07:34:58+00:00","article_modified_time":"2021-04-02T07:34:59+00:00","og_image":[{"width":1920,"height":1280,"url":"https:\/\/jp2doc.pl\/fr\/wp-content\/uploads\/sites\/5\/2021\/04\/james-coleman-dSbfYNeDeiM-unsplash.jpg","type":"image\/jpeg"}],"author":"juliasercanka","twitter_card":"summary_large_image","twitter_misc":{"\u00c9crit par":"juliasercanka","Dur\u00e9e de lecture estim\u00e9e":"5 minutes"},"schema":{"@context":"https:\/\/schema.org","@graph":[{"@type":"Article","@id":"https:\/\/jp2doc.pl\/fr\/2021\/04\/02\/la-logique-du-don-de-soi\/#article","isPartOf":{"@id":"https:\/\/jp2doc.pl\/fr\/2021\/04\/02\/la-logique-du-don-de-soi\/"},"author":{"name":"juliasercanka","@id":"https:\/\/jp2doc.pl\/fr\/#\/schema\/person\/6110109e80abb51f6fac4824777eabfe"},"headline":"La logique du don de soi","datePublished":"2021-04-02T07:34:58+00:00","dateModified":"2021-04-02T07:34:59+00:00","mainEntityOfPage":{"@id":"https:\/\/jp2doc.pl\/fr\/2021\/04\/02\/la-logique-du-don-de-soi\/"},"wordCount":911,"commentCount":0,"publisher":{"@id":"https:\/\/jp2doc.pl\/fr\/#organization"},"image":{"@id":"https:\/\/jp2doc.pl\/fr\/2021\/04\/02\/la-logique-du-don-de-soi\/#primaryimage"},"thumbnailUrl":"https:\/\/jp2doc.pl\/fr\/wp-content\/uploads\/sites\/5\/2021\/04\/james-coleman-dSbfYNeDeiM-unsplash.jpg","articleSection":["Blog","Strona g\u0142\u00f3wna - najnowsze","Strona g\u0142\u00f3wna - slider"],"inLanguage":"fr-FR","potentialAction":[{"@type":"CommentAction","name":"Comment","target":["https:\/\/jp2doc.pl\/fr\/2021\/04\/02\/la-logique-du-don-de-soi\/#respond"]}]},{"@type":"WebPage","@id":"https:\/\/jp2doc.pl\/fr\/2021\/04\/02\/la-logique-du-don-de-soi\/","url":"https:\/\/jp2doc.pl\/fr\/2021\/04\/02\/la-logique-du-don-de-soi\/","name":"La logique du don de soi - Centre de Documentation et d\u2019Etude du Pontificat de Jean-Paul II \u00e0 Rome","isPartOf":{"@id":"https:\/\/jp2doc.pl\/fr\/#website"},"primaryImageOfPage":{"@id":"https:\/\/jp2doc.pl\/fr\/2021\/04\/02\/la-logique-du-don-de-soi\/#primaryimage"},"image":{"@id":"https:\/\/jp2doc.pl\/fr\/2021\/04\/02\/la-logique-du-don-de-soi\/#primaryimage"},"thumbnailUrl":"https:\/\/jp2doc.pl\/fr\/wp-content\/uploads\/sites\/5\/2021\/04\/james-coleman-dSbfYNeDeiM-unsplash.jpg","datePublished":"2021-04-02T07:34:58+00:00","dateModified":"2021-04-02T07:34:59+00:00","breadcrumb":{"@id":"https:\/\/jp2doc.pl\/fr\/2021\/04\/02\/la-logique-du-don-de-soi\/#breadcrumb"},"inLanguage":"fr-FR","potentialAction":[{"@type":"ReadAction","target":["https:\/\/jp2doc.pl\/fr\/2021\/04\/02\/la-logique-du-don-de-soi\/"]}]},{"@type":"ImageObject","inLanguage":"fr-FR","@id":"https:\/\/jp2doc.pl\/fr\/2021\/04\/02\/la-logique-du-don-de-soi\/#primaryimage","url":"https:\/\/jp2doc.pl\/fr\/wp-content\/uploads\/sites\/5\/2021\/04\/james-coleman-dSbfYNeDeiM-unsplash.jpg","contentUrl":"https:\/\/jp2doc.pl\/fr\/wp-content\/uploads\/sites\/5\/2021\/04\/james-coleman-dSbfYNeDeiM-unsplash.jpg","width":1920,"height":1280},{"@type":"BreadcrumbList","@id":"https:\/\/jp2doc.pl\/fr\/2021\/04\/02\/la-logique-du-don-de-soi\/#breadcrumb","itemListElement":[{"@type":"ListItem","position":1,"name":"Home","item":"https:\/\/jp2doc.pl\/fr\/"},{"@type":"ListItem","position":2,"name":"La logique du don de soi"}]},{"@type":"WebSite","@id":"https:\/\/jp2doc.pl\/fr\/#website","url":"https:\/\/jp2doc.pl\/fr\/","name":"Centre de Documentation et d\u2019Etude du Pontificat de Jean-Paul II \u00e0 Rome","description":"","publisher":{"@id":"https:\/\/jp2doc.pl\/fr\/#organization"},"potentialAction":[{"@type":"SearchAction","target":{"@type":"EntryPoint","urlTemplate":"https:\/\/jp2doc.pl\/fr\/?s={search_term_string}"},"query-input":{"@type":"PropertyValueSpecification","valueRequired":true,"valueName":"search_term_string"}}],"inLanguage":"fr-FR"},{"@type":"Organization","@id":"https:\/\/jp2doc.pl\/fr\/#organization","name":"Centre de Documentation et d\u2019Etude du Pontificat de Jean-Paul II \u00e0 Rome","url":"https:\/\/jp2doc.pl\/fr\/","logo":{"@type":"ImageObject","inLanguage":"fr-FR","@id":"https:\/\/jp2doc.pl\/fr\/#\/schema\/logo\/image\/","url":"https:\/\/jp2doc.pl\/fr\/wp-content\/uploads\/sites\/5\/2017\/03\/cropped-logo.png","contentUrl":"https:\/\/jp2doc.pl\/fr\/wp-content\/uploads\/sites\/5\/2017\/03\/cropped-logo.png","width":115,"height":115,"caption":"Centre de Documentation et d\u2019Etude du Pontificat de Jean-Paul II \u00e0 Rome"},"image":{"@id":"https:\/\/jp2doc.pl\/fr\/#\/schema\/logo\/image\/"}},{"@type":"Person","@id":"https:\/\/jp2doc.pl\/fr\/#\/schema\/person\/6110109e80abb51f6fac4824777eabfe","name":"juliasercanka","image":{"@type":"ImageObject","inLanguage":"fr-FR","@id":"https:\/\/jp2doc.pl\/fr\/#\/schema\/person\/image\/","url":"https:\/\/secure.gravatar.com\/avatar\/266a66e864556e22d55d61b6b10c97fab9060767b738564bcd109f3997e372bc?s=96&d=mm&r=g","contentUrl":"https:\/\/secure.gravatar.com\/avatar\/266a66e864556e22d55d61b6b10c97fab9060767b738564bcd109f3997e372bc?s=96&d=mm&r=g","caption":"juliasercanka"},"url":"https:\/\/jp2doc.pl\/fr\/author\/juliasercanka\/"}]}},"_links":{"self":[{"href":"https:\/\/jp2doc.pl\/fr\/wp-json\/wp\/v2\/posts\/1891","targetHints":{"allow":["GET"]}}],"collection":[{"href":"https:\/\/jp2doc.pl\/fr\/wp-json\/wp\/v2\/posts"}],"about":[{"href":"https:\/\/jp2doc.pl\/fr\/wp-json\/wp\/v2\/types\/post"}],"author":[{"embeddable":true,"href":"https:\/\/jp2doc.pl\/fr\/wp-json\/wp\/v2\/users\/5"}],"replies":[{"embeddable":true,"href":"https:\/\/jp2doc.pl\/fr\/wp-json\/wp\/v2\/comments?post=1891"}],"version-history":[{"count":2,"href":"https:\/\/jp2doc.pl\/fr\/wp-json\/wp\/v2\/posts\/1891\/revisions"}],"predecessor-version":[{"id":1894,"href":"https:\/\/jp2doc.pl\/fr\/wp-json\/wp\/v2\/posts\/1891\/revisions\/1894"}],"wp:featuredmedia":[{"embeddable":true,"href":"https:\/\/jp2doc.pl\/fr\/wp-json\/wp\/v2\/media\/1892"}],"wp:attachment":[{"href":"https:\/\/jp2doc.pl\/fr\/wp-json\/wp\/v2\/media?parent=1891"}],"wp:term":[{"taxonomy":"category","embeddable":true,"href":"https:\/\/jp2doc.pl\/fr\/wp-json\/wp\/v2\/categories?post=1891"},{"taxonomy":"post_tag","embeddable":true,"href":"https:\/\/jp2doc.pl\/fr\/wp-json\/wp\/v2\/tags?post=1891"}],"curies":[{"name":"wp","href":"https:\/\/api.w.org\/{rel}","templated":true}]}}