{"id":1895,"date":"2021-04-04T15:19:01","date_gmt":"2021-04-04T13:19:01","guid":{"rendered":"https:\/\/jp2doc.pl\/fr\/?p=1895"},"modified":"2021-04-04T15:19:02","modified_gmt":"2021-04-04T13:19:02","slug":"la-joie-que-le-christ-ressuscite-met-en-nous","status":"publish","type":"post","link":"https:\/\/jp2doc.pl\/fr\/2021\/04\/04\/la-joie-que-le-christ-ressuscite-met-en-nous\/","title":{"rendered":"La joie que le Christ ressuscit\u00e9 met en nous"},"content":{"rendered":"\n<p>Ac 10,34a, 37-43\u00a0; Col 3, 1-4\u00a0; Jn 20, 1-9<\/p>\n\n\n\n<p>En ce dimanche de\nP\u00e2ques, nous c\u00e9l\u00e9brons avec tous les chr\u00e9tiens la R\u00e9surrection de notre\nSeigneur J\u00e9sus-Christ. Il s\u2019agit de la victoire de la vie sur la mort et le\np\u00e9ch\u00e9.<\/p>\n\n\n\n<p>Dans la premi\u00e8re\nlecture, il s\u2019agit du discours de Pierre chez un officier de l\u2019arm\u00e9e Romaine.\nCe Pierre que nous avons vu peureux jusqu\u2019\u00e0 renier son maitre au moment de la\npassion, c\u2019est bien lui qui se tient au milieu de la foule&nbsp;; devant la\nr\u00e9sidence de Pilate et de ses soldats. Le m\u00eame Pilate qui avait condamn\u00e9 J\u00e9sus\n\u00e0 mort. C\u2019est l\u00e0 qu\u2019il ose proclamer la bonne nouvelle de la r\u00e9surrection avec\nun courage sans pareil. Il passe de la peur au z\u00e8le&nbsp;: \u00ab&nbsp;celui qu\u2019ils\nont supprim\u00e9 en le suspendant au bois de la croix, Dieu l\u2019a ressuscit\u00e9 le\ntroisi\u00e8me jour&nbsp;\u00bb. Tel est le r\u00e9sum\u00e9 du message de Pierre.&nbsp;<\/p>\n\n\n\n<p>On est en pr\u00e9sence\nd\u2019un Pierre transform\u00e9. Comme lui, nous chr\u00e9tiens d\u2019aujourd\u2019hui, nous avons \u00e0\nrendre compte de notre foi. Que la R\u00e9surrection du Christ ne nous laisse pas\ncomme avant&nbsp;; qu\u2019elle apporte une transformation dans la vie de chacun de\nnous et nous pousse \u00e0 proclamer notre foi avec courage, fiert\u00e9, sans peur ni\ng\u00eane devant le monde.<\/p>\n\n\n\n<p>Par ailleurs, tout\ncela se passe chez un centurion romain, donc chez un pa\u00efen. C\u2019est une mani\u00e8re\nde dire que le salut que le Christ apporte \u00e0 l\u2019humanit\u00e9, est offert \u00e0 tous,\nm\u00eame \u00e0 ceux qui sont tr\u00e8s loin de la foi. Dieu n\u2019exclut personne. Quelle que\nsoit sa nation, sa langue, chacun peut recevoir le salut sans la mesure o\u00f9 il\naccueille l\u2019\u00c9vangile. La bonne nouvelle doit \u00eatre proclam\u00e9e au monde entier.\nC\u2019est pour tous que le Christ a donn\u00e9 sa vie sur la croix.<\/p>\n\n\n\n<p>Dans la deuxi\u00e8me\nlecture, l\u2019Ap\u00f4tre Paul nous exhorte \u00e0 \u00ab&nbsp;chercher les choses d\u2019en haut et\nnon celles de la terre&nbsp;\u00bb. Cela ne veut pas dire qu\u2019il faut abandonner le\nmonde, le m\u00e9priser, ni passer sa journ\u00e9e \u00e0 regarder vers le ciel. Il s\u2019agit\npour nous de fixer notre regard vers le Christ \u00e0 m\u00e9diter le deuxi\u00e8me myst\u00e8re\nglorieux. En effet, le biens de la terre sont n\u00e9cessaires pour notre existence\ndigne, mais que cela ne soit pas une source de distraction en nous faisant\noublier que nous sommes qu\u2019en transit, des gens de passage et que notre\nv\u00e9ritable patrie c\u2019est le ciel. Pensons \u00e0 pr\u00e9parer notre rencontre avec le\nChrist dans la patrie c\u00e9leste o\u00f9 il nous a pr\u00e9c\u00e9d\u00e9s, et o\u00f9 nous serons jug\u00e9s\nsur l\u2019amour du prochain&nbsp;: \u00ab&nbsp;au soir de notre vie, nous serons jug\u00e9s\nsur l\u2019amour&nbsp;\u00bb.<\/p>\n\n\n\n<p>Dans l\u2019\u00e9vangile, un\nseul message retentit&nbsp;: \u00ab&nbsp;le Christ est ressuscit\u00e9&nbsp;!&nbsp;\u00bb\nsoyons porteurs de cette bonne nouvelle. Cette joie que le Christ ressuscit\u00e9\nmet en nous, il nous faut la rayonner et la communiquer autour de nous. Comme\nles ap\u00f4tres et de nombreux t\u00e9moins qui ont suivi tout au long des si\u00e8cles, Le\nseigneur compte sur nous pour \u00eatre porteurs de vie et de joie. Le christ\nressuscit\u00e9 nous invite \u00e0 vivre pleinement d\u00e8s maintenant \u00e0 sortir de nos\ntombeaux, de nos d\u00e9couragements, de nos craintes et nos peurs. Ils sont\nnombreux ceux et celles qui luttent contre la maladie, la souffrance physique\nou morale, le d\u00e9sespoir. Ils ont besoin de nous pour retrouver le go\u00fbt de\nvivre. Notre attention et notre amiti\u00e9 ne doivent pas oublier ceux et celles\nque la vie \u00e9crase. Nous pensons aujourd\u2019hui \u00e0 tous ceux et celles qui vivent\nune situation dramatique \u00e0 cause de la pand\u00e9mie. Nous pensons \u00e9galement \u00e0\ntoutes les victimes de la haine et de la violence&nbsp;; particuli\u00e8rement dans\nles pays o\u00f9 la guerre fait la loi. Je vous invite \u00e0 avoir une pens\u00e9e pour eux\nen ce jour o\u00f9 nous c\u00e9l\u00e9brons la victoire de la vie sur la mort.<\/p>\n\n\n\n<p>Que J\u00e9sus\nressuscit\u00e9, nous donne le courage des ap\u00f4tres et celui des femmes qui ont bris\u00e9\nle silence de la mort, la peur de la mort pour aller annoncer la bonne\nnouvelle.<\/p>\n\n\n\n<p>J\u00e9sus tu es\nressuscit\u00e9, All\u00e9luia, pour qu\u2019avec toi nous revivions, All\u00e9luia. <\/p>\n\n\n\n<p>Bonne F\u00eate de P\u00e2ques\n\u00e0 tous et \u00e0 chacun&nbsp;!<\/p>\n\n\n\n<p><strong>Abb\u00e9 Jean Claude CIZA<\/strong><\/p>\n\n\n\n<p><em>Fot. Joshua Eckstein\/Unsplash.com<\/em><\/p>\n","protected":false},"excerpt":{"rendered":"<p>Dimanche de P\u00e2ques<\/p>\n","protected":false},"author":5,"featured_media":1896,"comment_status":"open","ping_status":"open","sticky":false,"template":"","format":"standard","meta":{"_acf_changed":false,"_exactmetrics_skip_tracking":false,"_exactmetrics_sitenote_active":false,"_exactmetrics_sitenote_note":"","_exactmetrics_sitenote_category":0,"footnotes":""},"categories":[4,13,14],"tags":[],"class_list":["post-1895","post","type-post","status-publish","format-standard","has-post-thumbnail","hentry","category-blog","category-strona-glowna-najnowsze","category-strona-glowna-slider"],"acf":[],"yoast_head":"<!-- This site is optimized with the Yoast SEO plugin v26.2 - https:\/\/yoast.com\/wordpress\/plugins\/seo\/ -->\n<title>La joie que le Christ ressuscit\u00e9 met en nous - Centre de Documentation et d\u2019Etude du Pontificat de Jean-Paul II \u00e0 Rome<\/title>\n<meta name=\"robots\" content=\"index, follow, max-snippet:-1, max-image-preview:large, max-video-preview:-1\" \/>\n<link rel=\"canonical\" href=\"https:\/\/jp2doc.pl\/fr\/2021\/04\/04\/la-joie-que-le-christ-ressuscite-met-en-nous\/\" \/>\n<meta property=\"og:locale\" content=\"fr_FR\" \/>\n<meta property=\"og:type\" content=\"article\" \/>\n<meta property=\"og:title\" content=\"La joie que le Christ ressuscit\u00e9 met en nous - Centre de Documentation et d\u2019Etude du Pontificat de Jean-Paul II \u00e0 Rome\" \/>\n<meta property=\"og:description\" content=\"Dimanche de P\u00e2ques\" \/>\n<meta property=\"og:url\" content=\"https:\/\/jp2doc.pl\/fr\/2021\/04\/04\/la-joie-que-le-christ-ressuscite-met-en-nous\/\" \/>\n<meta property=\"og:site_name\" content=\"Centre de Documentation et d\u2019Etude du Pontificat de Jean-Paul II \u00e0 Rome\" \/>\n<meta property=\"article:published_time\" content=\"2021-04-04T13:19:01+00:00\" \/>\n<meta property=\"article:modified_time\" content=\"2021-04-04T13:19:02+00:00\" \/>\n<meta property=\"og:image\" content=\"https:\/\/jp2doc.pl\/fr\/wp-content\/uploads\/sites\/5\/2021\/04\/joshua-eckstein-S84mDHGATw0-unsplash.jpg\" \/>\n\t<meta property=\"og:image:width\" content=\"1920\" \/>\n\t<meta property=\"og:image:height\" content=\"1280\" \/>\n\t<meta property=\"og:image:type\" content=\"image\/jpeg\" \/>\n<meta name=\"author\" content=\"juliasercanka\" \/>\n<meta name=\"twitter:card\" content=\"summary_large_image\" \/>\n<meta name=\"twitter:label1\" content=\"\u00c9crit par\" \/>\n\t<meta name=\"twitter:data1\" content=\"juliasercanka\" \/>\n\t<meta name=\"twitter:label2\" content=\"Dur\u00e9e de lecture estim\u00e9e\" \/>\n\t<meta name=\"twitter:data2\" content=\"4 minutes\" \/>\n<script type=\"application\/ld+json\" class=\"yoast-schema-graph\">{\"@context\":\"https:\/\/schema.org\",\"@graph\":[{\"@type\":\"Article\",\"@id\":\"https:\/\/jp2doc.pl\/fr\/2021\/04\/04\/la-joie-que-le-christ-ressuscite-met-en-nous\/#article\",\"isPartOf\":{\"@id\":\"https:\/\/jp2doc.pl\/fr\/2021\/04\/04\/la-joie-que-le-christ-ressuscite-met-en-nous\/\"},\"author\":{\"name\":\"juliasercanka\",\"@id\":\"https:\/\/jp2doc.pl\/fr\/#\/schema\/person\/6110109e80abb51f6fac4824777eabfe\"},\"headline\":\"La joie que le Christ ressuscit\u00e9 met en nous\",\"datePublished\":\"2021-04-04T13:19:01+00:00\",\"dateModified\":\"2021-04-04T13:19:02+00:00\",\"mainEntityOfPage\":{\"@id\":\"https:\/\/jp2doc.pl\/fr\/2021\/04\/04\/la-joie-que-le-christ-ressuscite-met-en-nous\/\"},\"wordCount\":786,\"commentCount\":0,\"publisher\":{\"@id\":\"https:\/\/jp2doc.pl\/fr\/#organization\"},\"image\":{\"@id\":\"https:\/\/jp2doc.pl\/fr\/2021\/04\/04\/la-joie-que-le-christ-ressuscite-met-en-nous\/#primaryimage\"},\"thumbnailUrl\":\"https:\/\/jp2doc.pl\/fr\/wp-content\/uploads\/sites\/5\/2021\/04\/joshua-eckstein-S84mDHGATw0-unsplash.jpg\",\"articleSection\":[\"Blog\",\"Strona g\u0142\u00f3wna - najnowsze\",\"Strona g\u0142\u00f3wna - slider\"],\"inLanguage\":\"fr-FR\",\"potentialAction\":[{\"@type\":\"CommentAction\",\"name\":\"Comment\",\"target\":[\"https:\/\/jp2doc.pl\/fr\/2021\/04\/04\/la-joie-que-le-christ-ressuscite-met-en-nous\/#respond\"]}]},{\"@type\":\"WebPage\",\"@id\":\"https:\/\/jp2doc.pl\/fr\/2021\/04\/04\/la-joie-que-le-christ-ressuscite-met-en-nous\/\",\"url\":\"https:\/\/jp2doc.pl\/fr\/2021\/04\/04\/la-joie-que-le-christ-ressuscite-met-en-nous\/\",\"name\":\"La joie que le Christ ressuscit\u00e9 met en nous - Centre de Documentation et d\u2019Etude du Pontificat de Jean-Paul II \u00e0 Rome\",\"isPartOf\":{\"@id\":\"https:\/\/jp2doc.pl\/fr\/#website\"},\"primaryImageOfPage\":{\"@id\":\"https:\/\/jp2doc.pl\/fr\/2021\/04\/04\/la-joie-que-le-christ-ressuscite-met-en-nous\/#primaryimage\"},\"image\":{\"@id\":\"https:\/\/jp2doc.pl\/fr\/2021\/04\/04\/la-joie-que-le-christ-ressuscite-met-en-nous\/#primaryimage\"},\"thumbnailUrl\":\"https:\/\/jp2doc.pl\/fr\/wp-content\/uploads\/sites\/5\/2021\/04\/joshua-eckstein-S84mDHGATw0-unsplash.jpg\",\"datePublished\":\"2021-04-04T13:19:01+00:00\",\"dateModified\":\"2021-04-04T13:19:02+00:00\",\"breadcrumb\":{\"@id\":\"https:\/\/jp2doc.pl\/fr\/2021\/04\/04\/la-joie-que-le-christ-ressuscite-met-en-nous\/#breadcrumb\"},\"inLanguage\":\"fr-FR\",\"potentialAction\":[{\"@type\":\"ReadAction\",\"target\":[\"https:\/\/jp2doc.pl\/fr\/2021\/04\/04\/la-joie-que-le-christ-ressuscite-met-en-nous\/\"]}]},{\"@type\":\"ImageObject\",\"inLanguage\":\"fr-FR\",\"@id\":\"https:\/\/jp2doc.pl\/fr\/2021\/04\/04\/la-joie-que-le-christ-ressuscite-met-en-nous\/#primaryimage\",\"url\":\"https:\/\/jp2doc.pl\/fr\/wp-content\/uploads\/sites\/5\/2021\/04\/joshua-eckstein-S84mDHGATw0-unsplash.jpg\",\"contentUrl\":\"https:\/\/jp2doc.pl\/fr\/wp-content\/uploads\/sites\/5\/2021\/04\/joshua-eckstein-S84mDHGATw0-unsplash.jpg\",\"width\":1920,\"height\":1280},{\"@type\":\"BreadcrumbList\",\"@id\":\"https:\/\/jp2doc.pl\/fr\/2021\/04\/04\/la-joie-que-le-christ-ressuscite-met-en-nous\/#breadcrumb\",\"itemListElement\":[{\"@type\":\"ListItem\",\"position\":1,\"name\":\"Home\",\"item\":\"https:\/\/jp2doc.pl\/fr\/\"},{\"@type\":\"ListItem\",\"position\":2,\"name\":\"La joie que le Christ ressuscit\u00e9 met en nous\"}]},{\"@type\":\"WebSite\",\"@id\":\"https:\/\/jp2doc.pl\/fr\/#website\",\"url\":\"https:\/\/jp2doc.pl\/fr\/\",\"name\":\"Centre de Documentation et d\u2019Etude du Pontificat de Jean-Paul II \u00e0 Rome\",\"description\":\"\",\"publisher\":{\"@id\":\"https:\/\/jp2doc.pl\/fr\/#organization\"},\"potentialAction\":[{\"@type\":\"SearchAction\",\"target\":{\"@type\":\"EntryPoint\",\"urlTemplate\":\"https:\/\/jp2doc.pl\/fr\/?s={search_term_string}\"},\"query-input\":{\"@type\":\"PropertyValueSpecification\",\"valueRequired\":true,\"valueName\":\"search_term_string\"}}],\"inLanguage\":\"fr-FR\"},{\"@type\":\"Organization\",\"@id\":\"https:\/\/jp2doc.pl\/fr\/#organization\",\"name\":\"Centre de Documentation et d\u2019Etude du Pontificat de Jean-Paul II \u00e0 Rome\",\"url\":\"https:\/\/jp2doc.pl\/fr\/\",\"logo\":{\"@type\":\"ImageObject\",\"inLanguage\":\"fr-FR\",\"@id\":\"https:\/\/jp2doc.pl\/fr\/#\/schema\/logo\/image\/\",\"url\":\"https:\/\/jp2doc.pl\/fr\/wp-content\/uploads\/sites\/5\/2017\/03\/cropped-logo.png\",\"contentUrl\":\"https:\/\/jp2doc.pl\/fr\/wp-content\/uploads\/sites\/5\/2017\/03\/cropped-logo.png\",\"width\":115,\"height\":115,\"caption\":\"Centre de Documentation et d\u2019Etude du Pontificat de Jean-Paul II \u00e0 Rome\"},\"image\":{\"@id\":\"https:\/\/jp2doc.pl\/fr\/#\/schema\/logo\/image\/\"}},{\"@type\":\"Person\",\"@id\":\"https:\/\/jp2doc.pl\/fr\/#\/schema\/person\/6110109e80abb51f6fac4824777eabfe\",\"name\":\"juliasercanka\",\"image\":{\"@type\":\"ImageObject\",\"inLanguage\":\"fr-FR\",\"@id\":\"https:\/\/jp2doc.pl\/fr\/#\/schema\/person\/image\/\",\"url\":\"https:\/\/secure.gravatar.com\/avatar\/266a66e864556e22d55d61b6b10c97fab9060767b738564bcd109f3997e372bc?s=96&d=mm&r=g\",\"contentUrl\":\"https:\/\/secure.gravatar.com\/avatar\/266a66e864556e22d55d61b6b10c97fab9060767b738564bcd109f3997e372bc?s=96&d=mm&r=g\",\"caption\":\"juliasercanka\"},\"url\":\"https:\/\/jp2doc.pl\/fr\/author\/juliasercanka\/\"}]}<\/script>\n<!-- \/ Yoast SEO plugin. -->","yoast_head_json":{"title":"La joie que le Christ ressuscit\u00e9 met en nous - Centre de Documentation et d\u2019Etude du Pontificat de Jean-Paul II \u00e0 Rome","robots":{"index":"index","follow":"follow","max-snippet":"max-snippet:-1","max-image-preview":"max-image-preview:large","max-video-preview":"max-video-preview:-1"},"canonical":"https:\/\/jp2doc.pl\/fr\/2021\/04\/04\/la-joie-que-le-christ-ressuscite-met-en-nous\/","og_locale":"fr_FR","og_type":"article","og_title":"La joie que le Christ ressuscit\u00e9 met en nous - Centre de Documentation et d\u2019Etude du Pontificat de Jean-Paul II \u00e0 Rome","og_description":"Dimanche de P\u00e2ques","og_url":"https:\/\/jp2doc.pl\/fr\/2021\/04\/04\/la-joie-que-le-christ-ressuscite-met-en-nous\/","og_site_name":"Centre de Documentation et d\u2019Etude du Pontificat de Jean-Paul II \u00e0 Rome","article_published_time":"2021-04-04T13:19:01+00:00","article_modified_time":"2021-04-04T13:19:02+00:00","og_image":[{"width":1920,"height":1280,"url":"https:\/\/jp2doc.pl\/fr\/wp-content\/uploads\/sites\/5\/2021\/04\/joshua-eckstein-S84mDHGATw0-unsplash.jpg","type":"image\/jpeg"}],"author":"juliasercanka","twitter_card":"summary_large_image","twitter_misc":{"\u00c9crit par":"juliasercanka","Dur\u00e9e de lecture estim\u00e9e":"4 minutes"},"schema":{"@context":"https:\/\/schema.org","@graph":[{"@type":"Article","@id":"https:\/\/jp2doc.pl\/fr\/2021\/04\/04\/la-joie-que-le-christ-ressuscite-met-en-nous\/#article","isPartOf":{"@id":"https:\/\/jp2doc.pl\/fr\/2021\/04\/04\/la-joie-que-le-christ-ressuscite-met-en-nous\/"},"author":{"name":"juliasercanka","@id":"https:\/\/jp2doc.pl\/fr\/#\/schema\/person\/6110109e80abb51f6fac4824777eabfe"},"headline":"La joie que le Christ ressuscit\u00e9 met en nous","datePublished":"2021-04-04T13:19:01+00:00","dateModified":"2021-04-04T13:19:02+00:00","mainEntityOfPage":{"@id":"https:\/\/jp2doc.pl\/fr\/2021\/04\/04\/la-joie-que-le-christ-ressuscite-met-en-nous\/"},"wordCount":786,"commentCount":0,"publisher":{"@id":"https:\/\/jp2doc.pl\/fr\/#organization"},"image":{"@id":"https:\/\/jp2doc.pl\/fr\/2021\/04\/04\/la-joie-que-le-christ-ressuscite-met-en-nous\/#primaryimage"},"thumbnailUrl":"https:\/\/jp2doc.pl\/fr\/wp-content\/uploads\/sites\/5\/2021\/04\/joshua-eckstein-S84mDHGATw0-unsplash.jpg","articleSection":["Blog","Strona g\u0142\u00f3wna - najnowsze","Strona g\u0142\u00f3wna - slider"],"inLanguage":"fr-FR","potentialAction":[{"@type":"CommentAction","name":"Comment","target":["https:\/\/jp2doc.pl\/fr\/2021\/04\/04\/la-joie-que-le-christ-ressuscite-met-en-nous\/#respond"]}]},{"@type":"WebPage","@id":"https:\/\/jp2doc.pl\/fr\/2021\/04\/04\/la-joie-que-le-christ-ressuscite-met-en-nous\/","url":"https:\/\/jp2doc.pl\/fr\/2021\/04\/04\/la-joie-que-le-christ-ressuscite-met-en-nous\/","name":"La joie que le Christ ressuscit\u00e9 met en nous - Centre de Documentation et d\u2019Etude du Pontificat de Jean-Paul II \u00e0 Rome","isPartOf":{"@id":"https:\/\/jp2doc.pl\/fr\/#website"},"primaryImageOfPage":{"@id":"https:\/\/jp2doc.pl\/fr\/2021\/04\/04\/la-joie-que-le-christ-ressuscite-met-en-nous\/#primaryimage"},"image":{"@id":"https:\/\/jp2doc.pl\/fr\/2021\/04\/04\/la-joie-que-le-christ-ressuscite-met-en-nous\/#primaryimage"},"thumbnailUrl":"https:\/\/jp2doc.pl\/fr\/wp-content\/uploads\/sites\/5\/2021\/04\/joshua-eckstein-S84mDHGATw0-unsplash.jpg","datePublished":"2021-04-04T13:19:01+00:00","dateModified":"2021-04-04T13:19:02+00:00","breadcrumb":{"@id":"https:\/\/jp2doc.pl\/fr\/2021\/04\/04\/la-joie-que-le-christ-ressuscite-met-en-nous\/#breadcrumb"},"inLanguage":"fr-FR","potentialAction":[{"@type":"ReadAction","target":["https:\/\/jp2doc.pl\/fr\/2021\/04\/04\/la-joie-que-le-christ-ressuscite-met-en-nous\/"]}]},{"@type":"ImageObject","inLanguage":"fr-FR","@id":"https:\/\/jp2doc.pl\/fr\/2021\/04\/04\/la-joie-que-le-christ-ressuscite-met-en-nous\/#primaryimage","url":"https:\/\/jp2doc.pl\/fr\/wp-content\/uploads\/sites\/5\/2021\/04\/joshua-eckstein-S84mDHGATw0-unsplash.jpg","contentUrl":"https:\/\/jp2doc.pl\/fr\/wp-content\/uploads\/sites\/5\/2021\/04\/joshua-eckstein-S84mDHGATw0-unsplash.jpg","width":1920,"height":1280},{"@type":"BreadcrumbList","@id":"https:\/\/jp2doc.pl\/fr\/2021\/04\/04\/la-joie-que-le-christ-ressuscite-met-en-nous\/#breadcrumb","itemListElement":[{"@type":"ListItem","position":1,"name":"Home","item":"https:\/\/jp2doc.pl\/fr\/"},{"@type":"ListItem","position":2,"name":"La joie que le Christ ressuscit\u00e9 met en nous"}]},{"@type":"WebSite","@id":"https:\/\/jp2doc.pl\/fr\/#website","url":"https:\/\/jp2doc.pl\/fr\/","name":"Centre de Documentation et d\u2019Etude du Pontificat de Jean-Paul II \u00e0 Rome","description":"","publisher":{"@id":"https:\/\/jp2doc.pl\/fr\/#organization"},"potentialAction":[{"@type":"SearchAction","target":{"@type":"EntryPoint","urlTemplate":"https:\/\/jp2doc.pl\/fr\/?s={search_term_string}"},"query-input":{"@type":"PropertyValueSpecification","valueRequired":true,"valueName":"search_term_string"}}],"inLanguage":"fr-FR"},{"@type":"Organization","@id":"https:\/\/jp2doc.pl\/fr\/#organization","name":"Centre de Documentation et d\u2019Etude du Pontificat de Jean-Paul II \u00e0 Rome","url":"https:\/\/jp2doc.pl\/fr\/","logo":{"@type":"ImageObject","inLanguage":"fr-FR","@id":"https:\/\/jp2doc.pl\/fr\/#\/schema\/logo\/image\/","url":"https:\/\/jp2doc.pl\/fr\/wp-content\/uploads\/sites\/5\/2017\/03\/cropped-logo.png","contentUrl":"https:\/\/jp2doc.pl\/fr\/wp-content\/uploads\/sites\/5\/2017\/03\/cropped-logo.png","width":115,"height":115,"caption":"Centre de Documentation et d\u2019Etude du Pontificat de Jean-Paul II \u00e0 Rome"},"image":{"@id":"https:\/\/jp2doc.pl\/fr\/#\/schema\/logo\/image\/"}},{"@type":"Person","@id":"https:\/\/jp2doc.pl\/fr\/#\/schema\/person\/6110109e80abb51f6fac4824777eabfe","name":"juliasercanka","image":{"@type":"ImageObject","inLanguage":"fr-FR","@id":"https:\/\/jp2doc.pl\/fr\/#\/schema\/person\/image\/","url":"https:\/\/secure.gravatar.com\/avatar\/266a66e864556e22d55d61b6b10c97fab9060767b738564bcd109f3997e372bc?s=96&d=mm&r=g","contentUrl":"https:\/\/secure.gravatar.com\/avatar\/266a66e864556e22d55d61b6b10c97fab9060767b738564bcd109f3997e372bc?s=96&d=mm&r=g","caption":"juliasercanka"},"url":"https:\/\/jp2doc.pl\/fr\/author\/juliasercanka\/"}]}},"_links":{"self":[{"href":"https:\/\/jp2doc.pl\/fr\/wp-json\/wp\/v2\/posts\/1895","targetHints":{"allow":["GET"]}}],"collection":[{"href":"https:\/\/jp2doc.pl\/fr\/wp-json\/wp\/v2\/posts"}],"about":[{"href":"https:\/\/jp2doc.pl\/fr\/wp-json\/wp\/v2\/types\/post"}],"author":[{"embeddable":true,"href":"https:\/\/jp2doc.pl\/fr\/wp-json\/wp\/v2\/users\/5"}],"replies":[{"embeddable":true,"href":"https:\/\/jp2doc.pl\/fr\/wp-json\/wp\/v2\/comments?post=1895"}],"version-history":[{"count":2,"href":"https:\/\/jp2doc.pl\/fr\/wp-json\/wp\/v2\/posts\/1895\/revisions"}],"predecessor-version":[{"id":1898,"href":"https:\/\/jp2doc.pl\/fr\/wp-json\/wp\/v2\/posts\/1895\/revisions\/1898"}],"wp:featuredmedia":[{"embeddable":true,"href":"https:\/\/jp2doc.pl\/fr\/wp-json\/wp\/v2\/media\/1896"}],"wp:attachment":[{"href":"https:\/\/jp2doc.pl\/fr\/wp-json\/wp\/v2\/media?parent=1895"}],"wp:term":[{"taxonomy":"category","embeddable":true,"href":"https:\/\/jp2doc.pl\/fr\/wp-json\/wp\/v2\/categories?post=1895"},{"taxonomy":"post_tag","embeddable":true,"href":"https:\/\/jp2doc.pl\/fr\/wp-json\/wp\/v2\/tags?post=1895"}],"curies":[{"name":"wp","href":"https:\/\/api.w.org\/{rel}","templated":true}]}}