{"id":1900,"date":"2021-04-11T11:21:09","date_gmt":"2021-04-11T09:21:09","guid":{"rendered":"https:\/\/jp2doc.pl\/fr\/?p=1900"},"modified":"2021-04-11T11:21:10","modified_gmt":"2021-04-11T09:21:10","slug":"si-nous-avons-vraiment-la-foi","status":"publish","type":"post","link":"https:\/\/jp2doc.pl\/fr\/2021\/04\/11\/si-nous-avons-vraiment-la-foi\/","title":{"rendered":"Si nous avons vraiment la foi\u2026"},"content":{"rendered":"\n<p>Ac 4, 32-35&nbsp;; 1 Jn 5, 1-6&nbsp;; Jn 20, 19-31&nbsp;&nbsp;&nbsp;&nbsp;&nbsp;&nbsp;&nbsp;&nbsp;&nbsp;&nbsp;&nbsp;&nbsp;&nbsp;&nbsp;&nbsp;&nbsp;&nbsp;&nbsp;&nbsp;&nbsp;&nbsp;&nbsp;&nbsp;&nbsp;&nbsp;&nbsp;&nbsp;&nbsp;&nbsp;&nbsp;&nbsp;&nbsp;&nbsp;&nbsp;&nbsp;&nbsp;&nbsp;&nbsp;&nbsp;&nbsp;&nbsp; <\/p>\n\n\n\n<p>Les lectures de\nce deuxi\u00e8me dimanche de P\u00e2ques, appel\u00e9 \u00ab&nbsp;dimanche de saint Thomas&nbsp;\u00bb\nou \u00ab&nbsp;Dimanche de la Divine mis\u00e9ricorde&nbsp;\u00bb, nous parlent de la foi.<\/p>\n\n\n\n<h5 class=\"wp-block-heading\"><strong>Mais\nqu\u2019est-ce que la foi&nbsp;? <\/strong><\/h5>\n\n\n\n<p>De nos lectures,\nnous pouvons relever quelques caract\u00e9ristiques qui donnent une id\u00e9e de ce\nqu\u2019est la foi.<\/p>\n\n\n\n<p>La foi, c\u2019est la confiance&nbsp;: c\u2019est ce que nous voyons au d\u00e9but de la\npremi\u00e8re lecture, du livre des Actes des Ap\u00f4tres. On y parle de \u00ab&nbsp;La\nmultitude de ceux qui avaient adh\u00e9r\u00e9 \u00e0 la foi&nbsp;\u00bb. L\u2019adh\u00e9sion, c\u2019est la\nconfiance. On adh\u00e8re \u00e0 ce que en quoi on croit.<\/p>\n\n\n\n<p>La foi, c\u2019est l\u2019amour&nbsp;: nous rencontrons cette caract\u00e9ristique dans\nla deuxi\u00e8me lecture, de la premi\u00e8re lettre de saint Jean. Nous y avons entendu\ndire en effet&nbsp;: \u00ab&nbsp;Tout homme qui croit que J\u00e9sus est le Christ,\ncelui-l\u00e0 est vraiment n\u00e9 de Dieu&nbsp;; tout homme qui aime le P\u00e8re aime aussi\ncelui qui est n\u00e9 de lui&nbsp;\u00bb. L\u2019amour, c\u2019est l\u2019attachement. On s\u2019attache \u00e0 ce\nen quoi ou \u00e0 celui en qui on croit.<\/p>\n\n\n\n<p>La foi, c\u2019est le t\u00e9moignage&nbsp;: cette caract\u00e9ristique nous vient de la\npremi\u00e8re lecture. Il y est dit&nbsp;: \u00ab&nbsp;C\u2019est avec une grande force que\nles Ap\u00f4tres portaient t\u00e9moignage de la r\u00e9surrection du Seigneur J\u00e9sus&nbsp;\u00bb.\nLe partage r\u00e9v\u00e8le o\u00f9 l\u2019on puise ses forces de vivre. On partage aux autres ce\nen quoi on croit.<\/p>\n\n\n\n<p>Voil\u00e0 les\ncaract\u00e9ristiques de la foi telles que relev\u00e9es de nos lectures. Mais \u00e0 ce\nniveau, nous pouvons nous poser une question&nbsp;: qu\u2019est-ce que produit la\nfoi dans le croyant qui puisse \u00eatre transformateur pour lui-m\u00eame et aussi pour\nson entourage&nbsp;? En d\u2019autres termes, vaut-il la peine de croire&nbsp;? Ou\nplus simplement, quels sont les dons de la foi&nbsp;?<\/p>\n\n\n\n<h5 class=\"wp-block-heading\"><strong>Les\ndons de la foi <\/strong><\/h5>\n\n\n\n<p>L\u2019unit\u00e9&nbsp;: dans la premi\u00e8re lecture, il est dit que ceux qui avaient\nadh\u00e9r\u00e9 \u00e0 la foi avait un seul c\u0153ur et une seule\n\u00e2me&nbsp;\u00bb. Avoir un seul c\u0153ur et une seule \u00e2me, c\u2019est cela \u00eatre uni.\nCependant, l\u2019unit\u00e9 parmi les hommes ne va pas de soi. Cela est d\u00fb aux int\u00e9r\u00eats\ndivergents et \u00e9go\u00efstes. Dans notre pays, il y a beaucoup de divisions. Cela\nnous rend faibles en face de ceux qui veulent nous exploiter. Dans nos\ncommunaut\u00e9s, dans nos familles, nous ne r\u00e9ussissons toujours pas \u00e0 nous\nentendre. Cela expose les uns et les autres \u00e0 l\u2019isolement et \u00e0 la pauvret\u00e9.\nJ\u00e9sus-Christ est uni \u00e0 son P\u00e8re et \u00e0 l\u2019Esprit. Si nous avons vraiment la foi en\nDieu, nous ne pouvons que promouvoir l\u2019unit\u00e9 l\u00e0 o\u00f9 nous sommes, \u00e0 commencer par\nnos familles et nos communaut\u00e9s.<\/p>\n\n\n\n<p>La charit\u00e9&nbsp;: dans la premi\u00e8re lecture, il est dit \u00e9galement&nbsp;:\n\u00ab&nbsp;Aucun d\u2019entre [les croyants] n\u2019\u00e9tait dans la mis\u00e8re\n[\u2026]. On [\u2026] redistribuait&nbsp; une part \u00e0\nchacun des fr\u00e8res au fur et \u00e0 mesure de ses besoins&nbsp;\u00bb. Dans toute\ncommunaut\u00e9, on a besoin les uns des autres&nbsp;: \u00ab&nbsp;Personne n\u2019est assez\nriche pour ne pas avoir besoin des autres, et personne n\u2019est assez pauvre pour\nn\u2019avoir rien \u00e0 donner&nbsp;aux autres \u00bb. Cela est une invitation \u00e0 l\u2019attention\nmutuelle. On peut aider les autres de plusieurs mani\u00e8res&nbsp;: avec de\nl\u2019argent, des habits, de la nourriture, des conseils, etc. Si Dieu nous a aim\u00e9,\nainsi que nous le croyons en tant que chr\u00e9tiens, alors nous avons le devoir de\nnous aimer, de nous entraider les uns les autres. Nous sommes tous fils et\nfilles d\u2019une m\u00eame famille, la famille de Dieu. Nous sommes tous fr\u00e8res dans le\nSeigneur J\u00e9sus-Christ.<\/p>\n\n\n\n<p>La paix&nbsp;: dans l\u2019\u00e9vangile, \u00e0 trois reprises, J\u00e9sus dit \u00e0 ses\ndisciples&nbsp;: \u00ab&nbsp;La paix soit avec vous&nbsp;!&nbsp;\u00bb\nEst-ce \u00e0 dire que la paix est si difficile \u00e0 vivre parmi les hommes&nbsp;? En\ntout cas, \u00e0 deux reprises, il est dit que les disciples se trouvaient dans un\nlieu aux portes verrouill\u00e9es. Ces portes sont les portes de nos c\u0153urs. Nous\nnous enfermons en nous-m\u00eames parce que les choses ne vont pas bien au\ndehors&nbsp;:<\/p>\n\n\n\n<p>a) comme les\ndisciples, nous avons peur&nbsp;: peur de l\u2019Etat, peur des voisins, peur des\nconfr\u00e8res ou des cons\u0153urs, peur de nos propres membres de familles, peur des\nguerres, peur des assassinats, etc.<\/p>\n\n\n\n<p>b) comme Thomas,\nnous avons des doutes&nbsp;: doutes sur l\u2019avenir du pays, doutes sur notre\ntravail, doute sur notre sant\u00e9, doute sur la r\u00e9ussite de nos enfants, doutes\nsur nos amis, etc.<\/p>\n\n\n\n<p>Et pourtant,\nmalgr\u00e9 le fait que les portes \u00e9taient verrouill\u00e9es, nous dit l\u2019\u00e9vangile,\n\u00ab&nbsp;[J\u00e9sus] \u00e9tait l\u00e0 au milieu d\u2019eux [au milieu des disciples]&nbsp;\u00bb. J\u00e9sus\nest l\u00e0 dans nos c\u0153urs, il est l\u00e0 partout o\u00f9 nous sommes. L nous dit&nbsp;comme\n\u00e0 Thomas&nbsp;: \u00ab&nbsp;ne sois pas incr\u00e9dule, sois croyant&nbsp;\u00bb. Il s\u2019agit\nd\u2019un message d\u2019espoir&nbsp;: le jour aura raison sur la nuit pour ceux qui\ncroient.<\/p>\n\n\n\n<p>La joie&nbsp;: il est dit dans l\u2019\u00e9vangile&nbsp;: \u00ab&nbsp;Les disciples\n\u00e9taient dans la joie en voyant le Seigneur&nbsp;\u00bb. Le contraire de la joie,\nc\u2019est la d\u00e9pression. La joie authentique des croyants a pour source la pr\u00e9sence\ndu Seigneur. C\u2019est lui qui souffle sur eux l\u2019Esprit Saint, la puissance de la\ngr\u00e2ce qui donne vie. J\u00e9sus a dit dans Jean 15, 5&nbsp;: \u00ab&nbsp;Sans moi, vous\nne pouvez rien faire&nbsp;\u00bb. Et dans le Psaume 12,7, 1-2, il nous est dit&nbsp;:\n\u00ab&nbsp;Si le Seigneur ne b\u00e2tit la maison, ses b\u00e2tisseurs travaillent pour rien.\nSi le Seigneur ne garde la ville, la garde veille pour rien. \/ Rien ne sert de\nvous lever t\u00f4t, de retarder votre repos, de manger un pain p\u00e9tri de\npeines&nbsp;! A son ami qui dort, il donnera tout autant&nbsp;\u00bb. Les disciples\nd\u2019Emma\u00fcs l\u2019avaient compris, eux qui avaient dit \u00e0 l\u2019inconnu qui \u00e9tait en fait\nle Christ ressuscit\u00e9&nbsp;: \u00ab&nbsp;Reste avec nous car le soir vient et la\njourn\u00e9e d\u00e9j\u00e0 est avanc\u00e9e&nbsp;\u00bb (Lc 24, 29). Notre joie, que nous devons partager\navec les autres, est dans le nom et la pr\u00e9sence du Seigneur ressuscit\u00e9.<\/p>\n\n\n\n<p>Demandons \u00e0 Dieu\nla gr\u00e2ce de la foi qui rend victorieux du monde, selon saint Jean dans sa\npremi\u00e8re lettre.<\/p>\n\n\n\n<p><strong>Abb\u00e9 Jean Claude Ciza<\/strong><\/p>\n","protected":false},"excerpt":{"rendered":"<p>II Dimanche de P\u00e2ques<\/p>\n","protected":false},"author":5,"featured_media":1663,"comment_status":"open","ping_status":"open","sticky":false,"template":"","format":"standard","meta":{"_acf_changed":false,"_exactmetrics_skip_tracking":false,"_exactmetrics_sitenote_active":false,"_exactmetrics_sitenote_note":"","_exactmetrics_sitenote_category":0,"footnotes":""},"categories":[4,13,14],"tags":[],"class_list":["post-1900","post","type-post","status-publish","format-standard","has-post-thumbnail","hentry","category-blog","category-strona-glowna-najnowsze","category-strona-glowna-slider"],"acf":[],"yoast_head":"<!-- This site is optimized with the Yoast SEO plugin v26.2 - https:\/\/yoast.com\/wordpress\/plugins\/seo\/ -->\n<title>Si nous avons vraiment la foi\u2026 - Centre de Documentation et d\u2019Etude du Pontificat de Jean-Paul II \u00e0 Rome<\/title>\n<meta name=\"robots\" content=\"index, follow, max-snippet:-1, max-image-preview:large, max-video-preview:-1\" \/>\n<link rel=\"canonical\" href=\"https:\/\/jp2doc.pl\/fr\/2021\/04\/11\/si-nous-avons-vraiment-la-foi\/\" \/>\n<meta property=\"og:locale\" content=\"fr_FR\" \/>\n<meta property=\"og:type\" content=\"article\" \/>\n<meta property=\"og:title\" content=\"Si nous avons vraiment la foi\u2026 - Centre de Documentation et d\u2019Etude du Pontificat de Jean-Paul II \u00e0 Rome\" \/>\n<meta property=\"og:description\" content=\"II Dimanche de P\u00e2ques\" \/>\n<meta property=\"og:url\" content=\"https:\/\/jp2doc.pl\/fr\/2021\/04\/11\/si-nous-avons-vraiment-la-foi\/\" \/>\n<meta property=\"og:site_name\" content=\"Centre de Documentation et d\u2019Etude du Pontificat de Jean-Paul II \u00e0 Rome\" \/>\n<meta property=\"article:published_time\" content=\"2021-04-11T09:21:09+00:00\" \/>\n<meta property=\"article:modified_time\" content=\"2021-04-11T09:21:10+00:00\" \/>\n<meta property=\"og:image\" content=\"https:\/\/jp2doc.pl\/fr\/wp-content\/uploads\/sites\/5\/2020\/04\/10012641_363831387082354_4615355824483730561_o.jpg\" \/>\n\t<meta property=\"og:image:width\" content=\"1024\" \/>\n\t<meta property=\"og:image:height\" content=\"683\" \/>\n\t<meta property=\"og:image:type\" content=\"image\/jpeg\" \/>\n<meta name=\"author\" content=\"juliasercanka\" \/>\n<meta name=\"twitter:card\" content=\"summary_large_image\" \/>\n<meta name=\"twitter:label1\" content=\"\u00c9crit par\" \/>\n\t<meta name=\"twitter:data1\" content=\"juliasercanka\" \/>\n\t<meta name=\"twitter:label2\" content=\"Dur\u00e9e de lecture estim\u00e9e\" \/>\n\t<meta name=\"twitter:data2\" content=\"6 minutes\" \/>\n<script type=\"application\/ld+json\" class=\"yoast-schema-graph\">{\"@context\":\"https:\/\/schema.org\",\"@graph\":[{\"@type\":\"Article\",\"@id\":\"https:\/\/jp2doc.pl\/fr\/2021\/04\/11\/si-nous-avons-vraiment-la-foi\/#article\",\"isPartOf\":{\"@id\":\"https:\/\/jp2doc.pl\/fr\/2021\/04\/11\/si-nous-avons-vraiment-la-foi\/\"},\"author\":{\"name\":\"juliasercanka\",\"@id\":\"https:\/\/jp2doc.pl\/fr\/#\/schema\/person\/6110109e80abb51f6fac4824777eabfe\"},\"headline\":\"Si nous avons vraiment la foi\u2026\",\"datePublished\":\"2021-04-11T09:21:09+00:00\",\"dateModified\":\"2021-04-11T09:21:10+00:00\",\"mainEntityOfPage\":{\"@id\":\"https:\/\/jp2doc.pl\/fr\/2021\/04\/11\/si-nous-avons-vraiment-la-foi\/\"},\"wordCount\":1179,\"commentCount\":0,\"publisher\":{\"@id\":\"https:\/\/jp2doc.pl\/fr\/#organization\"},\"image\":{\"@id\":\"https:\/\/jp2doc.pl\/fr\/2021\/04\/11\/si-nous-avons-vraiment-la-foi\/#primaryimage\"},\"thumbnailUrl\":\"https:\/\/jp2doc.pl\/fr\/wp-content\/uploads\/sites\/5\/2020\/04\/10012641_363831387082354_4615355824483730561_o.jpg\",\"articleSection\":[\"Blog\",\"Strona g\u0142\u00f3wna - najnowsze\",\"Strona g\u0142\u00f3wna - slider\"],\"inLanguage\":\"fr-FR\",\"potentialAction\":[{\"@type\":\"CommentAction\",\"name\":\"Comment\",\"target\":[\"https:\/\/jp2doc.pl\/fr\/2021\/04\/11\/si-nous-avons-vraiment-la-foi\/#respond\"]}]},{\"@type\":\"WebPage\",\"@id\":\"https:\/\/jp2doc.pl\/fr\/2021\/04\/11\/si-nous-avons-vraiment-la-foi\/\",\"url\":\"https:\/\/jp2doc.pl\/fr\/2021\/04\/11\/si-nous-avons-vraiment-la-foi\/\",\"name\":\"Si nous avons vraiment la foi\u2026 - Centre de Documentation et d\u2019Etude du Pontificat de Jean-Paul II \u00e0 Rome\",\"isPartOf\":{\"@id\":\"https:\/\/jp2doc.pl\/fr\/#website\"},\"primaryImageOfPage\":{\"@id\":\"https:\/\/jp2doc.pl\/fr\/2021\/04\/11\/si-nous-avons-vraiment-la-foi\/#primaryimage\"},\"image\":{\"@id\":\"https:\/\/jp2doc.pl\/fr\/2021\/04\/11\/si-nous-avons-vraiment-la-foi\/#primaryimage\"},\"thumbnailUrl\":\"https:\/\/jp2doc.pl\/fr\/wp-content\/uploads\/sites\/5\/2020\/04\/10012641_363831387082354_4615355824483730561_o.jpg\",\"datePublished\":\"2021-04-11T09:21:09+00:00\",\"dateModified\":\"2021-04-11T09:21:10+00:00\",\"breadcrumb\":{\"@id\":\"https:\/\/jp2doc.pl\/fr\/2021\/04\/11\/si-nous-avons-vraiment-la-foi\/#breadcrumb\"},\"inLanguage\":\"fr-FR\",\"potentialAction\":[{\"@type\":\"ReadAction\",\"target\":[\"https:\/\/jp2doc.pl\/fr\/2021\/04\/11\/si-nous-avons-vraiment-la-foi\/\"]}]},{\"@type\":\"ImageObject\",\"inLanguage\":\"fr-FR\",\"@id\":\"https:\/\/jp2doc.pl\/fr\/2021\/04\/11\/si-nous-avons-vraiment-la-foi\/#primaryimage\",\"url\":\"https:\/\/jp2doc.pl\/fr\/wp-content\/uploads\/sites\/5\/2020\/04\/10012641_363831387082354_4615355824483730561_o.jpg\",\"contentUrl\":\"https:\/\/jp2doc.pl\/fr\/wp-content\/uploads\/sites\/5\/2020\/04\/10012641_363831387082354_4615355824483730561_o.jpg\",\"width\":1024,\"height\":683},{\"@type\":\"BreadcrumbList\",\"@id\":\"https:\/\/jp2doc.pl\/fr\/2021\/04\/11\/si-nous-avons-vraiment-la-foi\/#breadcrumb\",\"itemListElement\":[{\"@type\":\"ListItem\",\"position\":1,\"name\":\"Home\",\"item\":\"https:\/\/jp2doc.pl\/fr\/\"},{\"@type\":\"ListItem\",\"position\":2,\"name\":\"Si nous avons vraiment la foi\u2026\"}]},{\"@type\":\"WebSite\",\"@id\":\"https:\/\/jp2doc.pl\/fr\/#website\",\"url\":\"https:\/\/jp2doc.pl\/fr\/\",\"name\":\"Centre de Documentation et d\u2019Etude du Pontificat de Jean-Paul II \u00e0 Rome\",\"description\":\"\",\"publisher\":{\"@id\":\"https:\/\/jp2doc.pl\/fr\/#organization\"},\"potentialAction\":[{\"@type\":\"SearchAction\",\"target\":{\"@type\":\"EntryPoint\",\"urlTemplate\":\"https:\/\/jp2doc.pl\/fr\/?s={search_term_string}\"},\"query-input\":{\"@type\":\"PropertyValueSpecification\",\"valueRequired\":true,\"valueName\":\"search_term_string\"}}],\"inLanguage\":\"fr-FR\"},{\"@type\":\"Organization\",\"@id\":\"https:\/\/jp2doc.pl\/fr\/#organization\",\"name\":\"Centre de Documentation et d\u2019Etude du Pontificat de Jean-Paul II \u00e0 Rome\",\"url\":\"https:\/\/jp2doc.pl\/fr\/\",\"logo\":{\"@type\":\"ImageObject\",\"inLanguage\":\"fr-FR\",\"@id\":\"https:\/\/jp2doc.pl\/fr\/#\/schema\/logo\/image\/\",\"url\":\"https:\/\/jp2doc.pl\/fr\/wp-content\/uploads\/sites\/5\/2017\/03\/cropped-logo.png\",\"contentUrl\":\"https:\/\/jp2doc.pl\/fr\/wp-content\/uploads\/sites\/5\/2017\/03\/cropped-logo.png\",\"width\":115,\"height\":115,\"caption\":\"Centre de Documentation et d\u2019Etude du Pontificat de Jean-Paul II \u00e0 Rome\"},\"image\":{\"@id\":\"https:\/\/jp2doc.pl\/fr\/#\/schema\/logo\/image\/\"}},{\"@type\":\"Person\",\"@id\":\"https:\/\/jp2doc.pl\/fr\/#\/schema\/person\/6110109e80abb51f6fac4824777eabfe\",\"name\":\"juliasercanka\",\"image\":{\"@type\":\"ImageObject\",\"inLanguage\":\"fr-FR\",\"@id\":\"https:\/\/jp2doc.pl\/fr\/#\/schema\/person\/image\/\",\"url\":\"https:\/\/secure.gravatar.com\/avatar\/266a66e864556e22d55d61b6b10c97fab9060767b738564bcd109f3997e372bc?s=96&d=mm&r=g\",\"contentUrl\":\"https:\/\/secure.gravatar.com\/avatar\/266a66e864556e22d55d61b6b10c97fab9060767b738564bcd109f3997e372bc?s=96&d=mm&r=g\",\"caption\":\"juliasercanka\"},\"url\":\"https:\/\/jp2doc.pl\/fr\/author\/juliasercanka\/\"}]}<\/script>\n<!-- \/ Yoast SEO plugin. -->","yoast_head_json":{"title":"Si nous avons vraiment la foi\u2026 - Centre de Documentation et d\u2019Etude du Pontificat de Jean-Paul II \u00e0 Rome","robots":{"index":"index","follow":"follow","max-snippet":"max-snippet:-1","max-image-preview":"max-image-preview:large","max-video-preview":"max-video-preview:-1"},"canonical":"https:\/\/jp2doc.pl\/fr\/2021\/04\/11\/si-nous-avons-vraiment-la-foi\/","og_locale":"fr_FR","og_type":"article","og_title":"Si nous avons vraiment la foi\u2026 - Centre de Documentation et d\u2019Etude du Pontificat de Jean-Paul II \u00e0 Rome","og_description":"II Dimanche de P\u00e2ques","og_url":"https:\/\/jp2doc.pl\/fr\/2021\/04\/11\/si-nous-avons-vraiment-la-foi\/","og_site_name":"Centre de Documentation et d\u2019Etude du Pontificat de Jean-Paul II \u00e0 Rome","article_published_time":"2021-04-11T09:21:09+00:00","article_modified_time":"2021-04-11T09:21:10+00:00","og_image":[{"width":1024,"height":683,"url":"https:\/\/jp2doc.pl\/fr\/wp-content\/uploads\/sites\/5\/2020\/04\/10012641_363831387082354_4615355824483730561_o.jpg","type":"image\/jpeg"}],"author":"juliasercanka","twitter_card":"summary_large_image","twitter_misc":{"\u00c9crit par":"juliasercanka","Dur\u00e9e de lecture estim\u00e9e":"6 minutes"},"schema":{"@context":"https:\/\/schema.org","@graph":[{"@type":"Article","@id":"https:\/\/jp2doc.pl\/fr\/2021\/04\/11\/si-nous-avons-vraiment-la-foi\/#article","isPartOf":{"@id":"https:\/\/jp2doc.pl\/fr\/2021\/04\/11\/si-nous-avons-vraiment-la-foi\/"},"author":{"name":"juliasercanka","@id":"https:\/\/jp2doc.pl\/fr\/#\/schema\/person\/6110109e80abb51f6fac4824777eabfe"},"headline":"Si nous avons vraiment la foi\u2026","datePublished":"2021-04-11T09:21:09+00:00","dateModified":"2021-04-11T09:21:10+00:00","mainEntityOfPage":{"@id":"https:\/\/jp2doc.pl\/fr\/2021\/04\/11\/si-nous-avons-vraiment-la-foi\/"},"wordCount":1179,"commentCount":0,"publisher":{"@id":"https:\/\/jp2doc.pl\/fr\/#organization"},"image":{"@id":"https:\/\/jp2doc.pl\/fr\/2021\/04\/11\/si-nous-avons-vraiment-la-foi\/#primaryimage"},"thumbnailUrl":"https:\/\/jp2doc.pl\/fr\/wp-content\/uploads\/sites\/5\/2020\/04\/10012641_363831387082354_4615355824483730561_o.jpg","articleSection":["Blog","Strona g\u0142\u00f3wna - najnowsze","Strona g\u0142\u00f3wna - slider"],"inLanguage":"fr-FR","potentialAction":[{"@type":"CommentAction","name":"Comment","target":["https:\/\/jp2doc.pl\/fr\/2021\/04\/11\/si-nous-avons-vraiment-la-foi\/#respond"]}]},{"@type":"WebPage","@id":"https:\/\/jp2doc.pl\/fr\/2021\/04\/11\/si-nous-avons-vraiment-la-foi\/","url":"https:\/\/jp2doc.pl\/fr\/2021\/04\/11\/si-nous-avons-vraiment-la-foi\/","name":"Si nous avons vraiment la foi\u2026 - Centre de Documentation et d\u2019Etude du Pontificat de Jean-Paul II \u00e0 Rome","isPartOf":{"@id":"https:\/\/jp2doc.pl\/fr\/#website"},"primaryImageOfPage":{"@id":"https:\/\/jp2doc.pl\/fr\/2021\/04\/11\/si-nous-avons-vraiment-la-foi\/#primaryimage"},"image":{"@id":"https:\/\/jp2doc.pl\/fr\/2021\/04\/11\/si-nous-avons-vraiment-la-foi\/#primaryimage"},"thumbnailUrl":"https:\/\/jp2doc.pl\/fr\/wp-content\/uploads\/sites\/5\/2020\/04\/10012641_363831387082354_4615355824483730561_o.jpg","datePublished":"2021-04-11T09:21:09+00:00","dateModified":"2021-04-11T09:21:10+00:00","breadcrumb":{"@id":"https:\/\/jp2doc.pl\/fr\/2021\/04\/11\/si-nous-avons-vraiment-la-foi\/#breadcrumb"},"inLanguage":"fr-FR","potentialAction":[{"@type":"ReadAction","target":["https:\/\/jp2doc.pl\/fr\/2021\/04\/11\/si-nous-avons-vraiment-la-foi\/"]}]},{"@type":"ImageObject","inLanguage":"fr-FR","@id":"https:\/\/jp2doc.pl\/fr\/2021\/04\/11\/si-nous-avons-vraiment-la-foi\/#primaryimage","url":"https:\/\/jp2doc.pl\/fr\/wp-content\/uploads\/sites\/5\/2020\/04\/10012641_363831387082354_4615355824483730561_o.jpg","contentUrl":"https:\/\/jp2doc.pl\/fr\/wp-content\/uploads\/sites\/5\/2020\/04\/10012641_363831387082354_4615355824483730561_o.jpg","width":1024,"height":683},{"@type":"BreadcrumbList","@id":"https:\/\/jp2doc.pl\/fr\/2021\/04\/11\/si-nous-avons-vraiment-la-foi\/#breadcrumb","itemListElement":[{"@type":"ListItem","position":1,"name":"Home","item":"https:\/\/jp2doc.pl\/fr\/"},{"@type":"ListItem","position":2,"name":"Si nous avons vraiment la foi\u2026"}]},{"@type":"WebSite","@id":"https:\/\/jp2doc.pl\/fr\/#website","url":"https:\/\/jp2doc.pl\/fr\/","name":"Centre de Documentation et d\u2019Etude du Pontificat de Jean-Paul II \u00e0 Rome","description":"","publisher":{"@id":"https:\/\/jp2doc.pl\/fr\/#organization"},"potentialAction":[{"@type":"SearchAction","target":{"@type":"EntryPoint","urlTemplate":"https:\/\/jp2doc.pl\/fr\/?s={search_term_string}"},"query-input":{"@type":"PropertyValueSpecification","valueRequired":true,"valueName":"search_term_string"}}],"inLanguage":"fr-FR"},{"@type":"Organization","@id":"https:\/\/jp2doc.pl\/fr\/#organization","name":"Centre de Documentation et d\u2019Etude du Pontificat de Jean-Paul II \u00e0 Rome","url":"https:\/\/jp2doc.pl\/fr\/","logo":{"@type":"ImageObject","inLanguage":"fr-FR","@id":"https:\/\/jp2doc.pl\/fr\/#\/schema\/logo\/image\/","url":"https:\/\/jp2doc.pl\/fr\/wp-content\/uploads\/sites\/5\/2017\/03\/cropped-logo.png","contentUrl":"https:\/\/jp2doc.pl\/fr\/wp-content\/uploads\/sites\/5\/2017\/03\/cropped-logo.png","width":115,"height":115,"caption":"Centre de Documentation et d\u2019Etude du Pontificat de Jean-Paul II \u00e0 Rome"},"image":{"@id":"https:\/\/jp2doc.pl\/fr\/#\/schema\/logo\/image\/"}},{"@type":"Person","@id":"https:\/\/jp2doc.pl\/fr\/#\/schema\/person\/6110109e80abb51f6fac4824777eabfe","name":"juliasercanka","image":{"@type":"ImageObject","inLanguage":"fr-FR","@id":"https:\/\/jp2doc.pl\/fr\/#\/schema\/person\/image\/","url":"https:\/\/secure.gravatar.com\/avatar\/266a66e864556e22d55d61b6b10c97fab9060767b738564bcd109f3997e372bc?s=96&d=mm&r=g","contentUrl":"https:\/\/secure.gravatar.com\/avatar\/266a66e864556e22d55d61b6b10c97fab9060767b738564bcd109f3997e372bc?s=96&d=mm&r=g","caption":"juliasercanka"},"url":"https:\/\/jp2doc.pl\/fr\/author\/juliasercanka\/"}]}},"_links":{"self":[{"href":"https:\/\/jp2doc.pl\/fr\/wp-json\/wp\/v2\/posts\/1900","targetHints":{"allow":["GET"]}}],"collection":[{"href":"https:\/\/jp2doc.pl\/fr\/wp-json\/wp\/v2\/posts"}],"about":[{"href":"https:\/\/jp2doc.pl\/fr\/wp-json\/wp\/v2\/types\/post"}],"author":[{"embeddable":true,"href":"https:\/\/jp2doc.pl\/fr\/wp-json\/wp\/v2\/users\/5"}],"replies":[{"embeddable":true,"href":"https:\/\/jp2doc.pl\/fr\/wp-json\/wp\/v2\/comments?post=1900"}],"version-history":[{"count":1,"href":"https:\/\/jp2doc.pl\/fr\/wp-json\/wp\/v2\/posts\/1900\/revisions"}],"predecessor-version":[{"id":1901,"href":"https:\/\/jp2doc.pl\/fr\/wp-json\/wp\/v2\/posts\/1900\/revisions\/1901"}],"wp:featuredmedia":[{"embeddable":true,"href":"https:\/\/jp2doc.pl\/fr\/wp-json\/wp\/v2\/media\/1663"}],"wp:attachment":[{"href":"https:\/\/jp2doc.pl\/fr\/wp-json\/wp\/v2\/media?parent=1900"}],"wp:term":[{"taxonomy":"category","embeddable":true,"href":"https:\/\/jp2doc.pl\/fr\/wp-json\/wp\/v2\/categories?post=1900"},{"taxonomy":"post_tag","embeddable":true,"href":"https:\/\/jp2doc.pl\/fr\/wp-json\/wp\/v2\/tags?post=1900"}],"curies":[{"name":"wp","href":"https:\/\/api.w.org\/{rel}","templated":true}]}}