{"id":1908,"date":"2021-05-02T17:49:11","date_gmt":"2021-05-02T15:49:11","guid":{"rendered":"https:\/\/jp2doc.pl\/fr\/?p=1908"},"modified":"2021-05-02T17:49:12","modified_gmt":"2021-05-02T15:49:12","slug":"pour-etre-fidele-a-dieu","status":"publish","type":"post","link":"https:\/\/jp2doc.pl\/fr\/2021\/05\/02\/pour-etre-fidele-a-dieu\/","title":{"rendered":"Pour \u00eatre fid\u00e8le \u00e0 Dieu"},"content":{"rendered":"\n<p>Textes&nbsp;: Ac 9, 26-31&nbsp;;\n1 Jn 3, 18-24&nbsp;; Jn 15, 1-8<\/p>\n\n\n\n<p>En ce cinqui\u00e8me dimanche de P\u00e2ques, appel\u00e9\n\u00ab&nbsp;Dimanche des minist\u00e8res&nbsp;\u00bb, les lectures d\u00e9veloppent le th\u00e8me de la fid\u00e9lit\u00e9.<\/p>\n\n\n\n<p>Dans la deuxi\u00e8me lecture, saint Jean nous demande\nd\u2019\u00eatre fid\u00e8les aux commandements de Dieu et de faire ce qui lui pla\u00eet. Et dans\nl\u2019\u00e9vangile, J\u00e9sus nous demande de demeurer en lui comme lui en nous.<\/p>\n\n\n\n<p>Etre fid\u00e8le, c\u2019est \u00eatre attach\u00e9 \u00e0\u2026 Maintenant, comment\nfaire pour \u00eatre fid\u00e8les, pour \u00eatre attach\u00e9s aux commandements de Dieu&nbsp;?\nPour \u00eatre fid\u00e8le \u00e0 Dieu et \u00e0 l\u2019Eglise.<\/p>\n\n\n\n<p>Comme r\u00e9ponse \u00e0 cette question, suivant saint Jean\ndans la deuxi\u00e8me lecture, on peut distinguer deux dimensions&nbsp;:<\/p>\n\n\n\n<p>La premi\u00e8re, c\u2019est la\ndimension verticale&nbsp;: saint Jean en parle en ces termes&nbsp;: \u00ab&nbsp;Or,\nvoici son commandement&nbsp;: avoir foi en son Fils J\u00e9sus Christ&nbsp;\u00bb. Donc\nla foi en J\u00e9sus Fils de Dieu nous donne la possibilit\u00e9 de rester fid\u00e8le en\nDieu. Cette dimension nous lie au Christ. Lors de la transfiguration, comme\nnous le lisons dans Matthieu 17, 5, une voix disait aux disciples depuis la nu\u00e9e&nbsp;:\n\u00ab&nbsp;Celui-ci est mon Fils bien-aim\u00e9, qui a toute ma faveur,\n\u00e9coutez-le&nbsp;\u00bb. Dieu nous invite donc \u00e0 \u00e9couter le Christ. Comme l\u2019a dit Saint\nPierre devant le Sanh\u00e9drin, \u00ab&nbsp;il n\u2019y a pas sous le ciel d\u2019autre nom donn\u00e9\naux hommes, par lequel nous devrions \u00eatre sauv\u00e9s&nbsp;\u00bb (Ac 4, 12). C\u2019est la\nfoi en J\u00e9sus-Christ, qui nous procure le salut.<\/p>\n\n\n\n<p>Mais il n\u2019est pas si facile de garder la foi. Pour une\nraison ou pour une autre, on aura tendance \u00e0 remplacer le Christ par les\nidoles&nbsp;: personnes, id\u00e9ologies, choses, f\u00e9tiches. Ou encore \u00e0 vivre une\nfoi sans \u0153uvres, une foi morte. Et le Christ de nous pr\u00e9venir&nbsp;dans l\u2019\u00e9vangile : \u00ab&nbsp;Tout sarment qui\nest en moi, mais qui ne donne pas de fruit, mon P\u00e8re l\u2019enl\u00e8ve&nbsp;\u00bb. Il ne\nnous suffit pas de nous r\u00e9clamer du Christ, il nous faut encore nous donner \u00e0\nlui de tout notre c\u0153ur et de toute notre \u00e2me. Il faut que cette foi en lui soit\nmanifeste \u00e0 travers les \u0153uvres de charit\u00e9, dans une confiance totale en lui\naussi.<\/p>\n\n\n\n<p>La deuxi\u00e8me, c\u2019est la dimension\nhorizontale&nbsp;: Saint Jean en parle en ces termes&nbsp;: \u00ab&nbsp;Or voici son\ncommandement&nbsp;: et nous aimer les uns les autres comme il nous a\ncommand\u00e9&nbsp;\u00bb. Cette dimension nous lie les uns aux autres. Il n\u2019est pas\nfacile d\u2019aller vers les autres, d\u2019accepter les autres comme nous le voyons dans\nla premi\u00e8re lecture. Nous sommes\ndomin\u00e9s par les soup\u00e7ons, la haine, l\u2019\u00e9go\u00efsme. Nous ne sommes jamais assez s\u00fbrs\ndes autres. On ne prend pas des risques. Ainsi, les disciples ont-ils du mal \u00e0\naccueillir Paul dans la communaut\u00e9 des croyants en J\u00e9sus Christ. Nous avons\npeut-\u00eatre du mal \u00e0 croire en nos coll\u00e8gues, \u00e0 nos voisins ou \u00e0 certains membres\nde nos familles, pensant qu\u2019ils peuvent nous faire du mal.<\/p>\n\n\n\n<p>Comme chr\u00e9tiens, nous parlons souvent de l\u2019amour. Mais\nl\u2019amour chr\u00e9tien doit aller au-del\u00e0 des paroles. C\u2019est ce que nous rappelle Saint Jean dans la deuxi\u00e8me lecture lorsqu\u2019il\ndit&nbsp;: \u00ab&nbsp;Mes enfants, nous devons nous aimer&nbsp;: non pas avec des\nparoles et des discours, mais par des actes et en v\u00e9rit\u00e9&nbsp;\u00bb. Et c\u2019est cela\nque nous montre Barnab\u00e9 vis-\u00e0-vis de Paul selon la premi\u00e8re lecture&nbsp;:\n\u00ab&nbsp;Alors Barnab\u00e9, nous disent les Actes des Ap\u00f4tres, le prit avec lui et\nles pr\u00e9senta aux Ap\u00f4tres&nbsp;\u00bb. Prendre avec soi, c\u2019est briser les\nbarri\u00e8res&nbsp;: tribales, collinistes, communautaires, politiques,\n\u00e9conomiques, sexistes, intellectuelles, raciales. Il y a toutes sortes des\nbarri\u00e8res qui emp\u00eachent les gens de se rencontrer vraiment. Prendre avec soi, c\u2019est jeter des\nponts, surtout l\u00e0 o\u00f9 il n\u2019en y a pas. <\/p>\n\n\n\n<p>Maintenant, si nous sommes fid\u00e8les aux commandements\nde Dieu, c\u2019est-\u00e0-dire si nous avons la foi en J\u00e9sus Christ et l\u2019amour du\nprochain, qu\u2019obtenons-nous de la part de Dieu&nbsp;? La r\u00e9ponse est qu\u2019il nous\ndonne l\u2019Esprit saint. L\u2019Esprit nous vient du P\u00e8re par le Fils. Dans Jean 16, 7, J\u00e9sus dit \u00e0 ses\ndisciples&nbsp;: \u00ab&nbsp;Cependant je vous dis la v\u00e9rit\u00e9&nbsp;: c\u2019est votre\nint\u00e9r\u00eat que je parte&nbsp;; car si je ne pars pas, le Paraclet ne viendra pas\nvers vous&nbsp;; mais si je pars, je vous l\u2019enverrai&nbsp;\u00bb.<\/p>\n\n\n\n<p>Et que nous procure l\u2019Esprit Saint&nbsp;? Ici aussi,\nil faut prendre en compte deux dimensions&nbsp;: <\/p>\n\n\n\n<p>La premi\u00e8re, c\u2019est la\ndimension verticale&nbsp;: elle nous lie \u00e0 Dieu. L\u2019Esprit Saint nous aide \u00e0 arranger\nnos pri\u00e8res. Dans la deuxi\u00e8me lecture, Saint\nJean nous dit&nbsp;: \u00ab&nbsp;Mes bien-aim\u00e9s, si notre c\u0153ur ne nous accuse pas,\nnous nous tenons avec assurance devant Dieu, et tout ce que nous lui demandons,\nil nous l\u2019accorde&nbsp;\u00bb. En effet, il l\u2019accorde gr\u00e2ce \u00e0 l\u2019intervention de\nl\u2019Esprit Saint. Dans sa lettre aux Romains (8, 26) Saint Paul\n\u00e9crit&nbsp;: \u00ab&nbsp;Pareillement l\u2019Esprit vient au secours de notre faiblesse,\ncar nous ne savons que demander pour prier comme il faut&nbsp;; mais l\u2019Esprit\nlui-m\u00eame interc\u00e8de pour nous en des g\u00e9missements ineffables&nbsp;\u00bb.<\/p>\n\n\n\n<p>Et nous avons tellement besoin que Dieu exauce nos\npri\u00e8res&nbsp;!<\/p>\n\n\n\n<p>La deuxi\u00e8me, c\u2019est la\ndimension horizontale&nbsp;: elle nous lie les uns aux autres. Ici l\u2019Esprit Saint nous aide \u00e0\nvivre en paix. Il nous est dit dans la\npremi\u00e8re lecture&nbsp;: \u00ab&nbsp;L\u2019Eglise \u00e9tait en paix dans toute la Jud\u00e9e, la\nGalil\u00e9e et la Samarie. Dans la crainte du Seigneur, elle se construisait et\nelle avan\u00e7ait&nbsp;; elle se multipliait avec l\u2019assistance de l\u2019Esprit\nSaint&nbsp;\u00bb.<\/p>\n\n\n\n<p>C\u2019est important pour les\ncroyants de favoriser un climat de paix l\u00e0 o\u00f9 ils vivent, l\u00e0 o\u00f9 ils travaillent.\nMais cette paix doit commencer dans le c\u0153ur de chacun. A ce propos, Saint Jean\ndit dans la deuxi\u00e8me lecture&nbsp;: \u00ab&nbsp;En agissant [dans l\u2019amour], nous reconna\u00eetrons que nous\nappartenons \u00e0 la v\u00e9rit\u00e9, et devant Dieu nous aurons le c\u0153ur en paix&nbsp;\u00bb.<\/p>\n\n\n\n<p>Et nous avons tellement besoin de paix en nous, dans\nnos familles et communaut\u00e9s, dans nos pays&nbsp;!<\/p>\n\n\n\n<p>Demandons \u00e0 Dieu la gr\u00e2ce de la foi, de la paix et la\ngr\u00e2ce de l\u2019amour.<\/p>\n\n\n\n<p><strong>Abb\u00e9 Jean Claude CIZA<\/strong><\/p>\n","protected":false},"excerpt":{"rendered":"<p>V Dimanche de P\u00e2ques<\/p>\n","protected":false},"author":5,"featured_media":1247,"comment_status":"open","ping_status":"open","sticky":false,"template":"","format":"standard","meta":{"_acf_changed":false,"_exactmetrics_skip_tracking":false,"_exactmetrics_sitenote_active":false,"_exactmetrics_sitenote_note":"","_exactmetrics_sitenote_category":0,"footnotes":""},"categories":[4,13,14],"tags":[],"class_list":["post-1908","post","type-post","status-publish","format-standard","has-post-thumbnail","hentry","category-blog","category-strona-glowna-najnowsze","category-strona-glowna-slider"],"acf":[],"yoast_head":"<!-- This site is optimized with the Yoast SEO plugin v26.2 - https:\/\/yoast.com\/wordpress\/plugins\/seo\/ -->\n<title>Pour \u00eatre fid\u00e8le \u00e0 Dieu - Centre de Documentation et d\u2019Etude du Pontificat de Jean-Paul II \u00e0 Rome<\/title>\n<meta name=\"robots\" content=\"index, follow, max-snippet:-1, max-image-preview:large, max-video-preview:-1\" \/>\n<link rel=\"canonical\" href=\"https:\/\/jp2doc.pl\/fr\/2021\/05\/02\/pour-etre-fidele-a-dieu\/\" \/>\n<meta property=\"og:locale\" content=\"fr_FR\" \/>\n<meta property=\"og:type\" content=\"article\" \/>\n<meta property=\"og:title\" content=\"Pour \u00eatre fid\u00e8le \u00e0 Dieu - Centre de Documentation et d\u2019Etude du Pontificat de Jean-Paul II \u00e0 Rome\" \/>\n<meta property=\"og:description\" content=\"V Dimanche de P\u00e2ques\" \/>\n<meta property=\"og:url\" content=\"https:\/\/jp2doc.pl\/fr\/2021\/05\/02\/pour-etre-fidele-a-dieu\/\" \/>\n<meta property=\"og:site_name\" content=\"Centre de Documentation et d\u2019Etude du Pontificat de Jean-Paul II \u00e0 Rome\" \/>\n<meta property=\"article:published_time\" content=\"2021-05-02T15:49:11+00:00\" \/>\n<meta property=\"article:modified_time\" content=\"2021-05-02T15:49:12+00:00\" \/>\n<meta property=\"og:image\" content=\"https:\/\/jp2doc.pl\/fr\/wp-content\/uploads\/sites\/5\/2017\/09\/Refe_55f50f0ed2d95_unsplash_5252bb51404f8_1-1.jpg\" \/>\n\t<meta property=\"og:image:width\" content=\"1282\" \/>\n\t<meta property=\"og:image:height\" content=\"855\" \/>\n\t<meta property=\"og:image:type\" content=\"image\/jpeg\" \/>\n<meta name=\"author\" content=\"juliasercanka\" \/>\n<meta name=\"twitter:card\" content=\"summary_large_image\" \/>\n<meta name=\"twitter:label1\" content=\"\u00c9crit par\" \/>\n\t<meta name=\"twitter:data1\" content=\"juliasercanka\" \/>\n\t<meta name=\"twitter:label2\" content=\"Dur\u00e9e de lecture estim\u00e9e\" \/>\n\t<meta name=\"twitter:data2\" content=\"6 minutes\" \/>\n<script type=\"application\/ld+json\" class=\"yoast-schema-graph\">{\"@context\":\"https:\/\/schema.org\",\"@graph\":[{\"@type\":\"Article\",\"@id\":\"https:\/\/jp2doc.pl\/fr\/2021\/05\/02\/pour-etre-fidele-a-dieu\/#article\",\"isPartOf\":{\"@id\":\"https:\/\/jp2doc.pl\/fr\/2021\/05\/02\/pour-etre-fidele-a-dieu\/\"},\"author\":{\"name\":\"juliasercanka\",\"@id\":\"https:\/\/jp2doc.pl\/fr\/#\/schema\/person\/6110109e80abb51f6fac4824777eabfe\"},\"headline\":\"Pour \u00eatre fid\u00e8le \u00e0 Dieu\",\"datePublished\":\"2021-05-02T15:49:11+00:00\",\"dateModified\":\"2021-05-02T15:49:12+00:00\",\"mainEntityOfPage\":{\"@id\":\"https:\/\/jp2doc.pl\/fr\/2021\/05\/02\/pour-etre-fidele-a-dieu\/\"},\"wordCount\":1136,\"commentCount\":0,\"publisher\":{\"@id\":\"https:\/\/jp2doc.pl\/fr\/#organization\"},\"image\":{\"@id\":\"https:\/\/jp2doc.pl\/fr\/2021\/05\/02\/pour-etre-fidele-a-dieu\/#primaryimage\"},\"thumbnailUrl\":\"https:\/\/jp2doc.pl\/fr\/wp-content\/uploads\/sites\/5\/2017\/09\/Refe_55f50f0ed2d95_unsplash_5252bb51404f8_1-1.jpg\",\"articleSection\":[\"Blog\",\"Strona g\u0142\u00f3wna - najnowsze\",\"Strona g\u0142\u00f3wna - slider\"],\"inLanguage\":\"fr-FR\",\"potentialAction\":[{\"@type\":\"CommentAction\",\"name\":\"Comment\",\"target\":[\"https:\/\/jp2doc.pl\/fr\/2021\/05\/02\/pour-etre-fidele-a-dieu\/#respond\"]}]},{\"@type\":\"WebPage\",\"@id\":\"https:\/\/jp2doc.pl\/fr\/2021\/05\/02\/pour-etre-fidele-a-dieu\/\",\"url\":\"https:\/\/jp2doc.pl\/fr\/2021\/05\/02\/pour-etre-fidele-a-dieu\/\",\"name\":\"Pour \u00eatre fid\u00e8le \u00e0 Dieu - Centre de Documentation et d\u2019Etude du Pontificat de Jean-Paul II \u00e0 Rome\",\"isPartOf\":{\"@id\":\"https:\/\/jp2doc.pl\/fr\/#website\"},\"primaryImageOfPage\":{\"@id\":\"https:\/\/jp2doc.pl\/fr\/2021\/05\/02\/pour-etre-fidele-a-dieu\/#primaryimage\"},\"image\":{\"@id\":\"https:\/\/jp2doc.pl\/fr\/2021\/05\/02\/pour-etre-fidele-a-dieu\/#primaryimage\"},\"thumbnailUrl\":\"https:\/\/jp2doc.pl\/fr\/wp-content\/uploads\/sites\/5\/2017\/09\/Refe_55f50f0ed2d95_unsplash_5252bb51404f8_1-1.jpg\",\"datePublished\":\"2021-05-02T15:49:11+00:00\",\"dateModified\":\"2021-05-02T15:49:12+00:00\",\"breadcrumb\":{\"@id\":\"https:\/\/jp2doc.pl\/fr\/2021\/05\/02\/pour-etre-fidele-a-dieu\/#breadcrumb\"},\"inLanguage\":\"fr-FR\",\"potentialAction\":[{\"@type\":\"ReadAction\",\"target\":[\"https:\/\/jp2doc.pl\/fr\/2021\/05\/02\/pour-etre-fidele-a-dieu\/\"]}]},{\"@type\":\"ImageObject\",\"inLanguage\":\"fr-FR\",\"@id\":\"https:\/\/jp2doc.pl\/fr\/2021\/05\/02\/pour-etre-fidele-a-dieu\/#primaryimage\",\"url\":\"https:\/\/jp2doc.pl\/fr\/wp-content\/uploads\/sites\/5\/2017\/09\/Refe_55f50f0ed2d95_unsplash_5252bb51404f8_1-1.jpg\",\"contentUrl\":\"https:\/\/jp2doc.pl\/fr\/wp-content\/uploads\/sites\/5\/2017\/09\/Refe_55f50f0ed2d95_unsplash_5252bb51404f8_1-1.jpg\",\"width\":1282,\"height\":855},{\"@type\":\"BreadcrumbList\",\"@id\":\"https:\/\/jp2doc.pl\/fr\/2021\/05\/02\/pour-etre-fidele-a-dieu\/#breadcrumb\",\"itemListElement\":[{\"@type\":\"ListItem\",\"position\":1,\"name\":\"Home\",\"item\":\"https:\/\/jp2doc.pl\/fr\/\"},{\"@type\":\"ListItem\",\"position\":2,\"name\":\"Pour \u00eatre fid\u00e8le \u00e0 Dieu\"}]},{\"@type\":\"WebSite\",\"@id\":\"https:\/\/jp2doc.pl\/fr\/#website\",\"url\":\"https:\/\/jp2doc.pl\/fr\/\",\"name\":\"Centre de Documentation et d\u2019Etude du Pontificat de Jean-Paul II \u00e0 Rome\",\"description\":\"\",\"publisher\":{\"@id\":\"https:\/\/jp2doc.pl\/fr\/#organization\"},\"potentialAction\":[{\"@type\":\"SearchAction\",\"target\":{\"@type\":\"EntryPoint\",\"urlTemplate\":\"https:\/\/jp2doc.pl\/fr\/?s={search_term_string}\"},\"query-input\":{\"@type\":\"PropertyValueSpecification\",\"valueRequired\":true,\"valueName\":\"search_term_string\"}}],\"inLanguage\":\"fr-FR\"},{\"@type\":\"Organization\",\"@id\":\"https:\/\/jp2doc.pl\/fr\/#organization\",\"name\":\"Centre de Documentation et d\u2019Etude du Pontificat de Jean-Paul II \u00e0 Rome\",\"url\":\"https:\/\/jp2doc.pl\/fr\/\",\"logo\":{\"@type\":\"ImageObject\",\"inLanguage\":\"fr-FR\",\"@id\":\"https:\/\/jp2doc.pl\/fr\/#\/schema\/logo\/image\/\",\"url\":\"https:\/\/jp2doc.pl\/fr\/wp-content\/uploads\/sites\/5\/2017\/03\/cropped-logo.png\",\"contentUrl\":\"https:\/\/jp2doc.pl\/fr\/wp-content\/uploads\/sites\/5\/2017\/03\/cropped-logo.png\",\"width\":115,\"height\":115,\"caption\":\"Centre de Documentation et d\u2019Etude du Pontificat de Jean-Paul II \u00e0 Rome\"},\"image\":{\"@id\":\"https:\/\/jp2doc.pl\/fr\/#\/schema\/logo\/image\/\"}},{\"@type\":\"Person\",\"@id\":\"https:\/\/jp2doc.pl\/fr\/#\/schema\/person\/6110109e80abb51f6fac4824777eabfe\",\"name\":\"juliasercanka\",\"image\":{\"@type\":\"ImageObject\",\"inLanguage\":\"fr-FR\",\"@id\":\"https:\/\/jp2doc.pl\/fr\/#\/schema\/person\/image\/\",\"url\":\"https:\/\/secure.gravatar.com\/avatar\/266a66e864556e22d55d61b6b10c97fab9060767b738564bcd109f3997e372bc?s=96&d=mm&r=g\",\"contentUrl\":\"https:\/\/secure.gravatar.com\/avatar\/266a66e864556e22d55d61b6b10c97fab9060767b738564bcd109f3997e372bc?s=96&d=mm&r=g\",\"caption\":\"juliasercanka\"},\"url\":\"https:\/\/jp2doc.pl\/fr\/author\/juliasercanka\/\"}]}<\/script>\n<!-- \/ Yoast SEO plugin. -->","yoast_head_json":{"title":"Pour \u00eatre fid\u00e8le \u00e0 Dieu - Centre de Documentation et d\u2019Etude du Pontificat de Jean-Paul II \u00e0 Rome","robots":{"index":"index","follow":"follow","max-snippet":"max-snippet:-1","max-image-preview":"max-image-preview:large","max-video-preview":"max-video-preview:-1"},"canonical":"https:\/\/jp2doc.pl\/fr\/2021\/05\/02\/pour-etre-fidele-a-dieu\/","og_locale":"fr_FR","og_type":"article","og_title":"Pour \u00eatre fid\u00e8le \u00e0 Dieu - Centre de Documentation et d\u2019Etude du Pontificat de Jean-Paul II \u00e0 Rome","og_description":"V Dimanche de P\u00e2ques","og_url":"https:\/\/jp2doc.pl\/fr\/2021\/05\/02\/pour-etre-fidele-a-dieu\/","og_site_name":"Centre de Documentation et d\u2019Etude du Pontificat de Jean-Paul II \u00e0 Rome","article_published_time":"2021-05-02T15:49:11+00:00","article_modified_time":"2021-05-02T15:49:12+00:00","og_image":[{"width":1282,"height":855,"url":"https:\/\/jp2doc.pl\/fr\/wp-content\/uploads\/sites\/5\/2017\/09\/Refe_55f50f0ed2d95_unsplash_5252bb51404f8_1-1.jpg","type":"image\/jpeg"}],"author":"juliasercanka","twitter_card":"summary_large_image","twitter_misc":{"\u00c9crit par":"juliasercanka","Dur\u00e9e de lecture estim\u00e9e":"6 minutes"},"schema":{"@context":"https:\/\/schema.org","@graph":[{"@type":"Article","@id":"https:\/\/jp2doc.pl\/fr\/2021\/05\/02\/pour-etre-fidele-a-dieu\/#article","isPartOf":{"@id":"https:\/\/jp2doc.pl\/fr\/2021\/05\/02\/pour-etre-fidele-a-dieu\/"},"author":{"name":"juliasercanka","@id":"https:\/\/jp2doc.pl\/fr\/#\/schema\/person\/6110109e80abb51f6fac4824777eabfe"},"headline":"Pour \u00eatre fid\u00e8le \u00e0 Dieu","datePublished":"2021-05-02T15:49:11+00:00","dateModified":"2021-05-02T15:49:12+00:00","mainEntityOfPage":{"@id":"https:\/\/jp2doc.pl\/fr\/2021\/05\/02\/pour-etre-fidele-a-dieu\/"},"wordCount":1136,"commentCount":0,"publisher":{"@id":"https:\/\/jp2doc.pl\/fr\/#organization"},"image":{"@id":"https:\/\/jp2doc.pl\/fr\/2021\/05\/02\/pour-etre-fidele-a-dieu\/#primaryimage"},"thumbnailUrl":"https:\/\/jp2doc.pl\/fr\/wp-content\/uploads\/sites\/5\/2017\/09\/Refe_55f50f0ed2d95_unsplash_5252bb51404f8_1-1.jpg","articleSection":["Blog","Strona g\u0142\u00f3wna - najnowsze","Strona g\u0142\u00f3wna - slider"],"inLanguage":"fr-FR","potentialAction":[{"@type":"CommentAction","name":"Comment","target":["https:\/\/jp2doc.pl\/fr\/2021\/05\/02\/pour-etre-fidele-a-dieu\/#respond"]}]},{"@type":"WebPage","@id":"https:\/\/jp2doc.pl\/fr\/2021\/05\/02\/pour-etre-fidele-a-dieu\/","url":"https:\/\/jp2doc.pl\/fr\/2021\/05\/02\/pour-etre-fidele-a-dieu\/","name":"Pour \u00eatre fid\u00e8le \u00e0 Dieu - Centre de Documentation et d\u2019Etude du Pontificat de Jean-Paul II \u00e0 Rome","isPartOf":{"@id":"https:\/\/jp2doc.pl\/fr\/#website"},"primaryImageOfPage":{"@id":"https:\/\/jp2doc.pl\/fr\/2021\/05\/02\/pour-etre-fidele-a-dieu\/#primaryimage"},"image":{"@id":"https:\/\/jp2doc.pl\/fr\/2021\/05\/02\/pour-etre-fidele-a-dieu\/#primaryimage"},"thumbnailUrl":"https:\/\/jp2doc.pl\/fr\/wp-content\/uploads\/sites\/5\/2017\/09\/Refe_55f50f0ed2d95_unsplash_5252bb51404f8_1-1.jpg","datePublished":"2021-05-02T15:49:11+00:00","dateModified":"2021-05-02T15:49:12+00:00","breadcrumb":{"@id":"https:\/\/jp2doc.pl\/fr\/2021\/05\/02\/pour-etre-fidele-a-dieu\/#breadcrumb"},"inLanguage":"fr-FR","potentialAction":[{"@type":"ReadAction","target":["https:\/\/jp2doc.pl\/fr\/2021\/05\/02\/pour-etre-fidele-a-dieu\/"]}]},{"@type":"ImageObject","inLanguage":"fr-FR","@id":"https:\/\/jp2doc.pl\/fr\/2021\/05\/02\/pour-etre-fidele-a-dieu\/#primaryimage","url":"https:\/\/jp2doc.pl\/fr\/wp-content\/uploads\/sites\/5\/2017\/09\/Refe_55f50f0ed2d95_unsplash_5252bb51404f8_1-1.jpg","contentUrl":"https:\/\/jp2doc.pl\/fr\/wp-content\/uploads\/sites\/5\/2017\/09\/Refe_55f50f0ed2d95_unsplash_5252bb51404f8_1-1.jpg","width":1282,"height":855},{"@type":"BreadcrumbList","@id":"https:\/\/jp2doc.pl\/fr\/2021\/05\/02\/pour-etre-fidele-a-dieu\/#breadcrumb","itemListElement":[{"@type":"ListItem","position":1,"name":"Home","item":"https:\/\/jp2doc.pl\/fr\/"},{"@type":"ListItem","position":2,"name":"Pour \u00eatre fid\u00e8le \u00e0 Dieu"}]},{"@type":"WebSite","@id":"https:\/\/jp2doc.pl\/fr\/#website","url":"https:\/\/jp2doc.pl\/fr\/","name":"Centre de Documentation et d\u2019Etude du Pontificat de Jean-Paul II \u00e0 Rome","description":"","publisher":{"@id":"https:\/\/jp2doc.pl\/fr\/#organization"},"potentialAction":[{"@type":"SearchAction","target":{"@type":"EntryPoint","urlTemplate":"https:\/\/jp2doc.pl\/fr\/?s={search_term_string}"},"query-input":{"@type":"PropertyValueSpecification","valueRequired":true,"valueName":"search_term_string"}}],"inLanguage":"fr-FR"},{"@type":"Organization","@id":"https:\/\/jp2doc.pl\/fr\/#organization","name":"Centre de Documentation et d\u2019Etude du Pontificat de Jean-Paul II \u00e0 Rome","url":"https:\/\/jp2doc.pl\/fr\/","logo":{"@type":"ImageObject","inLanguage":"fr-FR","@id":"https:\/\/jp2doc.pl\/fr\/#\/schema\/logo\/image\/","url":"https:\/\/jp2doc.pl\/fr\/wp-content\/uploads\/sites\/5\/2017\/03\/cropped-logo.png","contentUrl":"https:\/\/jp2doc.pl\/fr\/wp-content\/uploads\/sites\/5\/2017\/03\/cropped-logo.png","width":115,"height":115,"caption":"Centre de Documentation et d\u2019Etude du Pontificat de Jean-Paul II \u00e0 Rome"},"image":{"@id":"https:\/\/jp2doc.pl\/fr\/#\/schema\/logo\/image\/"}},{"@type":"Person","@id":"https:\/\/jp2doc.pl\/fr\/#\/schema\/person\/6110109e80abb51f6fac4824777eabfe","name":"juliasercanka","image":{"@type":"ImageObject","inLanguage":"fr-FR","@id":"https:\/\/jp2doc.pl\/fr\/#\/schema\/person\/image\/","url":"https:\/\/secure.gravatar.com\/avatar\/266a66e864556e22d55d61b6b10c97fab9060767b738564bcd109f3997e372bc?s=96&d=mm&r=g","contentUrl":"https:\/\/secure.gravatar.com\/avatar\/266a66e864556e22d55d61b6b10c97fab9060767b738564bcd109f3997e372bc?s=96&d=mm&r=g","caption":"juliasercanka"},"url":"https:\/\/jp2doc.pl\/fr\/author\/juliasercanka\/"}]}},"_links":{"self":[{"href":"https:\/\/jp2doc.pl\/fr\/wp-json\/wp\/v2\/posts\/1908","targetHints":{"allow":["GET"]}}],"collection":[{"href":"https:\/\/jp2doc.pl\/fr\/wp-json\/wp\/v2\/posts"}],"about":[{"href":"https:\/\/jp2doc.pl\/fr\/wp-json\/wp\/v2\/types\/post"}],"author":[{"embeddable":true,"href":"https:\/\/jp2doc.pl\/fr\/wp-json\/wp\/v2\/users\/5"}],"replies":[{"embeddable":true,"href":"https:\/\/jp2doc.pl\/fr\/wp-json\/wp\/v2\/comments?post=1908"}],"version-history":[{"count":1,"href":"https:\/\/jp2doc.pl\/fr\/wp-json\/wp\/v2\/posts\/1908\/revisions"}],"predecessor-version":[{"id":1909,"href":"https:\/\/jp2doc.pl\/fr\/wp-json\/wp\/v2\/posts\/1908\/revisions\/1909"}],"wp:featuredmedia":[{"embeddable":true,"href":"https:\/\/jp2doc.pl\/fr\/wp-json\/wp\/v2\/media\/1247"}],"wp:attachment":[{"href":"https:\/\/jp2doc.pl\/fr\/wp-json\/wp\/v2\/media?parent=1908"}],"wp:term":[{"taxonomy":"category","embeddable":true,"href":"https:\/\/jp2doc.pl\/fr\/wp-json\/wp\/v2\/categories?post=1908"},{"taxonomy":"post_tag","embeddable":true,"href":"https:\/\/jp2doc.pl\/fr\/wp-json\/wp\/v2\/tags?post=1908"}],"curies":[{"name":"wp","href":"https:\/\/api.w.org\/{rel}","templated":true}]}}