{"id":1914,"date":"2021-05-16T13:06:43","date_gmt":"2021-05-16T11:06:43","guid":{"rendered":"https:\/\/jp2doc.pl\/fr\/?p=1914"},"modified":"2021-05-16T13:06:45","modified_gmt":"2021-05-16T11:06:45","slug":"etre-temoin","status":"publish","type":"post","link":"https:\/\/jp2doc.pl\/fr\/2021\/05\/16\/etre-temoin\/","title":{"rendered":"\u00catre t\u00e9moin\u2026"},"content":{"rendered":"\n<p>Ac 1, 1-11&nbsp;; Eph 4, 1-16&nbsp;; Mc 16, 15-20<\/p>\n\n\n\n<p>Quarante jours apr\u00e8s P\u00e2ques, nous c\u00e9l\u00e9brons dans l\u2019\u00c9glise la f\u00eate de l\u2019Ascension du Seigneur. Dans la premi\u00e8re lecture, du livre des Actes des Ap\u00f4tres, saint Luc \u00e9crit en effet&nbsp;\u00e0 Th\u00e9ophile, son interlocuteur, ce qui suit : \u00ab&nbsp;Mon cher Th\u00e9ophile, dans mon premier livre j\u2019ai parl\u00e9 de tout ce que J\u00e9sus a fait et enseign\u00e9 depuis le commencement jusqu\u2019au jour o\u00f9 il fut enlev\u00e9 au ciel [\u2026], pendant quarante jours, il [\u2026] \u00e9tait apparu [aux Ap\u00f4tres], et leur avait parl\u00e9 du Royaume de Dieu&nbsp;\u00bb.<\/p>\n\n\n\n<p>Mais Celui qui est mont\u00e9 au ciel en \u00e9tait d\u2019abord descendu comme le dit si bien saint Paul dans la deuxi\u00e8me lecture. Et en fait, dans la Profession de foi (Credo), nous disons&nbsp;: \u00ab&nbsp;Pour nous les hommes et pour notre salut, il descendit du ciel&nbsp;\u00bb (<em>Missel du dimanche<\/em>).<\/p>\n\n\n\n<p>Le salut consiste dans l\u2019inauguration d\u2019une nouvelle cr\u00e9ation, dans une re-cr\u00e9ation. A l\u2019aube de la premi\u00e8re cr\u00e9ation, Dieu donna des instructions \u00e0 l\u2019homme et \u00e0 la femme. Le livre de la Gen\u00e8se en parle en ces termes&nbsp;: \u00ab&nbsp;Dieu les b\u00e9nit et Dieu leur dit&nbsp;: \u00ab\u00a0Soyez f\u00e9conds et prolifiques, remplissez la terre et dominez-la. Soumettez les poissons de la mer, les oiseaux du ciel et toute b\u00eate qui remue sur la terre&nbsp;!\u00a0\u00bb&nbsp;\u00bb (Gn 1, 28).<\/p>\n\n\n\n<p>On voit une certaine insistance sur la domination que l\u2019homme doit exercer sur le monde. Mais on sait que la domination peut conduire \u00e0 des abus. Et l\u2019homme a effectivement abus\u00e9, abuse effectivement du pouvoir que Dieu lui a donn\u00e9.<\/p>\n\n\n\n<p>A l\u2019aube de la nouvelle cr\u00e9ation ou de la re-cr\u00e9ation de l\u2019humanit\u00e9, le Christ donne des instructions \u00e0 ses disciples. Que leur dit-il&nbsp;? Essentiellement deux choses&nbsp;:<\/p>\n\n\n\n<p>1\u00b0 De rester \u00e0 J\u00e9rusalem&nbsp;: \u00e0 ce propos, saint Luc \u00e9crit&nbsp;dans les Actes des Ap\u00f4tres : \u00ab&nbsp;Au cours d\u2019un repas qu\u2019il prenait avec eux [les Ap\u00f4tres], il leur donna l\u2019ordre de ne pas quitter J\u00e9rusalem mais d\u2019y attendre ce que le P\u00e8re avait promis&nbsp;\u00bb. Qu\u2019est donc J\u00e9rusalem&nbsp;? J\u00e9rusalem, ce sont nos milieux de vie, c\u2019est-\u00e0-dire nos familles, nos quartiers, nos lieux de travail, nos lieux d\u2019\u00e9ducation, nos pays. C\u2019est dans ces lieux que Dieu entend nous rejoindre pour nous transformer avec la force du Saint-Esprit. La tendance de l\u2019homme de notre temps c\u2019est&nbsp; de croire que le bonheur est ailleurs, la chance est ailleurs, Dieu est ailleurs. Le Christ change tout cela sous la forme d\u2019un ordre&nbsp;: Dieu vient chez nous, l\u2019Esprit&nbsp; Saint nous est offert chez nous.<\/p>\n\n\n\n<p>2\u00b0 De devenir des t\u00e9moins&nbsp;: sur ce, saint Luc \u00e9crit&nbsp;: \u00ab&nbsp;Alors [, dit J\u00e9sus,] vous serez mes t\u00e9moins \u00e0 J\u00e9rusalem, dans toute la Jud\u00e9e et la Samarie, et jusqu\u2019aux extr\u00e9mit\u00e9s de la terre&nbsp;\u00bb. Saint Marc en parle dans l\u2019\u00e9vangile. Il \u00e9crit&nbsp;: \u00ab&nbsp;J\u00e9sus ressuscit\u00e9 dit aux onze Ap\u00f4tres&nbsp;: \u00ab\u00a0Allez dans le monde entier. Proclamez la Bonne Nouvelle \u00e0 toute la cr\u00e9ation\u00a0\u00bb&nbsp;\u00bb.<\/p>\n\n\n\n<p>\u00catre t\u00e9moin, ici, ne signifie pas seulement \u00eatre pr\u00e9sent au lieu o\u00f9 se passe ou encore doit se passer un \u00e9v\u00e9nement. \u00catre t\u00e9moin, ici, signifie en plus, \u00eatre l\u00e0 pour un autre. Cet autre, c\u2019est le Christ. Dans sa deuxi\u00e8me lettre aux Corinthiens, saint Paul \u00e9crit&nbsp;: C\u2019est au nom du Christ que nous sommes en ambassade&nbsp;\u00bb (2 Co 5, 20). Nous sommes donc, \u00e0 la suite des Ap\u00f4tres, des ambassadeurs du Christ.<\/p>\n\n\n\n<p>Certes, l\u2019Esprit nous rejoint l\u00e0 nous vivons. Mais une fois transform\u00e9, notre t\u00e9moignage doit d\u00e9border notre milieu de vie. Il n\u2019y a pas un milieu o\u00f9 nous ne devons pas porter le Christ. En tout ce que nous disons, en tout ce que nous faisons, partout o\u00f9 nous allons, on doit voir que nous appartenons au Christ.<\/p>\n\n\n\n<p>Maintenant, on peut se poser une question&nbsp;: quels sont les \u00e9l\u00e9ments qui rendent authentiques le t\u00e9moignage que nous devons au Christ&nbsp;?<\/p>\n\n\n\n<p>Pour r\u00e9pondre \u00e0 cette question, nous devons nous tourner vers la deuxi\u00e8me lecture. Ici, Saint Paul \u00e9crit aux Eph\u00e9siens en ces termes&nbsp;: \u00ab&nbsp;Fr\u00e8res, moi qui suit en prison \u00e0 cause du Seigneur, je vous encourage \u00e0 suivre fid\u00e8lement l\u2019appel que vous avez re\u00e7u de Dieu&nbsp;\u00bb. Cet appel, qui constitue le contenu du t\u00e9moignage chr\u00e9tien, Saint Paul le d\u00e9finit comme suit&nbsp;: \u00ab&nbsp;ayez beaucoup d\u2019humilit\u00e9, de douceur et de patience, supportez-vous les uns les autres avec amour&nbsp;; rassembl\u00e9s dans la paix, ayez \u00e0 c\u0153ur de garder l\u2019unit\u00e9 dans un m\u00eame esprit&nbsp;\u00bb.<\/p>\n\n\n\n<p>Les valeurs que nous devons incarner dans notre t\u00e9moignage chr\u00e9tien, gr\u00e2ce \u00e0 la pr\u00e9sence de l\u2019Esprit Saint, sont l\u00e0&nbsp;: l\u2019humilit\u00e9, la douceur, la patience, l\u2019amour, la paix, l\u2019unit\u00e9.<\/p>\n\n\n\n<p>Nous avons vu que dans la premi\u00e8re cr\u00e9ation l\u2019homme \u00e9tait appel\u00e9 \u00e0 dominer le monde. Ici dans la nouvelle cr\u00e9ation, l\u2019homme est appel\u00e9 \u00e0 se dominer lui-m\u00eame. Si on est incapable de se dominer soi-m\u00eame, on ne pourra \u00eatre ni humble, ni doux, ni patient, ni affable. Au contraire, on va apporter la violence et la division autour de soi. Ce n\u2019est sans doute pas pour rien que Saint Paul mentionne qu\u2019il est \u00ab&nbsp;en prison \u00e0 cause du Seigneur&nbsp;\u00bb. \u00catre en prison \u00e0 cause du Seigneur peut bien signifier \u00ab&nbsp;\u00eatre \u00e9troitement li\u00e9 \u00e0 Dieu&nbsp;\u00bb. En effet, dans sa lettre aux Romains, Saint Paul \u00e9crit&nbsp;: \u00ab&nbsp;Mais maintenant lib\u00e9r\u00e9s du p\u00e9ch\u00e9 et devenus esclaves de Dieu, vous portez les fruits qui conduisent \u00e0 la sanctification&nbsp;\u00bb (Rm 6, 22).<\/p>\n\n\n\n<p>Ces fruits, ce sont les \u00e9l\u00e9ments qui rendent authentiques le t\u00e9moignage chr\u00e9tien. C\u2019est gr\u00e2ce \u00e0 eux que les miracles dont J\u00e9sus parle dans l\u2019\u00e9vangile peuvent se produire par notre pr\u00e9sence.<\/p>\n\n\n\n<p>Demandons \u00e0 Dieu la gr\u00e2ce de la fid\u00e9lit\u00e9 aux instructions que le Christ a donn\u00e9es au Ap\u00f4tres avant d\u2019\u00eatre enlev\u00e9 au ciel, la gr\u00e2ce d\u2019\u00eatre humbles, doux, patients les uns envers les autres,&nbsp;; la gr\u00e2ce de nous supporter mutuellement et de garder l\u2019unit\u00e9 entre nous dans l\u2019attente de l\u2019esprit Saint.<\/p>\n\n\n\n<p><strong>Abb\u00e9 Jean Claude Ciza<\/strong><\/p>\n","protected":false},"excerpt":{"rendered":"<p>Dimanche de l\u2019Ascension du Seigneur<\/p>\n","protected":false},"author":5,"featured_media":1614,"comment_status":"open","ping_status":"open","sticky":false,"template":"","format":"standard","meta":{"_acf_changed":false,"_exactmetrics_skip_tracking":false,"_exactmetrics_sitenote_active":false,"_exactmetrics_sitenote_note":"","_exactmetrics_sitenote_category":0,"footnotes":""},"categories":[4,13,14],"tags":[],"class_list":["post-1914","post","type-post","status-publish","format-standard","has-post-thumbnail","hentry","category-blog","category-strona-glowna-najnowsze","category-strona-glowna-slider"],"acf":[],"yoast_head":"<!-- This site is optimized with the Yoast SEO plugin v26.2 - https:\/\/yoast.com\/wordpress\/plugins\/seo\/ -->\n<title>\u00catre t\u00e9moin\u2026 - Centre de Documentation et d\u2019Etude du Pontificat de Jean-Paul II \u00e0 Rome<\/title>\n<meta name=\"robots\" content=\"index, follow, max-snippet:-1, max-image-preview:large, max-video-preview:-1\" \/>\n<link rel=\"canonical\" href=\"https:\/\/jp2doc.pl\/fr\/2021\/05\/16\/etre-temoin\/\" \/>\n<meta property=\"og:locale\" content=\"fr_FR\" \/>\n<meta property=\"og:type\" content=\"article\" \/>\n<meta property=\"og:title\" content=\"\u00catre t\u00e9moin\u2026 - Centre de Documentation et d\u2019Etude du Pontificat de Jean-Paul II \u00e0 Rome\" \/>\n<meta property=\"og:description\" content=\"Dimanche de l\u2019Ascension du Seigneur\" \/>\n<meta property=\"og:url\" content=\"https:\/\/jp2doc.pl\/fr\/2021\/05\/16\/etre-temoin\/\" \/>\n<meta property=\"og:site_name\" content=\"Centre de Documentation et d\u2019Etude du Pontificat de Jean-Paul II \u00e0 Rome\" \/>\n<meta property=\"article:published_time\" content=\"2021-05-16T11:06:43+00:00\" \/>\n<meta property=\"article:modified_time\" content=\"2021-05-16T11:06:45+00:00\" \/>\n<meta property=\"og:image\" content=\"https:\/\/jp2doc.pl\/fr\/wp-content\/uploads\/sites\/5\/2020\/01\/artur-dziula-OoCpqKPjU08-unsplash.jpg\" \/>\n\t<meta property=\"og:image:width\" content=\"1421\" \/>\n\t<meta property=\"og:image:height\" content=\"883\" \/>\n\t<meta property=\"og:image:type\" content=\"image\/jpeg\" \/>\n<meta name=\"author\" content=\"juliasercanka\" \/>\n<meta name=\"twitter:card\" content=\"summary_large_image\" \/>\n<meta name=\"twitter:label1\" content=\"\u00c9crit par\" \/>\n\t<meta name=\"twitter:data1\" content=\"juliasercanka\" \/>\n\t<meta name=\"twitter:label2\" content=\"Dur\u00e9e de lecture estim\u00e9e\" \/>\n\t<meta name=\"twitter:data2\" content=\"5 minutes\" \/>\n<script type=\"application\/ld+json\" class=\"yoast-schema-graph\">{\"@context\":\"https:\/\/schema.org\",\"@graph\":[{\"@type\":\"Article\",\"@id\":\"https:\/\/jp2doc.pl\/fr\/2021\/05\/16\/etre-temoin\/#article\",\"isPartOf\":{\"@id\":\"https:\/\/jp2doc.pl\/fr\/2021\/05\/16\/etre-temoin\/\"},\"author\":{\"name\":\"juliasercanka\",\"@id\":\"https:\/\/jp2doc.pl\/fr\/#\/schema\/person\/6110109e80abb51f6fac4824777eabfe\"},\"headline\":\"\u00catre t\u00e9moin\u2026\",\"datePublished\":\"2021-05-16T11:06:43+00:00\",\"dateModified\":\"2021-05-16T11:06:45+00:00\",\"mainEntityOfPage\":{\"@id\":\"https:\/\/jp2doc.pl\/fr\/2021\/05\/16\/etre-temoin\/\"},\"wordCount\":1096,\"commentCount\":0,\"publisher\":{\"@id\":\"https:\/\/jp2doc.pl\/fr\/#organization\"},\"image\":{\"@id\":\"https:\/\/jp2doc.pl\/fr\/2021\/05\/16\/etre-temoin\/#primaryimage\"},\"thumbnailUrl\":\"https:\/\/jp2doc.pl\/fr\/wp-content\/uploads\/sites\/5\/2020\/01\/artur-dziula-OoCpqKPjU08-unsplash.jpg\",\"articleSection\":[\"Blog\",\"Strona g\u0142\u00f3wna - najnowsze\",\"Strona g\u0142\u00f3wna - slider\"],\"inLanguage\":\"fr-FR\",\"potentialAction\":[{\"@type\":\"CommentAction\",\"name\":\"Comment\",\"target\":[\"https:\/\/jp2doc.pl\/fr\/2021\/05\/16\/etre-temoin\/#respond\"]}]},{\"@type\":\"WebPage\",\"@id\":\"https:\/\/jp2doc.pl\/fr\/2021\/05\/16\/etre-temoin\/\",\"url\":\"https:\/\/jp2doc.pl\/fr\/2021\/05\/16\/etre-temoin\/\",\"name\":\"\u00catre t\u00e9moin\u2026 - Centre de Documentation et d\u2019Etude du Pontificat de Jean-Paul II \u00e0 Rome\",\"isPartOf\":{\"@id\":\"https:\/\/jp2doc.pl\/fr\/#website\"},\"primaryImageOfPage\":{\"@id\":\"https:\/\/jp2doc.pl\/fr\/2021\/05\/16\/etre-temoin\/#primaryimage\"},\"image\":{\"@id\":\"https:\/\/jp2doc.pl\/fr\/2021\/05\/16\/etre-temoin\/#primaryimage\"},\"thumbnailUrl\":\"https:\/\/jp2doc.pl\/fr\/wp-content\/uploads\/sites\/5\/2020\/01\/artur-dziula-OoCpqKPjU08-unsplash.jpg\",\"datePublished\":\"2021-05-16T11:06:43+00:00\",\"dateModified\":\"2021-05-16T11:06:45+00:00\",\"breadcrumb\":{\"@id\":\"https:\/\/jp2doc.pl\/fr\/2021\/05\/16\/etre-temoin\/#breadcrumb\"},\"inLanguage\":\"fr-FR\",\"potentialAction\":[{\"@type\":\"ReadAction\",\"target\":[\"https:\/\/jp2doc.pl\/fr\/2021\/05\/16\/etre-temoin\/\"]}]},{\"@type\":\"ImageObject\",\"inLanguage\":\"fr-FR\",\"@id\":\"https:\/\/jp2doc.pl\/fr\/2021\/05\/16\/etre-temoin\/#primaryimage\",\"url\":\"https:\/\/jp2doc.pl\/fr\/wp-content\/uploads\/sites\/5\/2020\/01\/artur-dziula-OoCpqKPjU08-unsplash.jpg\",\"contentUrl\":\"https:\/\/jp2doc.pl\/fr\/wp-content\/uploads\/sites\/5\/2020\/01\/artur-dziula-OoCpqKPjU08-unsplash.jpg\",\"width\":1421,\"height\":883},{\"@type\":\"BreadcrumbList\",\"@id\":\"https:\/\/jp2doc.pl\/fr\/2021\/05\/16\/etre-temoin\/#breadcrumb\",\"itemListElement\":[{\"@type\":\"ListItem\",\"position\":1,\"name\":\"Home\",\"item\":\"https:\/\/jp2doc.pl\/fr\/\"},{\"@type\":\"ListItem\",\"position\":2,\"name\":\"\u00catre t\u00e9moin\u2026\"}]},{\"@type\":\"WebSite\",\"@id\":\"https:\/\/jp2doc.pl\/fr\/#website\",\"url\":\"https:\/\/jp2doc.pl\/fr\/\",\"name\":\"Centre de Documentation et d\u2019Etude du Pontificat de Jean-Paul II \u00e0 Rome\",\"description\":\"\",\"publisher\":{\"@id\":\"https:\/\/jp2doc.pl\/fr\/#organization\"},\"potentialAction\":[{\"@type\":\"SearchAction\",\"target\":{\"@type\":\"EntryPoint\",\"urlTemplate\":\"https:\/\/jp2doc.pl\/fr\/?s={search_term_string}\"},\"query-input\":{\"@type\":\"PropertyValueSpecification\",\"valueRequired\":true,\"valueName\":\"search_term_string\"}}],\"inLanguage\":\"fr-FR\"},{\"@type\":\"Organization\",\"@id\":\"https:\/\/jp2doc.pl\/fr\/#organization\",\"name\":\"Centre de Documentation et d\u2019Etude du Pontificat de Jean-Paul II \u00e0 Rome\",\"url\":\"https:\/\/jp2doc.pl\/fr\/\",\"logo\":{\"@type\":\"ImageObject\",\"inLanguage\":\"fr-FR\",\"@id\":\"https:\/\/jp2doc.pl\/fr\/#\/schema\/logo\/image\/\",\"url\":\"https:\/\/jp2doc.pl\/fr\/wp-content\/uploads\/sites\/5\/2017\/03\/cropped-logo.png\",\"contentUrl\":\"https:\/\/jp2doc.pl\/fr\/wp-content\/uploads\/sites\/5\/2017\/03\/cropped-logo.png\",\"width\":115,\"height\":115,\"caption\":\"Centre de Documentation et d\u2019Etude du Pontificat de Jean-Paul II \u00e0 Rome\"},\"image\":{\"@id\":\"https:\/\/jp2doc.pl\/fr\/#\/schema\/logo\/image\/\"}},{\"@type\":\"Person\",\"@id\":\"https:\/\/jp2doc.pl\/fr\/#\/schema\/person\/6110109e80abb51f6fac4824777eabfe\",\"name\":\"juliasercanka\",\"image\":{\"@type\":\"ImageObject\",\"inLanguage\":\"fr-FR\",\"@id\":\"https:\/\/jp2doc.pl\/fr\/#\/schema\/person\/image\/\",\"url\":\"https:\/\/secure.gravatar.com\/avatar\/266a66e864556e22d55d61b6b10c97fab9060767b738564bcd109f3997e372bc?s=96&d=mm&r=g\",\"contentUrl\":\"https:\/\/secure.gravatar.com\/avatar\/266a66e864556e22d55d61b6b10c97fab9060767b738564bcd109f3997e372bc?s=96&d=mm&r=g\",\"caption\":\"juliasercanka\"},\"url\":\"https:\/\/jp2doc.pl\/fr\/author\/juliasercanka\/\"}]}<\/script>\n<!-- \/ Yoast SEO plugin. -->","yoast_head_json":{"title":"\u00catre t\u00e9moin\u2026 - Centre de Documentation et d\u2019Etude du Pontificat de Jean-Paul II \u00e0 Rome","robots":{"index":"index","follow":"follow","max-snippet":"max-snippet:-1","max-image-preview":"max-image-preview:large","max-video-preview":"max-video-preview:-1"},"canonical":"https:\/\/jp2doc.pl\/fr\/2021\/05\/16\/etre-temoin\/","og_locale":"fr_FR","og_type":"article","og_title":"\u00catre t\u00e9moin\u2026 - Centre de Documentation et d\u2019Etude du Pontificat de Jean-Paul II \u00e0 Rome","og_description":"Dimanche de l\u2019Ascension du Seigneur","og_url":"https:\/\/jp2doc.pl\/fr\/2021\/05\/16\/etre-temoin\/","og_site_name":"Centre de Documentation et d\u2019Etude du Pontificat de Jean-Paul II \u00e0 Rome","article_published_time":"2021-05-16T11:06:43+00:00","article_modified_time":"2021-05-16T11:06:45+00:00","og_image":[{"width":1421,"height":883,"url":"https:\/\/jp2doc.pl\/fr\/wp-content\/uploads\/sites\/5\/2020\/01\/artur-dziula-OoCpqKPjU08-unsplash.jpg","type":"image\/jpeg"}],"author":"juliasercanka","twitter_card":"summary_large_image","twitter_misc":{"\u00c9crit par":"juliasercanka","Dur\u00e9e de lecture estim\u00e9e":"5 minutes"},"schema":{"@context":"https:\/\/schema.org","@graph":[{"@type":"Article","@id":"https:\/\/jp2doc.pl\/fr\/2021\/05\/16\/etre-temoin\/#article","isPartOf":{"@id":"https:\/\/jp2doc.pl\/fr\/2021\/05\/16\/etre-temoin\/"},"author":{"name":"juliasercanka","@id":"https:\/\/jp2doc.pl\/fr\/#\/schema\/person\/6110109e80abb51f6fac4824777eabfe"},"headline":"\u00catre t\u00e9moin\u2026","datePublished":"2021-05-16T11:06:43+00:00","dateModified":"2021-05-16T11:06:45+00:00","mainEntityOfPage":{"@id":"https:\/\/jp2doc.pl\/fr\/2021\/05\/16\/etre-temoin\/"},"wordCount":1096,"commentCount":0,"publisher":{"@id":"https:\/\/jp2doc.pl\/fr\/#organization"},"image":{"@id":"https:\/\/jp2doc.pl\/fr\/2021\/05\/16\/etre-temoin\/#primaryimage"},"thumbnailUrl":"https:\/\/jp2doc.pl\/fr\/wp-content\/uploads\/sites\/5\/2020\/01\/artur-dziula-OoCpqKPjU08-unsplash.jpg","articleSection":["Blog","Strona g\u0142\u00f3wna - najnowsze","Strona g\u0142\u00f3wna - slider"],"inLanguage":"fr-FR","potentialAction":[{"@type":"CommentAction","name":"Comment","target":["https:\/\/jp2doc.pl\/fr\/2021\/05\/16\/etre-temoin\/#respond"]}]},{"@type":"WebPage","@id":"https:\/\/jp2doc.pl\/fr\/2021\/05\/16\/etre-temoin\/","url":"https:\/\/jp2doc.pl\/fr\/2021\/05\/16\/etre-temoin\/","name":"\u00catre t\u00e9moin\u2026 - Centre de Documentation et d\u2019Etude du Pontificat de Jean-Paul II \u00e0 Rome","isPartOf":{"@id":"https:\/\/jp2doc.pl\/fr\/#website"},"primaryImageOfPage":{"@id":"https:\/\/jp2doc.pl\/fr\/2021\/05\/16\/etre-temoin\/#primaryimage"},"image":{"@id":"https:\/\/jp2doc.pl\/fr\/2021\/05\/16\/etre-temoin\/#primaryimage"},"thumbnailUrl":"https:\/\/jp2doc.pl\/fr\/wp-content\/uploads\/sites\/5\/2020\/01\/artur-dziula-OoCpqKPjU08-unsplash.jpg","datePublished":"2021-05-16T11:06:43+00:00","dateModified":"2021-05-16T11:06:45+00:00","breadcrumb":{"@id":"https:\/\/jp2doc.pl\/fr\/2021\/05\/16\/etre-temoin\/#breadcrumb"},"inLanguage":"fr-FR","potentialAction":[{"@type":"ReadAction","target":["https:\/\/jp2doc.pl\/fr\/2021\/05\/16\/etre-temoin\/"]}]},{"@type":"ImageObject","inLanguage":"fr-FR","@id":"https:\/\/jp2doc.pl\/fr\/2021\/05\/16\/etre-temoin\/#primaryimage","url":"https:\/\/jp2doc.pl\/fr\/wp-content\/uploads\/sites\/5\/2020\/01\/artur-dziula-OoCpqKPjU08-unsplash.jpg","contentUrl":"https:\/\/jp2doc.pl\/fr\/wp-content\/uploads\/sites\/5\/2020\/01\/artur-dziula-OoCpqKPjU08-unsplash.jpg","width":1421,"height":883},{"@type":"BreadcrumbList","@id":"https:\/\/jp2doc.pl\/fr\/2021\/05\/16\/etre-temoin\/#breadcrumb","itemListElement":[{"@type":"ListItem","position":1,"name":"Home","item":"https:\/\/jp2doc.pl\/fr\/"},{"@type":"ListItem","position":2,"name":"\u00catre t\u00e9moin\u2026"}]},{"@type":"WebSite","@id":"https:\/\/jp2doc.pl\/fr\/#website","url":"https:\/\/jp2doc.pl\/fr\/","name":"Centre de Documentation et d\u2019Etude du Pontificat de Jean-Paul II \u00e0 Rome","description":"","publisher":{"@id":"https:\/\/jp2doc.pl\/fr\/#organization"},"potentialAction":[{"@type":"SearchAction","target":{"@type":"EntryPoint","urlTemplate":"https:\/\/jp2doc.pl\/fr\/?s={search_term_string}"},"query-input":{"@type":"PropertyValueSpecification","valueRequired":true,"valueName":"search_term_string"}}],"inLanguage":"fr-FR"},{"@type":"Organization","@id":"https:\/\/jp2doc.pl\/fr\/#organization","name":"Centre de Documentation et d\u2019Etude du Pontificat de Jean-Paul II \u00e0 Rome","url":"https:\/\/jp2doc.pl\/fr\/","logo":{"@type":"ImageObject","inLanguage":"fr-FR","@id":"https:\/\/jp2doc.pl\/fr\/#\/schema\/logo\/image\/","url":"https:\/\/jp2doc.pl\/fr\/wp-content\/uploads\/sites\/5\/2017\/03\/cropped-logo.png","contentUrl":"https:\/\/jp2doc.pl\/fr\/wp-content\/uploads\/sites\/5\/2017\/03\/cropped-logo.png","width":115,"height":115,"caption":"Centre de Documentation et d\u2019Etude du Pontificat de Jean-Paul II \u00e0 Rome"},"image":{"@id":"https:\/\/jp2doc.pl\/fr\/#\/schema\/logo\/image\/"}},{"@type":"Person","@id":"https:\/\/jp2doc.pl\/fr\/#\/schema\/person\/6110109e80abb51f6fac4824777eabfe","name":"juliasercanka","image":{"@type":"ImageObject","inLanguage":"fr-FR","@id":"https:\/\/jp2doc.pl\/fr\/#\/schema\/person\/image\/","url":"https:\/\/secure.gravatar.com\/avatar\/266a66e864556e22d55d61b6b10c97fab9060767b738564bcd109f3997e372bc?s=96&d=mm&r=g","contentUrl":"https:\/\/secure.gravatar.com\/avatar\/266a66e864556e22d55d61b6b10c97fab9060767b738564bcd109f3997e372bc?s=96&d=mm&r=g","caption":"juliasercanka"},"url":"https:\/\/jp2doc.pl\/fr\/author\/juliasercanka\/"}]}},"_links":{"self":[{"href":"https:\/\/jp2doc.pl\/fr\/wp-json\/wp\/v2\/posts\/1914","targetHints":{"allow":["GET"]}}],"collection":[{"href":"https:\/\/jp2doc.pl\/fr\/wp-json\/wp\/v2\/posts"}],"about":[{"href":"https:\/\/jp2doc.pl\/fr\/wp-json\/wp\/v2\/types\/post"}],"author":[{"embeddable":true,"href":"https:\/\/jp2doc.pl\/fr\/wp-json\/wp\/v2\/users\/5"}],"replies":[{"embeddable":true,"href":"https:\/\/jp2doc.pl\/fr\/wp-json\/wp\/v2\/comments?post=1914"}],"version-history":[{"count":1,"href":"https:\/\/jp2doc.pl\/fr\/wp-json\/wp\/v2\/posts\/1914\/revisions"}],"predecessor-version":[{"id":1915,"href":"https:\/\/jp2doc.pl\/fr\/wp-json\/wp\/v2\/posts\/1914\/revisions\/1915"}],"wp:featuredmedia":[{"embeddable":true,"href":"https:\/\/jp2doc.pl\/fr\/wp-json\/wp\/v2\/media\/1614"}],"wp:attachment":[{"href":"https:\/\/jp2doc.pl\/fr\/wp-json\/wp\/v2\/media?parent=1914"}],"wp:term":[{"taxonomy":"category","embeddable":true,"href":"https:\/\/jp2doc.pl\/fr\/wp-json\/wp\/v2\/categories?post=1914"},{"taxonomy":"post_tag","embeddable":true,"href":"https:\/\/jp2doc.pl\/fr\/wp-json\/wp\/v2\/tags?post=1914"}],"curies":[{"name":"wp","href":"https:\/\/api.w.org\/{rel}","templated":true}]}}