{"id":1921,"date":"2021-05-23T12:18:38","date_gmt":"2021-05-23T10:18:38","guid":{"rendered":"https:\/\/jp2doc.pl\/fr\/?p=1921"},"modified":"2021-05-23T12:18:40","modified_gmt":"2021-05-23T10:18:40","slug":"lesprit-saint-est-donne-a-tous","status":"publish","type":"post","link":"https:\/\/jp2doc.pl\/fr\/2021\/05\/23\/lesprit-saint-est-donne-a-tous\/","title":{"rendered":"L\u2019Esprit Saint est donn\u00e9 \u00e0 tous"},"content":{"rendered":"\n<p>Ac 2, 1-11\u00a0; Ga 5, 16-25\u00a0; Jn 15, 26-16, 15<\/p>\n\n\n\n<p>Nous lisons dans le <em>Missel du dimanche<\/em> (de Mgr Pierre Jounel) que \u00ab&nbsp;Le dimanche de la Pentec\u00f4te marque la cl\u00f4ture de la Cinquantaine pascale [\u2026]&nbsp;: c\u2019est le dernier jour de la f\u00eate [\u2026]. Mais c\u2019est surtout le jour de l\u2019effusion du Saint-Esprit sur les Ap\u00f4tres et du d\u00e9part missionnaire&nbsp;\u00bb. Les lectures que nous venons juste d\u2019entendre, nous parlent dut\u00e9moignage.<\/p>\n\n\n\n<p>Un t\u00e9moignage est un compte-rendu de ce que l\u2019on a vu ou entendu. Mais il peut \u00eatre aussi simplement la mani\u00e8re de mener la vie. Comme compte-rendu, pour \u00eatre cr\u00e9dible, un t\u00e9moignage doit \u00eatre vrai, c\u2019est-\u00e0-dire conforme \u00e0 la r\u00e9alit\u00e9. Et comme mani\u00e8re de mener la vie, pour \u00eatre cr\u00e9dible, un t\u00e9moignage doit refl\u00e9ter la coh\u00e9rence d\u2019une vie v\u00e9cue selon les valeurs.<\/p>\n\n\n\n<p>Bien aim\u00e9s de Dieu, dans l\u2019\u00e9vangile, parlant de l\u2019Esprit Saint, J\u00e9sus dit&nbsp;: \u00ab [\u2026] je vous enverrai d\u2019aupr\u00e8s du P\u00e8re [\u2026] l\u2019Esprit de v\u00e9rit\u00e9&nbsp;\u00bb. J\u00e9sus l\u2019appelle aussi \u00ab&nbsp;le D\u00e9fenseur&nbsp;\u00bb. L\u2019Esprit r\u00e9v\u00e8le le P\u00e8re et le Fils au monde. Il chasse les t\u00e9n\u00e8bres de l\u2019ignorance en \u00e9clairant la relation qui nous unit \u00e0 Dieu (nous sommes ses enfants) et la relation qui nous unit les uns aux autres (nous sommes tous fr\u00e8res). L\u2019Esprit d\u00e9fend la vie contre la mort en \u00e9clairant la conscience de l\u2019humanit\u00e9 sur le bien \u00e0 faire et le mal \u00e0 \u00e9viter. En tout cela, dit J\u00e9sus, \u00ab&nbsp;il rendra t\u00e9moignage en ma faveur&nbsp;\u00bb. Il rendra t\u00e9moignage en faveur du Christ qui est venu pour r\u00e9concilier les hommes avec Dieu et leur donner la vie en abondance.<\/p>\n\n\n\n<p>Inspir\u00e9s par l\u2019Esprit, les croyants aussi rendront t\u00e9moignage&nbsp;: \u00ab&nbsp;Et vous aussi, dit J\u00e9sus, vous rendrez t\u00e9moignage, vous qui \u00eates avec moi depuis le commencement&nbsp;\u00bb. Comme croyants, nous devons rendre t\u00e9moignage au Christ, quotidiennement, dans notre mani\u00e8re de vivre.<\/p>\n\n\n\n<p>Maintenant nous pouvons nous demander&nbsp;: est-ce que l\u2019Esprit Saint est donn\u00e9 \u00e0 tous les croyants&nbsp;? L\u2019\u00c9criture dit oui. En effet, dans Les Actes des Ap\u00f4tres, nous avons entendu ces paroles&nbsp;: \u00ab&nbsp;Ils [les disciples] virent appara\u00eetre comme une sorte de feu qui se partageait en langues et qui se posa sur chacun d\u2019eux. Alors ils furent tous remplis de l\u2019Esprit Saint&nbsp;\u00bb. Donc personne parmi nous ne peut raisonnablement dire&nbsp;: \u00ab&nbsp;Dieu m\u2019a oubli\u00e9&nbsp;\u00bb.<\/p>\n\n\n\n<p>Nous pouvons nous poser une autre question&nbsp;: est-ce que l\u2019Esprit Saint est capable de nous changer&nbsp;? Oui, nous dit l\u2019\u00c9criture. Et c\u2019est pour deux raisons&nbsp;:<\/p>\n\n\n\n<p>1\u00b0 L\u2019Esprit est une force&nbsp;: \u00ab&nbsp;Quand arriva la Pentec\u00f4te, avons-nous entendu dans les Actes des Ap\u00f4tres, ils se trouvaient r\u00e9unis tous ensemble. Soudain il vint du ciel pareil \u00e0 celui d\u2019un violent coup de vent&nbsp;: toute la maison o\u00f9 ils se tenaient en fut remplie&nbsp;\u00bb. Comme force, l\u2019Esprit Saint est capable de nous bouger de l\u00e0 o\u00f9 nous sommes, de nous changer de position, de nous faire changer d\u2019id\u00e9es, d\u2019avis.<\/p>\n\n\n\n<p>2\u00b0 L\u2019Esprit est un feu&nbsp;: nous avons d\u00e9j\u00e0 mentionn\u00e9 cela&nbsp;: \u00ab&nbsp;Ils [les disciples] virent appara\u00eetre comme une sorte de feu qui se partageait en langues et qui se posa sur chacun d\u2019eux&nbsp;\u00bb. Comme feu, l\u2019Esprit est capable de nous transformer, de nous purifier.<\/p>\n\n\n\n<p>L\u2019Esprit Saint ne laisse donc pas l\u2019homme indiff\u00e9rent. Il faut un effort d\u00e9lib\u00e9r\u00e9 de la part de l\u2019homme pour r\u00e9sister \u00e0 la pr\u00e9sence de l\u2019Esprit Saint.<\/p>\n\n\n\n<p>J\u00e9sus, dans l\u2019\u00e9vangile, nous a pr\u00e9sent\u00e9 le Saint Esprit comme \u00ab&nbsp;D\u00e9fenseur&nbsp;\u00bb et comme \u00ab&nbsp;Guide vers la v\u00e9rit\u00e9 tout enti\u00e8re&nbsp;\u00bb. Dans ces r\u00f4les, qu\u2019est-ce que l\u2019Esprit Saint offre aux croyants&nbsp;? <em>Le Cat\u00e9chisme de l\u2019\u00c9glise catholique<\/em> (1992, \u00a7 1832) \u00e9num\u00e8re douze (12) fruits de l\u2019Esprit qui \u00ab&nbsp;sont des perfections que forme en nous le Saint-Esprit comme des pr\u00e9mices de la gloire \u00e9ternelle&nbsp;\u00bb. Ces fruits sont&nbsp;: \u00ab&nbsp;charit\u00e9, joie, patience, longanimit\u00e9, bont\u00e9, b\u00e9nignit\u00e9, mansu\u00e9tude, fid\u00e9lit\u00e9, modestie, continence, chastet\u00e9&nbsp;\u00bb. <em>Le Cat\u00e9chisme de l\u2019\u00c9glise catholique<\/em> renvoie \u00e0 Ga 5, 22-23, c\u2019est-\u00e0-dire \u00e0 la deuxi\u00e8me lecture d\u2019aujourd\u2019hui o\u00f9 saint Paul parle de ce que produit l\u2019Esprit, \u00e0 savoir&nbsp;: amour, joie, paix, patience, bont\u00e9, bienveillance, foi, humilit\u00e9 et ma\u00eetrise de soi&nbsp;\u00bb.<\/p>\n\n\n\n<p>Mes fr\u00e8res et s\u0153urs, ces fruits sont des rem\u00e8des, des m\u00e9dicaments efficaces contre les maladies qui nous rongent, contre les maladies qui d\u00e9truisent l\u2019harmonie, la concorde entre les hommes et m\u00eame entre les croyants. Saint Paul les pr\u00e9sente comme suit&nbsp;: \u00ab&nbsp;d\u00e9bauche, impuret\u00e9, obsc\u00e9nit\u00e9, idol\u00e2trie, sorcellerie, haines, querelles, jalousie, col\u00e8re, envie, divisions, sectarisme, rivalit\u00e9s, beuveries, gloutonnerie et autres choses du m\u00eame genre&nbsp;\u00bb.<\/p>\n\n\n\n<p>Dans Les Actes des Ap\u00f4tres, on nous fait conna\u00eetre un autre fruit de l\u2019Esprit Saint qui entre aussi dans le combat contre ces maladies. <em>C\u2019est l\u2019universalit\u00e9\u00a0:<\/em> \u00ab\u00a0Lorsque les gens entendirent le bruit, ils se rassembl\u00e8rent en foule. Ils \u00e9taient dans la stup\u00e9faction parce que chacun d\u2019eux les entendait parler sa propre langue\u00a0\u00bb. Les croyants sont appel\u00e9s \u00e0 se d\u00e9passer, \u00e0 d\u00e9passer leurs barri\u00e8res familiales, r\u00e9gionales, tribales, raciales, rituelles pour rejoindre tous les hommes, l\u00e0 o\u00f9 ils se trouvent. La patrie du croyant, c\u2019est le monde entier\u00a0; la nation du croyant, c\u2019est toute l\u2019humanit\u00e9\u00a0; sa langue, c\u2019est le bien. Le monde croira en Dieu, l\u2019humanit\u00e9 rendra gloire \u00e0 Dieu, si les croyants, sous l\u2019inspiration du Saint Esprit, t\u00e9moignent du Christ dans leur vie quotidienne. Comme pour les disciples le jour de la Pentec\u00f4te, puisse Dieu accord\u00e9 \u00e0 chacun de nous la gr\u00e2ce de s\u2019exprimer \u00ab\u00a0selon le don de l\u2019Esprit\u00a0\u00bb.<\/p>\n\n\n\n<p><strong>Abb\u00e9 Jean Claude Ciza<\/strong><\/p>\n\n\n\n<p><em>Fot. Joshua Earle\/Unsplash.com<\/em><\/p>\n","protected":false},"excerpt":{"rendered":"<p>Dimanche de la Pentec\u00f4te<\/p>\n","protected":false},"author":5,"featured_media":1922,"comment_status":"open","ping_status":"open","sticky":false,"template":"","format":"standard","meta":{"_acf_changed":false,"_exactmetrics_skip_tracking":false,"_exactmetrics_sitenote_active":false,"_exactmetrics_sitenote_note":"","_exactmetrics_sitenote_category":0,"footnotes":""},"categories":[4,13,14],"tags":[],"class_list":["post-1921","post","type-post","status-publish","format-standard","has-post-thumbnail","hentry","category-blog","category-strona-glowna-najnowsze","category-strona-glowna-slider"],"acf":[],"yoast_head":"<!-- This site is optimized with the Yoast SEO plugin v26.2 - https:\/\/yoast.com\/wordpress\/plugins\/seo\/ -->\n<title>L\u2019Esprit Saint est donn\u00e9 \u00e0 tous - Centre de Documentation et d\u2019Etude du Pontificat de Jean-Paul II \u00e0 Rome<\/title>\n<meta name=\"robots\" content=\"index, follow, max-snippet:-1, max-image-preview:large, max-video-preview:-1\" \/>\n<link rel=\"canonical\" href=\"https:\/\/jp2doc.pl\/fr\/2021\/05\/23\/lesprit-saint-est-donne-a-tous\/\" \/>\n<meta property=\"og:locale\" content=\"fr_FR\" \/>\n<meta property=\"og:type\" content=\"article\" \/>\n<meta property=\"og:title\" content=\"L\u2019Esprit Saint est donn\u00e9 \u00e0 tous - Centre de Documentation et d\u2019Etude du Pontificat de Jean-Paul II \u00e0 Rome\" \/>\n<meta property=\"og:description\" content=\"Dimanche de la Pentec\u00f4te\" \/>\n<meta property=\"og:url\" content=\"https:\/\/jp2doc.pl\/fr\/2021\/05\/23\/lesprit-saint-est-donne-a-tous\/\" \/>\n<meta property=\"og:site_name\" content=\"Centre de Documentation et d\u2019Etude du Pontificat de Jean-Paul II \u00e0 Rome\" \/>\n<meta property=\"article:published_time\" content=\"2021-05-23T10:18:38+00:00\" \/>\n<meta property=\"article:modified_time\" content=\"2021-05-23T10:18:40+00:00\" \/>\n<meta property=\"og:image\" content=\"https:\/\/jp2doc.pl\/fr\/wp-content\/uploads\/sites\/5\/2021\/05\/joshua-earle-9idqIGrLuTE-unsplash.jpg\" \/>\n\t<meta property=\"og:image:width\" content=\"1350\" \/>\n\t<meta property=\"og:image:height\" content=\"900\" \/>\n\t<meta property=\"og:image:type\" content=\"image\/jpeg\" \/>\n<meta name=\"author\" content=\"juliasercanka\" \/>\n<meta name=\"twitter:card\" content=\"summary_large_image\" \/>\n<meta name=\"twitter:label1\" content=\"\u00c9crit par\" \/>\n\t<meta name=\"twitter:data1\" content=\"juliasercanka\" \/>\n\t<meta name=\"twitter:label2\" content=\"Dur\u00e9e de lecture estim\u00e9e\" \/>\n\t<meta name=\"twitter:data2\" content=\"4 minutes\" \/>\n<script type=\"application\/ld+json\" class=\"yoast-schema-graph\">{\"@context\":\"https:\/\/schema.org\",\"@graph\":[{\"@type\":\"Article\",\"@id\":\"https:\/\/jp2doc.pl\/fr\/2021\/05\/23\/lesprit-saint-est-donne-a-tous\/#article\",\"isPartOf\":{\"@id\":\"https:\/\/jp2doc.pl\/fr\/2021\/05\/23\/lesprit-saint-est-donne-a-tous\/\"},\"author\":{\"name\":\"juliasercanka\",\"@id\":\"https:\/\/jp2doc.pl\/fr\/#\/schema\/person\/6110109e80abb51f6fac4824777eabfe\"},\"headline\":\"L\u2019Esprit Saint est donn\u00e9 \u00e0 tous\",\"datePublished\":\"2021-05-23T10:18:38+00:00\",\"dateModified\":\"2021-05-23T10:18:40+00:00\",\"mainEntityOfPage\":{\"@id\":\"https:\/\/jp2doc.pl\/fr\/2021\/05\/23\/lesprit-saint-est-donne-a-tous\/\"},\"wordCount\":1041,\"commentCount\":0,\"publisher\":{\"@id\":\"https:\/\/jp2doc.pl\/fr\/#organization\"},\"image\":{\"@id\":\"https:\/\/jp2doc.pl\/fr\/2021\/05\/23\/lesprit-saint-est-donne-a-tous\/#primaryimage\"},\"thumbnailUrl\":\"https:\/\/jp2doc.pl\/fr\/wp-content\/uploads\/sites\/5\/2021\/05\/joshua-earle-9idqIGrLuTE-unsplash.jpg\",\"articleSection\":[\"Blog\",\"Strona g\u0142\u00f3wna - najnowsze\",\"Strona g\u0142\u00f3wna - slider\"],\"inLanguage\":\"fr-FR\",\"potentialAction\":[{\"@type\":\"CommentAction\",\"name\":\"Comment\",\"target\":[\"https:\/\/jp2doc.pl\/fr\/2021\/05\/23\/lesprit-saint-est-donne-a-tous\/#respond\"]}]},{\"@type\":\"WebPage\",\"@id\":\"https:\/\/jp2doc.pl\/fr\/2021\/05\/23\/lesprit-saint-est-donne-a-tous\/\",\"url\":\"https:\/\/jp2doc.pl\/fr\/2021\/05\/23\/lesprit-saint-est-donne-a-tous\/\",\"name\":\"L\u2019Esprit Saint est donn\u00e9 \u00e0 tous - Centre de Documentation et d\u2019Etude du Pontificat de Jean-Paul II \u00e0 Rome\",\"isPartOf\":{\"@id\":\"https:\/\/jp2doc.pl\/fr\/#website\"},\"primaryImageOfPage\":{\"@id\":\"https:\/\/jp2doc.pl\/fr\/2021\/05\/23\/lesprit-saint-est-donne-a-tous\/#primaryimage\"},\"image\":{\"@id\":\"https:\/\/jp2doc.pl\/fr\/2021\/05\/23\/lesprit-saint-est-donne-a-tous\/#primaryimage\"},\"thumbnailUrl\":\"https:\/\/jp2doc.pl\/fr\/wp-content\/uploads\/sites\/5\/2021\/05\/joshua-earle-9idqIGrLuTE-unsplash.jpg\",\"datePublished\":\"2021-05-23T10:18:38+00:00\",\"dateModified\":\"2021-05-23T10:18:40+00:00\",\"breadcrumb\":{\"@id\":\"https:\/\/jp2doc.pl\/fr\/2021\/05\/23\/lesprit-saint-est-donne-a-tous\/#breadcrumb\"},\"inLanguage\":\"fr-FR\",\"potentialAction\":[{\"@type\":\"ReadAction\",\"target\":[\"https:\/\/jp2doc.pl\/fr\/2021\/05\/23\/lesprit-saint-est-donne-a-tous\/\"]}]},{\"@type\":\"ImageObject\",\"inLanguage\":\"fr-FR\",\"@id\":\"https:\/\/jp2doc.pl\/fr\/2021\/05\/23\/lesprit-saint-est-donne-a-tous\/#primaryimage\",\"url\":\"https:\/\/jp2doc.pl\/fr\/wp-content\/uploads\/sites\/5\/2021\/05\/joshua-earle-9idqIGrLuTE-unsplash.jpg\",\"contentUrl\":\"https:\/\/jp2doc.pl\/fr\/wp-content\/uploads\/sites\/5\/2021\/05\/joshua-earle-9idqIGrLuTE-unsplash.jpg\",\"width\":1350,\"height\":900},{\"@type\":\"BreadcrumbList\",\"@id\":\"https:\/\/jp2doc.pl\/fr\/2021\/05\/23\/lesprit-saint-est-donne-a-tous\/#breadcrumb\",\"itemListElement\":[{\"@type\":\"ListItem\",\"position\":1,\"name\":\"Home\",\"item\":\"https:\/\/jp2doc.pl\/fr\/\"},{\"@type\":\"ListItem\",\"position\":2,\"name\":\"L\u2019Esprit Saint est donn\u00e9 \u00e0 tous\"}]},{\"@type\":\"WebSite\",\"@id\":\"https:\/\/jp2doc.pl\/fr\/#website\",\"url\":\"https:\/\/jp2doc.pl\/fr\/\",\"name\":\"Centre de Documentation et d\u2019Etude du Pontificat de Jean-Paul II \u00e0 Rome\",\"description\":\"\",\"publisher\":{\"@id\":\"https:\/\/jp2doc.pl\/fr\/#organization\"},\"potentialAction\":[{\"@type\":\"SearchAction\",\"target\":{\"@type\":\"EntryPoint\",\"urlTemplate\":\"https:\/\/jp2doc.pl\/fr\/?s={search_term_string}\"},\"query-input\":{\"@type\":\"PropertyValueSpecification\",\"valueRequired\":true,\"valueName\":\"search_term_string\"}}],\"inLanguage\":\"fr-FR\"},{\"@type\":\"Organization\",\"@id\":\"https:\/\/jp2doc.pl\/fr\/#organization\",\"name\":\"Centre de Documentation et d\u2019Etude du Pontificat de Jean-Paul II \u00e0 Rome\",\"url\":\"https:\/\/jp2doc.pl\/fr\/\",\"logo\":{\"@type\":\"ImageObject\",\"inLanguage\":\"fr-FR\",\"@id\":\"https:\/\/jp2doc.pl\/fr\/#\/schema\/logo\/image\/\",\"url\":\"https:\/\/jp2doc.pl\/fr\/wp-content\/uploads\/sites\/5\/2017\/03\/cropped-logo.png\",\"contentUrl\":\"https:\/\/jp2doc.pl\/fr\/wp-content\/uploads\/sites\/5\/2017\/03\/cropped-logo.png\",\"width\":115,\"height\":115,\"caption\":\"Centre de Documentation et d\u2019Etude du Pontificat de Jean-Paul II \u00e0 Rome\"},\"image\":{\"@id\":\"https:\/\/jp2doc.pl\/fr\/#\/schema\/logo\/image\/\"}},{\"@type\":\"Person\",\"@id\":\"https:\/\/jp2doc.pl\/fr\/#\/schema\/person\/6110109e80abb51f6fac4824777eabfe\",\"name\":\"juliasercanka\",\"image\":{\"@type\":\"ImageObject\",\"inLanguage\":\"fr-FR\",\"@id\":\"https:\/\/jp2doc.pl\/fr\/#\/schema\/person\/image\/\",\"url\":\"https:\/\/secure.gravatar.com\/avatar\/266a66e864556e22d55d61b6b10c97fab9060767b738564bcd109f3997e372bc?s=96&d=mm&r=g\",\"contentUrl\":\"https:\/\/secure.gravatar.com\/avatar\/266a66e864556e22d55d61b6b10c97fab9060767b738564bcd109f3997e372bc?s=96&d=mm&r=g\",\"caption\":\"juliasercanka\"},\"url\":\"https:\/\/jp2doc.pl\/fr\/author\/juliasercanka\/\"}]}<\/script>\n<!-- \/ Yoast SEO plugin. -->","yoast_head_json":{"title":"L\u2019Esprit Saint est donn\u00e9 \u00e0 tous - Centre de Documentation et d\u2019Etude du Pontificat de Jean-Paul II \u00e0 Rome","robots":{"index":"index","follow":"follow","max-snippet":"max-snippet:-1","max-image-preview":"max-image-preview:large","max-video-preview":"max-video-preview:-1"},"canonical":"https:\/\/jp2doc.pl\/fr\/2021\/05\/23\/lesprit-saint-est-donne-a-tous\/","og_locale":"fr_FR","og_type":"article","og_title":"L\u2019Esprit Saint est donn\u00e9 \u00e0 tous - Centre de Documentation et d\u2019Etude du Pontificat de Jean-Paul II \u00e0 Rome","og_description":"Dimanche de la Pentec\u00f4te","og_url":"https:\/\/jp2doc.pl\/fr\/2021\/05\/23\/lesprit-saint-est-donne-a-tous\/","og_site_name":"Centre de Documentation et d\u2019Etude du Pontificat de Jean-Paul II \u00e0 Rome","article_published_time":"2021-05-23T10:18:38+00:00","article_modified_time":"2021-05-23T10:18:40+00:00","og_image":[{"width":1350,"height":900,"url":"https:\/\/jp2doc.pl\/fr\/wp-content\/uploads\/sites\/5\/2021\/05\/joshua-earle-9idqIGrLuTE-unsplash.jpg","type":"image\/jpeg"}],"author":"juliasercanka","twitter_card":"summary_large_image","twitter_misc":{"\u00c9crit par":"juliasercanka","Dur\u00e9e de lecture estim\u00e9e":"4 minutes"},"schema":{"@context":"https:\/\/schema.org","@graph":[{"@type":"Article","@id":"https:\/\/jp2doc.pl\/fr\/2021\/05\/23\/lesprit-saint-est-donne-a-tous\/#article","isPartOf":{"@id":"https:\/\/jp2doc.pl\/fr\/2021\/05\/23\/lesprit-saint-est-donne-a-tous\/"},"author":{"name":"juliasercanka","@id":"https:\/\/jp2doc.pl\/fr\/#\/schema\/person\/6110109e80abb51f6fac4824777eabfe"},"headline":"L\u2019Esprit Saint est donn\u00e9 \u00e0 tous","datePublished":"2021-05-23T10:18:38+00:00","dateModified":"2021-05-23T10:18:40+00:00","mainEntityOfPage":{"@id":"https:\/\/jp2doc.pl\/fr\/2021\/05\/23\/lesprit-saint-est-donne-a-tous\/"},"wordCount":1041,"commentCount":0,"publisher":{"@id":"https:\/\/jp2doc.pl\/fr\/#organization"},"image":{"@id":"https:\/\/jp2doc.pl\/fr\/2021\/05\/23\/lesprit-saint-est-donne-a-tous\/#primaryimage"},"thumbnailUrl":"https:\/\/jp2doc.pl\/fr\/wp-content\/uploads\/sites\/5\/2021\/05\/joshua-earle-9idqIGrLuTE-unsplash.jpg","articleSection":["Blog","Strona g\u0142\u00f3wna - najnowsze","Strona g\u0142\u00f3wna - slider"],"inLanguage":"fr-FR","potentialAction":[{"@type":"CommentAction","name":"Comment","target":["https:\/\/jp2doc.pl\/fr\/2021\/05\/23\/lesprit-saint-est-donne-a-tous\/#respond"]}]},{"@type":"WebPage","@id":"https:\/\/jp2doc.pl\/fr\/2021\/05\/23\/lesprit-saint-est-donne-a-tous\/","url":"https:\/\/jp2doc.pl\/fr\/2021\/05\/23\/lesprit-saint-est-donne-a-tous\/","name":"L\u2019Esprit Saint est donn\u00e9 \u00e0 tous - Centre de Documentation et d\u2019Etude du Pontificat de Jean-Paul II \u00e0 Rome","isPartOf":{"@id":"https:\/\/jp2doc.pl\/fr\/#website"},"primaryImageOfPage":{"@id":"https:\/\/jp2doc.pl\/fr\/2021\/05\/23\/lesprit-saint-est-donne-a-tous\/#primaryimage"},"image":{"@id":"https:\/\/jp2doc.pl\/fr\/2021\/05\/23\/lesprit-saint-est-donne-a-tous\/#primaryimage"},"thumbnailUrl":"https:\/\/jp2doc.pl\/fr\/wp-content\/uploads\/sites\/5\/2021\/05\/joshua-earle-9idqIGrLuTE-unsplash.jpg","datePublished":"2021-05-23T10:18:38+00:00","dateModified":"2021-05-23T10:18:40+00:00","breadcrumb":{"@id":"https:\/\/jp2doc.pl\/fr\/2021\/05\/23\/lesprit-saint-est-donne-a-tous\/#breadcrumb"},"inLanguage":"fr-FR","potentialAction":[{"@type":"ReadAction","target":["https:\/\/jp2doc.pl\/fr\/2021\/05\/23\/lesprit-saint-est-donne-a-tous\/"]}]},{"@type":"ImageObject","inLanguage":"fr-FR","@id":"https:\/\/jp2doc.pl\/fr\/2021\/05\/23\/lesprit-saint-est-donne-a-tous\/#primaryimage","url":"https:\/\/jp2doc.pl\/fr\/wp-content\/uploads\/sites\/5\/2021\/05\/joshua-earle-9idqIGrLuTE-unsplash.jpg","contentUrl":"https:\/\/jp2doc.pl\/fr\/wp-content\/uploads\/sites\/5\/2021\/05\/joshua-earle-9idqIGrLuTE-unsplash.jpg","width":1350,"height":900},{"@type":"BreadcrumbList","@id":"https:\/\/jp2doc.pl\/fr\/2021\/05\/23\/lesprit-saint-est-donne-a-tous\/#breadcrumb","itemListElement":[{"@type":"ListItem","position":1,"name":"Home","item":"https:\/\/jp2doc.pl\/fr\/"},{"@type":"ListItem","position":2,"name":"L\u2019Esprit Saint est donn\u00e9 \u00e0 tous"}]},{"@type":"WebSite","@id":"https:\/\/jp2doc.pl\/fr\/#website","url":"https:\/\/jp2doc.pl\/fr\/","name":"Centre de Documentation et d\u2019Etude du Pontificat de Jean-Paul II \u00e0 Rome","description":"","publisher":{"@id":"https:\/\/jp2doc.pl\/fr\/#organization"},"potentialAction":[{"@type":"SearchAction","target":{"@type":"EntryPoint","urlTemplate":"https:\/\/jp2doc.pl\/fr\/?s={search_term_string}"},"query-input":{"@type":"PropertyValueSpecification","valueRequired":true,"valueName":"search_term_string"}}],"inLanguage":"fr-FR"},{"@type":"Organization","@id":"https:\/\/jp2doc.pl\/fr\/#organization","name":"Centre de Documentation et d\u2019Etude du Pontificat de Jean-Paul II \u00e0 Rome","url":"https:\/\/jp2doc.pl\/fr\/","logo":{"@type":"ImageObject","inLanguage":"fr-FR","@id":"https:\/\/jp2doc.pl\/fr\/#\/schema\/logo\/image\/","url":"https:\/\/jp2doc.pl\/fr\/wp-content\/uploads\/sites\/5\/2017\/03\/cropped-logo.png","contentUrl":"https:\/\/jp2doc.pl\/fr\/wp-content\/uploads\/sites\/5\/2017\/03\/cropped-logo.png","width":115,"height":115,"caption":"Centre de Documentation et d\u2019Etude du Pontificat de Jean-Paul II \u00e0 Rome"},"image":{"@id":"https:\/\/jp2doc.pl\/fr\/#\/schema\/logo\/image\/"}},{"@type":"Person","@id":"https:\/\/jp2doc.pl\/fr\/#\/schema\/person\/6110109e80abb51f6fac4824777eabfe","name":"juliasercanka","image":{"@type":"ImageObject","inLanguage":"fr-FR","@id":"https:\/\/jp2doc.pl\/fr\/#\/schema\/person\/image\/","url":"https:\/\/secure.gravatar.com\/avatar\/266a66e864556e22d55d61b6b10c97fab9060767b738564bcd109f3997e372bc?s=96&d=mm&r=g","contentUrl":"https:\/\/secure.gravatar.com\/avatar\/266a66e864556e22d55d61b6b10c97fab9060767b738564bcd109f3997e372bc?s=96&d=mm&r=g","caption":"juliasercanka"},"url":"https:\/\/jp2doc.pl\/fr\/author\/juliasercanka\/"}]}},"_links":{"self":[{"href":"https:\/\/jp2doc.pl\/fr\/wp-json\/wp\/v2\/posts\/1921","targetHints":{"allow":["GET"]}}],"collection":[{"href":"https:\/\/jp2doc.pl\/fr\/wp-json\/wp\/v2\/posts"}],"about":[{"href":"https:\/\/jp2doc.pl\/fr\/wp-json\/wp\/v2\/types\/post"}],"author":[{"embeddable":true,"href":"https:\/\/jp2doc.pl\/fr\/wp-json\/wp\/v2\/users\/5"}],"replies":[{"embeddable":true,"href":"https:\/\/jp2doc.pl\/fr\/wp-json\/wp\/v2\/comments?post=1921"}],"version-history":[{"count":1,"href":"https:\/\/jp2doc.pl\/fr\/wp-json\/wp\/v2\/posts\/1921\/revisions"}],"predecessor-version":[{"id":1923,"href":"https:\/\/jp2doc.pl\/fr\/wp-json\/wp\/v2\/posts\/1921\/revisions\/1923"}],"wp:featuredmedia":[{"embeddable":true,"href":"https:\/\/jp2doc.pl\/fr\/wp-json\/wp\/v2\/media\/1922"}],"wp:attachment":[{"href":"https:\/\/jp2doc.pl\/fr\/wp-json\/wp\/v2\/media?parent=1921"}],"wp:term":[{"taxonomy":"category","embeddable":true,"href":"https:\/\/jp2doc.pl\/fr\/wp-json\/wp\/v2\/categories?post=1921"},{"taxonomy":"post_tag","embeddable":true,"href":"https:\/\/jp2doc.pl\/fr\/wp-json\/wp\/v2\/tags?post=1921"}],"curies":[{"name":"wp","href":"https:\/\/api.w.org\/{rel}","templated":true}]}}