{"id":1924,"date":"2021-05-30T11:00:33","date_gmt":"2021-05-30T09:00:33","guid":{"rendered":"https:\/\/jp2doc.pl\/fr\/?p=1924"},"modified":"2021-05-30T11:00:35","modified_gmt":"2021-05-30T09:00:35","slug":"le-mystere-de-la-communion","status":"publish","type":"post","link":"https:\/\/jp2doc.pl\/fr\/2021\/05\/30\/le-mystere-de-la-communion\/","title":{"rendered":"Le myst\u00e8re de la communion"},"content":{"rendered":"\n<p>Dt 4, 32-40&nbsp;; Rm 8, 14-17&nbsp;; Mt 28, 16-20<\/p>\n\n\n\n<h5 class=\"wp-block-heading\"><em>\u00ab Baptisez-les au nom du P\u00e8re, et du Fils, et du Saint-Esprit \u00bb<\/em><\/h5>\n\n\n\n<p>Ce Dimanche, nous c\u00e9l\u00e9brons la f\u00eate de la Sainte Trinit\u00e9. C\u2019est le myst\u00e8re d\u2019un seul Dieu en trois personnes, le P\u00e8re, le Fils et le Saint Esprit. La sainte Trinit\u00e9 semble incompr\u00e9hensible et suscite des questions : pourquoi trois en un, un en trois ? D\u00e9sol\u00e9, le myst\u00e8re de la Trinit\u00e9 n\u2019est pas un probl\u00e8me de math\u00e9matique dont il faudrait chercher la solution. Tous nos pauvres mots sont bien incapables de cerner ce myst\u00e8re de Dieu car il nous d\u00e9passe infiniment. Le langage humain ne peut pas tout exprimer. Ce myst\u00e8re est si grand et notre cerveau est si petit. Nous sommes invit\u00e9s \u00e0 entrer plut\u00f4t dans une autre d\u00e9marche qui est celle de l\u2019humilit\u00e9 et nous d\u00e9faire de notre orgueil, nos pr\u00e9tentions de tout comprendre, de tout analyser, de tout ma\u00eetriser\u2026<\/p>\n\n\n\n<p>Le myst\u00e8re de Dieu ne s\u2019ouvre que progressivement aux humbles de c\u0153ur. C\u2019est ce que nous pouvons retenir de la rencontre de saint Augustin avec ce petit gar\u00e7on au bord de l\u2019oc\u00e9an, quand Augustin a voulu montrer au petit qu\u2019il est impossible de d\u00e9verser les eaux de l\u2019oc\u00e9an dans un trou et le petit de lui montrer qu\u2019il \u00e9tait aussi impossible pour lui de comprendre le myst\u00e8re de la sainte Trinit\u00e9.<\/p>\n\n\n\n<h5 class=\"wp-block-heading\"><strong>Quel message pour ce jour ?<\/strong><\/h5>\n\n\n\n<p>Loin de nous perdre dans de longues explications et formulations th\u00e9ologiques qui rendent souvent les choses encore tr\u00e8s compliqu\u00e9es, il convient de retenir que comprendre la Trinit\u00e9, c\u2019est r\u00e9aliser que l\u2019on entre dans une circulation d\u2019amour entre des personnes : le P\u00e8re, le Fils et le Saint-Esprit. La Sainte Trinit\u00e9 veut nous dire que notre Dieu est Unique mais il n&rsquo;est pas un solitaire, \u00e9go\u00efste et ferm\u00e9 sur lui-m\u00eame ; il est plut\u00f4t relation, union et communion. Il est dialogue, il est \u00e9change. La Trinit\u00e9 est une famille, une famille id\u00e9ale \u00e0 imiter, une communaut\u00e9 (P\u00e8re, Fils, Saint-Esprit) o\u00f9 r\u00e8gnent l&rsquo;unit\u00e9, l&rsquo;amour et l&rsquo;harmonie.<\/p>\n\n\n\n<p>Nous sommes invit\u00e9s ce jour \u00e0 prendre la Trinit\u00e9 comme mod\u00e8le pour am\u00e9liorer la qualit\u00e9 des relations de nos familles humaines : les trois personnes distinctes cohabitent sans contradiction, ni conflit, ni&nbsp; guerre, ni incompr\u00e9hension. Regardons l\u2019amour qui unit le P\u00e8re et le Fils pour mieux comprendre la qualit\u00e9 de relation qui doit exister entre les personnes d\u2019une m\u00eame famille. Que serait notre monde sans cette capacit\u00e9 d\u2019\u00eatre en communion en famille, avec des amis, dans la joie du partage et de l\u2019\u00e9change ?<\/p>\n\n\n\n<p>Prions pour les pays o\u00f9 r\u00e8gne la guerre \u00e0 cause de l\u2019\u00e9go\u00efsme et de manque de dialogue, pour &nbsp;les familles divis\u00e9es, les couples en difficult\u00e9s, les enfants en rupture familiale. Puisse le myst\u00e8re de la Trinit\u00e9 les conduire \u00e0 l\u2019harmonie, \u00e0 la communion et \u00e0 l\u2019amour. Bon Dimanche de la Sainte Trinit\u00e9 !<\/p>\n\n\n\n<p><strong>Abb\u00e9 Jean Claude Ciza<\/strong><\/p>\n\n\n\n<p><em>Fot. Noorulabdeen Ahmad\/Unsplash.com<\/em><\/p>\n","protected":false},"excerpt":{"rendered":"<p>Dimanche de la Sainte Trinit\u00e9<\/p>\n","protected":false},"author":5,"featured_media":1686,"comment_status":"open","ping_status":"open","sticky":false,"template":"","format":"standard","meta":{"_acf_changed":false,"_exactmetrics_skip_tracking":false,"_exactmetrics_sitenote_active":false,"_exactmetrics_sitenote_note":"","_exactmetrics_sitenote_category":0,"footnotes":""},"categories":[4,13,14],"tags":[],"class_list":["post-1924","post","type-post","status-publish","format-standard","has-post-thumbnail","hentry","category-blog","category-strona-glowna-najnowsze","category-strona-glowna-slider"],"acf":[],"yoast_head":"<!-- This site is optimized with the Yoast SEO plugin v26.2 - https:\/\/yoast.com\/wordpress\/plugins\/seo\/ -->\n<title>Le myst\u00e8re de la communion - Centre de Documentation et d\u2019Etude du Pontificat de Jean-Paul II \u00e0 Rome<\/title>\n<meta name=\"robots\" content=\"index, follow, max-snippet:-1, max-image-preview:large, max-video-preview:-1\" \/>\n<link rel=\"canonical\" href=\"https:\/\/jp2doc.pl\/fr\/2021\/05\/30\/le-mystere-de-la-communion\/\" \/>\n<meta property=\"og:locale\" content=\"fr_FR\" \/>\n<meta property=\"og:type\" content=\"article\" \/>\n<meta property=\"og:title\" content=\"Le myst\u00e8re de la communion - Centre de Documentation et d\u2019Etude du Pontificat de Jean-Paul II \u00e0 Rome\" \/>\n<meta property=\"og:description\" content=\"Dimanche de la Sainte Trinit\u00e9\" \/>\n<meta property=\"og:url\" content=\"https:\/\/jp2doc.pl\/fr\/2021\/05\/30\/le-mystere-de-la-communion\/\" \/>\n<meta property=\"og:site_name\" content=\"Centre de Documentation et d\u2019Etude du Pontificat de Jean-Paul II \u00e0 Rome\" \/>\n<meta property=\"article:published_time\" content=\"2021-05-30T09:00:33+00:00\" \/>\n<meta property=\"article:modified_time\" content=\"2021-05-30T09:00:35+00:00\" \/>\n<meta property=\"og:image\" content=\"https:\/\/jp2doc.pl\/fr\/wp-content\/uploads\/sites\/5\/2020\/05\/noorulabdeen-ahmad-MW_2Osq-yIE-unsplash-1.jpg\" \/>\n\t<meta property=\"og:image:width\" content=\"1807\" \/>\n\t<meta property=\"og:image:height\" content=\"1291\" \/>\n\t<meta property=\"og:image:type\" content=\"image\/jpeg\" \/>\n<meta name=\"author\" content=\"juliasercanka\" \/>\n<meta name=\"twitter:card\" content=\"summary_large_image\" \/>\n<meta name=\"twitter:label1\" content=\"\u00c9crit par\" \/>\n\t<meta name=\"twitter:data1\" content=\"juliasercanka\" \/>\n\t<meta name=\"twitter:label2\" content=\"Dur\u00e9e de lecture estim\u00e9e\" \/>\n\t<meta name=\"twitter:data2\" content=\"3 minutes\" \/>\n<script type=\"application\/ld+json\" class=\"yoast-schema-graph\">{\"@context\":\"https:\/\/schema.org\",\"@graph\":[{\"@type\":\"Article\",\"@id\":\"https:\/\/jp2doc.pl\/fr\/2021\/05\/30\/le-mystere-de-la-communion\/#article\",\"isPartOf\":{\"@id\":\"https:\/\/jp2doc.pl\/fr\/2021\/05\/30\/le-mystere-de-la-communion\/\"},\"author\":{\"name\":\"juliasercanka\",\"@id\":\"https:\/\/jp2doc.pl\/fr\/#\/schema\/person\/6110109e80abb51f6fac4824777eabfe\"},\"headline\":\"Le myst\u00e8re de la communion\",\"datePublished\":\"2021-05-30T09:00:33+00:00\",\"dateModified\":\"2021-05-30T09:00:35+00:00\",\"mainEntityOfPage\":{\"@id\":\"https:\/\/jp2doc.pl\/fr\/2021\/05\/30\/le-mystere-de-la-communion\/\"},\"wordCount\":544,\"commentCount\":0,\"publisher\":{\"@id\":\"https:\/\/jp2doc.pl\/fr\/#organization\"},\"image\":{\"@id\":\"https:\/\/jp2doc.pl\/fr\/2021\/05\/30\/le-mystere-de-la-communion\/#primaryimage\"},\"thumbnailUrl\":\"https:\/\/jp2doc.pl\/fr\/wp-content\/uploads\/sites\/5\/2020\/05\/noorulabdeen-ahmad-MW_2Osq-yIE-unsplash-1.jpg\",\"articleSection\":[\"Blog\",\"Strona g\u0142\u00f3wna - najnowsze\",\"Strona g\u0142\u00f3wna - slider\"],\"inLanguage\":\"fr-FR\",\"potentialAction\":[{\"@type\":\"CommentAction\",\"name\":\"Comment\",\"target\":[\"https:\/\/jp2doc.pl\/fr\/2021\/05\/30\/le-mystere-de-la-communion\/#respond\"]}]},{\"@type\":\"WebPage\",\"@id\":\"https:\/\/jp2doc.pl\/fr\/2021\/05\/30\/le-mystere-de-la-communion\/\",\"url\":\"https:\/\/jp2doc.pl\/fr\/2021\/05\/30\/le-mystere-de-la-communion\/\",\"name\":\"Le myst\u00e8re de la communion - Centre de Documentation et d\u2019Etude du Pontificat de Jean-Paul II \u00e0 Rome\",\"isPartOf\":{\"@id\":\"https:\/\/jp2doc.pl\/fr\/#website\"},\"primaryImageOfPage\":{\"@id\":\"https:\/\/jp2doc.pl\/fr\/2021\/05\/30\/le-mystere-de-la-communion\/#primaryimage\"},\"image\":{\"@id\":\"https:\/\/jp2doc.pl\/fr\/2021\/05\/30\/le-mystere-de-la-communion\/#primaryimage\"},\"thumbnailUrl\":\"https:\/\/jp2doc.pl\/fr\/wp-content\/uploads\/sites\/5\/2020\/05\/noorulabdeen-ahmad-MW_2Osq-yIE-unsplash-1.jpg\",\"datePublished\":\"2021-05-30T09:00:33+00:00\",\"dateModified\":\"2021-05-30T09:00:35+00:00\",\"breadcrumb\":{\"@id\":\"https:\/\/jp2doc.pl\/fr\/2021\/05\/30\/le-mystere-de-la-communion\/#breadcrumb\"},\"inLanguage\":\"fr-FR\",\"potentialAction\":[{\"@type\":\"ReadAction\",\"target\":[\"https:\/\/jp2doc.pl\/fr\/2021\/05\/30\/le-mystere-de-la-communion\/\"]}]},{\"@type\":\"ImageObject\",\"inLanguage\":\"fr-FR\",\"@id\":\"https:\/\/jp2doc.pl\/fr\/2021\/05\/30\/le-mystere-de-la-communion\/#primaryimage\",\"url\":\"https:\/\/jp2doc.pl\/fr\/wp-content\/uploads\/sites\/5\/2020\/05\/noorulabdeen-ahmad-MW_2Osq-yIE-unsplash-1.jpg\",\"contentUrl\":\"https:\/\/jp2doc.pl\/fr\/wp-content\/uploads\/sites\/5\/2020\/05\/noorulabdeen-ahmad-MW_2Osq-yIE-unsplash-1.jpg\",\"width\":1807,\"height\":1291},{\"@type\":\"BreadcrumbList\",\"@id\":\"https:\/\/jp2doc.pl\/fr\/2021\/05\/30\/le-mystere-de-la-communion\/#breadcrumb\",\"itemListElement\":[{\"@type\":\"ListItem\",\"position\":1,\"name\":\"Home\",\"item\":\"https:\/\/jp2doc.pl\/fr\/\"},{\"@type\":\"ListItem\",\"position\":2,\"name\":\"Le myst\u00e8re de la communion\"}]},{\"@type\":\"WebSite\",\"@id\":\"https:\/\/jp2doc.pl\/fr\/#website\",\"url\":\"https:\/\/jp2doc.pl\/fr\/\",\"name\":\"Centre de Documentation et d\u2019Etude du Pontificat de Jean-Paul II \u00e0 Rome\",\"description\":\"\",\"publisher\":{\"@id\":\"https:\/\/jp2doc.pl\/fr\/#organization\"},\"potentialAction\":[{\"@type\":\"SearchAction\",\"target\":{\"@type\":\"EntryPoint\",\"urlTemplate\":\"https:\/\/jp2doc.pl\/fr\/?s={search_term_string}\"},\"query-input\":{\"@type\":\"PropertyValueSpecification\",\"valueRequired\":true,\"valueName\":\"search_term_string\"}}],\"inLanguage\":\"fr-FR\"},{\"@type\":\"Organization\",\"@id\":\"https:\/\/jp2doc.pl\/fr\/#organization\",\"name\":\"Centre de Documentation et d\u2019Etude du Pontificat de Jean-Paul II \u00e0 Rome\",\"url\":\"https:\/\/jp2doc.pl\/fr\/\",\"logo\":{\"@type\":\"ImageObject\",\"inLanguage\":\"fr-FR\",\"@id\":\"https:\/\/jp2doc.pl\/fr\/#\/schema\/logo\/image\/\",\"url\":\"https:\/\/jp2doc.pl\/fr\/wp-content\/uploads\/sites\/5\/2017\/03\/cropped-logo.png\",\"contentUrl\":\"https:\/\/jp2doc.pl\/fr\/wp-content\/uploads\/sites\/5\/2017\/03\/cropped-logo.png\",\"width\":115,\"height\":115,\"caption\":\"Centre de Documentation et d\u2019Etude du Pontificat de Jean-Paul II \u00e0 Rome\"},\"image\":{\"@id\":\"https:\/\/jp2doc.pl\/fr\/#\/schema\/logo\/image\/\"}},{\"@type\":\"Person\",\"@id\":\"https:\/\/jp2doc.pl\/fr\/#\/schema\/person\/6110109e80abb51f6fac4824777eabfe\",\"name\":\"juliasercanka\",\"image\":{\"@type\":\"ImageObject\",\"inLanguage\":\"fr-FR\",\"@id\":\"https:\/\/jp2doc.pl\/fr\/#\/schema\/person\/image\/\",\"url\":\"https:\/\/secure.gravatar.com\/avatar\/266a66e864556e22d55d61b6b10c97fab9060767b738564bcd109f3997e372bc?s=96&d=mm&r=g\",\"contentUrl\":\"https:\/\/secure.gravatar.com\/avatar\/266a66e864556e22d55d61b6b10c97fab9060767b738564bcd109f3997e372bc?s=96&d=mm&r=g\",\"caption\":\"juliasercanka\"},\"url\":\"https:\/\/jp2doc.pl\/fr\/author\/juliasercanka\/\"}]}<\/script>\n<!-- \/ Yoast SEO plugin. -->","yoast_head_json":{"title":"Le myst\u00e8re de la communion - Centre de Documentation et d\u2019Etude du Pontificat de Jean-Paul II \u00e0 Rome","robots":{"index":"index","follow":"follow","max-snippet":"max-snippet:-1","max-image-preview":"max-image-preview:large","max-video-preview":"max-video-preview:-1"},"canonical":"https:\/\/jp2doc.pl\/fr\/2021\/05\/30\/le-mystere-de-la-communion\/","og_locale":"fr_FR","og_type":"article","og_title":"Le myst\u00e8re de la communion - Centre de Documentation et d\u2019Etude du Pontificat de Jean-Paul II \u00e0 Rome","og_description":"Dimanche de la Sainte Trinit\u00e9","og_url":"https:\/\/jp2doc.pl\/fr\/2021\/05\/30\/le-mystere-de-la-communion\/","og_site_name":"Centre de Documentation et d\u2019Etude du Pontificat de Jean-Paul II \u00e0 Rome","article_published_time":"2021-05-30T09:00:33+00:00","article_modified_time":"2021-05-30T09:00:35+00:00","og_image":[{"width":1807,"height":1291,"url":"https:\/\/jp2doc.pl\/fr\/wp-content\/uploads\/sites\/5\/2020\/05\/noorulabdeen-ahmad-MW_2Osq-yIE-unsplash-1.jpg","type":"image\/jpeg"}],"author":"juliasercanka","twitter_card":"summary_large_image","twitter_misc":{"\u00c9crit par":"juliasercanka","Dur\u00e9e de lecture estim\u00e9e":"3 minutes"},"schema":{"@context":"https:\/\/schema.org","@graph":[{"@type":"Article","@id":"https:\/\/jp2doc.pl\/fr\/2021\/05\/30\/le-mystere-de-la-communion\/#article","isPartOf":{"@id":"https:\/\/jp2doc.pl\/fr\/2021\/05\/30\/le-mystere-de-la-communion\/"},"author":{"name":"juliasercanka","@id":"https:\/\/jp2doc.pl\/fr\/#\/schema\/person\/6110109e80abb51f6fac4824777eabfe"},"headline":"Le myst\u00e8re de la communion","datePublished":"2021-05-30T09:00:33+00:00","dateModified":"2021-05-30T09:00:35+00:00","mainEntityOfPage":{"@id":"https:\/\/jp2doc.pl\/fr\/2021\/05\/30\/le-mystere-de-la-communion\/"},"wordCount":544,"commentCount":0,"publisher":{"@id":"https:\/\/jp2doc.pl\/fr\/#organization"},"image":{"@id":"https:\/\/jp2doc.pl\/fr\/2021\/05\/30\/le-mystere-de-la-communion\/#primaryimage"},"thumbnailUrl":"https:\/\/jp2doc.pl\/fr\/wp-content\/uploads\/sites\/5\/2020\/05\/noorulabdeen-ahmad-MW_2Osq-yIE-unsplash-1.jpg","articleSection":["Blog","Strona g\u0142\u00f3wna - najnowsze","Strona g\u0142\u00f3wna - slider"],"inLanguage":"fr-FR","potentialAction":[{"@type":"CommentAction","name":"Comment","target":["https:\/\/jp2doc.pl\/fr\/2021\/05\/30\/le-mystere-de-la-communion\/#respond"]}]},{"@type":"WebPage","@id":"https:\/\/jp2doc.pl\/fr\/2021\/05\/30\/le-mystere-de-la-communion\/","url":"https:\/\/jp2doc.pl\/fr\/2021\/05\/30\/le-mystere-de-la-communion\/","name":"Le myst\u00e8re de la communion - Centre de Documentation et d\u2019Etude du Pontificat de Jean-Paul II \u00e0 Rome","isPartOf":{"@id":"https:\/\/jp2doc.pl\/fr\/#website"},"primaryImageOfPage":{"@id":"https:\/\/jp2doc.pl\/fr\/2021\/05\/30\/le-mystere-de-la-communion\/#primaryimage"},"image":{"@id":"https:\/\/jp2doc.pl\/fr\/2021\/05\/30\/le-mystere-de-la-communion\/#primaryimage"},"thumbnailUrl":"https:\/\/jp2doc.pl\/fr\/wp-content\/uploads\/sites\/5\/2020\/05\/noorulabdeen-ahmad-MW_2Osq-yIE-unsplash-1.jpg","datePublished":"2021-05-30T09:00:33+00:00","dateModified":"2021-05-30T09:00:35+00:00","breadcrumb":{"@id":"https:\/\/jp2doc.pl\/fr\/2021\/05\/30\/le-mystere-de-la-communion\/#breadcrumb"},"inLanguage":"fr-FR","potentialAction":[{"@type":"ReadAction","target":["https:\/\/jp2doc.pl\/fr\/2021\/05\/30\/le-mystere-de-la-communion\/"]}]},{"@type":"ImageObject","inLanguage":"fr-FR","@id":"https:\/\/jp2doc.pl\/fr\/2021\/05\/30\/le-mystere-de-la-communion\/#primaryimage","url":"https:\/\/jp2doc.pl\/fr\/wp-content\/uploads\/sites\/5\/2020\/05\/noorulabdeen-ahmad-MW_2Osq-yIE-unsplash-1.jpg","contentUrl":"https:\/\/jp2doc.pl\/fr\/wp-content\/uploads\/sites\/5\/2020\/05\/noorulabdeen-ahmad-MW_2Osq-yIE-unsplash-1.jpg","width":1807,"height":1291},{"@type":"BreadcrumbList","@id":"https:\/\/jp2doc.pl\/fr\/2021\/05\/30\/le-mystere-de-la-communion\/#breadcrumb","itemListElement":[{"@type":"ListItem","position":1,"name":"Home","item":"https:\/\/jp2doc.pl\/fr\/"},{"@type":"ListItem","position":2,"name":"Le myst\u00e8re de la communion"}]},{"@type":"WebSite","@id":"https:\/\/jp2doc.pl\/fr\/#website","url":"https:\/\/jp2doc.pl\/fr\/","name":"Centre de Documentation et d\u2019Etude du Pontificat de Jean-Paul II \u00e0 Rome","description":"","publisher":{"@id":"https:\/\/jp2doc.pl\/fr\/#organization"},"potentialAction":[{"@type":"SearchAction","target":{"@type":"EntryPoint","urlTemplate":"https:\/\/jp2doc.pl\/fr\/?s={search_term_string}"},"query-input":{"@type":"PropertyValueSpecification","valueRequired":true,"valueName":"search_term_string"}}],"inLanguage":"fr-FR"},{"@type":"Organization","@id":"https:\/\/jp2doc.pl\/fr\/#organization","name":"Centre de Documentation et d\u2019Etude du Pontificat de Jean-Paul II \u00e0 Rome","url":"https:\/\/jp2doc.pl\/fr\/","logo":{"@type":"ImageObject","inLanguage":"fr-FR","@id":"https:\/\/jp2doc.pl\/fr\/#\/schema\/logo\/image\/","url":"https:\/\/jp2doc.pl\/fr\/wp-content\/uploads\/sites\/5\/2017\/03\/cropped-logo.png","contentUrl":"https:\/\/jp2doc.pl\/fr\/wp-content\/uploads\/sites\/5\/2017\/03\/cropped-logo.png","width":115,"height":115,"caption":"Centre de Documentation et d\u2019Etude du Pontificat de Jean-Paul II \u00e0 Rome"},"image":{"@id":"https:\/\/jp2doc.pl\/fr\/#\/schema\/logo\/image\/"}},{"@type":"Person","@id":"https:\/\/jp2doc.pl\/fr\/#\/schema\/person\/6110109e80abb51f6fac4824777eabfe","name":"juliasercanka","image":{"@type":"ImageObject","inLanguage":"fr-FR","@id":"https:\/\/jp2doc.pl\/fr\/#\/schema\/person\/image\/","url":"https:\/\/secure.gravatar.com\/avatar\/266a66e864556e22d55d61b6b10c97fab9060767b738564bcd109f3997e372bc?s=96&d=mm&r=g","contentUrl":"https:\/\/secure.gravatar.com\/avatar\/266a66e864556e22d55d61b6b10c97fab9060767b738564bcd109f3997e372bc?s=96&d=mm&r=g","caption":"juliasercanka"},"url":"https:\/\/jp2doc.pl\/fr\/author\/juliasercanka\/"}]}},"_links":{"self":[{"href":"https:\/\/jp2doc.pl\/fr\/wp-json\/wp\/v2\/posts\/1924","targetHints":{"allow":["GET"]}}],"collection":[{"href":"https:\/\/jp2doc.pl\/fr\/wp-json\/wp\/v2\/posts"}],"about":[{"href":"https:\/\/jp2doc.pl\/fr\/wp-json\/wp\/v2\/types\/post"}],"author":[{"embeddable":true,"href":"https:\/\/jp2doc.pl\/fr\/wp-json\/wp\/v2\/users\/5"}],"replies":[{"embeddable":true,"href":"https:\/\/jp2doc.pl\/fr\/wp-json\/wp\/v2\/comments?post=1924"}],"version-history":[{"count":1,"href":"https:\/\/jp2doc.pl\/fr\/wp-json\/wp\/v2\/posts\/1924\/revisions"}],"predecessor-version":[{"id":1925,"href":"https:\/\/jp2doc.pl\/fr\/wp-json\/wp\/v2\/posts\/1924\/revisions\/1925"}],"wp:featuredmedia":[{"embeddable":true,"href":"https:\/\/jp2doc.pl\/fr\/wp-json\/wp\/v2\/media\/1686"}],"wp:attachment":[{"href":"https:\/\/jp2doc.pl\/fr\/wp-json\/wp\/v2\/media?parent=1924"}],"wp:term":[{"taxonomy":"category","embeddable":true,"href":"https:\/\/jp2doc.pl\/fr\/wp-json\/wp\/v2\/categories?post=1924"},{"taxonomy":"post_tag","embeddable":true,"href":"https:\/\/jp2doc.pl\/fr\/wp-json\/wp\/v2\/tags?post=1924"}],"curies":[{"name":"wp","href":"https:\/\/api.w.org\/{rel}","templated":true}]}}