{"id":1941,"date":"2021-07-18T11:39:15","date_gmt":"2021-07-18T09:39:15","guid":{"rendered":"https:\/\/jp2doc.pl\/fr\/?p=1941"},"modified":"2021-07-18T11:39:19","modified_gmt":"2021-07-18T09:39:19","slug":"venez-a-lecart-et-reposez-vous","status":"publish","type":"post","link":"https:\/\/jp2doc.pl\/fr\/2021\/07\/18\/venez-a-lecart-et-reposez-vous\/","title":{"rendered":"\u00ab Venez \u00e0 l\u2019\u00e9cart et reposez-vous \u00bb"},"content":{"rendered":"\n<p>Dans l\u2019\u00e9vangile du Dimanche dernier, J\u00e9sus avait envoy\u00e9 les ap\u00f4tres en mission. Les voici maintenant revenus. Ils sont heureux, fiers sans doute du travail accompli. Ils disent ce qu\u2019ils ont fait et enseign\u00e9. Observant ses ap\u00f4tres, J\u00e9sus remarque qu\u2019ils sont d\u00e9bord\u00e9s et accabl\u00e9s de fatigue. Et voici que l\u2019urgence de la mission, de tout ce qui reste encore \u00e0 faire, ne cesse de les poursuivre : on arrive et on part autour d\u2019eux ; ils n\u2019ont m\u00eame pas le temps de manger. J\u00e9sus les invite \u00e0 se retirer avec lui, \u00e0 l&rsquo;\u00e9cart, pour faire avec eux un petit bilan sur la mission qu&rsquo;il leur avait confi\u00e9e : \u00ab Venez \u00e0 l\u2019\u00e9cart et reposez-vous. \u00bb Un accueil qui est sollicitude d\u2019un ma\u00eetre attentif aux autres, sollicitude d\u2019un ma\u00eetre pour ses disciples. Bien s\u00fbr, il y a l\u2019urgence de la mission, les besoins de ceux qui vont et viennent autour des ap\u00f4tres, mais il y a aussi les besoins des ap\u00f4tres. M\u00eame le berger le plus donn\u00e9 \u00e0 son troupeau, le plus soucieux de ses brebis, a besoin de repos. Ce n\u2019est pas une fuite que J\u00e9sus leur propose mais un temps de ressourcement pour mieux servir la foule. Lui-m\u00eame se retirait souvent dans un endroit d\u00e9sert pour \u00eatre en c\u0153ur \u00e0 c\u0153ur avec son P\u00e8re. Il y passait parfois des nuits enti\u00e8res. C\u2019est l\u00e0 qu\u2019il puisait la force.<\/p>\n\n\n\n<p>L\u2019invitation de J\u00e9sus s\u2019adresse \u00e0 chacun de nous en ce jour : Reposez-vous des soucis, des travaux et des difficult\u00e9s de chaque jour. Oui, nous sommes comme agit\u00e9s par le travail et les soucis de chaque jour, l\u2019urgence de ce qui reste \u00e0 faire&#8230; Mais de quel repos s\u2019agit-il ? Il y a le repos qui permet de refaire les forces, de retrouver l\u2019\u00e9nergie et de repartir. Mais surtout le repos dans le Seigneur. Vous vous mettez sans doute \u00e0 l\u2019\u00e9cart en organisant un piquenique\u2026 Si ce moment de d\u00e9tente \u00e9tait pr\u00e9c\u00e9d\u00e9 par un bref moment de lecture et de partage d\u2019un texte biblique ou d&rsquo;une petite pri\u00e8re, votre retrait \u00e0 l\u2019\u00e9cart serait, en plus de la d\u00e9tente, un moment de repos dans le Seigneur. Pourquoi ne pas essayer cette exp\u00e9rience en famille ou entre coll\u00e8gues ou amis?<\/p>\n\n\n\n<p>\u00ab Il eut compassion d\u2019eux car ils \u00e9taient comme des brebis sans berger\u00a0\u00bb.<\/p>\n\n\n\n<p>Cette grande foule qui vient de partout vers J\u00e9sus, c\u2019est l\u2019humanit\u00e9 enti\u00e8re, celle de son temps et celle de notre temps. Aujourd\u2019hui comme autrefois, les gens sont comme des brebis sans berger. Ils auraient d\u00fb \u00eatre prot\u00e9g\u00e9s par des chefs conscients de leurs responsabilit\u00e9s du bien commun. Mais ces derniers se comportent comme des charlatans bien plus pr\u00e9occup\u00e9s de leurs int\u00e9r\u00eats personnels que par ceux de leur peuple. Les principales victimes de cette situation, ce sont les plus petits, les plus pauvres. Or, ce sont eux qui attirent l\u2019attention de J\u00e9sus et sa piti\u00e9. Son c\u0153ur est remu\u00e9 devant leurs mis\u00e8res. Pr\u00eatres, religieux et la\u00efcs, J\u00e9sus nous envoie vers les foules de notre temps, en particulier les plus petits, ceux et celles qui sont avides de justice et de paix, vers ceux qui sont fatigu\u00e9s et d\u00e9sesp\u00e9r\u00e9s, vers ceux qui errent, ceux qui sont d\u00e9sorient\u00e9s, ceux qui sont d\u00e9sabus\u00e9s par de faux proph\u00e8tes. Soyons des messagers porteurs de joie et d\u2019esp\u00e9rance.<\/p>\n\n\n\n<p>&nbsp;En ce jour, nous prions le Seigneur d\u2019accorder \u00e0 chacun de nous un c\u0153ur sensible, g\u00e9n\u00e9reux et capable de s\u2019\u00e9mouvoir face aux soucis et aux besoins de nos fr\u00e8res et s\u0153urs \u00e0 l\u2019instar de J\u00e9sus notre Ma\u00eetre.<\/p>\n\n\n\n<p><strong>Abb\u00e9 Jean Claude Ciza<\/strong><\/p>\n\n\n\n<p><em>Fot. Natalya Zaritskaya\/Unsplash.com<\/em><\/p>\n","protected":false},"excerpt":{"rendered":"<p>XVI Dimanche du Temps Ordinaire<\/p>\n","protected":false},"author":5,"featured_media":1942,"comment_status":"open","ping_status":"open","sticky":false,"template":"","format":"standard","meta":{"_acf_changed":false,"_exactmetrics_skip_tracking":false,"_exactmetrics_sitenote_active":false,"_exactmetrics_sitenote_note":"","_exactmetrics_sitenote_category":0,"footnotes":""},"categories":[4,13,14],"tags":[],"class_list":["post-1941","post","type-post","status-publish","format-standard","has-post-thumbnail","hentry","category-blog","category-strona-glowna-najnowsze","category-strona-glowna-slider"],"acf":[],"yoast_head":"<!-- This site is optimized with the Yoast SEO plugin v26.2 - https:\/\/yoast.com\/wordpress\/plugins\/seo\/ -->\n<title>\u00ab Venez \u00e0 l\u2019\u00e9cart et reposez-vous \u00bb - Centre de Documentation et d\u2019Etude du Pontificat de Jean-Paul II \u00e0 Rome<\/title>\n<meta name=\"robots\" content=\"index, follow, max-snippet:-1, max-image-preview:large, max-video-preview:-1\" \/>\n<link rel=\"canonical\" href=\"https:\/\/jp2doc.pl\/fr\/2021\/07\/18\/venez-a-lecart-et-reposez-vous\/\" \/>\n<meta property=\"og:locale\" content=\"fr_FR\" \/>\n<meta property=\"og:type\" content=\"article\" \/>\n<meta property=\"og:title\" content=\"\u00ab Venez \u00e0 l\u2019\u00e9cart et reposez-vous \u00bb - Centre de Documentation et d\u2019Etude du Pontificat de Jean-Paul II \u00e0 Rome\" \/>\n<meta property=\"og:description\" content=\"XVI Dimanche du Temps Ordinaire\" \/>\n<meta property=\"og:url\" content=\"https:\/\/jp2doc.pl\/fr\/2021\/07\/18\/venez-a-lecart-et-reposez-vous\/\" \/>\n<meta property=\"og:site_name\" content=\"Centre de Documentation et d\u2019Etude du Pontificat de Jean-Paul II \u00e0 Rome\" \/>\n<meta property=\"article:published_time\" content=\"2021-07-18T09:39:15+00:00\" \/>\n<meta property=\"article:modified_time\" content=\"2021-07-18T09:39:19+00:00\" \/>\n<meta property=\"og:image\" content=\"https:\/\/jp2doc.pl\/fr\/wp-content\/uploads\/sites\/5\/2021\/07\/natalya-zaritskaya-SIOdjcYotms-unsplash.jpg\" \/>\n\t<meta property=\"og:image:width\" content=\"1920\" \/>\n\t<meta property=\"og:image:height\" content=\"1280\" \/>\n\t<meta property=\"og:image:type\" content=\"image\/jpeg\" \/>\n<meta name=\"author\" content=\"juliasercanka\" \/>\n<meta name=\"twitter:card\" content=\"summary_large_image\" \/>\n<meta name=\"twitter:label1\" content=\"\u00c9crit par\" \/>\n\t<meta name=\"twitter:data1\" content=\"juliasercanka\" \/>\n\t<meta name=\"twitter:label2\" content=\"Dur\u00e9e de lecture estim\u00e9e\" \/>\n\t<meta name=\"twitter:data2\" content=\"3 minutes\" \/>\n<script type=\"application\/ld+json\" class=\"yoast-schema-graph\">{\"@context\":\"https:\/\/schema.org\",\"@graph\":[{\"@type\":\"Article\",\"@id\":\"https:\/\/jp2doc.pl\/fr\/2021\/07\/18\/venez-a-lecart-et-reposez-vous\/#article\",\"isPartOf\":{\"@id\":\"https:\/\/jp2doc.pl\/fr\/2021\/07\/18\/venez-a-lecart-et-reposez-vous\/\"},\"author\":{\"name\":\"juliasercanka\",\"@id\":\"https:\/\/jp2doc.pl\/fr\/#\/schema\/person\/6110109e80abb51f6fac4824777eabfe\"},\"headline\":\"\u00ab Venez \u00e0 l\u2019\u00e9cart et reposez-vous \u00bb\",\"datePublished\":\"2021-07-18T09:39:15+00:00\",\"dateModified\":\"2021-07-18T09:39:19+00:00\",\"mainEntityOfPage\":{\"@id\":\"https:\/\/jp2doc.pl\/fr\/2021\/07\/18\/venez-a-lecart-et-reposez-vous\/\"},\"wordCount\":669,\"commentCount\":0,\"publisher\":{\"@id\":\"https:\/\/jp2doc.pl\/fr\/#organization\"},\"image\":{\"@id\":\"https:\/\/jp2doc.pl\/fr\/2021\/07\/18\/venez-a-lecart-et-reposez-vous\/#primaryimage\"},\"thumbnailUrl\":\"https:\/\/jp2doc.pl\/fr\/wp-content\/uploads\/sites\/5\/2021\/07\/natalya-zaritskaya-SIOdjcYotms-unsplash.jpg\",\"articleSection\":[\"Blog\",\"Strona g\u0142\u00f3wna - najnowsze\",\"Strona g\u0142\u00f3wna - slider\"],\"inLanguage\":\"fr-FR\",\"potentialAction\":[{\"@type\":\"CommentAction\",\"name\":\"Comment\",\"target\":[\"https:\/\/jp2doc.pl\/fr\/2021\/07\/18\/venez-a-lecart-et-reposez-vous\/#respond\"]}]},{\"@type\":\"WebPage\",\"@id\":\"https:\/\/jp2doc.pl\/fr\/2021\/07\/18\/venez-a-lecart-et-reposez-vous\/\",\"url\":\"https:\/\/jp2doc.pl\/fr\/2021\/07\/18\/venez-a-lecart-et-reposez-vous\/\",\"name\":\"\u00ab Venez \u00e0 l\u2019\u00e9cart et reposez-vous \u00bb - Centre de Documentation et d\u2019Etude du Pontificat de Jean-Paul II \u00e0 Rome\",\"isPartOf\":{\"@id\":\"https:\/\/jp2doc.pl\/fr\/#website\"},\"primaryImageOfPage\":{\"@id\":\"https:\/\/jp2doc.pl\/fr\/2021\/07\/18\/venez-a-lecart-et-reposez-vous\/#primaryimage\"},\"image\":{\"@id\":\"https:\/\/jp2doc.pl\/fr\/2021\/07\/18\/venez-a-lecart-et-reposez-vous\/#primaryimage\"},\"thumbnailUrl\":\"https:\/\/jp2doc.pl\/fr\/wp-content\/uploads\/sites\/5\/2021\/07\/natalya-zaritskaya-SIOdjcYotms-unsplash.jpg\",\"datePublished\":\"2021-07-18T09:39:15+00:00\",\"dateModified\":\"2021-07-18T09:39:19+00:00\",\"breadcrumb\":{\"@id\":\"https:\/\/jp2doc.pl\/fr\/2021\/07\/18\/venez-a-lecart-et-reposez-vous\/#breadcrumb\"},\"inLanguage\":\"fr-FR\",\"potentialAction\":[{\"@type\":\"ReadAction\",\"target\":[\"https:\/\/jp2doc.pl\/fr\/2021\/07\/18\/venez-a-lecart-et-reposez-vous\/\"]}]},{\"@type\":\"ImageObject\",\"inLanguage\":\"fr-FR\",\"@id\":\"https:\/\/jp2doc.pl\/fr\/2021\/07\/18\/venez-a-lecart-et-reposez-vous\/#primaryimage\",\"url\":\"https:\/\/jp2doc.pl\/fr\/wp-content\/uploads\/sites\/5\/2021\/07\/natalya-zaritskaya-SIOdjcYotms-unsplash.jpg\",\"contentUrl\":\"https:\/\/jp2doc.pl\/fr\/wp-content\/uploads\/sites\/5\/2021\/07\/natalya-zaritskaya-SIOdjcYotms-unsplash.jpg\",\"width\":1920,\"height\":1280},{\"@type\":\"BreadcrumbList\",\"@id\":\"https:\/\/jp2doc.pl\/fr\/2021\/07\/18\/venez-a-lecart-et-reposez-vous\/#breadcrumb\",\"itemListElement\":[{\"@type\":\"ListItem\",\"position\":1,\"name\":\"Home\",\"item\":\"https:\/\/jp2doc.pl\/fr\/\"},{\"@type\":\"ListItem\",\"position\":2,\"name\":\"\u00ab Venez \u00e0 l\u2019\u00e9cart et reposez-vous \u00bb\"}]},{\"@type\":\"WebSite\",\"@id\":\"https:\/\/jp2doc.pl\/fr\/#website\",\"url\":\"https:\/\/jp2doc.pl\/fr\/\",\"name\":\"Centre de Documentation et d\u2019Etude du Pontificat de Jean-Paul II \u00e0 Rome\",\"description\":\"\",\"publisher\":{\"@id\":\"https:\/\/jp2doc.pl\/fr\/#organization\"},\"potentialAction\":[{\"@type\":\"SearchAction\",\"target\":{\"@type\":\"EntryPoint\",\"urlTemplate\":\"https:\/\/jp2doc.pl\/fr\/?s={search_term_string}\"},\"query-input\":{\"@type\":\"PropertyValueSpecification\",\"valueRequired\":true,\"valueName\":\"search_term_string\"}}],\"inLanguage\":\"fr-FR\"},{\"@type\":\"Organization\",\"@id\":\"https:\/\/jp2doc.pl\/fr\/#organization\",\"name\":\"Centre de Documentation et d\u2019Etude du Pontificat de Jean-Paul II \u00e0 Rome\",\"url\":\"https:\/\/jp2doc.pl\/fr\/\",\"logo\":{\"@type\":\"ImageObject\",\"inLanguage\":\"fr-FR\",\"@id\":\"https:\/\/jp2doc.pl\/fr\/#\/schema\/logo\/image\/\",\"url\":\"https:\/\/jp2doc.pl\/fr\/wp-content\/uploads\/sites\/5\/2017\/03\/cropped-logo.png\",\"contentUrl\":\"https:\/\/jp2doc.pl\/fr\/wp-content\/uploads\/sites\/5\/2017\/03\/cropped-logo.png\",\"width\":115,\"height\":115,\"caption\":\"Centre de Documentation et d\u2019Etude du Pontificat de Jean-Paul II \u00e0 Rome\"},\"image\":{\"@id\":\"https:\/\/jp2doc.pl\/fr\/#\/schema\/logo\/image\/\"}},{\"@type\":\"Person\",\"@id\":\"https:\/\/jp2doc.pl\/fr\/#\/schema\/person\/6110109e80abb51f6fac4824777eabfe\",\"name\":\"juliasercanka\",\"image\":{\"@type\":\"ImageObject\",\"inLanguage\":\"fr-FR\",\"@id\":\"https:\/\/jp2doc.pl\/fr\/#\/schema\/person\/image\/\",\"url\":\"https:\/\/secure.gravatar.com\/avatar\/266a66e864556e22d55d61b6b10c97fab9060767b738564bcd109f3997e372bc?s=96&d=mm&r=g\",\"contentUrl\":\"https:\/\/secure.gravatar.com\/avatar\/266a66e864556e22d55d61b6b10c97fab9060767b738564bcd109f3997e372bc?s=96&d=mm&r=g\",\"caption\":\"juliasercanka\"},\"url\":\"https:\/\/jp2doc.pl\/fr\/author\/juliasercanka\/\"}]}<\/script>\n<!-- \/ Yoast SEO plugin. -->","yoast_head_json":{"title":"\u00ab Venez \u00e0 l\u2019\u00e9cart et reposez-vous \u00bb - Centre de Documentation et d\u2019Etude du Pontificat de Jean-Paul II \u00e0 Rome","robots":{"index":"index","follow":"follow","max-snippet":"max-snippet:-1","max-image-preview":"max-image-preview:large","max-video-preview":"max-video-preview:-1"},"canonical":"https:\/\/jp2doc.pl\/fr\/2021\/07\/18\/venez-a-lecart-et-reposez-vous\/","og_locale":"fr_FR","og_type":"article","og_title":"\u00ab Venez \u00e0 l\u2019\u00e9cart et reposez-vous \u00bb - Centre de Documentation et d\u2019Etude du Pontificat de Jean-Paul II \u00e0 Rome","og_description":"XVI Dimanche du Temps Ordinaire","og_url":"https:\/\/jp2doc.pl\/fr\/2021\/07\/18\/venez-a-lecart-et-reposez-vous\/","og_site_name":"Centre de Documentation et d\u2019Etude du Pontificat de Jean-Paul II \u00e0 Rome","article_published_time":"2021-07-18T09:39:15+00:00","article_modified_time":"2021-07-18T09:39:19+00:00","og_image":[{"width":1920,"height":1280,"url":"https:\/\/jp2doc.pl\/fr\/wp-content\/uploads\/sites\/5\/2021\/07\/natalya-zaritskaya-SIOdjcYotms-unsplash.jpg","type":"image\/jpeg"}],"author":"juliasercanka","twitter_card":"summary_large_image","twitter_misc":{"\u00c9crit par":"juliasercanka","Dur\u00e9e de lecture estim\u00e9e":"3 minutes"},"schema":{"@context":"https:\/\/schema.org","@graph":[{"@type":"Article","@id":"https:\/\/jp2doc.pl\/fr\/2021\/07\/18\/venez-a-lecart-et-reposez-vous\/#article","isPartOf":{"@id":"https:\/\/jp2doc.pl\/fr\/2021\/07\/18\/venez-a-lecart-et-reposez-vous\/"},"author":{"name":"juliasercanka","@id":"https:\/\/jp2doc.pl\/fr\/#\/schema\/person\/6110109e80abb51f6fac4824777eabfe"},"headline":"\u00ab Venez \u00e0 l\u2019\u00e9cart et reposez-vous \u00bb","datePublished":"2021-07-18T09:39:15+00:00","dateModified":"2021-07-18T09:39:19+00:00","mainEntityOfPage":{"@id":"https:\/\/jp2doc.pl\/fr\/2021\/07\/18\/venez-a-lecart-et-reposez-vous\/"},"wordCount":669,"commentCount":0,"publisher":{"@id":"https:\/\/jp2doc.pl\/fr\/#organization"},"image":{"@id":"https:\/\/jp2doc.pl\/fr\/2021\/07\/18\/venez-a-lecart-et-reposez-vous\/#primaryimage"},"thumbnailUrl":"https:\/\/jp2doc.pl\/fr\/wp-content\/uploads\/sites\/5\/2021\/07\/natalya-zaritskaya-SIOdjcYotms-unsplash.jpg","articleSection":["Blog","Strona g\u0142\u00f3wna - najnowsze","Strona g\u0142\u00f3wna - slider"],"inLanguage":"fr-FR","potentialAction":[{"@type":"CommentAction","name":"Comment","target":["https:\/\/jp2doc.pl\/fr\/2021\/07\/18\/venez-a-lecart-et-reposez-vous\/#respond"]}]},{"@type":"WebPage","@id":"https:\/\/jp2doc.pl\/fr\/2021\/07\/18\/venez-a-lecart-et-reposez-vous\/","url":"https:\/\/jp2doc.pl\/fr\/2021\/07\/18\/venez-a-lecart-et-reposez-vous\/","name":"\u00ab Venez \u00e0 l\u2019\u00e9cart et reposez-vous \u00bb - Centre de Documentation et d\u2019Etude du Pontificat de Jean-Paul II \u00e0 Rome","isPartOf":{"@id":"https:\/\/jp2doc.pl\/fr\/#website"},"primaryImageOfPage":{"@id":"https:\/\/jp2doc.pl\/fr\/2021\/07\/18\/venez-a-lecart-et-reposez-vous\/#primaryimage"},"image":{"@id":"https:\/\/jp2doc.pl\/fr\/2021\/07\/18\/venez-a-lecart-et-reposez-vous\/#primaryimage"},"thumbnailUrl":"https:\/\/jp2doc.pl\/fr\/wp-content\/uploads\/sites\/5\/2021\/07\/natalya-zaritskaya-SIOdjcYotms-unsplash.jpg","datePublished":"2021-07-18T09:39:15+00:00","dateModified":"2021-07-18T09:39:19+00:00","breadcrumb":{"@id":"https:\/\/jp2doc.pl\/fr\/2021\/07\/18\/venez-a-lecart-et-reposez-vous\/#breadcrumb"},"inLanguage":"fr-FR","potentialAction":[{"@type":"ReadAction","target":["https:\/\/jp2doc.pl\/fr\/2021\/07\/18\/venez-a-lecart-et-reposez-vous\/"]}]},{"@type":"ImageObject","inLanguage":"fr-FR","@id":"https:\/\/jp2doc.pl\/fr\/2021\/07\/18\/venez-a-lecart-et-reposez-vous\/#primaryimage","url":"https:\/\/jp2doc.pl\/fr\/wp-content\/uploads\/sites\/5\/2021\/07\/natalya-zaritskaya-SIOdjcYotms-unsplash.jpg","contentUrl":"https:\/\/jp2doc.pl\/fr\/wp-content\/uploads\/sites\/5\/2021\/07\/natalya-zaritskaya-SIOdjcYotms-unsplash.jpg","width":1920,"height":1280},{"@type":"BreadcrumbList","@id":"https:\/\/jp2doc.pl\/fr\/2021\/07\/18\/venez-a-lecart-et-reposez-vous\/#breadcrumb","itemListElement":[{"@type":"ListItem","position":1,"name":"Home","item":"https:\/\/jp2doc.pl\/fr\/"},{"@type":"ListItem","position":2,"name":"\u00ab Venez \u00e0 l\u2019\u00e9cart et reposez-vous \u00bb"}]},{"@type":"WebSite","@id":"https:\/\/jp2doc.pl\/fr\/#website","url":"https:\/\/jp2doc.pl\/fr\/","name":"Centre de Documentation et d\u2019Etude du Pontificat de Jean-Paul II \u00e0 Rome","description":"","publisher":{"@id":"https:\/\/jp2doc.pl\/fr\/#organization"},"potentialAction":[{"@type":"SearchAction","target":{"@type":"EntryPoint","urlTemplate":"https:\/\/jp2doc.pl\/fr\/?s={search_term_string}"},"query-input":{"@type":"PropertyValueSpecification","valueRequired":true,"valueName":"search_term_string"}}],"inLanguage":"fr-FR"},{"@type":"Organization","@id":"https:\/\/jp2doc.pl\/fr\/#organization","name":"Centre de Documentation et d\u2019Etude du Pontificat de Jean-Paul II \u00e0 Rome","url":"https:\/\/jp2doc.pl\/fr\/","logo":{"@type":"ImageObject","inLanguage":"fr-FR","@id":"https:\/\/jp2doc.pl\/fr\/#\/schema\/logo\/image\/","url":"https:\/\/jp2doc.pl\/fr\/wp-content\/uploads\/sites\/5\/2017\/03\/cropped-logo.png","contentUrl":"https:\/\/jp2doc.pl\/fr\/wp-content\/uploads\/sites\/5\/2017\/03\/cropped-logo.png","width":115,"height":115,"caption":"Centre de Documentation et d\u2019Etude du Pontificat de Jean-Paul II \u00e0 Rome"},"image":{"@id":"https:\/\/jp2doc.pl\/fr\/#\/schema\/logo\/image\/"}},{"@type":"Person","@id":"https:\/\/jp2doc.pl\/fr\/#\/schema\/person\/6110109e80abb51f6fac4824777eabfe","name":"juliasercanka","image":{"@type":"ImageObject","inLanguage":"fr-FR","@id":"https:\/\/jp2doc.pl\/fr\/#\/schema\/person\/image\/","url":"https:\/\/secure.gravatar.com\/avatar\/266a66e864556e22d55d61b6b10c97fab9060767b738564bcd109f3997e372bc?s=96&d=mm&r=g","contentUrl":"https:\/\/secure.gravatar.com\/avatar\/266a66e864556e22d55d61b6b10c97fab9060767b738564bcd109f3997e372bc?s=96&d=mm&r=g","caption":"juliasercanka"},"url":"https:\/\/jp2doc.pl\/fr\/author\/juliasercanka\/"}]}},"_links":{"self":[{"href":"https:\/\/jp2doc.pl\/fr\/wp-json\/wp\/v2\/posts\/1941","targetHints":{"allow":["GET"]}}],"collection":[{"href":"https:\/\/jp2doc.pl\/fr\/wp-json\/wp\/v2\/posts"}],"about":[{"href":"https:\/\/jp2doc.pl\/fr\/wp-json\/wp\/v2\/types\/post"}],"author":[{"embeddable":true,"href":"https:\/\/jp2doc.pl\/fr\/wp-json\/wp\/v2\/users\/5"}],"replies":[{"embeddable":true,"href":"https:\/\/jp2doc.pl\/fr\/wp-json\/wp\/v2\/comments?post=1941"}],"version-history":[{"count":1,"href":"https:\/\/jp2doc.pl\/fr\/wp-json\/wp\/v2\/posts\/1941\/revisions"}],"predecessor-version":[{"id":1943,"href":"https:\/\/jp2doc.pl\/fr\/wp-json\/wp\/v2\/posts\/1941\/revisions\/1943"}],"wp:featuredmedia":[{"embeddable":true,"href":"https:\/\/jp2doc.pl\/fr\/wp-json\/wp\/v2\/media\/1942"}],"wp:attachment":[{"href":"https:\/\/jp2doc.pl\/fr\/wp-json\/wp\/v2\/media?parent=1941"}],"wp:term":[{"taxonomy":"category","embeddable":true,"href":"https:\/\/jp2doc.pl\/fr\/wp-json\/wp\/v2\/categories?post=1941"},{"taxonomy":"post_tag","embeddable":true,"href":"https:\/\/jp2doc.pl\/fr\/wp-json\/wp\/v2\/tags?post=1941"}],"curies":[{"name":"wp","href":"https:\/\/api.w.org\/{rel}","templated":true}]}}