{"id":1945,"date":"2021-08-05T18:27:54","date_gmt":"2021-08-05T16:27:54","guid":{"rendered":"https:\/\/jp2doc.pl\/fr\/?p=1945"},"modified":"2021-08-05T18:27:55","modified_gmt":"2021-08-05T16:27:55","slug":"nous-sommes-appeles-a-partager","status":"publish","type":"post","link":"https:\/\/jp2doc.pl\/fr\/2021\/08\/05\/nous-sommes-appeles-a-partager\/","title":{"rendered":"Nous sommes appel\u00e9s \u00e0 partager"},"content":{"rendered":"\n<p>\u00c9vangile : Jean 6, 1-15<\/p>\n\n\n\n<p>\u00ab O\u00f9 pourrions-nous acheter du pain pour qu\u2019ils aient \u00e0 manger ? \u00bb&nbsp; (Jn 6, 5)<\/p>\n\n\n\n<p>La bonne nouvelle de ce jour est que J\u00e9sus ne reste pas insensible ou indiff\u00e9rent face aux souffrances et aux besoins des hommes. Il a piti\u00e9 de ceux qui le suivent : il constate que la foule est affam\u00e9e et qu\u2019elle doit \u00eatre nourrie. J\u00e9sus sait bien que \u00ab ventre affam\u00e9 n\u2019a pas d\u2019oreille \u00bb ; que quand on a trop faim, on n\u2019\u00e9coute plus. Et quand il y a \u00e0 manger, c\u2019est lui-m\u00eame qui proc\u00e8de \u00e0 la distribution. C\u2019est pour nous une bonne nouvelle de savoir que J\u00e9sus s\u2019int\u00e9resse \u00e0 tout ce qui passe dans notre vie, qu\u2019il se veut partie prenante. A l\u2019instar de J\u00e9sus, puissent nos c\u0153urs \u00eatre pareils \u00e0 celui de J\u00e9sus, c\u0153urs sensibles, attentifs et ouverts devant la souffrance de nos semblables, c\u0153urs capables de s\u2019\u00e9mouvoir et compatissants.&nbsp;<\/p>\n\n\n\n<p>\u00ab Il y a l\u00e0 un jeune gar\u00e7on qui a cinq pains d\u2019orge et deux poissons, mais qu\u2019est-ce que cela pour&nbsp; tant de monde ! \u00bb(6, 9)<\/p>\n\n\n\n<p>Derri\u00e8re chaque geste, J\u00e9sus veut plut\u00f4t nous livrer un message. Il n\u2019y a que cinq pains et deux poissons, c\u2019est bien peu, dit Andr\u00e9. Mais pour J\u00e9sus, il faut commencer par l\u00e0. Car c\u2019est toujours avec le petit peu que nous avons que Dieu peut agir. Et si cet enfant n\u2019avait pas donn\u00e9 ses cinq pains et ses deux poissons ? Dieu a besoin de nos gestes de partage pour r\u00e9aliser de grandes choses. Le peu que nous pouvons, faisons-le d\u00e9j\u00e0. Et, ces petits peu mis ensemble contribueront \u00e0 des solutions. Dieu ne multiplie que ce que nous donnons. Oui, J\u00e9sus pouvais bien nourrir la foule sans avoir besoin de ces cinq pains et deux poissons. Mais pourquoi ne l\u2019a-t-il pas fait ? Il veut montrer que Dieu a besoin de notre collaboration pour venir en aide \u00e0 nos prochains.<\/p>\n\n\n\n<p>Notre foi doit se traduire par des actions de solidarit\u00e9. Nous sommes appel\u00e9s \u00e0 partager, m\u00eame si ce que nous poss\u00e9dons est presque rien. Soyons attentifs aux besoins de ceux qui nous entourent. Si les plus riches d\u00e9cident de partager avec ceux qui sont dans le besoin, le d\u00e9sert se changera en champ d\u2019abondance. Ouvrons g\u00e9n\u00e9reusement nos mains et notre c\u0153ur \u00e0 nos prochains. Le geste que pose J\u00e9sus est une annonce de l\u2019Eucharistie, et nous ne pouvons participer \u00e0 l\u2019Eucharistie que si nous sommes des \u00ab partageurs \u00bb.<\/p>\n\n\n\n<p>Le geste de g\u00e9n\u00e9rosit\u00e9 du jeune gar\u00e7on dans l\u2019\u00c9vangile d\u2019aujourd\u2019hui est une le\u00e7on pour nous tous. Cinq pains d\u2019orge et deux poissons ! Une goutte d\u2019eau dirait-on, mais c\u2019est \u00e0 partir de ce geste que le miracle s\u2019accomplit.&nbsp;<\/p>\n\n\n\n<p>\u00ab Rassemblez les morceaux en surplus, pour que rien ne se perde \u00bb (Jn 6,12)<\/p>\n\n\n\n<p>Une partie non n\u00e9gligeable de la population mondiale souffre de malnutrition ;&nbsp; pendant ce temps des gens gaspillent sans honte\u2026Un tiers de la nourriture produite dans le monde finit dans les poubelles et les camions \u00e0 ordures. On est \u00e9c\u0153ur\u00e9 de voir tous les rassasi\u00e9s gaspiller ce que beaucoup aimeraient avoir, ne f\u00fbt-ce qu\u2019une petite miette. Un scandale de notre soci\u00e9t\u00e9 moderne. Un d\u00e9lit de solidarit\u00e9 ! J\u00e9sus doit certainement \u00eatre d\u00e9\u00e7u : \u00ab Rassemblez les morceaux en surplus, pour que rien ne se perde \u00bb (Jn 6:12). Certes, nous n\u2019avons pas une baguette magique pour changer les choses, mais notre monde peut \u00eatre transform\u00e9 si nous ouvrons nos c\u0153urs aux autres, avec de petites choses de chaque jour, avec la g\u00e9n\u00e9rosit\u00e9, le partage, et en cr\u00e9ant des attitudes de fraternit\u00e9.<\/p>\n\n\n\n<p><strong>Abb\u00e9 Jean Claude Ciza<\/strong><\/p>\n\n\n\n<p><em>Fot. Priscilla Du Preez Zeq\/Unsplash.com<\/em><\/p>\n","protected":false},"excerpt":{"rendered":"<p>XVII Dimanche du Temps Ordinaire<\/p>\n","protected":false},"author":5,"featured_media":1946,"comment_status":"open","ping_status":"open","sticky":false,"template":"","format":"standard","meta":{"_acf_changed":false,"_exactmetrics_skip_tracking":false,"_exactmetrics_sitenote_active":false,"_exactmetrics_sitenote_note":"","_exactmetrics_sitenote_category":0,"footnotes":""},"categories":[4,13,14],"tags":[],"class_list":["post-1945","post","type-post","status-publish","format-standard","has-post-thumbnail","hentry","category-blog","category-strona-glowna-najnowsze","category-strona-glowna-slider"],"acf":[],"yoast_head":"<!-- This site is optimized with the Yoast SEO plugin v26.2 - https:\/\/yoast.com\/wordpress\/plugins\/seo\/ -->\n<title>Nous sommes appel\u00e9s \u00e0 partager - Centre de Documentation et d\u2019Etude du Pontificat de Jean-Paul II \u00e0 Rome<\/title>\n<meta name=\"robots\" content=\"index, follow, max-snippet:-1, max-image-preview:large, max-video-preview:-1\" \/>\n<link rel=\"canonical\" href=\"https:\/\/jp2doc.pl\/fr\/2021\/08\/05\/nous-sommes-appeles-a-partager\/\" \/>\n<meta property=\"og:locale\" content=\"fr_FR\" \/>\n<meta property=\"og:type\" content=\"article\" \/>\n<meta property=\"og:title\" content=\"Nous sommes appel\u00e9s \u00e0 partager - Centre de Documentation et d\u2019Etude du Pontificat de Jean-Paul II \u00e0 Rome\" \/>\n<meta property=\"og:description\" content=\"XVII Dimanche du Temps Ordinaire\" \/>\n<meta property=\"og:url\" content=\"https:\/\/jp2doc.pl\/fr\/2021\/08\/05\/nous-sommes-appeles-a-partager\/\" \/>\n<meta property=\"og:site_name\" content=\"Centre de Documentation et d\u2019Etude du Pontificat de Jean-Paul II \u00e0 Rome\" \/>\n<meta property=\"article:published_time\" content=\"2021-08-05T16:27:54+00:00\" \/>\n<meta property=\"article:modified_time\" content=\"2021-08-05T16:27:55+00:00\" \/>\n<meta property=\"og:image\" content=\"https:\/\/jp2doc.pl\/fr\/wp-content\/uploads\/sites\/5\/2021\/08\/priscilla-du-preez-zeqWK0n5PNM-unsplash.jpg\" \/>\n\t<meta property=\"og:image:width\" content=\"1920\" \/>\n\t<meta property=\"og:image:height\" content=\"1280\" \/>\n\t<meta property=\"og:image:type\" content=\"image\/jpeg\" \/>\n<meta name=\"author\" content=\"juliasercanka\" \/>\n<meta name=\"twitter:card\" content=\"summary_large_image\" \/>\n<meta name=\"twitter:label1\" content=\"\u00c9crit par\" \/>\n\t<meta name=\"twitter:data1\" content=\"juliasercanka\" \/>\n\t<meta name=\"twitter:label2\" content=\"Dur\u00e9e de lecture estim\u00e9e\" \/>\n\t<meta name=\"twitter:data2\" content=\"3 minutes\" \/>\n<script type=\"application\/ld+json\" class=\"yoast-schema-graph\">{\"@context\":\"https:\/\/schema.org\",\"@graph\":[{\"@type\":\"Article\",\"@id\":\"https:\/\/jp2doc.pl\/fr\/2021\/08\/05\/nous-sommes-appeles-a-partager\/#article\",\"isPartOf\":{\"@id\":\"https:\/\/jp2doc.pl\/fr\/2021\/08\/05\/nous-sommes-appeles-a-partager\/\"},\"author\":{\"name\":\"juliasercanka\",\"@id\":\"https:\/\/jp2doc.pl\/fr\/#\/schema\/person\/6110109e80abb51f6fac4824777eabfe\"},\"headline\":\"Nous sommes appel\u00e9s \u00e0 partager\",\"datePublished\":\"2021-08-05T16:27:54+00:00\",\"dateModified\":\"2021-08-05T16:27:55+00:00\",\"mainEntityOfPage\":{\"@id\":\"https:\/\/jp2doc.pl\/fr\/2021\/08\/05\/nous-sommes-appeles-a-partager\/\"},\"wordCount\":651,\"commentCount\":0,\"publisher\":{\"@id\":\"https:\/\/jp2doc.pl\/fr\/#organization\"},\"image\":{\"@id\":\"https:\/\/jp2doc.pl\/fr\/2021\/08\/05\/nous-sommes-appeles-a-partager\/#primaryimage\"},\"thumbnailUrl\":\"https:\/\/jp2doc.pl\/fr\/wp-content\/uploads\/sites\/5\/2021\/08\/priscilla-du-preez-zeqWK0n5PNM-unsplash.jpg\",\"articleSection\":[\"Blog\",\"Strona g\u0142\u00f3wna - najnowsze\",\"Strona g\u0142\u00f3wna - slider\"],\"inLanguage\":\"fr-FR\",\"potentialAction\":[{\"@type\":\"CommentAction\",\"name\":\"Comment\",\"target\":[\"https:\/\/jp2doc.pl\/fr\/2021\/08\/05\/nous-sommes-appeles-a-partager\/#respond\"]}]},{\"@type\":\"WebPage\",\"@id\":\"https:\/\/jp2doc.pl\/fr\/2021\/08\/05\/nous-sommes-appeles-a-partager\/\",\"url\":\"https:\/\/jp2doc.pl\/fr\/2021\/08\/05\/nous-sommes-appeles-a-partager\/\",\"name\":\"Nous sommes appel\u00e9s \u00e0 partager - Centre de Documentation et d\u2019Etude du Pontificat de Jean-Paul II \u00e0 Rome\",\"isPartOf\":{\"@id\":\"https:\/\/jp2doc.pl\/fr\/#website\"},\"primaryImageOfPage\":{\"@id\":\"https:\/\/jp2doc.pl\/fr\/2021\/08\/05\/nous-sommes-appeles-a-partager\/#primaryimage\"},\"image\":{\"@id\":\"https:\/\/jp2doc.pl\/fr\/2021\/08\/05\/nous-sommes-appeles-a-partager\/#primaryimage\"},\"thumbnailUrl\":\"https:\/\/jp2doc.pl\/fr\/wp-content\/uploads\/sites\/5\/2021\/08\/priscilla-du-preez-zeqWK0n5PNM-unsplash.jpg\",\"datePublished\":\"2021-08-05T16:27:54+00:00\",\"dateModified\":\"2021-08-05T16:27:55+00:00\",\"breadcrumb\":{\"@id\":\"https:\/\/jp2doc.pl\/fr\/2021\/08\/05\/nous-sommes-appeles-a-partager\/#breadcrumb\"},\"inLanguage\":\"fr-FR\",\"potentialAction\":[{\"@type\":\"ReadAction\",\"target\":[\"https:\/\/jp2doc.pl\/fr\/2021\/08\/05\/nous-sommes-appeles-a-partager\/\"]}]},{\"@type\":\"ImageObject\",\"inLanguage\":\"fr-FR\",\"@id\":\"https:\/\/jp2doc.pl\/fr\/2021\/08\/05\/nous-sommes-appeles-a-partager\/#primaryimage\",\"url\":\"https:\/\/jp2doc.pl\/fr\/wp-content\/uploads\/sites\/5\/2021\/08\/priscilla-du-preez-zeqWK0n5PNM-unsplash.jpg\",\"contentUrl\":\"https:\/\/jp2doc.pl\/fr\/wp-content\/uploads\/sites\/5\/2021\/08\/priscilla-du-preez-zeqWK0n5PNM-unsplash.jpg\",\"width\":1920,\"height\":1280},{\"@type\":\"BreadcrumbList\",\"@id\":\"https:\/\/jp2doc.pl\/fr\/2021\/08\/05\/nous-sommes-appeles-a-partager\/#breadcrumb\",\"itemListElement\":[{\"@type\":\"ListItem\",\"position\":1,\"name\":\"Home\",\"item\":\"https:\/\/jp2doc.pl\/fr\/\"},{\"@type\":\"ListItem\",\"position\":2,\"name\":\"Nous sommes appel\u00e9s \u00e0 partager\"}]},{\"@type\":\"WebSite\",\"@id\":\"https:\/\/jp2doc.pl\/fr\/#website\",\"url\":\"https:\/\/jp2doc.pl\/fr\/\",\"name\":\"Centre de Documentation et d\u2019Etude du Pontificat de Jean-Paul II \u00e0 Rome\",\"description\":\"\",\"publisher\":{\"@id\":\"https:\/\/jp2doc.pl\/fr\/#organization\"},\"potentialAction\":[{\"@type\":\"SearchAction\",\"target\":{\"@type\":\"EntryPoint\",\"urlTemplate\":\"https:\/\/jp2doc.pl\/fr\/?s={search_term_string}\"},\"query-input\":{\"@type\":\"PropertyValueSpecification\",\"valueRequired\":true,\"valueName\":\"search_term_string\"}}],\"inLanguage\":\"fr-FR\"},{\"@type\":\"Organization\",\"@id\":\"https:\/\/jp2doc.pl\/fr\/#organization\",\"name\":\"Centre de Documentation et d\u2019Etude du Pontificat de Jean-Paul II \u00e0 Rome\",\"url\":\"https:\/\/jp2doc.pl\/fr\/\",\"logo\":{\"@type\":\"ImageObject\",\"inLanguage\":\"fr-FR\",\"@id\":\"https:\/\/jp2doc.pl\/fr\/#\/schema\/logo\/image\/\",\"url\":\"https:\/\/jp2doc.pl\/fr\/wp-content\/uploads\/sites\/5\/2017\/03\/cropped-logo.png\",\"contentUrl\":\"https:\/\/jp2doc.pl\/fr\/wp-content\/uploads\/sites\/5\/2017\/03\/cropped-logo.png\",\"width\":115,\"height\":115,\"caption\":\"Centre de Documentation et d\u2019Etude du Pontificat de Jean-Paul II \u00e0 Rome\"},\"image\":{\"@id\":\"https:\/\/jp2doc.pl\/fr\/#\/schema\/logo\/image\/\"}},{\"@type\":\"Person\",\"@id\":\"https:\/\/jp2doc.pl\/fr\/#\/schema\/person\/6110109e80abb51f6fac4824777eabfe\",\"name\":\"juliasercanka\",\"image\":{\"@type\":\"ImageObject\",\"inLanguage\":\"fr-FR\",\"@id\":\"https:\/\/jp2doc.pl\/fr\/#\/schema\/person\/image\/\",\"url\":\"https:\/\/secure.gravatar.com\/avatar\/266a66e864556e22d55d61b6b10c97fab9060767b738564bcd109f3997e372bc?s=96&d=mm&r=g\",\"contentUrl\":\"https:\/\/secure.gravatar.com\/avatar\/266a66e864556e22d55d61b6b10c97fab9060767b738564bcd109f3997e372bc?s=96&d=mm&r=g\",\"caption\":\"juliasercanka\"},\"url\":\"https:\/\/jp2doc.pl\/fr\/author\/juliasercanka\/\"}]}<\/script>\n<!-- \/ Yoast SEO plugin. -->","yoast_head_json":{"title":"Nous sommes appel\u00e9s \u00e0 partager - Centre de Documentation et d\u2019Etude du Pontificat de Jean-Paul II \u00e0 Rome","robots":{"index":"index","follow":"follow","max-snippet":"max-snippet:-1","max-image-preview":"max-image-preview:large","max-video-preview":"max-video-preview:-1"},"canonical":"https:\/\/jp2doc.pl\/fr\/2021\/08\/05\/nous-sommes-appeles-a-partager\/","og_locale":"fr_FR","og_type":"article","og_title":"Nous sommes appel\u00e9s \u00e0 partager - Centre de Documentation et d\u2019Etude du Pontificat de Jean-Paul II \u00e0 Rome","og_description":"XVII Dimanche du Temps Ordinaire","og_url":"https:\/\/jp2doc.pl\/fr\/2021\/08\/05\/nous-sommes-appeles-a-partager\/","og_site_name":"Centre de Documentation et d\u2019Etude du Pontificat de Jean-Paul II \u00e0 Rome","article_published_time":"2021-08-05T16:27:54+00:00","article_modified_time":"2021-08-05T16:27:55+00:00","og_image":[{"width":1920,"height":1280,"url":"https:\/\/jp2doc.pl\/fr\/wp-content\/uploads\/sites\/5\/2021\/08\/priscilla-du-preez-zeqWK0n5PNM-unsplash.jpg","type":"image\/jpeg"}],"author":"juliasercanka","twitter_card":"summary_large_image","twitter_misc":{"\u00c9crit par":"juliasercanka","Dur\u00e9e de lecture estim\u00e9e":"3 minutes"},"schema":{"@context":"https:\/\/schema.org","@graph":[{"@type":"Article","@id":"https:\/\/jp2doc.pl\/fr\/2021\/08\/05\/nous-sommes-appeles-a-partager\/#article","isPartOf":{"@id":"https:\/\/jp2doc.pl\/fr\/2021\/08\/05\/nous-sommes-appeles-a-partager\/"},"author":{"name":"juliasercanka","@id":"https:\/\/jp2doc.pl\/fr\/#\/schema\/person\/6110109e80abb51f6fac4824777eabfe"},"headline":"Nous sommes appel\u00e9s \u00e0 partager","datePublished":"2021-08-05T16:27:54+00:00","dateModified":"2021-08-05T16:27:55+00:00","mainEntityOfPage":{"@id":"https:\/\/jp2doc.pl\/fr\/2021\/08\/05\/nous-sommes-appeles-a-partager\/"},"wordCount":651,"commentCount":0,"publisher":{"@id":"https:\/\/jp2doc.pl\/fr\/#organization"},"image":{"@id":"https:\/\/jp2doc.pl\/fr\/2021\/08\/05\/nous-sommes-appeles-a-partager\/#primaryimage"},"thumbnailUrl":"https:\/\/jp2doc.pl\/fr\/wp-content\/uploads\/sites\/5\/2021\/08\/priscilla-du-preez-zeqWK0n5PNM-unsplash.jpg","articleSection":["Blog","Strona g\u0142\u00f3wna - najnowsze","Strona g\u0142\u00f3wna - slider"],"inLanguage":"fr-FR","potentialAction":[{"@type":"CommentAction","name":"Comment","target":["https:\/\/jp2doc.pl\/fr\/2021\/08\/05\/nous-sommes-appeles-a-partager\/#respond"]}]},{"@type":"WebPage","@id":"https:\/\/jp2doc.pl\/fr\/2021\/08\/05\/nous-sommes-appeles-a-partager\/","url":"https:\/\/jp2doc.pl\/fr\/2021\/08\/05\/nous-sommes-appeles-a-partager\/","name":"Nous sommes appel\u00e9s \u00e0 partager - Centre de Documentation et d\u2019Etude du Pontificat de Jean-Paul II \u00e0 Rome","isPartOf":{"@id":"https:\/\/jp2doc.pl\/fr\/#website"},"primaryImageOfPage":{"@id":"https:\/\/jp2doc.pl\/fr\/2021\/08\/05\/nous-sommes-appeles-a-partager\/#primaryimage"},"image":{"@id":"https:\/\/jp2doc.pl\/fr\/2021\/08\/05\/nous-sommes-appeles-a-partager\/#primaryimage"},"thumbnailUrl":"https:\/\/jp2doc.pl\/fr\/wp-content\/uploads\/sites\/5\/2021\/08\/priscilla-du-preez-zeqWK0n5PNM-unsplash.jpg","datePublished":"2021-08-05T16:27:54+00:00","dateModified":"2021-08-05T16:27:55+00:00","breadcrumb":{"@id":"https:\/\/jp2doc.pl\/fr\/2021\/08\/05\/nous-sommes-appeles-a-partager\/#breadcrumb"},"inLanguage":"fr-FR","potentialAction":[{"@type":"ReadAction","target":["https:\/\/jp2doc.pl\/fr\/2021\/08\/05\/nous-sommes-appeles-a-partager\/"]}]},{"@type":"ImageObject","inLanguage":"fr-FR","@id":"https:\/\/jp2doc.pl\/fr\/2021\/08\/05\/nous-sommes-appeles-a-partager\/#primaryimage","url":"https:\/\/jp2doc.pl\/fr\/wp-content\/uploads\/sites\/5\/2021\/08\/priscilla-du-preez-zeqWK0n5PNM-unsplash.jpg","contentUrl":"https:\/\/jp2doc.pl\/fr\/wp-content\/uploads\/sites\/5\/2021\/08\/priscilla-du-preez-zeqWK0n5PNM-unsplash.jpg","width":1920,"height":1280},{"@type":"BreadcrumbList","@id":"https:\/\/jp2doc.pl\/fr\/2021\/08\/05\/nous-sommes-appeles-a-partager\/#breadcrumb","itemListElement":[{"@type":"ListItem","position":1,"name":"Home","item":"https:\/\/jp2doc.pl\/fr\/"},{"@type":"ListItem","position":2,"name":"Nous sommes appel\u00e9s \u00e0 partager"}]},{"@type":"WebSite","@id":"https:\/\/jp2doc.pl\/fr\/#website","url":"https:\/\/jp2doc.pl\/fr\/","name":"Centre de Documentation et d\u2019Etude du Pontificat de Jean-Paul II \u00e0 Rome","description":"","publisher":{"@id":"https:\/\/jp2doc.pl\/fr\/#organization"},"potentialAction":[{"@type":"SearchAction","target":{"@type":"EntryPoint","urlTemplate":"https:\/\/jp2doc.pl\/fr\/?s={search_term_string}"},"query-input":{"@type":"PropertyValueSpecification","valueRequired":true,"valueName":"search_term_string"}}],"inLanguage":"fr-FR"},{"@type":"Organization","@id":"https:\/\/jp2doc.pl\/fr\/#organization","name":"Centre de Documentation et d\u2019Etude du Pontificat de Jean-Paul II \u00e0 Rome","url":"https:\/\/jp2doc.pl\/fr\/","logo":{"@type":"ImageObject","inLanguage":"fr-FR","@id":"https:\/\/jp2doc.pl\/fr\/#\/schema\/logo\/image\/","url":"https:\/\/jp2doc.pl\/fr\/wp-content\/uploads\/sites\/5\/2017\/03\/cropped-logo.png","contentUrl":"https:\/\/jp2doc.pl\/fr\/wp-content\/uploads\/sites\/5\/2017\/03\/cropped-logo.png","width":115,"height":115,"caption":"Centre de Documentation et d\u2019Etude du Pontificat de Jean-Paul II \u00e0 Rome"},"image":{"@id":"https:\/\/jp2doc.pl\/fr\/#\/schema\/logo\/image\/"}},{"@type":"Person","@id":"https:\/\/jp2doc.pl\/fr\/#\/schema\/person\/6110109e80abb51f6fac4824777eabfe","name":"juliasercanka","image":{"@type":"ImageObject","inLanguage":"fr-FR","@id":"https:\/\/jp2doc.pl\/fr\/#\/schema\/person\/image\/","url":"https:\/\/secure.gravatar.com\/avatar\/266a66e864556e22d55d61b6b10c97fab9060767b738564bcd109f3997e372bc?s=96&d=mm&r=g","contentUrl":"https:\/\/secure.gravatar.com\/avatar\/266a66e864556e22d55d61b6b10c97fab9060767b738564bcd109f3997e372bc?s=96&d=mm&r=g","caption":"juliasercanka"},"url":"https:\/\/jp2doc.pl\/fr\/author\/juliasercanka\/"}]}},"_links":{"self":[{"href":"https:\/\/jp2doc.pl\/fr\/wp-json\/wp\/v2\/posts\/1945","targetHints":{"allow":["GET"]}}],"collection":[{"href":"https:\/\/jp2doc.pl\/fr\/wp-json\/wp\/v2\/posts"}],"about":[{"href":"https:\/\/jp2doc.pl\/fr\/wp-json\/wp\/v2\/types\/post"}],"author":[{"embeddable":true,"href":"https:\/\/jp2doc.pl\/fr\/wp-json\/wp\/v2\/users\/5"}],"replies":[{"embeddable":true,"href":"https:\/\/jp2doc.pl\/fr\/wp-json\/wp\/v2\/comments?post=1945"}],"version-history":[{"count":1,"href":"https:\/\/jp2doc.pl\/fr\/wp-json\/wp\/v2\/posts\/1945\/revisions"}],"predecessor-version":[{"id":1947,"href":"https:\/\/jp2doc.pl\/fr\/wp-json\/wp\/v2\/posts\/1945\/revisions\/1947"}],"wp:featuredmedia":[{"embeddable":true,"href":"https:\/\/jp2doc.pl\/fr\/wp-json\/wp\/v2\/media\/1946"}],"wp:attachment":[{"href":"https:\/\/jp2doc.pl\/fr\/wp-json\/wp\/v2\/media?parent=1945"}],"wp:term":[{"taxonomy":"category","embeddable":true,"href":"https:\/\/jp2doc.pl\/fr\/wp-json\/wp\/v2\/categories?post=1945"},{"taxonomy":"post_tag","embeddable":true,"href":"https:\/\/jp2doc.pl\/fr\/wp-json\/wp\/v2\/tags?post=1945"}],"curies":[{"name":"wp","href":"https:\/\/api.w.org\/{rel}","templated":true}]}}