{"id":1961,"date":"2021-09-06T11:04:20","date_gmt":"2021-09-06T09:04:20","guid":{"rendered":"https:\/\/jp2doc.pl\/fr\/?p=1961"},"modified":"2021-09-06T11:04:21","modified_gmt":"2021-09-06T09:04:21","slug":"laissez-vous-guider-par-dieu","status":"publish","type":"post","link":"https:\/\/jp2doc.pl\/fr\/2021\/09\/06\/laissez-vous-guider-par-dieu\/","title":{"rendered":"Laissez-vous guider par Dieu"},"content":{"rendered":"\n<p>Is 35, 4-7&nbsp;; Jc 2, 1-5&nbsp;; Mc 7, 31-37<\/p>\n\n\n\n<p>Les lectures que nous venons d\u2019entendre, en ce vingt-troisi\u00e8me dimanche du temps ordinaire, nous parlent du salut.<\/p>\n\n\n\n<p>Le salut est une remise en \u00e9tat. On sauve quelque chose en le r\u00e9cup\u00e9rant. On sauve quelqu\u2019un en venant \u00e0 son secours. Par exemple, un fauteuil est tr\u00e8s ab\u00eem\u00e9. On le fait r\u00e9parer. Ce faisant, on le sauve, car on aurait bien pu aussi s\u2019en d\u00e9barrasser. Quelqu\u2019un nage dans une rivi\u00e8re ou dans un lac, il attrape des crampes et ne sait plus avanc\u00e9. Il fait des gestes agit\u00e9s, on s\u2019aper\u00e7oit qu\u2019il est en difficult\u00e9. On lui apporte de l\u2019aide. On le sauve, car il aurait bien pu aussi se noyer.<\/p>\n\n\n\n<p>Il y a salut l\u00e0 o\u00f9 il y a pr\u00e9alablement un probl\u00e8me. Alors qu\u2019est-ce qui ne va pas avec nous pour que Isa\u00efe nous dise dans la premi\u00e8re lecture&nbsp;: \u00ab&nbsp;[Dieu] vient lui-m\u00eame et va vous sauver&nbsp;\u00bb&nbsp;?<\/p>\n\n\n\n<p>Les lectures mentionnent une s\u00e9rie de mis\u00e8res dans lesquelles nous sommes plong\u00e9s.<\/p>\n\n\n\n<p>Chez Isa\u00efe, nous apprenons que nous sommes&nbsp;:<\/p>\n\n\n\n<p>A) Des aveugles&nbsp;: nous avons beau ouvrir nos yeux, spirituellement nous sommes des malvoyants. Nous ne nous voyons pas bien. Nous doutons de ce que nous sommes, de nos capacit\u00e9s. Et nous ne voyons pas bien les autres, qu\u2019il s\u2019agisse de nos familiers, de nos voisins ou de nos coll\u00e8gues. Nous ne voyons pas le bien qu\u2019ils font. Nous ne les prenons pas \u00e0 leur juste valeur, celle d\u2019\u00eatre des cr\u00e9atures de Dieu, \u00e9gales \u00e0 nous-m\u00eames. Nous ne les voyons qu\u2019\u00e0 travers nos int\u00e9r\u00eats personnels. Saint Jacques aussi, dans la deuxi\u00e8me lecture, d\u00e9nonce cet aveuglement qui veut que nous traitions bien certains et maltraitions d\u2019autres.<\/p>\n\n\n\n<p>B) Des sourds&nbsp;: nous avons beau ouvrir nos oreilles, spirituellement nous sommes des malentendants. Nous avons du mal \u00e0 nous \u00e9couter pour nous conna\u00eetre vraiment. Nous bouchons les oreilles quand les autres nous parlent de leurs probl\u00e8mes, voire de leurs joies. Nous coupons les liens avec les autres. Nous ne nous souvenons d\u2019eux que quand nous sommes s\u00fbrs de pouvoir les utiliser pour atteindre nos propres fins.<\/p>\n\n\n\n<p>C) Des muets&nbsp;: nous avons beau ouvrir la bouche, spirituellement nous ne savons pas parler correctement ni de nous-m\u00eames ni des autres. Nous ne savons pas traduire dans des mots compr\u00e9hensibles ce que nous sentons, ce que nous pensons. Des autres, nous ne savons dire que du mal&nbsp;: nous critiquons, nous salissons, nous divisons, nous d\u00e9truisons.<\/p>\n\n\n\n<p>D) Des boiteux&nbsp;: nous avons beau nous lever, spirituellement nous ne savons pas avancer. Cela peut signifier que nous sommes des \u00e9ternels h\u00e9sitants. Nous ne savons pas faire des choix durables dans nos \u00e9tudes, dans notre travail, dans nos relations, dans nos engagements. Il est difficile pour les gens de nous faire confiance. Mais cela peut signifier aussi que nous sommes renferm\u00e9s sur nous-m\u00eames. Nous \u00e9rigeons des barri\u00e8res pour nous isoler les uns des autres. Nous cr\u00e9ons des pr\u00e9textes qui finissent par nous paralyser et nous rendre \u00e9trangers les uns aux autres.<\/p>\n\n\n\n<p>E) Des d\u00e9serts, des terres arides, des pays torrides&nbsp;: nous avons beau accueillir les gens dans nos c\u0153urs, spirituellement nous finissons par les dess\u00e9cher. Cela est d\u00fb au fait que nous ne savons pas ce que veut dire \u00ab&nbsp;aimer&nbsp;\u00bb. Nous sommes \u00e9go\u00efstes et fins calculateurs. Nous savons recevoir, mais nous ne savons pas donner. Nous rendons les gens m\u00e9chants, difficiles comme nous-m\u00eames.<\/p>\n\n\n\n<p>On pourrait se dire&nbsp;: \u00ab&nbsp;Mais ce tableau est sombre&nbsp;!&nbsp;\u00bb. Oui, il est sombre. Mais pourquoi sommes-nous ainsi&nbsp;? Nous pouvons dire que nous sommes ainsi parce que nous faisons la confusion entre nos int\u00e9r\u00eats et la foi. Saint Jacques dit dans la deuxi\u00e8me lecture&nbsp;: \u00ab&nbsp;Mes fr\u00e8res, ne m\u00ealez pas des consid\u00e9rations de personnes \u00e0 la foi en J\u00e9sus-Christ&nbsp;\u00bb. Tr\u00e8s souvent, au lieu de nous laisser guider par la foi, nous guidons la foi au gr\u00e9 de nos int\u00e9r\u00eats. Nous ne servons pas le Christ, mais nous nous servons au nom du Christ, nous \u00e9teignons en nous la lumi\u00e8re du Christ.<\/p>\n\n\n\n<p>Pourtant Dieu ne nous abandonne pas comme nous le dit Isa\u00efe dans la premi\u00e8re lecture. Il nous restaure, il nous recr\u00e9e, il nous sauve en J\u00e9sus-Christ. Comment J\u00e9sus s\u2019y prend-il&nbsp;? C\u2019est l\u2019\u00e9vangile qui nous donne la r\u00e9ponse&nbsp;:<\/p>\n\n\n\n<p>A) Il nous rejoint dans notre milieu de vie&nbsp;: saint Marc \u00e9crit en effet&nbsp;: \u00ab&nbsp;J\u00e9sus quitte la r\u00e9gion de Tyr&nbsp;; passant par Sidon, il prend la direction du lac de Galil\u00e9e et va en plein territoire de la D\u00e9capole&nbsp;\u00bb. Ce territoire, c\u2019est chez nous.<\/p>\n\n\n\n<p>B) Il nous am\u00e8ne \u00e0 l\u2019\u00e9cart, loin de la foule&nbsp;: J\u00e9sus tient \u00e0 \u00e9tablir avec chacun de nous une relation personnelle, loin des pr\u00e9textes, loin des quiproquos.<\/p>\n\n\n\n<p>C) Il met ses doigts dans nos oreilles et il pose sa salive sur nos langues&nbsp;: par ces gestes, il nous montre qu\u2019il est proche de nous, qu\u2019il nous lib\u00e8re et nous b\u00e9nit pour qu\u2019\u00e0 notre tour nous puissions lib\u00e9rer les autres et les b\u00e9nir.<\/p>\n\n\n\n<p>D) Il l\u00e8ve les yeux au ciel&nbsp;: par l\u00e0 il nous r\u00e9tablit dans l\u2019amiti\u00e9 avec Dieu. Il veut que nous devenions capables de demander conseil \u00e0 Dieu avant d\u2019agir.<\/p>\n\n\n\n<p>Cependant, Dieu ne nous sauve pas sans nous. Il veut que nous puissions collaborer \u00e0 notre salut. Comment&nbsp;?<\/p>\n\n\n\n<p>A) En nous entraidant les uns les autres&nbsp;: dans l\u2019\u00e9vangile, il est dit&nbsp;: \u00ab&nbsp;On lui am\u00e8ne un sourd-muet et on le prie de poser la main sur lui&nbsp;\u00bb. En nous entraidant, nous ouvrons la porte au bien.<\/p>\n\n\n\n<p><em>-Est-ce que je suis pr\u00eat \u00e0 aider ceux qui souffrent et qui crient vers moi&nbsp;?<\/em><\/p>\n\n\n\n<p>B) En ayant du courage&nbsp;: nous avons entendu dire dans la premi\u00e8re lecture&nbsp;: \u00ab&nbsp;Dites aux esprits affol\u00e9s&nbsp;: Prenez courage&nbsp;\u00bb. La crainte paralyse, le courage rend fort.<\/p>\n\n\n\n<p><em>-Est-ce que je suis pr\u00eat \u00e0 avoir du courage dans ma vie&nbsp;?<\/em><\/p>\n\n\n\n<p>Demandons au Seigneur d\u2019affermir notre foi en lui.<\/p>\n\n\n\n<p><strong>Abb\u00e9 Jean Claude Ciza<\/strong><\/p>\n\n\n\n<p><em>Fot. Pexels.com<\/em><\/p>\n","protected":false},"excerpt":{"rendered":"<p>XXIII Dimanche du Temps Ordinaire<\/p>\n","protected":false},"author":5,"featured_media":1267,"comment_status":"open","ping_status":"open","sticky":false,"template":"","format":"standard","meta":{"_acf_changed":false,"_exactmetrics_skip_tracking":false,"_exactmetrics_sitenote_active":false,"_exactmetrics_sitenote_note":"","_exactmetrics_sitenote_category":0,"footnotes":""},"categories":[4,13,14],"tags":[],"class_list":["post-1961","post","type-post","status-publish","format-standard","has-post-thumbnail","hentry","category-blog","category-strona-glowna-najnowsze","category-strona-glowna-slider"],"acf":[],"yoast_head":"<!-- This site is optimized with the Yoast SEO plugin v26.2 - https:\/\/yoast.com\/wordpress\/plugins\/seo\/ -->\n<title>Laissez-vous guider par Dieu - Centre de Documentation et d\u2019Etude du Pontificat de Jean-Paul II \u00e0 Rome<\/title>\n<meta name=\"robots\" content=\"index, follow, max-snippet:-1, max-image-preview:large, max-video-preview:-1\" \/>\n<link rel=\"canonical\" href=\"https:\/\/jp2doc.pl\/fr\/2021\/09\/06\/laissez-vous-guider-par-dieu\/\" \/>\n<meta property=\"og:locale\" content=\"fr_FR\" \/>\n<meta property=\"og:type\" content=\"article\" \/>\n<meta property=\"og:title\" content=\"Laissez-vous guider par Dieu - Centre de Documentation et d\u2019Etude du Pontificat de Jean-Paul II \u00e0 Rome\" \/>\n<meta property=\"og:description\" content=\"XXIII Dimanche du Temps Ordinaire\" \/>\n<meta property=\"og:url\" content=\"https:\/\/jp2doc.pl\/fr\/2021\/09\/06\/laissez-vous-guider-par-dieu\/\" \/>\n<meta property=\"og:site_name\" content=\"Centre de Documentation et d\u2019Etude du Pontificat de Jean-Paul II \u00e0 Rome\" \/>\n<meta property=\"article:published_time\" content=\"2021-09-06T09:04:20+00:00\" \/>\n<meta property=\"article:modified_time\" content=\"2021-09-06T09:04:21+00:00\" \/>\n<meta property=\"og:image\" content=\"https:\/\/jp2doc.pl\/fr\/wp-content\/uploads\/sites\/5\/2017\/10\/pexels-photo-220147.jpeg\" \/>\n\t<meta property=\"og:image:width\" content=\"1280\" \/>\n\t<meta property=\"og:image:height\" content=\"776\" \/>\n\t<meta property=\"og:image:type\" content=\"image\/jpeg\" \/>\n<meta name=\"author\" content=\"juliasercanka\" \/>\n<meta name=\"twitter:card\" content=\"summary_large_image\" \/>\n<meta name=\"twitter:label1\" content=\"\u00c9crit par\" \/>\n\t<meta name=\"twitter:data1\" content=\"juliasercanka\" \/>\n\t<meta name=\"twitter:label2\" content=\"Dur\u00e9e de lecture estim\u00e9e\" \/>\n\t<meta name=\"twitter:data2\" content=\"5 minutes\" \/>\n<script type=\"application\/ld+json\" class=\"yoast-schema-graph\">{\"@context\":\"https:\/\/schema.org\",\"@graph\":[{\"@type\":\"Article\",\"@id\":\"https:\/\/jp2doc.pl\/fr\/2021\/09\/06\/laissez-vous-guider-par-dieu\/#article\",\"isPartOf\":{\"@id\":\"https:\/\/jp2doc.pl\/fr\/2021\/09\/06\/laissez-vous-guider-par-dieu\/\"},\"author\":{\"name\":\"juliasercanka\",\"@id\":\"https:\/\/jp2doc.pl\/fr\/#\/schema\/person\/6110109e80abb51f6fac4824777eabfe\"},\"headline\":\"Laissez-vous guider par Dieu\",\"datePublished\":\"2021-09-06T09:04:20+00:00\",\"dateModified\":\"2021-09-06T09:04:21+00:00\",\"mainEntityOfPage\":{\"@id\":\"https:\/\/jp2doc.pl\/fr\/2021\/09\/06\/laissez-vous-guider-par-dieu\/\"},\"wordCount\":1098,\"commentCount\":0,\"publisher\":{\"@id\":\"https:\/\/jp2doc.pl\/fr\/#organization\"},\"image\":{\"@id\":\"https:\/\/jp2doc.pl\/fr\/2021\/09\/06\/laissez-vous-guider-par-dieu\/#primaryimage\"},\"thumbnailUrl\":\"https:\/\/jp2doc.pl\/fr\/wp-content\/uploads\/sites\/5\/2017\/10\/pexels-photo-220147.jpeg\",\"articleSection\":[\"Blog\",\"Strona g\u0142\u00f3wna - najnowsze\",\"Strona g\u0142\u00f3wna - slider\"],\"inLanguage\":\"fr-FR\",\"potentialAction\":[{\"@type\":\"CommentAction\",\"name\":\"Comment\",\"target\":[\"https:\/\/jp2doc.pl\/fr\/2021\/09\/06\/laissez-vous-guider-par-dieu\/#respond\"]}]},{\"@type\":\"WebPage\",\"@id\":\"https:\/\/jp2doc.pl\/fr\/2021\/09\/06\/laissez-vous-guider-par-dieu\/\",\"url\":\"https:\/\/jp2doc.pl\/fr\/2021\/09\/06\/laissez-vous-guider-par-dieu\/\",\"name\":\"Laissez-vous guider par Dieu - Centre de Documentation et d\u2019Etude du Pontificat de Jean-Paul II \u00e0 Rome\",\"isPartOf\":{\"@id\":\"https:\/\/jp2doc.pl\/fr\/#website\"},\"primaryImageOfPage\":{\"@id\":\"https:\/\/jp2doc.pl\/fr\/2021\/09\/06\/laissez-vous-guider-par-dieu\/#primaryimage\"},\"image\":{\"@id\":\"https:\/\/jp2doc.pl\/fr\/2021\/09\/06\/laissez-vous-guider-par-dieu\/#primaryimage\"},\"thumbnailUrl\":\"https:\/\/jp2doc.pl\/fr\/wp-content\/uploads\/sites\/5\/2017\/10\/pexels-photo-220147.jpeg\",\"datePublished\":\"2021-09-06T09:04:20+00:00\",\"dateModified\":\"2021-09-06T09:04:21+00:00\",\"breadcrumb\":{\"@id\":\"https:\/\/jp2doc.pl\/fr\/2021\/09\/06\/laissez-vous-guider-par-dieu\/#breadcrumb\"},\"inLanguage\":\"fr-FR\",\"potentialAction\":[{\"@type\":\"ReadAction\",\"target\":[\"https:\/\/jp2doc.pl\/fr\/2021\/09\/06\/laissez-vous-guider-par-dieu\/\"]}]},{\"@type\":\"ImageObject\",\"inLanguage\":\"fr-FR\",\"@id\":\"https:\/\/jp2doc.pl\/fr\/2021\/09\/06\/laissez-vous-guider-par-dieu\/#primaryimage\",\"url\":\"https:\/\/jp2doc.pl\/fr\/wp-content\/uploads\/sites\/5\/2017\/10\/pexels-photo-220147.jpeg\",\"contentUrl\":\"https:\/\/jp2doc.pl\/fr\/wp-content\/uploads\/sites\/5\/2017\/10\/pexels-photo-220147.jpeg\",\"width\":1280,\"height\":776},{\"@type\":\"BreadcrumbList\",\"@id\":\"https:\/\/jp2doc.pl\/fr\/2021\/09\/06\/laissez-vous-guider-par-dieu\/#breadcrumb\",\"itemListElement\":[{\"@type\":\"ListItem\",\"position\":1,\"name\":\"Home\",\"item\":\"https:\/\/jp2doc.pl\/fr\/\"},{\"@type\":\"ListItem\",\"position\":2,\"name\":\"Laissez-vous guider par Dieu\"}]},{\"@type\":\"WebSite\",\"@id\":\"https:\/\/jp2doc.pl\/fr\/#website\",\"url\":\"https:\/\/jp2doc.pl\/fr\/\",\"name\":\"Centre de Documentation et d\u2019Etude du Pontificat de Jean-Paul II \u00e0 Rome\",\"description\":\"\",\"publisher\":{\"@id\":\"https:\/\/jp2doc.pl\/fr\/#organization\"},\"potentialAction\":[{\"@type\":\"SearchAction\",\"target\":{\"@type\":\"EntryPoint\",\"urlTemplate\":\"https:\/\/jp2doc.pl\/fr\/?s={search_term_string}\"},\"query-input\":{\"@type\":\"PropertyValueSpecification\",\"valueRequired\":true,\"valueName\":\"search_term_string\"}}],\"inLanguage\":\"fr-FR\"},{\"@type\":\"Organization\",\"@id\":\"https:\/\/jp2doc.pl\/fr\/#organization\",\"name\":\"Centre de Documentation et d\u2019Etude du Pontificat de Jean-Paul II \u00e0 Rome\",\"url\":\"https:\/\/jp2doc.pl\/fr\/\",\"logo\":{\"@type\":\"ImageObject\",\"inLanguage\":\"fr-FR\",\"@id\":\"https:\/\/jp2doc.pl\/fr\/#\/schema\/logo\/image\/\",\"url\":\"https:\/\/jp2doc.pl\/fr\/wp-content\/uploads\/sites\/5\/2017\/03\/cropped-logo.png\",\"contentUrl\":\"https:\/\/jp2doc.pl\/fr\/wp-content\/uploads\/sites\/5\/2017\/03\/cropped-logo.png\",\"width\":115,\"height\":115,\"caption\":\"Centre de Documentation et d\u2019Etude du Pontificat de Jean-Paul II \u00e0 Rome\"},\"image\":{\"@id\":\"https:\/\/jp2doc.pl\/fr\/#\/schema\/logo\/image\/\"}},{\"@type\":\"Person\",\"@id\":\"https:\/\/jp2doc.pl\/fr\/#\/schema\/person\/6110109e80abb51f6fac4824777eabfe\",\"name\":\"juliasercanka\",\"image\":{\"@type\":\"ImageObject\",\"inLanguage\":\"fr-FR\",\"@id\":\"https:\/\/jp2doc.pl\/fr\/#\/schema\/person\/image\/\",\"url\":\"https:\/\/secure.gravatar.com\/avatar\/266a66e864556e22d55d61b6b10c97fab9060767b738564bcd109f3997e372bc?s=96&d=mm&r=g\",\"contentUrl\":\"https:\/\/secure.gravatar.com\/avatar\/266a66e864556e22d55d61b6b10c97fab9060767b738564bcd109f3997e372bc?s=96&d=mm&r=g\",\"caption\":\"juliasercanka\"},\"url\":\"https:\/\/jp2doc.pl\/fr\/author\/juliasercanka\/\"}]}<\/script>\n<!-- \/ Yoast SEO plugin. -->","yoast_head_json":{"title":"Laissez-vous guider par Dieu - Centre de Documentation et d\u2019Etude du Pontificat de Jean-Paul II \u00e0 Rome","robots":{"index":"index","follow":"follow","max-snippet":"max-snippet:-1","max-image-preview":"max-image-preview:large","max-video-preview":"max-video-preview:-1"},"canonical":"https:\/\/jp2doc.pl\/fr\/2021\/09\/06\/laissez-vous-guider-par-dieu\/","og_locale":"fr_FR","og_type":"article","og_title":"Laissez-vous guider par Dieu - Centre de Documentation et d\u2019Etude du Pontificat de Jean-Paul II \u00e0 Rome","og_description":"XXIII Dimanche du Temps Ordinaire","og_url":"https:\/\/jp2doc.pl\/fr\/2021\/09\/06\/laissez-vous-guider-par-dieu\/","og_site_name":"Centre de Documentation et d\u2019Etude du Pontificat de Jean-Paul II \u00e0 Rome","article_published_time":"2021-09-06T09:04:20+00:00","article_modified_time":"2021-09-06T09:04:21+00:00","og_image":[{"width":1280,"height":776,"url":"https:\/\/jp2doc.pl\/fr\/wp-content\/uploads\/sites\/5\/2017\/10\/pexels-photo-220147.jpeg","type":"image\/jpeg"}],"author":"juliasercanka","twitter_card":"summary_large_image","twitter_misc":{"\u00c9crit par":"juliasercanka","Dur\u00e9e de lecture estim\u00e9e":"5 minutes"},"schema":{"@context":"https:\/\/schema.org","@graph":[{"@type":"Article","@id":"https:\/\/jp2doc.pl\/fr\/2021\/09\/06\/laissez-vous-guider-par-dieu\/#article","isPartOf":{"@id":"https:\/\/jp2doc.pl\/fr\/2021\/09\/06\/laissez-vous-guider-par-dieu\/"},"author":{"name":"juliasercanka","@id":"https:\/\/jp2doc.pl\/fr\/#\/schema\/person\/6110109e80abb51f6fac4824777eabfe"},"headline":"Laissez-vous guider par Dieu","datePublished":"2021-09-06T09:04:20+00:00","dateModified":"2021-09-06T09:04:21+00:00","mainEntityOfPage":{"@id":"https:\/\/jp2doc.pl\/fr\/2021\/09\/06\/laissez-vous-guider-par-dieu\/"},"wordCount":1098,"commentCount":0,"publisher":{"@id":"https:\/\/jp2doc.pl\/fr\/#organization"},"image":{"@id":"https:\/\/jp2doc.pl\/fr\/2021\/09\/06\/laissez-vous-guider-par-dieu\/#primaryimage"},"thumbnailUrl":"https:\/\/jp2doc.pl\/fr\/wp-content\/uploads\/sites\/5\/2017\/10\/pexels-photo-220147.jpeg","articleSection":["Blog","Strona g\u0142\u00f3wna - najnowsze","Strona g\u0142\u00f3wna - slider"],"inLanguage":"fr-FR","potentialAction":[{"@type":"CommentAction","name":"Comment","target":["https:\/\/jp2doc.pl\/fr\/2021\/09\/06\/laissez-vous-guider-par-dieu\/#respond"]}]},{"@type":"WebPage","@id":"https:\/\/jp2doc.pl\/fr\/2021\/09\/06\/laissez-vous-guider-par-dieu\/","url":"https:\/\/jp2doc.pl\/fr\/2021\/09\/06\/laissez-vous-guider-par-dieu\/","name":"Laissez-vous guider par Dieu - Centre de Documentation et d\u2019Etude du Pontificat de Jean-Paul II \u00e0 Rome","isPartOf":{"@id":"https:\/\/jp2doc.pl\/fr\/#website"},"primaryImageOfPage":{"@id":"https:\/\/jp2doc.pl\/fr\/2021\/09\/06\/laissez-vous-guider-par-dieu\/#primaryimage"},"image":{"@id":"https:\/\/jp2doc.pl\/fr\/2021\/09\/06\/laissez-vous-guider-par-dieu\/#primaryimage"},"thumbnailUrl":"https:\/\/jp2doc.pl\/fr\/wp-content\/uploads\/sites\/5\/2017\/10\/pexels-photo-220147.jpeg","datePublished":"2021-09-06T09:04:20+00:00","dateModified":"2021-09-06T09:04:21+00:00","breadcrumb":{"@id":"https:\/\/jp2doc.pl\/fr\/2021\/09\/06\/laissez-vous-guider-par-dieu\/#breadcrumb"},"inLanguage":"fr-FR","potentialAction":[{"@type":"ReadAction","target":["https:\/\/jp2doc.pl\/fr\/2021\/09\/06\/laissez-vous-guider-par-dieu\/"]}]},{"@type":"ImageObject","inLanguage":"fr-FR","@id":"https:\/\/jp2doc.pl\/fr\/2021\/09\/06\/laissez-vous-guider-par-dieu\/#primaryimage","url":"https:\/\/jp2doc.pl\/fr\/wp-content\/uploads\/sites\/5\/2017\/10\/pexels-photo-220147.jpeg","contentUrl":"https:\/\/jp2doc.pl\/fr\/wp-content\/uploads\/sites\/5\/2017\/10\/pexels-photo-220147.jpeg","width":1280,"height":776},{"@type":"BreadcrumbList","@id":"https:\/\/jp2doc.pl\/fr\/2021\/09\/06\/laissez-vous-guider-par-dieu\/#breadcrumb","itemListElement":[{"@type":"ListItem","position":1,"name":"Home","item":"https:\/\/jp2doc.pl\/fr\/"},{"@type":"ListItem","position":2,"name":"Laissez-vous guider par Dieu"}]},{"@type":"WebSite","@id":"https:\/\/jp2doc.pl\/fr\/#website","url":"https:\/\/jp2doc.pl\/fr\/","name":"Centre de Documentation et d\u2019Etude du Pontificat de Jean-Paul II \u00e0 Rome","description":"","publisher":{"@id":"https:\/\/jp2doc.pl\/fr\/#organization"},"potentialAction":[{"@type":"SearchAction","target":{"@type":"EntryPoint","urlTemplate":"https:\/\/jp2doc.pl\/fr\/?s={search_term_string}"},"query-input":{"@type":"PropertyValueSpecification","valueRequired":true,"valueName":"search_term_string"}}],"inLanguage":"fr-FR"},{"@type":"Organization","@id":"https:\/\/jp2doc.pl\/fr\/#organization","name":"Centre de Documentation et d\u2019Etude du Pontificat de Jean-Paul II \u00e0 Rome","url":"https:\/\/jp2doc.pl\/fr\/","logo":{"@type":"ImageObject","inLanguage":"fr-FR","@id":"https:\/\/jp2doc.pl\/fr\/#\/schema\/logo\/image\/","url":"https:\/\/jp2doc.pl\/fr\/wp-content\/uploads\/sites\/5\/2017\/03\/cropped-logo.png","contentUrl":"https:\/\/jp2doc.pl\/fr\/wp-content\/uploads\/sites\/5\/2017\/03\/cropped-logo.png","width":115,"height":115,"caption":"Centre de Documentation et d\u2019Etude du Pontificat de Jean-Paul II \u00e0 Rome"},"image":{"@id":"https:\/\/jp2doc.pl\/fr\/#\/schema\/logo\/image\/"}},{"@type":"Person","@id":"https:\/\/jp2doc.pl\/fr\/#\/schema\/person\/6110109e80abb51f6fac4824777eabfe","name":"juliasercanka","image":{"@type":"ImageObject","inLanguage":"fr-FR","@id":"https:\/\/jp2doc.pl\/fr\/#\/schema\/person\/image\/","url":"https:\/\/secure.gravatar.com\/avatar\/266a66e864556e22d55d61b6b10c97fab9060767b738564bcd109f3997e372bc?s=96&d=mm&r=g","contentUrl":"https:\/\/secure.gravatar.com\/avatar\/266a66e864556e22d55d61b6b10c97fab9060767b738564bcd109f3997e372bc?s=96&d=mm&r=g","caption":"juliasercanka"},"url":"https:\/\/jp2doc.pl\/fr\/author\/juliasercanka\/"}]}},"_links":{"self":[{"href":"https:\/\/jp2doc.pl\/fr\/wp-json\/wp\/v2\/posts\/1961","targetHints":{"allow":["GET"]}}],"collection":[{"href":"https:\/\/jp2doc.pl\/fr\/wp-json\/wp\/v2\/posts"}],"about":[{"href":"https:\/\/jp2doc.pl\/fr\/wp-json\/wp\/v2\/types\/post"}],"author":[{"embeddable":true,"href":"https:\/\/jp2doc.pl\/fr\/wp-json\/wp\/v2\/users\/5"}],"replies":[{"embeddable":true,"href":"https:\/\/jp2doc.pl\/fr\/wp-json\/wp\/v2\/comments?post=1961"}],"version-history":[{"count":1,"href":"https:\/\/jp2doc.pl\/fr\/wp-json\/wp\/v2\/posts\/1961\/revisions"}],"predecessor-version":[{"id":1962,"href":"https:\/\/jp2doc.pl\/fr\/wp-json\/wp\/v2\/posts\/1961\/revisions\/1962"}],"wp:featuredmedia":[{"embeddable":true,"href":"https:\/\/jp2doc.pl\/fr\/wp-json\/wp\/v2\/media\/1267"}],"wp:attachment":[{"href":"https:\/\/jp2doc.pl\/fr\/wp-json\/wp\/v2\/media?parent=1961"}],"wp:term":[{"taxonomy":"category","embeddable":true,"href":"https:\/\/jp2doc.pl\/fr\/wp-json\/wp\/v2\/categories?post=1961"},{"taxonomy":"post_tag","embeddable":true,"href":"https:\/\/jp2doc.pl\/fr\/wp-json\/wp\/v2\/tags?post=1961"}],"curies":[{"name":"wp","href":"https:\/\/api.w.org\/{rel}","templated":true}]}}