{"id":1964,"date":"2021-09-12T10:45:36","date_gmt":"2021-09-12T08:45:36","guid":{"rendered":"https:\/\/jp2doc.pl\/fr\/?p=1964"},"modified":"2021-09-12T10:45:37","modified_gmt":"2021-09-12T08:45:37","slug":"surmonter-ladversite-pour-grandir-avec-jesus","status":"publish","type":"post","link":"https:\/\/jp2doc.pl\/fr\/2021\/09\/12\/surmonter-ladversite-pour-grandir-avec-jesus\/","title":{"rendered":"Surmonter l\u2019adversit\u00e9 pour grandir avec J\u00e9sus"},"content":{"rendered":"\n<p>\u00c9vangile : Marc 8, 27-35<\/p>\n\n\n\n<p>\u00ab Au dire des gens, qui suis-je ? \u00bb \u00ab Et vous, que dites-vous ? Pour vous, qui suis-je ? \u00bb<\/p>\n\n\n\n<p>La question de J\u00e9sus est un peu comme le bilan de son minist\u00e8re. Un petit sondage d\u2019opinion ! D\u2019abord que disent les on-dit, les rumeurs ? Ce qui est frappant, c\u2019est que tous l\u2019identifient \u00e0 un personnage du pass\u00e9 : Jean-Baptiste, \u00c9lie, J\u00e9r\u00e9mie ou l\u2019un des proph\u00e8tes. Selon les gens, J\u00e9sus est donc un parmi d\u2019autres, il n\u2019apporte rien d\u2019original, et ne fait que r\u00e9p\u00e9ter ce qui s\u2019est d\u00e9j\u00e0 dit et fait dans le pass\u00e9. J\u00e9sus demande ensuite \u00e0 ses disciples leur point de vue personnel. Pierre se fait le porte-parole en confessant sa foi au nom de tous : \u00ab Tu es le Christ \u00bb.<\/p>\n\n\n\n<p>La question que pose J\u00e9sus nous est pos\u00e9e \u00e0 nous aussi aujourd\u2019hui. Pas besoin de recourir aux id\u00e9es re\u00e7ues, aux d\u00e9finitions savantes ou des phrases apprises par c\u0153ur ! \u00c0 nous qui voulons \u00eatre ses disciples, la question est aujourd\u2019hui pos\u00e9e avec force : Pierre, Albert, Paul, Alphonse, Marie, Jeanne, Honorine, Apolline, Charlotte, Chantal, qui est J\u00e9sus pour vous ? Il veut votre point de vue aujourd\u2019hui. Qui est-il pour vous, au juste ? Quel r\u00f4le joue-t-il dans votre vie ? Est-il juste une bo\u00eete de solution \u00e0 vos probl\u00e8mes, quelqu\u2019un \u00e0 qui vous faites recours seulement en temps de difficult\u00e9s ? Car la foi ne se r\u00e9duit pas \u00e0 une opinion, mais \u00e0 une rencontre personnelle avec J\u00e9sus, \u00e0 une connaissance non pas apprise, mais personnelle de J\u00e9sus. \u00ab Si quelqu\u2019un veut marcher \u00e0 ma suite,&nbsp; qu\u2019il renonce \u00e0 lui-m\u00eame, qu\u2019il prenne sa croix \u00bb.<\/p>\n\n\n\n<p>Bien qu\u2019ayant reconnu J\u00e9sus comme le Christ, c\u2019est-\u00e0-dire le Messie, Pierre ne comprend pas vraiment le sens de ce titre. En effet, J\u00e9sus est bien le Messie qu\u2019on attend, mais pas du tout comme on l\u2019attend! Comme beaucoup de ses contemporains, Pierre attendait un Messie-roi, triomphant, glorieux, puissant, et chassant une bonne fois l\u2019occupant romain hors de la Palestine. Mais ce n\u2019est pas de cette fa\u00e7on que J\u00e9sus a voulu \u00e9tablir le r\u00e8gne de Dieu : pour la premi\u00e8re fois, il enseigne \u00e0 ses disciples que le Messie va souffrir pour sauver son peuple. Cette conception d\u2019un Messie souffrant leur est \u00e9trang\u00e8re. Elle choque; ce qu\u2019annonce J\u00e9sus est inacceptable, le Dieu tout-puissant ne peut pas laisser faire des choses pareilles! Alors Pierre s\u2019y oppose.&nbsp;<\/p>\n\n\n\n<p>Le chemin qui conduit \u00e0 la suite de J\u00e9sus est un chemin exigeant et difficile. Suivre le Christ nous garantit des moments de joie, mais aussi des moments difficiles : la souffrance, la pers\u00e9cution, les moqueries\u2026 Suivre le Christ comporte l\u2019acceptation des \u00e9preuves et des croix qui se dressent dans nos vies.&nbsp; Ne sommes-nous pas tent\u00e9s par la facilit\u00e9 quand nous suivons le Christ ? Le Diable, ne nous fait-il pas croire que les choses faciles sont meilleures pour nous ?<\/p>\n\n\n\n<p>\u00ab Seigneur J\u00e9sus, tu nous dis aujourd\u2019hui que c\u2019est en surmontant l\u2019adversit\u00e9, les obstacles que l\u2019on grandit\u2026 Alors nous voulons grandir avec toi. \u00bb<\/p>\n\n\n\n<p><strong>Abb\u00e9 Jean Claude Ciza<\/strong><\/p>\n\n\n\n<p><em>Fot. Action Backlit Beach<\/em><\/p>\n","protected":false},"excerpt":{"rendered":"<p>XXIV Dimanche du Temps Ordinaire<\/p>\n","protected":false},"author":5,"featured_media":1517,"comment_status":"open","ping_status":"open","sticky":false,"template":"","format":"standard","meta":{"_acf_changed":false,"_exactmetrics_skip_tracking":false,"_exactmetrics_sitenote_active":false,"_exactmetrics_sitenote_note":"","_exactmetrics_sitenote_category":0,"footnotes":""},"categories":[4,13,14],"tags":[],"class_list":["post-1964","post","type-post","status-publish","format-standard","has-post-thumbnail","hentry","category-blog","category-strona-glowna-najnowsze","category-strona-glowna-slider"],"acf":[],"yoast_head":"<!-- This site is optimized with the Yoast SEO plugin v26.2 - https:\/\/yoast.com\/wordpress\/plugins\/seo\/ -->\n<title>Surmonter l\u2019adversit\u00e9 pour grandir avec J\u00e9sus - Centre de Documentation et d\u2019Etude du Pontificat de Jean-Paul II \u00e0 Rome<\/title>\n<meta name=\"robots\" content=\"index, follow, max-snippet:-1, max-image-preview:large, max-video-preview:-1\" \/>\n<link rel=\"canonical\" href=\"https:\/\/jp2doc.pl\/fr\/2021\/09\/12\/surmonter-ladversite-pour-grandir-avec-jesus\/\" \/>\n<meta property=\"og:locale\" content=\"fr_FR\" \/>\n<meta property=\"og:type\" content=\"article\" \/>\n<meta property=\"og:title\" content=\"Surmonter l\u2019adversit\u00e9 pour grandir avec J\u00e9sus - Centre de Documentation et d\u2019Etude du Pontificat de Jean-Paul II \u00e0 Rome\" \/>\n<meta property=\"og:description\" content=\"XXIV Dimanche du Temps Ordinaire\" \/>\n<meta property=\"og:url\" content=\"https:\/\/jp2doc.pl\/fr\/2021\/09\/12\/surmonter-ladversite-pour-grandir-avec-jesus\/\" \/>\n<meta property=\"og:site_name\" content=\"Centre de Documentation et d\u2019Etude du Pontificat de Jean-Paul II \u00e0 Rome\" \/>\n<meta property=\"article:published_time\" content=\"2021-09-12T08:45:36+00:00\" \/>\n<meta property=\"article:modified_time\" content=\"2021-09-12T08:45:37+00:00\" \/>\n<meta property=\"og:image\" content=\"https:\/\/jp2doc.pl\/fr\/wp-content\/uploads\/sites\/5\/2019\/08\/action-backlit-beach-1046896.jpg\" \/>\n\t<meta property=\"og:image:width\" content=\"1280\" \/>\n\t<meta property=\"og:image:height\" content=\"625\" \/>\n\t<meta property=\"og:image:type\" content=\"image\/jpeg\" \/>\n<meta name=\"author\" content=\"juliasercanka\" \/>\n<meta name=\"twitter:card\" content=\"summary_large_image\" \/>\n<meta name=\"twitter:label1\" content=\"\u00c9crit par\" \/>\n\t<meta name=\"twitter:data1\" content=\"juliasercanka\" \/>\n\t<meta name=\"twitter:label2\" content=\"Dur\u00e9e de lecture estim\u00e9e\" \/>\n\t<meta name=\"twitter:data2\" content=\"3 minutes\" \/>\n<script type=\"application\/ld+json\" class=\"yoast-schema-graph\">{\"@context\":\"https:\/\/schema.org\",\"@graph\":[{\"@type\":\"Article\",\"@id\":\"https:\/\/jp2doc.pl\/fr\/2021\/09\/12\/surmonter-ladversite-pour-grandir-avec-jesus\/#article\",\"isPartOf\":{\"@id\":\"https:\/\/jp2doc.pl\/fr\/2021\/09\/12\/surmonter-ladversite-pour-grandir-avec-jesus\/\"},\"author\":{\"name\":\"juliasercanka\",\"@id\":\"https:\/\/jp2doc.pl\/fr\/#\/schema\/person\/6110109e80abb51f6fac4824777eabfe\"},\"headline\":\"Surmonter l\u2019adversit\u00e9 pour grandir avec J\u00e9sus\",\"datePublished\":\"2021-09-12T08:45:36+00:00\",\"dateModified\":\"2021-09-12T08:45:37+00:00\",\"mainEntityOfPage\":{\"@id\":\"https:\/\/jp2doc.pl\/fr\/2021\/09\/12\/surmonter-ladversite-pour-grandir-avec-jesus\/\"},\"wordCount\":553,\"commentCount\":0,\"publisher\":{\"@id\":\"https:\/\/jp2doc.pl\/fr\/#organization\"},\"image\":{\"@id\":\"https:\/\/jp2doc.pl\/fr\/2021\/09\/12\/surmonter-ladversite-pour-grandir-avec-jesus\/#primaryimage\"},\"thumbnailUrl\":\"https:\/\/jp2doc.pl\/fr\/wp-content\/uploads\/sites\/5\/2019\/08\/action-backlit-beach-1046896.jpg\",\"articleSection\":[\"Blog\",\"Strona g\u0142\u00f3wna - najnowsze\",\"Strona g\u0142\u00f3wna - slider\"],\"inLanguage\":\"fr-FR\",\"potentialAction\":[{\"@type\":\"CommentAction\",\"name\":\"Comment\",\"target\":[\"https:\/\/jp2doc.pl\/fr\/2021\/09\/12\/surmonter-ladversite-pour-grandir-avec-jesus\/#respond\"]}]},{\"@type\":\"WebPage\",\"@id\":\"https:\/\/jp2doc.pl\/fr\/2021\/09\/12\/surmonter-ladversite-pour-grandir-avec-jesus\/\",\"url\":\"https:\/\/jp2doc.pl\/fr\/2021\/09\/12\/surmonter-ladversite-pour-grandir-avec-jesus\/\",\"name\":\"Surmonter l\u2019adversit\u00e9 pour grandir avec J\u00e9sus - Centre de Documentation et d\u2019Etude du Pontificat de Jean-Paul II \u00e0 Rome\",\"isPartOf\":{\"@id\":\"https:\/\/jp2doc.pl\/fr\/#website\"},\"primaryImageOfPage\":{\"@id\":\"https:\/\/jp2doc.pl\/fr\/2021\/09\/12\/surmonter-ladversite-pour-grandir-avec-jesus\/#primaryimage\"},\"image\":{\"@id\":\"https:\/\/jp2doc.pl\/fr\/2021\/09\/12\/surmonter-ladversite-pour-grandir-avec-jesus\/#primaryimage\"},\"thumbnailUrl\":\"https:\/\/jp2doc.pl\/fr\/wp-content\/uploads\/sites\/5\/2019\/08\/action-backlit-beach-1046896.jpg\",\"datePublished\":\"2021-09-12T08:45:36+00:00\",\"dateModified\":\"2021-09-12T08:45:37+00:00\",\"breadcrumb\":{\"@id\":\"https:\/\/jp2doc.pl\/fr\/2021\/09\/12\/surmonter-ladversite-pour-grandir-avec-jesus\/#breadcrumb\"},\"inLanguage\":\"fr-FR\",\"potentialAction\":[{\"@type\":\"ReadAction\",\"target\":[\"https:\/\/jp2doc.pl\/fr\/2021\/09\/12\/surmonter-ladversite-pour-grandir-avec-jesus\/\"]}]},{\"@type\":\"ImageObject\",\"inLanguage\":\"fr-FR\",\"@id\":\"https:\/\/jp2doc.pl\/fr\/2021\/09\/12\/surmonter-ladversite-pour-grandir-avec-jesus\/#primaryimage\",\"url\":\"https:\/\/jp2doc.pl\/fr\/wp-content\/uploads\/sites\/5\/2019\/08\/action-backlit-beach-1046896.jpg\",\"contentUrl\":\"https:\/\/jp2doc.pl\/fr\/wp-content\/uploads\/sites\/5\/2019\/08\/action-backlit-beach-1046896.jpg\",\"width\":1280,\"height\":625},{\"@type\":\"BreadcrumbList\",\"@id\":\"https:\/\/jp2doc.pl\/fr\/2021\/09\/12\/surmonter-ladversite-pour-grandir-avec-jesus\/#breadcrumb\",\"itemListElement\":[{\"@type\":\"ListItem\",\"position\":1,\"name\":\"Home\",\"item\":\"https:\/\/jp2doc.pl\/fr\/\"},{\"@type\":\"ListItem\",\"position\":2,\"name\":\"Surmonter l\u2019adversit\u00e9 pour grandir avec J\u00e9sus\"}]},{\"@type\":\"WebSite\",\"@id\":\"https:\/\/jp2doc.pl\/fr\/#website\",\"url\":\"https:\/\/jp2doc.pl\/fr\/\",\"name\":\"Centre de Documentation et d\u2019Etude du Pontificat de Jean-Paul II \u00e0 Rome\",\"description\":\"\",\"publisher\":{\"@id\":\"https:\/\/jp2doc.pl\/fr\/#organization\"},\"potentialAction\":[{\"@type\":\"SearchAction\",\"target\":{\"@type\":\"EntryPoint\",\"urlTemplate\":\"https:\/\/jp2doc.pl\/fr\/?s={search_term_string}\"},\"query-input\":{\"@type\":\"PropertyValueSpecification\",\"valueRequired\":true,\"valueName\":\"search_term_string\"}}],\"inLanguage\":\"fr-FR\"},{\"@type\":\"Organization\",\"@id\":\"https:\/\/jp2doc.pl\/fr\/#organization\",\"name\":\"Centre de Documentation et d\u2019Etude du Pontificat de Jean-Paul II \u00e0 Rome\",\"url\":\"https:\/\/jp2doc.pl\/fr\/\",\"logo\":{\"@type\":\"ImageObject\",\"inLanguage\":\"fr-FR\",\"@id\":\"https:\/\/jp2doc.pl\/fr\/#\/schema\/logo\/image\/\",\"url\":\"https:\/\/jp2doc.pl\/fr\/wp-content\/uploads\/sites\/5\/2017\/03\/cropped-logo.png\",\"contentUrl\":\"https:\/\/jp2doc.pl\/fr\/wp-content\/uploads\/sites\/5\/2017\/03\/cropped-logo.png\",\"width\":115,\"height\":115,\"caption\":\"Centre de Documentation et d\u2019Etude du Pontificat de Jean-Paul II \u00e0 Rome\"},\"image\":{\"@id\":\"https:\/\/jp2doc.pl\/fr\/#\/schema\/logo\/image\/\"}},{\"@type\":\"Person\",\"@id\":\"https:\/\/jp2doc.pl\/fr\/#\/schema\/person\/6110109e80abb51f6fac4824777eabfe\",\"name\":\"juliasercanka\",\"image\":{\"@type\":\"ImageObject\",\"inLanguage\":\"fr-FR\",\"@id\":\"https:\/\/jp2doc.pl\/fr\/#\/schema\/person\/image\/\",\"url\":\"https:\/\/secure.gravatar.com\/avatar\/266a66e864556e22d55d61b6b10c97fab9060767b738564bcd109f3997e372bc?s=96&d=mm&r=g\",\"contentUrl\":\"https:\/\/secure.gravatar.com\/avatar\/266a66e864556e22d55d61b6b10c97fab9060767b738564bcd109f3997e372bc?s=96&d=mm&r=g\",\"caption\":\"juliasercanka\"},\"url\":\"https:\/\/jp2doc.pl\/fr\/author\/juliasercanka\/\"}]}<\/script>\n<!-- \/ Yoast SEO plugin. -->","yoast_head_json":{"title":"Surmonter l\u2019adversit\u00e9 pour grandir avec J\u00e9sus - Centre de Documentation et d\u2019Etude du Pontificat de Jean-Paul II \u00e0 Rome","robots":{"index":"index","follow":"follow","max-snippet":"max-snippet:-1","max-image-preview":"max-image-preview:large","max-video-preview":"max-video-preview:-1"},"canonical":"https:\/\/jp2doc.pl\/fr\/2021\/09\/12\/surmonter-ladversite-pour-grandir-avec-jesus\/","og_locale":"fr_FR","og_type":"article","og_title":"Surmonter l\u2019adversit\u00e9 pour grandir avec J\u00e9sus - Centre de Documentation et d\u2019Etude du Pontificat de Jean-Paul II \u00e0 Rome","og_description":"XXIV Dimanche du Temps Ordinaire","og_url":"https:\/\/jp2doc.pl\/fr\/2021\/09\/12\/surmonter-ladversite-pour-grandir-avec-jesus\/","og_site_name":"Centre de Documentation et d\u2019Etude du Pontificat de Jean-Paul II \u00e0 Rome","article_published_time":"2021-09-12T08:45:36+00:00","article_modified_time":"2021-09-12T08:45:37+00:00","og_image":[{"width":1280,"height":625,"url":"https:\/\/jp2doc.pl\/fr\/wp-content\/uploads\/sites\/5\/2019\/08\/action-backlit-beach-1046896.jpg","type":"image\/jpeg"}],"author":"juliasercanka","twitter_card":"summary_large_image","twitter_misc":{"\u00c9crit par":"juliasercanka","Dur\u00e9e de lecture estim\u00e9e":"3 minutes"},"schema":{"@context":"https:\/\/schema.org","@graph":[{"@type":"Article","@id":"https:\/\/jp2doc.pl\/fr\/2021\/09\/12\/surmonter-ladversite-pour-grandir-avec-jesus\/#article","isPartOf":{"@id":"https:\/\/jp2doc.pl\/fr\/2021\/09\/12\/surmonter-ladversite-pour-grandir-avec-jesus\/"},"author":{"name":"juliasercanka","@id":"https:\/\/jp2doc.pl\/fr\/#\/schema\/person\/6110109e80abb51f6fac4824777eabfe"},"headline":"Surmonter l\u2019adversit\u00e9 pour grandir avec J\u00e9sus","datePublished":"2021-09-12T08:45:36+00:00","dateModified":"2021-09-12T08:45:37+00:00","mainEntityOfPage":{"@id":"https:\/\/jp2doc.pl\/fr\/2021\/09\/12\/surmonter-ladversite-pour-grandir-avec-jesus\/"},"wordCount":553,"commentCount":0,"publisher":{"@id":"https:\/\/jp2doc.pl\/fr\/#organization"},"image":{"@id":"https:\/\/jp2doc.pl\/fr\/2021\/09\/12\/surmonter-ladversite-pour-grandir-avec-jesus\/#primaryimage"},"thumbnailUrl":"https:\/\/jp2doc.pl\/fr\/wp-content\/uploads\/sites\/5\/2019\/08\/action-backlit-beach-1046896.jpg","articleSection":["Blog","Strona g\u0142\u00f3wna - najnowsze","Strona g\u0142\u00f3wna - slider"],"inLanguage":"fr-FR","potentialAction":[{"@type":"CommentAction","name":"Comment","target":["https:\/\/jp2doc.pl\/fr\/2021\/09\/12\/surmonter-ladversite-pour-grandir-avec-jesus\/#respond"]}]},{"@type":"WebPage","@id":"https:\/\/jp2doc.pl\/fr\/2021\/09\/12\/surmonter-ladversite-pour-grandir-avec-jesus\/","url":"https:\/\/jp2doc.pl\/fr\/2021\/09\/12\/surmonter-ladversite-pour-grandir-avec-jesus\/","name":"Surmonter l\u2019adversit\u00e9 pour grandir avec J\u00e9sus - Centre de Documentation et d\u2019Etude du Pontificat de Jean-Paul II \u00e0 Rome","isPartOf":{"@id":"https:\/\/jp2doc.pl\/fr\/#website"},"primaryImageOfPage":{"@id":"https:\/\/jp2doc.pl\/fr\/2021\/09\/12\/surmonter-ladversite-pour-grandir-avec-jesus\/#primaryimage"},"image":{"@id":"https:\/\/jp2doc.pl\/fr\/2021\/09\/12\/surmonter-ladversite-pour-grandir-avec-jesus\/#primaryimage"},"thumbnailUrl":"https:\/\/jp2doc.pl\/fr\/wp-content\/uploads\/sites\/5\/2019\/08\/action-backlit-beach-1046896.jpg","datePublished":"2021-09-12T08:45:36+00:00","dateModified":"2021-09-12T08:45:37+00:00","breadcrumb":{"@id":"https:\/\/jp2doc.pl\/fr\/2021\/09\/12\/surmonter-ladversite-pour-grandir-avec-jesus\/#breadcrumb"},"inLanguage":"fr-FR","potentialAction":[{"@type":"ReadAction","target":["https:\/\/jp2doc.pl\/fr\/2021\/09\/12\/surmonter-ladversite-pour-grandir-avec-jesus\/"]}]},{"@type":"ImageObject","inLanguage":"fr-FR","@id":"https:\/\/jp2doc.pl\/fr\/2021\/09\/12\/surmonter-ladversite-pour-grandir-avec-jesus\/#primaryimage","url":"https:\/\/jp2doc.pl\/fr\/wp-content\/uploads\/sites\/5\/2019\/08\/action-backlit-beach-1046896.jpg","contentUrl":"https:\/\/jp2doc.pl\/fr\/wp-content\/uploads\/sites\/5\/2019\/08\/action-backlit-beach-1046896.jpg","width":1280,"height":625},{"@type":"BreadcrumbList","@id":"https:\/\/jp2doc.pl\/fr\/2021\/09\/12\/surmonter-ladversite-pour-grandir-avec-jesus\/#breadcrumb","itemListElement":[{"@type":"ListItem","position":1,"name":"Home","item":"https:\/\/jp2doc.pl\/fr\/"},{"@type":"ListItem","position":2,"name":"Surmonter l\u2019adversit\u00e9 pour grandir avec J\u00e9sus"}]},{"@type":"WebSite","@id":"https:\/\/jp2doc.pl\/fr\/#website","url":"https:\/\/jp2doc.pl\/fr\/","name":"Centre de Documentation et d\u2019Etude du Pontificat de Jean-Paul II \u00e0 Rome","description":"","publisher":{"@id":"https:\/\/jp2doc.pl\/fr\/#organization"},"potentialAction":[{"@type":"SearchAction","target":{"@type":"EntryPoint","urlTemplate":"https:\/\/jp2doc.pl\/fr\/?s={search_term_string}"},"query-input":{"@type":"PropertyValueSpecification","valueRequired":true,"valueName":"search_term_string"}}],"inLanguage":"fr-FR"},{"@type":"Organization","@id":"https:\/\/jp2doc.pl\/fr\/#organization","name":"Centre de Documentation et d\u2019Etude du Pontificat de Jean-Paul II \u00e0 Rome","url":"https:\/\/jp2doc.pl\/fr\/","logo":{"@type":"ImageObject","inLanguage":"fr-FR","@id":"https:\/\/jp2doc.pl\/fr\/#\/schema\/logo\/image\/","url":"https:\/\/jp2doc.pl\/fr\/wp-content\/uploads\/sites\/5\/2017\/03\/cropped-logo.png","contentUrl":"https:\/\/jp2doc.pl\/fr\/wp-content\/uploads\/sites\/5\/2017\/03\/cropped-logo.png","width":115,"height":115,"caption":"Centre de Documentation et d\u2019Etude du Pontificat de Jean-Paul II \u00e0 Rome"},"image":{"@id":"https:\/\/jp2doc.pl\/fr\/#\/schema\/logo\/image\/"}},{"@type":"Person","@id":"https:\/\/jp2doc.pl\/fr\/#\/schema\/person\/6110109e80abb51f6fac4824777eabfe","name":"juliasercanka","image":{"@type":"ImageObject","inLanguage":"fr-FR","@id":"https:\/\/jp2doc.pl\/fr\/#\/schema\/person\/image\/","url":"https:\/\/secure.gravatar.com\/avatar\/266a66e864556e22d55d61b6b10c97fab9060767b738564bcd109f3997e372bc?s=96&d=mm&r=g","contentUrl":"https:\/\/secure.gravatar.com\/avatar\/266a66e864556e22d55d61b6b10c97fab9060767b738564bcd109f3997e372bc?s=96&d=mm&r=g","caption":"juliasercanka"},"url":"https:\/\/jp2doc.pl\/fr\/author\/juliasercanka\/"}]}},"_links":{"self":[{"href":"https:\/\/jp2doc.pl\/fr\/wp-json\/wp\/v2\/posts\/1964","targetHints":{"allow":["GET"]}}],"collection":[{"href":"https:\/\/jp2doc.pl\/fr\/wp-json\/wp\/v2\/posts"}],"about":[{"href":"https:\/\/jp2doc.pl\/fr\/wp-json\/wp\/v2\/types\/post"}],"author":[{"embeddable":true,"href":"https:\/\/jp2doc.pl\/fr\/wp-json\/wp\/v2\/users\/5"}],"replies":[{"embeddable":true,"href":"https:\/\/jp2doc.pl\/fr\/wp-json\/wp\/v2\/comments?post=1964"}],"version-history":[{"count":1,"href":"https:\/\/jp2doc.pl\/fr\/wp-json\/wp\/v2\/posts\/1964\/revisions"}],"predecessor-version":[{"id":1965,"href":"https:\/\/jp2doc.pl\/fr\/wp-json\/wp\/v2\/posts\/1964\/revisions\/1965"}],"wp:featuredmedia":[{"embeddable":true,"href":"https:\/\/jp2doc.pl\/fr\/wp-json\/wp\/v2\/media\/1517"}],"wp:attachment":[{"href":"https:\/\/jp2doc.pl\/fr\/wp-json\/wp\/v2\/media?parent=1964"}],"wp:term":[{"taxonomy":"category","embeddable":true,"href":"https:\/\/jp2doc.pl\/fr\/wp-json\/wp\/v2\/categories?post=1964"},{"taxonomy":"post_tag","embeddable":true,"href":"https:\/\/jp2doc.pl\/fr\/wp-json\/wp\/v2\/tags?post=1964"}],"curies":[{"name":"wp","href":"https:\/\/api.w.org\/{rel}","templated":true}]}}