{"id":1970,"date":"2021-09-20T14:21:13","date_gmt":"2021-09-20T12:21:13","guid":{"rendered":"https:\/\/jp2doc.pl\/fr\/?p=1970"},"modified":"2021-09-20T14:21:14","modified_gmt":"2021-09-20T12:21:14","slug":"le-refus-de-reconnaitre-nos-limites","status":"publish","type":"post","link":"https:\/\/jp2doc.pl\/fr\/2021\/09\/20\/le-refus-de-reconnaitre-nos-limites\/","title":{"rendered":"Le refus de reconna\u00eetre nos limites"},"content":{"rendered":"\n<p><em>Sg 2, 12-20\u00a0; Jc 3, 16-4, 3\u00a0; Mc 9, 30-37<\/em><\/p>\n\n\n\n<p>En ce vingt-cinqui\u00e8me dimanche du temps ordinaire, les lectures nous invitent \u00e0 m\u00e9diter sur le mal.<\/p>\n\n\n\n<p>Les hommes ont beaucoup r\u00e9fl\u00e9chi et r\u00e9fl\u00e9chissent encore sur le mal. Cela est d\u00fb au fait que l\u2019homme se sent habit\u00e9 par le mal au quotidien. Un th\u00e9ologien allemand contemporain du nom d\u2019Eugen Drewermann a \u00e9crit sur le mal une th\u00e8se de doctorat en 3 volumes qui ensemble font un total d\u2019\u00e0 peu pr\u00e8s 1575 pages. La th\u00e8se est intitul\u00e9e,&nbsp;si l\u2019on traduit mot \u00e0 mot le titre allemand : Les structures du mal. C\u2019est une \u00e9tude ex\u00e9g\u00e9tique, psychanalytique et philosophique de onze premiers chapitres du livre de la Gen\u00e8se. Le livre pour venir au jour des anciens \u00c9gyptiens, dit Livre des Morts par les \u00e9gyptologues, a consacr\u00e9 tout le chapitre 125 \u00e0 la question du mal. Dans ce chapitre, le d\u00e9funt qui affronte le tribunal d\u2019Osiris et dont le c\u0153ur est pes\u00e9, examin\u00e9 pour voir s\u2019il a v\u00e9cu selon la justice, rejette 42 maux qu\u2019il dit n\u2019avoir pas commis dans sa vie.<\/p>\n\n\n\n<p>Mais qu\u2019est-ce que le mal&nbsp;? Le mal est un d\u00e9ficit du bien vu comme l\u2019id\u00e9al de ce que l\u2019homme, tout homme doit accomplir. On tombe dans le mal quand on s\u2019\u00e9carte de ce qui est normalement acceptable. Ainsi je peux dire de quelqu\u2019un qu\u2019il me regarde mal, pour signifier qu\u2019il ne me regarde pas comme il aurait d\u00fb normalement me regarder. \u00c0 cause de cela, son regard me fait peur, me donne la chair de poule, m\u2019inqui\u00e8te.<\/p>\n\n\n\n<p>Le mal peut aussi contenir l\u2019id\u00e9e de douleur. Ainsi, si je dis que j\u2019ai mal \u00e0 la t\u00eate, j\u2019insinue par l\u00e0 que j\u2019ai des douleurs dans la t\u00eate, que ces douleurs m\u2019emp\u00eachent de me sentir dans mon assiette, de me sentir bien.<\/p>\n\n\n\n<p>Le mal est donc le contraire du bien.<\/p>\n\n\n\n<p>Comment selon l\u2019\u00c9criture, le mal se manifeste-t-il chez l\u2019homme&nbsp;?<\/p>\n\n\n\n<p>La premi\u00e8re lecture, du livre de la Gen\u00e8se, nous pr\u00e9sente deux aspects du mal&nbsp;:<\/p>\n\n\n\n<p>A) <strong>D\u2019abord le penser mal<\/strong>&nbsp;: il consiste \u00e0 imaginer en soi-m\u00eame comment faire du tort \u00e0 l\u2019autre. \u00ab&nbsp;Ceux qui m\u00e9ditent le mal, avons-nous entendu dans le livre de la Sagesse, se disent en eux-m\u00eames&nbsp;: \u201cAttirons le juste dans un pi\u00e8ge\u201d&nbsp;\u00bb. On peut penser mal de l\u2019autre, selon le livre de la Sagesse, pour deux raisons&nbsp;:<\/p>\n\n\n\n<p>1\u00b0 <strong>Le refus de reconna\u00eetre ses limites<\/strong>&nbsp;: l\u2019autre, si c\u2019est un homme de bien, devient un miroir qui nous renvoie \u00e0 nous-m\u00eame. Mais puisque nous ne voulons pas nous savoir dans le mal, nous cherchons \u00e0 \u00e9liminer celui qui par sa pr\u00e9sence ou par sa conduite nous rappelle que nous sommes dans le mal.<\/p>\n\n\n\n<p>2\u00b0 <strong>La volont\u00e9 de faire tomber l\u2019autre dans le mal<\/strong>&nbsp;: on n\u2019aime pas \u00eatre tout seul dans le mal. Alors on cherche activement \u00e0 y attirer l\u2019homme \u00e0 la bonne r\u00e9putation. On \u00e9prouve sa patience pour voir jusqu\u2019o\u00f9 il peut aller, on veut transformer sa douceur en amertume, on veut voir si Dieu l\u2019inspire et le prot\u00e8ge toujours.<\/p>\n\n\n\n<p>Dans le livre de la Gen\u00e8se, nous apprenons que Ca\u00efn avait d\u2019abord mal pens\u00e9 d\u2019Abel. \u00ab&nbsp;Le Seigneur dit \u00e0 Ca\u00efn&nbsp;: \u201cPourquoi t\u2019irrites-tu&nbsp;? Et pourquoi ton visage est-il abattu&nbsp;? Si tu agis bien, ne le rel\u00e8veras-tu pas&nbsp;? Si tu n\u2019agis pas bien, le p\u00e9ch\u00e9, tapi \u00e0 ta porte, est avide de toi. Mais toi, domine-le\u201d&nbsp;\u00bb.<\/p>\n\n\n\n<p><em>-Qu\u2019est-ce que nous n\u2019imaginons pas des autres&nbsp;?<\/em><\/p>\n\n\n\n<p>B) <strong>Ensuite le mal agir<\/strong>&nbsp;: il consiste \u00e0 passer \u00e0 l\u2019action, en causant \u00e0 l\u2019autre du tort, dans son corps. Dans le livre de la Sagesse, nous avons entendu le m\u00e9chant dire&nbsp;: \u00ab&nbsp;Condamnons-le [le juste] \u00e0 une mort inf\u00e2me&nbsp;\u00bb. C\u2019est le mal au plus point. C\u2019est lui qui fait que les gens recourent aux empoisonnements, aux assassinats, \u00e0 la sorcellerie, \u00e0 l\u2019exclusion, et \u00e0 d\u2019autres choses du m\u00eame genre.<\/p>\n\n\n\n<p>J\u00e9sus l\u2019avait pressenti pour lui-m\u00eame. Dans l\u2019\u00e9vangile, il dit aux disciples&nbsp;: \u00ab&nbsp;Le Fils de l\u2019homme est livr\u00e9 aux mains des hommes&nbsp;; ils le tueront&nbsp;\u00bb.&nbsp; Ca\u00efn l\u2019avait r\u00e9alis\u00e9 sur la personne d\u2019Abel&nbsp;: \u00ab&nbsp;Ca\u00efn parla \u00e0 son fr\u00e8re Abel et, lorsqu\u2019ils furent aux champs, Ca\u00efn attaqua son fr\u00e8re Abel et le tua&nbsp;\u00bb.<\/p>\n\n\n\n<p><em>-Quel traitement n\u2019infligeons-nous pas aux autres&nbsp;?<\/em><\/p>\n\n\n\n<p>Mais d\u2019o\u00f9 vient le mal&nbsp;?<\/p>\n\n\n\n<p>Selon saint Jacques, dans la deuxi\u00e8me lecture, le mal a pour sources des \u00ab&nbsp;instincts qui m\u00e8nent leur combat&nbsp;\u00bb en nous. Ces instincts sont&nbsp;:<\/p>\n\n\n\n<p>A) <strong>La jalousie<\/strong>&nbsp;: ou le fait de souffrir de voir l\u2019autre diff\u00e9rent de nous&nbsp;;<\/p>\n\n\n\n<p>B) <strong>Les convoitises<\/strong>&nbsp;: ou l\u2019envie de poss\u00e9der ce qui ne nous appartient pas, voire m\u00eame de poss\u00e9der les autres&nbsp;;<\/p>\n\n\n\n<p>C) <strong>Les rivalit\u00e9s<\/strong>&nbsp;: ou le d\u00e9sir de se montrer plus important que les autres.<\/p>\n\n\n\n<p>Et o\u00f9 m\u00e8ne le mal&nbsp;?<\/p>\n\n\n\n<p>Selon saint Jacques, le mal m\u00e8ne \u00e0 l\u2019\u00e9loignement de Dieu de notre vie. Il nous dit en l\u2019occurrence&nbsp;: \u00ab&nbsp;Vous n\u2019obtenez rien parce que vous ne priez pas&nbsp;; vous priez mais vous ne recevez rien parce que votre pri\u00e8re est mauvaise&nbsp;: vous demandez des richesses pour satisfaire vos instincts&nbsp;\u00bb.<\/p>\n\n\n\n<p>Aujourd\u2019hui, Dieu attend autre chose de nous. Il veut, selon les mots de saint Jacques, que nous puissions accueillir la sagesse qui vient de lui. Cette sagesse qui vient de Dieu, c\u2019est J\u00e9sus qui traversait la Galil\u00e9e avec ses disciples pour arriver \u00e0 Capharna\u00fcm, pour arriver chez nous. En J\u00e9sus, Dieu s\u2019est fait proche de nous, de chacun de nous. Que nous apporte J\u00e9sus&nbsp;? Il nous apporte les dons de Dieu que sont, selon saint Jacques et l\u2019\u00e9vangile&nbsp;: la droiture, la paix, la tol\u00e9rance, la compr\u00e9hension, la mis\u00e9ricorde, la g\u00e9n\u00e9rosit\u00e9, l\u2019impartialit\u00e9, l\u2019honn\u00eatet\u00e9, la discr\u00e9tion, la patience, l\u2019humanit\u00e9, le service. Tous ces dons peuvent \u00eatre compris par un seul, \u00e0 savoir la paix. Saint Jacques dit \u00e0 ce propos&nbsp;: \u00ab&nbsp;C\u2019est dans la paix qu\u2019est sem\u00e9e la justice, qui donne son fruit aux artisans de la paix&nbsp;\u00bb.<\/p>\n\n\n\n<p><em>-Est-ce que nous promouvons la paix en nous et autour de nous&nbsp;?<\/em><\/p>\n\n\n\n<p>Demandons \u00e0 Dieu d\u2019ouvrir nos c\u0153urs \u00e0 sa sagesse pour que nous soyons victorieux du mal.<\/p>\n\n\n\n<p><strong>Abb\u00e9 Jean Claude Ciza<\/strong><\/p>\n\n\n\n<p><em>Fot. Stefano Pollio\/Unsplash.com<\/em><\/p>\n","protected":false},"excerpt":{"rendered":"<p>XXV Dimanche du Temps Ordinaire<\/p>\n","protected":false},"author":5,"featured_media":1858,"comment_status":"open","ping_status":"open","sticky":false,"template":"","format":"standard","meta":{"_acf_changed":false,"_exactmetrics_skip_tracking":false,"_exactmetrics_sitenote_active":false,"_exactmetrics_sitenote_note":"","_exactmetrics_sitenote_category":0,"footnotes":""},"categories":[4,13,14],"tags":[],"class_list":["post-1970","post","type-post","status-publish","format-standard","has-post-thumbnail","hentry","category-blog","category-strona-glowna-najnowsze","category-strona-glowna-slider"],"acf":[],"yoast_head":"<!-- This site is optimized with the Yoast SEO plugin v26.2 - https:\/\/yoast.com\/wordpress\/plugins\/seo\/ -->\n<title>Le refus de reconna\u00eetre nos limites - Centre de Documentation et d\u2019Etude du Pontificat de Jean-Paul II \u00e0 Rome<\/title>\n<meta name=\"robots\" content=\"index, follow, max-snippet:-1, max-image-preview:large, max-video-preview:-1\" \/>\n<link rel=\"canonical\" href=\"https:\/\/jp2doc.pl\/fr\/2021\/09\/20\/le-refus-de-reconnaitre-nos-limites\/\" \/>\n<meta property=\"og:locale\" content=\"fr_FR\" \/>\n<meta property=\"og:type\" content=\"article\" \/>\n<meta property=\"og:title\" content=\"Le refus de reconna\u00eetre nos limites - Centre de Documentation et d\u2019Etude du Pontificat de Jean-Paul II \u00e0 Rome\" \/>\n<meta property=\"og:description\" content=\"XXV Dimanche du Temps Ordinaire\" \/>\n<meta property=\"og:url\" content=\"https:\/\/jp2doc.pl\/fr\/2021\/09\/20\/le-refus-de-reconnaitre-nos-limites\/\" \/>\n<meta property=\"og:site_name\" content=\"Centre de Documentation et d\u2019Etude du Pontificat de Jean-Paul II \u00e0 Rome\" \/>\n<meta property=\"article:published_time\" content=\"2021-09-20T12:21:13+00:00\" \/>\n<meta property=\"article:modified_time\" content=\"2021-09-20T12:21:14+00:00\" \/>\n<meta property=\"og:image\" content=\"https:\/\/jp2doc.pl\/fr\/wp-content\/uploads\/sites\/5\/2021\/01\/stefano-pollio-ZC0EbdLC8G0-unsplash.jpg\" \/>\n\t<meta property=\"og:image:width\" content=\"1133\" \/>\n\t<meta property=\"og:image:height\" content=\"850\" \/>\n\t<meta property=\"og:image:type\" content=\"image\/jpeg\" \/>\n<meta name=\"author\" content=\"juliasercanka\" \/>\n<meta name=\"twitter:card\" content=\"summary_large_image\" \/>\n<meta name=\"twitter:label1\" content=\"\u00c9crit par\" \/>\n\t<meta name=\"twitter:data1\" content=\"juliasercanka\" \/>\n\t<meta name=\"twitter:label2\" content=\"Dur\u00e9e de lecture estim\u00e9e\" \/>\n\t<meta name=\"twitter:data2\" content=\"5 minutes\" \/>\n<script type=\"application\/ld+json\" class=\"yoast-schema-graph\">{\"@context\":\"https:\/\/schema.org\",\"@graph\":[{\"@type\":\"Article\",\"@id\":\"https:\/\/jp2doc.pl\/fr\/2021\/09\/20\/le-refus-de-reconnaitre-nos-limites\/#article\",\"isPartOf\":{\"@id\":\"https:\/\/jp2doc.pl\/fr\/2021\/09\/20\/le-refus-de-reconnaitre-nos-limites\/\"},\"author\":{\"name\":\"juliasercanka\",\"@id\":\"https:\/\/jp2doc.pl\/fr\/#\/schema\/person\/6110109e80abb51f6fac4824777eabfe\"},\"headline\":\"Le refus de reconna\u00eetre nos limites\",\"datePublished\":\"2021-09-20T12:21:13+00:00\",\"dateModified\":\"2021-09-20T12:21:14+00:00\",\"mainEntityOfPage\":{\"@id\":\"https:\/\/jp2doc.pl\/fr\/2021\/09\/20\/le-refus-de-reconnaitre-nos-limites\/\"},\"wordCount\":1148,\"commentCount\":0,\"publisher\":{\"@id\":\"https:\/\/jp2doc.pl\/fr\/#organization\"},\"image\":{\"@id\":\"https:\/\/jp2doc.pl\/fr\/2021\/09\/20\/le-refus-de-reconnaitre-nos-limites\/#primaryimage\"},\"thumbnailUrl\":\"https:\/\/jp2doc.pl\/fr\/wp-content\/uploads\/sites\/5\/2021\/01\/stefano-pollio-ZC0EbdLC8G0-unsplash.jpg\",\"articleSection\":[\"Blog\",\"Strona g\u0142\u00f3wna - najnowsze\",\"Strona g\u0142\u00f3wna - slider\"],\"inLanguage\":\"fr-FR\",\"potentialAction\":[{\"@type\":\"CommentAction\",\"name\":\"Comment\",\"target\":[\"https:\/\/jp2doc.pl\/fr\/2021\/09\/20\/le-refus-de-reconnaitre-nos-limites\/#respond\"]}]},{\"@type\":\"WebPage\",\"@id\":\"https:\/\/jp2doc.pl\/fr\/2021\/09\/20\/le-refus-de-reconnaitre-nos-limites\/\",\"url\":\"https:\/\/jp2doc.pl\/fr\/2021\/09\/20\/le-refus-de-reconnaitre-nos-limites\/\",\"name\":\"Le refus de reconna\u00eetre nos limites - Centre de Documentation et d\u2019Etude du Pontificat de Jean-Paul II \u00e0 Rome\",\"isPartOf\":{\"@id\":\"https:\/\/jp2doc.pl\/fr\/#website\"},\"primaryImageOfPage\":{\"@id\":\"https:\/\/jp2doc.pl\/fr\/2021\/09\/20\/le-refus-de-reconnaitre-nos-limites\/#primaryimage\"},\"image\":{\"@id\":\"https:\/\/jp2doc.pl\/fr\/2021\/09\/20\/le-refus-de-reconnaitre-nos-limites\/#primaryimage\"},\"thumbnailUrl\":\"https:\/\/jp2doc.pl\/fr\/wp-content\/uploads\/sites\/5\/2021\/01\/stefano-pollio-ZC0EbdLC8G0-unsplash.jpg\",\"datePublished\":\"2021-09-20T12:21:13+00:00\",\"dateModified\":\"2021-09-20T12:21:14+00:00\",\"breadcrumb\":{\"@id\":\"https:\/\/jp2doc.pl\/fr\/2021\/09\/20\/le-refus-de-reconnaitre-nos-limites\/#breadcrumb\"},\"inLanguage\":\"fr-FR\",\"potentialAction\":[{\"@type\":\"ReadAction\",\"target\":[\"https:\/\/jp2doc.pl\/fr\/2021\/09\/20\/le-refus-de-reconnaitre-nos-limites\/\"]}]},{\"@type\":\"ImageObject\",\"inLanguage\":\"fr-FR\",\"@id\":\"https:\/\/jp2doc.pl\/fr\/2021\/09\/20\/le-refus-de-reconnaitre-nos-limites\/#primaryimage\",\"url\":\"https:\/\/jp2doc.pl\/fr\/wp-content\/uploads\/sites\/5\/2021\/01\/stefano-pollio-ZC0EbdLC8G0-unsplash.jpg\",\"contentUrl\":\"https:\/\/jp2doc.pl\/fr\/wp-content\/uploads\/sites\/5\/2021\/01\/stefano-pollio-ZC0EbdLC8G0-unsplash.jpg\",\"width\":1133,\"height\":850},{\"@type\":\"BreadcrumbList\",\"@id\":\"https:\/\/jp2doc.pl\/fr\/2021\/09\/20\/le-refus-de-reconnaitre-nos-limites\/#breadcrumb\",\"itemListElement\":[{\"@type\":\"ListItem\",\"position\":1,\"name\":\"Home\",\"item\":\"https:\/\/jp2doc.pl\/fr\/\"},{\"@type\":\"ListItem\",\"position\":2,\"name\":\"Le refus de reconna\u00eetre nos limites\"}]},{\"@type\":\"WebSite\",\"@id\":\"https:\/\/jp2doc.pl\/fr\/#website\",\"url\":\"https:\/\/jp2doc.pl\/fr\/\",\"name\":\"Centre de Documentation et d\u2019Etude du Pontificat de Jean-Paul II \u00e0 Rome\",\"description\":\"\",\"publisher\":{\"@id\":\"https:\/\/jp2doc.pl\/fr\/#organization\"},\"potentialAction\":[{\"@type\":\"SearchAction\",\"target\":{\"@type\":\"EntryPoint\",\"urlTemplate\":\"https:\/\/jp2doc.pl\/fr\/?s={search_term_string}\"},\"query-input\":{\"@type\":\"PropertyValueSpecification\",\"valueRequired\":true,\"valueName\":\"search_term_string\"}}],\"inLanguage\":\"fr-FR\"},{\"@type\":\"Organization\",\"@id\":\"https:\/\/jp2doc.pl\/fr\/#organization\",\"name\":\"Centre de Documentation et d\u2019Etude du Pontificat de Jean-Paul II \u00e0 Rome\",\"url\":\"https:\/\/jp2doc.pl\/fr\/\",\"logo\":{\"@type\":\"ImageObject\",\"inLanguage\":\"fr-FR\",\"@id\":\"https:\/\/jp2doc.pl\/fr\/#\/schema\/logo\/image\/\",\"url\":\"https:\/\/jp2doc.pl\/fr\/wp-content\/uploads\/sites\/5\/2017\/03\/cropped-logo.png\",\"contentUrl\":\"https:\/\/jp2doc.pl\/fr\/wp-content\/uploads\/sites\/5\/2017\/03\/cropped-logo.png\",\"width\":115,\"height\":115,\"caption\":\"Centre de Documentation et d\u2019Etude du Pontificat de Jean-Paul II \u00e0 Rome\"},\"image\":{\"@id\":\"https:\/\/jp2doc.pl\/fr\/#\/schema\/logo\/image\/\"}},{\"@type\":\"Person\",\"@id\":\"https:\/\/jp2doc.pl\/fr\/#\/schema\/person\/6110109e80abb51f6fac4824777eabfe\",\"name\":\"juliasercanka\",\"image\":{\"@type\":\"ImageObject\",\"inLanguage\":\"fr-FR\",\"@id\":\"https:\/\/jp2doc.pl\/fr\/#\/schema\/person\/image\/\",\"url\":\"https:\/\/secure.gravatar.com\/avatar\/266a66e864556e22d55d61b6b10c97fab9060767b738564bcd109f3997e372bc?s=96&d=mm&r=g\",\"contentUrl\":\"https:\/\/secure.gravatar.com\/avatar\/266a66e864556e22d55d61b6b10c97fab9060767b738564bcd109f3997e372bc?s=96&d=mm&r=g\",\"caption\":\"juliasercanka\"},\"url\":\"https:\/\/jp2doc.pl\/fr\/author\/juliasercanka\/\"}]}<\/script>\n<!-- \/ Yoast SEO plugin. -->","yoast_head_json":{"title":"Le refus de reconna\u00eetre nos limites - Centre de Documentation et d\u2019Etude du Pontificat de Jean-Paul II \u00e0 Rome","robots":{"index":"index","follow":"follow","max-snippet":"max-snippet:-1","max-image-preview":"max-image-preview:large","max-video-preview":"max-video-preview:-1"},"canonical":"https:\/\/jp2doc.pl\/fr\/2021\/09\/20\/le-refus-de-reconnaitre-nos-limites\/","og_locale":"fr_FR","og_type":"article","og_title":"Le refus de reconna\u00eetre nos limites - Centre de Documentation et d\u2019Etude du Pontificat de Jean-Paul II \u00e0 Rome","og_description":"XXV Dimanche du Temps Ordinaire","og_url":"https:\/\/jp2doc.pl\/fr\/2021\/09\/20\/le-refus-de-reconnaitre-nos-limites\/","og_site_name":"Centre de Documentation et d\u2019Etude du Pontificat de Jean-Paul II \u00e0 Rome","article_published_time":"2021-09-20T12:21:13+00:00","article_modified_time":"2021-09-20T12:21:14+00:00","og_image":[{"width":1133,"height":850,"url":"https:\/\/jp2doc.pl\/fr\/wp-content\/uploads\/sites\/5\/2021\/01\/stefano-pollio-ZC0EbdLC8G0-unsplash.jpg","type":"image\/jpeg"}],"author":"juliasercanka","twitter_card":"summary_large_image","twitter_misc":{"\u00c9crit par":"juliasercanka","Dur\u00e9e de lecture estim\u00e9e":"5 minutes"},"schema":{"@context":"https:\/\/schema.org","@graph":[{"@type":"Article","@id":"https:\/\/jp2doc.pl\/fr\/2021\/09\/20\/le-refus-de-reconnaitre-nos-limites\/#article","isPartOf":{"@id":"https:\/\/jp2doc.pl\/fr\/2021\/09\/20\/le-refus-de-reconnaitre-nos-limites\/"},"author":{"name":"juliasercanka","@id":"https:\/\/jp2doc.pl\/fr\/#\/schema\/person\/6110109e80abb51f6fac4824777eabfe"},"headline":"Le refus de reconna\u00eetre nos limites","datePublished":"2021-09-20T12:21:13+00:00","dateModified":"2021-09-20T12:21:14+00:00","mainEntityOfPage":{"@id":"https:\/\/jp2doc.pl\/fr\/2021\/09\/20\/le-refus-de-reconnaitre-nos-limites\/"},"wordCount":1148,"commentCount":0,"publisher":{"@id":"https:\/\/jp2doc.pl\/fr\/#organization"},"image":{"@id":"https:\/\/jp2doc.pl\/fr\/2021\/09\/20\/le-refus-de-reconnaitre-nos-limites\/#primaryimage"},"thumbnailUrl":"https:\/\/jp2doc.pl\/fr\/wp-content\/uploads\/sites\/5\/2021\/01\/stefano-pollio-ZC0EbdLC8G0-unsplash.jpg","articleSection":["Blog","Strona g\u0142\u00f3wna - najnowsze","Strona g\u0142\u00f3wna - slider"],"inLanguage":"fr-FR","potentialAction":[{"@type":"CommentAction","name":"Comment","target":["https:\/\/jp2doc.pl\/fr\/2021\/09\/20\/le-refus-de-reconnaitre-nos-limites\/#respond"]}]},{"@type":"WebPage","@id":"https:\/\/jp2doc.pl\/fr\/2021\/09\/20\/le-refus-de-reconnaitre-nos-limites\/","url":"https:\/\/jp2doc.pl\/fr\/2021\/09\/20\/le-refus-de-reconnaitre-nos-limites\/","name":"Le refus de reconna\u00eetre nos limites - Centre de Documentation et d\u2019Etude du Pontificat de Jean-Paul II \u00e0 Rome","isPartOf":{"@id":"https:\/\/jp2doc.pl\/fr\/#website"},"primaryImageOfPage":{"@id":"https:\/\/jp2doc.pl\/fr\/2021\/09\/20\/le-refus-de-reconnaitre-nos-limites\/#primaryimage"},"image":{"@id":"https:\/\/jp2doc.pl\/fr\/2021\/09\/20\/le-refus-de-reconnaitre-nos-limites\/#primaryimage"},"thumbnailUrl":"https:\/\/jp2doc.pl\/fr\/wp-content\/uploads\/sites\/5\/2021\/01\/stefano-pollio-ZC0EbdLC8G0-unsplash.jpg","datePublished":"2021-09-20T12:21:13+00:00","dateModified":"2021-09-20T12:21:14+00:00","breadcrumb":{"@id":"https:\/\/jp2doc.pl\/fr\/2021\/09\/20\/le-refus-de-reconnaitre-nos-limites\/#breadcrumb"},"inLanguage":"fr-FR","potentialAction":[{"@type":"ReadAction","target":["https:\/\/jp2doc.pl\/fr\/2021\/09\/20\/le-refus-de-reconnaitre-nos-limites\/"]}]},{"@type":"ImageObject","inLanguage":"fr-FR","@id":"https:\/\/jp2doc.pl\/fr\/2021\/09\/20\/le-refus-de-reconnaitre-nos-limites\/#primaryimage","url":"https:\/\/jp2doc.pl\/fr\/wp-content\/uploads\/sites\/5\/2021\/01\/stefano-pollio-ZC0EbdLC8G0-unsplash.jpg","contentUrl":"https:\/\/jp2doc.pl\/fr\/wp-content\/uploads\/sites\/5\/2021\/01\/stefano-pollio-ZC0EbdLC8G0-unsplash.jpg","width":1133,"height":850},{"@type":"BreadcrumbList","@id":"https:\/\/jp2doc.pl\/fr\/2021\/09\/20\/le-refus-de-reconnaitre-nos-limites\/#breadcrumb","itemListElement":[{"@type":"ListItem","position":1,"name":"Home","item":"https:\/\/jp2doc.pl\/fr\/"},{"@type":"ListItem","position":2,"name":"Le refus de reconna\u00eetre nos limites"}]},{"@type":"WebSite","@id":"https:\/\/jp2doc.pl\/fr\/#website","url":"https:\/\/jp2doc.pl\/fr\/","name":"Centre de Documentation et d\u2019Etude du Pontificat de Jean-Paul II \u00e0 Rome","description":"","publisher":{"@id":"https:\/\/jp2doc.pl\/fr\/#organization"},"potentialAction":[{"@type":"SearchAction","target":{"@type":"EntryPoint","urlTemplate":"https:\/\/jp2doc.pl\/fr\/?s={search_term_string}"},"query-input":{"@type":"PropertyValueSpecification","valueRequired":true,"valueName":"search_term_string"}}],"inLanguage":"fr-FR"},{"@type":"Organization","@id":"https:\/\/jp2doc.pl\/fr\/#organization","name":"Centre de Documentation et d\u2019Etude du Pontificat de Jean-Paul II \u00e0 Rome","url":"https:\/\/jp2doc.pl\/fr\/","logo":{"@type":"ImageObject","inLanguage":"fr-FR","@id":"https:\/\/jp2doc.pl\/fr\/#\/schema\/logo\/image\/","url":"https:\/\/jp2doc.pl\/fr\/wp-content\/uploads\/sites\/5\/2017\/03\/cropped-logo.png","contentUrl":"https:\/\/jp2doc.pl\/fr\/wp-content\/uploads\/sites\/5\/2017\/03\/cropped-logo.png","width":115,"height":115,"caption":"Centre de Documentation et d\u2019Etude du Pontificat de Jean-Paul II \u00e0 Rome"},"image":{"@id":"https:\/\/jp2doc.pl\/fr\/#\/schema\/logo\/image\/"}},{"@type":"Person","@id":"https:\/\/jp2doc.pl\/fr\/#\/schema\/person\/6110109e80abb51f6fac4824777eabfe","name":"juliasercanka","image":{"@type":"ImageObject","inLanguage":"fr-FR","@id":"https:\/\/jp2doc.pl\/fr\/#\/schema\/person\/image\/","url":"https:\/\/secure.gravatar.com\/avatar\/266a66e864556e22d55d61b6b10c97fab9060767b738564bcd109f3997e372bc?s=96&d=mm&r=g","contentUrl":"https:\/\/secure.gravatar.com\/avatar\/266a66e864556e22d55d61b6b10c97fab9060767b738564bcd109f3997e372bc?s=96&d=mm&r=g","caption":"juliasercanka"},"url":"https:\/\/jp2doc.pl\/fr\/author\/juliasercanka\/"}]}},"_links":{"self":[{"href":"https:\/\/jp2doc.pl\/fr\/wp-json\/wp\/v2\/posts\/1970","targetHints":{"allow":["GET"]}}],"collection":[{"href":"https:\/\/jp2doc.pl\/fr\/wp-json\/wp\/v2\/posts"}],"about":[{"href":"https:\/\/jp2doc.pl\/fr\/wp-json\/wp\/v2\/types\/post"}],"author":[{"embeddable":true,"href":"https:\/\/jp2doc.pl\/fr\/wp-json\/wp\/v2\/users\/5"}],"replies":[{"embeddable":true,"href":"https:\/\/jp2doc.pl\/fr\/wp-json\/wp\/v2\/comments?post=1970"}],"version-history":[{"count":1,"href":"https:\/\/jp2doc.pl\/fr\/wp-json\/wp\/v2\/posts\/1970\/revisions"}],"predecessor-version":[{"id":1971,"href":"https:\/\/jp2doc.pl\/fr\/wp-json\/wp\/v2\/posts\/1970\/revisions\/1971"}],"wp:featuredmedia":[{"embeddable":true,"href":"https:\/\/jp2doc.pl\/fr\/wp-json\/wp\/v2\/media\/1858"}],"wp:attachment":[{"href":"https:\/\/jp2doc.pl\/fr\/wp-json\/wp\/v2\/media?parent=1970"}],"wp:term":[{"taxonomy":"category","embeddable":true,"href":"https:\/\/jp2doc.pl\/fr\/wp-json\/wp\/v2\/categories?post=1970"},{"taxonomy":"post_tag","embeddable":true,"href":"https:\/\/jp2doc.pl\/fr\/wp-json\/wp\/v2\/tags?post=1970"}],"curies":[{"name":"wp","href":"https:\/\/api.w.org\/{rel}","templated":true}]}}