{"id":1972,"date":"2021-09-25T15:58:28","date_gmt":"2021-09-25T13:58:28","guid":{"rendered":"https:\/\/jp2doc.pl\/fr\/?p=1972"},"modified":"2021-09-25T15:58:29","modified_gmt":"2021-09-25T13:58:29","slug":"lhomme-capable-de-faire-le-bien","status":"publish","type":"post","link":"https:\/\/jp2doc.pl\/fr\/2021\/09\/25\/lhomme-capable-de-faire-le-bien\/","title":{"rendered":"L\u2019homme capable de faire le bien"},"content":{"rendered":"\n<p>Nb 11, 25-29&nbsp;; Jc 5, 1-6&nbsp;; Mc 9, 38-48<\/p>\n\n\n\n<p>Les lectures que nous venons d\u2019entendre nous donne l\u2019opportunit\u00e9 de m\u00e9diter sur l\u2019appel \u00e0 faire le bien et \u00e0 \u00e9viter le mal. Le bien en effet accroit la vie, alors que le mal engendre la mort.<\/p>\n\n\n\n<p>Mais d\u2019o\u00f9 vient le bien&nbsp;? En d\u2019autres mots&nbsp;: qu\u2019est-ce qui rend l\u2019homme capable de faire le bien&nbsp;? L\u2019homme le peut-il de lui-m\u00eame&nbsp;?<\/p>\n\n\n\n<p>A la suite de la premi\u00e8re lecture, du livre des Nombres, nous dirons que le bien vient de Dieu. C\u2019est un don de Dieu \u00e0 l\u2019homme. Nous y lisons en effet&nbsp;: \u00ab&nbsp;Le Seigneur descendit dans la nu\u00e9e pour s\u2019entretenir avec Mo\u00efse. Il prit une part de l\u2019Esprit qui reposait sur celui-ci, et le mit sur les soixante-dix anciens du peuple. D\u00e8s que l\u2019Esprit reposa sur eux, ils se mirent \u00e0 proph\u00e9tiser&nbsp;\u00bb.<\/p>\n\n\n\n<p>C\u2019est Dieu qui vient vers nous. Et nous devons rester ouverts \u00e0 lui pour m\u00e9riter ses gr\u00e2ces. Sinon elles nous quittent. Le texte ajoute en effet&nbsp;: \u00ab&nbsp;mais cela ne dura pas&nbsp;\u00bb.<\/p>\n\n\n\n<p><em>Est-ce que nous sentons la proximit\u00e9 de Dieu dans notre vie&nbsp;? Est-ce que nous restons ouverts \u00e0 cette pr\u00e9sence pour l\u2019accueillir continuellement&nbsp;?<\/em><\/p>\n\n\n\n<p>Nous pouvons parfois croire que la sollicitude de Dieu est juste r\u00e9serv\u00e9e \u00e0 quelques \u00e9lus. La premi\u00e8re lecture et l\u2019\u00e9vangile nous donnent tort. Dieu n\u2019est pas seulement notre Dieu. Il est le Dieu de tous. Nous ne pouvons l\u2019enfermer dans les limites de nos croyances, de notre confort. Il les d\u00e9borde&nbsp;!<\/p>\n\n\n\n<p>Ainsi dans le livre des Nombres, Mo\u00efse r\u00e9pond sans ambig\u00fcit\u00e9 \u00e0 son serviteur Josu\u00e9 qui lui demandait d\u2019interdire \u00e0 Eldad et \u00e0 M\u00e9dad de proph\u00e9tiser dans le camp, hors de la tente de la rencontre. Voici sa r\u00e9ponse&nbsp;: \u00ab&nbsp;Serais-tu jaloux pour moi&nbsp;? Ah&nbsp;! Si le Seigneur pouvait mettre son esprit sur eux, pour faire de tout son peuple de proph\u00e8tes&nbsp;!&nbsp;\u00bb. Oui&nbsp;! Tout le peuple, et pas seulement quelques-uns.<\/p>\n\n\n\n<p>Et dans l\u2019\u00e9vangile, J\u00e9sus doit faire face \u00e0 l\u2019hostilit\u00e9 de Jean qui dit avoir voulu emp\u00eacher quelqu\u2019un de faire des miracles au nom de J\u00e9sus alors qu\u2019il ne fait pas partie du cercle \u00e9troit des disciples. L\u2019attitude d\u2019ouverture, de bont\u00e9 de J\u00e9sus se manifeste dans sa r\u00e9ponse&nbsp;: \u00ab&nbsp;Ne l\u2019emp\u00eachez pas, car celui qui fait un miracle en mon nom ne peut pas aussit\u00f4t apr\u00e8s, mal parler de moi&nbsp;; celui qui n\u2019est pas contre nous est pour nous&nbsp;\u00bb.<\/p>\n\n\n\n<p>Voil\u00e0 une attitude que nous devons acqu\u00e9rir&nbsp;; nous sommes souvent tent\u00e9s de nous replier dans notre tribu, dans notre race, dans notre religion, dans tout ce qui nous rend diff\u00e9rent&nbsp;!<\/p>\n\n\n\n<p>Aujourd\u2019hui, J\u00e9sus nous apprend que le bien peut venir des autres vers nous&nbsp;: \u00ab&nbsp;Et celui qui vous donnera un verre d\u2019eau parce que vous appartenez au Christ, vraiment, je vous le dis, il ne restera pas sans r\u00e9compense&nbsp;\u00bb.<\/p>\n\n\n\n<p>Nous devons accueillir la gr\u00e2ce de Dieu, l\u2019Esprit de Dieu dans notre vie pour faire le bien et voir le monde avec des yeux nouveaux, des yeux divins. Mais nous devons aussi apprendre \u00e0 \u00e9viter la mal, \u00e0 \u00e9viter de faire le mal, \u00e0 penser du mal des autres et \u00e0 conduire les autres au mal. J\u00e9sus nous pr\u00e9vient&nbsp;: \u00ab&nbsp;Celui qui entra\u00eenera la chute de l\u2019un de ces petits qui croient en moi, mieux vaudrait pour lui qu\u2019on lui attache au cou une de ces meules que tournent les \u00e2nes et qu\u2019on le jette \u00e0 la mer&nbsp;\u00bb. Ce sont l\u00e0 des mots tr\u00e8s durs&nbsp;!<\/p>\n\n\n\n<p>Saint Jacques dans la deuxi\u00e8me lecture a des mots tout aussi durs pour ceux qui font le mal. Il \u00e9crit en substance&nbsp;: \u00ab&nbsp;Vous les gens riches, c\u2019est \u00e0 vous que je m\u2019adresse. Pleurez, lamentez-vous, car des malheurs vous attendent&nbsp;\u00bb. Mais qui sont ces gens riches&nbsp;? Ce sont des gens riches en p\u00e9ch\u00e9s.<\/p>\n\n\n\n<p>Et selon cette m\u00eame lecture, l\u2019on peut devenir riche en p\u00e9ch\u00e9 de deux mani\u00e8res&nbsp;:<\/p>\n\n\n\n<p>1\u00b0 Activement, en pratiquant l\u2019injustice&nbsp;: \u00ab&nbsp;Des travailleurs ont moissonn\u00e9 vos terres et vous ne les avez pas pay\u00e9s&nbsp;\u00bb&nbsp;; \u00ab&nbsp;Vous avez condamn\u00e9 le juste et vous l\u2019avez tu\u00e9, sans qu\u2019il vous r\u00e9siste&nbsp;\u00bb.<\/p>\n\n\n\n<p><em>Combien de fois n\u2019avons-nous pas \u00e9t\u00e9 ingrats vis-\u00e0-vis de gens qui nous ont fait du bien&nbsp;? Combien de fois n\u2019avons-nous pas fait du mal \u00e0 des gens qui ne le m\u00e9ritaient pas&nbsp;?<\/em><\/p>\n\n\n\n<p>2\u00b0 Passivement, en \u00e9tant indiff\u00e9rents aux souffrances des gens&nbsp;: \u00ab&nbsp;Vous avez recherch\u00e9 sur terre le plaisir et le luxe, et vous avez fait bombance pendant qu\u2019on massacrait les gens&nbsp;\u00bb.<\/p>\n\n\n\n<p><em>Combien de fois n\u2019avons-nous pas r\u00e9agi devant des situations juste pour nous donner une conscience tranquille en disant&nbsp;: \u00ab&nbsp;Ce n\u2019est pas notre affaire&nbsp;\u00bb, \u00ab&nbsp;Cela ne nous concerne pas&nbsp;\u00bb&nbsp;?<\/em><\/p>\n\n\n\n<p>Aujourd\u2019hui le Christ nous demande de faire attention \u00e0 la mani\u00e8re dont nous voyons, aux endroits o\u00f9 nous mettons nos pieds, \u00e0 ce que nos mains recherchent.<\/p>\n\n\n\n<p>Demandons la gr\u00e2ce de toujours chercher \u00e0 faire du bien et \u00e0 \u00e9viter \u00e0 tout prix le mal dans notre vie.<\/p>\n\n\n\n<p><strong>Abb\u00e9 Jean Claude Ciza<\/strong><\/p>\n\n\n\n<p><em>Fot. Andrew Ren\/Unsplash.com<\/em><\/p>\n","protected":false},"excerpt":{"rendered":"<p>XXVI Dimanche du Temps Ordinaire<\/p>\n","protected":false},"author":5,"featured_media":1973,"comment_status":"open","ping_status":"open","sticky":false,"template":"","format":"standard","meta":{"_acf_changed":false,"_exactmetrics_skip_tracking":false,"_exactmetrics_sitenote_active":false,"_exactmetrics_sitenote_note":"","_exactmetrics_sitenote_category":0,"footnotes":""},"categories":[4,13,14],"tags":[],"class_list":["post-1972","post","type-post","status-publish","format-standard","has-post-thumbnail","hentry","category-blog","category-strona-glowna-najnowsze","category-strona-glowna-slider"],"acf":[],"yoast_head":"<!-- This site is optimized with the Yoast SEO plugin v26.2 - https:\/\/yoast.com\/wordpress\/plugins\/seo\/ -->\n<title>L\u2019homme capable de faire le bien - Centre de Documentation et d\u2019Etude du Pontificat de Jean-Paul II \u00e0 Rome<\/title>\n<meta name=\"robots\" content=\"index, follow, max-snippet:-1, max-image-preview:large, max-video-preview:-1\" \/>\n<link rel=\"canonical\" href=\"https:\/\/jp2doc.pl\/fr\/2021\/09\/25\/lhomme-capable-de-faire-le-bien\/\" \/>\n<meta property=\"og:locale\" content=\"fr_FR\" \/>\n<meta property=\"og:type\" content=\"article\" \/>\n<meta property=\"og:title\" content=\"L\u2019homme capable de faire le bien - Centre de Documentation et d\u2019Etude du Pontificat de Jean-Paul II \u00e0 Rome\" \/>\n<meta property=\"og:description\" content=\"XXVI Dimanche du Temps Ordinaire\" \/>\n<meta property=\"og:url\" content=\"https:\/\/jp2doc.pl\/fr\/2021\/09\/25\/lhomme-capable-de-faire-le-bien\/\" \/>\n<meta property=\"og:site_name\" content=\"Centre de Documentation et d\u2019Etude du Pontificat de Jean-Paul II \u00e0 Rome\" \/>\n<meta property=\"article:published_time\" content=\"2021-09-25T13:58:28+00:00\" \/>\n<meta property=\"article:modified_time\" content=\"2021-09-25T13:58:29+00:00\" \/>\n<meta property=\"og:image\" content=\"https:\/\/jp2doc.pl\/fr\/wp-content\/uploads\/sites\/5\/2021\/09\/andrew-ren-BhspCN17HT8-unsplash.jpg\" \/>\n\t<meta property=\"og:image:width\" content=\"1920\" \/>\n\t<meta property=\"og:image:height\" content=\"1280\" \/>\n\t<meta property=\"og:image:type\" content=\"image\/jpeg\" \/>\n<meta name=\"author\" content=\"juliasercanka\" \/>\n<meta name=\"twitter:card\" content=\"summary_large_image\" \/>\n<meta name=\"twitter:label1\" content=\"\u00c9crit par\" \/>\n\t<meta name=\"twitter:data1\" content=\"juliasercanka\" \/>\n\t<meta name=\"twitter:label2\" content=\"Dur\u00e9e de lecture estim\u00e9e\" \/>\n\t<meta name=\"twitter:data2\" content=\"4 minutes\" \/>\n<script type=\"application\/ld+json\" class=\"yoast-schema-graph\">{\"@context\":\"https:\/\/schema.org\",\"@graph\":[{\"@type\":\"Article\",\"@id\":\"https:\/\/jp2doc.pl\/fr\/2021\/09\/25\/lhomme-capable-de-faire-le-bien\/#article\",\"isPartOf\":{\"@id\":\"https:\/\/jp2doc.pl\/fr\/2021\/09\/25\/lhomme-capable-de-faire-le-bien\/\"},\"author\":{\"name\":\"juliasercanka\",\"@id\":\"https:\/\/jp2doc.pl\/fr\/#\/schema\/person\/6110109e80abb51f6fac4824777eabfe\"},\"headline\":\"L\u2019homme capable de faire le bien\",\"datePublished\":\"2021-09-25T13:58:28+00:00\",\"dateModified\":\"2021-09-25T13:58:29+00:00\",\"mainEntityOfPage\":{\"@id\":\"https:\/\/jp2doc.pl\/fr\/2021\/09\/25\/lhomme-capable-de-faire-le-bien\/\"},\"wordCount\":936,\"commentCount\":0,\"publisher\":{\"@id\":\"https:\/\/jp2doc.pl\/fr\/#organization\"},\"image\":{\"@id\":\"https:\/\/jp2doc.pl\/fr\/2021\/09\/25\/lhomme-capable-de-faire-le-bien\/#primaryimage\"},\"thumbnailUrl\":\"https:\/\/jp2doc.pl\/fr\/wp-content\/uploads\/sites\/5\/2021\/09\/andrew-ren-BhspCN17HT8-unsplash.jpg\",\"articleSection\":[\"Blog\",\"Strona g\u0142\u00f3wna - najnowsze\",\"Strona g\u0142\u00f3wna - slider\"],\"inLanguage\":\"fr-FR\",\"potentialAction\":[{\"@type\":\"CommentAction\",\"name\":\"Comment\",\"target\":[\"https:\/\/jp2doc.pl\/fr\/2021\/09\/25\/lhomme-capable-de-faire-le-bien\/#respond\"]}]},{\"@type\":\"WebPage\",\"@id\":\"https:\/\/jp2doc.pl\/fr\/2021\/09\/25\/lhomme-capable-de-faire-le-bien\/\",\"url\":\"https:\/\/jp2doc.pl\/fr\/2021\/09\/25\/lhomme-capable-de-faire-le-bien\/\",\"name\":\"L\u2019homme capable de faire le bien - Centre de Documentation et d\u2019Etude du Pontificat de Jean-Paul II \u00e0 Rome\",\"isPartOf\":{\"@id\":\"https:\/\/jp2doc.pl\/fr\/#website\"},\"primaryImageOfPage\":{\"@id\":\"https:\/\/jp2doc.pl\/fr\/2021\/09\/25\/lhomme-capable-de-faire-le-bien\/#primaryimage\"},\"image\":{\"@id\":\"https:\/\/jp2doc.pl\/fr\/2021\/09\/25\/lhomme-capable-de-faire-le-bien\/#primaryimage\"},\"thumbnailUrl\":\"https:\/\/jp2doc.pl\/fr\/wp-content\/uploads\/sites\/5\/2021\/09\/andrew-ren-BhspCN17HT8-unsplash.jpg\",\"datePublished\":\"2021-09-25T13:58:28+00:00\",\"dateModified\":\"2021-09-25T13:58:29+00:00\",\"breadcrumb\":{\"@id\":\"https:\/\/jp2doc.pl\/fr\/2021\/09\/25\/lhomme-capable-de-faire-le-bien\/#breadcrumb\"},\"inLanguage\":\"fr-FR\",\"potentialAction\":[{\"@type\":\"ReadAction\",\"target\":[\"https:\/\/jp2doc.pl\/fr\/2021\/09\/25\/lhomme-capable-de-faire-le-bien\/\"]}]},{\"@type\":\"ImageObject\",\"inLanguage\":\"fr-FR\",\"@id\":\"https:\/\/jp2doc.pl\/fr\/2021\/09\/25\/lhomme-capable-de-faire-le-bien\/#primaryimage\",\"url\":\"https:\/\/jp2doc.pl\/fr\/wp-content\/uploads\/sites\/5\/2021\/09\/andrew-ren-BhspCN17HT8-unsplash.jpg\",\"contentUrl\":\"https:\/\/jp2doc.pl\/fr\/wp-content\/uploads\/sites\/5\/2021\/09\/andrew-ren-BhspCN17HT8-unsplash.jpg\",\"width\":1920,\"height\":1280},{\"@type\":\"BreadcrumbList\",\"@id\":\"https:\/\/jp2doc.pl\/fr\/2021\/09\/25\/lhomme-capable-de-faire-le-bien\/#breadcrumb\",\"itemListElement\":[{\"@type\":\"ListItem\",\"position\":1,\"name\":\"Home\",\"item\":\"https:\/\/jp2doc.pl\/fr\/\"},{\"@type\":\"ListItem\",\"position\":2,\"name\":\"L\u2019homme capable de faire le bien\"}]},{\"@type\":\"WebSite\",\"@id\":\"https:\/\/jp2doc.pl\/fr\/#website\",\"url\":\"https:\/\/jp2doc.pl\/fr\/\",\"name\":\"Centre de Documentation et d\u2019Etude du Pontificat de Jean-Paul II \u00e0 Rome\",\"description\":\"\",\"publisher\":{\"@id\":\"https:\/\/jp2doc.pl\/fr\/#organization\"},\"potentialAction\":[{\"@type\":\"SearchAction\",\"target\":{\"@type\":\"EntryPoint\",\"urlTemplate\":\"https:\/\/jp2doc.pl\/fr\/?s={search_term_string}\"},\"query-input\":{\"@type\":\"PropertyValueSpecification\",\"valueRequired\":true,\"valueName\":\"search_term_string\"}}],\"inLanguage\":\"fr-FR\"},{\"@type\":\"Organization\",\"@id\":\"https:\/\/jp2doc.pl\/fr\/#organization\",\"name\":\"Centre de Documentation et d\u2019Etude du Pontificat de Jean-Paul II \u00e0 Rome\",\"url\":\"https:\/\/jp2doc.pl\/fr\/\",\"logo\":{\"@type\":\"ImageObject\",\"inLanguage\":\"fr-FR\",\"@id\":\"https:\/\/jp2doc.pl\/fr\/#\/schema\/logo\/image\/\",\"url\":\"https:\/\/jp2doc.pl\/fr\/wp-content\/uploads\/sites\/5\/2017\/03\/cropped-logo.png\",\"contentUrl\":\"https:\/\/jp2doc.pl\/fr\/wp-content\/uploads\/sites\/5\/2017\/03\/cropped-logo.png\",\"width\":115,\"height\":115,\"caption\":\"Centre de Documentation et d\u2019Etude du Pontificat de Jean-Paul II \u00e0 Rome\"},\"image\":{\"@id\":\"https:\/\/jp2doc.pl\/fr\/#\/schema\/logo\/image\/\"}},{\"@type\":\"Person\",\"@id\":\"https:\/\/jp2doc.pl\/fr\/#\/schema\/person\/6110109e80abb51f6fac4824777eabfe\",\"name\":\"juliasercanka\",\"image\":{\"@type\":\"ImageObject\",\"inLanguage\":\"fr-FR\",\"@id\":\"https:\/\/jp2doc.pl\/fr\/#\/schema\/person\/image\/\",\"url\":\"https:\/\/secure.gravatar.com\/avatar\/266a66e864556e22d55d61b6b10c97fab9060767b738564bcd109f3997e372bc?s=96&d=mm&r=g\",\"contentUrl\":\"https:\/\/secure.gravatar.com\/avatar\/266a66e864556e22d55d61b6b10c97fab9060767b738564bcd109f3997e372bc?s=96&d=mm&r=g\",\"caption\":\"juliasercanka\"},\"url\":\"https:\/\/jp2doc.pl\/fr\/author\/juliasercanka\/\"}]}<\/script>\n<!-- \/ Yoast SEO plugin. -->","yoast_head_json":{"title":"L\u2019homme capable de faire le bien - Centre de Documentation et d\u2019Etude du Pontificat de Jean-Paul II \u00e0 Rome","robots":{"index":"index","follow":"follow","max-snippet":"max-snippet:-1","max-image-preview":"max-image-preview:large","max-video-preview":"max-video-preview:-1"},"canonical":"https:\/\/jp2doc.pl\/fr\/2021\/09\/25\/lhomme-capable-de-faire-le-bien\/","og_locale":"fr_FR","og_type":"article","og_title":"L\u2019homme capable de faire le bien - Centre de Documentation et d\u2019Etude du Pontificat de Jean-Paul II \u00e0 Rome","og_description":"XXVI Dimanche du Temps Ordinaire","og_url":"https:\/\/jp2doc.pl\/fr\/2021\/09\/25\/lhomme-capable-de-faire-le-bien\/","og_site_name":"Centre de Documentation et d\u2019Etude du Pontificat de Jean-Paul II \u00e0 Rome","article_published_time":"2021-09-25T13:58:28+00:00","article_modified_time":"2021-09-25T13:58:29+00:00","og_image":[{"width":1920,"height":1280,"url":"https:\/\/jp2doc.pl\/fr\/wp-content\/uploads\/sites\/5\/2021\/09\/andrew-ren-BhspCN17HT8-unsplash.jpg","type":"image\/jpeg"}],"author":"juliasercanka","twitter_card":"summary_large_image","twitter_misc":{"\u00c9crit par":"juliasercanka","Dur\u00e9e de lecture estim\u00e9e":"4 minutes"},"schema":{"@context":"https:\/\/schema.org","@graph":[{"@type":"Article","@id":"https:\/\/jp2doc.pl\/fr\/2021\/09\/25\/lhomme-capable-de-faire-le-bien\/#article","isPartOf":{"@id":"https:\/\/jp2doc.pl\/fr\/2021\/09\/25\/lhomme-capable-de-faire-le-bien\/"},"author":{"name":"juliasercanka","@id":"https:\/\/jp2doc.pl\/fr\/#\/schema\/person\/6110109e80abb51f6fac4824777eabfe"},"headline":"L\u2019homme capable de faire le bien","datePublished":"2021-09-25T13:58:28+00:00","dateModified":"2021-09-25T13:58:29+00:00","mainEntityOfPage":{"@id":"https:\/\/jp2doc.pl\/fr\/2021\/09\/25\/lhomme-capable-de-faire-le-bien\/"},"wordCount":936,"commentCount":0,"publisher":{"@id":"https:\/\/jp2doc.pl\/fr\/#organization"},"image":{"@id":"https:\/\/jp2doc.pl\/fr\/2021\/09\/25\/lhomme-capable-de-faire-le-bien\/#primaryimage"},"thumbnailUrl":"https:\/\/jp2doc.pl\/fr\/wp-content\/uploads\/sites\/5\/2021\/09\/andrew-ren-BhspCN17HT8-unsplash.jpg","articleSection":["Blog","Strona g\u0142\u00f3wna - najnowsze","Strona g\u0142\u00f3wna - slider"],"inLanguage":"fr-FR","potentialAction":[{"@type":"CommentAction","name":"Comment","target":["https:\/\/jp2doc.pl\/fr\/2021\/09\/25\/lhomme-capable-de-faire-le-bien\/#respond"]}]},{"@type":"WebPage","@id":"https:\/\/jp2doc.pl\/fr\/2021\/09\/25\/lhomme-capable-de-faire-le-bien\/","url":"https:\/\/jp2doc.pl\/fr\/2021\/09\/25\/lhomme-capable-de-faire-le-bien\/","name":"L\u2019homme capable de faire le bien - Centre de Documentation et d\u2019Etude du Pontificat de Jean-Paul II \u00e0 Rome","isPartOf":{"@id":"https:\/\/jp2doc.pl\/fr\/#website"},"primaryImageOfPage":{"@id":"https:\/\/jp2doc.pl\/fr\/2021\/09\/25\/lhomme-capable-de-faire-le-bien\/#primaryimage"},"image":{"@id":"https:\/\/jp2doc.pl\/fr\/2021\/09\/25\/lhomme-capable-de-faire-le-bien\/#primaryimage"},"thumbnailUrl":"https:\/\/jp2doc.pl\/fr\/wp-content\/uploads\/sites\/5\/2021\/09\/andrew-ren-BhspCN17HT8-unsplash.jpg","datePublished":"2021-09-25T13:58:28+00:00","dateModified":"2021-09-25T13:58:29+00:00","breadcrumb":{"@id":"https:\/\/jp2doc.pl\/fr\/2021\/09\/25\/lhomme-capable-de-faire-le-bien\/#breadcrumb"},"inLanguage":"fr-FR","potentialAction":[{"@type":"ReadAction","target":["https:\/\/jp2doc.pl\/fr\/2021\/09\/25\/lhomme-capable-de-faire-le-bien\/"]}]},{"@type":"ImageObject","inLanguage":"fr-FR","@id":"https:\/\/jp2doc.pl\/fr\/2021\/09\/25\/lhomme-capable-de-faire-le-bien\/#primaryimage","url":"https:\/\/jp2doc.pl\/fr\/wp-content\/uploads\/sites\/5\/2021\/09\/andrew-ren-BhspCN17HT8-unsplash.jpg","contentUrl":"https:\/\/jp2doc.pl\/fr\/wp-content\/uploads\/sites\/5\/2021\/09\/andrew-ren-BhspCN17HT8-unsplash.jpg","width":1920,"height":1280},{"@type":"BreadcrumbList","@id":"https:\/\/jp2doc.pl\/fr\/2021\/09\/25\/lhomme-capable-de-faire-le-bien\/#breadcrumb","itemListElement":[{"@type":"ListItem","position":1,"name":"Home","item":"https:\/\/jp2doc.pl\/fr\/"},{"@type":"ListItem","position":2,"name":"L\u2019homme capable de faire le bien"}]},{"@type":"WebSite","@id":"https:\/\/jp2doc.pl\/fr\/#website","url":"https:\/\/jp2doc.pl\/fr\/","name":"Centre de Documentation et d\u2019Etude du Pontificat de Jean-Paul II \u00e0 Rome","description":"","publisher":{"@id":"https:\/\/jp2doc.pl\/fr\/#organization"},"potentialAction":[{"@type":"SearchAction","target":{"@type":"EntryPoint","urlTemplate":"https:\/\/jp2doc.pl\/fr\/?s={search_term_string}"},"query-input":{"@type":"PropertyValueSpecification","valueRequired":true,"valueName":"search_term_string"}}],"inLanguage":"fr-FR"},{"@type":"Organization","@id":"https:\/\/jp2doc.pl\/fr\/#organization","name":"Centre de Documentation et d\u2019Etude du Pontificat de Jean-Paul II \u00e0 Rome","url":"https:\/\/jp2doc.pl\/fr\/","logo":{"@type":"ImageObject","inLanguage":"fr-FR","@id":"https:\/\/jp2doc.pl\/fr\/#\/schema\/logo\/image\/","url":"https:\/\/jp2doc.pl\/fr\/wp-content\/uploads\/sites\/5\/2017\/03\/cropped-logo.png","contentUrl":"https:\/\/jp2doc.pl\/fr\/wp-content\/uploads\/sites\/5\/2017\/03\/cropped-logo.png","width":115,"height":115,"caption":"Centre de Documentation et d\u2019Etude du Pontificat de Jean-Paul II \u00e0 Rome"},"image":{"@id":"https:\/\/jp2doc.pl\/fr\/#\/schema\/logo\/image\/"}},{"@type":"Person","@id":"https:\/\/jp2doc.pl\/fr\/#\/schema\/person\/6110109e80abb51f6fac4824777eabfe","name":"juliasercanka","image":{"@type":"ImageObject","inLanguage":"fr-FR","@id":"https:\/\/jp2doc.pl\/fr\/#\/schema\/person\/image\/","url":"https:\/\/secure.gravatar.com\/avatar\/266a66e864556e22d55d61b6b10c97fab9060767b738564bcd109f3997e372bc?s=96&d=mm&r=g","contentUrl":"https:\/\/secure.gravatar.com\/avatar\/266a66e864556e22d55d61b6b10c97fab9060767b738564bcd109f3997e372bc?s=96&d=mm&r=g","caption":"juliasercanka"},"url":"https:\/\/jp2doc.pl\/fr\/author\/juliasercanka\/"}]}},"_links":{"self":[{"href":"https:\/\/jp2doc.pl\/fr\/wp-json\/wp\/v2\/posts\/1972","targetHints":{"allow":["GET"]}}],"collection":[{"href":"https:\/\/jp2doc.pl\/fr\/wp-json\/wp\/v2\/posts"}],"about":[{"href":"https:\/\/jp2doc.pl\/fr\/wp-json\/wp\/v2\/types\/post"}],"author":[{"embeddable":true,"href":"https:\/\/jp2doc.pl\/fr\/wp-json\/wp\/v2\/users\/5"}],"replies":[{"embeddable":true,"href":"https:\/\/jp2doc.pl\/fr\/wp-json\/wp\/v2\/comments?post=1972"}],"version-history":[{"count":1,"href":"https:\/\/jp2doc.pl\/fr\/wp-json\/wp\/v2\/posts\/1972\/revisions"}],"predecessor-version":[{"id":1974,"href":"https:\/\/jp2doc.pl\/fr\/wp-json\/wp\/v2\/posts\/1972\/revisions\/1974"}],"wp:featuredmedia":[{"embeddable":true,"href":"https:\/\/jp2doc.pl\/fr\/wp-json\/wp\/v2\/media\/1973"}],"wp:attachment":[{"href":"https:\/\/jp2doc.pl\/fr\/wp-json\/wp\/v2\/media?parent=1972"}],"wp:term":[{"taxonomy":"category","embeddable":true,"href":"https:\/\/jp2doc.pl\/fr\/wp-json\/wp\/v2\/categories?post=1972"},{"taxonomy":"post_tag","embeddable":true,"href":"https:\/\/jp2doc.pl\/fr\/wp-json\/wp\/v2\/tags?post=1972"}],"curies":[{"name":"wp","href":"https:\/\/api.w.org\/{rel}","templated":true}]}}