{"id":1976,"date":"2021-10-03T14:55:59","date_gmt":"2021-10-03T12:55:59","guid":{"rendered":"https:\/\/jp2doc.pl\/fr\/?p=1976"},"modified":"2021-10-03T14:56:00","modified_gmt":"2021-10-03T12:56:00","slug":"la-solitude-nest-pas-bonne-conseillere","status":"publish","type":"post","link":"https:\/\/jp2doc.pl\/fr\/2021\/10\/03\/la-solitude-nest-pas-bonne-conseillere\/","title":{"rendered":"La solitude n\u2019est pas bonne conseill\u00e8re"},"content":{"rendered":"\n<p>Gn 2, 18-24&nbsp;; Hb 2, 9-11&nbsp;; Mc 10, 2-16<\/p>\n\n\n\n<p>En ce vingt-septi\u00e8me dimanche du temps ordinaire, les lectures nous parlent de l\u2019entraide.<\/p>\n\n\n\n<p>L\u2019entraide est un secours mutuel, une forme de solidarit\u00e9 pour arriver facilement \u00e0 un r\u00e9sultat. C\u2019est le cas des abeilles qui se mettent ensemble pour produire le miel ou des singes qui se penchent les uns vers les autres pour s\u2019enlever les parasites.<\/p>\n\n\n\n<p>Les lectures nous montrent trois types d\u2019entraide&nbsp;:<\/p>\n\n\n\n<h5 class=\"wp-block-heading\"><strong>L\u2019homme, solidaire de Dieu dans la cr\u00e9ation<\/strong><\/h5>\n\n\n\n<p>Dans la premi\u00e8re lecture, nous avons entendu que le Seigneur Dieu fa\u00e7onna les b\u00eates des champs et tous les oiseaux du ciel, et les amena vers l\u2019homme pour voir quels noms il leur donnerait&nbsp;\u00bb. Dieu a besoin de la collaboration de l\u2019homme pour que le monde qui \u00e9tait comme indistinct, confus, re\u00e7oive une signification. Donner un nom a un sens tr\u00e8s profond. Ce qui n\u2019a pas de nom n\u2019existe pas en quelque sorte. Donner un nom, c\u2019est donc appeler \u00e0 l\u2019existence, c\u2019est pouvoir distinguer une chose d\u2019une autre. Ceci s\u2019accorde avec le passage de laGen\u00e8se o\u00f9 Dieu dit \u00e0 l\u2019homme&nbsp;: \u00ab&nbsp;Soumettez les poissons de la mer, les oiseaux du ciel et toute b\u00eate qui remue sur la terre&nbsp;!&nbsp;\u00bb (Gn 1, 28).<\/p>\n\n\n\n<p>Mais attention&nbsp;! Ce n\u2019est pas l\u2019homme qui fait des b\u00eates des champs et des oiseaux du ciel des \u00eatres vivants. C\u2019est Dieu, puisque la premi\u00e8re lecture dit&nbsp;: \u00ab&nbsp;C\u2019\u00e9taient des \u00eatres vivants et l\u2019homme donna un nom \u00e0 chacun&nbsp;\u00bb. Cela veut dire que si l\u2019homme donne une signification au monde, il n\u2019en est quand m\u00eame pas le cr\u00e9ateur. Son pouvoir sur le monde n\u2019est pas illimit\u00e9. L\u2019homme n\u2019a pas le droit de traiter la nature comme bon lui semble. Et pourtant, que ne faisons-nous pas de nos for\u00eats, de nos animaux, de notre sol et sous-sol, de nos rivi\u00e8res, dans notre monde, dans notre pays, jusque dans notre r\u00e9gion&nbsp;?<\/p>\n\n\n\n<p>Le pape Fran\u00e7ois dans \u00ab&nbsp;Laudato Si&nbsp;\u00bb, dans cet encyclique qui est enti\u00e8rement consacr\u00e9e aux probl\u00e8mes \u00e9cologiques, \u00e9crit&nbsp;: \u00ab&nbsp;Il y a une mani\u00e8re de comprendre la vie et l\u2019activit\u00e9 humaine qui a d\u00e9vi\u00e9 et qui contredit la r\u00e9alit\u00e9 jusqu\u2019\u00e0 lui nuire&nbsp;\u00bb (n\u00b0 101).<\/p>\n\n\n\n<p>Dieu a besoin de l\u2019homme pour \u00e9lever la cr\u00e9ation, la rendre belle et non pour la d\u00e9truire et se d\u00e9truire lui-m\u00eame.<\/p>\n\n\n\n<h5 class=\"wp-block-heading\"><strong>L\u2019homme, solidaire de son semblable dans la vie<\/strong>&nbsp;<\/h5>\n\n\n\n<p>Dans la premi\u00e8re lecture, Dieu dit&nbsp;: \u00ab&nbsp;Il n\u2019est pas bon que l\u2019homme soit seul&nbsp;\u00bb. La solitude n\u2019est pas toujours bonne conseill\u00e8re. On a besoin de se parler les uns les autres, de demander conseil, de se rendre des services. \u00ab&nbsp;<em>L\u2019union fait la force<\/em>&nbsp;\u00bb, disent lesBelges.&nbsp;<\/p>\n\n\n\n<p>Mais il ne suffit d\u2019\u00eatre ensemble pour \u00eatre uni ou solidaire.&nbsp; Il faut encore faire appel \u00e0 certaines valeurs pour que l\u2019entraide entre les hommes soit possible, bonne et vraie. Ces valeurs sont&nbsp;:<\/p>\n\n\n\n<h5 class=\"wp-block-heading\"><strong>L\u2019\u00e9galit\u00e9<\/strong>&nbsp;<\/h5>\n\n\n\n<p>Dieu dit dans la premi\u00e8re lecture&nbsp;: \u00ab&nbsp;Je vais faire [\u00e0 l\u2019homme] une aide pareille \u00e0 lui&nbsp;\u00bb. Il faut souligner l\u2019adjectif \u00ab&nbsp;pareille \u00e0 lui&nbsp;\u00bb. Tous les hommes quelles que soient leurs langues, leurs races, leurs tribus, leurs positions sociales, sont \u00e9gaux devant Dieu. Ils sont tous pareillement ses enfants. L\u2019homme et la femme sont \u00e9gaux devant Dieu, les parents et leurs enfants sont \u00e9gaux devant Dieu.&nbsp; Ce n\u2019est pas pour rien que Dieu a endormi l\u2019homme avant de cr\u00e9er la femme. C\u2019est pour que l\u2019homme ne puisse en tirer aucun motif d\u2019orgueil. Nous nous recevons tous de Dieu, de sa gr\u00e2ce.<\/p>\n\n\n\n<p><em>-Est-ce que je regarde les autres comme mes \u00e9gaux&nbsp;?<\/em><\/p>\n\n\n\n<h5 class=\"wp-block-heading\"><strong>La fid\u00e9lit\u00e9<\/strong>&nbsp;<\/h5>\n\n\n\n<p>Dieu dit encore dans la premi\u00e8re lecture&nbsp;: \u00ab&nbsp;[\u2026] l\u2019homme quittera son p\u00e8re et sa m\u00e8re, il s\u2019attachera \u00e0 sa femme, et tous deux ne feront plus qu\u2019un&nbsp;\u00bb. Et dans l\u2019\u00e9vangile J\u00e9sus dit&nbsp;aux pharisiens : \u00ab&nbsp;[\u2026] ce que Dieu a uni, que l\u2019homme ne le s\u00e9pare pas&nbsp;!&nbsp;\u00bb. Le contexte est celui du mariage. Mais l\u2019on doit apprendre \u00e0 \u00eatre fid\u00e8le dans la vie, particuli\u00e8rement s\u2019agissant de bonnes actions. La fid\u00e9lit\u00e9 inscrit les actions dans la dur\u00e9e, dans la patience et dans la pers\u00e9v\u00e9rance.<\/p>\n\n\n\n<p><em>-Est-ce que je sais \u00eatre patient&nbsp;?<\/em><\/p>\n\n\n\n<h5 class=\"wp-block-heading\"><strong>L\u2019humilit\u00e9&nbsp;<\/strong><\/h5>\n\n\n\n<p>Dans l\u2019\u00e9vangile, J\u00e9sus dit&nbsp;aux disciples : \u00ab&nbsp;Laissez les enfants venir \u00e0 moi. Ne les emp\u00eachez pas, car le Royaume de Dieu est \u00e0 ceux qui leur ressemblent&nbsp;\u00bb. Les enfants savent accueillir, les enfants savent aller vers les autres, les enfants acceptent d\u2019\u00eatre conseill\u00e9s, les enfants acceptent de grandir. Bref, les enfants incarnent l\u2019humilit\u00e9. L\u00e0 o\u00f9 l\u2019orgueil abaisse les autres et divise, l\u2019humilit\u00e9 \u00e9l\u00e8ve les autres et rassemble. J\u00e9sus lui-m\u00eame a \u00e9t\u00e9 humble. Dans <strong>la <\/strong>deuxi\u00e8me lecture on dit en effet&nbsp;: \u00ab&nbsp;J\u00e9sus avait \u00e9t\u00e9 abaiss\u00e9 un peu au-dessous des anges, et maintenant \u00e0 cause de sa passion et de sa mort, nous le voyons couronn\u00e9 d\u2019honneur et de gloire&nbsp;\u00bb.<\/p>\n\n\n\n<p><em>-Est-ce que je sais \u00eatre humble&nbsp;?<\/em><\/p>\n\n\n\n<h5 class=\"wp-block-heading\"><strong>J\u00e9sus, solidaire de l\u2019homme dans le chemin du salut<\/strong>&nbsp;<\/h5>\n\n\n\n<p>En J\u00e9sus, Dieu s\u2019est fait compagnon de l\u2019homme. Aussi, dans la deuxi\u00e8me lecture est-il dit&nbsp;: \u00ab&nbsp;J\u00e9sus qui sanctifie et les hommes qui sont sanctifi\u00e9s, sont de la m\u00eame race&nbsp;; et, pour cette raison, il n\u2019a pas honte de les appeler ses fr\u00e8res&nbsp;\u00bb. Sanctifi\u00e9s par J\u00e9sus, nous sommes devenus ses fr\u00e8res. Avec J\u00e9sus qui est l\u2019origine du salut de tous les hommes, nous ne manquerons jamais de rien, parce qu\u2019il est notre fr\u00e8re.<\/p>\n\n\n\n<p>Demandons \u00e0 Dieu la gr\u00e2ce d\u2019\u00eatre ouvert \u00e0 Lui, \u00e0 la cr\u00e9ation et les uns aux autres.<\/p>\n\n\n\n<p><strong>Abb\u00e9 Jean Claude Ciza<\/strong><\/p>\n\n\n\n<p><em>Fot. Sharon McCutcheon\/Unsplash.com<\/em><\/p>\n","protected":false},"excerpt":{"rendered":"<p>XXVII Dimanche du Temps Ordinaire<\/p>\n","protected":false},"author":5,"featured_media":1977,"comment_status":"open","ping_status":"open","sticky":false,"template":"","format":"standard","meta":{"_acf_changed":false,"_exactmetrics_skip_tracking":false,"_exactmetrics_sitenote_active":false,"_exactmetrics_sitenote_note":"","_exactmetrics_sitenote_category":0,"footnotes":""},"categories":[4,13,14],"tags":[],"class_list":["post-1976","post","type-post","status-publish","format-standard","has-post-thumbnail","hentry","category-blog","category-strona-glowna-najnowsze","category-strona-glowna-slider"],"acf":[],"yoast_head":"<!-- This site is optimized with the Yoast SEO plugin v26.2 - https:\/\/yoast.com\/wordpress\/plugins\/seo\/ -->\n<title>La solitude n\u2019est pas bonne conseill\u00e8re - Centre de Documentation et d\u2019Etude du Pontificat de Jean-Paul II \u00e0 Rome<\/title>\n<meta name=\"robots\" content=\"index, follow, max-snippet:-1, max-image-preview:large, max-video-preview:-1\" \/>\n<link rel=\"canonical\" href=\"https:\/\/jp2doc.pl\/fr\/2021\/10\/03\/la-solitude-nest-pas-bonne-conseillere\/\" \/>\n<meta property=\"og:locale\" content=\"fr_FR\" \/>\n<meta property=\"og:type\" content=\"article\" \/>\n<meta property=\"og:title\" content=\"La solitude n\u2019est pas bonne conseill\u00e8re - Centre de Documentation et d\u2019Etude du Pontificat de Jean-Paul II \u00e0 Rome\" \/>\n<meta property=\"og:description\" content=\"XXVII Dimanche du Temps Ordinaire\" \/>\n<meta property=\"og:url\" content=\"https:\/\/jp2doc.pl\/fr\/2021\/10\/03\/la-solitude-nest-pas-bonne-conseillere\/\" \/>\n<meta property=\"og:site_name\" content=\"Centre de Documentation et d\u2019Etude du Pontificat de Jean-Paul II \u00e0 Rome\" \/>\n<meta property=\"article:published_time\" content=\"2021-10-03T12:55:59+00:00\" \/>\n<meta property=\"article:modified_time\" content=\"2021-10-03T12:56:00+00:00\" \/>\n<meta property=\"og:image\" content=\"https:\/\/jp2doc.pl\/fr\/wp-content\/uploads\/sites\/5\/2021\/10\/sharon-mccutcheon-P3IJy9JMsiU-unsplash.jpg\" \/>\n\t<meta property=\"og:image:width\" content=\"1920\" \/>\n\t<meta property=\"og:image:height\" content=\"1280\" \/>\n\t<meta property=\"og:image:type\" content=\"image\/jpeg\" \/>\n<meta name=\"author\" content=\"juliasercanka\" \/>\n<meta name=\"twitter:card\" content=\"summary_large_image\" \/>\n<meta name=\"twitter:label1\" content=\"\u00c9crit par\" \/>\n\t<meta name=\"twitter:data1\" content=\"juliasercanka\" \/>\n\t<meta name=\"twitter:label2\" content=\"Dur\u00e9e de lecture estim\u00e9e\" \/>\n\t<meta name=\"twitter:data2\" content=\"4 minutes\" \/>\n<script type=\"application\/ld+json\" class=\"yoast-schema-graph\">{\"@context\":\"https:\/\/schema.org\",\"@graph\":[{\"@type\":\"Article\",\"@id\":\"https:\/\/jp2doc.pl\/fr\/2021\/10\/03\/la-solitude-nest-pas-bonne-conseillere\/#article\",\"isPartOf\":{\"@id\":\"https:\/\/jp2doc.pl\/fr\/2021\/10\/03\/la-solitude-nest-pas-bonne-conseillere\/\"},\"author\":{\"name\":\"juliasercanka\",\"@id\":\"https:\/\/jp2doc.pl\/fr\/#\/schema\/person\/6110109e80abb51f6fac4824777eabfe\"},\"headline\":\"La solitude n\u2019est pas bonne conseill\u00e8re\",\"datePublished\":\"2021-10-03T12:55:59+00:00\",\"dateModified\":\"2021-10-03T12:56:00+00:00\",\"mainEntityOfPage\":{\"@id\":\"https:\/\/jp2doc.pl\/fr\/2021\/10\/03\/la-solitude-nest-pas-bonne-conseillere\/\"},\"wordCount\":1052,\"commentCount\":0,\"publisher\":{\"@id\":\"https:\/\/jp2doc.pl\/fr\/#organization\"},\"image\":{\"@id\":\"https:\/\/jp2doc.pl\/fr\/2021\/10\/03\/la-solitude-nest-pas-bonne-conseillere\/#primaryimage\"},\"thumbnailUrl\":\"https:\/\/jp2doc.pl\/fr\/wp-content\/uploads\/sites\/5\/2021\/10\/sharon-mccutcheon-P3IJy9JMsiU-unsplash.jpg\",\"articleSection\":[\"Blog\",\"Strona g\u0142\u00f3wna - najnowsze\",\"Strona g\u0142\u00f3wna - slider\"],\"inLanguage\":\"fr-FR\",\"potentialAction\":[{\"@type\":\"CommentAction\",\"name\":\"Comment\",\"target\":[\"https:\/\/jp2doc.pl\/fr\/2021\/10\/03\/la-solitude-nest-pas-bonne-conseillere\/#respond\"]}]},{\"@type\":\"WebPage\",\"@id\":\"https:\/\/jp2doc.pl\/fr\/2021\/10\/03\/la-solitude-nest-pas-bonne-conseillere\/\",\"url\":\"https:\/\/jp2doc.pl\/fr\/2021\/10\/03\/la-solitude-nest-pas-bonne-conseillere\/\",\"name\":\"La solitude n\u2019est pas bonne conseill\u00e8re - Centre de Documentation et d\u2019Etude du Pontificat de Jean-Paul II \u00e0 Rome\",\"isPartOf\":{\"@id\":\"https:\/\/jp2doc.pl\/fr\/#website\"},\"primaryImageOfPage\":{\"@id\":\"https:\/\/jp2doc.pl\/fr\/2021\/10\/03\/la-solitude-nest-pas-bonne-conseillere\/#primaryimage\"},\"image\":{\"@id\":\"https:\/\/jp2doc.pl\/fr\/2021\/10\/03\/la-solitude-nest-pas-bonne-conseillere\/#primaryimage\"},\"thumbnailUrl\":\"https:\/\/jp2doc.pl\/fr\/wp-content\/uploads\/sites\/5\/2021\/10\/sharon-mccutcheon-P3IJy9JMsiU-unsplash.jpg\",\"datePublished\":\"2021-10-03T12:55:59+00:00\",\"dateModified\":\"2021-10-03T12:56:00+00:00\",\"breadcrumb\":{\"@id\":\"https:\/\/jp2doc.pl\/fr\/2021\/10\/03\/la-solitude-nest-pas-bonne-conseillere\/#breadcrumb\"},\"inLanguage\":\"fr-FR\",\"potentialAction\":[{\"@type\":\"ReadAction\",\"target\":[\"https:\/\/jp2doc.pl\/fr\/2021\/10\/03\/la-solitude-nest-pas-bonne-conseillere\/\"]}]},{\"@type\":\"ImageObject\",\"inLanguage\":\"fr-FR\",\"@id\":\"https:\/\/jp2doc.pl\/fr\/2021\/10\/03\/la-solitude-nest-pas-bonne-conseillere\/#primaryimage\",\"url\":\"https:\/\/jp2doc.pl\/fr\/wp-content\/uploads\/sites\/5\/2021\/10\/sharon-mccutcheon-P3IJy9JMsiU-unsplash.jpg\",\"contentUrl\":\"https:\/\/jp2doc.pl\/fr\/wp-content\/uploads\/sites\/5\/2021\/10\/sharon-mccutcheon-P3IJy9JMsiU-unsplash.jpg\",\"width\":1920,\"height\":1280},{\"@type\":\"BreadcrumbList\",\"@id\":\"https:\/\/jp2doc.pl\/fr\/2021\/10\/03\/la-solitude-nest-pas-bonne-conseillere\/#breadcrumb\",\"itemListElement\":[{\"@type\":\"ListItem\",\"position\":1,\"name\":\"Home\",\"item\":\"https:\/\/jp2doc.pl\/fr\/\"},{\"@type\":\"ListItem\",\"position\":2,\"name\":\"La solitude n\u2019est pas bonne conseill\u00e8re\"}]},{\"@type\":\"WebSite\",\"@id\":\"https:\/\/jp2doc.pl\/fr\/#website\",\"url\":\"https:\/\/jp2doc.pl\/fr\/\",\"name\":\"Centre de Documentation et d\u2019Etude du Pontificat de Jean-Paul II \u00e0 Rome\",\"description\":\"\",\"publisher\":{\"@id\":\"https:\/\/jp2doc.pl\/fr\/#organization\"},\"potentialAction\":[{\"@type\":\"SearchAction\",\"target\":{\"@type\":\"EntryPoint\",\"urlTemplate\":\"https:\/\/jp2doc.pl\/fr\/?s={search_term_string}\"},\"query-input\":{\"@type\":\"PropertyValueSpecification\",\"valueRequired\":true,\"valueName\":\"search_term_string\"}}],\"inLanguage\":\"fr-FR\"},{\"@type\":\"Organization\",\"@id\":\"https:\/\/jp2doc.pl\/fr\/#organization\",\"name\":\"Centre de Documentation et d\u2019Etude du Pontificat de Jean-Paul II \u00e0 Rome\",\"url\":\"https:\/\/jp2doc.pl\/fr\/\",\"logo\":{\"@type\":\"ImageObject\",\"inLanguage\":\"fr-FR\",\"@id\":\"https:\/\/jp2doc.pl\/fr\/#\/schema\/logo\/image\/\",\"url\":\"https:\/\/jp2doc.pl\/fr\/wp-content\/uploads\/sites\/5\/2017\/03\/cropped-logo.png\",\"contentUrl\":\"https:\/\/jp2doc.pl\/fr\/wp-content\/uploads\/sites\/5\/2017\/03\/cropped-logo.png\",\"width\":115,\"height\":115,\"caption\":\"Centre de Documentation et d\u2019Etude du Pontificat de Jean-Paul II \u00e0 Rome\"},\"image\":{\"@id\":\"https:\/\/jp2doc.pl\/fr\/#\/schema\/logo\/image\/\"}},{\"@type\":\"Person\",\"@id\":\"https:\/\/jp2doc.pl\/fr\/#\/schema\/person\/6110109e80abb51f6fac4824777eabfe\",\"name\":\"juliasercanka\",\"image\":{\"@type\":\"ImageObject\",\"inLanguage\":\"fr-FR\",\"@id\":\"https:\/\/jp2doc.pl\/fr\/#\/schema\/person\/image\/\",\"url\":\"https:\/\/secure.gravatar.com\/avatar\/266a66e864556e22d55d61b6b10c97fab9060767b738564bcd109f3997e372bc?s=96&d=mm&r=g\",\"contentUrl\":\"https:\/\/secure.gravatar.com\/avatar\/266a66e864556e22d55d61b6b10c97fab9060767b738564bcd109f3997e372bc?s=96&d=mm&r=g\",\"caption\":\"juliasercanka\"},\"url\":\"https:\/\/jp2doc.pl\/fr\/author\/juliasercanka\/\"}]}<\/script>\n<!-- \/ Yoast SEO plugin. -->","yoast_head_json":{"title":"La solitude n\u2019est pas bonne conseill\u00e8re - Centre de Documentation et d\u2019Etude du Pontificat de Jean-Paul II \u00e0 Rome","robots":{"index":"index","follow":"follow","max-snippet":"max-snippet:-1","max-image-preview":"max-image-preview:large","max-video-preview":"max-video-preview:-1"},"canonical":"https:\/\/jp2doc.pl\/fr\/2021\/10\/03\/la-solitude-nest-pas-bonne-conseillere\/","og_locale":"fr_FR","og_type":"article","og_title":"La solitude n\u2019est pas bonne conseill\u00e8re - Centre de Documentation et d\u2019Etude du Pontificat de Jean-Paul II \u00e0 Rome","og_description":"XXVII Dimanche du Temps Ordinaire","og_url":"https:\/\/jp2doc.pl\/fr\/2021\/10\/03\/la-solitude-nest-pas-bonne-conseillere\/","og_site_name":"Centre de Documentation et d\u2019Etude du Pontificat de Jean-Paul II \u00e0 Rome","article_published_time":"2021-10-03T12:55:59+00:00","article_modified_time":"2021-10-03T12:56:00+00:00","og_image":[{"width":1920,"height":1280,"url":"https:\/\/jp2doc.pl\/fr\/wp-content\/uploads\/sites\/5\/2021\/10\/sharon-mccutcheon-P3IJy9JMsiU-unsplash.jpg","type":"image\/jpeg"}],"author":"juliasercanka","twitter_card":"summary_large_image","twitter_misc":{"\u00c9crit par":"juliasercanka","Dur\u00e9e de lecture estim\u00e9e":"4 minutes"},"schema":{"@context":"https:\/\/schema.org","@graph":[{"@type":"Article","@id":"https:\/\/jp2doc.pl\/fr\/2021\/10\/03\/la-solitude-nest-pas-bonne-conseillere\/#article","isPartOf":{"@id":"https:\/\/jp2doc.pl\/fr\/2021\/10\/03\/la-solitude-nest-pas-bonne-conseillere\/"},"author":{"name":"juliasercanka","@id":"https:\/\/jp2doc.pl\/fr\/#\/schema\/person\/6110109e80abb51f6fac4824777eabfe"},"headline":"La solitude n\u2019est pas bonne conseill\u00e8re","datePublished":"2021-10-03T12:55:59+00:00","dateModified":"2021-10-03T12:56:00+00:00","mainEntityOfPage":{"@id":"https:\/\/jp2doc.pl\/fr\/2021\/10\/03\/la-solitude-nest-pas-bonne-conseillere\/"},"wordCount":1052,"commentCount":0,"publisher":{"@id":"https:\/\/jp2doc.pl\/fr\/#organization"},"image":{"@id":"https:\/\/jp2doc.pl\/fr\/2021\/10\/03\/la-solitude-nest-pas-bonne-conseillere\/#primaryimage"},"thumbnailUrl":"https:\/\/jp2doc.pl\/fr\/wp-content\/uploads\/sites\/5\/2021\/10\/sharon-mccutcheon-P3IJy9JMsiU-unsplash.jpg","articleSection":["Blog","Strona g\u0142\u00f3wna - najnowsze","Strona g\u0142\u00f3wna - slider"],"inLanguage":"fr-FR","potentialAction":[{"@type":"CommentAction","name":"Comment","target":["https:\/\/jp2doc.pl\/fr\/2021\/10\/03\/la-solitude-nest-pas-bonne-conseillere\/#respond"]}]},{"@type":"WebPage","@id":"https:\/\/jp2doc.pl\/fr\/2021\/10\/03\/la-solitude-nest-pas-bonne-conseillere\/","url":"https:\/\/jp2doc.pl\/fr\/2021\/10\/03\/la-solitude-nest-pas-bonne-conseillere\/","name":"La solitude n\u2019est pas bonne conseill\u00e8re - Centre de Documentation et d\u2019Etude du Pontificat de Jean-Paul II \u00e0 Rome","isPartOf":{"@id":"https:\/\/jp2doc.pl\/fr\/#website"},"primaryImageOfPage":{"@id":"https:\/\/jp2doc.pl\/fr\/2021\/10\/03\/la-solitude-nest-pas-bonne-conseillere\/#primaryimage"},"image":{"@id":"https:\/\/jp2doc.pl\/fr\/2021\/10\/03\/la-solitude-nest-pas-bonne-conseillere\/#primaryimage"},"thumbnailUrl":"https:\/\/jp2doc.pl\/fr\/wp-content\/uploads\/sites\/5\/2021\/10\/sharon-mccutcheon-P3IJy9JMsiU-unsplash.jpg","datePublished":"2021-10-03T12:55:59+00:00","dateModified":"2021-10-03T12:56:00+00:00","breadcrumb":{"@id":"https:\/\/jp2doc.pl\/fr\/2021\/10\/03\/la-solitude-nest-pas-bonne-conseillere\/#breadcrumb"},"inLanguage":"fr-FR","potentialAction":[{"@type":"ReadAction","target":["https:\/\/jp2doc.pl\/fr\/2021\/10\/03\/la-solitude-nest-pas-bonne-conseillere\/"]}]},{"@type":"ImageObject","inLanguage":"fr-FR","@id":"https:\/\/jp2doc.pl\/fr\/2021\/10\/03\/la-solitude-nest-pas-bonne-conseillere\/#primaryimage","url":"https:\/\/jp2doc.pl\/fr\/wp-content\/uploads\/sites\/5\/2021\/10\/sharon-mccutcheon-P3IJy9JMsiU-unsplash.jpg","contentUrl":"https:\/\/jp2doc.pl\/fr\/wp-content\/uploads\/sites\/5\/2021\/10\/sharon-mccutcheon-P3IJy9JMsiU-unsplash.jpg","width":1920,"height":1280},{"@type":"BreadcrumbList","@id":"https:\/\/jp2doc.pl\/fr\/2021\/10\/03\/la-solitude-nest-pas-bonne-conseillere\/#breadcrumb","itemListElement":[{"@type":"ListItem","position":1,"name":"Home","item":"https:\/\/jp2doc.pl\/fr\/"},{"@type":"ListItem","position":2,"name":"La solitude n\u2019est pas bonne conseill\u00e8re"}]},{"@type":"WebSite","@id":"https:\/\/jp2doc.pl\/fr\/#website","url":"https:\/\/jp2doc.pl\/fr\/","name":"Centre de Documentation et d\u2019Etude du Pontificat de Jean-Paul II \u00e0 Rome","description":"","publisher":{"@id":"https:\/\/jp2doc.pl\/fr\/#organization"},"potentialAction":[{"@type":"SearchAction","target":{"@type":"EntryPoint","urlTemplate":"https:\/\/jp2doc.pl\/fr\/?s={search_term_string}"},"query-input":{"@type":"PropertyValueSpecification","valueRequired":true,"valueName":"search_term_string"}}],"inLanguage":"fr-FR"},{"@type":"Organization","@id":"https:\/\/jp2doc.pl\/fr\/#organization","name":"Centre de Documentation et d\u2019Etude du Pontificat de Jean-Paul II \u00e0 Rome","url":"https:\/\/jp2doc.pl\/fr\/","logo":{"@type":"ImageObject","inLanguage":"fr-FR","@id":"https:\/\/jp2doc.pl\/fr\/#\/schema\/logo\/image\/","url":"https:\/\/jp2doc.pl\/fr\/wp-content\/uploads\/sites\/5\/2017\/03\/cropped-logo.png","contentUrl":"https:\/\/jp2doc.pl\/fr\/wp-content\/uploads\/sites\/5\/2017\/03\/cropped-logo.png","width":115,"height":115,"caption":"Centre de Documentation et d\u2019Etude du Pontificat de Jean-Paul II \u00e0 Rome"},"image":{"@id":"https:\/\/jp2doc.pl\/fr\/#\/schema\/logo\/image\/"}},{"@type":"Person","@id":"https:\/\/jp2doc.pl\/fr\/#\/schema\/person\/6110109e80abb51f6fac4824777eabfe","name":"juliasercanka","image":{"@type":"ImageObject","inLanguage":"fr-FR","@id":"https:\/\/jp2doc.pl\/fr\/#\/schema\/person\/image\/","url":"https:\/\/secure.gravatar.com\/avatar\/266a66e864556e22d55d61b6b10c97fab9060767b738564bcd109f3997e372bc?s=96&d=mm&r=g","contentUrl":"https:\/\/secure.gravatar.com\/avatar\/266a66e864556e22d55d61b6b10c97fab9060767b738564bcd109f3997e372bc?s=96&d=mm&r=g","caption":"juliasercanka"},"url":"https:\/\/jp2doc.pl\/fr\/author\/juliasercanka\/"}]}},"_links":{"self":[{"href":"https:\/\/jp2doc.pl\/fr\/wp-json\/wp\/v2\/posts\/1976","targetHints":{"allow":["GET"]}}],"collection":[{"href":"https:\/\/jp2doc.pl\/fr\/wp-json\/wp\/v2\/posts"}],"about":[{"href":"https:\/\/jp2doc.pl\/fr\/wp-json\/wp\/v2\/types\/post"}],"author":[{"embeddable":true,"href":"https:\/\/jp2doc.pl\/fr\/wp-json\/wp\/v2\/users\/5"}],"replies":[{"embeddable":true,"href":"https:\/\/jp2doc.pl\/fr\/wp-json\/wp\/v2\/comments?post=1976"}],"version-history":[{"count":1,"href":"https:\/\/jp2doc.pl\/fr\/wp-json\/wp\/v2\/posts\/1976\/revisions"}],"predecessor-version":[{"id":1978,"href":"https:\/\/jp2doc.pl\/fr\/wp-json\/wp\/v2\/posts\/1976\/revisions\/1978"}],"wp:featuredmedia":[{"embeddable":true,"href":"https:\/\/jp2doc.pl\/fr\/wp-json\/wp\/v2\/media\/1977"}],"wp:attachment":[{"href":"https:\/\/jp2doc.pl\/fr\/wp-json\/wp\/v2\/media?parent=1976"}],"wp:term":[{"taxonomy":"category","embeddable":true,"href":"https:\/\/jp2doc.pl\/fr\/wp-json\/wp\/v2\/categories?post=1976"},{"taxonomy":"post_tag","embeddable":true,"href":"https:\/\/jp2doc.pl\/fr\/wp-json\/wp\/v2\/tags?post=1976"}],"curies":[{"name":"wp","href":"https:\/\/api.w.org\/{rel}","templated":true}]}}