{"id":1991,"date":"2021-11-10T12:42:36","date_gmt":"2021-11-10T11:42:36","guid":{"rendered":"https:\/\/jp2doc.pl\/fr\/?p=1991"},"modified":"2021-11-10T12:42:37","modified_gmt":"2021-11-10T11:42:37","slug":"la-generosite","status":"publish","type":"post","link":"https:\/\/jp2doc.pl\/fr\/2021\/11\/10\/la-generosite\/","title":{"rendered":"La g\u00e9n\u00e9rosit\u00e9"},"content":{"rendered":"\n<p>En ce trente-deuxi\u00e8me dimanche du temps ordinaire, les lectures nous introduisent au <strong>th\u00e8me de la g\u00e9n\u00e9rosit\u00e9<\/strong>.<\/p>\n\n\n\n<p>Mais qu\u2019est-ce que la g\u00e9n\u00e9rosit\u00e9&nbsp;? On peut d\u00e9finir la g\u00e9n\u00e9rosit\u00e9 comme un \u00e9lan du c\u0153ur qui nous fait sortir de nous-m\u00eames pour nous tourner vers les autres. Un \u00e9lan qui rend attentif aux autres, aux besoins des autres, aux besoins du monde. C\u2019est un \u00e9lan qui nous pousse \u00e0 partager avec les autres ce qu\u2019on a, voire ce qu\u2019on est. <strong>&nbsp;<\/strong><\/p>\n\n\n\n<p>Personne ne se suffit \u00e0 lui-m\u00eame, nous sommes appel\u00e9s \u00e0 nous entraider les uns les autres.<\/p>\n\n\n\n<p>Et les lectures nous donnent quelques caract\u00e9ristiques de la g\u00e9n\u00e9rosit\u00e9&nbsp;:<\/p>\n\n\n\n<p>1\u00b0 <strong>Elle est accueillante<\/strong>&nbsp;: <strong>la premi\u00e8re lecture<\/strong> parle d\u2019Elie qui part pour Sarepta et qui arrive \u00e0 l\u2019entr\u00e9e de la ville. Il rencontre une femme, une femme veuve \u00e0 qui il demande de l\u2019eau et du pain en une p\u00e9riode de disette, de famine. La femme ne l\u2019a pas rejet\u00e9, elle n\u2019a pas rejet\u00e9 l\u2019\u00e9tranger. Elle a caus\u00e9 avec lui comme on cause avec un vieil ami.<\/p>\n\n\n\n<p>Sarepta, c\u2019est notre c\u0153ur. L\u2019entr\u00e9e de la ville, c\u2019est l\u2019entr\u00e9e de notre c\u0153ur. La femme veuve symbolise ici une personne oubli\u00e9e, mais sait travailler, qui sait \u00e9couter, qui sait prendre soin d\u2019elle-m\u00eame et des autres. Elie, c\u2019est l\u2019\u00e9tranger, l\u2019autre qui est dans le besoin, qui vient nous d\u00e9ranger.<\/p>\n\n\n\n<p><em>Est-ce que nous voyons les gens qui arrivent affam\u00e9s, tristes, d\u00e9munis \u00e0 l\u2019entr\u00e9e de notre c\u0153ur&nbsp;? Est-ce que nous avons un c\u0153ur de femme pour savoir \u00e9couter ceux et celles qui me parlent&nbsp;?<\/em><\/p>\n\n\n\n<p>2\u00b0 <strong>La g\u00e9n\u00e9rosit\u00e9 est humble<\/strong>&nbsp;: dans l\u2019\u00e9vangile, J\u00e9sus oppose des veuves aux scribes et une femme pauvre et veuve aux gens riches. Les scribes sont d\u00e9crits comme des personnes qui aiment se faire voir, qui aiment impressionner et qui n\u2019h\u00e9sitent pas \u00e0 s\u2019approprier des biens d\u2019autrui en toute impunit\u00e9 et sans remords. Les veuves sont pr\u00e9sent\u00e9es comme des gens fragiles qui se font m\u00eame d\u00e9vorer leurs biens&nbsp;! Quant aux riches, J\u00e9sus les montre comme donnant de leur superflu, sans aucune int\u00e9riorit\u00e9. Mais la femme veuve donne de son indigence, avec simplicit\u00e9 et avec respect&nbsp;: les riches en effet \u00ab&nbsp;mettaient&nbsp;\u00bb, mais la veuve \u00ab&nbsp;s\u2019avance et d\u00e9pose&nbsp;\u00bb.<\/p>\n\n\n\n<p>Le Christ nous demande de nous m\u00e9fier des scribes, c\u2019est-\u00e0-dire de la mani\u00e8re dont ils agissent.<\/p>\n\n\n\n<p><em>Est-ce que nous savons \u00eatre humbles&nbsp;? Est-ce que nous savons avoir du respect pour les gens&nbsp;?<\/em><\/p>\n\n\n\n<p>3\u00b0 <strong>La g\u00e9n\u00e9rosit\u00e9 est confiante<\/strong>&nbsp;: dans la premi\u00e8re lecture, la femme veuve a pr\u00e9sent\u00e9 \u00e0 Elie sa situation comme celle d\u2019une personne dont les jours sont compt\u00e9s&nbsp;: \u00ab&nbsp;Je ramasse, dit-elle, deux morceaux de bois, je rentre pr\u00e9parer pour moi et pour mon fils ce qui nous reste. Nous mangerons et puis nous mourrons&nbsp;\u00bb.<\/p>\n\n\n\n<p>Ce r\u00e9cit rappelle <strong>un proverbe ha\u00eftien<\/strong> qui dit&nbsp;: \u00ab&nbsp;Au-del\u00e0 de la montagne, il y a une autre montagne&nbsp;\u00bb. C\u2019est le d\u00e9sespoir total.<\/p>\n\n\n\n<p>Certes la souffrance existe, et nous la connaissons aussi dans notre pays, et particuli\u00e8rement dans notre r\u00e9gion.<\/p>\n\n\n\n<p>Mais Elie dit aujourd\u2019hui \u00e0 chacun de nous comme \u00e0 la veuve&nbsp;: \u00ab&nbsp;N\u2019aie pas peur, va, fais ce que tu as dit. Mais d\u2019abord cuis-moi un petit pain et apporte-le-moi, ensuite tu feras du pain pour toi et pour ton fils&nbsp;\u00bb.<\/p>\n\n\n\n<p><em>Est-ce que nous avons assez de courage pour penser d\u2019abord aux autres&nbsp;? Pour mettre les autres \u00e0 la premi\u00e8re place&nbsp;? Est-ce que nous avons conscience que c\u2019est l\u2019\u00e9go\u00efsme qui d\u00e9truit notre c\u0153ur et qui appauvrit notre pays pourtant si riche&nbsp;?<\/em><\/p>\n\n\n\n<p>Mais d\u2019o\u00f9 vient la g\u00e9n\u00e9rosit\u00e9&nbsp;? Pour nous croyants, la g\u00e9n\u00e9rosit\u00e9 a sa source en Dieu.<\/p>\n\n\n\n<p>Dans <strong>la premi\u00e8re lecture<\/strong>, il est dit que Dieu \u00ab&nbsp;donnera la pluie pour arroser la terre&nbsp;\u00bb. Et dans <strong>la deuxi\u00e8me lecture<\/strong>, il est dit que le Christ se tient \u00ab&nbsp;maintenant pour nous devant la face de Dieu&nbsp;\u00bb.<\/p>\n\n\n\n<p>*<strong>Dieu est g\u00e9n\u00e9reux envers nous<\/strong>&nbsp;: il nous nous nourrit. Il nous donne ainsi un exemple pour aller vers les autres, pour \u00eatre utiles aux autres.<\/p>\n\n\n\n<p>*<strong>Le Christ est g\u00e9n\u00e9reux envers nous<\/strong>&nbsp;: il interc\u00e8de pour nous. Il nous donne ainsi un exemple pour savoir nous \u00e9couter les uns les autres, pour prier les uns pour les autres.<\/p>\n\n\n\n<p>Quelle r\u00e9compense y a-t-il \u00e0 \u00eatre g\u00e9n\u00e9reux&nbsp;?<\/p>\n\n\n\n<p>Si nous sommes g\u00e9n\u00e9reux, nous ne manquerons de rien <strong>ici-bas<\/strong>&nbsp;: \u00ab&nbsp;Et la jarre de farine ne s\u2019\u00e9puisa pas, et le vase d\u2019huile ne se vida pas, ainsi que le Seigneur l\u2019avait annonc\u00e9 par la bouche d\u2019Elie&nbsp;\u00bb, dit <strong>le livre des Rois<\/strong>. Et nous aurons la vie \u00e9ternelle <strong>dans l\u2019au-del\u00e0<\/strong>&nbsp;: \u00ab&nbsp;Le Christ appara\u00eetra une seconde fois pour le salut de ceux l\u2019attendent&nbsp;\u00bb, dit <strong>l\u2019\u00e9vangile<\/strong>.<\/p>\n\n\n\n<p>Que le Seigneur que nous allons recevoir dans l\u2019Eucharistie nous donne la gr\u00e2ce d\u2019\u00eatre g\u00e9n\u00e9reux les uns envers les autres, et surtout de penser aux plus n\u00e9cessiteux.<\/p>\n\n\n\n<p><strong>Abb\u00e9 Jean Claude Ciza<\/strong><\/p>\n\n\n\n<p><em>Fot. Mohammad Mahdi Samei\/Unsplash.com<\/em><\/p>\n","protected":false},"excerpt":{"rendered":"<p>XXXII Dimanche du Temps Ordinaire<\/p>\n","protected":false},"author":5,"featured_media":1571,"comment_status":"open","ping_status":"open","sticky":false,"template":"","format":"standard","meta":{"_acf_changed":false,"_exactmetrics_skip_tracking":false,"_exactmetrics_sitenote_active":false,"_exactmetrics_sitenote_note":"","_exactmetrics_sitenote_category":0,"footnotes":""},"categories":[4,13,14],"tags":[],"class_list":["post-1991","post","type-post","status-publish","format-standard","has-post-thumbnail","hentry","category-blog","category-strona-glowna-najnowsze","category-strona-glowna-slider"],"acf":[],"yoast_head":"<!-- This site is optimized with the Yoast SEO plugin v26.2 - https:\/\/yoast.com\/wordpress\/plugins\/seo\/ -->\n<title>La g\u00e9n\u00e9rosit\u00e9 - Centre de Documentation et d\u2019Etude du Pontificat de Jean-Paul II \u00e0 Rome<\/title>\n<meta name=\"robots\" content=\"index, follow, max-snippet:-1, max-image-preview:large, max-video-preview:-1\" \/>\n<link rel=\"canonical\" href=\"https:\/\/jp2doc.pl\/fr\/2021\/11\/10\/la-generosite\/\" \/>\n<meta property=\"og:locale\" content=\"fr_FR\" \/>\n<meta property=\"og:type\" content=\"article\" \/>\n<meta property=\"og:title\" content=\"La g\u00e9n\u00e9rosit\u00e9 - Centre de Documentation et d\u2019Etude du Pontificat de Jean-Paul II \u00e0 Rome\" \/>\n<meta property=\"og:description\" content=\"XXXII Dimanche du Temps Ordinaire\" \/>\n<meta property=\"og:url\" content=\"https:\/\/jp2doc.pl\/fr\/2021\/11\/10\/la-generosite\/\" \/>\n<meta property=\"og:site_name\" content=\"Centre de Documentation et d\u2019Etude du Pontificat de Jean-Paul II \u00e0 Rome\" \/>\n<meta property=\"article:published_time\" content=\"2021-11-10T11:42:36+00:00\" \/>\n<meta property=\"article:modified_time\" content=\"2021-11-10T11:42:37+00:00\" \/>\n<meta property=\"og:image\" content=\"https:\/\/jp2doc.pl\/fr\/wp-content\/uploads\/sites\/5\/2019\/12\/mohammad-mahdi-samei-YoLjryGBXTU-unsplash.jpg\" \/>\n\t<meta property=\"og:image:width\" content=\"1441\" \/>\n\t<meta property=\"og:image:height\" content=\"974\" \/>\n\t<meta property=\"og:image:type\" content=\"image\/jpeg\" \/>\n<meta name=\"author\" content=\"juliasercanka\" \/>\n<meta name=\"twitter:card\" content=\"summary_large_image\" \/>\n<meta name=\"twitter:label1\" content=\"\u00c9crit par\" \/>\n\t<meta name=\"twitter:data1\" content=\"juliasercanka\" \/>\n\t<meta name=\"twitter:label2\" content=\"Dur\u00e9e de lecture estim\u00e9e\" \/>\n\t<meta name=\"twitter:data2\" content=\"4 minutes\" \/>\n<script type=\"application\/ld+json\" class=\"yoast-schema-graph\">{\"@context\":\"https:\/\/schema.org\",\"@graph\":[{\"@type\":\"Article\",\"@id\":\"https:\/\/jp2doc.pl\/fr\/2021\/11\/10\/la-generosite\/#article\",\"isPartOf\":{\"@id\":\"https:\/\/jp2doc.pl\/fr\/2021\/11\/10\/la-generosite\/\"},\"author\":{\"name\":\"juliasercanka\",\"@id\":\"https:\/\/jp2doc.pl\/fr\/#\/schema\/person\/6110109e80abb51f6fac4824777eabfe\"},\"headline\":\"La g\u00e9n\u00e9rosit\u00e9\",\"datePublished\":\"2021-11-10T11:42:36+00:00\",\"dateModified\":\"2021-11-10T11:42:37+00:00\",\"mainEntityOfPage\":{\"@id\":\"https:\/\/jp2doc.pl\/fr\/2021\/11\/10\/la-generosite\/\"},\"wordCount\":931,\"commentCount\":0,\"publisher\":{\"@id\":\"https:\/\/jp2doc.pl\/fr\/#organization\"},\"image\":{\"@id\":\"https:\/\/jp2doc.pl\/fr\/2021\/11\/10\/la-generosite\/#primaryimage\"},\"thumbnailUrl\":\"https:\/\/jp2doc.pl\/fr\/wp-content\/uploads\/sites\/5\/2019\/12\/mohammad-mahdi-samei-YoLjryGBXTU-unsplash.jpg\",\"articleSection\":[\"Blog\",\"Strona g\u0142\u00f3wna - najnowsze\",\"Strona g\u0142\u00f3wna - slider\"],\"inLanguage\":\"fr-FR\",\"potentialAction\":[{\"@type\":\"CommentAction\",\"name\":\"Comment\",\"target\":[\"https:\/\/jp2doc.pl\/fr\/2021\/11\/10\/la-generosite\/#respond\"]}]},{\"@type\":\"WebPage\",\"@id\":\"https:\/\/jp2doc.pl\/fr\/2021\/11\/10\/la-generosite\/\",\"url\":\"https:\/\/jp2doc.pl\/fr\/2021\/11\/10\/la-generosite\/\",\"name\":\"La g\u00e9n\u00e9rosit\u00e9 - Centre de Documentation et d\u2019Etude du Pontificat de Jean-Paul II \u00e0 Rome\",\"isPartOf\":{\"@id\":\"https:\/\/jp2doc.pl\/fr\/#website\"},\"primaryImageOfPage\":{\"@id\":\"https:\/\/jp2doc.pl\/fr\/2021\/11\/10\/la-generosite\/#primaryimage\"},\"image\":{\"@id\":\"https:\/\/jp2doc.pl\/fr\/2021\/11\/10\/la-generosite\/#primaryimage\"},\"thumbnailUrl\":\"https:\/\/jp2doc.pl\/fr\/wp-content\/uploads\/sites\/5\/2019\/12\/mohammad-mahdi-samei-YoLjryGBXTU-unsplash.jpg\",\"datePublished\":\"2021-11-10T11:42:36+00:00\",\"dateModified\":\"2021-11-10T11:42:37+00:00\",\"breadcrumb\":{\"@id\":\"https:\/\/jp2doc.pl\/fr\/2021\/11\/10\/la-generosite\/#breadcrumb\"},\"inLanguage\":\"fr-FR\",\"potentialAction\":[{\"@type\":\"ReadAction\",\"target\":[\"https:\/\/jp2doc.pl\/fr\/2021\/11\/10\/la-generosite\/\"]}]},{\"@type\":\"ImageObject\",\"inLanguage\":\"fr-FR\",\"@id\":\"https:\/\/jp2doc.pl\/fr\/2021\/11\/10\/la-generosite\/#primaryimage\",\"url\":\"https:\/\/jp2doc.pl\/fr\/wp-content\/uploads\/sites\/5\/2019\/12\/mohammad-mahdi-samei-YoLjryGBXTU-unsplash.jpg\",\"contentUrl\":\"https:\/\/jp2doc.pl\/fr\/wp-content\/uploads\/sites\/5\/2019\/12\/mohammad-mahdi-samei-YoLjryGBXTU-unsplash.jpg\",\"width\":1441,\"height\":974},{\"@type\":\"BreadcrumbList\",\"@id\":\"https:\/\/jp2doc.pl\/fr\/2021\/11\/10\/la-generosite\/#breadcrumb\",\"itemListElement\":[{\"@type\":\"ListItem\",\"position\":1,\"name\":\"Home\",\"item\":\"https:\/\/jp2doc.pl\/fr\/\"},{\"@type\":\"ListItem\",\"position\":2,\"name\":\"La g\u00e9n\u00e9rosit\u00e9\"}]},{\"@type\":\"WebSite\",\"@id\":\"https:\/\/jp2doc.pl\/fr\/#website\",\"url\":\"https:\/\/jp2doc.pl\/fr\/\",\"name\":\"Centre de Documentation et d\u2019Etude du Pontificat de Jean-Paul II \u00e0 Rome\",\"description\":\"\",\"publisher\":{\"@id\":\"https:\/\/jp2doc.pl\/fr\/#organization\"},\"potentialAction\":[{\"@type\":\"SearchAction\",\"target\":{\"@type\":\"EntryPoint\",\"urlTemplate\":\"https:\/\/jp2doc.pl\/fr\/?s={search_term_string}\"},\"query-input\":{\"@type\":\"PropertyValueSpecification\",\"valueRequired\":true,\"valueName\":\"search_term_string\"}}],\"inLanguage\":\"fr-FR\"},{\"@type\":\"Organization\",\"@id\":\"https:\/\/jp2doc.pl\/fr\/#organization\",\"name\":\"Centre de Documentation et d\u2019Etude du Pontificat de Jean-Paul II \u00e0 Rome\",\"url\":\"https:\/\/jp2doc.pl\/fr\/\",\"logo\":{\"@type\":\"ImageObject\",\"inLanguage\":\"fr-FR\",\"@id\":\"https:\/\/jp2doc.pl\/fr\/#\/schema\/logo\/image\/\",\"url\":\"https:\/\/jp2doc.pl\/fr\/wp-content\/uploads\/sites\/5\/2017\/03\/cropped-logo.png\",\"contentUrl\":\"https:\/\/jp2doc.pl\/fr\/wp-content\/uploads\/sites\/5\/2017\/03\/cropped-logo.png\",\"width\":115,\"height\":115,\"caption\":\"Centre de Documentation et d\u2019Etude du Pontificat de Jean-Paul II \u00e0 Rome\"},\"image\":{\"@id\":\"https:\/\/jp2doc.pl\/fr\/#\/schema\/logo\/image\/\"}},{\"@type\":\"Person\",\"@id\":\"https:\/\/jp2doc.pl\/fr\/#\/schema\/person\/6110109e80abb51f6fac4824777eabfe\",\"name\":\"juliasercanka\",\"image\":{\"@type\":\"ImageObject\",\"inLanguage\":\"fr-FR\",\"@id\":\"https:\/\/jp2doc.pl\/fr\/#\/schema\/person\/image\/\",\"url\":\"https:\/\/secure.gravatar.com\/avatar\/266a66e864556e22d55d61b6b10c97fab9060767b738564bcd109f3997e372bc?s=96&d=mm&r=g\",\"contentUrl\":\"https:\/\/secure.gravatar.com\/avatar\/266a66e864556e22d55d61b6b10c97fab9060767b738564bcd109f3997e372bc?s=96&d=mm&r=g\",\"caption\":\"juliasercanka\"},\"url\":\"https:\/\/jp2doc.pl\/fr\/author\/juliasercanka\/\"}]}<\/script>\n<!-- \/ Yoast SEO plugin. -->","yoast_head_json":{"title":"La g\u00e9n\u00e9rosit\u00e9 - Centre de Documentation et d\u2019Etude du Pontificat de Jean-Paul II \u00e0 Rome","robots":{"index":"index","follow":"follow","max-snippet":"max-snippet:-1","max-image-preview":"max-image-preview:large","max-video-preview":"max-video-preview:-1"},"canonical":"https:\/\/jp2doc.pl\/fr\/2021\/11\/10\/la-generosite\/","og_locale":"fr_FR","og_type":"article","og_title":"La g\u00e9n\u00e9rosit\u00e9 - Centre de Documentation et d\u2019Etude du Pontificat de Jean-Paul II \u00e0 Rome","og_description":"XXXII Dimanche du Temps Ordinaire","og_url":"https:\/\/jp2doc.pl\/fr\/2021\/11\/10\/la-generosite\/","og_site_name":"Centre de Documentation et d\u2019Etude du Pontificat de Jean-Paul II \u00e0 Rome","article_published_time":"2021-11-10T11:42:36+00:00","article_modified_time":"2021-11-10T11:42:37+00:00","og_image":[{"width":1441,"height":974,"url":"https:\/\/jp2doc.pl\/fr\/wp-content\/uploads\/sites\/5\/2019\/12\/mohammad-mahdi-samei-YoLjryGBXTU-unsplash.jpg","type":"image\/jpeg"}],"author":"juliasercanka","twitter_card":"summary_large_image","twitter_misc":{"\u00c9crit par":"juliasercanka","Dur\u00e9e de lecture estim\u00e9e":"4 minutes"},"schema":{"@context":"https:\/\/schema.org","@graph":[{"@type":"Article","@id":"https:\/\/jp2doc.pl\/fr\/2021\/11\/10\/la-generosite\/#article","isPartOf":{"@id":"https:\/\/jp2doc.pl\/fr\/2021\/11\/10\/la-generosite\/"},"author":{"name":"juliasercanka","@id":"https:\/\/jp2doc.pl\/fr\/#\/schema\/person\/6110109e80abb51f6fac4824777eabfe"},"headline":"La g\u00e9n\u00e9rosit\u00e9","datePublished":"2021-11-10T11:42:36+00:00","dateModified":"2021-11-10T11:42:37+00:00","mainEntityOfPage":{"@id":"https:\/\/jp2doc.pl\/fr\/2021\/11\/10\/la-generosite\/"},"wordCount":931,"commentCount":0,"publisher":{"@id":"https:\/\/jp2doc.pl\/fr\/#organization"},"image":{"@id":"https:\/\/jp2doc.pl\/fr\/2021\/11\/10\/la-generosite\/#primaryimage"},"thumbnailUrl":"https:\/\/jp2doc.pl\/fr\/wp-content\/uploads\/sites\/5\/2019\/12\/mohammad-mahdi-samei-YoLjryGBXTU-unsplash.jpg","articleSection":["Blog","Strona g\u0142\u00f3wna - najnowsze","Strona g\u0142\u00f3wna - slider"],"inLanguage":"fr-FR","potentialAction":[{"@type":"CommentAction","name":"Comment","target":["https:\/\/jp2doc.pl\/fr\/2021\/11\/10\/la-generosite\/#respond"]}]},{"@type":"WebPage","@id":"https:\/\/jp2doc.pl\/fr\/2021\/11\/10\/la-generosite\/","url":"https:\/\/jp2doc.pl\/fr\/2021\/11\/10\/la-generosite\/","name":"La g\u00e9n\u00e9rosit\u00e9 - Centre de Documentation et d\u2019Etude du Pontificat de Jean-Paul II \u00e0 Rome","isPartOf":{"@id":"https:\/\/jp2doc.pl\/fr\/#website"},"primaryImageOfPage":{"@id":"https:\/\/jp2doc.pl\/fr\/2021\/11\/10\/la-generosite\/#primaryimage"},"image":{"@id":"https:\/\/jp2doc.pl\/fr\/2021\/11\/10\/la-generosite\/#primaryimage"},"thumbnailUrl":"https:\/\/jp2doc.pl\/fr\/wp-content\/uploads\/sites\/5\/2019\/12\/mohammad-mahdi-samei-YoLjryGBXTU-unsplash.jpg","datePublished":"2021-11-10T11:42:36+00:00","dateModified":"2021-11-10T11:42:37+00:00","breadcrumb":{"@id":"https:\/\/jp2doc.pl\/fr\/2021\/11\/10\/la-generosite\/#breadcrumb"},"inLanguage":"fr-FR","potentialAction":[{"@type":"ReadAction","target":["https:\/\/jp2doc.pl\/fr\/2021\/11\/10\/la-generosite\/"]}]},{"@type":"ImageObject","inLanguage":"fr-FR","@id":"https:\/\/jp2doc.pl\/fr\/2021\/11\/10\/la-generosite\/#primaryimage","url":"https:\/\/jp2doc.pl\/fr\/wp-content\/uploads\/sites\/5\/2019\/12\/mohammad-mahdi-samei-YoLjryGBXTU-unsplash.jpg","contentUrl":"https:\/\/jp2doc.pl\/fr\/wp-content\/uploads\/sites\/5\/2019\/12\/mohammad-mahdi-samei-YoLjryGBXTU-unsplash.jpg","width":1441,"height":974},{"@type":"BreadcrumbList","@id":"https:\/\/jp2doc.pl\/fr\/2021\/11\/10\/la-generosite\/#breadcrumb","itemListElement":[{"@type":"ListItem","position":1,"name":"Home","item":"https:\/\/jp2doc.pl\/fr\/"},{"@type":"ListItem","position":2,"name":"La g\u00e9n\u00e9rosit\u00e9"}]},{"@type":"WebSite","@id":"https:\/\/jp2doc.pl\/fr\/#website","url":"https:\/\/jp2doc.pl\/fr\/","name":"Centre de Documentation et d\u2019Etude du Pontificat de Jean-Paul II \u00e0 Rome","description":"","publisher":{"@id":"https:\/\/jp2doc.pl\/fr\/#organization"},"potentialAction":[{"@type":"SearchAction","target":{"@type":"EntryPoint","urlTemplate":"https:\/\/jp2doc.pl\/fr\/?s={search_term_string}"},"query-input":{"@type":"PropertyValueSpecification","valueRequired":true,"valueName":"search_term_string"}}],"inLanguage":"fr-FR"},{"@type":"Organization","@id":"https:\/\/jp2doc.pl\/fr\/#organization","name":"Centre de Documentation et d\u2019Etude du Pontificat de Jean-Paul II \u00e0 Rome","url":"https:\/\/jp2doc.pl\/fr\/","logo":{"@type":"ImageObject","inLanguage":"fr-FR","@id":"https:\/\/jp2doc.pl\/fr\/#\/schema\/logo\/image\/","url":"https:\/\/jp2doc.pl\/fr\/wp-content\/uploads\/sites\/5\/2017\/03\/cropped-logo.png","contentUrl":"https:\/\/jp2doc.pl\/fr\/wp-content\/uploads\/sites\/5\/2017\/03\/cropped-logo.png","width":115,"height":115,"caption":"Centre de Documentation et d\u2019Etude du Pontificat de Jean-Paul II \u00e0 Rome"},"image":{"@id":"https:\/\/jp2doc.pl\/fr\/#\/schema\/logo\/image\/"}},{"@type":"Person","@id":"https:\/\/jp2doc.pl\/fr\/#\/schema\/person\/6110109e80abb51f6fac4824777eabfe","name":"juliasercanka","image":{"@type":"ImageObject","inLanguage":"fr-FR","@id":"https:\/\/jp2doc.pl\/fr\/#\/schema\/person\/image\/","url":"https:\/\/secure.gravatar.com\/avatar\/266a66e864556e22d55d61b6b10c97fab9060767b738564bcd109f3997e372bc?s=96&d=mm&r=g","contentUrl":"https:\/\/secure.gravatar.com\/avatar\/266a66e864556e22d55d61b6b10c97fab9060767b738564bcd109f3997e372bc?s=96&d=mm&r=g","caption":"juliasercanka"},"url":"https:\/\/jp2doc.pl\/fr\/author\/juliasercanka\/"}]}},"_links":{"self":[{"href":"https:\/\/jp2doc.pl\/fr\/wp-json\/wp\/v2\/posts\/1991","targetHints":{"allow":["GET"]}}],"collection":[{"href":"https:\/\/jp2doc.pl\/fr\/wp-json\/wp\/v2\/posts"}],"about":[{"href":"https:\/\/jp2doc.pl\/fr\/wp-json\/wp\/v2\/types\/post"}],"author":[{"embeddable":true,"href":"https:\/\/jp2doc.pl\/fr\/wp-json\/wp\/v2\/users\/5"}],"replies":[{"embeddable":true,"href":"https:\/\/jp2doc.pl\/fr\/wp-json\/wp\/v2\/comments?post=1991"}],"version-history":[{"count":1,"href":"https:\/\/jp2doc.pl\/fr\/wp-json\/wp\/v2\/posts\/1991\/revisions"}],"predecessor-version":[{"id":1992,"href":"https:\/\/jp2doc.pl\/fr\/wp-json\/wp\/v2\/posts\/1991\/revisions\/1992"}],"wp:featuredmedia":[{"embeddable":true,"href":"https:\/\/jp2doc.pl\/fr\/wp-json\/wp\/v2\/media\/1571"}],"wp:attachment":[{"href":"https:\/\/jp2doc.pl\/fr\/wp-json\/wp\/v2\/media?parent=1991"}],"wp:term":[{"taxonomy":"category","embeddable":true,"href":"https:\/\/jp2doc.pl\/fr\/wp-json\/wp\/v2\/categories?post=1991"},{"taxonomy":"post_tag","embeddable":true,"href":"https:\/\/jp2doc.pl\/fr\/wp-json\/wp\/v2\/tags?post=1991"}],"curies":[{"name":"wp","href":"https:\/\/api.w.org\/{rel}","templated":true}]}}