{"id":1993,"date":"2021-11-14T21:16:30","date_gmt":"2021-11-14T20:16:30","guid":{"rendered":"https:\/\/jp2doc.pl\/fr\/?p=1993"},"modified":"2021-11-14T21:16:31","modified_gmt":"2021-11-14T20:16:31","slug":"pour-rester-fidele-a-dieu","status":"publish","type":"post","link":"https:\/\/jp2doc.pl\/fr\/2021\/11\/14\/pour-rester-fidele-a-dieu\/","title":{"rendered":"Pour rester fid\u00e8le \u00e0 Dieu"},"content":{"rendered":"\n<p>Dn 12, 1-3&nbsp;; Ps 15&nbsp;; He 10, 11-14. 18&nbsp;; Mc 13, 24-32<\/p>\n\n\n\n<p>Nous approchons petit \u00e0 petit la fin de l\u2019ann\u00e9e liturgique. Les textes de ce dimanche annonce un message un peu bouleversant en ces termes : \u00ab quand le soleil s\u2019\u00e9teindra, les justes resplendiront \u00bb ! Ils ont bien sur une saveur apocalyptique, puisqu\u2019ils nous parlent des bouleversements et d\u2019\u00e9coulement de notre histoire. Ils \u00e9voquent, certes, des drames cosmiques terrifiants et des cataclysmes redoutables ; mais en d\u00e9finitive, leur message est tout orient\u00e9 vers l\u2019esp\u00e9rance. Avant tout, nous adressons un message d\u2019esp\u00e9rance et de courage \u00e0 ceux qui traversent des moments difficiles en leur demandant de tourner leur regard vers le Tout Puissant.<\/p>\n\n\n\n<p>Oui, le soleil un jour, s\u2019\u00e9teindra. Pour chacun assur\u00e9ment ! Sa lumi\u00e8re disparaitra au soir du dernier jour. Puisque notre histoire personnelle et collective a eu un d\u00e9but, elle aura aussi une fin. Heureuse ou triste, cela d\u00e9pendra de nous. Voil\u00e0 ce qu\u2019il faut retenir ! Tout comme la ruine de J\u00e9rusalem, la Ville sainte consid\u00e9r\u00e9e \u00e0 l\u2019\u00e9poque comme \u00e9ternelle.<\/p>\n\n\n\n<p>La fin du monde qui ose en parler ? personne qui a assez de courage pour l\u2019\u00e9voquer sauf quelques faux proph\u00e8tes qui en profite pour tromper les consciences faibles. Les textes de ce dimanche, au terme de l\u2019ann\u00e9e liturgique, nous y invitent, non pas pour nous lancer en conjectures de dates ou des signes pr\u00e9curseurs, mais pour nous ouvrir \u00e0 la fra\u00eecheur de son message. Ce message se r\u00e9sume en deux points.<\/p>\n\n\n\n<h5 class=\"wp-block-heading\"><strong>Dieu est au secours de son peuple<\/strong><\/h5>\n\n\n\n<p>La premi\u00e8re lecture en Dn 2, 1-3 nous renvoie au temps de la grande tribulation sous le roi S\u00e9leucide Antiochus Epiphane (175-164 av JC), qui d\u00e9cide d\u2019hell\u00e9niser les juifs de la Palestine en les for\u00e7ant \u00e0 abandonner leur religion pour adopter les cultes pa\u00efens. R\u00e9volt\u00e9s, les fr\u00e8res Maccab\u00e9es organisent la r\u00e9sistance. Au c\u0153ur de la lutte et de la grande pers\u00e9cution, Daniel annonce la revanche de Dieu qui vient au secours de son peuple. Ses visions s\u2019enracinent dans les \u00e9v\u00e9nements du pass\u00e9 et de l\u2019actualit\u00e9 pour les projeter dans l\u2019avenir, dont Dieu seul est le ma\u00eetre absolu. C\u2019est lui qui r\u00e9tablira la justice et m\u00eame fera revivre ceux qui, pour rester fid\u00e8les \u00e0 leur foi, ont accept\u00e9 de donner leur vie.<\/p>\n\n\n\n<p>L\u2019\u00e9vangile aussi, emprunte \u00e0 Daniel son langage de crise pour parler de la fin des temps et de l\u2019av\u00e8nement du Christ. Comme dans un sc\u00e9nario o\u00f9 se fondent le pr\u00e9sent et l\u2019avenir, les images se bousculent et se chevauchent&nbsp;: ruine du temple, destruction de J\u00e9rusalem, d\u00e9ferlement des pers\u00e9cutions, pullulement de faux proph\u00e8tes, calamit\u00e9s diverses, bouleversements cosmiques\u2026. En r\u00e9alit\u00e9, il y a des coins dans ce monde o\u00f9 les gens vivent presque le m\u00eame sc\u00e9nario. Mais au-del\u00e0 de ces pers\u00e9cutions et calamit\u00e9s comment se comporter&nbsp;?<\/p>\n\n\n\n<h5 class=\"wp-block-heading\"><strong>Au-del\u00e0 des pers\u00e9cutions<\/strong><\/h5>\n\n\n\n<p>Rappelons-nous qu\u2019au moment o\u00f9 saint Marc met par \u00e9crit les paroles du Christ, J\u00e9rusalem est saccag\u00e9e par l\u2019arm\u00e9e pa\u00efenne de Titus et les chr\u00e9tiens pourchass\u00e9s par N\u00e9ron qui fait crucifier saint Pierre la t\u00eate en bas et d\u00e9capiter saint Paul. Est-ce d\u00e9j\u00e0 la fin pr\u00e9matur\u00e9e du Royaume instaur\u00e9 par J\u00e9sus&nbsp;? La douloureuse question hante tous les esprits. Mais, au c\u0153ur de l\u2019\u00e9preuve, une promesse du Christ rallume l\u2019esp\u00e9rance&nbsp;: comme les premiers bourgeons apparus sur le figuier annoncent l\u2019approche de l\u2019\u00e9t\u00e9, ainsi le fr\u00e9missement de l\u2019histoire annonce l\u2019aube nouvelle. Celle o\u00f9 r\u00e8gneront la justice et la paix. Celle o\u00f9 les justes brilleront comme le soleil dans le firmament. A condition d\u2019avoir rendu leur c\u0153ur \u00e9veill\u00e9.<\/p>\n\n\n\n<p>Retenons que les noms des justes, inscrits en lettre de fid\u00e9lit\u00e9 dans le livre de vie. Ceux de l\u2019antiquit\u00e9, ceux d\u2019hier et d\u2019aujourd\u2019hui. Restons fid\u00e8les \u00e0 Notre seigneur car seule la fid\u00e9lit\u00e9 nous rendra libre et nous procurera la paix.<\/p>\n\n\n\n<p><strong>P\u00e8re Jean-Claude Ciza<\/strong><\/p>\n\n\n\n<p><em>Fot. Mateus Campos Felipe\/Unsplash.com<\/em><\/p>\n","protected":false},"excerpt":{"rendered":"<p>XXXIII Dimanche du Temps Ordinaire<\/p>\n","protected":false},"author":5,"featured_media":1789,"comment_status":"open","ping_status":"open","sticky":false,"template":"","format":"standard","meta":{"_acf_changed":false,"_exactmetrics_skip_tracking":false,"_exactmetrics_sitenote_active":false,"_exactmetrics_sitenote_note":"","_exactmetrics_sitenote_category":0,"footnotes":""},"categories":[4,13,14],"tags":[],"class_list":["post-1993","post","type-post","status-publish","format-standard","has-post-thumbnail","hentry","category-blog","category-strona-glowna-najnowsze","category-strona-glowna-slider"],"acf":[],"yoast_head":"<!-- This site is optimized with the Yoast SEO plugin v26.2 - https:\/\/yoast.com\/wordpress\/plugins\/seo\/ -->\n<title>Pour rester fid\u00e8le \u00e0 Dieu - Centre de Documentation et d\u2019Etude du Pontificat de Jean-Paul II \u00e0 Rome<\/title>\n<meta name=\"robots\" content=\"index, follow, max-snippet:-1, max-image-preview:large, max-video-preview:-1\" \/>\n<link rel=\"canonical\" href=\"https:\/\/jp2doc.pl\/fr\/2021\/11\/14\/pour-rester-fidele-a-dieu\/\" \/>\n<meta property=\"og:locale\" content=\"fr_FR\" \/>\n<meta property=\"og:type\" content=\"article\" \/>\n<meta property=\"og:title\" content=\"Pour rester fid\u00e8le \u00e0 Dieu - Centre de Documentation et d\u2019Etude du Pontificat de Jean-Paul II \u00e0 Rome\" \/>\n<meta property=\"og:description\" content=\"XXXIII Dimanche du Temps Ordinaire\" \/>\n<meta property=\"og:url\" content=\"https:\/\/jp2doc.pl\/fr\/2021\/11\/14\/pour-rester-fidele-a-dieu\/\" \/>\n<meta property=\"og:site_name\" content=\"Centre de Documentation et d\u2019Etude du Pontificat de Jean-Paul II \u00e0 Rome\" \/>\n<meta property=\"article:published_time\" content=\"2021-11-14T20:16:30+00:00\" \/>\n<meta property=\"article:modified_time\" content=\"2021-11-14T20:16:31+00:00\" \/>\n<meta property=\"og:image\" content=\"https:\/\/jp2doc.pl\/fr\/wp-content\/uploads\/sites\/5\/2020\/10\/mateus-campos-felipe-_DFD4L5YR2M-unsplash.jpg\" \/>\n\t<meta property=\"og:image:width\" content=\"1920\" \/>\n\t<meta property=\"og:image:height\" content=\"1280\" \/>\n\t<meta property=\"og:image:type\" content=\"image\/jpeg\" \/>\n<meta name=\"author\" content=\"juliasercanka\" \/>\n<meta name=\"twitter:card\" content=\"summary_large_image\" \/>\n<meta name=\"twitter:label1\" content=\"\u00c9crit par\" \/>\n\t<meta name=\"twitter:data1\" content=\"juliasercanka\" \/>\n\t<meta name=\"twitter:label2\" content=\"Dur\u00e9e de lecture estim\u00e9e\" \/>\n\t<meta name=\"twitter:data2\" content=\"3 minutes\" \/>\n<script type=\"application\/ld+json\" class=\"yoast-schema-graph\">{\"@context\":\"https:\/\/schema.org\",\"@graph\":[{\"@type\":\"Article\",\"@id\":\"https:\/\/jp2doc.pl\/fr\/2021\/11\/14\/pour-rester-fidele-a-dieu\/#article\",\"isPartOf\":{\"@id\":\"https:\/\/jp2doc.pl\/fr\/2021\/11\/14\/pour-rester-fidele-a-dieu\/\"},\"author\":{\"name\":\"juliasercanka\",\"@id\":\"https:\/\/jp2doc.pl\/fr\/#\/schema\/person\/6110109e80abb51f6fac4824777eabfe\"},\"headline\":\"Pour rester fid\u00e8le \u00e0 Dieu\",\"datePublished\":\"2021-11-14T20:16:30+00:00\",\"dateModified\":\"2021-11-14T20:16:31+00:00\",\"mainEntityOfPage\":{\"@id\":\"https:\/\/jp2doc.pl\/fr\/2021\/11\/14\/pour-rester-fidele-a-dieu\/\"},\"wordCount\":716,\"commentCount\":0,\"publisher\":{\"@id\":\"https:\/\/jp2doc.pl\/fr\/#organization\"},\"image\":{\"@id\":\"https:\/\/jp2doc.pl\/fr\/2021\/11\/14\/pour-rester-fidele-a-dieu\/#primaryimage\"},\"thumbnailUrl\":\"https:\/\/jp2doc.pl\/fr\/wp-content\/uploads\/sites\/5\/2020\/10\/mateus-campos-felipe-_DFD4L5YR2M-unsplash.jpg\",\"articleSection\":[\"Blog\",\"Strona g\u0142\u00f3wna - najnowsze\",\"Strona g\u0142\u00f3wna - slider\"],\"inLanguage\":\"fr-FR\",\"potentialAction\":[{\"@type\":\"CommentAction\",\"name\":\"Comment\",\"target\":[\"https:\/\/jp2doc.pl\/fr\/2021\/11\/14\/pour-rester-fidele-a-dieu\/#respond\"]}]},{\"@type\":\"WebPage\",\"@id\":\"https:\/\/jp2doc.pl\/fr\/2021\/11\/14\/pour-rester-fidele-a-dieu\/\",\"url\":\"https:\/\/jp2doc.pl\/fr\/2021\/11\/14\/pour-rester-fidele-a-dieu\/\",\"name\":\"Pour rester fid\u00e8le \u00e0 Dieu - Centre de Documentation et d\u2019Etude du Pontificat de Jean-Paul II \u00e0 Rome\",\"isPartOf\":{\"@id\":\"https:\/\/jp2doc.pl\/fr\/#website\"},\"primaryImageOfPage\":{\"@id\":\"https:\/\/jp2doc.pl\/fr\/2021\/11\/14\/pour-rester-fidele-a-dieu\/#primaryimage\"},\"image\":{\"@id\":\"https:\/\/jp2doc.pl\/fr\/2021\/11\/14\/pour-rester-fidele-a-dieu\/#primaryimage\"},\"thumbnailUrl\":\"https:\/\/jp2doc.pl\/fr\/wp-content\/uploads\/sites\/5\/2020\/10\/mateus-campos-felipe-_DFD4L5YR2M-unsplash.jpg\",\"datePublished\":\"2021-11-14T20:16:30+00:00\",\"dateModified\":\"2021-11-14T20:16:31+00:00\",\"breadcrumb\":{\"@id\":\"https:\/\/jp2doc.pl\/fr\/2021\/11\/14\/pour-rester-fidele-a-dieu\/#breadcrumb\"},\"inLanguage\":\"fr-FR\",\"potentialAction\":[{\"@type\":\"ReadAction\",\"target\":[\"https:\/\/jp2doc.pl\/fr\/2021\/11\/14\/pour-rester-fidele-a-dieu\/\"]}]},{\"@type\":\"ImageObject\",\"inLanguage\":\"fr-FR\",\"@id\":\"https:\/\/jp2doc.pl\/fr\/2021\/11\/14\/pour-rester-fidele-a-dieu\/#primaryimage\",\"url\":\"https:\/\/jp2doc.pl\/fr\/wp-content\/uploads\/sites\/5\/2020\/10\/mateus-campos-felipe-_DFD4L5YR2M-unsplash.jpg\",\"contentUrl\":\"https:\/\/jp2doc.pl\/fr\/wp-content\/uploads\/sites\/5\/2020\/10\/mateus-campos-felipe-_DFD4L5YR2M-unsplash.jpg\",\"width\":1920,\"height\":1280},{\"@type\":\"BreadcrumbList\",\"@id\":\"https:\/\/jp2doc.pl\/fr\/2021\/11\/14\/pour-rester-fidele-a-dieu\/#breadcrumb\",\"itemListElement\":[{\"@type\":\"ListItem\",\"position\":1,\"name\":\"Home\",\"item\":\"https:\/\/jp2doc.pl\/fr\/\"},{\"@type\":\"ListItem\",\"position\":2,\"name\":\"Pour rester fid\u00e8le \u00e0 Dieu\"}]},{\"@type\":\"WebSite\",\"@id\":\"https:\/\/jp2doc.pl\/fr\/#website\",\"url\":\"https:\/\/jp2doc.pl\/fr\/\",\"name\":\"Centre de Documentation et d\u2019Etude du Pontificat de Jean-Paul II \u00e0 Rome\",\"description\":\"\",\"publisher\":{\"@id\":\"https:\/\/jp2doc.pl\/fr\/#organization\"},\"potentialAction\":[{\"@type\":\"SearchAction\",\"target\":{\"@type\":\"EntryPoint\",\"urlTemplate\":\"https:\/\/jp2doc.pl\/fr\/?s={search_term_string}\"},\"query-input\":{\"@type\":\"PropertyValueSpecification\",\"valueRequired\":true,\"valueName\":\"search_term_string\"}}],\"inLanguage\":\"fr-FR\"},{\"@type\":\"Organization\",\"@id\":\"https:\/\/jp2doc.pl\/fr\/#organization\",\"name\":\"Centre de Documentation et d\u2019Etude du Pontificat de Jean-Paul II \u00e0 Rome\",\"url\":\"https:\/\/jp2doc.pl\/fr\/\",\"logo\":{\"@type\":\"ImageObject\",\"inLanguage\":\"fr-FR\",\"@id\":\"https:\/\/jp2doc.pl\/fr\/#\/schema\/logo\/image\/\",\"url\":\"https:\/\/jp2doc.pl\/fr\/wp-content\/uploads\/sites\/5\/2017\/03\/cropped-logo.png\",\"contentUrl\":\"https:\/\/jp2doc.pl\/fr\/wp-content\/uploads\/sites\/5\/2017\/03\/cropped-logo.png\",\"width\":115,\"height\":115,\"caption\":\"Centre de Documentation et d\u2019Etude du Pontificat de Jean-Paul II \u00e0 Rome\"},\"image\":{\"@id\":\"https:\/\/jp2doc.pl\/fr\/#\/schema\/logo\/image\/\"}},{\"@type\":\"Person\",\"@id\":\"https:\/\/jp2doc.pl\/fr\/#\/schema\/person\/6110109e80abb51f6fac4824777eabfe\",\"name\":\"juliasercanka\",\"image\":{\"@type\":\"ImageObject\",\"inLanguage\":\"fr-FR\",\"@id\":\"https:\/\/jp2doc.pl\/fr\/#\/schema\/person\/image\/\",\"url\":\"https:\/\/secure.gravatar.com\/avatar\/266a66e864556e22d55d61b6b10c97fab9060767b738564bcd109f3997e372bc?s=96&d=mm&r=g\",\"contentUrl\":\"https:\/\/secure.gravatar.com\/avatar\/266a66e864556e22d55d61b6b10c97fab9060767b738564bcd109f3997e372bc?s=96&d=mm&r=g\",\"caption\":\"juliasercanka\"},\"url\":\"https:\/\/jp2doc.pl\/fr\/author\/juliasercanka\/\"}]}<\/script>\n<!-- \/ Yoast SEO plugin. -->","yoast_head_json":{"title":"Pour rester fid\u00e8le \u00e0 Dieu - Centre de Documentation et d\u2019Etude du Pontificat de Jean-Paul II \u00e0 Rome","robots":{"index":"index","follow":"follow","max-snippet":"max-snippet:-1","max-image-preview":"max-image-preview:large","max-video-preview":"max-video-preview:-1"},"canonical":"https:\/\/jp2doc.pl\/fr\/2021\/11\/14\/pour-rester-fidele-a-dieu\/","og_locale":"fr_FR","og_type":"article","og_title":"Pour rester fid\u00e8le \u00e0 Dieu - Centre de Documentation et d\u2019Etude du Pontificat de Jean-Paul II \u00e0 Rome","og_description":"XXXIII Dimanche du Temps Ordinaire","og_url":"https:\/\/jp2doc.pl\/fr\/2021\/11\/14\/pour-rester-fidele-a-dieu\/","og_site_name":"Centre de Documentation et d\u2019Etude du Pontificat de Jean-Paul II \u00e0 Rome","article_published_time":"2021-11-14T20:16:30+00:00","article_modified_time":"2021-11-14T20:16:31+00:00","og_image":[{"width":1920,"height":1280,"url":"https:\/\/jp2doc.pl\/fr\/wp-content\/uploads\/sites\/5\/2020\/10\/mateus-campos-felipe-_DFD4L5YR2M-unsplash.jpg","type":"image\/jpeg"}],"author":"juliasercanka","twitter_card":"summary_large_image","twitter_misc":{"\u00c9crit par":"juliasercanka","Dur\u00e9e de lecture estim\u00e9e":"3 minutes"},"schema":{"@context":"https:\/\/schema.org","@graph":[{"@type":"Article","@id":"https:\/\/jp2doc.pl\/fr\/2021\/11\/14\/pour-rester-fidele-a-dieu\/#article","isPartOf":{"@id":"https:\/\/jp2doc.pl\/fr\/2021\/11\/14\/pour-rester-fidele-a-dieu\/"},"author":{"name":"juliasercanka","@id":"https:\/\/jp2doc.pl\/fr\/#\/schema\/person\/6110109e80abb51f6fac4824777eabfe"},"headline":"Pour rester fid\u00e8le \u00e0 Dieu","datePublished":"2021-11-14T20:16:30+00:00","dateModified":"2021-11-14T20:16:31+00:00","mainEntityOfPage":{"@id":"https:\/\/jp2doc.pl\/fr\/2021\/11\/14\/pour-rester-fidele-a-dieu\/"},"wordCount":716,"commentCount":0,"publisher":{"@id":"https:\/\/jp2doc.pl\/fr\/#organization"},"image":{"@id":"https:\/\/jp2doc.pl\/fr\/2021\/11\/14\/pour-rester-fidele-a-dieu\/#primaryimage"},"thumbnailUrl":"https:\/\/jp2doc.pl\/fr\/wp-content\/uploads\/sites\/5\/2020\/10\/mateus-campos-felipe-_DFD4L5YR2M-unsplash.jpg","articleSection":["Blog","Strona g\u0142\u00f3wna - najnowsze","Strona g\u0142\u00f3wna - slider"],"inLanguage":"fr-FR","potentialAction":[{"@type":"CommentAction","name":"Comment","target":["https:\/\/jp2doc.pl\/fr\/2021\/11\/14\/pour-rester-fidele-a-dieu\/#respond"]}]},{"@type":"WebPage","@id":"https:\/\/jp2doc.pl\/fr\/2021\/11\/14\/pour-rester-fidele-a-dieu\/","url":"https:\/\/jp2doc.pl\/fr\/2021\/11\/14\/pour-rester-fidele-a-dieu\/","name":"Pour rester fid\u00e8le \u00e0 Dieu - Centre de Documentation et d\u2019Etude du Pontificat de Jean-Paul II \u00e0 Rome","isPartOf":{"@id":"https:\/\/jp2doc.pl\/fr\/#website"},"primaryImageOfPage":{"@id":"https:\/\/jp2doc.pl\/fr\/2021\/11\/14\/pour-rester-fidele-a-dieu\/#primaryimage"},"image":{"@id":"https:\/\/jp2doc.pl\/fr\/2021\/11\/14\/pour-rester-fidele-a-dieu\/#primaryimage"},"thumbnailUrl":"https:\/\/jp2doc.pl\/fr\/wp-content\/uploads\/sites\/5\/2020\/10\/mateus-campos-felipe-_DFD4L5YR2M-unsplash.jpg","datePublished":"2021-11-14T20:16:30+00:00","dateModified":"2021-11-14T20:16:31+00:00","breadcrumb":{"@id":"https:\/\/jp2doc.pl\/fr\/2021\/11\/14\/pour-rester-fidele-a-dieu\/#breadcrumb"},"inLanguage":"fr-FR","potentialAction":[{"@type":"ReadAction","target":["https:\/\/jp2doc.pl\/fr\/2021\/11\/14\/pour-rester-fidele-a-dieu\/"]}]},{"@type":"ImageObject","inLanguage":"fr-FR","@id":"https:\/\/jp2doc.pl\/fr\/2021\/11\/14\/pour-rester-fidele-a-dieu\/#primaryimage","url":"https:\/\/jp2doc.pl\/fr\/wp-content\/uploads\/sites\/5\/2020\/10\/mateus-campos-felipe-_DFD4L5YR2M-unsplash.jpg","contentUrl":"https:\/\/jp2doc.pl\/fr\/wp-content\/uploads\/sites\/5\/2020\/10\/mateus-campos-felipe-_DFD4L5YR2M-unsplash.jpg","width":1920,"height":1280},{"@type":"BreadcrumbList","@id":"https:\/\/jp2doc.pl\/fr\/2021\/11\/14\/pour-rester-fidele-a-dieu\/#breadcrumb","itemListElement":[{"@type":"ListItem","position":1,"name":"Home","item":"https:\/\/jp2doc.pl\/fr\/"},{"@type":"ListItem","position":2,"name":"Pour rester fid\u00e8le \u00e0 Dieu"}]},{"@type":"WebSite","@id":"https:\/\/jp2doc.pl\/fr\/#website","url":"https:\/\/jp2doc.pl\/fr\/","name":"Centre de Documentation et d\u2019Etude du Pontificat de Jean-Paul II \u00e0 Rome","description":"","publisher":{"@id":"https:\/\/jp2doc.pl\/fr\/#organization"},"potentialAction":[{"@type":"SearchAction","target":{"@type":"EntryPoint","urlTemplate":"https:\/\/jp2doc.pl\/fr\/?s={search_term_string}"},"query-input":{"@type":"PropertyValueSpecification","valueRequired":true,"valueName":"search_term_string"}}],"inLanguage":"fr-FR"},{"@type":"Organization","@id":"https:\/\/jp2doc.pl\/fr\/#organization","name":"Centre de Documentation et d\u2019Etude du Pontificat de Jean-Paul II \u00e0 Rome","url":"https:\/\/jp2doc.pl\/fr\/","logo":{"@type":"ImageObject","inLanguage":"fr-FR","@id":"https:\/\/jp2doc.pl\/fr\/#\/schema\/logo\/image\/","url":"https:\/\/jp2doc.pl\/fr\/wp-content\/uploads\/sites\/5\/2017\/03\/cropped-logo.png","contentUrl":"https:\/\/jp2doc.pl\/fr\/wp-content\/uploads\/sites\/5\/2017\/03\/cropped-logo.png","width":115,"height":115,"caption":"Centre de Documentation et d\u2019Etude du Pontificat de Jean-Paul II \u00e0 Rome"},"image":{"@id":"https:\/\/jp2doc.pl\/fr\/#\/schema\/logo\/image\/"}},{"@type":"Person","@id":"https:\/\/jp2doc.pl\/fr\/#\/schema\/person\/6110109e80abb51f6fac4824777eabfe","name":"juliasercanka","image":{"@type":"ImageObject","inLanguage":"fr-FR","@id":"https:\/\/jp2doc.pl\/fr\/#\/schema\/person\/image\/","url":"https:\/\/secure.gravatar.com\/avatar\/266a66e864556e22d55d61b6b10c97fab9060767b738564bcd109f3997e372bc?s=96&d=mm&r=g","contentUrl":"https:\/\/secure.gravatar.com\/avatar\/266a66e864556e22d55d61b6b10c97fab9060767b738564bcd109f3997e372bc?s=96&d=mm&r=g","caption":"juliasercanka"},"url":"https:\/\/jp2doc.pl\/fr\/author\/juliasercanka\/"}]}},"_links":{"self":[{"href":"https:\/\/jp2doc.pl\/fr\/wp-json\/wp\/v2\/posts\/1993","targetHints":{"allow":["GET"]}}],"collection":[{"href":"https:\/\/jp2doc.pl\/fr\/wp-json\/wp\/v2\/posts"}],"about":[{"href":"https:\/\/jp2doc.pl\/fr\/wp-json\/wp\/v2\/types\/post"}],"author":[{"embeddable":true,"href":"https:\/\/jp2doc.pl\/fr\/wp-json\/wp\/v2\/users\/5"}],"replies":[{"embeddable":true,"href":"https:\/\/jp2doc.pl\/fr\/wp-json\/wp\/v2\/comments?post=1993"}],"version-history":[{"count":1,"href":"https:\/\/jp2doc.pl\/fr\/wp-json\/wp\/v2\/posts\/1993\/revisions"}],"predecessor-version":[{"id":1994,"href":"https:\/\/jp2doc.pl\/fr\/wp-json\/wp\/v2\/posts\/1993\/revisions\/1994"}],"wp:featuredmedia":[{"embeddable":true,"href":"https:\/\/jp2doc.pl\/fr\/wp-json\/wp\/v2\/media\/1789"}],"wp:attachment":[{"href":"https:\/\/jp2doc.pl\/fr\/wp-json\/wp\/v2\/media?parent=1993"}],"wp:term":[{"taxonomy":"category","embeddable":true,"href":"https:\/\/jp2doc.pl\/fr\/wp-json\/wp\/v2\/categories?post=1993"},{"taxonomy":"post_tag","embeddable":true,"href":"https:\/\/jp2doc.pl\/fr\/wp-json\/wp\/v2\/tags?post=1993"}],"curies":[{"name":"wp","href":"https:\/\/api.w.org\/{rel}","templated":true}]}}