{"id":1996,"date":"2021-11-23T22:13:07","date_gmt":"2021-11-23T21:13:07","guid":{"rendered":"https:\/\/jp2doc.pl\/fr\/?p=1996"},"modified":"2021-11-23T22:13:09","modified_gmt":"2021-11-23T21:13:09","slug":"qui-est-ce-roi-sans-ambition-politique","status":"publish","type":"post","link":"https:\/\/jp2doc.pl\/fr\/2021\/11\/23\/qui-est-ce-roi-sans-ambition-politique\/","title":{"rendered":"Qui est ce roi sans ambition politique ?"},"content":{"rendered":"\n<p>Dn 7, 13-14\u00a0; Ps 92\u00a0; Ap 1, 5-8\u00a0; Jn 18, 33b- 37<\/p>\n\n\n\n<p>En cette f\u00eate de la solennit\u00e9 du Christ Roi de l\u2019univers, la liturgie nous pr\u00e9sente l\u2019image d\u2019un roi condamn\u00e9 au supplice de la croix&nbsp;; un roi bien \u00e9trange ! L\u2019image semble \u00eatre tr\u00e8s choquante et pourtant c\u2019est elle que nous avons pour nous parler de la Royaut\u00e9 du Christ.<\/p>\n\n\n\n<p>Devant ce texte qui nous pr\u00e9sente deux rois face \u00e0 face, J\u00e9sus et Pilate, nous observons quelque chose d\u2019\u00e9trange. D\u2019abord un prisonnier et un gouverneur&nbsp;?&nbsp; Face \u00e0 face, un roi de ce monde et un Roi de l\u2019Univers. Un est arrogant et un autre tr\u00e8s silencieux. Par trois fois, d\u2019un ton ironique et moquer, le gouverneur l\u2019appelle \u00ab roi des juifs&nbsp;\u00bb, un peu comme pour marquer son m\u00e9pris \u00e0 l\u2019\u00e9gard du peuple juif soumis \u00e0 son autorit\u00e9. Chez J\u00e9sus pris comme prisonnier, on observe un silence qui intrigue son adversaire. Probablement dans son c\u0153ur, comme dans le n\u00f4tre, se bousculent les questions les plus folles. Qui est cet homme ? qui est ce roi myst\u00e9rieux qui n\u2019a jamais habit\u00e9 un palais et qui n\u2019y est entr\u00e9 qu\u2019une fois pour y \u00eatre condamn\u00e9&nbsp;? quel est ce roi dont le premier tr\u00f4ne fut une mangeoire d\u2019animaux et le dernier une croix, dont il n\u2019a pas voulu descendre pour exhiber sa puissance&nbsp;? qui est ce roi serviteur, n\u2019ayant d\u2019autre loi que l\u2019amour et pour unique tribunal la voix de la conscience&nbsp;? qui est ce roi sans aucune ambition politique ni arm\u00e9e&nbsp;? voil\u00e0 chers fr\u00e8res et s\u0153urs, les questions qui vont nous permettre de comprendre le sens de cette solennit\u00e9.<\/p>\n\n\n\n<p>Nous disons en premier lieu que la royaut\u00e9 du Christ ne vient pas de ce monde, car c\u2019est du P\u00e8re qu\u2019il re\u00e7oit \u00ab&nbsp;honneur, gloire et puissance&nbsp;\u00bb ( Ap 4, 11)&nbsp;; elle ne se conquiert pas par les armes, mais par l\u2019amour, elle ne re\u00e7oit pas son investiture des hommes mais plut\u00f4t sur la croix, apr\u00e8s la victoire d\u00e9finitive sur le p\u00e9ch\u00e9 et la mort.<\/p>\n\n\n\n<p>En plus, bien que n\u2019\u00e9tant pas de ce monde, la royaut\u00e9 du Christ est appel\u00e9e \u00e0 le transformer, \u00e0 la mani\u00e8re d\u2019un ferment enfoui dans la farine de bl\u00e9 (Mt 13, 33). Telle est la noble mission confi\u00e9e \u00e0 l\u2019\u00c9glise et dont elle s\u2019acquitte au long des si\u00e8cles&nbsp;: construire dans le monde un r\u00e8gne de saintet\u00e9 et de gr\u00e2ce, r\u00e8gne de justice, d\u2019amour et de paix. C\u2019est cela l\u2019ambition supr\u00eame de ce roi&nbsp;; son projet de vie qu\u2019il nous confie aussi comme ses disciples.<\/p>\n\n\n\n<p>Ce r\u00e8gne est en germe partout o\u00f9 la v\u00e9rit\u00e9 est accueillie et les c\u0153urs ouverts \u00e0 la gr\u00e2ce. Il se construit dans l\u2019esp\u00e9rance sous le souffle de l\u2019esprit, \u00e0 travers les gestes pos\u00e9s au nom de notre foi.<\/p>\n\n\n\n<p>En ce jour o\u00f9 nous c\u00e9l\u00e9brons la f\u00eate du Christ Roi de l\u2019univers, demandons au Seigneur de r\u00e9gner en nous&nbsp;; d\u2019\u00eatre le ma\u00eetre de nos pens\u00e9es et de nos actions&nbsp;; le guide de nos choix et le mod\u00e8le de notre vie. Demandons lui d\u2019\u00e9tendre son r\u00e8gne de paix sur l\u2019univers entier pour que les hommes s\u2019aiment davantage et se reconnaissent fils d\u2019un m\u00eame P\u00e8re. Demandons-lui enfin de donner \u00e0 ceux qui nous gouvernent assez de sagesse et de courage pour \u00eatre r\u00e9ellement au service de tous. Qu\u2019il accorde la paix aux pays en guerre&nbsp;; qu\u2019il transforme nos c\u0153urs durs en c\u0153urs de mis\u00e9ricorde et d\u2019amour&nbsp;!<\/p>\n\n\n\n<p><strong>Abb\u00e9 Jean Claude CIZA<\/strong><\/p>\n","protected":false},"excerpt":{"rendered":"<p>Dimanche du Christ Roi<\/p>\n","protected":false},"author":5,"featured_media":1332,"comment_status":"open","ping_status":"open","sticky":false,"template":"","format":"standard","meta":{"_acf_changed":false,"_exactmetrics_skip_tracking":false,"_exactmetrics_sitenote_active":false,"_exactmetrics_sitenote_note":"","_exactmetrics_sitenote_category":0,"footnotes":""},"categories":[4,13,14],"tags":[],"class_list":["post-1996","post","type-post","status-publish","format-standard","has-post-thumbnail","hentry","category-blog","category-strona-glowna-najnowsze","category-strona-glowna-slider"],"acf":[],"yoast_head":"<!-- This site is optimized with the Yoast SEO plugin v26.2 - https:\/\/yoast.com\/wordpress\/plugins\/seo\/ -->\n<title>Qui est ce roi sans ambition politique ? - Centre de Documentation et d\u2019Etude du Pontificat de Jean-Paul II \u00e0 Rome<\/title>\n<meta name=\"robots\" content=\"index, follow, max-snippet:-1, max-image-preview:large, max-video-preview:-1\" \/>\n<link rel=\"canonical\" href=\"https:\/\/jp2doc.pl\/fr\/2021\/11\/23\/qui-est-ce-roi-sans-ambition-politique\/\" \/>\n<meta property=\"og:locale\" content=\"fr_FR\" \/>\n<meta property=\"og:type\" content=\"article\" \/>\n<meta property=\"og:title\" content=\"Qui est ce roi sans ambition politique ? - Centre de Documentation et d\u2019Etude du Pontificat de Jean-Paul II \u00e0 Rome\" \/>\n<meta property=\"og:description\" content=\"Dimanche du Christ Roi\" \/>\n<meta property=\"og:url\" content=\"https:\/\/jp2doc.pl\/fr\/2021\/11\/23\/qui-est-ce-roi-sans-ambition-politique\/\" \/>\n<meta property=\"og:site_name\" content=\"Centre de Documentation et d\u2019Etude du Pontificat de Jean-Paul II \u00e0 Rome\" \/>\n<meta property=\"article:published_time\" content=\"2021-11-23T21:13:07+00:00\" \/>\n<meta property=\"article:modified_time\" content=\"2021-11-23T21:13:09+00:00\" \/>\n<meta property=\"og:image\" content=\"https:\/\/jp2doc.pl\/fr\/wp-content\/uploads\/sites\/5\/2018\/01\/zachary-olson-383924-e1515919321793.jpg\" \/>\n\t<meta property=\"og:image:width\" content=\"1391\" \/>\n\t<meta property=\"og:image:height\" content=\"699\" \/>\n\t<meta property=\"og:image:type\" content=\"image\/jpeg\" \/>\n<meta name=\"author\" content=\"juliasercanka\" \/>\n<meta name=\"twitter:card\" content=\"summary_large_image\" \/>\n<meta name=\"twitter:label1\" content=\"\u00c9crit par\" \/>\n\t<meta name=\"twitter:data1\" content=\"juliasercanka\" \/>\n\t<meta name=\"twitter:label2\" content=\"Dur\u00e9e de lecture estim\u00e9e\" \/>\n\t<meta name=\"twitter:data2\" content=\"3 minutes\" \/>\n<script type=\"application\/ld+json\" class=\"yoast-schema-graph\">{\"@context\":\"https:\/\/schema.org\",\"@graph\":[{\"@type\":\"Article\",\"@id\":\"https:\/\/jp2doc.pl\/fr\/2021\/11\/23\/qui-est-ce-roi-sans-ambition-politique\/#article\",\"isPartOf\":{\"@id\":\"https:\/\/jp2doc.pl\/fr\/2021\/11\/23\/qui-est-ce-roi-sans-ambition-politique\/\"},\"author\":{\"name\":\"juliasercanka\",\"@id\":\"https:\/\/jp2doc.pl\/fr\/#\/schema\/person\/6110109e80abb51f6fac4824777eabfe\"},\"headline\":\"Qui est ce roi sans ambition politique ?\",\"datePublished\":\"2021-11-23T21:13:07+00:00\",\"dateModified\":\"2021-11-23T21:13:09+00:00\",\"mainEntityOfPage\":{\"@id\":\"https:\/\/jp2doc.pl\/fr\/2021\/11\/23\/qui-est-ce-roi-sans-ambition-politique\/\"},\"wordCount\":654,\"commentCount\":0,\"publisher\":{\"@id\":\"https:\/\/jp2doc.pl\/fr\/#organization\"},\"image\":{\"@id\":\"https:\/\/jp2doc.pl\/fr\/2021\/11\/23\/qui-est-ce-roi-sans-ambition-politique\/#primaryimage\"},\"thumbnailUrl\":\"https:\/\/jp2doc.pl\/fr\/wp-content\/uploads\/sites\/5\/2018\/01\/zachary-olson-383924-e1515919321793.jpg\",\"articleSection\":[\"Blog\",\"Strona g\u0142\u00f3wna - najnowsze\",\"Strona g\u0142\u00f3wna - slider\"],\"inLanguage\":\"fr-FR\",\"potentialAction\":[{\"@type\":\"CommentAction\",\"name\":\"Comment\",\"target\":[\"https:\/\/jp2doc.pl\/fr\/2021\/11\/23\/qui-est-ce-roi-sans-ambition-politique\/#respond\"]}]},{\"@type\":\"WebPage\",\"@id\":\"https:\/\/jp2doc.pl\/fr\/2021\/11\/23\/qui-est-ce-roi-sans-ambition-politique\/\",\"url\":\"https:\/\/jp2doc.pl\/fr\/2021\/11\/23\/qui-est-ce-roi-sans-ambition-politique\/\",\"name\":\"Qui est ce roi sans ambition politique ? - Centre de Documentation et d\u2019Etude du Pontificat de Jean-Paul II \u00e0 Rome\",\"isPartOf\":{\"@id\":\"https:\/\/jp2doc.pl\/fr\/#website\"},\"primaryImageOfPage\":{\"@id\":\"https:\/\/jp2doc.pl\/fr\/2021\/11\/23\/qui-est-ce-roi-sans-ambition-politique\/#primaryimage\"},\"image\":{\"@id\":\"https:\/\/jp2doc.pl\/fr\/2021\/11\/23\/qui-est-ce-roi-sans-ambition-politique\/#primaryimage\"},\"thumbnailUrl\":\"https:\/\/jp2doc.pl\/fr\/wp-content\/uploads\/sites\/5\/2018\/01\/zachary-olson-383924-e1515919321793.jpg\",\"datePublished\":\"2021-11-23T21:13:07+00:00\",\"dateModified\":\"2021-11-23T21:13:09+00:00\",\"breadcrumb\":{\"@id\":\"https:\/\/jp2doc.pl\/fr\/2021\/11\/23\/qui-est-ce-roi-sans-ambition-politique\/#breadcrumb\"},\"inLanguage\":\"fr-FR\",\"potentialAction\":[{\"@type\":\"ReadAction\",\"target\":[\"https:\/\/jp2doc.pl\/fr\/2021\/11\/23\/qui-est-ce-roi-sans-ambition-politique\/\"]}]},{\"@type\":\"ImageObject\",\"inLanguage\":\"fr-FR\",\"@id\":\"https:\/\/jp2doc.pl\/fr\/2021\/11\/23\/qui-est-ce-roi-sans-ambition-politique\/#primaryimage\",\"url\":\"https:\/\/jp2doc.pl\/fr\/wp-content\/uploads\/sites\/5\/2018\/01\/zachary-olson-383924-e1515919321793.jpg\",\"contentUrl\":\"https:\/\/jp2doc.pl\/fr\/wp-content\/uploads\/sites\/5\/2018\/01\/zachary-olson-383924-e1515919321793.jpg\",\"width\":1391,\"height\":699},{\"@type\":\"BreadcrumbList\",\"@id\":\"https:\/\/jp2doc.pl\/fr\/2021\/11\/23\/qui-est-ce-roi-sans-ambition-politique\/#breadcrumb\",\"itemListElement\":[{\"@type\":\"ListItem\",\"position\":1,\"name\":\"Home\",\"item\":\"https:\/\/jp2doc.pl\/fr\/\"},{\"@type\":\"ListItem\",\"position\":2,\"name\":\"Qui est ce roi sans ambition politique ?\"}]},{\"@type\":\"WebSite\",\"@id\":\"https:\/\/jp2doc.pl\/fr\/#website\",\"url\":\"https:\/\/jp2doc.pl\/fr\/\",\"name\":\"Centre de Documentation et d\u2019Etude du Pontificat de Jean-Paul II \u00e0 Rome\",\"description\":\"\",\"publisher\":{\"@id\":\"https:\/\/jp2doc.pl\/fr\/#organization\"},\"potentialAction\":[{\"@type\":\"SearchAction\",\"target\":{\"@type\":\"EntryPoint\",\"urlTemplate\":\"https:\/\/jp2doc.pl\/fr\/?s={search_term_string}\"},\"query-input\":{\"@type\":\"PropertyValueSpecification\",\"valueRequired\":true,\"valueName\":\"search_term_string\"}}],\"inLanguage\":\"fr-FR\"},{\"@type\":\"Organization\",\"@id\":\"https:\/\/jp2doc.pl\/fr\/#organization\",\"name\":\"Centre de Documentation et d\u2019Etude du Pontificat de Jean-Paul II \u00e0 Rome\",\"url\":\"https:\/\/jp2doc.pl\/fr\/\",\"logo\":{\"@type\":\"ImageObject\",\"inLanguage\":\"fr-FR\",\"@id\":\"https:\/\/jp2doc.pl\/fr\/#\/schema\/logo\/image\/\",\"url\":\"https:\/\/jp2doc.pl\/fr\/wp-content\/uploads\/sites\/5\/2017\/03\/cropped-logo.png\",\"contentUrl\":\"https:\/\/jp2doc.pl\/fr\/wp-content\/uploads\/sites\/5\/2017\/03\/cropped-logo.png\",\"width\":115,\"height\":115,\"caption\":\"Centre de Documentation et d\u2019Etude du Pontificat de Jean-Paul II \u00e0 Rome\"},\"image\":{\"@id\":\"https:\/\/jp2doc.pl\/fr\/#\/schema\/logo\/image\/\"}},{\"@type\":\"Person\",\"@id\":\"https:\/\/jp2doc.pl\/fr\/#\/schema\/person\/6110109e80abb51f6fac4824777eabfe\",\"name\":\"juliasercanka\",\"image\":{\"@type\":\"ImageObject\",\"inLanguage\":\"fr-FR\",\"@id\":\"https:\/\/jp2doc.pl\/fr\/#\/schema\/person\/image\/\",\"url\":\"https:\/\/secure.gravatar.com\/avatar\/266a66e864556e22d55d61b6b10c97fab9060767b738564bcd109f3997e372bc?s=96&d=mm&r=g\",\"contentUrl\":\"https:\/\/secure.gravatar.com\/avatar\/266a66e864556e22d55d61b6b10c97fab9060767b738564bcd109f3997e372bc?s=96&d=mm&r=g\",\"caption\":\"juliasercanka\"},\"url\":\"https:\/\/jp2doc.pl\/fr\/author\/juliasercanka\/\"}]}<\/script>\n<!-- \/ Yoast SEO plugin. -->","yoast_head_json":{"title":"Qui est ce roi sans ambition politique ? - Centre de Documentation et d\u2019Etude du Pontificat de Jean-Paul II \u00e0 Rome","robots":{"index":"index","follow":"follow","max-snippet":"max-snippet:-1","max-image-preview":"max-image-preview:large","max-video-preview":"max-video-preview:-1"},"canonical":"https:\/\/jp2doc.pl\/fr\/2021\/11\/23\/qui-est-ce-roi-sans-ambition-politique\/","og_locale":"fr_FR","og_type":"article","og_title":"Qui est ce roi sans ambition politique ? - Centre de Documentation et d\u2019Etude du Pontificat de Jean-Paul II \u00e0 Rome","og_description":"Dimanche du Christ Roi","og_url":"https:\/\/jp2doc.pl\/fr\/2021\/11\/23\/qui-est-ce-roi-sans-ambition-politique\/","og_site_name":"Centre de Documentation et d\u2019Etude du Pontificat de Jean-Paul II \u00e0 Rome","article_published_time":"2021-11-23T21:13:07+00:00","article_modified_time":"2021-11-23T21:13:09+00:00","og_image":[{"width":1391,"height":699,"url":"https:\/\/jp2doc.pl\/fr\/wp-content\/uploads\/sites\/5\/2018\/01\/zachary-olson-383924-e1515919321793.jpg","type":"image\/jpeg"}],"author":"juliasercanka","twitter_card":"summary_large_image","twitter_misc":{"\u00c9crit par":"juliasercanka","Dur\u00e9e de lecture estim\u00e9e":"3 minutes"},"schema":{"@context":"https:\/\/schema.org","@graph":[{"@type":"Article","@id":"https:\/\/jp2doc.pl\/fr\/2021\/11\/23\/qui-est-ce-roi-sans-ambition-politique\/#article","isPartOf":{"@id":"https:\/\/jp2doc.pl\/fr\/2021\/11\/23\/qui-est-ce-roi-sans-ambition-politique\/"},"author":{"name":"juliasercanka","@id":"https:\/\/jp2doc.pl\/fr\/#\/schema\/person\/6110109e80abb51f6fac4824777eabfe"},"headline":"Qui est ce roi sans ambition politique ?","datePublished":"2021-11-23T21:13:07+00:00","dateModified":"2021-11-23T21:13:09+00:00","mainEntityOfPage":{"@id":"https:\/\/jp2doc.pl\/fr\/2021\/11\/23\/qui-est-ce-roi-sans-ambition-politique\/"},"wordCount":654,"commentCount":0,"publisher":{"@id":"https:\/\/jp2doc.pl\/fr\/#organization"},"image":{"@id":"https:\/\/jp2doc.pl\/fr\/2021\/11\/23\/qui-est-ce-roi-sans-ambition-politique\/#primaryimage"},"thumbnailUrl":"https:\/\/jp2doc.pl\/fr\/wp-content\/uploads\/sites\/5\/2018\/01\/zachary-olson-383924-e1515919321793.jpg","articleSection":["Blog","Strona g\u0142\u00f3wna - najnowsze","Strona g\u0142\u00f3wna - slider"],"inLanguage":"fr-FR","potentialAction":[{"@type":"CommentAction","name":"Comment","target":["https:\/\/jp2doc.pl\/fr\/2021\/11\/23\/qui-est-ce-roi-sans-ambition-politique\/#respond"]}]},{"@type":"WebPage","@id":"https:\/\/jp2doc.pl\/fr\/2021\/11\/23\/qui-est-ce-roi-sans-ambition-politique\/","url":"https:\/\/jp2doc.pl\/fr\/2021\/11\/23\/qui-est-ce-roi-sans-ambition-politique\/","name":"Qui est ce roi sans ambition politique ? - Centre de Documentation et d\u2019Etude du Pontificat de Jean-Paul II \u00e0 Rome","isPartOf":{"@id":"https:\/\/jp2doc.pl\/fr\/#website"},"primaryImageOfPage":{"@id":"https:\/\/jp2doc.pl\/fr\/2021\/11\/23\/qui-est-ce-roi-sans-ambition-politique\/#primaryimage"},"image":{"@id":"https:\/\/jp2doc.pl\/fr\/2021\/11\/23\/qui-est-ce-roi-sans-ambition-politique\/#primaryimage"},"thumbnailUrl":"https:\/\/jp2doc.pl\/fr\/wp-content\/uploads\/sites\/5\/2018\/01\/zachary-olson-383924-e1515919321793.jpg","datePublished":"2021-11-23T21:13:07+00:00","dateModified":"2021-11-23T21:13:09+00:00","breadcrumb":{"@id":"https:\/\/jp2doc.pl\/fr\/2021\/11\/23\/qui-est-ce-roi-sans-ambition-politique\/#breadcrumb"},"inLanguage":"fr-FR","potentialAction":[{"@type":"ReadAction","target":["https:\/\/jp2doc.pl\/fr\/2021\/11\/23\/qui-est-ce-roi-sans-ambition-politique\/"]}]},{"@type":"ImageObject","inLanguage":"fr-FR","@id":"https:\/\/jp2doc.pl\/fr\/2021\/11\/23\/qui-est-ce-roi-sans-ambition-politique\/#primaryimage","url":"https:\/\/jp2doc.pl\/fr\/wp-content\/uploads\/sites\/5\/2018\/01\/zachary-olson-383924-e1515919321793.jpg","contentUrl":"https:\/\/jp2doc.pl\/fr\/wp-content\/uploads\/sites\/5\/2018\/01\/zachary-olson-383924-e1515919321793.jpg","width":1391,"height":699},{"@type":"BreadcrumbList","@id":"https:\/\/jp2doc.pl\/fr\/2021\/11\/23\/qui-est-ce-roi-sans-ambition-politique\/#breadcrumb","itemListElement":[{"@type":"ListItem","position":1,"name":"Home","item":"https:\/\/jp2doc.pl\/fr\/"},{"@type":"ListItem","position":2,"name":"Qui est ce roi sans ambition politique ?"}]},{"@type":"WebSite","@id":"https:\/\/jp2doc.pl\/fr\/#website","url":"https:\/\/jp2doc.pl\/fr\/","name":"Centre de Documentation et d\u2019Etude du Pontificat de Jean-Paul II \u00e0 Rome","description":"","publisher":{"@id":"https:\/\/jp2doc.pl\/fr\/#organization"},"potentialAction":[{"@type":"SearchAction","target":{"@type":"EntryPoint","urlTemplate":"https:\/\/jp2doc.pl\/fr\/?s={search_term_string}"},"query-input":{"@type":"PropertyValueSpecification","valueRequired":true,"valueName":"search_term_string"}}],"inLanguage":"fr-FR"},{"@type":"Organization","@id":"https:\/\/jp2doc.pl\/fr\/#organization","name":"Centre de Documentation et d\u2019Etude du Pontificat de Jean-Paul II \u00e0 Rome","url":"https:\/\/jp2doc.pl\/fr\/","logo":{"@type":"ImageObject","inLanguage":"fr-FR","@id":"https:\/\/jp2doc.pl\/fr\/#\/schema\/logo\/image\/","url":"https:\/\/jp2doc.pl\/fr\/wp-content\/uploads\/sites\/5\/2017\/03\/cropped-logo.png","contentUrl":"https:\/\/jp2doc.pl\/fr\/wp-content\/uploads\/sites\/5\/2017\/03\/cropped-logo.png","width":115,"height":115,"caption":"Centre de Documentation et d\u2019Etude du Pontificat de Jean-Paul II \u00e0 Rome"},"image":{"@id":"https:\/\/jp2doc.pl\/fr\/#\/schema\/logo\/image\/"}},{"@type":"Person","@id":"https:\/\/jp2doc.pl\/fr\/#\/schema\/person\/6110109e80abb51f6fac4824777eabfe","name":"juliasercanka","image":{"@type":"ImageObject","inLanguage":"fr-FR","@id":"https:\/\/jp2doc.pl\/fr\/#\/schema\/person\/image\/","url":"https:\/\/secure.gravatar.com\/avatar\/266a66e864556e22d55d61b6b10c97fab9060767b738564bcd109f3997e372bc?s=96&d=mm&r=g","contentUrl":"https:\/\/secure.gravatar.com\/avatar\/266a66e864556e22d55d61b6b10c97fab9060767b738564bcd109f3997e372bc?s=96&d=mm&r=g","caption":"juliasercanka"},"url":"https:\/\/jp2doc.pl\/fr\/author\/juliasercanka\/"}]}},"_links":{"self":[{"href":"https:\/\/jp2doc.pl\/fr\/wp-json\/wp\/v2\/posts\/1996","targetHints":{"allow":["GET"]}}],"collection":[{"href":"https:\/\/jp2doc.pl\/fr\/wp-json\/wp\/v2\/posts"}],"about":[{"href":"https:\/\/jp2doc.pl\/fr\/wp-json\/wp\/v2\/types\/post"}],"author":[{"embeddable":true,"href":"https:\/\/jp2doc.pl\/fr\/wp-json\/wp\/v2\/users\/5"}],"replies":[{"embeddable":true,"href":"https:\/\/jp2doc.pl\/fr\/wp-json\/wp\/v2\/comments?post=1996"}],"version-history":[{"count":1,"href":"https:\/\/jp2doc.pl\/fr\/wp-json\/wp\/v2\/posts\/1996\/revisions"}],"predecessor-version":[{"id":1997,"href":"https:\/\/jp2doc.pl\/fr\/wp-json\/wp\/v2\/posts\/1996\/revisions\/1997"}],"wp:featuredmedia":[{"embeddable":true,"href":"https:\/\/jp2doc.pl\/fr\/wp-json\/wp\/v2\/media\/1332"}],"wp:attachment":[{"href":"https:\/\/jp2doc.pl\/fr\/wp-json\/wp\/v2\/media?parent=1996"}],"wp:term":[{"taxonomy":"category","embeddable":true,"href":"https:\/\/jp2doc.pl\/fr\/wp-json\/wp\/v2\/categories?post=1996"},{"taxonomy":"post_tag","embeddable":true,"href":"https:\/\/jp2doc.pl\/fr\/wp-json\/wp\/v2\/tags?post=1996"}],"curies":[{"name":"wp","href":"https:\/\/api.w.org\/{rel}","templated":true}]}}