{"id":2015,"date":"2021-12-25T11:15:26","date_gmt":"2021-12-25T10:15:26","guid":{"rendered":"https:\/\/jp2doc.pl\/fr\/?p=2015"},"modified":"2021-12-25T11:15:27","modified_gmt":"2021-12-25T10:15:27","slug":"sans-humilite-nous-ne-trouverons-dieu","status":"publish","type":"post","link":"https:\/\/jp2doc.pl\/fr\/2021\/12\/25\/sans-humilite-nous-ne-trouverons-dieu\/","title":{"rendered":"Sans humilit\u00e9, nous ne trouverons Dieu"},"content":{"rendered":"\n<p>En cette nuit o\u00f9 nous c\u00e9l\u00e9brons la naissance de J\u00e9sus dans notre monde, je voudrais vous partager la m\u00e9ditation du saint p\u00e8re en ce jour de joie. Le Pape nous rappelle une vertu que certains oublient en ce jour en fixant le regard sur l\u2019enfant J\u00e9sus couch\u00e9 dans une mangeoire sans voir en lui cette vertu fondamentale de la vie chr\u00e9tienne.<\/p>\n\n\n\n<p>Oui&nbsp;; le message des \u00e9vangiles en ce temps de No\u00ebl est clair <em>: la naissance de J\u00e9sus est un \u00e9v\u00e9nement universel qui concerne tous les hommes.<\/em><\/p>\n\n\n\n<p>Selon le Pape Fran\u00e7ois, seule l\u2019humilit\u00e9 est le chemin&nbsp;qui nous conduit \u00e0 Dieu et, en m\u00eame temps, pr\u00e9cis\u00e9ment parce qu\u2019elle nous conduit \u00e0 lui, elle nous conduit aussi \u00e0 l\u2019essentiel de la vie, \u00e0 son sens le plus vrai, \u00e0 la raison la plus s\u00fbre pour laquelle la vie vaut la peine d\u2019\u00eatre v\u00e9cue. Cette vertu \u00e9tait d\u00e9j\u00e0 soulign\u00e9e par sainte Th\u00e9r\u00e8se de l\u2019Enfant de J\u00e9sus, qui, a dit tout haut que l\u2019humilit\u00e9 est cette petite voie qui nous conduit au vers Dieu.<\/p>\n\n\n\n<p>Seule l\u2019humilit\u00e9 nous ouvre \u00e0 l\u2019exp\u00e9rience de la v\u00e9rit\u00e9, de la joie authentique, de la connaissance qui compte. Sans humilit\u00e9, nous sommes \u00ab&nbsp;coup\u00e9s&nbsp;\u00bb, nous sommes coup\u00e9s de la compr\u00e9hension de Dieu et de la compr\u00e9hension de nous-m\u00eames. Il faut \u00eatre humble pour nous comprendre aussi nous-m\u00eame, et d\u2019autant plus pour comprendre Dieu. Les Mages pouvaient \u00eatre des grands selon la logique du monde, mais ils se font petits, humbles, et c\u2019est pour cette raison qu\u2019ils r\u00e9ussissent \u00e0 trouver J\u00e9sus et \u00e0 le reconna\u00eetre. Ils acceptent l\u2019humilit\u00e9 de chercher, de se mettre en route, de demander, de risquer, de se tromper\u2026<\/p>\n\n\n\n<p>Tout homme, au plus profond de son c\u0153ur, est appel\u00e9 \u00e0 chercher Dieu&nbsp;: tous nous avons cette inqui\u00e9tude et notre t\u00e2che n\u2019est pas d\u2019\u00e9teindre cette inqui\u00e9tude, mais de la laisser grandir car c\u2019est l\u2019inqui\u00e9tude de la recherche de Dieu ; et, qui avec sa gr\u00e2ce aussi, peut le trouver. Faisons n\u00f4tre la pri\u00e8re de saint Anselme (1033-1109) : \u00ab&nbsp;Seigneur, apprends-moi \u00e0 te chercher. Montre-toi, quand je te cherche. Je ne peux pas te chercher si tu ne m\u2019enseignes pas, ni te trouver si tu ne te montres pas. Que je te cherche en te d\u00e9sirant et te d\u00e9sire en te cherchant ! Que je puisse te trouver en te cherchant et t\u2019aimer en te trouvant !&nbsp;\u00bb (Proslogion, 1).<\/p>\n\n\n\n<p>Je voudrais inviter tous les hommes et toutes les femmes dans la grotte de Bethl\u00e9em pour adorer le Fils de Dieu fait homme. Que chacun de nous s\u2019approche de la cr\u00e8che \u00e0 la maison, dans l\u2019\u00e9glise ou ailleurs, et essaie de faire un acte d\u2019adoration, \u00e0 l\u2019int\u00e9rieur de soi : \u00ab&nbsp;Je crois que tu es Dieu, que cet enfant est Dieu. S\u2019il te pla\u00eet, donne-moi la gr\u00e2ce de l\u2019humilit\u00e9 pour que je puisse comprendre&nbsp;\u00bb. Et moi j\u2019ajoute ceci&nbsp;: que chacun de nous s\u2019approche de cet enfant, doux et humble de c\u0153ur qui se laisse approcher par tout le monde. Allons \u00e0 sa rencontre sans peur ni honte, allons vers lui avec nos joies et nos peurs, allons vers lui en apportant comme les mages nos pr\u00e9sents, notre vie enti\u00e8re, allons comme des bergers et avec l\u2019invitation des anges, rentrons annoncer aux autres les merveilles de Dieu, ce que nous avons vu et ce que nous avons re\u00e7ue de lui&nbsp;!<\/p>\n\n\n\n<p>Au premier rang, pour s\u2019approcher de la cr\u00e8che et prier, je voudrais mettre les pauvres, que \u2013 comme exhortait saint Paul VI \u2013 \u00ab&nbsp;nous devons aimer, car ils sont en quelque sorte un sacrement du Christ ; en eux \u2013 dans les affam\u00e9s, les assoiff\u00e9s, les exil\u00e9s, les nus, les malades, et les prisonniers \u2013 il a voulu s\u2019identifier \u00e0 eux mystiquement. Nous devons les aider, souffrir avec eux, et nous devons aussi les suivre, car la pauvret\u00e9 est le chemin le plus s\u00fbr vers la pleine possession du Royaume de Dieu&nbsp;\u00bb (Hom\u00e9lie, 1er mai 1969). Pour cela nous devons demander l\u2019humilit\u00e9 comme une gr\u00e2ce : \u00ab&nbsp;Seigneur, que je ne sois pas orgueilleux, que je ne sois pas autosuffisant, que je ne crois pas \u00eatre le centre de l\u2019univers. Rends-moi humble. Donne-moi la gr\u00e2ce de l\u2019humilit\u00e9. Et avec cette humilit\u00e9, je peux te trouver. C\u2019est le seul moyen, hein ? Sans humilit\u00e9, nous ne trouverons jamais Dieu : nous nous trouverons nous-m\u00eames. Parce que la personne qui n\u2019a pas d\u2019humilit\u00e9 n\u2019a pas d\u2019horizon devant elle, elle n\u2019a qu\u2019un miroir : elle se regarde elle-m\u00eame, elle se regarde elle-m\u00eame. Demandons au Seigneur de briser le miroir et de regarder au-del\u00e0, vers l\u2019horizon, l\u00e0 o\u00f9 Il est. Mais \u00e7a, c\u2019est lui qui doit le faire : nous donner la gr\u00e2ce et la joie de l\u2019humilit\u00e9 pour prendre ce chemin.<\/p>\n\n\n\n<p>Et ensuite, fr\u00e8res et s\u0153urs, je voudrais accompagner \u00e0 Bethl\u00e9em, comme l\u2019\u00e9toile l\u2019a fait avec les Mages, tous ceux qui n\u2019ont pas une inqui\u00e9tude religieuse, qui ne posent pas le probl\u00e8me de Dieu, ou m\u00eame qui combattent la religion, tous ceux qu\u2019on appelle improprement&nbsp;ath\u00e9es. Je voudrais leur r\u00e9p\u00e9ter le message du Concile Vatican II : \u00ab&nbsp;L\u2019Eglise croit que la reconnaissance de Dieu ne s\u2019oppose en rien \u00e0 la dignit\u00e9 humaine, puisque cette dignit\u00e9 trouve pr\u00e9cis\u00e9ment en Dieu son fondement et sa perfection. [\u2026] L\u2019\u00c9glise sait parfaitement que son message est en harmonie avec les aspirations les plus secr\u00e8tes du c\u0153ur humain \u00bb (<a href=\"https:\/\/www.vatican.va\/archive\/hist_councils\/ii_vatican_council\/documents\/vat-ii_const_19651207_gaudium-et-spes_sp.html\"><em>Gaudium et spes<\/em><\/a>, 21).<\/p>\n\n\n\n<p>Retournons \u00e0 la maison avec le souhait des anges : \u00ab&nbsp;Paix sur terre aux hommes qu\u2019il aime&nbsp;\u00bb. Et rappelons-nous toujours : \u00ab&nbsp;Ce n\u2019est pas nous qui avons aim\u00e9 Dieu, mais lui qui nous a aim\u00e9s [\u2026]. Il nous a aim\u00e9s le premier&nbsp;\u00bb (1 Jn 4,10.19), il nous a cherch\u00e9. N\u2019oublions pas cela.<\/p>\n\n\n\n<p>Voil\u00e0 la raison de notre joie : nous avons \u00e9t\u00e9 aim\u00e9s, nous avons \u00e9t\u00e9 recherch\u00e9s, le Seigneur nous cherche pour nous trouver, pour nous aimer davantage. C\u2019est la raison de la joie&nbsp;: savoir que nous avons \u00e9t\u00e9 aim\u00e9s sans aucun m\u00e9rite, que nous sommes toujours pr\u00e9c\u00e9d\u00e9s par Dieu dans l\u2019amour, un amour si concret qu\u2019il s\u2019est fait chair et est venu habiter parmi nous, dans cet enfant que nous voyons dans la cr\u00e8che. Cet amour a un nom et un visage : J\u00e9sus. J\u00e9sus est le nom et le visage de l\u2019amour qui est au fondement de notre joie.<\/p>\n\n\n\n<p>Fr\u00e8res et s\u0153urs, je vous souhaite un joyeux No\u00ebl, un bon et saint No\u00ebl. Et je souhaite que \u2013 oui, [il] y aura des salutations, des r\u00e9unions de famille, c\u2019est tr\u00e8s beau, toujours \u2013 mais qu\u2019il y ait aussi la certitude que Dieu vient\u00a0pour moi. Que chacun dise : Dieu vient\u00a0pour moi. Avec la conscience que pour chercher Dieu, pour trouver Dieu, pour accepter Dieu, nous avons besoin d\u2019humilit\u00e9 : consid\u00e9rer avec humilit\u00e9 la gr\u00e2ce de briser le miroir de la vanit\u00e9, de l\u2019orgueil, de nous regarder nous-m\u00eames. Regarder J\u00e9sus, regarder l\u2019horizon, regarder Dieu qui vient chez nous et qui touche notre c\u0153ur avec cette inqui\u00e9tude qui nous conduit \u00e0 l\u2019esp\u00e9rance. Joyeux et saint No\u00ebl \u00e0 vous tous et \u00e0 chacun !<\/p>\n\n\n\n<p><strong>P\u00e8re Jean Claude Ciza<\/strong><\/p>\n\n\n\n<p><\/p>\n","protected":false},"excerpt":{"rendered":"<p>Nativit\u00e9 du Seigneur<\/p>\n","protected":false},"author":5,"featured_media":1594,"comment_status":"open","ping_status":"open","sticky":false,"template":"","format":"standard","meta":{"_acf_changed":false,"_exactmetrics_skip_tracking":false,"_exactmetrics_sitenote_active":false,"_exactmetrics_sitenote_note":"","_exactmetrics_sitenote_category":0,"footnotes":""},"categories":[4,13,14],"tags":[],"class_list":["post-2015","post","type-post","status-publish","format-standard","has-post-thumbnail","hentry","category-blog","category-strona-glowna-najnowsze","category-strona-glowna-slider"],"acf":[],"yoast_head":"<!-- This site is optimized with the Yoast SEO plugin v26.2 - https:\/\/yoast.com\/wordpress\/plugins\/seo\/ -->\n<title>Sans humilit\u00e9, nous ne trouverons Dieu - Centre de Documentation et d\u2019Etude du Pontificat de Jean-Paul II \u00e0 Rome<\/title>\n<meta name=\"robots\" content=\"index, follow, max-snippet:-1, max-image-preview:large, max-video-preview:-1\" \/>\n<link rel=\"canonical\" href=\"https:\/\/jp2doc.pl\/fr\/2021\/12\/25\/sans-humilite-nous-ne-trouverons-dieu\/\" \/>\n<meta property=\"og:locale\" content=\"fr_FR\" \/>\n<meta property=\"og:type\" content=\"article\" \/>\n<meta property=\"og:title\" content=\"Sans humilit\u00e9, nous ne trouverons Dieu - Centre de Documentation et d\u2019Etude du Pontificat de Jean-Paul II \u00e0 Rome\" \/>\n<meta property=\"og:description\" content=\"Nativit\u00e9 du Seigneur\" \/>\n<meta property=\"og:url\" content=\"https:\/\/jp2doc.pl\/fr\/2021\/12\/25\/sans-humilite-nous-ne-trouverons-dieu\/\" \/>\n<meta property=\"og:site_name\" content=\"Centre de Documentation et d\u2019Etude du Pontificat de Jean-Paul II \u00e0 Rome\" \/>\n<meta property=\"article:published_time\" content=\"2021-12-25T10:15:26+00:00\" \/>\n<meta property=\"article:modified_time\" content=\"2021-12-25T10:15:27+00:00\" \/>\n<meta property=\"og:image\" content=\"https:\/\/jp2doc.pl\/fr\/wp-content\/uploads\/sites\/5\/2020\/01\/nativity-447767_1280.jpg\" \/>\n\t<meta property=\"og:image:width\" content=\"1280\" \/>\n\t<meta property=\"og:image:height\" content=\"853\" \/>\n\t<meta property=\"og:image:type\" content=\"image\/jpeg\" \/>\n<meta name=\"author\" content=\"juliasercanka\" \/>\n<meta name=\"twitter:card\" content=\"summary_large_image\" \/>\n<meta name=\"twitter:label1\" content=\"\u00c9crit par\" \/>\n\t<meta name=\"twitter:data1\" content=\"juliasercanka\" \/>\n\t<meta name=\"twitter:label2\" content=\"Dur\u00e9e de lecture estim\u00e9e\" \/>\n\t<meta name=\"twitter:data2\" content=\"5 minutes\" \/>\n<script type=\"application\/ld+json\" class=\"yoast-schema-graph\">{\"@context\":\"https:\/\/schema.org\",\"@graph\":[{\"@type\":\"Article\",\"@id\":\"https:\/\/jp2doc.pl\/fr\/2021\/12\/25\/sans-humilite-nous-ne-trouverons-dieu\/#article\",\"isPartOf\":{\"@id\":\"https:\/\/jp2doc.pl\/fr\/2021\/12\/25\/sans-humilite-nous-ne-trouverons-dieu\/\"},\"author\":{\"name\":\"juliasercanka\",\"@id\":\"https:\/\/jp2doc.pl\/fr\/#\/schema\/person\/6110109e80abb51f6fac4824777eabfe\"},\"headline\":\"Sans humilit\u00e9, nous ne trouverons Dieu\",\"datePublished\":\"2021-12-25T10:15:26+00:00\",\"dateModified\":\"2021-12-25T10:15:27+00:00\",\"mainEntityOfPage\":{\"@id\":\"https:\/\/jp2doc.pl\/fr\/2021\/12\/25\/sans-humilite-nous-ne-trouverons-dieu\/\"},\"wordCount\":1301,\"commentCount\":0,\"publisher\":{\"@id\":\"https:\/\/jp2doc.pl\/fr\/#organization\"},\"image\":{\"@id\":\"https:\/\/jp2doc.pl\/fr\/2021\/12\/25\/sans-humilite-nous-ne-trouverons-dieu\/#primaryimage\"},\"thumbnailUrl\":\"https:\/\/jp2doc.pl\/fr\/wp-content\/uploads\/sites\/5\/2020\/01\/nativity-447767_1280.jpg\",\"articleSection\":[\"Blog\",\"Strona g\u0142\u00f3wna - najnowsze\",\"Strona g\u0142\u00f3wna - slider\"],\"inLanguage\":\"fr-FR\",\"potentialAction\":[{\"@type\":\"CommentAction\",\"name\":\"Comment\",\"target\":[\"https:\/\/jp2doc.pl\/fr\/2021\/12\/25\/sans-humilite-nous-ne-trouverons-dieu\/#respond\"]}]},{\"@type\":\"WebPage\",\"@id\":\"https:\/\/jp2doc.pl\/fr\/2021\/12\/25\/sans-humilite-nous-ne-trouverons-dieu\/\",\"url\":\"https:\/\/jp2doc.pl\/fr\/2021\/12\/25\/sans-humilite-nous-ne-trouverons-dieu\/\",\"name\":\"Sans humilit\u00e9, nous ne trouverons Dieu - Centre de Documentation et d\u2019Etude du Pontificat de Jean-Paul II \u00e0 Rome\",\"isPartOf\":{\"@id\":\"https:\/\/jp2doc.pl\/fr\/#website\"},\"primaryImageOfPage\":{\"@id\":\"https:\/\/jp2doc.pl\/fr\/2021\/12\/25\/sans-humilite-nous-ne-trouverons-dieu\/#primaryimage\"},\"image\":{\"@id\":\"https:\/\/jp2doc.pl\/fr\/2021\/12\/25\/sans-humilite-nous-ne-trouverons-dieu\/#primaryimage\"},\"thumbnailUrl\":\"https:\/\/jp2doc.pl\/fr\/wp-content\/uploads\/sites\/5\/2020\/01\/nativity-447767_1280.jpg\",\"datePublished\":\"2021-12-25T10:15:26+00:00\",\"dateModified\":\"2021-12-25T10:15:27+00:00\",\"breadcrumb\":{\"@id\":\"https:\/\/jp2doc.pl\/fr\/2021\/12\/25\/sans-humilite-nous-ne-trouverons-dieu\/#breadcrumb\"},\"inLanguage\":\"fr-FR\",\"potentialAction\":[{\"@type\":\"ReadAction\",\"target\":[\"https:\/\/jp2doc.pl\/fr\/2021\/12\/25\/sans-humilite-nous-ne-trouverons-dieu\/\"]}]},{\"@type\":\"ImageObject\",\"inLanguage\":\"fr-FR\",\"@id\":\"https:\/\/jp2doc.pl\/fr\/2021\/12\/25\/sans-humilite-nous-ne-trouverons-dieu\/#primaryimage\",\"url\":\"https:\/\/jp2doc.pl\/fr\/wp-content\/uploads\/sites\/5\/2020\/01\/nativity-447767_1280.jpg\",\"contentUrl\":\"https:\/\/jp2doc.pl\/fr\/wp-content\/uploads\/sites\/5\/2020\/01\/nativity-447767_1280.jpg\",\"width\":1280,\"height\":853},{\"@type\":\"BreadcrumbList\",\"@id\":\"https:\/\/jp2doc.pl\/fr\/2021\/12\/25\/sans-humilite-nous-ne-trouverons-dieu\/#breadcrumb\",\"itemListElement\":[{\"@type\":\"ListItem\",\"position\":1,\"name\":\"Home\",\"item\":\"https:\/\/jp2doc.pl\/fr\/\"},{\"@type\":\"ListItem\",\"position\":2,\"name\":\"Sans humilit\u00e9, nous ne trouverons Dieu\"}]},{\"@type\":\"WebSite\",\"@id\":\"https:\/\/jp2doc.pl\/fr\/#website\",\"url\":\"https:\/\/jp2doc.pl\/fr\/\",\"name\":\"Centre de Documentation et d\u2019Etude du Pontificat de Jean-Paul II \u00e0 Rome\",\"description\":\"\",\"publisher\":{\"@id\":\"https:\/\/jp2doc.pl\/fr\/#organization\"},\"potentialAction\":[{\"@type\":\"SearchAction\",\"target\":{\"@type\":\"EntryPoint\",\"urlTemplate\":\"https:\/\/jp2doc.pl\/fr\/?s={search_term_string}\"},\"query-input\":{\"@type\":\"PropertyValueSpecification\",\"valueRequired\":true,\"valueName\":\"search_term_string\"}}],\"inLanguage\":\"fr-FR\"},{\"@type\":\"Organization\",\"@id\":\"https:\/\/jp2doc.pl\/fr\/#organization\",\"name\":\"Centre de Documentation et d\u2019Etude du Pontificat de Jean-Paul II \u00e0 Rome\",\"url\":\"https:\/\/jp2doc.pl\/fr\/\",\"logo\":{\"@type\":\"ImageObject\",\"inLanguage\":\"fr-FR\",\"@id\":\"https:\/\/jp2doc.pl\/fr\/#\/schema\/logo\/image\/\",\"url\":\"https:\/\/jp2doc.pl\/fr\/wp-content\/uploads\/sites\/5\/2017\/03\/cropped-logo.png\",\"contentUrl\":\"https:\/\/jp2doc.pl\/fr\/wp-content\/uploads\/sites\/5\/2017\/03\/cropped-logo.png\",\"width\":115,\"height\":115,\"caption\":\"Centre de Documentation et d\u2019Etude du Pontificat de Jean-Paul II \u00e0 Rome\"},\"image\":{\"@id\":\"https:\/\/jp2doc.pl\/fr\/#\/schema\/logo\/image\/\"}},{\"@type\":\"Person\",\"@id\":\"https:\/\/jp2doc.pl\/fr\/#\/schema\/person\/6110109e80abb51f6fac4824777eabfe\",\"name\":\"juliasercanka\",\"image\":{\"@type\":\"ImageObject\",\"inLanguage\":\"fr-FR\",\"@id\":\"https:\/\/jp2doc.pl\/fr\/#\/schema\/person\/image\/\",\"url\":\"https:\/\/secure.gravatar.com\/avatar\/266a66e864556e22d55d61b6b10c97fab9060767b738564bcd109f3997e372bc?s=96&d=mm&r=g\",\"contentUrl\":\"https:\/\/secure.gravatar.com\/avatar\/266a66e864556e22d55d61b6b10c97fab9060767b738564bcd109f3997e372bc?s=96&d=mm&r=g\",\"caption\":\"juliasercanka\"},\"url\":\"https:\/\/jp2doc.pl\/fr\/author\/juliasercanka\/\"}]}<\/script>\n<!-- \/ Yoast SEO plugin. -->","yoast_head_json":{"title":"Sans humilit\u00e9, nous ne trouverons Dieu - Centre de Documentation et d\u2019Etude du Pontificat de Jean-Paul II \u00e0 Rome","robots":{"index":"index","follow":"follow","max-snippet":"max-snippet:-1","max-image-preview":"max-image-preview:large","max-video-preview":"max-video-preview:-1"},"canonical":"https:\/\/jp2doc.pl\/fr\/2021\/12\/25\/sans-humilite-nous-ne-trouverons-dieu\/","og_locale":"fr_FR","og_type":"article","og_title":"Sans humilit\u00e9, nous ne trouverons Dieu - Centre de Documentation et d\u2019Etude du Pontificat de Jean-Paul II \u00e0 Rome","og_description":"Nativit\u00e9 du Seigneur","og_url":"https:\/\/jp2doc.pl\/fr\/2021\/12\/25\/sans-humilite-nous-ne-trouverons-dieu\/","og_site_name":"Centre de Documentation et d\u2019Etude du Pontificat de Jean-Paul II \u00e0 Rome","article_published_time":"2021-12-25T10:15:26+00:00","article_modified_time":"2021-12-25T10:15:27+00:00","og_image":[{"width":1280,"height":853,"url":"https:\/\/jp2doc.pl\/fr\/wp-content\/uploads\/sites\/5\/2020\/01\/nativity-447767_1280.jpg","type":"image\/jpeg"}],"author":"juliasercanka","twitter_card":"summary_large_image","twitter_misc":{"\u00c9crit par":"juliasercanka","Dur\u00e9e de lecture estim\u00e9e":"5 minutes"},"schema":{"@context":"https:\/\/schema.org","@graph":[{"@type":"Article","@id":"https:\/\/jp2doc.pl\/fr\/2021\/12\/25\/sans-humilite-nous-ne-trouverons-dieu\/#article","isPartOf":{"@id":"https:\/\/jp2doc.pl\/fr\/2021\/12\/25\/sans-humilite-nous-ne-trouverons-dieu\/"},"author":{"name":"juliasercanka","@id":"https:\/\/jp2doc.pl\/fr\/#\/schema\/person\/6110109e80abb51f6fac4824777eabfe"},"headline":"Sans humilit\u00e9, nous ne trouverons Dieu","datePublished":"2021-12-25T10:15:26+00:00","dateModified":"2021-12-25T10:15:27+00:00","mainEntityOfPage":{"@id":"https:\/\/jp2doc.pl\/fr\/2021\/12\/25\/sans-humilite-nous-ne-trouverons-dieu\/"},"wordCount":1301,"commentCount":0,"publisher":{"@id":"https:\/\/jp2doc.pl\/fr\/#organization"},"image":{"@id":"https:\/\/jp2doc.pl\/fr\/2021\/12\/25\/sans-humilite-nous-ne-trouverons-dieu\/#primaryimage"},"thumbnailUrl":"https:\/\/jp2doc.pl\/fr\/wp-content\/uploads\/sites\/5\/2020\/01\/nativity-447767_1280.jpg","articleSection":["Blog","Strona g\u0142\u00f3wna - najnowsze","Strona g\u0142\u00f3wna - slider"],"inLanguage":"fr-FR","potentialAction":[{"@type":"CommentAction","name":"Comment","target":["https:\/\/jp2doc.pl\/fr\/2021\/12\/25\/sans-humilite-nous-ne-trouverons-dieu\/#respond"]}]},{"@type":"WebPage","@id":"https:\/\/jp2doc.pl\/fr\/2021\/12\/25\/sans-humilite-nous-ne-trouverons-dieu\/","url":"https:\/\/jp2doc.pl\/fr\/2021\/12\/25\/sans-humilite-nous-ne-trouverons-dieu\/","name":"Sans humilit\u00e9, nous ne trouverons Dieu - Centre de Documentation et d\u2019Etude du Pontificat de Jean-Paul II \u00e0 Rome","isPartOf":{"@id":"https:\/\/jp2doc.pl\/fr\/#website"},"primaryImageOfPage":{"@id":"https:\/\/jp2doc.pl\/fr\/2021\/12\/25\/sans-humilite-nous-ne-trouverons-dieu\/#primaryimage"},"image":{"@id":"https:\/\/jp2doc.pl\/fr\/2021\/12\/25\/sans-humilite-nous-ne-trouverons-dieu\/#primaryimage"},"thumbnailUrl":"https:\/\/jp2doc.pl\/fr\/wp-content\/uploads\/sites\/5\/2020\/01\/nativity-447767_1280.jpg","datePublished":"2021-12-25T10:15:26+00:00","dateModified":"2021-12-25T10:15:27+00:00","breadcrumb":{"@id":"https:\/\/jp2doc.pl\/fr\/2021\/12\/25\/sans-humilite-nous-ne-trouverons-dieu\/#breadcrumb"},"inLanguage":"fr-FR","potentialAction":[{"@type":"ReadAction","target":["https:\/\/jp2doc.pl\/fr\/2021\/12\/25\/sans-humilite-nous-ne-trouverons-dieu\/"]}]},{"@type":"ImageObject","inLanguage":"fr-FR","@id":"https:\/\/jp2doc.pl\/fr\/2021\/12\/25\/sans-humilite-nous-ne-trouverons-dieu\/#primaryimage","url":"https:\/\/jp2doc.pl\/fr\/wp-content\/uploads\/sites\/5\/2020\/01\/nativity-447767_1280.jpg","contentUrl":"https:\/\/jp2doc.pl\/fr\/wp-content\/uploads\/sites\/5\/2020\/01\/nativity-447767_1280.jpg","width":1280,"height":853},{"@type":"BreadcrumbList","@id":"https:\/\/jp2doc.pl\/fr\/2021\/12\/25\/sans-humilite-nous-ne-trouverons-dieu\/#breadcrumb","itemListElement":[{"@type":"ListItem","position":1,"name":"Home","item":"https:\/\/jp2doc.pl\/fr\/"},{"@type":"ListItem","position":2,"name":"Sans humilit\u00e9, nous ne trouverons Dieu"}]},{"@type":"WebSite","@id":"https:\/\/jp2doc.pl\/fr\/#website","url":"https:\/\/jp2doc.pl\/fr\/","name":"Centre de Documentation et d\u2019Etude du Pontificat de Jean-Paul II \u00e0 Rome","description":"","publisher":{"@id":"https:\/\/jp2doc.pl\/fr\/#organization"},"potentialAction":[{"@type":"SearchAction","target":{"@type":"EntryPoint","urlTemplate":"https:\/\/jp2doc.pl\/fr\/?s={search_term_string}"},"query-input":{"@type":"PropertyValueSpecification","valueRequired":true,"valueName":"search_term_string"}}],"inLanguage":"fr-FR"},{"@type":"Organization","@id":"https:\/\/jp2doc.pl\/fr\/#organization","name":"Centre de Documentation et d\u2019Etude du Pontificat de Jean-Paul II \u00e0 Rome","url":"https:\/\/jp2doc.pl\/fr\/","logo":{"@type":"ImageObject","inLanguage":"fr-FR","@id":"https:\/\/jp2doc.pl\/fr\/#\/schema\/logo\/image\/","url":"https:\/\/jp2doc.pl\/fr\/wp-content\/uploads\/sites\/5\/2017\/03\/cropped-logo.png","contentUrl":"https:\/\/jp2doc.pl\/fr\/wp-content\/uploads\/sites\/5\/2017\/03\/cropped-logo.png","width":115,"height":115,"caption":"Centre de Documentation et d\u2019Etude du Pontificat de Jean-Paul II \u00e0 Rome"},"image":{"@id":"https:\/\/jp2doc.pl\/fr\/#\/schema\/logo\/image\/"}},{"@type":"Person","@id":"https:\/\/jp2doc.pl\/fr\/#\/schema\/person\/6110109e80abb51f6fac4824777eabfe","name":"juliasercanka","image":{"@type":"ImageObject","inLanguage":"fr-FR","@id":"https:\/\/jp2doc.pl\/fr\/#\/schema\/person\/image\/","url":"https:\/\/secure.gravatar.com\/avatar\/266a66e864556e22d55d61b6b10c97fab9060767b738564bcd109f3997e372bc?s=96&d=mm&r=g","contentUrl":"https:\/\/secure.gravatar.com\/avatar\/266a66e864556e22d55d61b6b10c97fab9060767b738564bcd109f3997e372bc?s=96&d=mm&r=g","caption":"juliasercanka"},"url":"https:\/\/jp2doc.pl\/fr\/author\/juliasercanka\/"}]}},"_links":{"self":[{"href":"https:\/\/jp2doc.pl\/fr\/wp-json\/wp\/v2\/posts\/2015","targetHints":{"allow":["GET"]}}],"collection":[{"href":"https:\/\/jp2doc.pl\/fr\/wp-json\/wp\/v2\/posts"}],"about":[{"href":"https:\/\/jp2doc.pl\/fr\/wp-json\/wp\/v2\/types\/post"}],"author":[{"embeddable":true,"href":"https:\/\/jp2doc.pl\/fr\/wp-json\/wp\/v2\/users\/5"}],"replies":[{"embeddable":true,"href":"https:\/\/jp2doc.pl\/fr\/wp-json\/wp\/v2\/comments?post=2015"}],"version-history":[{"count":1,"href":"https:\/\/jp2doc.pl\/fr\/wp-json\/wp\/v2\/posts\/2015\/revisions"}],"predecessor-version":[{"id":2016,"href":"https:\/\/jp2doc.pl\/fr\/wp-json\/wp\/v2\/posts\/2015\/revisions\/2016"}],"wp:featuredmedia":[{"embeddable":true,"href":"https:\/\/jp2doc.pl\/fr\/wp-json\/wp\/v2\/media\/1594"}],"wp:attachment":[{"href":"https:\/\/jp2doc.pl\/fr\/wp-json\/wp\/v2\/media?parent=2015"}],"wp:term":[{"taxonomy":"category","embeddable":true,"href":"https:\/\/jp2doc.pl\/fr\/wp-json\/wp\/v2\/categories?post=2015"},{"taxonomy":"post_tag","embeddable":true,"href":"https:\/\/jp2doc.pl\/fr\/wp-json\/wp\/v2\/tags?post=2015"}],"curies":[{"name":"wp","href":"https:\/\/api.w.org\/{rel}","templated":true}]}}