{"id":2018,"date":"2021-12-29T16:11:53","date_gmt":"2021-12-29T15:11:53","guid":{"rendered":"https:\/\/jp2doc.pl\/fr\/?p=2018"},"modified":"2021-12-29T16:11:54","modified_gmt":"2021-12-29T15:11:54","slug":"belle-lecon-dhumilite","status":"publish","type":"post","link":"https:\/\/jp2doc.pl\/fr\/2021\/12\/29\/belle-lecon-dhumilite\/","title":{"rendered":"Belle le\u00e7on d\u2019humilit\u00e9"},"content":{"rendered":"\n<p>\u00a01S, 20-22. 24-28\u00a0; Ps 83\u00a0; Jn3,1-2.21-24\u00a0; Lc2, 41-52.<\/p>\n\n\n\n<p>Aujourd\u2019hui nous c\u00e9l\u00e9brons la f\u00eate de la sainte Famille. Nous voulons en cette f\u00eate prier pour toutes les familles du monde et particuli\u00e8rement pour celles qui traversent des moments de crise d\u2019amour, de confiance, des familles qui n\u2019ont pas d\u2019enfants, des familles dont les enfants sont un peu d\u00e9linquants&nbsp;\u2026<\/p>\n\n\n\n<p>Notre m\u00e9ditation va porter sur la figure de la sainte famille de Nazareth, la famille de Marie, Joseph et l\u2019enfant J\u00e9sus.<\/p>\n\n\n\n<p>En effet, fid\u00e8les \u00e0 la l\u00e9gislation (Ex 34, 23 et 16, 16), qui prescrit \u00e0 tout fid\u00e8le juif de se rendre \u00e0 J\u00e9rusalem trois fois par an, les parents de J\u00e9sus l\u2019am\u00e8nent dans la ville sainte alors qu\u2019il a 12 ans, \u00e2ge de la maturit\u00e9 religieuse.&nbsp; Ainsi donc, ils font un p\u00e8lerinage.<\/p>\n\n\n\n<p>Au terme du p\u00e8lerinage de pr\u00e8s d\u2019une semaine, se produisit l\u2019incident rapport\u00e9 par Luc : \u00e0 l\u2019insu de ses parents, J\u00e9sus prolonge son s\u00e9jour \u00e0 J\u00e9rusalem et n\u2019est retrouv\u00e9 que trois jours plus tard, assis dans une salle du temple aux pieds des rabbins, \u00e9coutant leur enseignement et r\u00e9pondant \u00e0 leurs questions. Cette disparition fait \u00e9clater une crise insolite qui met en relief les qualit\u00e9s exceptionnelles de ce jeune couple, surpris par les \u00e9v\u00e9nements. Dans leur simplicit\u00e9 et leur spontan\u00e9it\u00e9, ils nous r\u00e9v\u00e8lent les dispositions essentielles que nous devons avoir face \u00e0 l\u2019\u00e9preuve. Chers fr\u00e8res et s\u0153urs, chers parents, r\u00e9sumons-les en ces quelques points.<\/p>\n\n\n\n<ul class=\"wp-block-list\"><li>Quand survient la crise dans une famille, dans un foyer, dans un couple, l\u2019amour doit unir davantage. Nous voyons que dans le couple de Joseph et Marie devant l\u2019absence inattendue de leur fils, ils ne c\u00e8dent pas \u00e0 la tentation de rechercher un bouc \u00e9missaire. Ils assument la situation en se serrant les coudes, sans s\u2019accuser r\u00e9ciproquement. Ainsi, lorsque se d\u00e9clenche une adversit\u00e9, il faut resserrer les rangs en se faisant mutuellement confiance.<\/li><li>Devant le besoin, l\u2019amour rend solidaires. Marie et Joseph refont ensemble le chemin inverse, \u00e0 la recherche de J\u00e9sus. Malgr\u00e9 la fatigue, tous les deux se mettent en route, pour se soutenir. Apprenons de leur exemple que l\u2019amour vrai non seulement encourage l\u2019autre \u00e0 s\u2019engager, mais surtout affronte les difficult\u00e9s avec lui.<\/li><li>M\u00eame dans le d\u00e9saccord, l\u2019amour garde la douceur. En retrouvant J\u00e9sus, Marie ne l\u2019accuse pas. Elle se contente de lui faire part de leur inqui\u00e9tude. Nous confondons si facilement la v\u00e9rit\u00e9 avec l\u2019agressivit\u00e9. En r\u00e9alit\u00e9, celui qui aime sait trouver les mots justes, m\u00eame pour exprimer son dissentiment.<\/li><li>Pour \u00eatre plus fort l\u2019amour parle \u00e0 l\u2019unisson. S\u2019adressant \u00e0 son fils, Marie lui parle au pluriel&nbsp;: \u00ab&nbsp;<em>mon enfant, pourquoi as-tu agi de la sorte avec nous<\/em>&nbsp;\u00bb&nbsp;? <em>vois, ton p\u00e8re et moi, nous te cherchons tout angoiss\u00e9s&nbsp;\u00bb.<\/em> L\u2019amour a le souci des autres, de la communaut\u00e9, de l\u2019ensemble. L\u2019\u00e9go\u00efsme au contraire isole et disperse.<\/li><li>M\u00eame quand il ne comprend pas, l\u2019amour garde le respect. La r\u00e9ponse myst\u00e9rieuse de J\u00e9sus bouleverse ses parents&nbsp;: <em>\u00ab&nbsp;pourquoi me cherchiez -vous&nbsp;? ne saviez-vous pas que je dois \u00eatre aux affaires de mon P\u00e8re&nbsp;?<\/em>&nbsp;\u00bb. En effet, ils n\u2019ont r\u00e9ellement pas saisi le sens de ces mots insolites, et pourtant ils l\u2019\u00e9coutent avec respect, laissant cette d\u00e9claration p\u00e9n\u00e9trer dans leur c\u0153ur. L\u2019Esprit fera le reste. Belle le\u00e7on d\u2019humilit\u00e9 pour notre soci\u00e9t\u00e9 o\u00f9 l\u2019on n\u2019aime pas \u00eatre contrari\u00e9. Chers parents, donnez la parole \u00e0 vos enfants, m\u00eame quand ils sont fautifs, il faut les laisser s\u2019exprimer. C\u2019est tr\u00e8s n\u00e9cessaire. Il faut dialoguer avec les enfants.<\/li><li>En toute circonstance, l\u2019amour cherche \u00e0 se d\u00e9passer. L\u2019\u00e9pisode s\u2019ach\u00e8ve par ses mots bien r\u00e9v\u00e9lateurs&nbsp;: \u00ab&nbsp;<em>il descendit avec eux pour rentrer \u00e0 Nazareth, et il leur \u00e9tait soumis. Sa m\u00e8re gardait dans son c\u0153ur tous ces \u00e9v\u00e9nements. Quant \u00e0 J\u00e9sus, il grandissait en sagesse en taille et en gr\u00e2ce, sous le regard de Dieu et des hommes<\/em>&nbsp;\u00bb (Lc 2, 41-42).<\/li><\/ul>\n\n\n\n<p>Disons en conclusion que dans le foyer de Nazareth, \u00e0 l\u2019\u00e9cole de Marie et Joseph, celui dont la nature est d\u2019\u00eatres AMOUR fait l\u2019exp\u00e9rience humaine de l\u2019ob\u00e9issance, de la soumission et du don de soi qui le conduiront jusqu\u2019au sacrifice supr\u00eame de sa vie. Il a appris \u00e0 grandir dans l\u2019amour humain et divin, tout comme ses parents.<\/p>\n\n\n\n<p>Que la Vierge Marie et Joseph, obtiennent \u00e0 nos familles, \u00e0 tous les couples chr\u00e9tiens, la gr\u00e2ce d\u2019un amour vrai qui uni davantage, un amour qui rend solidaires, un amour qui garde la douceur, qui parle \u00e0 l\u2019unisson, qui garde le respect de chacun et ouvre au dialogue, un amour cherche \u00e0 se d\u00e9passer pour se comprendre et s\u2019accepter mutuellement&nbsp;; bref, un amour don de soi.<\/p>\n\n\n\n<p>Bonne f\u00eate de la sainte Famille \u00e0 vous tous&nbsp;!<\/p>\n\n\n\n<p><strong>Abb\u00e9 Jean Claude<\/strong><\/p>\n","protected":false},"excerpt":{"rendered":"<p>La Sainte Famille<\/p>\n","protected":false},"author":5,"featured_media":1830,"comment_status":"open","ping_status":"open","sticky":false,"template":"","format":"standard","meta":{"_acf_changed":false,"_exactmetrics_skip_tracking":false,"_exactmetrics_sitenote_active":false,"_exactmetrics_sitenote_note":"","_exactmetrics_sitenote_category":0,"footnotes":""},"categories":[4,13,14],"tags":[],"class_list":["post-2018","post","type-post","status-publish","format-standard","has-post-thumbnail","hentry","category-blog","category-strona-glowna-najnowsze","category-strona-glowna-slider"],"acf":[],"yoast_head":"<!-- This site is optimized with the Yoast SEO plugin v26.2 - https:\/\/yoast.com\/wordpress\/plugins\/seo\/ -->\n<title>Belle le\u00e7on d\u2019humilit\u00e9 - Centre de Documentation et d\u2019Etude du Pontificat de Jean-Paul II \u00e0 Rome<\/title>\n<meta name=\"robots\" content=\"index, follow, max-snippet:-1, max-image-preview:large, max-video-preview:-1\" \/>\n<link rel=\"canonical\" href=\"https:\/\/jp2doc.pl\/fr\/2021\/12\/29\/belle-lecon-dhumilite\/\" \/>\n<meta property=\"og:locale\" content=\"fr_FR\" \/>\n<meta property=\"og:type\" content=\"article\" \/>\n<meta property=\"og:title\" content=\"Belle le\u00e7on d\u2019humilit\u00e9 - Centre de Documentation et d\u2019Etude du Pontificat de Jean-Paul II \u00e0 Rome\" \/>\n<meta property=\"og:description\" content=\"La Sainte Famille\" \/>\n<meta property=\"og:url\" content=\"https:\/\/jp2doc.pl\/fr\/2021\/12\/29\/belle-lecon-dhumilite\/\" \/>\n<meta property=\"og:site_name\" content=\"Centre de Documentation et d\u2019Etude du Pontificat de Jean-Paul II \u00e0 Rome\" \/>\n<meta property=\"article:published_time\" content=\"2021-12-29T15:11:53+00:00\" \/>\n<meta property=\"article:modified_time\" content=\"2021-12-29T15:11:54+00:00\" \/>\n<meta property=\"og:image\" content=\"https:\/\/jp2doc.pl\/fr\/wp-content\/uploads\/sites\/5\/2020\/12\/BN_Rzym_annn.jpg\" \/>\n\t<meta property=\"og:image:width\" content=\"1247\" \/>\n\t<meta property=\"og:image:height\" content=\"770\" \/>\n\t<meta property=\"og:image:type\" content=\"image\/jpeg\" \/>\n<meta name=\"author\" content=\"juliasercanka\" \/>\n<meta name=\"twitter:card\" content=\"summary_large_image\" \/>\n<meta name=\"twitter:label1\" content=\"\u00c9crit par\" \/>\n\t<meta name=\"twitter:data1\" content=\"juliasercanka\" \/>\n\t<meta name=\"twitter:label2\" content=\"Dur\u00e9e de lecture estim\u00e9e\" \/>\n\t<meta name=\"twitter:data2\" content=\"4 minutes\" \/>\n<script type=\"application\/ld+json\" class=\"yoast-schema-graph\">{\"@context\":\"https:\/\/schema.org\",\"@graph\":[{\"@type\":\"Article\",\"@id\":\"https:\/\/jp2doc.pl\/fr\/2021\/12\/29\/belle-lecon-dhumilite\/#article\",\"isPartOf\":{\"@id\":\"https:\/\/jp2doc.pl\/fr\/2021\/12\/29\/belle-lecon-dhumilite\/\"},\"author\":{\"name\":\"juliasercanka\",\"@id\":\"https:\/\/jp2doc.pl\/fr\/#\/schema\/person\/6110109e80abb51f6fac4824777eabfe\"},\"headline\":\"Belle le\u00e7on d\u2019humilit\u00e9\",\"datePublished\":\"2021-12-29T15:11:53+00:00\",\"dateModified\":\"2021-12-29T15:11:54+00:00\",\"mainEntityOfPage\":{\"@id\":\"https:\/\/jp2doc.pl\/fr\/2021\/12\/29\/belle-lecon-dhumilite\/\"},\"wordCount\":877,\"commentCount\":0,\"publisher\":{\"@id\":\"https:\/\/jp2doc.pl\/fr\/#organization\"},\"image\":{\"@id\":\"https:\/\/jp2doc.pl\/fr\/2021\/12\/29\/belle-lecon-dhumilite\/#primaryimage\"},\"thumbnailUrl\":\"https:\/\/jp2doc.pl\/fr\/wp-content\/uploads\/sites\/5\/2020\/12\/BN_Rzym_annn.jpg\",\"articleSection\":[\"Blog\",\"Strona g\u0142\u00f3wna - najnowsze\",\"Strona g\u0142\u00f3wna - slider\"],\"inLanguage\":\"fr-FR\",\"potentialAction\":[{\"@type\":\"CommentAction\",\"name\":\"Comment\",\"target\":[\"https:\/\/jp2doc.pl\/fr\/2021\/12\/29\/belle-lecon-dhumilite\/#respond\"]}]},{\"@type\":\"WebPage\",\"@id\":\"https:\/\/jp2doc.pl\/fr\/2021\/12\/29\/belle-lecon-dhumilite\/\",\"url\":\"https:\/\/jp2doc.pl\/fr\/2021\/12\/29\/belle-lecon-dhumilite\/\",\"name\":\"Belle le\u00e7on d\u2019humilit\u00e9 - Centre de Documentation et d\u2019Etude du Pontificat de Jean-Paul II \u00e0 Rome\",\"isPartOf\":{\"@id\":\"https:\/\/jp2doc.pl\/fr\/#website\"},\"primaryImageOfPage\":{\"@id\":\"https:\/\/jp2doc.pl\/fr\/2021\/12\/29\/belle-lecon-dhumilite\/#primaryimage\"},\"image\":{\"@id\":\"https:\/\/jp2doc.pl\/fr\/2021\/12\/29\/belle-lecon-dhumilite\/#primaryimage\"},\"thumbnailUrl\":\"https:\/\/jp2doc.pl\/fr\/wp-content\/uploads\/sites\/5\/2020\/12\/BN_Rzym_annn.jpg\",\"datePublished\":\"2021-12-29T15:11:53+00:00\",\"dateModified\":\"2021-12-29T15:11:54+00:00\",\"breadcrumb\":{\"@id\":\"https:\/\/jp2doc.pl\/fr\/2021\/12\/29\/belle-lecon-dhumilite\/#breadcrumb\"},\"inLanguage\":\"fr-FR\",\"potentialAction\":[{\"@type\":\"ReadAction\",\"target\":[\"https:\/\/jp2doc.pl\/fr\/2021\/12\/29\/belle-lecon-dhumilite\/\"]}]},{\"@type\":\"ImageObject\",\"inLanguage\":\"fr-FR\",\"@id\":\"https:\/\/jp2doc.pl\/fr\/2021\/12\/29\/belle-lecon-dhumilite\/#primaryimage\",\"url\":\"https:\/\/jp2doc.pl\/fr\/wp-content\/uploads\/sites\/5\/2020\/12\/BN_Rzym_annn.jpg\",\"contentUrl\":\"https:\/\/jp2doc.pl\/fr\/wp-content\/uploads\/sites\/5\/2020\/12\/BN_Rzym_annn.jpg\",\"width\":1247,\"height\":770},{\"@type\":\"BreadcrumbList\",\"@id\":\"https:\/\/jp2doc.pl\/fr\/2021\/12\/29\/belle-lecon-dhumilite\/#breadcrumb\",\"itemListElement\":[{\"@type\":\"ListItem\",\"position\":1,\"name\":\"Home\",\"item\":\"https:\/\/jp2doc.pl\/fr\/\"},{\"@type\":\"ListItem\",\"position\":2,\"name\":\"Belle le\u00e7on d\u2019humilit\u00e9\"}]},{\"@type\":\"WebSite\",\"@id\":\"https:\/\/jp2doc.pl\/fr\/#website\",\"url\":\"https:\/\/jp2doc.pl\/fr\/\",\"name\":\"Centre de Documentation et d\u2019Etude du Pontificat de Jean-Paul II \u00e0 Rome\",\"description\":\"\",\"publisher\":{\"@id\":\"https:\/\/jp2doc.pl\/fr\/#organization\"},\"potentialAction\":[{\"@type\":\"SearchAction\",\"target\":{\"@type\":\"EntryPoint\",\"urlTemplate\":\"https:\/\/jp2doc.pl\/fr\/?s={search_term_string}\"},\"query-input\":{\"@type\":\"PropertyValueSpecification\",\"valueRequired\":true,\"valueName\":\"search_term_string\"}}],\"inLanguage\":\"fr-FR\"},{\"@type\":\"Organization\",\"@id\":\"https:\/\/jp2doc.pl\/fr\/#organization\",\"name\":\"Centre de Documentation et d\u2019Etude du Pontificat de Jean-Paul II \u00e0 Rome\",\"url\":\"https:\/\/jp2doc.pl\/fr\/\",\"logo\":{\"@type\":\"ImageObject\",\"inLanguage\":\"fr-FR\",\"@id\":\"https:\/\/jp2doc.pl\/fr\/#\/schema\/logo\/image\/\",\"url\":\"https:\/\/jp2doc.pl\/fr\/wp-content\/uploads\/sites\/5\/2017\/03\/cropped-logo.png\",\"contentUrl\":\"https:\/\/jp2doc.pl\/fr\/wp-content\/uploads\/sites\/5\/2017\/03\/cropped-logo.png\",\"width\":115,\"height\":115,\"caption\":\"Centre de Documentation et d\u2019Etude du Pontificat de Jean-Paul II \u00e0 Rome\"},\"image\":{\"@id\":\"https:\/\/jp2doc.pl\/fr\/#\/schema\/logo\/image\/\"}},{\"@type\":\"Person\",\"@id\":\"https:\/\/jp2doc.pl\/fr\/#\/schema\/person\/6110109e80abb51f6fac4824777eabfe\",\"name\":\"juliasercanka\",\"image\":{\"@type\":\"ImageObject\",\"inLanguage\":\"fr-FR\",\"@id\":\"https:\/\/jp2doc.pl\/fr\/#\/schema\/person\/image\/\",\"url\":\"https:\/\/secure.gravatar.com\/avatar\/266a66e864556e22d55d61b6b10c97fab9060767b738564bcd109f3997e372bc?s=96&d=mm&r=g\",\"contentUrl\":\"https:\/\/secure.gravatar.com\/avatar\/266a66e864556e22d55d61b6b10c97fab9060767b738564bcd109f3997e372bc?s=96&d=mm&r=g\",\"caption\":\"juliasercanka\"},\"url\":\"https:\/\/jp2doc.pl\/fr\/author\/juliasercanka\/\"}]}<\/script>\n<!-- \/ Yoast SEO plugin. -->","yoast_head_json":{"title":"Belle le\u00e7on d\u2019humilit\u00e9 - Centre de Documentation et d\u2019Etude du Pontificat de Jean-Paul II \u00e0 Rome","robots":{"index":"index","follow":"follow","max-snippet":"max-snippet:-1","max-image-preview":"max-image-preview:large","max-video-preview":"max-video-preview:-1"},"canonical":"https:\/\/jp2doc.pl\/fr\/2021\/12\/29\/belle-lecon-dhumilite\/","og_locale":"fr_FR","og_type":"article","og_title":"Belle le\u00e7on d\u2019humilit\u00e9 - Centre de Documentation et d\u2019Etude du Pontificat de Jean-Paul II \u00e0 Rome","og_description":"La Sainte Famille","og_url":"https:\/\/jp2doc.pl\/fr\/2021\/12\/29\/belle-lecon-dhumilite\/","og_site_name":"Centre de Documentation et d\u2019Etude du Pontificat de Jean-Paul II \u00e0 Rome","article_published_time":"2021-12-29T15:11:53+00:00","article_modified_time":"2021-12-29T15:11:54+00:00","og_image":[{"width":1247,"height":770,"url":"https:\/\/jp2doc.pl\/fr\/wp-content\/uploads\/sites\/5\/2020\/12\/BN_Rzym_annn.jpg","type":"image\/jpeg"}],"author":"juliasercanka","twitter_card":"summary_large_image","twitter_misc":{"\u00c9crit par":"juliasercanka","Dur\u00e9e de lecture estim\u00e9e":"4 minutes"},"schema":{"@context":"https:\/\/schema.org","@graph":[{"@type":"Article","@id":"https:\/\/jp2doc.pl\/fr\/2021\/12\/29\/belle-lecon-dhumilite\/#article","isPartOf":{"@id":"https:\/\/jp2doc.pl\/fr\/2021\/12\/29\/belle-lecon-dhumilite\/"},"author":{"name":"juliasercanka","@id":"https:\/\/jp2doc.pl\/fr\/#\/schema\/person\/6110109e80abb51f6fac4824777eabfe"},"headline":"Belle le\u00e7on d\u2019humilit\u00e9","datePublished":"2021-12-29T15:11:53+00:00","dateModified":"2021-12-29T15:11:54+00:00","mainEntityOfPage":{"@id":"https:\/\/jp2doc.pl\/fr\/2021\/12\/29\/belle-lecon-dhumilite\/"},"wordCount":877,"commentCount":0,"publisher":{"@id":"https:\/\/jp2doc.pl\/fr\/#organization"},"image":{"@id":"https:\/\/jp2doc.pl\/fr\/2021\/12\/29\/belle-lecon-dhumilite\/#primaryimage"},"thumbnailUrl":"https:\/\/jp2doc.pl\/fr\/wp-content\/uploads\/sites\/5\/2020\/12\/BN_Rzym_annn.jpg","articleSection":["Blog","Strona g\u0142\u00f3wna - najnowsze","Strona g\u0142\u00f3wna - slider"],"inLanguage":"fr-FR","potentialAction":[{"@type":"CommentAction","name":"Comment","target":["https:\/\/jp2doc.pl\/fr\/2021\/12\/29\/belle-lecon-dhumilite\/#respond"]}]},{"@type":"WebPage","@id":"https:\/\/jp2doc.pl\/fr\/2021\/12\/29\/belle-lecon-dhumilite\/","url":"https:\/\/jp2doc.pl\/fr\/2021\/12\/29\/belle-lecon-dhumilite\/","name":"Belle le\u00e7on d\u2019humilit\u00e9 - Centre de Documentation et d\u2019Etude du Pontificat de Jean-Paul II \u00e0 Rome","isPartOf":{"@id":"https:\/\/jp2doc.pl\/fr\/#website"},"primaryImageOfPage":{"@id":"https:\/\/jp2doc.pl\/fr\/2021\/12\/29\/belle-lecon-dhumilite\/#primaryimage"},"image":{"@id":"https:\/\/jp2doc.pl\/fr\/2021\/12\/29\/belle-lecon-dhumilite\/#primaryimage"},"thumbnailUrl":"https:\/\/jp2doc.pl\/fr\/wp-content\/uploads\/sites\/5\/2020\/12\/BN_Rzym_annn.jpg","datePublished":"2021-12-29T15:11:53+00:00","dateModified":"2021-12-29T15:11:54+00:00","breadcrumb":{"@id":"https:\/\/jp2doc.pl\/fr\/2021\/12\/29\/belle-lecon-dhumilite\/#breadcrumb"},"inLanguage":"fr-FR","potentialAction":[{"@type":"ReadAction","target":["https:\/\/jp2doc.pl\/fr\/2021\/12\/29\/belle-lecon-dhumilite\/"]}]},{"@type":"ImageObject","inLanguage":"fr-FR","@id":"https:\/\/jp2doc.pl\/fr\/2021\/12\/29\/belle-lecon-dhumilite\/#primaryimage","url":"https:\/\/jp2doc.pl\/fr\/wp-content\/uploads\/sites\/5\/2020\/12\/BN_Rzym_annn.jpg","contentUrl":"https:\/\/jp2doc.pl\/fr\/wp-content\/uploads\/sites\/5\/2020\/12\/BN_Rzym_annn.jpg","width":1247,"height":770},{"@type":"BreadcrumbList","@id":"https:\/\/jp2doc.pl\/fr\/2021\/12\/29\/belle-lecon-dhumilite\/#breadcrumb","itemListElement":[{"@type":"ListItem","position":1,"name":"Home","item":"https:\/\/jp2doc.pl\/fr\/"},{"@type":"ListItem","position":2,"name":"Belle le\u00e7on d\u2019humilit\u00e9"}]},{"@type":"WebSite","@id":"https:\/\/jp2doc.pl\/fr\/#website","url":"https:\/\/jp2doc.pl\/fr\/","name":"Centre de Documentation et d\u2019Etude du Pontificat de Jean-Paul II \u00e0 Rome","description":"","publisher":{"@id":"https:\/\/jp2doc.pl\/fr\/#organization"},"potentialAction":[{"@type":"SearchAction","target":{"@type":"EntryPoint","urlTemplate":"https:\/\/jp2doc.pl\/fr\/?s={search_term_string}"},"query-input":{"@type":"PropertyValueSpecification","valueRequired":true,"valueName":"search_term_string"}}],"inLanguage":"fr-FR"},{"@type":"Organization","@id":"https:\/\/jp2doc.pl\/fr\/#organization","name":"Centre de Documentation et d\u2019Etude du Pontificat de Jean-Paul II \u00e0 Rome","url":"https:\/\/jp2doc.pl\/fr\/","logo":{"@type":"ImageObject","inLanguage":"fr-FR","@id":"https:\/\/jp2doc.pl\/fr\/#\/schema\/logo\/image\/","url":"https:\/\/jp2doc.pl\/fr\/wp-content\/uploads\/sites\/5\/2017\/03\/cropped-logo.png","contentUrl":"https:\/\/jp2doc.pl\/fr\/wp-content\/uploads\/sites\/5\/2017\/03\/cropped-logo.png","width":115,"height":115,"caption":"Centre de Documentation et d\u2019Etude du Pontificat de Jean-Paul II \u00e0 Rome"},"image":{"@id":"https:\/\/jp2doc.pl\/fr\/#\/schema\/logo\/image\/"}},{"@type":"Person","@id":"https:\/\/jp2doc.pl\/fr\/#\/schema\/person\/6110109e80abb51f6fac4824777eabfe","name":"juliasercanka","image":{"@type":"ImageObject","inLanguage":"fr-FR","@id":"https:\/\/jp2doc.pl\/fr\/#\/schema\/person\/image\/","url":"https:\/\/secure.gravatar.com\/avatar\/266a66e864556e22d55d61b6b10c97fab9060767b738564bcd109f3997e372bc?s=96&d=mm&r=g","contentUrl":"https:\/\/secure.gravatar.com\/avatar\/266a66e864556e22d55d61b6b10c97fab9060767b738564bcd109f3997e372bc?s=96&d=mm&r=g","caption":"juliasercanka"},"url":"https:\/\/jp2doc.pl\/fr\/author\/juliasercanka\/"}]}},"_links":{"self":[{"href":"https:\/\/jp2doc.pl\/fr\/wp-json\/wp\/v2\/posts\/2018","targetHints":{"allow":["GET"]}}],"collection":[{"href":"https:\/\/jp2doc.pl\/fr\/wp-json\/wp\/v2\/posts"}],"about":[{"href":"https:\/\/jp2doc.pl\/fr\/wp-json\/wp\/v2\/types\/post"}],"author":[{"embeddable":true,"href":"https:\/\/jp2doc.pl\/fr\/wp-json\/wp\/v2\/users\/5"}],"replies":[{"embeddable":true,"href":"https:\/\/jp2doc.pl\/fr\/wp-json\/wp\/v2\/comments?post=2018"}],"version-history":[{"count":1,"href":"https:\/\/jp2doc.pl\/fr\/wp-json\/wp\/v2\/posts\/2018\/revisions"}],"predecessor-version":[{"id":2019,"href":"https:\/\/jp2doc.pl\/fr\/wp-json\/wp\/v2\/posts\/2018\/revisions\/2019"}],"wp:featuredmedia":[{"embeddable":true,"href":"https:\/\/jp2doc.pl\/fr\/wp-json\/wp\/v2\/media\/1830"}],"wp:attachment":[{"href":"https:\/\/jp2doc.pl\/fr\/wp-json\/wp\/v2\/media?parent=2018"}],"wp:term":[{"taxonomy":"category","embeddable":true,"href":"https:\/\/jp2doc.pl\/fr\/wp-json\/wp\/v2\/categories?post=2018"},{"taxonomy":"post_tag","embeddable":true,"href":"https:\/\/jp2doc.pl\/fr\/wp-json\/wp\/v2\/tags?post=2018"}],"curies":[{"name":"wp","href":"https:\/\/api.w.org\/{rel}","templated":true}]}}