{"id":2066,"date":"2022-04-23T19:57:01","date_gmt":"2022-04-23T17:57:01","guid":{"rendered":"https:\/\/jp2doc.pl\/fr\/?p=2066"},"modified":"2022-04-23T19:57:03","modified_gmt":"2022-04-23T17:57:03","slug":"la-grace-de-vivre-dans-lunite","status":"publish","type":"post","link":"https:\/\/jp2doc.pl\/fr\/2022\/04\/23\/la-grace-de-vivre-dans-lunite\/","title":{"rendered":"La gr\u00e2ce de vivre dans l\u2019unit\u00e9"},"content":{"rendered":"\n<p>Ac 5, 12-16&nbsp;; Ap 1, 9-19&nbsp;; Jn 20, 19-31<\/p>\n\n\n\n<p>En ce deuxi\u00e8me dimanche de P\u00e2ques, les lectures nous introduisent au th\u00e8me de <strong>l\u2019unit\u00e9<\/strong>. Mais qu\u2019\u00eatre unis&nbsp;? Quand est-ce qu\u2019on peut de dire des gens qu\u2019ils sont unis&nbsp;?<\/p>\n\n\n\n<p>\u00catre uni, c\u2019est plus que vivre ensemble, car ceux qui se c\u00f4toient aussi vivent ensemble. \u00catre uni, c\u2019est sentir ensemble, avoir une m\u00eame vocation, partager un m\u00eame id\u00e9al. Ceux qui sont unis se supportent, se tol\u00e8rent, s\u2019entraident, s\u2019encouragent, se conseillent. Au contraire, ceux qui ne sont pas unis ou qui refusent d\u2019encourager l\u2019unit\u00e9 l\u00e0 o\u00f9 ils vivent, ouvrent les portes aux tensions, aux conflits, \u00e0 la ruine.<\/p>\n\n\n\n<p>Dans la premi\u00e8re lecture, des Actes des Ap\u00f4tres, il est dit que \u00ab&nbsp;Tous les croyants, d\u2019un seul c\u0153ur, se tenaient sous la colonnade de Salomon&nbsp;\u00bb. Tous, d\u2019un seul c\u0153ur, sous la colonnade de Salomon, c\u2019est-\u00e0-dire agripp\u00e9s \u00e0 la sagesse, \u00e0 la v\u00e9rit\u00e9.<\/p>\n\n\n\n<p><em>Et nous, qu\u2019est-ce qui nous unit, si nous sommes seulement unis&nbsp;? Des int\u00e9r\u00eats \u00e9go\u00efstes, partisans ou la sagesse et la v\u00e9rit\u00e9&nbsp;?<\/em><\/p>\n\n\n\n<p>Dans la deuxi\u00e8me lecture, nous avons entendu Jean se d\u00e9finir comme \u00ab&nbsp;fr\u00e8re&nbsp;\u00bb et \u00ab&nbsp;compagnon&nbsp;\u00bb. Un fr\u00e8re, c\u2019est celui qui est sorti du m\u00eame ventre que moi. Et un compagnon, c\u2019est celui avec qui je partage le m\u00eame pain. Ce m\u00eame fr\u00e8re est un \u00ab&nbsp;prochain&nbsp;\u00bb nous dit le pape Fran\u00e7ois. Ce sont l\u00e0 des liens tr\u00e8s forts. C\u2019est pour cela que Jean ajoute qu\u2019il est uni aux autres dans tant dans la pers\u00e9cution que dans la royaut\u00e9 que dans l\u2019endurance. Cette notion de la fraternit\u00e9 est aujourd\u2019hui soutenue \u00e0 haute voix par le pape Fran\u00e7ois dans son encyclique \u00ab&nbsp;frateli tutti&nbsp;\u00bb, quand il insiste sur la fraternit\u00e9 universelle.<\/p>\n\n\n\n<p>Rien ne peut vraiment s\u00e9parer des gens qui ont la volont\u00e9 d\u2019\u00eatre unis&nbsp;: ni les souffrances, ni les richesses. <em>Peut-on dire cela de nous&nbsp;?<\/em><\/p>\n\n\n\n<p>Mais l\u2019on peut se demander&nbsp;: \u00ab&nbsp;d\u2019o\u00f9 vient l\u2019unit\u00e9 des croyants&nbsp;? Quelle est sa source&nbsp;? L\u2019\u00e9vangile nous montre qu\u2019elle vient de J\u00e9sus. En effet, apr\u00e8s la mort de J\u00e9sus, les disciples n\u2019all\u00e8rent pas seulement s\u2019enfermer \u00e0 cause de la peur d\u2019\u00eatre pers\u00e9cuter par les Juifs. Ils eurent aussi du mal \u00e0 garder l\u2019unit\u00e9. Lorsque J\u00e9sus apparut pour la premi\u00e8re fois au milieu d\u2019eux, nous dit l\u2019\u00e9vangile, Thomas n\u2019\u00e9tait pas pr\u00e9sent. Son nom signifie portant \u00ab&nbsp;Jumeau&nbsp;\u00bb, c\u2019est-\u00e0-dire quelqu\u2019un qui est li\u00e9 \u00e0 un autre. Mais il a v\u00e9cu justement de la mani\u00e8re oppos\u00e9e&nbsp;! Revenu dans la communaut\u00e9, il a mis \u00e0 mal le t\u00e9moignage des autres. C\u2019est un signe de manque de foi, r\u00e9v\u00e9lateur des conflits.<\/p>\n\n\n\n<p>Aussi J\u00e9sus, pour r\u00e9tablir ses disciples dans l\u2019unit\u00e9, il va leur faire don de deux choses&nbsp;:<\/p>\n\n\n\n<p><strong>La paix<\/strong>&nbsp;: \u00e0 trois reprises, on rencontre dans l\u2019\u00e9vangile cette expression&nbsp;: \u00ab&nbsp;La paix soit avec vous&nbsp;!&nbsp;\u00bb. Nous aussi, nous avons besoin de paix dans nos c\u0153urs, dans nos familles, dans nos communaut\u00e9s, dans notre pays. Nous avons besoin d\u2019\u00eatre rassur\u00e9s par le Seigneur. Aujourd\u2019hui, il dit aussi \u00e0 nous, \u00e0 chacun de nous&nbsp;: \u00ab&nbsp;La paix soit avec vous&nbsp;!&nbsp;\u00bb.<\/p>\n\n\n\n<p><strong>L\u2019Esprit<\/strong>&nbsp;: J\u00e9sus dit \u00e0 ses disciples&nbsp;: \u00ab&nbsp;Recevez l\u2019Esprit. Tout homme \u00e0 qui vous remettrez ses p\u00e9ch\u00e9s, ils lui seront remis&nbsp;; tout homme \u00e0 qui vous maintiendrez ses p\u00e9ch\u00e9s, ils lui seront maintenus&nbsp;\u00bb. Sans l\u2019Esprit de Dieu, nous sommes incapables de pardonner, et sans pardon il n\u2019y a pas de communaut\u00e9 v\u00e9ritable. Il y a sans doute quelqu\u2019un \u00e0 qui nous devons aujourd\u2019hui, voire ici m\u00eame dire&nbsp;: \u00ab&nbsp;Je te pardonne&nbsp;\u00bb. Aujourd\u2019hui, J\u00e9sus nous en donne la force par son souffle.<\/p>\n\n\n\n<p>Lorsqu\u2019on a J\u00e9sus, on est uni et les manifestations de l\u2019unit\u00e9 se donnent \u00e0 voir&nbsp;:<\/p>\n\n\n\n<p><strong>La joie<\/strong>&nbsp;: dans la premi\u00e8re lecture, il est dit qu\u2019\u00ab&nbsp;un Fils d\u2019homme&nbsp;\u00bb apparut \u00e0 Jean dans une vision, le toucha et lui dit&nbsp;: \u00ab&nbsp;Sois sans crainte&nbsp;\u00bb. Et dans l\u2019\u00e9vangile, il est dit&nbsp;: \u00ab&nbsp;Les disciples furent dans la joie en voyant le Seigneur&nbsp;\u00bb. Nous devons exp\u00e9rimenter cette joie en nous et la r\u00e9pandre autour de nous.<\/p>\n\n\n\n<p><strong>Les prodiges<\/strong>&nbsp;: dans l\u2019\u00e9vangile, on apprend que \u00ab&nbsp;par les mains des Ap\u00f4tres, beaucoup de signes et des prodiges se r\u00e9alisaient dans le peuple&nbsp;\u00bb. Si nous sommes unis au Christ et entre nous, nous ferons beaucoup de biens autour de nous par nos paroles ou par notre comportement.<\/p>\n\n\n\n<p>C\u2019est seulement de cette mani\u00e8re que nous pouvons m\u00e9riter l\u2019\u00e9loge de notre entourage et attirer les gens \u00e0 la foi. C\u2019est ce qui est dit des Ap\u00f4tres dans la premi\u00e8re lecture&nbsp;: \u00ab&nbsp;tout le peuple faisait leur \u00e9loge, et des hommes et des femmes de plus en plus nombreux adh\u00e9raient au Seigneur par la foi&nbsp;\u00bb.<\/p>\n\n\n\n<p>Demandons au Seigneur la gr\u00e2ce de l\u2019unit\u00e9 nourri par l\u2019amour mutuel et soutenue par la joie des baptis\u00e9s. Que le Christ Vivant et Mis\u00e9ricordieux donne \u00e0 nos familles, \u00e0 nos communaut\u00e9s, \u00e0 nos pays en ce dimanche de la mis\u00e9ricorde&nbsp;; la gr\u00e2ce de vivre dans l\u2019unit\u00e9, le pardon, et l\u2019amour v\u00e9ritable. Qu\u2019il nous pardonne et nous r\u00e9concilie les uns envers les autres&nbsp;!<\/p>\n\n\n\n<p><strong>P\u00e8re Jean Claude Ciza<\/strong><\/p>\n\n\n\n<p><em>Fot. Eremy Perkins\/Unsplash.com<\/em><\/p>\n","protected":false},"excerpt":{"rendered":"<p>II Dimanche de P\u00e2ques<\/p>\n","protected":false},"author":5,"featured_media":1806,"comment_status":"open","ping_status":"open","sticky":false,"template":"","format":"standard","meta":{"_acf_changed":false,"_exactmetrics_skip_tracking":false,"_exactmetrics_sitenote_active":false,"_exactmetrics_sitenote_note":"","_exactmetrics_sitenote_category":0,"footnotes":""},"categories":[4,13,14],"tags":[],"class_list":["post-2066","post","type-post","status-publish","format-standard","has-post-thumbnail","hentry","category-blog","category-strona-glowna-najnowsze","category-strona-glowna-slider"],"acf":[],"yoast_head":"<!-- This site is optimized with the Yoast SEO plugin v26.2 - https:\/\/yoast.com\/wordpress\/plugins\/seo\/ -->\n<title>La gr\u00e2ce de vivre dans l\u2019unit\u00e9 - Centre de Documentation et d\u2019Etude du Pontificat de Jean-Paul II \u00e0 Rome<\/title>\n<meta name=\"robots\" content=\"index, follow, max-snippet:-1, max-image-preview:large, max-video-preview:-1\" \/>\n<link rel=\"canonical\" href=\"https:\/\/jp2doc.pl\/fr\/2022\/04\/23\/la-grace-de-vivre-dans-lunite\/\" \/>\n<meta property=\"og:locale\" content=\"fr_FR\" \/>\n<meta property=\"og:type\" content=\"article\" \/>\n<meta property=\"og:title\" content=\"La gr\u00e2ce de vivre dans l\u2019unit\u00e9 - Centre de Documentation et d\u2019Etude du Pontificat de Jean-Paul II \u00e0 Rome\" \/>\n<meta property=\"og:description\" content=\"II Dimanche de P\u00e2ques\" \/>\n<meta property=\"og:url\" content=\"https:\/\/jp2doc.pl\/fr\/2022\/04\/23\/la-grace-de-vivre-dans-lunite\/\" \/>\n<meta property=\"og:site_name\" content=\"Centre de Documentation et d\u2019Etude du Pontificat de Jean-Paul II \u00e0 Rome\" \/>\n<meta property=\"article:published_time\" content=\"2022-04-23T17:57:01+00:00\" \/>\n<meta property=\"article:modified_time\" content=\"2022-04-23T17:57:03+00:00\" \/>\n<meta property=\"og:image\" content=\"https:\/\/jp2doc.pl\/fr\/wp-content\/uploads\/sites\/5\/2020\/11\/jeremy-perkins-x4kvtSIzx9k-unsplash.jpg\" \/>\n\t<meta property=\"og:image:width\" content=\"1037\" \/>\n\t<meta property=\"og:image:height\" content=\"799\" \/>\n\t<meta property=\"og:image:type\" content=\"image\/jpeg\" \/>\n<meta name=\"author\" content=\"juliasercanka\" \/>\n<meta name=\"twitter:card\" content=\"summary_large_image\" \/>\n<meta name=\"twitter:label1\" content=\"\u00c9crit par\" \/>\n\t<meta name=\"twitter:data1\" content=\"juliasercanka\" \/>\n\t<meta name=\"twitter:label2\" content=\"Dur\u00e9e de lecture estim\u00e9e\" \/>\n\t<meta name=\"twitter:data2\" content=\"4 minutes\" \/>\n<script type=\"application\/ld+json\" class=\"yoast-schema-graph\">{\"@context\":\"https:\/\/schema.org\",\"@graph\":[{\"@type\":\"Article\",\"@id\":\"https:\/\/jp2doc.pl\/fr\/2022\/04\/23\/la-grace-de-vivre-dans-lunite\/#article\",\"isPartOf\":{\"@id\":\"https:\/\/jp2doc.pl\/fr\/2022\/04\/23\/la-grace-de-vivre-dans-lunite\/\"},\"author\":{\"name\":\"juliasercanka\",\"@id\":\"https:\/\/jp2doc.pl\/fr\/#\/schema\/person\/6110109e80abb51f6fac4824777eabfe\"},\"headline\":\"La gr\u00e2ce de vivre dans l\u2019unit\u00e9\",\"datePublished\":\"2022-04-23T17:57:01+00:00\",\"dateModified\":\"2022-04-23T17:57:03+00:00\",\"mainEntityOfPage\":{\"@id\":\"https:\/\/jp2doc.pl\/fr\/2022\/04\/23\/la-grace-de-vivre-dans-lunite\/\"},\"wordCount\":992,\"commentCount\":0,\"publisher\":{\"@id\":\"https:\/\/jp2doc.pl\/fr\/#organization\"},\"image\":{\"@id\":\"https:\/\/jp2doc.pl\/fr\/2022\/04\/23\/la-grace-de-vivre-dans-lunite\/#primaryimage\"},\"thumbnailUrl\":\"https:\/\/jp2doc.pl\/fr\/wp-content\/uploads\/sites\/5\/2020\/11\/jeremy-perkins-x4kvtSIzx9k-unsplash.jpg\",\"articleSection\":[\"Blog\",\"Strona g\u0142\u00f3wna - najnowsze\",\"Strona g\u0142\u00f3wna - slider\"],\"inLanguage\":\"fr-FR\",\"potentialAction\":[{\"@type\":\"CommentAction\",\"name\":\"Comment\",\"target\":[\"https:\/\/jp2doc.pl\/fr\/2022\/04\/23\/la-grace-de-vivre-dans-lunite\/#respond\"]}]},{\"@type\":\"WebPage\",\"@id\":\"https:\/\/jp2doc.pl\/fr\/2022\/04\/23\/la-grace-de-vivre-dans-lunite\/\",\"url\":\"https:\/\/jp2doc.pl\/fr\/2022\/04\/23\/la-grace-de-vivre-dans-lunite\/\",\"name\":\"La gr\u00e2ce de vivre dans l\u2019unit\u00e9 - Centre de Documentation et d\u2019Etude du Pontificat de Jean-Paul II \u00e0 Rome\",\"isPartOf\":{\"@id\":\"https:\/\/jp2doc.pl\/fr\/#website\"},\"primaryImageOfPage\":{\"@id\":\"https:\/\/jp2doc.pl\/fr\/2022\/04\/23\/la-grace-de-vivre-dans-lunite\/#primaryimage\"},\"image\":{\"@id\":\"https:\/\/jp2doc.pl\/fr\/2022\/04\/23\/la-grace-de-vivre-dans-lunite\/#primaryimage\"},\"thumbnailUrl\":\"https:\/\/jp2doc.pl\/fr\/wp-content\/uploads\/sites\/5\/2020\/11\/jeremy-perkins-x4kvtSIzx9k-unsplash.jpg\",\"datePublished\":\"2022-04-23T17:57:01+00:00\",\"dateModified\":\"2022-04-23T17:57:03+00:00\",\"breadcrumb\":{\"@id\":\"https:\/\/jp2doc.pl\/fr\/2022\/04\/23\/la-grace-de-vivre-dans-lunite\/#breadcrumb\"},\"inLanguage\":\"fr-FR\",\"potentialAction\":[{\"@type\":\"ReadAction\",\"target\":[\"https:\/\/jp2doc.pl\/fr\/2022\/04\/23\/la-grace-de-vivre-dans-lunite\/\"]}]},{\"@type\":\"ImageObject\",\"inLanguage\":\"fr-FR\",\"@id\":\"https:\/\/jp2doc.pl\/fr\/2022\/04\/23\/la-grace-de-vivre-dans-lunite\/#primaryimage\",\"url\":\"https:\/\/jp2doc.pl\/fr\/wp-content\/uploads\/sites\/5\/2020\/11\/jeremy-perkins-x4kvtSIzx9k-unsplash.jpg\",\"contentUrl\":\"https:\/\/jp2doc.pl\/fr\/wp-content\/uploads\/sites\/5\/2020\/11\/jeremy-perkins-x4kvtSIzx9k-unsplash.jpg\",\"width\":1037,\"height\":799},{\"@type\":\"BreadcrumbList\",\"@id\":\"https:\/\/jp2doc.pl\/fr\/2022\/04\/23\/la-grace-de-vivre-dans-lunite\/#breadcrumb\",\"itemListElement\":[{\"@type\":\"ListItem\",\"position\":1,\"name\":\"Home\",\"item\":\"https:\/\/jp2doc.pl\/fr\/\"},{\"@type\":\"ListItem\",\"position\":2,\"name\":\"La gr\u00e2ce de vivre dans l\u2019unit\u00e9\"}]},{\"@type\":\"WebSite\",\"@id\":\"https:\/\/jp2doc.pl\/fr\/#website\",\"url\":\"https:\/\/jp2doc.pl\/fr\/\",\"name\":\"Centre de Documentation et d\u2019Etude du Pontificat de Jean-Paul II \u00e0 Rome\",\"description\":\"\",\"publisher\":{\"@id\":\"https:\/\/jp2doc.pl\/fr\/#organization\"},\"potentialAction\":[{\"@type\":\"SearchAction\",\"target\":{\"@type\":\"EntryPoint\",\"urlTemplate\":\"https:\/\/jp2doc.pl\/fr\/?s={search_term_string}\"},\"query-input\":{\"@type\":\"PropertyValueSpecification\",\"valueRequired\":true,\"valueName\":\"search_term_string\"}}],\"inLanguage\":\"fr-FR\"},{\"@type\":\"Organization\",\"@id\":\"https:\/\/jp2doc.pl\/fr\/#organization\",\"name\":\"Centre de Documentation et d\u2019Etude du Pontificat de Jean-Paul II \u00e0 Rome\",\"url\":\"https:\/\/jp2doc.pl\/fr\/\",\"logo\":{\"@type\":\"ImageObject\",\"inLanguage\":\"fr-FR\",\"@id\":\"https:\/\/jp2doc.pl\/fr\/#\/schema\/logo\/image\/\",\"url\":\"https:\/\/jp2doc.pl\/fr\/wp-content\/uploads\/sites\/5\/2017\/03\/cropped-logo.png\",\"contentUrl\":\"https:\/\/jp2doc.pl\/fr\/wp-content\/uploads\/sites\/5\/2017\/03\/cropped-logo.png\",\"width\":115,\"height\":115,\"caption\":\"Centre de Documentation et d\u2019Etude du Pontificat de Jean-Paul II \u00e0 Rome\"},\"image\":{\"@id\":\"https:\/\/jp2doc.pl\/fr\/#\/schema\/logo\/image\/\"}},{\"@type\":\"Person\",\"@id\":\"https:\/\/jp2doc.pl\/fr\/#\/schema\/person\/6110109e80abb51f6fac4824777eabfe\",\"name\":\"juliasercanka\",\"image\":{\"@type\":\"ImageObject\",\"inLanguage\":\"fr-FR\",\"@id\":\"https:\/\/jp2doc.pl\/fr\/#\/schema\/person\/image\/\",\"url\":\"https:\/\/secure.gravatar.com\/avatar\/266a66e864556e22d55d61b6b10c97fab9060767b738564bcd109f3997e372bc?s=96&d=mm&r=g\",\"contentUrl\":\"https:\/\/secure.gravatar.com\/avatar\/266a66e864556e22d55d61b6b10c97fab9060767b738564bcd109f3997e372bc?s=96&d=mm&r=g\",\"caption\":\"juliasercanka\"},\"url\":\"https:\/\/jp2doc.pl\/fr\/author\/juliasercanka\/\"}]}<\/script>\n<!-- \/ Yoast SEO plugin. -->","yoast_head_json":{"title":"La gr\u00e2ce de vivre dans l\u2019unit\u00e9 - Centre de Documentation et d\u2019Etude du Pontificat de Jean-Paul II \u00e0 Rome","robots":{"index":"index","follow":"follow","max-snippet":"max-snippet:-1","max-image-preview":"max-image-preview:large","max-video-preview":"max-video-preview:-1"},"canonical":"https:\/\/jp2doc.pl\/fr\/2022\/04\/23\/la-grace-de-vivre-dans-lunite\/","og_locale":"fr_FR","og_type":"article","og_title":"La gr\u00e2ce de vivre dans l\u2019unit\u00e9 - Centre de Documentation et d\u2019Etude du Pontificat de Jean-Paul II \u00e0 Rome","og_description":"II Dimanche de P\u00e2ques","og_url":"https:\/\/jp2doc.pl\/fr\/2022\/04\/23\/la-grace-de-vivre-dans-lunite\/","og_site_name":"Centre de Documentation et d\u2019Etude du Pontificat de Jean-Paul II \u00e0 Rome","article_published_time":"2022-04-23T17:57:01+00:00","article_modified_time":"2022-04-23T17:57:03+00:00","og_image":[{"width":1037,"height":799,"url":"https:\/\/jp2doc.pl\/fr\/wp-content\/uploads\/sites\/5\/2020\/11\/jeremy-perkins-x4kvtSIzx9k-unsplash.jpg","type":"image\/jpeg"}],"author":"juliasercanka","twitter_card":"summary_large_image","twitter_misc":{"\u00c9crit par":"juliasercanka","Dur\u00e9e de lecture estim\u00e9e":"4 minutes"},"schema":{"@context":"https:\/\/schema.org","@graph":[{"@type":"Article","@id":"https:\/\/jp2doc.pl\/fr\/2022\/04\/23\/la-grace-de-vivre-dans-lunite\/#article","isPartOf":{"@id":"https:\/\/jp2doc.pl\/fr\/2022\/04\/23\/la-grace-de-vivre-dans-lunite\/"},"author":{"name":"juliasercanka","@id":"https:\/\/jp2doc.pl\/fr\/#\/schema\/person\/6110109e80abb51f6fac4824777eabfe"},"headline":"La gr\u00e2ce de vivre dans l\u2019unit\u00e9","datePublished":"2022-04-23T17:57:01+00:00","dateModified":"2022-04-23T17:57:03+00:00","mainEntityOfPage":{"@id":"https:\/\/jp2doc.pl\/fr\/2022\/04\/23\/la-grace-de-vivre-dans-lunite\/"},"wordCount":992,"commentCount":0,"publisher":{"@id":"https:\/\/jp2doc.pl\/fr\/#organization"},"image":{"@id":"https:\/\/jp2doc.pl\/fr\/2022\/04\/23\/la-grace-de-vivre-dans-lunite\/#primaryimage"},"thumbnailUrl":"https:\/\/jp2doc.pl\/fr\/wp-content\/uploads\/sites\/5\/2020\/11\/jeremy-perkins-x4kvtSIzx9k-unsplash.jpg","articleSection":["Blog","Strona g\u0142\u00f3wna - najnowsze","Strona g\u0142\u00f3wna - slider"],"inLanguage":"fr-FR","potentialAction":[{"@type":"CommentAction","name":"Comment","target":["https:\/\/jp2doc.pl\/fr\/2022\/04\/23\/la-grace-de-vivre-dans-lunite\/#respond"]}]},{"@type":"WebPage","@id":"https:\/\/jp2doc.pl\/fr\/2022\/04\/23\/la-grace-de-vivre-dans-lunite\/","url":"https:\/\/jp2doc.pl\/fr\/2022\/04\/23\/la-grace-de-vivre-dans-lunite\/","name":"La gr\u00e2ce de vivre dans l\u2019unit\u00e9 - Centre de Documentation et d\u2019Etude du Pontificat de Jean-Paul II \u00e0 Rome","isPartOf":{"@id":"https:\/\/jp2doc.pl\/fr\/#website"},"primaryImageOfPage":{"@id":"https:\/\/jp2doc.pl\/fr\/2022\/04\/23\/la-grace-de-vivre-dans-lunite\/#primaryimage"},"image":{"@id":"https:\/\/jp2doc.pl\/fr\/2022\/04\/23\/la-grace-de-vivre-dans-lunite\/#primaryimage"},"thumbnailUrl":"https:\/\/jp2doc.pl\/fr\/wp-content\/uploads\/sites\/5\/2020\/11\/jeremy-perkins-x4kvtSIzx9k-unsplash.jpg","datePublished":"2022-04-23T17:57:01+00:00","dateModified":"2022-04-23T17:57:03+00:00","breadcrumb":{"@id":"https:\/\/jp2doc.pl\/fr\/2022\/04\/23\/la-grace-de-vivre-dans-lunite\/#breadcrumb"},"inLanguage":"fr-FR","potentialAction":[{"@type":"ReadAction","target":["https:\/\/jp2doc.pl\/fr\/2022\/04\/23\/la-grace-de-vivre-dans-lunite\/"]}]},{"@type":"ImageObject","inLanguage":"fr-FR","@id":"https:\/\/jp2doc.pl\/fr\/2022\/04\/23\/la-grace-de-vivre-dans-lunite\/#primaryimage","url":"https:\/\/jp2doc.pl\/fr\/wp-content\/uploads\/sites\/5\/2020\/11\/jeremy-perkins-x4kvtSIzx9k-unsplash.jpg","contentUrl":"https:\/\/jp2doc.pl\/fr\/wp-content\/uploads\/sites\/5\/2020\/11\/jeremy-perkins-x4kvtSIzx9k-unsplash.jpg","width":1037,"height":799},{"@type":"BreadcrumbList","@id":"https:\/\/jp2doc.pl\/fr\/2022\/04\/23\/la-grace-de-vivre-dans-lunite\/#breadcrumb","itemListElement":[{"@type":"ListItem","position":1,"name":"Home","item":"https:\/\/jp2doc.pl\/fr\/"},{"@type":"ListItem","position":2,"name":"La gr\u00e2ce de vivre dans l\u2019unit\u00e9"}]},{"@type":"WebSite","@id":"https:\/\/jp2doc.pl\/fr\/#website","url":"https:\/\/jp2doc.pl\/fr\/","name":"Centre de Documentation et d\u2019Etude du Pontificat de Jean-Paul II \u00e0 Rome","description":"","publisher":{"@id":"https:\/\/jp2doc.pl\/fr\/#organization"},"potentialAction":[{"@type":"SearchAction","target":{"@type":"EntryPoint","urlTemplate":"https:\/\/jp2doc.pl\/fr\/?s={search_term_string}"},"query-input":{"@type":"PropertyValueSpecification","valueRequired":true,"valueName":"search_term_string"}}],"inLanguage":"fr-FR"},{"@type":"Organization","@id":"https:\/\/jp2doc.pl\/fr\/#organization","name":"Centre de Documentation et d\u2019Etude du Pontificat de Jean-Paul II \u00e0 Rome","url":"https:\/\/jp2doc.pl\/fr\/","logo":{"@type":"ImageObject","inLanguage":"fr-FR","@id":"https:\/\/jp2doc.pl\/fr\/#\/schema\/logo\/image\/","url":"https:\/\/jp2doc.pl\/fr\/wp-content\/uploads\/sites\/5\/2017\/03\/cropped-logo.png","contentUrl":"https:\/\/jp2doc.pl\/fr\/wp-content\/uploads\/sites\/5\/2017\/03\/cropped-logo.png","width":115,"height":115,"caption":"Centre de Documentation et d\u2019Etude du Pontificat de Jean-Paul II \u00e0 Rome"},"image":{"@id":"https:\/\/jp2doc.pl\/fr\/#\/schema\/logo\/image\/"}},{"@type":"Person","@id":"https:\/\/jp2doc.pl\/fr\/#\/schema\/person\/6110109e80abb51f6fac4824777eabfe","name":"juliasercanka","image":{"@type":"ImageObject","inLanguage":"fr-FR","@id":"https:\/\/jp2doc.pl\/fr\/#\/schema\/person\/image\/","url":"https:\/\/secure.gravatar.com\/avatar\/266a66e864556e22d55d61b6b10c97fab9060767b738564bcd109f3997e372bc?s=96&d=mm&r=g","contentUrl":"https:\/\/secure.gravatar.com\/avatar\/266a66e864556e22d55d61b6b10c97fab9060767b738564bcd109f3997e372bc?s=96&d=mm&r=g","caption":"juliasercanka"},"url":"https:\/\/jp2doc.pl\/fr\/author\/juliasercanka\/"}]}},"_links":{"self":[{"href":"https:\/\/jp2doc.pl\/fr\/wp-json\/wp\/v2\/posts\/2066","targetHints":{"allow":["GET"]}}],"collection":[{"href":"https:\/\/jp2doc.pl\/fr\/wp-json\/wp\/v2\/posts"}],"about":[{"href":"https:\/\/jp2doc.pl\/fr\/wp-json\/wp\/v2\/types\/post"}],"author":[{"embeddable":true,"href":"https:\/\/jp2doc.pl\/fr\/wp-json\/wp\/v2\/users\/5"}],"replies":[{"embeddable":true,"href":"https:\/\/jp2doc.pl\/fr\/wp-json\/wp\/v2\/comments?post=2066"}],"version-history":[{"count":1,"href":"https:\/\/jp2doc.pl\/fr\/wp-json\/wp\/v2\/posts\/2066\/revisions"}],"predecessor-version":[{"id":2067,"href":"https:\/\/jp2doc.pl\/fr\/wp-json\/wp\/v2\/posts\/2066\/revisions\/2067"}],"wp:featuredmedia":[{"embeddable":true,"href":"https:\/\/jp2doc.pl\/fr\/wp-json\/wp\/v2\/media\/1806"}],"wp:attachment":[{"href":"https:\/\/jp2doc.pl\/fr\/wp-json\/wp\/v2\/media?parent=2066"}],"wp:term":[{"taxonomy":"category","embeddable":true,"href":"https:\/\/jp2doc.pl\/fr\/wp-json\/wp\/v2\/categories?post=2066"},{"taxonomy":"post_tag","embeddable":true,"href":"https:\/\/jp2doc.pl\/fr\/wp-json\/wp\/v2\/tags?post=2066"}],"curies":[{"name":"wp","href":"https:\/\/api.w.org\/{rel}","templated":true}]}}