{"id":2081,"date":"2022-05-12T21:06:59","date_gmt":"2022-05-12T19:06:59","guid":{"rendered":"https:\/\/jp2doc.pl\/fr\/?p=2081"},"modified":"2022-05-12T21:07:00","modified_gmt":"2022-05-12T19:07:00","slug":"le-jour-ou-la-vie-dun-saint-a-commence","status":"publish","type":"post","link":"https:\/\/jp2doc.pl\/fr\/2022\/05\/12\/le-jour-ou-la-vie-dun-saint-a-commence\/","title":{"rendered":"Le jour o\u00f9 la vie d&rsquo;un saint a commenc\u00e9"},"content":{"rendered":"\n<p>C&rsquo;\u00e9tait le 18 mai 1920, un bel apr\u00e8s-midi ensoleill\u00e9 \u00e0 Wadowice. Dans l&rsquo;appartement de la famille Wojtyla, au 7 de la rue Ko\u015bcielna, on se pr\u00e9parait \u00e0 accueillir un nouveau membre de la famille. P\u00e8re et fils, Karol et Edmund, se sont rendus \u00e0 l&rsquo;\u00e9glise pour une d\u00e9votion mariale. La m\u00e8re Emilia est rest\u00e9e avec la sage-femme. Par une fen\u00eatre ouverte, on entendait le chant de la Litanie de Lorette dans l&rsquo;\u00e9glise paroissiale voisine. Entre 17 et 18 heures a lieu l&rsquo;accouchement, qui se d\u00e9roule sans complications. Un b\u00e9b\u00e9 est n\u00e9, un gar\u00e7on en bonne sant\u00e9. \u00ab\u00a0La vie a commenc\u00e9\u00a0\u00bb pour Karol J\u00f3zef Wojty\u0142a, qui cinquante-huit ans plus tard, au m\u00eame moment, a \u00e9t\u00e9 \u00e9lu pape. Mais cela, personne ne pouvait le savoir \u00e0 ce moment-l\u00e0&#8230; seulement Dieu.<\/p>\n\n\n\n<p>La joie de sa naissance a rempli le c\u0153ur des membres de la famille, et d&rsquo;une mani\u00e8re particuli\u00e8re le c\u0153ur de sa m\u00e8re.<\/p>\n\n\n\n<p>Emilia, n\u00e9e Kaczorowska, avait trente-six ans lorsqu&rsquo;elle a donn\u00e9 naissance \u00e0 son deuxi\u00e8me fils. Quatre ans plus t\u00f4t, une fille, Olga Maria, \u00e9tait n\u00e9e \u00e0 Bia\u0142a, et \u00e9tait morte apr\u00e8s quelques heures. Outre cette trag\u00e9die, la raison pour laquelle on craignait pour la vie de Karol \u00e9tait le diagnostic d&rsquo;un obst\u00e9tricien, qui pensait que la m\u00e8re pourrait ne pas survivre \u00e0 la grossesse et \u00e0 l&rsquo;accouchement. Le couple a demand\u00e9 l&rsquo;avis d&rsquo;un m\u00e9decin militaire qui a suivi la grossesse jusqu&rsquo;\u00e0 sa fin. Ce m\u00e9decin a apport\u00e9 \u00e0 la famille Wojtyla l&rsquo;espoir et la confiance que tout irait bien.<\/p>\n\n\n\n<p>Signalons que le mariage, de Emilia et Karol, a \u00e9t\u00e9 c\u00e9l\u00e9br\u00e9 en 1906 dans l&rsquo;\u00e9glise St Pierre et Paul de Cracovie. Le couple vivait non loin du ch\u00e2teau de Wawel. Leur fils Edmund est n\u00e9 \u00e0 Cracovie. Ils ont d\u00e9m\u00e9nag\u00e9 de Cracovie \u00e0 Wadowice lorsque le mari a \u00e9t\u00e9 transf\u00e9r\u00e9 du service militaire actif pour travailler dans l&rsquo;administration militaire.<\/p>\n\n\n\n<p>L&rsquo;\u00e9poque de leur mariage comprend la premi\u00e8re guerre mondiale et la n\u00e9cessit\u00e9 de vivre \u00e0 Hranice en Moravie et de revenir \u00e0 Wadowice. C&rsquo;est aussi la naissance de la Pologne ind\u00e9pendante. Le sous-officier Wojtyla a pu travailler pour l&rsquo;arm\u00e9e polonaise, pour le 12<sup>e <\/sup>r\u00e9giment d&rsquo;infanterie. Les fils ont grandi et ont \u00e9t\u00e9 \u00e9duqu\u00e9s dans le pays libre.<\/p>\n\n\n\n<p>Les Wojtylas occupaient un petit appartement au premier \u00e9tage d&rsquo;une maison de rapport situ\u00e9e pr\u00e8s de la place de la ville, juste \u00e0 c\u00f4t\u00e9 de l&rsquo;\u00e9glise paroissiale. Ils l&rsquo;ont lou\u00e9 au marchand juif Chaim Ba\u0142amuth. Ses magasins et son atelier de reliure \u00e9taient situ\u00e9s au rez-de-chauss\u00e9e. On entre dans l&rsquo;appartement par une rue lat\u00e9rale et on monte un escalier en fer en colima\u00e7on. Il \u00e9tait modeste, compos\u00e9 de deux pi\u00e8ces, une grande et une petite, et d&rsquo;une cuisine. L&rsquo;une des fen\u00eatres donnait sur le mur sud de l&rsquo;\u00e9glise, sur lequel se trouvait un cadran solaire et une inscription : \u00ab\u00a0Le temps fuit, l&rsquo;\u00e9ternit\u00e9 attend\u00a0\u00bb.<\/p>\n\n\n\n<p>Depuis le jour o\u00f9 Karol est n\u00e9, les jours, les mois et les ann\u00e9es ont pass\u00e9&#8230; et la gratitude pour le don de la vie s&rsquo;est accrue.<\/p>\n\n\n\n<p>\u00ab\u00a0J&#8217;embrasse le seuil de ma maison familiale de mani\u00e8re filiale, en exprimant ma gratitude \u00e0 la Divine Providence pour le don de la vie transmis par mes parents, pour la chaleur du nid familial, pour l&rsquo;amour de mes proches, qui m&rsquo;a donn\u00e9 un sentiment de s\u00e9curit\u00e9 et de force, m\u00eame lorsqu&rsquo;il s&rsquo;agissait d&rsquo;affronter l&rsquo;exp\u00e9rience de la mort et les difficult\u00e9s de la vie quotidienne en des temps turbulents \u00a0\u00bb (Jean-Paul II, Wadowice, 1999).<\/p>\n\n\n\n<p><strong>Andrzej Dobrzy\u0144ski<\/strong><\/p>\n","protected":false},"excerpt":{"rendered":"<p>Anniversaire de Karol Wojty\u0142a<\/p>\n","protected":false},"author":5,"featured_media":2082,"comment_status":"open","ping_status":"open","sticky":false,"template":"","format":"standard","meta":{"_acf_changed":false,"_exactmetrics_skip_tracking":false,"_exactmetrics_sitenote_active":false,"_exactmetrics_sitenote_note":"","_exactmetrics_sitenote_category":0,"footnotes":""},"categories":[2,13,14],"tags":[],"class_list":["post-2081","post","type-post","status-publish","format-standard","has-post-thumbnail","hentry","category-articles","category-strona-glowna-najnowsze","category-strona-glowna-slider"],"acf":[],"yoast_head":"<!-- This site is optimized with the Yoast SEO plugin v26.2 - https:\/\/yoast.com\/wordpress\/plugins\/seo\/ -->\n<title>Le jour o\u00f9 la vie d&#039;un saint a commenc\u00e9 - Centre de Documentation et d\u2019Etude du Pontificat de Jean-Paul II \u00e0 Rome<\/title>\n<meta name=\"robots\" content=\"index, follow, max-snippet:-1, max-image-preview:large, max-video-preview:-1\" \/>\n<link rel=\"canonical\" href=\"https:\/\/jp2doc.pl\/fr\/2022\/05\/12\/le-jour-ou-la-vie-dun-saint-a-commence\/\" \/>\n<meta property=\"og:locale\" content=\"fr_FR\" \/>\n<meta property=\"og:type\" content=\"article\" \/>\n<meta property=\"og:title\" content=\"Le jour o\u00f9 la vie d&#039;un saint a commenc\u00e9 - Centre de Documentation et d\u2019Etude du Pontificat de Jean-Paul II \u00e0 Rome\" \/>\n<meta property=\"og:description\" content=\"Anniversaire de Karol Wojty\u0142a\" \/>\n<meta property=\"og:url\" content=\"https:\/\/jp2doc.pl\/fr\/2022\/05\/12\/le-jour-ou-la-vie-dun-saint-a-commence\/\" \/>\n<meta property=\"og:site_name\" content=\"Centre de Documentation et d\u2019Etude du Pontificat de Jean-Paul II \u00e0 Rome\" \/>\n<meta property=\"article:published_time\" content=\"2022-05-12T19:06:59+00:00\" \/>\n<meta property=\"article:modified_time\" content=\"2022-05-12T19:07:00+00:00\" \/>\n<meta property=\"og:image\" content=\"https:\/\/jp2doc.pl\/fr\/wp-content\/uploads\/sites\/5\/2022\/05\/ccc.jpg\" \/>\n\t<meta property=\"og:image:width\" content=\"1002\" \/>\n\t<meta property=\"og:image:height\" content=\"668\" \/>\n\t<meta property=\"og:image:type\" content=\"image\/jpeg\" \/>\n<meta name=\"author\" content=\"juliasercanka\" \/>\n<meta name=\"twitter:card\" content=\"summary_large_image\" \/>\n<meta name=\"twitter:label1\" content=\"\u00c9crit par\" \/>\n\t<meta name=\"twitter:data1\" content=\"juliasercanka\" \/>\n\t<meta name=\"twitter:label2\" content=\"Dur\u00e9e de lecture estim\u00e9e\" \/>\n\t<meta name=\"twitter:data2\" content=\"3 minutes\" \/>\n<script type=\"application\/ld+json\" class=\"yoast-schema-graph\">{\"@context\":\"https:\/\/schema.org\",\"@graph\":[{\"@type\":\"Article\",\"@id\":\"https:\/\/jp2doc.pl\/fr\/2022\/05\/12\/le-jour-ou-la-vie-dun-saint-a-commence\/#article\",\"isPartOf\":{\"@id\":\"https:\/\/jp2doc.pl\/fr\/2022\/05\/12\/le-jour-ou-la-vie-dun-saint-a-commence\/\"},\"author\":{\"name\":\"juliasercanka\",\"@id\":\"https:\/\/jp2doc.pl\/fr\/#\/schema\/person\/6110109e80abb51f6fac4824777eabfe\"},\"headline\":\"Le jour o\u00f9 la vie d&rsquo;un saint a commenc\u00e9\",\"datePublished\":\"2022-05-12T19:06:59+00:00\",\"dateModified\":\"2022-05-12T19:07:00+00:00\",\"mainEntityOfPage\":{\"@id\":\"https:\/\/jp2doc.pl\/fr\/2022\/05\/12\/le-jour-ou-la-vie-dun-saint-a-commence\/\"},\"wordCount\":650,\"commentCount\":0,\"publisher\":{\"@id\":\"https:\/\/jp2doc.pl\/fr\/#organization\"},\"image\":{\"@id\":\"https:\/\/jp2doc.pl\/fr\/2022\/05\/12\/le-jour-ou-la-vie-dun-saint-a-commence\/#primaryimage\"},\"thumbnailUrl\":\"https:\/\/jp2doc.pl\/fr\/wp-content\/uploads\/sites\/5\/2022\/05\/ccc.jpg\",\"articleSection\":[\"Articles\",\"Strona g\u0142\u00f3wna - najnowsze\",\"Strona g\u0142\u00f3wna - slider\"],\"inLanguage\":\"fr-FR\",\"potentialAction\":[{\"@type\":\"CommentAction\",\"name\":\"Comment\",\"target\":[\"https:\/\/jp2doc.pl\/fr\/2022\/05\/12\/le-jour-ou-la-vie-dun-saint-a-commence\/#respond\"]}]},{\"@type\":\"WebPage\",\"@id\":\"https:\/\/jp2doc.pl\/fr\/2022\/05\/12\/le-jour-ou-la-vie-dun-saint-a-commence\/\",\"url\":\"https:\/\/jp2doc.pl\/fr\/2022\/05\/12\/le-jour-ou-la-vie-dun-saint-a-commence\/\",\"name\":\"Le jour o\u00f9 la vie d'un saint a commenc\u00e9 - Centre de Documentation et d\u2019Etude du Pontificat de Jean-Paul II \u00e0 Rome\",\"isPartOf\":{\"@id\":\"https:\/\/jp2doc.pl\/fr\/#website\"},\"primaryImageOfPage\":{\"@id\":\"https:\/\/jp2doc.pl\/fr\/2022\/05\/12\/le-jour-ou-la-vie-dun-saint-a-commence\/#primaryimage\"},\"image\":{\"@id\":\"https:\/\/jp2doc.pl\/fr\/2022\/05\/12\/le-jour-ou-la-vie-dun-saint-a-commence\/#primaryimage\"},\"thumbnailUrl\":\"https:\/\/jp2doc.pl\/fr\/wp-content\/uploads\/sites\/5\/2022\/05\/ccc.jpg\",\"datePublished\":\"2022-05-12T19:06:59+00:00\",\"dateModified\":\"2022-05-12T19:07:00+00:00\",\"breadcrumb\":{\"@id\":\"https:\/\/jp2doc.pl\/fr\/2022\/05\/12\/le-jour-ou-la-vie-dun-saint-a-commence\/#breadcrumb\"},\"inLanguage\":\"fr-FR\",\"potentialAction\":[{\"@type\":\"ReadAction\",\"target\":[\"https:\/\/jp2doc.pl\/fr\/2022\/05\/12\/le-jour-ou-la-vie-dun-saint-a-commence\/\"]}]},{\"@type\":\"ImageObject\",\"inLanguage\":\"fr-FR\",\"@id\":\"https:\/\/jp2doc.pl\/fr\/2022\/05\/12\/le-jour-ou-la-vie-dun-saint-a-commence\/#primaryimage\",\"url\":\"https:\/\/jp2doc.pl\/fr\/wp-content\/uploads\/sites\/5\/2022\/05\/ccc.jpg\",\"contentUrl\":\"https:\/\/jp2doc.pl\/fr\/wp-content\/uploads\/sites\/5\/2022\/05\/ccc.jpg\",\"width\":1002,\"height\":668},{\"@type\":\"BreadcrumbList\",\"@id\":\"https:\/\/jp2doc.pl\/fr\/2022\/05\/12\/le-jour-ou-la-vie-dun-saint-a-commence\/#breadcrumb\",\"itemListElement\":[{\"@type\":\"ListItem\",\"position\":1,\"name\":\"Home\",\"item\":\"https:\/\/jp2doc.pl\/fr\/\"},{\"@type\":\"ListItem\",\"position\":2,\"name\":\"Le jour o\u00f9 la vie d&rsquo;un saint a commenc\u00e9\"}]},{\"@type\":\"WebSite\",\"@id\":\"https:\/\/jp2doc.pl\/fr\/#website\",\"url\":\"https:\/\/jp2doc.pl\/fr\/\",\"name\":\"Centre de Documentation et d\u2019Etude du Pontificat de Jean-Paul II \u00e0 Rome\",\"description\":\"\",\"publisher\":{\"@id\":\"https:\/\/jp2doc.pl\/fr\/#organization\"},\"potentialAction\":[{\"@type\":\"SearchAction\",\"target\":{\"@type\":\"EntryPoint\",\"urlTemplate\":\"https:\/\/jp2doc.pl\/fr\/?s={search_term_string}\"},\"query-input\":{\"@type\":\"PropertyValueSpecification\",\"valueRequired\":true,\"valueName\":\"search_term_string\"}}],\"inLanguage\":\"fr-FR\"},{\"@type\":\"Organization\",\"@id\":\"https:\/\/jp2doc.pl\/fr\/#organization\",\"name\":\"Centre de Documentation et d\u2019Etude du Pontificat de Jean-Paul II \u00e0 Rome\",\"url\":\"https:\/\/jp2doc.pl\/fr\/\",\"logo\":{\"@type\":\"ImageObject\",\"inLanguage\":\"fr-FR\",\"@id\":\"https:\/\/jp2doc.pl\/fr\/#\/schema\/logo\/image\/\",\"url\":\"https:\/\/jp2doc.pl\/fr\/wp-content\/uploads\/sites\/5\/2017\/03\/cropped-logo.png\",\"contentUrl\":\"https:\/\/jp2doc.pl\/fr\/wp-content\/uploads\/sites\/5\/2017\/03\/cropped-logo.png\",\"width\":115,\"height\":115,\"caption\":\"Centre de Documentation et d\u2019Etude du Pontificat de Jean-Paul II \u00e0 Rome\"},\"image\":{\"@id\":\"https:\/\/jp2doc.pl\/fr\/#\/schema\/logo\/image\/\"}},{\"@type\":\"Person\",\"@id\":\"https:\/\/jp2doc.pl\/fr\/#\/schema\/person\/6110109e80abb51f6fac4824777eabfe\",\"name\":\"juliasercanka\",\"image\":{\"@type\":\"ImageObject\",\"inLanguage\":\"fr-FR\",\"@id\":\"https:\/\/jp2doc.pl\/fr\/#\/schema\/person\/image\/\",\"url\":\"https:\/\/secure.gravatar.com\/avatar\/266a66e864556e22d55d61b6b10c97fab9060767b738564bcd109f3997e372bc?s=96&d=mm&r=g\",\"contentUrl\":\"https:\/\/secure.gravatar.com\/avatar\/266a66e864556e22d55d61b6b10c97fab9060767b738564bcd109f3997e372bc?s=96&d=mm&r=g\",\"caption\":\"juliasercanka\"},\"url\":\"https:\/\/jp2doc.pl\/fr\/author\/juliasercanka\/\"}]}<\/script>\n<!-- \/ Yoast SEO plugin. -->","yoast_head_json":{"title":"Le jour o\u00f9 la vie d'un saint a commenc\u00e9 - Centre de Documentation et d\u2019Etude du Pontificat de Jean-Paul II \u00e0 Rome","robots":{"index":"index","follow":"follow","max-snippet":"max-snippet:-1","max-image-preview":"max-image-preview:large","max-video-preview":"max-video-preview:-1"},"canonical":"https:\/\/jp2doc.pl\/fr\/2022\/05\/12\/le-jour-ou-la-vie-dun-saint-a-commence\/","og_locale":"fr_FR","og_type":"article","og_title":"Le jour o\u00f9 la vie d'un saint a commenc\u00e9 - Centre de Documentation et d\u2019Etude du Pontificat de Jean-Paul II \u00e0 Rome","og_description":"Anniversaire de Karol Wojty\u0142a","og_url":"https:\/\/jp2doc.pl\/fr\/2022\/05\/12\/le-jour-ou-la-vie-dun-saint-a-commence\/","og_site_name":"Centre de Documentation et d\u2019Etude du Pontificat de Jean-Paul II \u00e0 Rome","article_published_time":"2022-05-12T19:06:59+00:00","article_modified_time":"2022-05-12T19:07:00+00:00","og_image":[{"width":1002,"height":668,"url":"https:\/\/jp2doc.pl\/fr\/wp-content\/uploads\/sites\/5\/2022\/05\/ccc.jpg","type":"image\/jpeg"}],"author":"juliasercanka","twitter_card":"summary_large_image","twitter_misc":{"\u00c9crit par":"juliasercanka","Dur\u00e9e de lecture estim\u00e9e":"3 minutes"},"schema":{"@context":"https:\/\/schema.org","@graph":[{"@type":"Article","@id":"https:\/\/jp2doc.pl\/fr\/2022\/05\/12\/le-jour-ou-la-vie-dun-saint-a-commence\/#article","isPartOf":{"@id":"https:\/\/jp2doc.pl\/fr\/2022\/05\/12\/le-jour-ou-la-vie-dun-saint-a-commence\/"},"author":{"name":"juliasercanka","@id":"https:\/\/jp2doc.pl\/fr\/#\/schema\/person\/6110109e80abb51f6fac4824777eabfe"},"headline":"Le jour o\u00f9 la vie d&rsquo;un saint a commenc\u00e9","datePublished":"2022-05-12T19:06:59+00:00","dateModified":"2022-05-12T19:07:00+00:00","mainEntityOfPage":{"@id":"https:\/\/jp2doc.pl\/fr\/2022\/05\/12\/le-jour-ou-la-vie-dun-saint-a-commence\/"},"wordCount":650,"commentCount":0,"publisher":{"@id":"https:\/\/jp2doc.pl\/fr\/#organization"},"image":{"@id":"https:\/\/jp2doc.pl\/fr\/2022\/05\/12\/le-jour-ou-la-vie-dun-saint-a-commence\/#primaryimage"},"thumbnailUrl":"https:\/\/jp2doc.pl\/fr\/wp-content\/uploads\/sites\/5\/2022\/05\/ccc.jpg","articleSection":["Articles","Strona g\u0142\u00f3wna - najnowsze","Strona g\u0142\u00f3wna - slider"],"inLanguage":"fr-FR","potentialAction":[{"@type":"CommentAction","name":"Comment","target":["https:\/\/jp2doc.pl\/fr\/2022\/05\/12\/le-jour-ou-la-vie-dun-saint-a-commence\/#respond"]}]},{"@type":"WebPage","@id":"https:\/\/jp2doc.pl\/fr\/2022\/05\/12\/le-jour-ou-la-vie-dun-saint-a-commence\/","url":"https:\/\/jp2doc.pl\/fr\/2022\/05\/12\/le-jour-ou-la-vie-dun-saint-a-commence\/","name":"Le jour o\u00f9 la vie d'un saint a commenc\u00e9 - Centre de Documentation et d\u2019Etude du Pontificat de Jean-Paul II \u00e0 Rome","isPartOf":{"@id":"https:\/\/jp2doc.pl\/fr\/#website"},"primaryImageOfPage":{"@id":"https:\/\/jp2doc.pl\/fr\/2022\/05\/12\/le-jour-ou-la-vie-dun-saint-a-commence\/#primaryimage"},"image":{"@id":"https:\/\/jp2doc.pl\/fr\/2022\/05\/12\/le-jour-ou-la-vie-dun-saint-a-commence\/#primaryimage"},"thumbnailUrl":"https:\/\/jp2doc.pl\/fr\/wp-content\/uploads\/sites\/5\/2022\/05\/ccc.jpg","datePublished":"2022-05-12T19:06:59+00:00","dateModified":"2022-05-12T19:07:00+00:00","breadcrumb":{"@id":"https:\/\/jp2doc.pl\/fr\/2022\/05\/12\/le-jour-ou-la-vie-dun-saint-a-commence\/#breadcrumb"},"inLanguage":"fr-FR","potentialAction":[{"@type":"ReadAction","target":["https:\/\/jp2doc.pl\/fr\/2022\/05\/12\/le-jour-ou-la-vie-dun-saint-a-commence\/"]}]},{"@type":"ImageObject","inLanguage":"fr-FR","@id":"https:\/\/jp2doc.pl\/fr\/2022\/05\/12\/le-jour-ou-la-vie-dun-saint-a-commence\/#primaryimage","url":"https:\/\/jp2doc.pl\/fr\/wp-content\/uploads\/sites\/5\/2022\/05\/ccc.jpg","contentUrl":"https:\/\/jp2doc.pl\/fr\/wp-content\/uploads\/sites\/5\/2022\/05\/ccc.jpg","width":1002,"height":668},{"@type":"BreadcrumbList","@id":"https:\/\/jp2doc.pl\/fr\/2022\/05\/12\/le-jour-ou-la-vie-dun-saint-a-commence\/#breadcrumb","itemListElement":[{"@type":"ListItem","position":1,"name":"Home","item":"https:\/\/jp2doc.pl\/fr\/"},{"@type":"ListItem","position":2,"name":"Le jour o\u00f9 la vie d&rsquo;un saint a commenc\u00e9"}]},{"@type":"WebSite","@id":"https:\/\/jp2doc.pl\/fr\/#website","url":"https:\/\/jp2doc.pl\/fr\/","name":"Centre de Documentation et d\u2019Etude du Pontificat de Jean-Paul II \u00e0 Rome","description":"","publisher":{"@id":"https:\/\/jp2doc.pl\/fr\/#organization"},"potentialAction":[{"@type":"SearchAction","target":{"@type":"EntryPoint","urlTemplate":"https:\/\/jp2doc.pl\/fr\/?s={search_term_string}"},"query-input":{"@type":"PropertyValueSpecification","valueRequired":true,"valueName":"search_term_string"}}],"inLanguage":"fr-FR"},{"@type":"Organization","@id":"https:\/\/jp2doc.pl\/fr\/#organization","name":"Centre de Documentation et d\u2019Etude du Pontificat de Jean-Paul II \u00e0 Rome","url":"https:\/\/jp2doc.pl\/fr\/","logo":{"@type":"ImageObject","inLanguage":"fr-FR","@id":"https:\/\/jp2doc.pl\/fr\/#\/schema\/logo\/image\/","url":"https:\/\/jp2doc.pl\/fr\/wp-content\/uploads\/sites\/5\/2017\/03\/cropped-logo.png","contentUrl":"https:\/\/jp2doc.pl\/fr\/wp-content\/uploads\/sites\/5\/2017\/03\/cropped-logo.png","width":115,"height":115,"caption":"Centre de Documentation et d\u2019Etude du Pontificat de Jean-Paul II \u00e0 Rome"},"image":{"@id":"https:\/\/jp2doc.pl\/fr\/#\/schema\/logo\/image\/"}},{"@type":"Person","@id":"https:\/\/jp2doc.pl\/fr\/#\/schema\/person\/6110109e80abb51f6fac4824777eabfe","name":"juliasercanka","image":{"@type":"ImageObject","inLanguage":"fr-FR","@id":"https:\/\/jp2doc.pl\/fr\/#\/schema\/person\/image\/","url":"https:\/\/secure.gravatar.com\/avatar\/266a66e864556e22d55d61b6b10c97fab9060767b738564bcd109f3997e372bc?s=96&d=mm&r=g","contentUrl":"https:\/\/secure.gravatar.com\/avatar\/266a66e864556e22d55d61b6b10c97fab9060767b738564bcd109f3997e372bc?s=96&d=mm&r=g","caption":"juliasercanka"},"url":"https:\/\/jp2doc.pl\/fr\/author\/juliasercanka\/"}]}},"_links":{"self":[{"href":"https:\/\/jp2doc.pl\/fr\/wp-json\/wp\/v2\/posts\/2081","targetHints":{"allow":["GET"]}}],"collection":[{"href":"https:\/\/jp2doc.pl\/fr\/wp-json\/wp\/v2\/posts"}],"about":[{"href":"https:\/\/jp2doc.pl\/fr\/wp-json\/wp\/v2\/types\/post"}],"author":[{"embeddable":true,"href":"https:\/\/jp2doc.pl\/fr\/wp-json\/wp\/v2\/users\/5"}],"replies":[{"embeddable":true,"href":"https:\/\/jp2doc.pl\/fr\/wp-json\/wp\/v2\/comments?post=2081"}],"version-history":[{"count":1,"href":"https:\/\/jp2doc.pl\/fr\/wp-json\/wp\/v2\/posts\/2081\/revisions"}],"predecessor-version":[{"id":2083,"href":"https:\/\/jp2doc.pl\/fr\/wp-json\/wp\/v2\/posts\/2081\/revisions\/2083"}],"wp:featuredmedia":[{"embeddable":true,"href":"https:\/\/jp2doc.pl\/fr\/wp-json\/wp\/v2\/media\/2082"}],"wp:attachment":[{"href":"https:\/\/jp2doc.pl\/fr\/wp-json\/wp\/v2\/media?parent=2081"}],"wp:term":[{"taxonomy":"category","embeddable":true,"href":"https:\/\/jp2doc.pl\/fr\/wp-json\/wp\/v2\/categories?post=2081"},{"taxonomy":"post_tag","embeddable":true,"href":"https:\/\/jp2doc.pl\/fr\/wp-json\/wp\/v2\/tags?post=2081"}],"curies":[{"name":"wp","href":"https:\/\/api.w.org\/{rel}","templated":true}]}}