{"id":2110,"date":"2022-06-11T17:39:02","date_gmt":"2022-06-11T15:39:02","guid":{"rendered":"https:\/\/jp2doc.pl\/fr\/?p=2110"},"modified":"2022-06-11T17:39:03","modified_gmt":"2022-06-11T15:39:03","slug":"dieu-est-unique-mai-il-nest-pas-un-solitaire","status":"publish","type":"post","link":"https:\/\/jp2doc.pl\/fr\/2022\/06\/11\/dieu-est-unique-mai-il-nest-pas-un-solitaire\/","title":{"rendered":"Dieu est Unique mai il n\u2019est pas un Solitaire"},"content":{"rendered":"\n<p>Pr 8, 22-31&nbsp;; Ps 8&nbsp;: Rm 5,1-5&nbsp;: Jn 16, 12-15<\/p>\n\n\n\n<p>En ce jour o\u00f9 nous c\u00e9l\u00e9brons la solennit\u00e9 de la Sainte Trinit\u00e9, je voudrais m\u00e9diter avec vous ce passage&nbsp;: \u00ab quand il viendra, lui, l\u2019Esprit de v\u00e9rit\u00e9, il vous conduira dans la v\u00e9rit\u00e9 tout enti\u00e8re&nbsp;\u00bb.<\/p>\n\n\n\n<p>En effet, nous pouvons dire que toute notre vie chr\u00e9tienne se d\u00e9roule sous le signe de la Trinit\u00e9&nbsp;: c\u2019est par elle que nous sommes cr\u00e9\u00e9s et sauv\u00e9s, en elle que nous sommes baptis\u00e9s, elle que nous invoquons dans notre vie de pri\u00e8re et nos liturgies, vers elle que nous sommes en marche. Cette solennit\u00e9 de la Trinit\u00e9 est celle d\u2019une radieuse lumi\u00e8re qui \u00e0 la fois \u00e9claire et \u00e9blouit. La lumi\u00e8re, en effet, fait exister les choses en les arrachant \u00e0 l\u2019obscurit\u00e9. Ainsi, il en est de m\u00eame pour la Trinit\u00e9&nbsp;: sans elle, la foi chr\u00e9tienne s\u2019\u00e9vanouit&nbsp;; et pourtant lorsque nous essayons de la contempler en elle-m\u00eame, nous en sommes in\u00e9vitablement aveugl\u00e9s. Alors, qui saurait vraiment l\u2019expliquer&nbsp;? C\u2019est le vrai myst\u00e8re de notre vie chr\u00e9tienne.<\/p>\n\n\n\n<p>La Trinit\u00e9 est pour nous le myst\u00e8re par excellence, dont la r\u00e9v\u00e9lation progressive s\u2019est effectu\u00e9e tout au long de l\u2019histoire du salut. En r\u00e9alit\u00e9, que confessons-nous r\u00e9ellement en parlant de la sainte Trinit\u00e9&nbsp;? Saint Athanase le r\u00e9sume en ces termes&nbsp;: \u00ab nous v\u00e9n\u00e9rons un Dieu dans la Trinit\u00e9 et la Trinit\u00e9 dans l\u2019unit\u00e9, dans confondre les Personnes ni diviser la substance&nbsp;: autre est en effet la Personne du P\u00e8re, autre celle du Fils, autre celle du Saint-Esprit&nbsp;\u00bb. En d\u2019autres termes, nous professons en Dieu l\u2019unit\u00e9 sans confusions et la distinction sans s\u00e9paration. Deux attributs de Dieu, que nous partageons d\u2019ailleurs avec les autres religions, peuvent nous aider \u00e0 saisir quelques aspects de ce myst\u00e8re&nbsp;: la paternit\u00e9 et l\u2019amour de Dieu.<\/p>\n\n\n\n<p>Cette solennit\u00e9 nous donne encore l\u2019occasion d\u2019appeler Dieu \u00ab&nbsp;P\u00e8re&nbsp;\u00bb. De toute \u00e9ternit\u00e9, en effet, le P\u00e8re engendre le Fils, qui est de m\u00eame nature que lui. Quand J\u00e9sus appelait Dieu \u00ab&nbsp;Abba&nbsp;\u00bb, il ne faisait qu\u2019exprimer dans un langage humain la relation qui existe de toute \u00e9ternit\u00e9 entre lui et le P\u00e8re&nbsp;; \u00ab Moi et le P\u00e8re, nous sommes un&nbsp;\u00bb (Jn 10,30).<\/p>\n\n\n\n<p>En plus, nous confessons aujourd\u2019hui que Dieu est amour. Ici encore, une pr\u00e9cision de taille s\u2019impose&nbsp;: l\u2019amour de Dieu n\u2019a pas commenc\u00e9 avec la cr\u00e9ation du monde&nbsp;; il est \u00e9ternel. Or, l\u2019amour suppose toujours une alt\u00e9rit\u00e9, car un amour qui est tourn\u00e9 uniquement vers soi-m\u00eame n\u2019est rien d\u2019autre qu\u2019une forme d\u2019\u00e9go\u00efsme. De toute \u00e9ternit\u00e9, disait saint Augustin, le P\u00e8re aime le Fils et leur amour mutuel est l\u2019Esprit.<\/p>\n\n\n\n<p>Loin de nous perdre dans de longues explications et formulations th\u00e9ologiques qui rendent souvent les choses encore tr\u00e8s compliqu\u00e9es, il convient de retenir que comprendre la Trinit\u00e9, c\u2019est r\u00e9aliser que l\u2019on entre dans une circulation d\u2019amour entre des personnes : le P\u00e8re, le Fils et le Saint-Esprit. La Sainte Trinit\u00e9 veut nous dire que notre Dieu est Unique mais il n&rsquo;est pas un solitaire, \u00e9go\u00efste et ferm\u00e9 sur lui-m\u00eame ; il est plut\u00f4t relation, union et communion. Il est dialogue, il est \u00e9change. La Trinit\u00e9 est une famille, une famille id\u00e9ale \u00e0 imiter, une communaut\u00e9 (P\u00e8re, Fils, Saint-Esprit) o\u00f9 r\u00e8gnent l&rsquo;unit\u00e9, l&rsquo;amour et l&rsquo;harmonie.<\/p>\n\n\n\n<p>Nous sommes invit\u00e9s ce jour \u00e0 prendre la Trinit\u00e9 comme mod\u00e8le pour am\u00e9liorer la qualit\u00e9 des relations de nos familles humaines : les trois personnes distinctes cohabitent sans contradiction, ni conflit, ni guerre, ni incompr\u00e9hension. Regardons l\u2019amour qui unit le P\u00e8re et le Fils pour mieux comprendre la qualit\u00e9 de relation qui doit exister entre les personnes d\u2019une m\u00eame famille. Que serait notre monde sans cette capacit\u00e9 d\u2019\u00eatre en communion en famille, avec des amis, dans la joie du partage et de l\u2019\u00e9change ?<\/p>\n\n\n\n<p>Prions pour les pays o\u00f9 r\u00e8gne la guerre \u00e0 cause de l\u2019\u00e9go\u00efsme et de manque de dialogue, pour les familles divis\u00e9es, les couples en difficult\u00e9s, les enfants en rupture familiale. Puisse le myst\u00e8re de la Trinit\u00e9 les conduire \u00e0 l\u2019harmonie, \u00e0 la communion et \u00e0 l\u2019amour.<\/p>\n\n\n\n<p><strong>Abb\u00e9 Jean Claude Ciza<\/strong><\/p>\n\n\n\n<p><em>Fot. Marek Piwnicki\/Unsplash.com<\/em><\/p>\n","protected":false},"excerpt":{"rendered":"<p>Dimanche de la Sainte Trinit\u00e9<\/p>\n","protected":false},"author":5,"featured_media":1874,"comment_status":"open","ping_status":"open","sticky":false,"template":"","format":"standard","meta":{"_acf_changed":false,"_exactmetrics_skip_tracking":false,"_exactmetrics_sitenote_active":false,"_exactmetrics_sitenote_note":"","_exactmetrics_sitenote_category":0,"footnotes":""},"categories":[4,13,14],"tags":[],"class_list":["post-2110","post","type-post","status-publish","format-standard","has-post-thumbnail","hentry","category-blog","category-strona-glowna-najnowsze","category-strona-glowna-slider"],"acf":[],"yoast_head":"<!-- This site is optimized with the Yoast SEO plugin v26.2 - https:\/\/yoast.com\/wordpress\/plugins\/seo\/ -->\n<title>Dieu est Unique mai il n\u2019est pas un Solitaire - Centre de Documentation et d\u2019Etude du Pontificat de Jean-Paul II \u00e0 Rome<\/title>\n<meta name=\"robots\" content=\"index, follow, max-snippet:-1, max-image-preview:large, max-video-preview:-1\" \/>\n<link rel=\"canonical\" href=\"https:\/\/jp2doc.pl\/fr\/2022\/06\/11\/dieu-est-unique-mai-il-nest-pas-un-solitaire\/\" \/>\n<meta property=\"og:locale\" content=\"fr_FR\" \/>\n<meta property=\"og:type\" content=\"article\" \/>\n<meta property=\"og:title\" content=\"Dieu est Unique mai il n\u2019est pas un Solitaire - Centre de Documentation et d\u2019Etude du Pontificat de Jean-Paul II \u00e0 Rome\" \/>\n<meta property=\"og:description\" content=\"Dimanche de la Sainte Trinit\u00e9\" \/>\n<meta property=\"og:url\" content=\"https:\/\/jp2doc.pl\/fr\/2022\/06\/11\/dieu-est-unique-mai-il-nest-pas-un-solitaire\/\" \/>\n<meta property=\"og:site_name\" content=\"Centre de Documentation et d\u2019Etude du Pontificat de Jean-Paul II \u00e0 Rome\" \/>\n<meta property=\"article:published_time\" content=\"2022-06-11T15:39:02+00:00\" \/>\n<meta property=\"article:modified_time\" content=\"2022-06-11T15:39:03+00:00\" \/>\n<meta property=\"og:image\" content=\"https:\/\/jp2doc.pl\/fr\/wp-content\/uploads\/sites\/5\/2021\/02\/marek-piwnicki-KpMHFwpI914-unsplash.jpg\" \/>\n\t<meta property=\"og:image:width\" content=\"1920\" \/>\n\t<meta property=\"og:image:height\" content=\"1200\" \/>\n\t<meta property=\"og:image:type\" content=\"image\/jpeg\" \/>\n<meta name=\"author\" content=\"juliasercanka\" \/>\n<meta name=\"twitter:card\" content=\"summary_large_image\" \/>\n<meta name=\"twitter:label1\" content=\"\u00c9crit par\" \/>\n\t<meta name=\"twitter:data1\" content=\"juliasercanka\" \/>\n\t<meta name=\"twitter:label2\" content=\"Dur\u00e9e de lecture estim\u00e9e\" \/>\n\t<meta name=\"twitter:data2\" content=\"3 minutes\" \/>\n<script type=\"application\/ld+json\" class=\"yoast-schema-graph\">{\"@context\":\"https:\/\/schema.org\",\"@graph\":[{\"@type\":\"Article\",\"@id\":\"https:\/\/jp2doc.pl\/fr\/2022\/06\/11\/dieu-est-unique-mai-il-nest-pas-un-solitaire\/#article\",\"isPartOf\":{\"@id\":\"https:\/\/jp2doc.pl\/fr\/2022\/06\/11\/dieu-est-unique-mai-il-nest-pas-un-solitaire\/\"},\"author\":{\"name\":\"juliasercanka\",\"@id\":\"https:\/\/jp2doc.pl\/fr\/#\/schema\/person\/6110109e80abb51f6fac4824777eabfe\"},\"headline\":\"Dieu est Unique mai il n\u2019est pas un Solitaire\",\"datePublished\":\"2022-06-11T15:39:02+00:00\",\"dateModified\":\"2022-06-11T15:39:03+00:00\",\"mainEntityOfPage\":{\"@id\":\"https:\/\/jp2doc.pl\/fr\/2022\/06\/11\/dieu-est-unique-mai-il-nest-pas-un-solitaire\/\"},\"wordCount\":782,\"commentCount\":0,\"publisher\":{\"@id\":\"https:\/\/jp2doc.pl\/fr\/#organization\"},\"image\":{\"@id\":\"https:\/\/jp2doc.pl\/fr\/2022\/06\/11\/dieu-est-unique-mai-il-nest-pas-un-solitaire\/#primaryimage\"},\"thumbnailUrl\":\"https:\/\/jp2doc.pl\/fr\/wp-content\/uploads\/sites\/5\/2021\/02\/marek-piwnicki-KpMHFwpI914-unsplash.jpg\",\"articleSection\":[\"Blog\",\"Strona g\u0142\u00f3wna - najnowsze\",\"Strona g\u0142\u00f3wna - slider\"],\"inLanguage\":\"fr-FR\",\"potentialAction\":[{\"@type\":\"CommentAction\",\"name\":\"Comment\",\"target\":[\"https:\/\/jp2doc.pl\/fr\/2022\/06\/11\/dieu-est-unique-mai-il-nest-pas-un-solitaire\/#respond\"]}]},{\"@type\":\"WebPage\",\"@id\":\"https:\/\/jp2doc.pl\/fr\/2022\/06\/11\/dieu-est-unique-mai-il-nest-pas-un-solitaire\/\",\"url\":\"https:\/\/jp2doc.pl\/fr\/2022\/06\/11\/dieu-est-unique-mai-il-nest-pas-un-solitaire\/\",\"name\":\"Dieu est Unique mai il n\u2019est pas un Solitaire - Centre de Documentation et d\u2019Etude du Pontificat de Jean-Paul II \u00e0 Rome\",\"isPartOf\":{\"@id\":\"https:\/\/jp2doc.pl\/fr\/#website\"},\"primaryImageOfPage\":{\"@id\":\"https:\/\/jp2doc.pl\/fr\/2022\/06\/11\/dieu-est-unique-mai-il-nest-pas-un-solitaire\/#primaryimage\"},\"image\":{\"@id\":\"https:\/\/jp2doc.pl\/fr\/2022\/06\/11\/dieu-est-unique-mai-il-nest-pas-un-solitaire\/#primaryimage\"},\"thumbnailUrl\":\"https:\/\/jp2doc.pl\/fr\/wp-content\/uploads\/sites\/5\/2021\/02\/marek-piwnicki-KpMHFwpI914-unsplash.jpg\",\"datePublished\":\"2022-06-11T15:39:02+00:00\",\"dateModified\":\"2022-06-11T15:39:03+00:00\",\"breadcrumb\":{\"@id\":\"https:\/\/jp2doc.pl\/fr\/2022\/06\/11\/dieu-est-unique-mai-il-nest-pas-un-solitaire\/#breadcrumb\"},\"inLanguage\":\"fr-FR\",\"potentialAction\":[{\"@type\":\"ReadAction\",\"target\":[\"https:\/\/jp2doc.pl\/fr\/2022\/06\/11\/dieu-est-unique-mai-il-nest-pas-un-solitaire\/\"]}]},{\"@type\":\"ImageObject\",\"inLanguage\":\"fr-FR\",\"@id\":\"https:\/\/jp2doc.pl\/fr\/2022\/06\/11\/dieu-est-unique-mai-il-nest-pas-un-solitaire\/#primaryimage\",\"url\":\"https:\/\/jp2doc.pl\/fr\/wp-content\/uploads\/sites\/5\/2021\/02\/marek-piwnicki-KpMHFwpI914-unsplash.jpg\",\"contentUrl\":\"https:\/\/jp2doc.pl\/fr\/wp-content\/uploads\/sites\/5\/2021\/02\/marek-piwnicki-KpMHFwpI914-unsplash.jpg\",\"width\":1920,\"height\":1200},{\"@type\":\"BreadcrumbList\",\"@id\":\"https:\/\/jp2doc.pl\/fr\/2022\/06\/11\/dieu-est-unique-mai-il-nest-pas-un-solitaire\/#breadcrumb\",\"itemListElement\":[{\"@type\":\"ListItem\",\"position\":1,\"name\":\"Home\",\"item\":\"https:\/\/jp2doc.pl\/fr\/\"},{\"@type\":\"ListItem\",\"position\":2,\"name\":\"Dieu est Unique mai il n\u2019est pas un Solitaire\"}]},{\"@type\":\"WebSite\",\"@id\":\"https:\/\/jp2doc.pl\/fr\/#website\",\"url\":\"https:\/\/jp2doc.pl\/fr\/\",\"name\":\"Centre de Documentation et d\u2019Etude du Pontificat de Jean-Paul II \u00e0 Rome\",\"description\":\"\",\"publisher\":{\"@id\":\"https:\/\/jp2doc.pl\/fr\/#organization\"},\"potentialAction\":[{\"@type\":\"SearchAction\",\"target\":{\"@type\":\"EntryPoint\",\"urlTemplate\":\"https:\/\/jp2doc.pl\/fr\/?s={search_term_string}\"},\"query-input\":{\"@type\":\"PropertyValueSpecification\",\"valueRequired\":true,\"valueName\":\"search_term_string\"}}],\"inLanguage\":\"fr-FR\"},{\"@type\":\"Organization\",\"@id\":\"https:\/\/jp2doc.pl\/fr\/#organization\",\"name\":\"Centre de Documentation et d\u2019Etude du Pontificat de Jean-Paul II \u00e0 Rome\",\"url\":\"https:\/\/jp2doc.pl\/fr\/\",\"logo\":{\"@type\":\"ImageObject\",\"inLanguage\":\"fr-FR\",\"@id\":\"https:\/\/jp2doc.pl\/fr\/#\/schema\/logo\/image\/\",\"url\":\"https:\/\/jp2doc.pl\/fr\/wp-content\/uploads\/sites\/5\/2017\/03\/cropped-logo.png\",\"contentUrl\":\"https:\/\/jp2doc.pl\/fr\/wp-content\/uploads\/sites\/5\/2017\/03\/cropped-logo.png\",\"width\":115,\"height\":115,\"caption\":\"Centre de Documentation et d\u2019Etude du Pontificat de Jean-Paul II \u00e0 Rome\"},\"image\":{\"@id\":\"https:\/\/jp2doc.pl\/fr\/#\/schema\/logo\/image\/\"}},{\"@type\":\"Person\",\"@id\":\"https:\/\/jp2doc.pl\/fr\/#\/schema\/person\/6110109e80abb51f6fac4824777eabfe\",\"name\":\"juliasercanka\",\"image\":{\"@type\":\"ImageObject\",\"inLanguage\":\"fr-FR\",\"@id\":\"https:\/\/jp2doc.pl\/fr\/#\/schema\/person\/image\/\",\"url\":\"https:\/\/secure.gravatar.com\/avatar\/266a66e864556e22d55d61b6b10c97fab9060767b738564bcd109f3997e372bc?s=96&d=mm&r=g\",\"contentUrl\":\"https:\/\/secure.gravatar.com\/avatar\/266a66e864556e22d55d61b6b10c97fab9060767b738564bcd109f3997e372bc?s=96&d=mm&r=g\",\"caption\":\"juliasercanka\"},\"url\":\"https:\/\/jp2doc.pl\/fr\/author\/juliasercanka\/\"}]}<\/script>\n<!-- \/ Yoast SEO plugin. -->","yoast_head_json":{"title":"Dieu est Unique mai il n\u2019est pas un Solitaire - Centre de Documentation et d\u2019Etude du Pontificat de Jean-Paul II \u00e0 Rome","robots":{"index":"index","follow":"follow","max-snippet":"max-snippet:-1","max-image-preview":"max-image-preview:large","max-video-preview":"max-video-preview:-1"},"canonical":"https:\/\/jp2doc.pl\/fr\/2022\/06\/11\/dieu-est-unique-mai-il-nest-pas-un-solitaire\/","og_locale":"fr_FR","og_type":"article","og_title":"Dieu est Unique mai il n\u2019est pas un Solitaire - Centre de Documentation et d\u2019Etude du Pontificat de Jean-Paul II \u00e0 Rome","og_description":"Dimanche de la Sainte Trinit\u00e9","og_url":"https:\/\/jp2doc.pl\/fr\/2022\/06\/11\/dieu-est-unique-mai-il-nest-pas-un-solitaire\/","og_site_name":"Centre de Documentation et d\u2019Etude du Pontificat de Jean-Paul II \u00e0 Rome","article_published_time":"2022-06-11T15:39:02+00:00","article_modified_time":"2022-06-11T15:39:03+00:00","og_image":[{"width":1920,"height":1200,"url":"https:\/\/jp2doc.pl\/fr\/wp-content\/uploads\/sites\/5\/2021\/02\/marek-piwnicki-KpMHFwpI914-unsplash.jpg","type":"image\/jpeg"}],"author":"juliasercanka","twitter_card":"summary_large_image","twitter_misc":{"\u00c9crit par":"juliasercanka","Dur\u00e9e de lecture estim\u00e9e":"3 minutes"},"schema":{"@context":"https:\/\/schema.org","@graph":[{"@type":"Article","@id":"https:\/\/jp2doc.pl\/fr\/2022\/06\/11\/dieu-est-unique-mai-il-nest-pas-un-solitaire\/#article","isPartOf":{"@id":"https:\/\/jp2doc.pl\/fr\/2022\/06\/11\/dieu-est-unique-mai-il-nest-pas-un-solitaire\/"},"author":{"name":"juliasercanka","@id":"https:\/\/jp2doc.pl\/fr\/#\/schema\/person\/6110109e80abb51f6fac4824777eabfe"},"headline":"Dieu est Unique mai il n\u2019est pas un Solitaire","datePublished":"2022-06-11T15:39:02+00:00","dateModified":"2022-06-11T15:39:03+00:00","mainEntityOfPage":{"@id":"https:\/\/jp2doc.pl\/fr\/2022\/06\/11\/dieu-est-unique-mai-il-nest-pas-un-solitaire\/"},"wordCount":782,"commentCount":0,"publisher":{"@id":"https:\/\/jp2doc.pl\/fr\/#organization"},"image":{"@id":"https:\/\/jp2doc.pl\/fr\/2022\/06\/11\/dieu-est-unique-mai-il-nest-pas-un-solitaire\/#primaryimage"},"thumbnailUrl":"https:\/\/jp2doc.pl\/fr\/wp-content\/uploads\/sites\/5\/2021\/02\/marek-piwnicki-KpMHFwpI914-unsplash.jpg","articleSection":["Blog","Strona g\u0142\u00f3wna - najnowsze","Strona g\u0142\u00f3wna - slider"],"inLanguage":"fr-FR","potentialAction":[{"@type":"CommentAction","name":"Comment","target":["https:\/\/jp2doc.pl\/fr\/2022\/06\/11\/dieu-est-unique-mai-il-nest-pas-un-solitaire\/#respond"]}]},{"@type":"WebPage","@id":"https:\/\/jp2doc.pl\/fr\/2022\/06\/11\/dieu-est-unique-mai-il-nest-pas-un-solitaire\/","url":"https:\/\/jp2doc.pl\/fr\/2022\/06\/11\/dieu-est-unique-mai-il-nest-pas-un-solitaire\/","name":"Dieu est Unique mai il n\u2019est pas un Solitaire - Centre de Documentation et d\u2019Etude du Pontificat de Jean-Paul II \u00e0 Rome","isPartOf":{"@id":"https:\/\/jp2doc.pl\/fr\/#website"},"primaryImageOfPage":{"@id":"https:\/\/jp2doc.pl\/fr\/2022\/06\/11\/dieu-est-unique-mai-il-nest-pas-un-solitaire\/#primaryimage"},"image":{"@id":"https:\/\/jp2doc.pl\/fr\/2022\/06\/11\/dieu-est-unique-mai-il-nest-pas-un-solitaire\/#primaryimage"},"thumbnailUrl":"https:\/\/jp2doc.pl\/fr\/wp-content\/uploads\/sites\/5\/2021\/02\/marek-piwnicki-KpMHFwpI914-unsplash.jpg","datePublished":"2022-06-11T15:39:02+00:00","dateModified":"2022-06-11T15:39:03+00:00","breadcrumb":{"@id":"https:\/\/jp2doc.pl\/fr\/2022\/06\/11\/dieu-est-unique-mai-il-nest-pas-un-solitaire\/#breadcrumb"},"inLanguage":"fr-FR","potentialAction":[{"@type":"ReadAction","target":["https:\/\/jp2doc.pl\/fr\/2022\/06\/11\/dieu-est-unique-mai-il-nest-pas-un-solitaire\/"]}]},{"@type":"ImageObject","inLanguage":"fr-FR","@id":"https:\/\/jp2doc.pl\/fr\/2022\/06\/11\/dieu-est-unique-mai-il-nest-pas-un-solitaire\/#primaryimage","url":"https:\/\/jp2doc.pl\/fr\/wp-content\/uploads\/sites\/5\/2021\/02\/marek-piwnicki-KpMHFwpI914-unsplash.jpg","contentUrl":"https:\/\/jp2doc.pl\/fr\/wp-content\/uploads\/sites\/5\/2021\/02\/marek-piwnicki-KpMHFwpI914-unsplash.jpg","width":1920,"height":1200},{"@type":"BreadcrumbList","@id":"https:\/\/jp2doc.pl\/fr\/2022\/06\/11\/dieu-est-unique-mai-il-nest-pas-un-solitaire\/#breadcrumb","itemListElement":[{"@type":"ListItem","position":1,"name":"Home","item":"https:\/\/jp2doc.pl\/fr\/"},{"@type":"ListItem","position":2,"name":"Dieu est Unique mai il n\u2019est pas un Solitaire"}]},{"@type":"WebSite","@id":"https:\/\/jp2doc.pl\/fr\/#website","url":"https:\/\/jp2doc.pl\/fr\/","name":"Centre de Documentation et d\u2019Etude du Pontificat de Jean-Paul II \u00e0 Rome","description":"","publisher":{"@id":"https:\/\/jp2doc.pl\/fr\/#organization"},"potentialAction":[{"@type":"SearchAction","target":{"@type":"EntryPoint","urlTemplate":"https:\/\/jp2doc.pl\/fr\/?s={search_term_string}"},"query-input":{"@type":"PropertyValueSpecification","valueRequired":true,"valueName":"search_term_string"}}],"inLanguage":"fr-FR"},{"@type":"Organization","@id":"https:\/\/jp2doc.pl\/fr\/#organization","name":"Centre de Documentation et d\u2019Etude du Pontificat de Jean-Paul II \u00e0 Rome","url":"https:\/\/jp2doc.pl\/fr\/","logo":{"@type":"ImageObject","inLanguage":"fr-FR","@id":"https:\/\/jp2doc.pl\/fr\/#\/schema\/logo\/image\/","url":"https:\/\/jp2doc.pl\/fr\/wp-content\/uploads\/sites\/5\/2017\/03\/cropped-logo.png","contentUrl":"https:\/\/jp2doc.pl\/fr\/wp-content\/uploads\/sites\/5\/2017\/03\/cropped-logo.png","width":115,"height":115,"caption":"Centre de Documentation et d\u2019Etude du Pontificat de Jean-Paul II \u00e0 Rome"},"image":{"@id":"https:\/\/jp2doc.pl\/fr\/#\/schema\/logo\/image\/"}},{"@type":"Person","@id":"https:\/\/jp2doc.pl\/fr\/#\/schema\/person\/6110109e80abb51f6fac4824777eabfe","name":"juliasercanka","image":{"@type":"ImageObject","inLanguage":"fr-FR","@id":"https:\/\/jp2doc.pl\/fr\/#\/schema\/person\/image\/","url":"https:\/\/secure.gravatar.com\/avatar\/266a66e864556e22d55d61b6b10c97fab9060767b738564bcd109f3997e372bc?s=96&d=mm&r=g","contentUrl":"https:\/\/secure.gravatar.com\/avatar\/266a66e864556e22d55d61b6b10c97fab9060767b738564bcd109f3997e372bc?s=96&d=mm&r=g","caption":"juliasercanka"},"url":"https:\/\/jp2doc.pl\/fr\/author\/juliasercanka\/"}]}},"_links":{"self":[{"href":"https:\/\/jp2doc.pl\/fr\/wp-json\/wp\/v2\/posts\/2110","targetHints":{"allow":["GET"]}}],"collection":[{"href":"https:\/\/jp2doc.pl\/fr\/wp-json\/wp\/v2\/posts"}],"about":[{"href":"https:\/\/jp2doc.pl\/fr\/wp-json\/wp\/v2\/types\/post"}],"author":[{"embeddable":true,"href":"https:\/\/jp2doc.pl\/fr\/wp-json\/wp\/v2\/users\/5"}],"replies":[{"embeddable":true,"href":"https:\/\/jp2doc.pl\/fr\/wp-json\/wp\/v2\/comments?post=2110"}],"version-history":[{"count":1,"href":"https:\/\/jp2doc.pl\/fr\/wp-json\/wp\/v2\/posts\/2110\/revisions"}],"predecessor-version":[{"id":2111,"href":"https:\/\/jp2doc.pl\/fr\/wp-json\/wp\/v2\/posts\/2110\/revisions\/2111"}],"wp:featuredmedia":[{"embeddable":true,"href":"https:\/\/jp2doc.pl\/fr\/wp-json\/wp\/v2\/media\/1874"}],"wp:attachment":[{"href":"https:\/\/jp2doc.pl\/fr\/wp-json\/wp\/v2\/media?parent=2110"}],"wp:term":[{"taxonomy":"category","embeddable":true,"href":"https:\/\/jp2doc.pl\/fr\/wp-json\/wp\/v2\/categories?post=2110"},{"taxonomy":"post_tag","embeddable":true,"href":"https:\/\/jp2doc.pl\/fr\/wp-json\/wp\/v2\/tags?post=2110"}],"curies":[{"name":"wp","href":"https:\/\/api.w.org\/{rel}","templated":true}]}}