{"id":2170,"date":"2022-10-16T11:22:02","date_gmt":"2022-10-16T09:22:02","guid":{"rendered":"https:\/\/jp2doc.pl\/fr\/?p=2170"},"modified":"2022-10-16T11:22:04","modified_gmt":"2022-10-16T09:22:04","slug":"la-perseverance-dans-la-priere","status":"publish","type":"post","link":"https:\/\/jp2doc.pl\/fr\/2022\/10\/16\/la-perseverance-dans-la-priere\/","title":{"rendered":"La pers\u00e9v\u00e9rance dans la pri\u00e8re"},"content":{"rendered":"\n<p><em>Ex 17\u00a0,8-13\u00a0; 2 Tm 3, 14-4\u00a0,2\u00a0; Lc 18, 1-8<\/em><\/p>\n\n\n\n<p>Les r\u00e9cits \u00e9mouvants qui nous sont propos\u00e9s par la liturgie de ce dimanche mettent l\u2019accent sur deux caract\u00e9ristiques essentielles de la pri\u00e8re \u00e0 savoir&nbsp;: la pri\u00e8re comme une force, arme efficace et la pers\u00e9v\u00e9rance.<\/p>\n\n\n\n<p>Parfois dans des situations difficiles, pendant des strat\u00e9gies, la guerre, calamit\u00e9s\u2026 on se pose des questions sur la pri\u00e8re. Souvent nous attendons les gens dire&nbsp;:<\/p>\n\n\n\n<p>\u00c0 quoi sert la prier&nbsp;? Qu\u2019est-ce cela change r\u00e9ellement dans notre vie&nbsp;? \u00c0 quoi bon prier si tout continue comme avant&nbsp;? Ces genres de questions interviennent quand on a connu des d\u00e9ceptions, des frustrations devant le silence de Dieu.<\/p>\n\n\n\n<p>Oui, la pri\u00e8re est une arme efficace de combat contre le mal.&nbsp; C\u2019est ce que nous avons entendu dans la premi\u00e8re lecture tir\u00e9e du livre de l\u2019Exode 17, 8-13. Dans ce r\u00e9cit, on nous apporte le r\u00f4le jou\u00e9 par Moise. Pendant que le peuple \u00e9tait aux prises avec l\u2019ennemi, l\u2019homme de Dieu, la main lev\u00e9e, interc\u00e9dait pour lui aupr\u00e8s de Yahv\u00e9. De cette histoire hautement \u00e9difiante, on peut retenir que la pri\u00e8re est l\u2019arme la plus efficace dont dispose le croyant dans la lutte contre l\u2019adversaire. Mais, il n\u2019est pas toujours facile de prier, d\u2019o\u00f9 la recommandation que nous trouvons dans l\u2019\u00c9vangile de ce jour&nbsp;: la pers\u00e9v\u00e9rance.<\/p>\n\n\n\n<p>Bien aim\u00e9s de Dieu, la pers\u00e9v\u00e9rance dans la pri\u00e8re fl\u00e9chit le c\u0153ur de Dieu. Pour convaincre ses disciples et nous aujourd\u2019hui, de l\u2019efficacit\u00e9 de la pri\u00e8re, le Christ nous propose cette parabole un peu \u00e9nigmatique. Il s\u2019agit de la parabole de ce juge sans justice. Devant l\u2019instance obstin\u00e9e de la pauvre veuve, le pauvre juge finit par lui rendre service un peu pour s\u2019en d\u00e9barrasser. Et J\u00e9sus conclut&nbsp;: si le juge importun\u00e9 finit par rendre justice \u00e0 cette pauvre veuve qui n\u2019avait pourtant rien d\u2019int\u00e9ressant pour lui, comment Dieu ne le ferait-il pas pour ceux qui l\u2019implorent&nbsp;?<\/p>\n\n\n\n<p>En regardant de pr\u00e8s, lorsque nous passons de cet \u00c9vangile \u00e0 notre vie quotidienne, nous nous rendons compte que les choses ne sont pas si simples. Bien souvent, en certaines circonstances, Dieu semble rester silencieux \u00e0 nos pri\u00e8res et n\u2019intervient pas malgr\u00e9 notre insistance. Pourquoi cela&nbsp;? Sans pour autant trop justifi\u00e9 le silence de Dieu, retenons 5 raisons qui peuvent justifier le silence de Dieu et que nous pouvons retrouver en nous-m\u00eames.<\/p>\n\n\n\n<ol class=\"wp-block-list\" type=\"1\"><li>D\u2019abord parce que nous nous attendons presque toujours \u00e0 des interventions spectaculaires de Dieu dans nos demandes. En r\u00e9alit\u00e9, Dieu se manifeste parfois \u00e0 travers des \u00e9v\u00e9nements ordinaires qui passent inaper\u00e7us. D\u2019o\u00f9 il nous faut ouvrir les yeux de la foi et sachons que si la pri\u00e8re ne change pas toujours une situation, elle peut changer notre regard sur la situation.<\/li><li>En plus, saint Jacques au Chapitre 4 de son \u00c9p\u00eetre, affirme que nos pri\u00e8res ne sont pas exauc\u00e9es parfois parce qu\u2019elles ne correspondent pas \u00e0 nos vrais besoins&nbsp;: \u00ab&nbsp;vous demandez et vous n\u2019obtenez pas parce que vous demandez mal avec l\u2019intention de satisfaire vos plaisirs&nbsp;\u00bb Jc 4,3. Pour ce faire, il faut commencer toujours nos pri\u00e8res par une invocation \u00e0 l\u2019Esprit saint, afin qu\u2019il nous \u00e9claire sur nos vrais besoins.<\/li><li>D\u2019autre part, lorsque nous prions, nous cherchons toujours \u00e0 dicter trop nos conditions \u00e0 Dieu, nous lui fixons trop des r\u00e8gles, comme si c\u2019\u00e9tait \u00e0 nous de lui apprendre \u00e0 \u00eatre Dieu. Nous devons plut\u00f4t faire confiance \u00e0 sa sagesse infinie car il sait mieux que nous comment nous exaucer.<\/li><li>Aussi, si notre pri\u00e8re n\u2019est pas souvent exauc\u00e9e, c\u2019est peut-\u00eatre parce que nous n\u2019avons pas les dispositions qui permettent la r\u00e9alisation de ce que nous demandons. Nous prions souvent pour la paix dans le monde, pendant que dans notre c\u0153ur r\u00e8gnent des sentiments de division, de haine, \u2026<\/li><li>Enfin, notre pri\u00e8re se pr\u00e9sente souvent comme une d\u00e9mission de nos responsabilit\u00e9s. Ce n\u2019est pas parce que nous prions que nous devons arr\u00eater de chercher les solutions \u00e0 nos probl\u00e8mes. Rappelons-nous cette phrase attribu\u00e9e \u00e0 saint Ignace et qui est rapport\u00e9e dans le cat\u00e9chisme de l\u2019\u00c9glise catholique au n\u00b0 2834&nbsp;; \u00ab priez comme si tout d\u00e9pendait de Dieu mais travaillez comme si tout d\u00e9pendait de vous&nbsp;\u00bb.<\/li><\/ol>\n\n\n\n<p>L\u2019\u00c9vangile de ce jour se termine par une question rh\u00e9torique \u00e0 laquelle chacun de nous est invit\u00e9 \u00e0 r\u00e9pondre&nbsp;: \u00ab&nbsp;mais le Fils de l\u2019homme quand il viendra, trouvera-t-il la foi sur terre&nbsp;? trouvera-t-il la foi dans mon c\u0153ur&nbsp;?<\/p>\n\n\n\n<p><strong>Abb\u00e9 Jean Claude CIZA<\/strong><\/p>\n\n\n\n<p><em>Fot. Neonbrand<\/em><\/p>\n","protected":false},"excerpt":{"rendered":"<p>XXIX Dimanche Temps Ordinaire<\/p>\n","protected":false},"author":5,"featured_media":1335,"comment_status":"open","ping_status":"open","sticky":false,"template":"","format":"standard","meta":{"_acf_changed":false,"_exactmetrics_skip_tracking":false,"_exactmetrics_sitenote_active":false,"_exactmetrics_sitenote_note":"","_exactmetrics_sitenote_category":0,"footnotes":""},"categories":[4,13,14],"tags":[],"class_list":["post-2170","post","type-post","status-publish","format-standard","has-post-thumbnail","hentry","category-blog","category-strona-glowna-najnowsze","category-strona-glowna-slider"],"acf":[],"yoast_head":"<!-- This site is optimized with the Yoast SEO plugin v26.2 - https:\/\/yoast.com\/wordpress\/plugins\/seo\/ -->\n<title>La pers\u00e9v\u00e9rance dans la pri\u00e8re - Centre de Documentation et d\u2019Etude du Pontificat de Jean-Paul II \u00e0 Rome<\/title>\n<meta name=\"robots\" content=\"index, follow, max-snippet:-1, max-image-preview:large, max-video-preview:-1\" \/>\n<link rel=\"canonical\" href=\"https:\/\/jp2doc.pl\/fr\/2022\/10\/16\/la-perseverance-dans-la-priere\/\" \/>\n<meta property=\"og:locale\" content=\"fr_FR\" \/>\n<meta property=\"og:type\" content=\"article\" \/>\n<meta property=\"og:title\" content=\"La pers\u00e9v\u00e9rance dans la pri\u00e8re - Centre de Documentation et d\u2019Etude du Pontificat de Jean-Paul II \u00e0 Rome\" \/>\n<meta property=\"og:description\" content=\"XXIX Dimanche Temps Ordinaire\" \/>\n<meta property=\"og:url\" content=\"https:\/\/jp2doc.pl\/fr\/2022\/10\/16\/la-perseverance-dans-la-priere\/\" \/>\n<meta property=\"og:site_name\" content=\"Centre de Documentation et d\u2019Etude du Pontificat de Jean-Paul II \u00e0 Rome\" \/>\n<meta property=\"article:published_time\" content=\"2022-10-16T09:22:02+00:00\" \/>\n<meta property=\"article:modified_time\" content=\"2022-10-16T09:22:04+00:00\" \/>\n<meta property=\"og:image\" content=\"https:\/\/jp2doc.pl\/fr\/wp-content\/uploads\/sites\/5\/2018\/01\/neonbrand-443040.jpg\" \/>\n\t<meta property=\"og:image:width\" content=\"1572\" \/>\n\t<meta property=\"og:image:height\" content=\"1048\" \/>\n\t<meta property=\"og:image:type\" content=\"image\/jpeg\" \/>\n<meta name=\"author\" content=\"juliasercanka\" \/>\n<meta name=\"twitter:card\" content=\"summary_large_image\" \/>\n<meta name=\"twitter:label1\" content=\"\u00c9crit par\" \/>\n\t<meta name=\"twitter:data1\" content=\"juliasercanka\" \/>\n\t<meta name=\"twitter:label2\" content=\"Dur\u00e9e de lecture estim\u00e9e\" \/>\n\t<meta name=\"twitter:data2\" content=\"4 minutes\" \/>\n<script type=\"application\/ld+json\" class=\"yoast-schema-graph\">{\"@context\":\"https:\/\/schema.org\",\"@graph\":[{\"@type\":\"Article\",\"@id\":\"https:\/\/jp2doc.pl\/fr\/2022\/10\/16\/la-perseverance-dans-la-priere\/#article\",\"isPartOf\":{\"@id\":\"https:\/\/jp2doc.pl\/fr\/2022\/10\/16\/la-perseverance-dans-la-priere\/\"},\"author\":{\"name\":\"juliasercanka\",\"@id\":\"https:\/\/jp2doc.pl\/fr\/#\/schema\/person\/6110109e80abb51f6fac4824777eabfe\"},\"headline\":\"La pers\u00e9v\u00e9rance dans la pri\u00e8re\",\"datePublished\":\"2022-10-16T09:22:02+00:00\",\"dateModified\":\"2022-10-16T09:22:04+00:00\",\"mainEntityOfPage\":{\"@id\":\"https:\/\/jp2doc.pl\/fr\/2022\/10\/16\/la-perseverance-dans-la-priere\/\"},\"wordCount\":823,\"commentCount\":0,\"publisher\":{\"@id\":\"https:\/\/jp2doc.pl\/fr\/#organization\"},\"image\":{\"@id\":\"https:\/\/jp2doc.pl\/fr\/2022\/10\/16\/la-perseverance-dans-la-priere\/#primaryimage\"},\"thumbnailUrl\":\"https:\/\/jp2doc.pl\/fr\/wp-content\/uploads\/sites\/5\/2018\/01\/neonbrand-443040.jpg\",\"articleSection\":[\"Blog\",\"Strona g\u0142\u00f3wna - najnowsze\",\"Strona g\u0142\u00f3wna - slider\"],\"inLanguage\":\"fr-FR\",\"potentialAction\":[{\"@type\":\"CommentAction\",\"name\":\"Comment\",\"target\":[\"https:\/\/jp2doc.pl\/fr\/2022\/10\/16\/la-perseverance-dans-la-priere\/#respond\"]}]},{\"@type\":\"WebPage\",\"@id\":\"https:\/\/jp2doc.pl\/fr\/2022\/10\/16\/la-perseverance-dans-la-priere\/\",\"url\":\"https:\/\/jp2doc.pl\/fr\/2022\/10\/16\/la-perseverance-dans-la-priere\/\",\"name\":\"La pers\u00e9v\u00e9rance dans la pri\u00e8re - Centre de Documentation et d\u2019Etude du Pontificat de Jean-Paul II \u00e0 Rome\",\"isPartOf\":{\"@id\":\"https:\/\/jp2doc.pl\/fr\/#website\"},\"primaryImageOfPage\":{\"@id\":\"https:\/\/jp2doc.pl\/fr\/2022\/10\/16\/la-perseverance-dans-la-priere\/#primaryimage\"},\"image\":{\"@id\":\"https:\/\/jp2doc.pl\/fr\/2022\/10\/16\/la-perseverance-dans-la-priere\/#primaryimage\"},\"thumbnailUrl\":\"https:\/\/jp2doc.pl\/fr\/wp-content\/uploads\/sites\/5\/2018\/01\/neonbrand-443040.jpg\",\"datePublished\":\"2022-10-16T09:22:02+00:00\",\"dateModified\":\"2022-10-16T09:22:04+00:00\",\"breadcrumb\":{\"@id\":\"https:\/\/jp2doc.pl\/fr\/2022\/10\/16\/la-perseverance-dans-la-priere\/#breadcrumb\"},\"inLanguage\":\"fr-FR\",\"potentialAction\":[{\"@type\":\"ReadAction\",\"target\":[\"https:\/\/jp2doc.pl\/fr\/2022\/10\/16\/la-perseverance-dans-la-priere\/\"]}]},{\"@type\":\"ImageObject\",\"inLanguage\":\"fr-FR\",\"@id\":\"https:\/\/jp2doc.pl\/fr\/2022\/10\/16\/la-perseverance-dans-la-priere\/#primaryimage\",\"url\":\"https:\/\/jp2doc.pl\/fr\/wp-content\/uploads\/sites\/5\/2018\/01\/neonbrand-443040.jpg\",\"contentUrl\":\"https:\/\/jp2doc.pl\/fr\/wp-content\/uploads\/sites\/5\/2018\/01\/neonbrand-443040.jpg\",\"width\":1572,\"height\":1048},{\"@type\":\"BreadcrumbList\",\"@id\":\"https:\/\/jp2doc.pl\/fr\/2022\/10\/16\/la-perseverance-dans-la-priere\/#breadcrumb\",\"itemListElement\":[{\"@type\":\"ListItem\",\"position\":1,\"name\":\"Home\",\"item\":\"https:\/\/jp2doc.pl\/fr\/\"},{\"@type\":\"ListItem\",\"position\":2,\"name\":\"La pers\u00e9v\u00e9rance dans la pri\u00e8re\"}]},{\"@type\":\"WebSite\",\"@id\":\"https:\/\/jp2doc.pl\/fr\/#website\",\"url\":\"https:\/\/jp2doc.pl\/fr\/\",\"name\":\"Centre de Documentation et d\u2019Etude du Pontificat de Jean-Paul II \u00e0 Rome\",\"description\":\"\",\"publisher\":{\"@id\":\"https:\/\/jp2doc.pl\/fr\/#organization\"},\"potentialAction\":[{\"@type\":\"SearchAction\",\"target\":{\"@type\":\"EntryPoint\",\"urlTemplate\":\"https:\/\/jp2doc.pl\/fr\/?s={search_term_string}\"},\"query-input\":{\"@type\":\"PropertyValueSpecification\",\"valueRequired\":true,\"valueName\":\"search_term_string\"}}],\"inLanguage\":\"fr-FR\"},{\"@type\":\"Organization\",\"@id\":\"https:\/\/jp2doc.pl\/fr\/#organization\",\"name\":\"Centre de Documentation et d\u2019Etude du Pontificat de Jean-Paul II \u00e0 Rome\",\"url\":\"https:\/\/jp2doc.pl\/fr\/\",\"logo\":{\"@type\":\"ImageObject\",\"inLanguage\":\"fr-FR\",\"@id\":\"https:\/\/jp2doc.pl\/fr\/#\/schema\/logo\/image\/\",\"url\":\"https:\/\/jp2doc.pl\/fr\/wp-content\/uploads\/sites\/5\/2017\/03\/cropped-logo.png\",\"contentUrl\":\"https:\/\/jp2doc.pl\/fr\/wp-content\/uploads\/sites\/5\/2017\/03\/cropped-logo.png\",\"width\":115,\"height\":115,\"caption\":\"Centre de Documentation et d\u2019Etude du Pontificat de Jean-Paul II \u00e0 Rome\"},\"image\":{\"@id\":\"https:\/\/jp2doc.pl\/fr\/#\/schema\/logo\/image\/\"}},{\"@type\":\"Person\",\"@id\":\"https:\/\/jp2doc.pl\/fr\/#\/schema\/person\/6110109e80abb51f6fac4824777eabfe\",\"name\":\"juliasercanka\",\"image\":{\"@type\":\"ImageObject\",\"inLanguage\":\"fr-FR\",\"@id\":\"https:\/\/jp2doc.pl\/fr\/#\/schema\/person\/image\/\",\"url\":\"https:\/\/secure.gravatar.com\/avatar\/266a66e864556e22d55d61b6b10c97fab9060767b738564bcd109f3997e372bc?s=96&d=mm&r=g\",\"contentUrl\":\"https:\/\/secure.gravatar.com\/avatar\/266a66e864556e22d55d61b6b10c97fab9060767b738564bcd109f3997e372bc?s=96&d=mm&r=g\",\"caption\":\"juliasercanka\"},\"url\":\"https:\/\/jp2doc.pl\/fr\/author\/juliasercanka\/\"}]}<\/script>\n<!-- \/ Yoast SEO plugin. -->","yoast_head_json":{"title":"La pers\u00e9v\u00e9rance dans la pri\u00e8re - Centre de Documentation et d\u2019Etude du Pontificat de Jean-Paul II \u00e0 Rome","robots":{"index":"index","follow":"follow","max-snippet":"max-snippet:-1","max-image-preview":"max-image-preview:large","max-video-preview":"max-video-preview:-1"},"canonical":"https:\/\/jp2doc.pl\/fr\/2022\/10\/16\/la-perseverance-dans-la-priere\/","og_locale":"fr_FR","og_type":"article","og_title":"La pers\u00e9v\u00e9rance dans la pri\u00e8re - Centre de Documentation et d\u2019Etude du Pontificat de Jean-Paul II \u00e0 Rome","og_description":"XXIX Dimanche Temps Ordinaire","og_url":"https:\/\/jp2doc.pl\/fr\/2022\/10\/16\/la-perseverance-dans-la-priere\/","og_site_name":"Centre de Documentation et d\u2019Etude du Pontificat de Jean-Paul II \u00e0 Rome","article_published_time":"2022-10-16T09:22:02+00:00","article_modified_time":"2022-10-16T09:22:04+00:00","og_image":[{"width":1572,"height":1048,"url":"https:\/\/jp2doc.pl\/fr\/wp-content\/uploads\/sites\/5\/2018\/01\/neonbrand-443040.jpg","type":"image\/jpeg"}],"author":"juliasercanka","twitter_card":"summary_large_image","twitter_misc":{"\u00c9crit par":"juliasercanka","Dur\u00e9e de lecture estim\u00e9e":"4 minutes"},"schema":{"@context":"https:\/\/schema.org","@graph":[{"@type":"Article","@id":"https:\/\/jp2doc.pl\/fr\/2022\/10\/16\/la-perseverance-dans-la-priere\/#article","isPartOf":{"@id":"https:\/\/jp2doc.pl\/fr\/2022\/10\/16\/la-perseverance-dans-la-priere\/"},"author":{"name":"juliasercanka","@id":"https:\/\/jp2doc.pl\/fr\/#\/schema\/person\/6110109e80abb51f6fac4824777eabfe"},"headline":"La pers\u00e9v\u00e9rance dans la pri\u00e8re","datePublished":"2022-10-16T09:22:02+00:00","dateModified":"2022-10-16T09:22:04+00:00","mainEntityOfPage":{"@id":"https:\/\/jp2doc.pl\/fr\/2022\/10\/16\/la-perseverance-dans-la-priere\/"},"wordCount":823,"commentCount":0,"publisher":{"@id":"https:\/\/jp2doc.pl\/fr\/#organization"},"image":{"@id":"https:\/\/jp2doc.pl\/fr\/2022\/10\/16\/la-perseverance-dans-la-priere\/#primaryimage"},"thumbnailUrl":"https:\/\/jp2doc.pl\/fr\/wp-content\/uploads\/sites\/5\/2018\/01\/neonbrand-443040.jpg","articleSection":["Blog","Strona g\u0142\u00f3wna - najnowsze","Strona g\u0142\u00f3wna - slider"],"inLanguage":"fr-FR","potentialAction":[{"@type":"CommentAction","name":"Comment","target":["https:\/\/jp2doc.pl\/fr\/2022\/10\/16\/la-perseverance-dans-la-priere\/#respond"]}]},{"@type":"WebPage","@id":"https:\/\/jp2doc.pl\/fr\/2022\/10\/16\/la-perseverance-dans-la-priere\/","url":"https:\/\/jp2doc.pl\/fr\/2022\/10\/16\/la-perseverance-dans-la-priere\/","name":"La pers\u00e9v\u00e9rance dans la pri\u00e8re - Centre de Documentation et d\u2019Etude du Pontificat de Jean-Paul II \u00e0 Rome","isPartOf":{"@id":"https:\/\/jp2doc.pl\/fr\/#website"},"primaryImageOfPage":{"@id":"https:\/\/jp2doc.pl\/fr\/2022\/10\/16\/la-perseverance-dans-la-priere\/#primaryimage"},"image":{"@id":"https:\/\/jp2doc.pl\/fr\/2022\/10\/16\/la-perseverance-dans-la-priere\/#primaryimage"},"thumbnailUrl":"https:\/\/jp2doc.pl\/fr\/wp-content\/uploads\/sites\/5\/2018\/01\/neonbrand-443040.jpg","datePublished":"2022-10-16T09:22:02+00:00","dateModified":"2022-10-16T09:22:04+00:00","breadcrumb":{"@id":"https:\/\/jp2doc.pl\/fr\/2022\/10\/16\/la-perseverance-dans-la-priere\/#breadcrumb"},"inLanguage":"fr-FR","potentialAction":[{"@type":"ReadAction","target":["https:\/\/jp2doc.pl\/fr\/2022\/10\/16\/la-perseverance-dans-la-priere\/"]}]},{"@type":"ImageObject","inLanguage":"fr-FR","@id":"https:\/\/jp2doc.pl\/fr\/2022\/10\/16\/la-perseverance-dans-la-priere\/#primaryimage","url":"https:\/\/jp2doc.pl\/fr\/wp-content\/uploads\/sites\/5\/2018\/01\/neonbrand-443040.jpg","contentUrl":"https:\/\/jp2doc.pl\/fr\/wp-content\/uploads\/sites\/5\/2018\/01\/neonbrand-443040.jpg","width":1572,"height":1048},{"@type":"BreadcrumbList","@id":"https:\/\/jp2doc.pl\/fr\/2022\/10\/16\/la-perseverance-dans-la-priere\/#breadcrumb","itemListElement":[{"@type":"ListItem","position":1,"name":"Home","item":"https:\/\/jp2doc.pl\/fr\/"},{"@type":"ListItem","position":2,"name":"La pers\u00e9v\u00e9rance dans la pri\u00e8re"}]},{"@type":"WebSite","@id":"https:\/\/jp2doc.pl\/fr\/#website","url":"https:\/\/jp2doc.pl\/fr\/","name":"Centre de Documentation et d\u2019Etude du Pontificat de Jean-Paul II \u00e0 Rome","description":"","publisher":{"@id":"https:\/\/jp2doc.pl\/fr\/#organization"},"potentialAction":[{"@type":"SearchAction","target":{"@type":"EntryPoint","urlTemplate":"https:\/\/jp2doc.pl\/fr\/?s={search_term_string}"},"query-input":{"@type":"PropertyValueSpecification","valueRequired":true,"valueName":"search_term_string"}}],"inLanguage":"fr-FR"},{"@type":"Organization","@id":"https:\/\/jp2doc.pl\/fr\/#organization","name":"Centre de Documentation et d\u2019Etude du Pontificat de Jean-Paul II \u00e0 Rome","url":"https:\/\/jp2doc.pl\/fr\/","logo":{"@type":"ImageObject","inLanguage":"fr-FR","@id":"https:\/\/jp2doc.pl\/fr\/#\/schema\/logo\/image\/","url":"https:\/\/jp2doc.pl\/fr\/wp-content\/uploads\/sites\/5\/2017\/03\/cropped-logo.png","contentUrl":"https:\/\/jp2doc.pl\/fr\/wp-content\/uploads\/sites\/5\/2017\/03\/cropped-logo.png","width":115,"height":115,"caption":"Centre de Documentation et d\u2019Etude du Pontificat de Jean-Paul II \u00e0 Rome"},"image":{"@id":"https:\/\/jp2doc.pl\/fr\/#\/schema\/logo\/image\/"}},{"@type":"Person","@id":"https:\/\/jp2doc.pl\/fr\/#\/schema\/person\/6110109e80abb51f6fac4824777eabfe","name":"juliasercanka","image":{"@type":"ImageObject","inLanguage":"fr-FR","@id":"https:\/\/jp2doc.pl\/fr\/#\/schema\/person\/image\/","url":"https:\/\/secure.gravatar.com\/avatar\/266a66e864556e22d55d61b6b10c97fab9060767b738564bcd109f3997e372bc?s=96&d=mm&r=g","contentUrl":"https:\/\/secure.gravatar.com\/avatar\/266a66e864556e22d55d61b6b10c97fab9060767b738564bcd109f3997e372bc?s=96&d=mm&r=g","caption":"juliasercanka"},"url":"https:\/\/jp2doc.pl\/fr\/author\/juliasercanka\/"}]}},"_links":{"self":[{"href":"https:\/\/jp2doc.pl\/fr\/wp-json\/wp\/v2\/posts\/2170","targetHints":{"allow":["GET"]}}],"collection":[{"href":"https:\/\/jp2doc.pl\/fr\/wp-json\/wp\/v2\/posts"}],"about":[{"href":"https:\/\/jp2doc.pl\/fr\/wp-json\/wp\/v2\/types\/post"}],"author":[{"embeddable":true,"href":"https:\/\/jp2doc.pl\/fr\/wp-json\/wp\/v2\/users\/5"}],"replies":[{"embeddable":true,"href":"https:\/\/jp2doc.pl\/fr\/wp-json\/wp\/v2\/comments?post=2170"}],"version-history":[{"count":1,"href":"https:\/\/jp2doc.pl\/fr\/wp-json\/wp\/v2\/posts\/2170\/revisions"}],"predecessor-version":[{"id":2171,"href":"https:\/\/jp2doc.pl\/fr\/wp-json\/wp\/v2\/posts\/2170\/revisions\/2171"}],"wp:featuredmedia":[{"embeddable":true,"href":"https:\/\/jp2doc.pl\/fr\/wp-json\/wp\/v2\/media\/1335"}],"wp:attachment":[{"href":"https:\/\/jp2doc.pl\/fr\/wp-json\/wp\/v2\/media?parent=2170"}],"wp:term":[{"taxonomy":"category","embeddable":true,"href":"https:\/\/jp2doc.pl\/fr\/wp-json\/wp\/v2\/categories?post=2170"},{"taxonomy":"post_tag","embeddable":true,"href":"https:\/\/jp2doc.pl\/fr\/wp-json\/wp\/v2\/tags?post=2170"}],"curies":[{"name":"wp","href":"https:\/\/api.w.org\/{rel}","templated":true}]}}