{"id":2193,"date":"2022-11-12T22:59:12","date_gmt":"2022-11-12T21:59:12","guid":{"rendered":"https:\/\/jp2doc.pl\/fr\/?p=2193"},"modified":"2022-11-12T22:59:14","modified_gmt":"2022-11-12T21:59:14","slug":"la-grace-de-la-vigilance","status":"publish","type":"post","link":"https:\/\/jp2doc.pl\/fr\/2022\/11\/12\/la-grace-de-la-vigilance\/","title":{"rendered":"La gr\u00e2ce de la vigilance"},"content":{"rendered":"\n<p>Les discours sur la fin du monde ont, de tout temps, inqui\u00e9t\u00e9 les esprits et provoqu\u00e9 des psychoses au sein des populations. En effet, au long des g\u00e9n\u00e9rations, visionnaires et voyants de tout acabit se sont relay\u00e9s pour annoncer, preuves fantaisistes \u00e0 l\u2019appui, l\u2019imminence de la fin du monde.<\/p>\n\n\n\n<p>De nos jours, les motivations \u00e9voqu\u00e9es pour mettre en garde contre le danger de disparition de notre monde ne sont plus d\u2019ordre religieux ni mystique. Ce sont plut\u00f4t, entre autres, les arsenaux de guerre fabriqu\u00e9s par l\u2019homme, l\u2019\u00e9nergie nucl\u00e9aire aux potentialit\u00e9s destructrices insoup\u00e7onn\u00e9es, le r\u00e9chauffement de la plan\u00e8te et la pollution, qui font planer sur notre t\u00eate, une gigantesque \u00e9p\u00e9e de Damocl\u00e8s. Il y a \u00e0 peine quelques d\u00e9cennies, le grand physicien Einstein tirait la sonnette d\u2019alarme devant le p\u00e9ril d\u2019an\u00e9antissement de notre terre en ces termes&nbsp;:<\/p>\n\n\n\n<p>\u00ab&nbsp; <em>Notre monde est menac\u00e9 par une crise dont l\u2019ampleur semble \u00e9chapper \u00e0 ceux qui ont le pouvoir de prendre de grandes d\u00e9cisions pour le bien ou pour le mal. La puissance d\u00e9chain\u00e9e de l\u2019homme a tout chang\u00e9, sauf nos modes de pens\u00e9es et nous glissons vers une catastrophe sans pr\u00e9c\u00e9dent. Une nouvelle fa\u00e7on de penser est essentielle si l\u2019humanit\u00e9 veut vivre. D\u00e9tourner cette menace est le probl\u00e8me le plus urgent de notre temps&nbsp;\u00bb.<\/em><\/p>\n\n\n\n<p>Dans les textes liturgiques de ce dimanche, la question de la fin des temps est abord\u00e9e aussi bien par le proph\u00e8te Malachie dans la premi\u00e8re lecture que par le Christ dans l\u2019Evangile, sous un angle sp\u00e9cifiquement religieux en utilisant le langage symbolique et les images catastrophiques. Nous pouvons bri\u00e8vement r\u00e9sumer quelques-unes des affirmations centrales de ces lectures en 5 points.<\/p>\n\n\n\n<ul class=\"wp-block-list\"><li>Ce que l\u2019on a coutume d\u2019appeler \u00ab&nbsp; la fin du monde&nbsp;\u00bb est en r\u00e9alit\u00e9 un \u00ab&nbsp;renouvellement du monde&nbsp;\u00bb.&nbsp; Il ne s\u2019agit nullement d\u2019une dissolution dans le n\u00e9ant ni d\u2019une extinction de l\u2019humanit\u00e9 mais plut\u00f4t de son passage \u00e0 l\u2019\u00e9ternit\u00e9 de Dieu. Voil\u00e0 pourquoi l\u2019Evangile de ce jour se termine par une affirmation pleine d\u2019esp\u00e9rance&nbsp;: \u00ab&nbsp; c\u2019est par votre pers\u00e9v\u00e9rance que vous obtiendrez la vie&nbsp;\u00bb. &nbsp;Dans le d\u00e9cor de destruction et de mort qu\u2019il vient de d\u00e9crire, le Christ annonce l\u2019\u00e9closion de la vie nouvelle qui sera accord\u00e9e \u00e0 ceux qui auront pers\u00e9v\u00e9r\u00e9 jusqu\u2019au bout.&nbsp; Bref, nous devons lever le regard vers le nouveau matin pointant \u00e0 l\u2019horizon.<\/li><li>Contrairement aux apparences, l\u2019apocalypse n\u2019est pas le triomphe du mal mais la victoire de Dieu. C\u2019est ce que nous dit le proph\u00e8te Malachie en ces termes&nbsp;: \u00ab&nbsp; pour vous qui craignez son Nom, le soleil de justice se l\u00e8vera&nbsp;; il apportera la gu\u00e9rison dans son rayonnement&nbsp;\u00bb. Le mal sera an\u00e9anti et la gloire de dieu brillera dans ses \u00e9lus. Ici l\u2019essentiel c\u2019est l\u2019an\u00e9antissement du mal et la victoire \u00e9clatante de Dieu. Tenons donc ferme dans la foi chers fr\u00e8res et s\u0153urs qui vivent les atrocit\u00e9s de la guerre un peu partout dans le monde.&nbsp;<\/li><li>Toutes les \u0153uvres humaines sont \u00e9ph\u00e9m\u00e8res puisqu\u2019elles portent la marque de la fugacit\u00e9. Tout est passager et fugitif. C\u2019est ce que nous pouvons retenir du message de J\u00e9sus devant ses disciples fascin\u00e9s par la beaut\u00e9 du temple. La destruction du temple ne correspond pas encore au temps du \u00ab&nbsp;renouvellement du monde&nbsp;\u00bb. Les \u00e9preuves surgiront, les unes plus violentes que les autres, les r\u00e8gnes s\u2019effondreront, [\u2026] tout passera, mais Dieu restera.<\/li><li>\u00ab&nbsp;<em>quand cela arrivera-t-il et quel sera le signe que cela va se r\u00e9aliser<\/em>&nbsp;? Une question juste que tout le monde pouvait ou peux aujourd\u2019hui poser \u00e0 J\u00e9sus devant ces paroles.&nbsp; J\u00e9sus r\u00e9pond de mani\u00e8re inattendue, en invitant \u00e0 pers\u00e9v\u00e9rer jusqu\u2019au bout. Bien souvent ce qui est consid\u00e9r\u00e9 comme la fin du monde n\u2019est que la fin d\u2019un monde.<\/li><li>En effet, la date du renouvellement de toutes choses appartient au secret de Dieu&nbsp;; mais c\u2019est \u00e0 chacun qu\u2019il revient de se pr\u00e9parer \u00e0 cet \u00e9v\u00e9nement qui peut survenir \u00e0 n\u2019importe quel moment. Dans ce but, le Christ met en garde contre les faux messies qui abusent de la cr\u00e9dulit\u00e9 du peuple et ensorcellent les \u00e2mes faibles. Ce qui importe de demander au Christ, c\u2019est la gr\u00e2ce de la vigilance dans la pri\u00e8re et la pers\u00e9v\u00e9rance dans l\u2019amour afin que l\u2019heure du \u00ab&nbsp;renouvellement&nbsp;\u00bb soit pour nous le moment le plus heureux de notre vie, celui qui marquera notre passage du temps \u00e0 l\u2019\u00e9ternit\u00e9 de Dieu.<\/li><\/ul>\n\n\n\n<p><strong>Abb\u00e9 Jean Claude CIZA<\/strong><\/p>\n\n\n\n<p><em>Fot. Ruben Bagues\/Unsplash.com<\/em><\/p>\n","protected":false},"excerpt":{"rendered":"<p>XXXIII Dimanche du Temps Ordinaire<\/p>\n","protected":false},"author":5,"featured_media":2194,"comment_status":"open","ping_status":"open","sticky":false,"template":"","format":"standard","meta":{"_acf_changed":false,"_exactmetrics_skip_tracking":false,"_exactmetrics_sitenote_active":false,"_exactmetrics_sitenote_note":"","_exactmetrics_sitenote_category":0,"footnotes":""},"categories":[4,13,14],"tags":[],"class_list":["post-2193","post","type-post","status-publish","format-standard","has-post-thumbnail","hentry","category-blog","category-strona-glowna-najnowsze","category-strona-glowna-slider"],"acf":[],"yoast_head":"<!-- This site is optimized with the Yoast SEO plugin v26.2 - https:\/\/yoast.com\/wordpress\/plugins\/seo\/ -->\n<title>La gr\u00e2ce de la vigilance - Centre de Documentation et d\u2019Etude du Pontificat de Jean-Paul II \u00e0 Rome<\/title>\n<meta name=\"robots\" content=\"index, follow, max-snippet:-1, max-image-preview:large, max-video-preview:-1\" \/>\n<link rel=\"canonical\" href=\"https:\/\/jp2doc.pl\/fr\/2022\/11\/12\/la-grace-de-la-vigilance\/\" \/>\n<meta property=\"og:locale\" content=\"fr_FR\" \/>\n<meta property=\"og:type\" content=\"article\" \/>\n<meta property=\"og:title\" content=\"La gr\u00e2ce de la vigilance - Centre de Documentation et d\u2019Etude du Pontificat de Jean-Paul II \u00e0 Rome\" \/>\n<meta property=\"og:description\" content=\"XXXIII Dimanche du Temps Ordinaire\" \/>\n<meta property=\"og:url\" content=\"https:\/\/jp2doc.pl\/fr\/2022\/11\/12\/la-grace-de-la-vigilance\/\" \/>\n<meta property=\"og:site_name\" content=\"Centre de Documentation et d\u2019Etude du Pontificat de Jean-Paul II \u00e0 Rome\" \/>\n<meta property=\"article:published_time\" content=\"2022-11-12T21:59:12+00:00\" \/>\n<meta property=\"article:modified_time\" content=\"2022-11-12T21:59:14+00:00\" \/>\n<meta property=\"og:image\" content=\"https:\/\/jp2doc.pl\/fr\/wp-content\/uploads\/sites\/5\/2022\/11\/ruben-bagues-YNZcOVNHv6k-unsplash.jpg\" \/>\n\t<meta property=\"og:image:width\" content=\"1920\" \/>\n\t<meta property=\"og:image:height\" content=\"1143\" \/>\n\t<meta property=\"og:image:type\" content=\"image\/jpeg\" \/>\n<meta name=\"author\" content=\"juliasercanka\" \/>\n<meta name=\"twitter:card\" content=\"summary_large_image\" \/>\n<meta name=\"twitter:label1\" content=\"\u00c9crit par\" \/>\n\t<meta name=\"twitter:data1\" content=\"juliasercanka\" \/>\n\t<meta name=\"twitter:label2\" content=\"Dur\u00e9e de lecture estim\u00e9e\" \/>\n\t<meta name=\"twitter:data2\" content=\"4 minutes\" \/>\n<script type=\"application\/ld+json\" class=\"yoast-schema-graph\">{\"@context\":\"https:\/\/schema.org\",\"@graph\":[{\"@type\":\"Article\",\"@id\":\"https:\/\/jp2doc.pl\/fr\/2022\/11\/12\/la-grace-de-la-vigilance\/#article\",\"isPartOf\":{\"@id\":\"https:\/\/jp2doc.pl\/fr\/2022\/11\/12\/la-grace-de-la-vigilance\/\"},\"author\":{\"name\":\"juliasercanka\",\"@id\":\"https:\/\/jp2doc.pl\/fr\/#\/schema\/person\/6110109e80abb51f6fac4824777eabfe\"},\"headline\":\"La gr\u00e2ce de la vigilance\",\"datePublished\":\"2022-11-12T21:59:12+00:00\",\"dateModified\":\"2022-11-12T21:59:14+00:00\",\"mainEntityOfPage\":{\"@id\":\"https:\/\/jp2doc.pl\/fr\/2022\/11\/12\/la-grace-de-la-vigilance\/\"},\"wordCount\":845,\"commentCount\":0,\"publisher\":{\"@id\":\"https:\/\/jp2doc.pl\/fr\/#organization\"},\"image\":{\"@id\":\"https:\/\/jp2doc.pl\/fr\/2022\/11\/12\/la-grace-de-la-vigilance\/#primaryimage\"},\"thumbnailUrl\":\"https:\/\/jp2doc.pl\/fr\/wp-content\/uploads\/sites\/5\/2022\/11\/ruben-bagues-YNZcOVNHv6k-unsplash.jpg\",\"articleSection\":[\"Blog\",\"Strona g\u0142\u00f3wna - najnowsze\",\"Strona g\u0142\u00f3wna - slider\"],\"inLanguage\":\"fr-FR\",\"potentialAction\":[{\"@type\":\"CommentAction\",\"name\":\"Comment\",\"target\":[\"https:\/\/jp2doc.pl\/fr\/2022\/11\/12\/la-grace-de-la-vigilance\/#respond\"]}]},{\"@type\":\"WebPage\",\"@id\":\"https:\/\/jp2doc.pl\/fr\/2022\/11\/12\/la-grace-de-la-vigilance\/\",\"url\":\"https:\/\/jp2doc.pl\/fr\/2022\/11\/12\/la-grace-de-la-vigilance\/\",\"name\":\"La gr\u00e2ce de la vigilance - Centre de Documentation et d\u2019Etude du Pontificat de Jean-Paul II \u00e0 Rome\",\"isPartOf\":{\"@id\":\"https:\/\/jp2doc.pl\/fr\/#website\"},\"primaryImageOfPage\":{\"@id\":\"https:\/\/jp2doc.pl\/fr\/2022\/11\/12\/la-grace-de-la-vigilance\/#primaryimage\"},\"image\":{\"@id\":\"https:\/\/jp2doc.pl\/fr\/2022\/11\/12\/la-grace-de-la-vigilance\/#primaryimage\"},\"thumbnailUrl\":\"https:\/\/jp2doc.pl\/fr\/wp-content\/uploads\/sites\/5\/2022\/11\/ruben-bagues-YNZcOVNHv6k-unsplash.jpg\",\"datePublished\":\"2022-11-12T21:59:12+00:00\",\"dateModified\":\"2022-11-12T21:59:14+00:00\",\"breadcrumb\":{\"@id\":\"https:\/\/jp2doc.pl\/fr\/2022\/11\/12\/la-grace-de-la-vigilance\/#breadcrumb\"},\"inLanguage\":\"fr-FR\",\"potentialAction\":[{\"@type\":\"ReadAction\",\"target\":[\"https:\/\/jp2doc.pl\/fr\/2022\/11\/12\/la-grace-de-la-vigilance\/\"]}]},{\"@type\":\"ImageObject\",\"inLanguage\":\"fr-FR\",\"@id\":\"https:\/\/jp2doc.pl\/fr\/2022\/11\/12\/la-grace-de-la-vigilance\/#primaryimage\",\"url\":\"https:\/\/jp2doc.pl\/fr\/wp-content\/uploads\/sites\/5\/2022\/11\/ruben-bagues-YNZcOVNHv6k-unsplash.jpg\",\"contentUrl\":\"https:\/\/jp2doc.pl\/fr\/wp-content\/uploads\/sites\/5\/2022\/11\/ruben-bagues-YNZcOVNHv6k-unsplash.jpg\",\"width\":1920,\"height\":1143},{\"@type\":\"BreadcrumbList\",\"@id\":\"https:\/\/jp2doc.pl\/fr\/2022\/11\/12\/la-grace-de-la-vigilance\/#breadcrumb\",\"itemListElement\":[{\"@type\":\"ListItem\",\"position\":1,\"name\":\"Home\",\"item\":\"https:\/\/jp2doc.pl\/fr\/\"},{\"@type\":\"ListItem\",\"position\":2,\"name\":\"La gr\u00e2ce de la vigilance\"}]},{\"@type\":\"WebSite\",\"@id\":\"https:\/\/jp2doc.pl\/fr\/#website\",\"url\":\"https:\/\/jp2doc.pl\/fr\/\",\"name\":\"Centre de Documentation et d\u2019Etude du Pontificat de Jean-Paul II \u00e0 Rome\",\"description\":\"\",\"publisher\":{\"@id\":\"https:\/\/jp2doc.pl\/fr\/#organization\"},\"potentialAction\":[{\"@type\":\"SearchAction\",\"target\":{\"@type\":\"EntryPoint\",\"urlTemplate\":\"https:\/\/jp2doc.pl\/fr\/?s={search_term_string}\"},\"query-input\":{\"@type\":\"PropertyValueSpecification\",\"valueRequired\":true,\"valueName\":\"search_term_string\"}}],\"inLanguage\":\"fr-FR\"},{\"@type\":\"Organization\",\"@id\":\"https:\/\/jp2doc.pl\/fr\/#organization\",\"name\":\"Centre de Documentation et d\u2019Etude du Pontificat de Jean-Paul II \u00e0 Rome\",\"url\":\"https:\/\/jp2doc.pl\/fr\/\",\"logo\":{\"@type\":\"ImageObject\",\"inLanguage\":\"fr-FR\",\"@id\":\"https:\/\/jp2doc.pl\/fr\/#\/schema\/logo\/image\/\",\"url\":\"https:\/\/jp2doc.pl\/fr\/wp-content\/uploads\/sites\/5\/2017\/03\/cropped-logo.png\",\"contentUrl\":\"https:\/\/jp2doc.pl\/fr\/wp-content\/uploads\/sites\/5\/2017\/03\/cropped-logo.png\",\"width\":115,\"height\":115,\"caption\":\"Centre de Documentation et d\u2019Etude du Pontificat de Jean-Paul II \u00e0 Rome\"},\"image\":{\"@id\":\"https:\/\/jp2doc.pl\/fr\/#\/schema\/logo\/image\/\"}},{\"@type\":\"Person\",\"@id\":\"https:\/\/jp2doc.pl\/fr\/#\/schema\/person\/6110109e80abb51f6fac4824777eabfe\",\"name\":\"juliasercanka\",\"image\":{\"@type\":\"ImageObject\",\"inLanguage\":\"fr-FR\",\"@id\":\"https:\/\/jp2doc.pl\/fr\/#\/schema\/person\/image\/\",\"url\":\"https:\/\/secure.gravatar.com\/avatar\/266a66e864556e22d55d61b6b10c97fab9060767b738564bcd109f3997e372bc?s=96&d=mm&r=g\",\"contentUrl\":\"https:\/\/secure.gravatar.com\/avatar\/266a66e864556e22d55d61b6b10c97fab9060767b738564bcd109f3997e372bc?s=96&d=mm&r=g\",\"caption\":\"juliasercanka\"},\"url\":\"https:\/\/jp2doc.pl\/fr\/author\/juliasercanka\/\"}]}<\/script>\n<!-- \/ Yoast SEO plugin. -->","yoast_head_json":{"title":"La gr\u00e2ce de la vigilance - Centre de Documentation et d\u2019Etude du Pontificat de Jean-Paul II \u00e0 Rome","robots":{"index":"index","follow":"follow","max-snippet":"max-snippet:-1","max-image-preview":"max-image-preview:large","max-video-preview":"max-video-preview:-1"},"canonical":"https:\/\/jp2doc.pl\/fr\/2022\/11\/12\/la-grace-de-la-vigilance\/","og_locale":"fr_FR","og_type":"article","og_title":"La gr\u00e2ce de la vigilance - Centre de Documentation et d\u2019Etude du Pontificat de Jean-Paul II \u00e0 Rome","og_description":"XXXIII Dimanche du Temps Ordinaire","og_url":"https:\/\/jp2doc.pl\/fr\/2022\/11\/12\/la-grace-de-la-vigilance\/","og_site_name":"Centre de Documentation et d\u2019Etude du Pontificat de Jean-Paul II \u00e0 Rome","article_published_time":"2022-11-12T21:59:12+00:00","article_modified_time":"2022-11-12T21:59:14+00:00","og_image":[{"width":1920,"height":1143,"url":"https:\/\/jp2doc.pl\/fr\/wp-content\/uploads\/sites\/5\/2022\/11\/ruben-bagues-YNZcOVNHv6k-unsplash.jpg","type":"image\/jpeg"}],"author":"juliasercanka","twitter_card":"summary_large_image","twitter_misc":{"\u00c9crit par":"juliasercanka","Dur\u00e9e de lecture estim\u00e9e":"4 minutes"},"schema":{"@context":"https:\/\/schema.org","@graph":[{"@type":"Article","@id":"https:\/\/jp2doc.pl\/fr\/2022\/11\/12\/la-grace-de-la-vigilance\/#article","isPartOf":{"@id":"https:\/\/jp2doc.pl\/fr\/2022\/11\/12\/la-grace-de-la-vigilance\/"},"author":{"name":"juliasercanka","@id":"https:\/\/jp2doc.pl\/fr\/#\/schema\/person\/6110109e80abb51f6fac4824777eabfe"},"headline":"La gr\u00e2ce de la vigilance","datePublished":"2022-11-12T21:59:12+00:00","dateModified":"2022-11-12T21:59:14+00:00","mainEntityOfPage":{"@id":"https:\/\/jp2doc.pl\/fr\/2022\/11\/12\/la-grace-de-la-vigilance\/"},"wordCount":845,"commentCount":0,"publisher":{"@id":"https:\/\/jp2doc.pl\/fr\/#organization"},"image":{"@id":"https:\/\/jp2doc.pl\/fr\/2022\/11\/12\/la-grace-de-la-vigilance\/#primaryimage"},"thumbnailUrl":"https:\/\/jp2doc.pl\/fr\/wp-content\/uploads\/sites\/5\/2022\/11\/ruben-bagues-YNZcOVNHv6k-unsplash.jpg","articleSection":["Blog","Strona g\u0142\u00f3wna - najnowsze","Strona g\u0142\u00f3wna - slider"],"inLanguage":"fr-FR","potentialAction":[{"@type":"CommentAction","name":"Comment","target":["https:\/\/jp2doc.pl\/fr\/2022\/11\/12\/la-grace-de-la-vigilance\/#respond"]}]},{"@type":"WebPage","@id":"https:\/\/jp2doc.pl\/fr\/2022\/11\/12\/la-grace-de-la-vigilance\/","url":"https:\/\/jp2doc.pl\/fr\/2022\/11\/12\/la-grace-de-la-vigilance\/","name":"La gr\u00e2ce de la vigilance - Centre de Documentation et d\u2019Etude du Pontificat de Jean-Paul II \u00e0 Rome","isPartOf":{"@id":"https:\/\/jp2doc.pl\/fr\/#website"},"primaryImageOfPage":{"@id":"https:\/\/jp2doc.pl\/fr\/2022\/11\/12\/la-grace-de-la-vigilance\/#primaryimage"},"image":{"@id":"https:\/\/jp2doc.pl\/fr\/2022\/11\/12\/la-grace-de-la-vigilance\/#primaryimage"},"thumbnailUrl":"https:\/\/jp2doc.pl\/fr\/wp-content\/uploads\/sites\/5\/2022\/11\/ruben-bagues-YNZcOVNHv6k-unsplash.jpg","datePublished":"2022-11-12T21:59:12+00:00","dateModified":"2022-11-12T21:59:14+00:00","breadcrumb":{"@id":"https:\/\/jp2doc.pl\/fr\/2022\/11\/12\/la-grace-de-la-vigilance\/#breadcrumb"},"inLanguage":"fr-FR","potentialAction":[{"@type":"ReadAction","target":["https:\/\/jp2doc.pl\/fr\/2022\/11\/12\/la-grace-de-la-vigilance\/"]}]},{"@type":"ImageObject","inLanguage":"fr-FR","@id":"https:\/\/jp2doc.pl\/fr\/2022\/11\/12\/la-grace-de-la-vigilance\/#primaryimage","url":"https:\/\/jp2doc.pl\/fr\/wp-content\/uploads\/sites\/5\/2022\/11\/ruben-bagues-YNZcOVNHv6k-unsplash.jpg","contentUrl":"https:\/\/jp2doc.pl\/fr\/wp-content\/uploads\/sites\/5\/2022\/11\/ruben-bagues-YNZcOVNHv6k-unsplash.jpg","width":1920,"height":1143},{"@type":"BreadcrumbList","@id":"https:\/\/jp2doc.pl\/fr\/2022\/11\/12\/la-grace-de-la-vigilance\/#breadcrumb","itemListElement":[{"@type":"ListItem","position":1,"name":"Home","item":"https:\/\/jp2doc.pl\/fr\/"},{"@type":"ListItem","position":2,"name":"La gr\u00e2ce de la vigilance"}]},{"@type":"WebSite","@id":"https:\/\/jp2doc.pl\/fr\/#website","url":"https:\/\/jp2doc.pl\/fr\/","name":"Centre de Documentation et d\u2019Etude du Pontificat de Jean-Paul II \u00e0 Rome","description":"","publisher":{"@id":"https:\/\/jp2doc.pl\/fr\/#organization"},"potentialAction":[{"@type":"SearchAction","target":{"@type":"EntryPoint","urlTemplate":"https:\/\/jp2doc.pl\/fr\/?s={search_term_string}"},"query-input":{"@type":"PropertyValueSpecification","valueRequired":true,"valueName":"search_term_string"}}],"inLanguage":"fr-FR"},{"@type":"Organization","@id":"https:\/\/jp2doc.pl\/fr\/#organization","name":"Centre de Documentation et d\u2019Etude du Pontificat de Jean-Paul II \u00e0 Rome","url":"https:\/\/jp2doc.pl\/fr\/","logo":{"@type":"ImageObject","inLanguage":"fr-FR","@id":"https:\/\/jp2doc.pl\/fr\/#\/schema\/logo\/image\/","url":"https:\/\/jp2doc.pl\/fr\/wp-content\/uploads\/sites\/5\/2017\/03\/cropped-logo.png","contentUrl":"https:\/\/jp2doc.pl\/fr\/wp-content\/uploads\/sites\/5\/2017\/03\/cropped-logo.png","width":115,"height":115,"caption":"Centre de Documentation et d\u2019Etude du Pontificat de Jean-Paul II \u00e0 Rome"},"image":{"@id":"https:\/\/jp2doc.pl\/fr\/#\/schema\/logo\/image\/"}},{"@type":"Person","@id":"https:\/\/jp2doc.pl\/fr\/#\/schema\/person\/6110109e80abb51f6fac4824777eabfe","name":"juliasercanka","image":{"@type":"ImageObject","inLanguage":"fr-FR","@id":"https:\/\/jp2doc.pl\/fr\/#\/schema\/person\/image\/","url":"https:\/\/secure.gravatar.com\/avatar\/266a66e864556e22d55d61b6b10c97fab9060767b738564bcd109f3997e372bc?s=96&d=mm&r=g","contentUrl":"https:\/\/secure.gravatar.com\/avatar\/266a66e864556e22d55d61b6b10c97fab9060767b738564bcd109f3997e372bc?s=96&d=mm&r=g","caption":"juliasercanka"},"url":"https:\/\/jp2doc.pl\/fr\/author\/juliasercanka\/"}]}},"_links":{"self":[{"href":"https:\/\/jp2doc.pl\/fr\/wp-json\/wp\/v2\/posts\/2193","targetHints":{"allow":["GET"]}}],"collection":[{"href":"https:\/\/jp2doc.pl\/fr\/wp-json\/wp\/v2\/posts"}],"about":[{"href":"https:\/\/jp2doc.pl\/fr\/wp-json\/wp\/v2\/types\/post"}],"author":[{"embeddable":true,"href":"https:\/\/jp2doc.pl\/fr\/wp-json\/wp\/v2\/users\/5"}],"replies":[{"embeddable":true,"href":"https:\/\/jp2doc.pl\/fr\/wp-json\/wp\/v2\/comments?post=2193"}],"version-history":[{"count":1,"href":"https:\/\/jp2doc.pl\/fr\/wp-json\/wp\/v2\/posts\/2193\/revisions"}],"predecessor-version":[{"id":2195,"href":"https:\/\/jp2doc.pl\/fr\/wp-json\/wp\/v2\/posts\/2193\/revisions\/2195"}],"wp:featuredmedia":[{"embeddable":true,"href":"https:\/\/jp2doc.pl\/fr\/wp-json\/wp\/v2\/media\/2194"}],"wp:attachment":[{"href":"https:\/\/jp2doc.pl\/fr\/wp-json\/wp\/v2\/media?parent=2193"}],"wp:term":[{"taxonomy":"category","embeddable":true,"href":"https:\/\/jp2doc.pl\/fr\/wp-json\/wp\/v2\/categories?post=2193"},{"taxonomy":"post_tag","embeddable":true,"href":"https:\/\/jp2doc.pl\/fr\/wp-json\/wp\/v2\/tags?post=2193"}],"curies":[{"name":"wp","href":"https:\/\/api.w.org\/{rel}","templated":true}]}}