{"id":2218,"date":"2023-01-29T11:53:39","date_gmt":"2023-01-29T10:53:39","guid":{"rendered":"https:\/\/jp2doc.pl\/fr\/?p=2218"},"modified":"2023-01-29T11:53:40","modified_gmt":"2023-01-29T10:53:40","slug":"ceux-qui-cherchent-le-seigneur","status":"publish","type":"post","link":"https:\/\/jp2doc.pl\/fr\/2023\/01\/29\/ceux-qui-cherchent-le-seigneur\/","title":{"rendered":"Ceux qui cherchent le Seigneur"},"content":{"rendered":"\n<p>So 2, 3; 3, 12-13; 1Cor 1, 26-31; Mt 5, 1-12<\/p>\n\n\n\n<p>En ce quatri\u00e8me dimanche du temps ordinaire, un th\u00e8me traverse toutes les lectures. C\u2019est celui de l\u2019humilit\u00e9. Dans l\u2019\u00e9vangile de saint Matthieu nous parle de J\u00e9sus qui gravit la montagne \u00e0 la vue de la foule. Et ses disciples s\u2019approch\u00e8rent de lui. De la montagne, Mo\u00efse ramena les tables de la loi. J\u00e9sus ne cherche pas \u00e0 nous donner des lois. De la montagne, il inaugure un nouveau style. Il exhorte, il nous exhorte \u00e0 vivre le bonheur autrement que celui que le monde nous propose.<\/p>\n\n\n\n<p>A quoi donc nous invite-t-il&nbsp;? Au bonheur. N\u2019aimons-nous pas le bonheur&nbsp;? Bien s\u00fbr que nous aimons le bonheur&nbsp;! Mais attention&nbsp;! Le bonheur que J\u00e9sus nous propose passe par des valeurs qui vont \u00e0 l\u2019encontre des valeurs de ce monde.<\/p>\n\n\n\n<p>La montagne que J\u00e9sus gravit est pour les pauvres de c\u0153ur, pour les doux, pour ceux qui pleurent, pour ceux qui ont faim et soif de la justice, pour les mis\u00e9ricordieux, pour les c\u0153urs purs, pour les artisans de paix, pour ceux qui sont pers\u00e9cut\u00e9s pour la justice, pour ceux qui sont insult\u00e9s et accus\u00e9s faussement parce qu\u2019ils aiment le Christ et le nouvel ordre qu\u2019il veut \u00e9tablir.<\/p>\n\n\n\n<p>Qui donc pr\u00e9f\u00e8re la justice, la paix, la douceur, voire la pers\u00e9cution dans un monde o\u00f9 l\u2019orgueil, la d\u00e9monstration de force, l\u2019esprit de sup\u00e9riorit\u00e9 semblent plut\u00f4t l\u2019emporter&nbsp;? Disons la v\u00e9rit\u00e9&nbsp;: peu&nbsp;! Ne nous \u00e9tonnons donc pas de voir que dans l\u2019\u00e9vangile, saint Matthieu parle d\u2019abord de la foule qui suivait J\u00e9sus. Mais lorsque J\u00e9sus gravit la montagne, la foule semble avoir disparu pour laisser la place aux disciples qui eux s\u2019approchent de J\u00e9sus. O\u00f9 est pass\u00e9e la foule&nbsp;? A-t-elle refus\u00e9 de gravir la montagne&nbsp;de la justice, de la paix, de la pers\u00e9cution, de la douceur ?<\/p>\n\n\n\n<p>Et nous, o\u00f9 voulons-nous \u00eatre&nbsp;? O\u00f9 sommes-nous&nbsp;? Dans la foule qui s\u2019arr\u00eate au pied de la montagne&nbsp;? Ou parmi ceux qui acceptent de suivre J\u00e9sus m\u00eame dans la mont\u00e9e et que saint Matthieu appelle \u00ab&nbsp;disciples&nbsp;\u00bb&nbsp;? En tout cas, Sophonie, dans la premi\u00e8re lecture nous dresse un tableau o\u00f9 l\u2019on voit deux camps&nbsp;:<\/p>\n\n\n\n<p>-D\u2019un c\u00f4t\u00e9, c\u2019est le camp des humbles. Qui sont-ils&nbsp;? Ceux qui cherchent le Seigneur, c\u2019est-\u00e0-dire ceux qui cherchent la justice, c\u2019est-\u00e0-dire ceux qui cherchent l\u2019humilit\u00e9.<\/p>\n\n\n\n<p>-De l\u2019autre c\u00f4t\u00e9, c\u2019est le camp des orgueilleux. Qui sont-ils&nbsp;? Ceux qui pratiquent l\u2019injustice, c\u2019est-\u00e0-dire ceux qui disent le mensonge, c\u2019est-\u00e0-dire ceux qui ne procurent pas le repos aux autres, qui aiment plut\u00f4t effrayer les gens par leurs discours ou leurs actes malveillants.<\/p>\n\n\n\n<p>Ceux du premier camp \u00e9chapperont \u00e0 la col\u00e8re de Dieu. Mais Sophonie constate qu\u2019ils sont peu nombreux&nbsp;; qu\u2019ils sont un petit reste des fid\u00e8les. <em>Et nous, o\u00f9 sommes-nous&nbsp;? Ou voulons-nous nous situer&nbsp;? Dans le premier ou dans le second camp&nbsp;?<\/em><\/p>\n\n\n\n<p>Saint Paul a invit\u00e9 les Corinthiens et nous invite aujourd\u2019hui \u00e0 ne pas nous enorgueillir devant Dieu. Mais \u00e0 suivre une personne&nbsp;: J\u00e9sus-Christ. Lui est notre sagesse, notre justice, notre sanctification, notre r\u00e9demption.<\/p>\n\n\n\n<p>J\u00e9sus est pour nous comme un \u00e9l\u00e9phant. S\u2019il prend un chemin, il doit \u00eatre bon pour ceux qui le suivent. En communiant \u00e0 son corps et \u00e0 son sang,&nbsp; suivons-le donc pour m\u00e9riter dans l\u2019all\u00e9gresse la r\u00e9compense promise dans les cieux.<\/p>\n\n\n\n<p><strong>P\u00e8re Jean Claude Ciza<\/strong><\/p>\n\n\n\n<p><em>Fot. Alex George\/Unsplash.com<\/em><\/p>\n","protected":false},"excerpt":{"rendered":"<p>IV Dimanche du Temps Ordinaire<\/p>\n","protected":false},"author":5,"featured_media":2219,"comment_status":"open","ping_status":"open","sticky":false,"template":"","format":"standard","meta":{"_acf_changed":false,"_exactmetrics_skip_tracking":false,"_exactmetrics_sitenote_active":false,"_exactmetrics_sitenote_note":"","_exactmetrics_sitenote_category":0,"footnotes":""},"categories":[4,13,14],"tags":[],"class_list":["post-2218","post","type-post","status-publish","format-standard","has-post-thumbnail","hentry","category-blog","category-strona-glowna-najnowsze","category-strona-glowna-slider"],"acf":[],"yoast_head":"<!-- This site is optimized with the Yoast SEO plugin v26.2 - https:\/\/yoast.com\/wordpress\/plugins\/seo\/ -->\n<title>Ceux qui cherchent le Seigneur - Centre de Documentation et d\u2019Etude du Pontificat de Jean-Paul II \u00e0 Rome<\/title>\n<meta name=\"robots\" content=\"index, follow, max-snippet:-1, max-image-preview:large, max-video-preview:-1\" \/>\n<link rel=\"canonical\" href=\"https:\/\/jp2doc.pl\/fr\/2023\/01\/29\/ceux-qui-cherchent-le-seigneur\/\" \/>\n<meta property=\"og:locale\" content=\"fr_FR\" \/>\n<meta property=\"og:type\" content=\"article\" \/>\n<meta property=\"og:title\" content=\"Ceux qui cherchent le Seigneur - Centre de Documentation et d\u2019Etude du Pontificat de Jean-Paul II \u00e0 Rome\" \/>\n<meta property=\"og:description\" content=\"IV Dimanche du Temps Ordinaire\" \/>\n<meta property=\"og:url\" content=\"https:\/\/jp2doc.pl\/fr\/2023\/01\/29\/ceux-qui-cherchent-le-seigneur\/\" \/>\n<meta property=\"og:site_name\" content=\"Centre de Documentation et d\u2019Etude du Pontificat de Jean-Paul II \u00e0 Rome\" \/>\n<meta property=\"article:published_time\" content=\"2023-01-29T10:53:39+00:00\" \/>\n<meta property=\"article:modified_time\" content=\"2023-01-29T10:53:40+00:00\" \/>\n<meta property=\"og:image\" content=\"https:\/\/jp2doc.pl\/fr\/wp-content\/uploads\/sites\/5\/2023\/01\/alex-george-rZAKPfQn0NA-unsplash.jpg\" \/>\n\t<meta property=\"og:image:width\" content=\"1920\" \/>\n\t<meta property=\"og:image:height\" content=\"1060\" \/>\n\t<meta property=\"og:image:type\" content=\"image\/jpeg\" \/>\n<meta name=\"author\" content=\"juliasercanka\" \/>\n<meta name=\"twitter:card\" content=\"summary_large_image\" \/>\n<meta name=\"twitter:label1\" content=\"\u00c9crit par\" \/>\n\t<meta name=\"twitter:data1\" content=\"juliasercanka\" \/>\n\t<meta name=\"twitter:label2\" content=\"Dur\u00e9e de lecture estim\u00e9e\" \/>\n\t<meta name=\"twitter:data2\" content=\"3 minutes\" \/>\n<script type=\"application\/ld+json\" class=\"yoast-schema-graph\">{\"@context\":\"https:\/\/schema.org\",\"@graph\":[{\"@type\":\"Article\",\"@id\":\"https:\/\/jp2doc.pl\/fr\/2023\/01\/29\/ceux-qui-cherchent-le-seigneur\/#article\",\"isPartOf\":{\"@id\":\"https:\/\/jp2doc.pl\/fr\/2023\/01\/29\/ceux-qui-cherchent-le-seigneur\/\"},\"author\":{\"name\":\"juliasercanka\",\"@id\":\"https:\/\/jp2doc.pl\/fr\/#\/schema\/person\/6110109e80abb51f6fac4824777eabfe\"},\"headline\":\"Ceux qui cherchent le Seigneur\",\"datePublished\":\"2023-01-29T10:53:39+00:00\",\"dateModified\":\"2023-01-29T10:53:40+00:00\",\"mainEntityOfPage\":{\"@id\":\"https:\/\/jp2doc.pl\/fr\/2023\/01\/29\/ceux-qui-cherchent-le-seigneur\/\"},\"wordCount\":639,\"commentCount\":0,\"publisher\":{\"@id\":\"https:\/\/jp2doc.pl\/fr\/#organization\"},\"image\":{\"@id\":\"https:\/\/jp2doc.pl\/fr\/2023\/01\/29\/ceux-qui-cherchent-le-seigneur\/#primaryimage\"},\"thumbnailUrl\":\"https:\/\/jp2doc.pl\/fr\/wp-content\/uploads\/sites\/5\/2023\/01\/alex-george-rZAKPfQn0NA-unsplash.jpg\",\"articleSection\":[\"Blog\",\"Strona g\u0142\u00f3wna - najnowsze\",\"Strona g\u0142\u00f3wna - slider\"],\"inLanguage\":\"fr-FR\",\"potentialAction\":[{\"@type\":\"CommentAction\",\"name\":\"Comment\",\"target\":[\"https:\/\/jp2doc.pl\/fr\/2023\/01\/29\/ceux-qui-cherchent-le-seigneur\/#respond\"]}]},{\"@type\":\"WebPage\",\"@id\":\"https:\/\/jp2doc.pl\/fr\/2023\/01\/29\/ceux-qui-cherchent-le-seigneur\/\",\"url\":\"https:\/\/jp2doc.pl\/fr\/2023\/01\/29\/ceux-qui-cherchent-le-seigneur\/\",\"name\":\"Ceux qui cherchent le Seigneur - Centre de Documentation et d\u2019Etude du Pontificat de Jean-Paul II \u00e0 Rome\",\"isPartOf\":{\"@id\":\"https:\/\/jp2doc.pl\/fr\/#website\"},\"primaryImageOfPage\":{\"@id\":\"https:\/\/jp2doc.pl\/fr\/2023\/01\/29\/ceux-qui-cherchent-le-seigneur\/#primaryimage\"},\"image\":{\"@id\":\"https:\/\/jp2doc.pl\/fr\/2023\/01\/29\/ceux-qui-cherchent-le-seigneur\/#primaryimage\"},\"thumbnailUrl\":\"https:\/\/jp2doc.pl\/fr\/wp-content\/uploads\/sites\/5\/2023\/01\/alex-george-rZAKPfQn0NA-unsplash.jpg\",\"datePublished\":\"2023-01-29T10:53:39+00:00\",\"dateModified\":\"2023-01-29T10:53:40+00:00\",\"breadcrumb\":{\"@id\":\"https:\/\/jp2doc.pl\/fr\/2023\/01\/29\/ceux-qui-cherchent-le-seigneur\/#breadcrumb\"},\"inLanguage\":\"fr-FR\",\"potentialAction\":[{\"@type\":\"ReadAction\",\"target\":[\"https:\/\/jp2doc.pl\/fr\/2023\/01\/29\/ceux-qui-cherchent-le-seigneur\/\"]}]},{\"@type\":\"ImageObject\",\"inLanguage\":\"fr-FR\",\"@id\":\"https:\/\/jp2doc.pl\/fr\/2023\/01\/29\/ceux-qui-cherchent-le-seigneur\/#primaryimage\",\"url\":\"https:\/\/jp2doc.pl\/fr\/wp-content\/uploads\/sites\/5\/2023\/01\/alex-george-rZAKPfQn0NA-unsplash.jpg\",\"contentUrl\":\"https:\/\/jp2doc.pl\/fr\/wp-content\/uploads\/sites\/5\/2023\/01\/alex-george-rZAKPfQn0NA-unsplash.jpg\",\"width\":1920,\"height\":1060},{\"@type\":\"BreadcrumbList\",\"@id\":\"https:\/\/jp2doc.pl\/fr\/2023\/01\/29\/ceux-qui-cherchent-le-seigneur\/#breadcrumb\",\"itemListElement\":[{\"@type\":\"ListItem\",\"position\":1,\"name\":\"Home\",\"item\":\"https:\/\/jp2doc.pl\/fr\/\"},{\"@type\":\"ListItem\",\"position\":2,\"name\":\"Ceux qui cherchent le Seigneur\"}]},{\"@type\":\"WebSite\",\"@id\":\"https:\/\/jp2doc.pl\/fr\/#website\",\"url\":\"https:\/\/jp2doc.pl\/fr\/\",\"name\":\"Centre de Documentation et d\u2019Etude du Pontificat de Jean-Paul II \u00e0 Rome\",\"description\":\"\",\"publisher\":{\"@id\":\"https:\/\/jp2doc.pl\/fr\/#organization\"},\"potentialAction\":[{\"@type\":\"SearchAction\",\"target\":{\"@type\":\"EntryPoint\",\"urlTemplate\":\"https:\/\/jp2doc.pl\/fr\/?s={search_term_string}\"},\"query-input\":{\"@type\":\"PropertyValueSpecification\",\"valueRequired\":true,\"valueName\":\"search_term_string\"}}],\"inLanguage\":\"fr-FR\"},{\"@type\":\"Organization\",\"@id\":\"https:\/\/jp2doc.pl\/fr\/#organization\",\"name\":\"Centre de Documentation et d\u2019Etude du Pontificat de Jean-Paul II \u00e0 Rome\",\"url\":\"https:\/\/jp2doc.pl\/fr\/\",\"logo\":{\"@type\":\"ImageObject\",\"inLanguage\":\"fr-FR\",\"@id\":\"https:\/\/jp2doc.pl\/fr\/#\/schema\/logo\/image\/\",\"url\":\"https:\/\/jp2doc.pl\/fr\/wp-content\/uploads\/sites\/5\/2017\/03\/cropped-logo.png\",\"contentUrl\":\"https:\/\/jp2doc.pl\/fr\/wp-content\/uploads\/sites\/5\/2017\/03\/cropped-logo.png\",\"width\":115,\"height\":115,\"caption\":\"Centre de Documentation et d\u2019Etude du Pontificat de Jean-Paul II \u00e0 Rome\"},\"image\":{\"@id\":\"https:\/\/jp2doc.pl\/fr\/#\/schema\/logo\/image\/\"}},{\"@type\":\"Person\",\"@id\":\"https:\/\/jp2doc.pl\/fr\/#\/schema\/person\/6110109e80abb51f6fac4824777eabfe\",\"name\":\"juliasercanka\",\"image\":{\"@type\":\"ImageObject\",\"inLanguage\":\"fr-FR\",\"@id\":\"https:\/\/jp2doc.pl\/fr\/#\/schema\/person\/image\/\",\"url\":\"https:\/\/secure.gravatar.com\/avatar\/266a66e864556e22d55d61b6b10c97fab9060767b738564bcd109f3997e372bc?s=96&d=mm&r=g\",\"contentUrl\":\"https:\/\/secure.gravatar.com\/avatar\/266a66e864556e22d55d61b6b10c97fab9060767b738564bcd109f3997e372bc?s=96&d=mm&r=g\",\"caption\":\"juliasercanka\"},\"url\":\"https:\/\/jp2doc.pl\/fr\/author\/juliasercanka\/\"}]}<\/script>\n<!-- \/ Yoast SEO plugin. -->","yoast_head_json":{"title":"Ceux qui cherchent le Seigneur - Centre de Documentation et d\u2019Etude du Pontificat de Jean-Paul II \u00e0 Rome","robots":{"index":"index","follow":"follow","max-snippet":"max-snippet:-1","max-image-preview":"max-image-preview:large","max-video-preview":"max-video-preview:-1"},"canonical":"https:\/\/jp2doc.pl\/fr\/2023\/01\/29\/ceux-qui-cherchent-le-seigneur\/","og_locale":"fr_FR","og_type":"article","og_title":"Ceux qui cherchent le Seigneur - Centre de Documentation et d\u2019Etude du Pontificat de Jean-Paul II \u00e0 Rome","og_description":"IV Dimanche du Temps Ordinaire","og_url":"https:\/\/jp2doc.pl\/fr\/2023\/01\/29\/ceux-qui-cherchent-le-seigneur\/","og_site_name":"Centre de Documentation et d\u2019Etude du Pontificat de Jean-Paul II \u00e0 Rome","article_published_time":"2023-01-29T10:53:39+00:00","article_modified_time":"2023-01-29T10:53:40+00:00","og_image":[{"width":1920,"height":1060,"url":"https:\/\/jp2doc.pl\/fr\/wp-content\/uploads\/sites\/5\/2023\/01\/alex-george-rZAKPfQn0NA-unsplash.jpg","type":"image\/jpeg"}],"author":"juliasercanka","twitter_card":"summary_large_image","twitter_misc":{"\u00c9crit par":"juliasercanka","Dur\u00e9e de lecture estim\u00e9e":"3 minutes"},"schema":{"@context":"https:\/\/schema.org","@graph":[{"@type":"Article","@id":"https:\/\/jp2doc.pl\/fr\/2023\/01\/29\/ceux-qui-cherchent-le-seigneur\/#article","isPartOf":{"@id":"https:\/\/jp2doc.pl\/fr\/2023\/01\/29\/ceux-qui-cherchent-le-seigneur\/"},"author":{"name":"juliasercanka","@id":"https:\/\/jp2doc.pl\/fr\/#\/schema\/person\/6110109e80abb51f6fac4824777eabfe"},"headline":"Ceux qui cherchent le Seigneur","datePublished":"2023-01-29T10:53:39+00:00","dateModified":"2023-01-29T10:53:40+00:00","mainEntityOfPage":{"@id":"https:\/\/jp2doc.pl\/fr\/2023\/01\/29\/ceux-qui-cherchent-le-seigneur\/"},"wordCount":639,"commentCount":0,"publisher":{"@id":"https:\/\/jp2doc.pl\/fr\/#organization"},"image":{"@id":"https:\/\/jp2doc.pl\/fr\/2023\/01\/29\/ceux-qui-cherchent-le-seigneur\/#primaryimage"},"thumbnailUrl":"https:\/\/jp2doc.pl\/fr\/wp-content\/uploads\/sites\/5\/2023\/01\/alex-george-rZAKPfQn0NA-unsplash.jpg","articleSection":["Blog","Strona g\u0142\u00f3wna - najnowsze","Strona g\u0142\u00f3wna - slider"],"inLanguage":"fr-FR","potentialAction":[{"@type":"CommentAction","name":"Comment","target":["https:\/\/jp2doc.pl\/fr\/2023\/01\/29\/ceux-qui-cherchent-le-seigneur\/#respond"]}]},{"@type":"WebPage","@id":"https:\/\/jp2doc.pl\/fr\/2023\/01\/29\/ceux-qui-cherchent-le-seigneur\/","url":"https:\/\/jp2doc.pl\/fr\/2023\/01\/29\/ceux-qui-cherchent-le-seigneur\/","name":"Ceux qui cherchent le Seigneur - Centre de Documentation et d\u2019Etude du Pontificat de Jean-Paul II \u00e0 Rome","isPartOf":{"@id":"https:\/\/jp2doc.pl\/fr\/#website"},"primaryImageOfPage":{"@id":"https:\/\/jp2doc.pl\/fr\/2023\/01\/29\/ceux-qui-cherchent-le-seigneur\/#primaryimage"},"image":{"@id":"https:\/\/jp2doc.pl\/fr\/2023\/01\/29\/ceux-qui-cherchent-le-seigneur\/#primaryimage"},"thumbnailUrl":"https:\/\/jp2doc.pl\/fr\/wp-content\/uploads\/sites\/5\/2023\/01\/alex-george-rZAKPfQn0NA-unsplash.jpg","datePublished":"2023-01-29T10:53:39+00:00","dateModified":"2023-01-29T10:53:40+00:00","breadcrumb":{"@id":"https:\/\/jp2doc.pl\/fr\/2023\/01\/29\/ceux-qui-cherchent-le-seigneur\/#breadcrumb"},"inLanguage":"fr-FR","potentialAction":[{"@type":"ReadAction","target":["https:\/\/jp2doc.pl\/fr\/2023\/01\/29\/ceux-qui-cherchent-le-seigneur\/"]}]},{"@type":"ImageObject","inLanguage":"fr-FR","@id":"https:\/\/jp2doc.pl\/fr\/2023\/01\/29\/ceux-qui-cherchent-le-seigneur\/#primaryimage","url":"https:\/\/jp2doc.pl\/fr\/wp-content\/uploads\/sites\/5\/2023\/01\/alex-george-rZAKPfQn0NA-unsplash.jpg","contentUrl":"https:\/\/jp2doc.pl\/fr\/wp-content\/uploads\/sites\/5\/2023\/01\/alex-george-rZAKPfQn0NA-unsplash.jpg","width":1920,"height":1060},{"@type":"BreadcrumbList","@id":"https:\/\/jp2doc.pl\/fr\/2023\/01\/29\/ceux-qui-cherchent-le-seigneur\/#breadcrumb","itemListElement":[{"@type":"ListItem","position":1,"name":"Home","item":"https:\/\/jp2doc.pl\/fr\/"},{"@type":"ListItem","position":2,"name":"Ceux qui cherchent le Seigneur"}]},{"@type":"WebSite","@id":"https:\/\/jp2doc.pl\/fr\/#website","url":"https:\/\/jp2doc.pl\/fr\/","name":"Centre de Documentation et d\u2019Etude du Pontificat de Jean-Paul II \u00e0 Rome","description":"","publisher":{"@id":"https:\/\/jp2doc.pl\/fr\/#organization"},"potentialAction":[{"@type":"SearchAction","target":{"@type":"EntryPoint","urlTemplate":"https:\/\/jp2doc.pl\/fr\/?s={search_term_string}"},"query-input":{"@type":"PropertyValueSpecification","valueRequired":true,"valueName":"search_term_string"}}],"inLanguage":"fr-FR"},{"@type":"Organization","@id":"https:\/\/jp2doc.pl\/fr\/#organization","name":"Centre de Documentation et d\u2019Etude du Pontificat de Jean-Paul II \u00e0 Rome","url":"https:\/\/jp2doc.pl\/fr\/","logo":{"@type":"ImageObject","inLanguage":"fr-FR","@id":"https:\/\/jp2doc.pl\/fr\/#\/schema\/logo\/image\/","url":"https:\/\/jp2doc.pl\/fr\/wp-content\/uploads\/sites\/5\/2017\/03\/cropped-logo.png","contentUrl":"https:\/\/jp2doc.pl\/fr\/wp-content\/uploads\/sites\/5\/2017\/03\/cropped-logo.png","width":115,"height":115,"caption":"Centre de Documentation et d\u2019Etude du Pontificat de Jean-Paul II \u00e0 Rome"},"image":{"@id":"https:\/\/jp2doc.pl\/fr\/#\/schema\/logo\/image\/"}},{"@type":"Person","@id":"https:\/\/jp2doc.pl\/fr\/#\/schema\/person\/6110109e80abb51f6fac4824777eabfe","name":"juliasercanka","image":{"@type":"ImageObject","inLanguage":"fr-FR","@id":"https:\/\/jp2doc.pl\/fr\/#\/schema\/person\/image\/","url":"https:\/\/secure.gravatar.com\/avatar\/266a66e864556e22d55d61b6b10c97fab9060767b738564bcd109f3997e372bc?s=96&d=mm&r=g","contentUrl":"https:\/\/secure.gravatar.com\/avatar\/266a66e864556e22d55d61b6b10c97fab9060767b738564bcd109f3997e372bc?s=96&d=mm&r=g","caption":"juliasercanka"},"url":"https:\/\/jp2doc.pl\/fr\/author\/juliasercanka\/"}]}},"_links":{"self":[{"href":"https:\/\/jp2doc.pl\/fr\/wp-json\/wp\/v2\/posts\/2218","targetHints":{"allow":["GET"]}}],"collection":[{"href":"https:\/\/jp2doc.pl\/fr\/wp-json\/wp\/v2\/posts"}],"about":[{"href":"https:\/\/jp2doc.pl\/fr\/wp-json\/wp\/v2\/types\/post"}],"author":[{"embeddable":true,"href":"https:\/\/jp2doc.pl\/fr\/wp-json\/wp\/v2\/users\/5"}],"replies":[{"embeddable":true,"href":"https:\/\/jp2doc.pl\/fr\/wp-json\/wp\/v2\/comments?post=2218"}],"version-history":[{"count":1,"href":"https:\/\/jp2doc.pl\/fr\/wp-json\/wp\/v2\/posts\/2218\/revisions"}],"predecessor-version":[{"id":2220,"href":"https:\/\/jp2doc.pl\/fr\/wp-json\/wp\/v2\/posts\/2218\/revisions\/2220"}],"wp:featuredmedia":[{"embeddable":true,"href":"https:\/\/jp2doc.pl\/fr\/wp-json\/wp\/v2\/media\/2219"}],"wp:attachment":[{"href":"https:\/\/jp2doc.pl\/fr\/wp-json\/wp\/v2\/media?parent=2218"}],"wp:term":[{"taxonomy":"category","embeddable":true,"href":"https:\/\/jp2doc.pl\/fr\/wp-json\/wp\/v2\/categories?post=2218"},{"taxonomy":"post_tag","embeddable":true,"href":"https:\/\/jp2doc.pl\/fr\/wp-json\/wp\/v2\/tags?post=2218"}],"curies":[{"name":"wp","href":"https:\/\/api.w.org\/{rel}","templated":true}]}}