{"id":2224,"date":"2023-02-13T12:53:28","date_gmt":"2023-02-13T11:53:28","guid":{"rendered":"https:\/\/jp2doc.pl\/fr\/?p=2224"},"modified":"2023-02-13T12:53:29","modified_gmt":"2023-02-13T11:53:29","slug":"vivre-sans-hypocrisie","status":"publish","type":"post","link":"https:\/\/jp2doc.pl\/fr\/2023\/02\/13\/vivre-sans-hypocrisie\/","title":{"rendered":"Vivre sans hypocrisie"},"content":{"rendered":"\n<p>\u00ab Ne pensez pas que je sois venu abolir la Loi ou les Proph\u00e8tes : je ne suis pas venu abolir, mais accomplir \u00bb.<\/p>\n\n\n\n<p>Quand on regarde l\u2019Ancien Testament, on y trouve une loi \u00e0 suivre de fa\u00e7on radicale, sous peine de sanctions. Quand on lit l\u2019\u00e9vangile on y trouve un enseignement plein de mis\u00e9ricorde qui fait appel \u00e0 la vie du c\u0153ur avant l\u2019observance l\u00e9gale de la loi. On pourrait croire alors que J\u00e9sus nous appelle \u00e0 oublier la loi des anciens. Ce serait une grave erreur ! J\u00e9sus n\u2019a rien supprim\u00e9 de la loi ancienne transmise au peuple par l\u2019interm\u00e9diaire de Moise et des proph\u00e8tes, il est venu l\u2019am\u00e9liorer, la parfaire. Il invite plut\u00f4t \u00e0 vivre la loi de Mo\u00efse avec le c\u0153ur et non plus avec un formalisme ext\u00e9rieur. Il s\u2019agit d\u2019une nouveaut\u00e9 int\u00e9rieure, c\u2019est-\u00e0-dire faire autrement les choses, adopter une autre mani\u00e8re de se comporter.<\/p>\n\n\n\n<p>Si par exemple il vous arrive de d\u00e9cider d\u2019aller \u00e0 la messe tous les jours, mais qu\u2019en m\u00eame temps, vous n\u2019\u00eates pas serviable aupr\u00e8s de votre famille, que vous n\u2019\u00eates pas amical avec vos voisins et que vous ne venez jamais en aide \u00e0 ceux qui en ont besoin autour de vous \u2026 Quel sens cela a-t-il ? C\u2019est la question \u00e0 laquelle J\u00e9sus nous renvoie aujourd\u2019hui ?&nbsp; Quelle est l\u2019importance de la loi de Dieu dans votre vie et surtout de quelle fa\u00e7on est-ce que vous la vivez ?<\/p>\n\n\n\n<p>\u00ab Vous avez appris qu\u2019il a \u00e9t\u00e9 dit\u2026Eh bien ! moi, je vous dis \u00bb<\/p>\n\n\n\n<p>Nous vivons actuellement dans un monde o\u00f9 les valeurs sont invers\u00e9es, cela sous couvert de droits, de libert\u00e9. Mais c\u2019est peut-\u00eatre l\u2019heure pour nous chr\u00e9tiens de faire vraiment la part des choses sans hypocrisie. Le monde qui ne croit pas en Dieu vit comme il veut, mais le chr\u00e9tien doit vivre selon la volont\u00e9 de Dieu. A quoi sert de bl\u00e2mer la conduite des gens sans Dieu, si nous qui nous affirmons comme chr\u00e9tiens vivons de la m\u00eame mani\u00e8re qu\u2019eux ? Ne sommes-nous pas hypocrites \u00e0 ce moment-l\u00e0 ? Le chr\u00e9tien d\u2019aujourd\u2019hui ne va plus pouvoir dire : \u00ab je suis chr\u00e9tien, mais je ne pratique pas ! \u00bb. Ou bien il vit de la parole de Dieu et il est effectivement chr\u00e9tien ou bien il suit le monde et ses id\u00e9ologies, et donc il ne peut se dire vraiment chr\u00e9tien. Le registre de bapt\u00eame ne sert \u00e0 rien si dans notre c\u0153ur nous ne sommes pas vrais avec le Christ.<\/p>\n\n\n\n<p>Bon week-end et que Dieu qui vous aime vous b\u00e9nisse.<\/p>\n\n\n\n<p><strong>Abb\u00e9 Jean Claude Ciza\u00a0<\/strong><\/p>\n\n\n\n<p><em>Fot. Pascal Meier\/Unsplash.com<\/em><\/p>\n","protected":false},"excerpt":{"rendered":"<p>VI Dimanche du Temps Ordinaire<\/p>\n","protected":false},"author":5,"featured_media":2225,"comment_status":"open","ping_status":"open","sticky":false,"template":"","format":"standard","meta":{"_acf_changed":false,"_exactmetrics_skip_tracking":false,"_exactmetrics_sitenote_active":false,"_exactmetrics_sitenote_note":"","_exactmetrics_sitenote_category":0,"footnotes":""},"categories":[4,13,14],"tags":[],"class_list":["post-2224","post","type-post","status-publish","format-standard","has-post-thumbnail","hentry","category-blog","category-strona-glowna-najnowsze","category-strona-glowna-slider"],"acf":[],"yoast_head":"<!-- This site is optimized with the Yoast SEO plugin v26.2 - https:\/\/yoast.com\/wordpress\/plugins\/seo\/ -->\n<title>Vivre sans hypocrisie - Centre de Documentation et d\u2019Etude du Pontificat de Jean-Paul II \u00e0 Rome<\/title>\n<meta name=\"robots\" content=\"index, follow, max-snippet:-1, max-image-preview:large, max-video-preview:-1\" \/>\n<link rel=\"canonical\" href=\"https:\/\/jp2doc.pl\/fr\/2023\/02\/13\/vivre-sans-hypocrisie\/\" \/>\n<meta property=\"og:locale\" content=\"fr_FR\" \/>\n<meta property=\"og:type\" content=\"article\" \/>\n<meta property=\"og:title\" content=\"Vivre sans hypocrisie - Centre de Documentation et d\u2019Etude du Pontificat de Jean-Paul II \u00e0 Rome\" \/>\n<meta property=\"og:description\" content=\"VI Dimanche du Temps Ordinaire\" \/>\n<meta property=\"og:url\" content=\"https:\/\/jp2doc.pl\/fr\/2023\/02\/13\/vivre-sans-hypocrisie\/\" \/>\n<meta property=\"og:site_name\" content=\"Centre de Documentation et d\u2019Etude du Pontificat de Jean-Paul II \u00e0 Rome\" \/>\n<meta property=\"article:published_time\" content=\"2023-02-13T11:53:28+00:00\" \/>\n<meta property=\"article:modified_time\" content=\"2023-02-13T11:53:29+00:00\" \/>\n<meta property=\"og:image\" content=\"https:\/\/jp2doc.pl\/fr\/wp-content\/uploads\/sites\/5\/2023\/02\/pascal-meier-M6LKw5B8nY-unsplash.jpg\" \/>\n\t<meta property=\"og:image:width\" content=\"1920\" \/>\n\t<meta property=\"og:image:height\" content=\"1280\" \/>\n\t<meta property=\"og:image:type\" content=\"image\/jpeg\" \/>\n<meta name=\"author\" content=\"juliasercanka\" \/>\n<meta name=\"twitter:card\" content=\"summary_large_image\" \/>\n<meta name=\"twitter:label1\" content=\"\u00c9crit par\" \/>\n\t<meta name=\"twitter:data1\" content=\"juliasercanka\" \/>\n\t<meta name=\"twitter:label2\" content=\"Dur\u00e9e de lecture estim\u00e9e\" \/>\n\t<meta name=\"twitter:data2\" content=\"2 minutes\" \/>\n<script type=\"application\/ld+json\" class=\"yoast-schema-graph\">{\"@context\":\"https:\/\/schema.org\",\"@graph\":[{\"@type\":\"Article\",\"@id\":\"https:\/\/jp2doc.pl\/fr\/2023\/02\/13\/vivre-sans-hypocrisie\/#article\",\"isPartOf\":{\"@id\":\"https:\/\/jp2doc.pl\/fr\/2023\/02\/13\/vivre-sans-hypocrisie\/\"},\"author\":{\"name\":\"juliasercanka\",\"@id\":\"https:\/\/jp2doc.pl\/fr\/#\/schema\/person\/6110109e80abb51f6fac4824777eabfe\"},\"headline\":\"Vivre sans hypocrisie\",\"datePublished\":\"2023-02-13T11:53:28+00:00\",\"dateModified\":\"2023-02-13T11:53:29+00:00\",\"mainEntityOfPage\":{\"@id\":\"https:\/\/jp2doc.pl\/fr\/2023\/02\/13\/vivre-sans-hypocrisie\/\"},\"wordCount\":473,\"commentCount\":0,\"publisher\":{\"@id\":\"https:\/\/jp2doc.pl\/fr\/#organization\"},\"image\":{\"@id\":\"https:\/\/jp2doc.pl\/fr\/2023\/02\/13\/vivre-sans-hypocrisie\/#primaryimage\"},\"thumbnailUrl\":\"https:\/\/jp2doc.pl\/fr\/wp-content\/uploads\/sites\/5\/2023\/02\/pascal-meier-M6LKw5B8nY-unsplash.jpg\",\"articleSection\":[\"Blog\",\"Strona g\u0142\u00f3wna - najnowsze\",\"Strona g\u0142\u00f3wna - slider\"],\"inLanguage\":\"fr-FR\",\"potentialAction\":[{\"@type\":\"CommentAction\",\"name\":\"Comment\",\"target\":[\"https:\/\/jp2doc.pl\/fr\/2023\/02\/13\/vivre-sans-hypocrisie\/#respond\"]}]},{\"@type\":\"WebPage\",\"@id\":\"https:\/\/jp2doc.pl\/fr\/2023\/02\/13\/vivre-sans-hypocrisie\/\",\"url\":\"https:\/\/jp2doc.pl\/fr\/2023\/02\/13\/vivre-sans-hypocrisie\/\",\"name\":\"Vivre sans hypocrisie - Centre de Documentation et d\u2019Etude du Pontificat de Jean-Paul II \u00e0 Rome\",\"isPartOf\":{\"@id\":\"https:\/\/jp2doc.pl\/fr\/#website\"},\"primaryImageOfPage\":{\"@id\":\"https:\/\/jp2doc.pl\/fr\/2023\/02\/13\/vivre-sans-hypocrisie\/#primaryimage\"},\"image\":{\"@id\":\"https:\/\/jp2doc.pl\/fr\/2023\/02\/13\/vivre-sans-hypocrisie\/#primaryimage\"},\"thumbnailUrl\":\"https:\/\/jp2doc.pl\/fr\/wp-content\/uploads\/sites\/5\/2023\/02\/pascal-meier-M6LKw5B8nY-unsplash.jpg\",\"datePublished\":\"2023-02-13T11:53:28+00:00\",\"dateModified\":\"2023-02-13T11:53:29+00:00\",\"breadcrumb\":{\"@id\":\"https:\/\/jp2doc.pl\/fr\/2023\/02\/13\/vivre-sans-hypocrisie\/#breadcrumb\"},\"inLanguage\":\"fr-FR\",\"potentialAction\":[{\"@type\":\"ReadAction\",\"target\":[\"https:\/\/jp2doc.pl\/fr\/2023\/02\/13\/vivre-sans-hypocrisie\/\"]}]},{\"@type\":\"ImageObject\",\"inLanguage\":\"fr-FR\",\"@id\":\"https:\/\/jp2doc.pl\/fr\/2023\/02\/13\/vivre-sans-hypocrisie\/#primaryimage\",\"url\":\"https:\/\/jp2doc.pl\/fr\/wp-content\/uploads\/sites\/5\/2023\/02\/pascal-meier-M6LKw5B8nY-unsplash.jpg\",\"contentUrl\":\"https:\/\/jp2doc.pl\/fr\/wp-content\/uploads\/sites\/5\/2023\/02\/pascal-meier-M6LKw5B8nY-unsplash.jpg\",\"width\":1920,\"height\":1280},{\"@type\":\"BreadcrumbList\",\"@id\":\"https:\/\/jp2doc.pl\/fr\/2023\/02\/13\/vivre-sans-hypocrisie\/#breadcrumb\",\"itemListElement\":[{\"@type\":\"ListItem\",\"position\":1,\"name\":\"Home\",\"item\":\"https:\/\/jp2doc.pl\/fr\/\"},{\"@type\":\"ListItem\",\"position\":2,\"name\":\"Vivre sans hypocrisie\"}]},{\"@type\":\"WebSite\",\"@id\":\"https:\/\/jp2doc.pl\/fr\/#website\",\"url\":\"https:\/\/jp2doc.pl\/fr\/\",\"name\":\"Centre de Documentation et d\u2019Etude du Pontificat de Jean-Paul II \u00e0 Rome\",\"description\":\"\",\"publisher\":{\"@id\":\"https:\/\/jp2doc.pl\/fr\/#organization\"},\"potentialAction\":[{\"@type\":\"SearchAction\",\"target\":{\"@type\":\"EntryPoint\",\"urlTemplate\":\"https:\/\/jp2doc.pl\/fr\/?s={search_term_string}\"},\"query-input\":{\"@type\":\"PropertyValueSpecification\",\"valueRequired\":true,\"valueName\":\"search_term_string\"}}],\"inLanguage\":\"fr-FR\"},{\"@type\":\"Organization\",\"@id\":\"https:\/\/jp2doc.pl\/fr\/#organization\",\"name\":\"Centre de Documentation et d\u2019Etude du Pontificat de Jean-Paul II \u00e0 Rome\",\"url\":\"https:\/\/jp2doc.pl\/fr\/\",\"logo\":{\"@type\":\"ImageObject\",\"inLanguage\":\"fr-FR\",\"@id\":\"https:\/\/jp2doc.pl\/fr\/#\/schema\/logo\/image\/\",\"url\":\"https:\/\/jp2doc.pl\/fr\/wp-content\/uploads\/sites\/5\/2017\/03\/cropped-logo.png\",\"contentUrl\":\"https:\/\/jp2doc.pl\/fr\/wp-content\/uploads\/sites\/5\/2017\/03\/cropped-logo.png\",\"width\":115,\"height\":115,\"caption\":\"Centre de Documentation et d\u2019Etude du Pontificat de Jean-Paul II \u00e0 Rome\"},\"image\":{\"@id\":\"https:\/\/jp2doc.pl\/fr\/#\/schema\/logo\/image\/\"}},{\"@type\":\"Person\",\"@id\":\"https:\/\/jp2doc.pl\/fr\/#\/schema\/person\/6110109e80abb51f6fac4824777eabfe\",\"name\":\"juliasercanka\",\"image\":{\"@type\":\"ImageObject\",\"inLanguage\":\"fr-FR\",\"@id\":\"https:\/\/jp2doc.pl\/fr\/#\/schema\/person\/image\/\",\"url\":\"https:\/\/secure.gravatar.com\/avatar\/266a66e864556e22d55d61b6b10c97fab9060767b738564bcd109f3997e372bc?s=96&d=mm&r=g\",\"contentUrl\":\"https:\/\/secure.gravatar.com\/avatar\/266a66e864556e22d55d61b6b10c97fab9060767b738564bcd109f3997e372bc?s=96&d=mm&r=g\",\"caption\":\"juliasercanka\"},\"url\":\"https:\/\/jp2doc.pl\/fr\/author\/juliasercanka\/\"}]}<\/script>\n<!-- \/ Yoast SEO plugin. -->","yoast_head_json":{"title":"Vivre sans hypocrisie - Centre de Documentation et d\u2019Etude du Pontificat de Jean-Paul II \u00e0 Rome","robots":{"index":"index","follow":"follow","max-snippet":"max-snippet:-1","max-image-preview":"max-image-preview:large","max-video-preview":"max-video-preview:-1"},"canonical":"https:\/\/jp2doc.pl\/fr\/2023\/02\/13\/vivre-sans-hypocrisie\/","og_locale":"fr_FR","og_type":"article","og_title":"Vivre sans hypocrisie - Centre de Documentation et d\u2019Etude du Pontificat de Jean-Paul II \u00e0 Rome","og_description":"VI Dimanche du Temps Ordinaire","og_url":"https:\/\/jp2doc.pl\/fr\/2023\/02\/13\/vivre-sans-hypocrisie\/","og_site_name":"Centre de Documentation et d\u2019Etude du Pontificat de Jean-Paul II \u00e0 Rome","article_published_time":"2023-02-13T11:53:28+00:00","article_modified_time":"2023-02-13T11:53:29+00:00","og_image":[{"width":1920,"height":1280,"url":"https:\/\/jp2doc.pl\/fr\/wp-content\/uploads\/sites\/5\/2023\/02\/pascal-meier-M6LKw5B8nY-unsplash.jpg","type":"image\/jpeg"}],"author":"juliasercanka","twitter_card":"summary_large_image","twitter_misc":{"\u00c9crit par":"juliasercanka","Dur\u00e9e de lecture estim\u00e9e":"2 minutes"},"schema":{"@context":"https:\/\/schema.org","@graph":[{"@type":"Article","@id":"https:\/\/jp2doc.pl\/fr\/2023\/02\/13\/vivre-sans-hypocrisie\/#article","isPartOf":{"@id":"https:\/\/jp2doc.pl\/fr\/2023\/02\/13\/vivre-sans-hypocrisie\/"},"author":{"name":"juliasercanka","@id":"https:\/\/jp2doc.pl\/fr\/#\/schema\/person\/6110109e80abb51f6fac4824777eabfe"},"headline":"Vivre sans hypocrisie","datePublished":"2023-02-13T11:53:28+00:00","dateModified":"2023-02-13T11:53:29+00:00","mainEntityOfPage":{"@id":"https:\/\/jp2doc.pl\/fr\/2023\/02\/13\/vivre-sans-hypocrisie\/"},"wordCount":473,"commentCount":0,"publisher":{"@id":"https:\/\/jp2doc.pl\/fr\/#organization"},"image":{"@id":"https:\/\/jp2doc.pl\/fr\/2023\/02\/13\/vivre-sans-hypocrisie\/#primaryimage"},"thumbnailUrl":"https:\/\/jp2doc.pl\/fr\/wp-content\/uploads\/sites\/5\/2023\/02\/pascal-meier-M6LKw5B8nY-unsplash.jpg","articleSection":["Blog","Strona g\u0142\u00f3wna - najnowsze","Strona g\u0142\u00f3wna - slider"],"inLanguage":"fr-FR","potentialAction":[{"@type":"CommentAction","name":"Comment","target":["https:\/\/jp2doc.pl\/fr\/2023\/02\/13\/vivre-sans-hypocrisie\/#respond"]}]},{"@type":"WebPage","@id":"https:\/\/jp2doc.pl\/fr\/2023\/02\/13\/vivre-sans-hypocrisie\/","url":"https:\/\/jp2doc.pl\/fr\/2023\/02\/13\/vivre-sans-hypocrisie\/","name":"Vivre sans hypocrisie - Centre de Documentation et d\u2019Etude du Pontificat de Jean-Paul II \u00e0 Rome","isPartOf":{"@id":"https:\/\/jp2doc.pl\/fr\/#website"},"primaryImageOfPage":{"@id":"https:\/\/jp2doc.pl\/fr\/2023\/02\/13\/vivre-sans-hypocrisie\/#primaryimage"},"image":{"@id":"https:\/\/jp2doc.pl\/fr\/2023\/02\/13\/vivre-sans-hypocrisie\/#primaryimage"},"thumbnailUrl":"https:\/\/jp2doc.pl\/fr\/wp-content\/uploads\/sites\/5\/2023\/02\/pascal-meier-M6LKw5B8nY-unsplash.jpg","datePublished":"2023-02-13T11:53:28+00:00","dateModified":"2023-02-13T11:53:29+00:00","breadcrumb":{"@id":"https:\/\/jp2doc.pl\/fr\/2023\/02\/13\/vivre-sans-hypocrisie\/#breadcrumb"},"inLanguage":"fr-FR","potentialAction":[{"@type":"ReadAction","target":["https:\/\/jp2doc.pl\/fr\/2023\/02\/13\/vivre-sans-hypocrisie\/"]}]},{"@type":"ImageObject","inLanguage":"fr-FR","@id":"https:\/\/jp2doc.pl\/fr\/2023\/02\/13\/vivre-sans-hypocrisie\/#primaryimage","url":"https:\/\/jp2doc.pl\/fr\/wp-content\/uploads\/sites\/5\/2023\/02\/pascal-meier-M6LKw5B8nY-unsplash.jpg","contentUrl":"https:\/\/jp2doc.pl\/fr\/wp-content\/uploads\/sites\/5\/2023\/02\/pascal-meier-M6LKw5B8nY-unsplash.jpg","width":1920,"height":1280},{"@type":"BreadcrumbList","@id":"https:\/\/jp2doc.pl\/fr\/2023\/02\/13\/vivre-sans-hypocrisie\/#breadcrumb","itemListElement":[{"@type":"ListItem","position":1,"name":"Home","item":"https:\/\/jp2doc.pl\/fr\/"},{"@type":"ListItem","position":2,"name":"Vivre sans hypocrisie"}]},{"@type":"WebSite","@id":"https:\/\/jp2doc.pl\/fr\/#website","url":"https:\/\/jp2doc.pl\/fr\/","name":"Centre de Documentation et d\u2019Etude du Pontificat de Jean-Paul II \u00e0 Rome","description":"","publisher":{"@id":"https:\/\/jp2doc.pl\/fr\/#organization"},"potentialAction":[{"@type":"SearchAction","target":{"@type":"EntryPoint","urlTemplate":"https:\/\/jp2doc.pl\/fr\/?s={search_term_string}"},"query-input":{"@type":"PropertyValueSpecification","valueRequired":true,"valueName":"search_term_string"}}],"inLanguage":"fr-FR"},{"@type":"Organization","@id":"https:\/\/jp2doc.pl\/fr\/#organization","name":"Centre de Documentation et d\u2019Etude du Pontificat de Jean-Paul II \u00e0 Rome","url":"https:\/\/jp2doc.pl\/fr\/","logo":{"@type":"ImageObject","inLanguage":"fr-FR","@id":"https:\/\/jp2doc.pl\/fr\/#\/schema\/logo\/image\/","url":"https:\/\/jp2doc.pl\/fr\/wp-content\/uploads\/sites\/5\/2017\/03\/cropped-logo.png","contentUrl":"https:\/\/jp2doc.pl\/fr\/wp-content\/uploads\/sites\/5\/2017\/03\/cropped-logo.png","width":115,"height":115,"caption":"Centre de Documentation et d\u2019Etude du Pontificat de Jean-Paul II \u00e0 Rome"},"image":{"@id":"https:\/\/jp2doc.pl\/fr\/#\/schema\/logo\/image\/"}},{"@type":"Person","@id":"https:\/\/jp2doc.pl\/fr\/#\/schema\/person\/6110109e80abb51f6fac4824777eabfe","name":"juliasercanka","image":{"@type":"ImageObject","inLanguage":"fr-FR","@id":"https:\/\/jp2doc.pl\/fr\/#\/schema\/person\/image\/","url":"https:\/\/secure.gravatar.com\/avatar\/266a66e864556e22d55d61b6b10c97fab9060767b738564bcd109f3997e372bc?s=96&d=mm&r=g","contentUrl":"https:\/\/secure.gravatar.com\/avatar\/266a66e864556e22d55d61b6b10c97fab9060767b738564bcd109f3997e372bc?s=96&d=mm&r=g","caption":"juliasercanka"},"url":"https:\/\/jp2doc.pl\/fr\/author\/juliasercanka\/"}]}},"_links":{"self":[{"href":"https:\/\/jp2doc.pl\/fr\/wp-json\/wp\/v2\/posts\/2224","targetHints":{"allow":["GET"]}}],"collection":[{"href":"https:\/\/jp2doc.pl\/fr\/wp-json\/wp\/v2\/posts"}],"about":[{"href":"https:\/\/jp2doc.pl\/fr\/wp-json\/wp\/v2\/types\/post"}],"author":[{"embeddable":true,"href":"https:\/\/jp2doc.pl\/fr\/wp-json\/wp\/v2\/users\/5"}],"replies":[{"embeddable":true,"href":"https:\/\/jp2doc.pl\/fr\/wp-json\/wp\/v2\/comments?post=2224"}],"version-history":[{"count":1,"href":"https:\/\/jp2doc.pl\/fr\/wp-json\/wp\/v2\/posts\/2224\/revisions"}],"predecessor-version":[{"id":2226,"href":"https:\/\/jp2doc.pl\/fr\/wp-json\/wp\/v2\/posts\/2224\/revisions\/2226"}],"wp:featuredmedia":[{"embeddable":true,"href":"https:\/\/jp2doc.pl\/fr\/wp-json\/wp\/v2\/media\/2225"}],"wp:attachment":[{"href":"https:\/\/jp2doc.pl\/fr\/wp-json\/wp\/v2\/media?parent=2224"}],"wp:term":[{"taxonomy":"category","embeddable":true,"href":"https:\/\/jp2doc.pl\/fr\/wp-json\/wp\/v2\/categories?post=2224"},{"taxonomy":"post_tag","embeddable":true,"href":"https:\/\/jp2doc.pl\/fr\/wp-json\/wp\/v2\/tags?post=2224"}],"curies":[{"name":"wp","href":"https:\/\/api.w.org\/{rel}","templated":true}]}}