{"id":2227,"date":"2023-02-19T12:21:24","date_gmt":"2023-02-19T11:21:24","guid":{"rendered":"https:\/\/jp2doc.pl\/fr\/?p=2227"},"modified":"2023-02-19T12:21:24","modified_gmt":"2023-02-19T11:21:24","slug":"les-rails-qui-conduisent-a-la-saintete","status":"publish","type":"post","link":"https:\/\/jp2doc.pl\/fr\/2023\/02\/19\/les-rails-qui-conduisent-a-la-saintete\/","title":{"rendered":"Les rails qui conduisent \u00e0 la saintet\u00e9"},"content":{"rendered":"\n<p><em>L\u00e9v 19, 1-18\u00a0; 1 Co 3, 16-23\u00a0; Mt 5, 38-48<\/em><\/p>\n\n\n\n<p>Les lectures du septi\u00e8me dimanche du temps ordinaire sont centr\u00e9es sur le th\u00e8me de la saintet\u00e9. Dans le Livre des L\u00e9vites, Dieu adresse ces paroles \u00e0 Mo\u00efse pour les fils d\u2019Isra\u00ebl&nbsp;: \u00ab&nbsp;Soyez saints, car moi, le Seigneur votre Dieu, je suis saint&nbsp;\u00bb. Et dans l\u2019\u00e9vangile, J\u00e9sus dit \u00e0 ses disciples&nbsp;: \u00ab&nbsp;Vous donc, soyez parfaits comme votre P\u00e8re c\u00e9leste est parfait&nbsp;\u00bb. Cet appel \u00e0 la saintet\u00e9, \u00e0 la perfection, est un appel universel. Il n\u2019exclut personne, il n\u2019oublie personne&nbsp;: grands ou petits, hommes ou femmes, riches ou pauvres, bons ou mauvais.<\/p>\n\n\n\n<p>En effet, \u00e0 Mo\u00efse, Dieu dit&nbsp;: \u00ab&nbsp;Parle \u00e0 toute l\u2019assembl\u00e9e d\u2019Isra\u00ebl&nbsp;\u00bb Et dans l\u2019\u00e9vangile, ce sont les disciples (c\u2019est inclusif), et non quelques disciples qui s\u2019assemblent autour de J\u00e9sus pour \u00e9couter cet enseignement. Nous sommes donc tous des appel\u00e9s car Dieu n\u2019est pas partial, lui qui selon les mots de l\u2019\u00e9vangile \u00ab&nbsp;fait lever son soleil sur les m\u00e9chants et sur les bons et tomber la pluie sur les justes et sur les injustes&nbsp;\u00bb.<\/p>\n\n\n\n<p>Saint Paul, dans sa premi\u00e8re lettre aux Corinthiens, nous rappelle qui nous sommes, d\u2019o\u00f9 nous sommes appel\u00e9s. Il dit aux Corinthiens et \u00e0 nous&nbsp;: \u00ab&nbsp;n\u2019oubliez pas que vous \u00eates le temple de Dieu et que l\u2019Esprit de Dieu habite en vous&nbsp;\u00bb. Cela veut dire que Dieu ne nous appelle pas \u00e0 partir de rien. Il met d\u00e9j\u00e0 en nous la capacit\u00e9, les capacit\u00e9s de nous diriger vers lui&nbsp;: l\u2019Esprit de Dieu habite en nous, en chacun de nous, et cela avant tout engagement de notre part.<\/p>\n\n\n\n<p>Comment donc nous chr\u00e9tiens restons-nous en contact avec Dieu&nbsp;? Comment gardons-nous actif l\u2019Esprit que Dieu a mis en nous pour atteindre le but de notre vie, \u00e0 savoir la saintet\u00e9 et la perfection&nbsp;?<\/p>\n\n\n\n<p>Saint Paul r\u00e9pond&nbsp;: en fuyant la sagesse de ce monde, sagesse qui est folie et vent, c\u2019est-\u00e0-dire quelque chose qui se comporte comme un train en d\u00e9raillement, qui conduit \u00e0 la catastrophe parce que hors de rails&nbsp;! En fuyant ce qui n\u2019est pas de Dieu, qui nous \u00e9loigne de la volont\u00e9 et de l\u2019appel que le Seigneur nous adresse.<\/p>\n\n\n\n<p>La premi\u00e8re lecture et l\u2019\u00e9vangile nous indiquent les rails qui conduisent \u00e0 la saintet\u00e9, \u00e0 la perfection. Ainsi, la premi\u00e8re lecture nous dit&nbsp;de ne pas entretenir la haine, de ne pas garder un silence complice face au mal, de ne pas pratiquer la vengeance, de ne pas garder rancune&nbsp;; bref, d\u2019aimer notre prochain comme nous nous aimons-m\u00eames.<\/p>\n\n\n\n<p>L\u2019\u00e9vangile confirme ce code du livre des L\u00e9vites, mais ajoute, et c\u2019est tr\u00e8s important, de prier pour ceux qui nous pers\u00e9cutent. La pers\u00e9cution n\u2019est pas une chose rare. Elle est plut\u00f4t courante. Elle prend plusieurs formes&nbsp;: de petites blagues blessantes \u00e0 des tueries.<\/p>\n\n\n\n<p>J\u00e9sus nous invite aujourd\u2019hui \u00e0 un amour parfait&nbsp;: il n\u2019est pas seulement en direction de nos amis, mais m\u00eame en direction de nos ennemis. C\u2019est la condition pour \u00ab&nbsp;\u00eatre les fils de [notre] P\u00e8re qui est dans les cieux&nbsp;\u00bb.<\/p>\n\n\n\n<p><strong>P\u00e8re Jean Claude Ciza<\/strong><\/p>\n\n\n\n<p><em>Fot. Natalya Zaritskaya\/Unsplash.com<\/em><\/p>\n","protected":false},"excerpt":{"rendered":"<p>VII Dimanche du Temps Ordinaire<\/p>\n","protected":false},"author":5,"featured_media":1942,"comment_status":"open","ping_status":"open","sticky":false,"template":"","format":"standard","meta":{"_acf_changed":false,"_exactmetrics_skip_tracking":false,"_exactmetrics_sitenote_active":false,"_exactmetrics_sitenote_note":"","_exactmetrics_sitenote_category":0,"footnotes":""},"categories":[4,13,14],"tags":[],"class_list":["post-2227","post","type-post","status-publish","format-standard","has-post-thumbnail","hentry","category-blog","category-strona-glowna-najnowsze","category-strona-glowna-slider"],"acf":[],"yoast_head":"<!-- This site is optimized with the Yoast SEO plugin v26.2 - https:\/\/yoast.com\/wordpress\/plugins\/seo\/ -->\n<title>Les rails qui conduisent \u00e0 la saintet\u00e9 - Centre de Documentation et d\u2019Etude du Pontificat de Jean-Paul II \u00e0 Rome<\/title>\n<meta name=\"robots\" content=\"index, follow, max-snippet:-1, max-image-preview:large, max-video-preview:-1\" \/>\n<link rel=\"canonical\" href=\"https:\/\/jp2doc.pl\/fr\/2023\/02\/19\/les-rails-qui-conduisent-a-la-saintete\/\" \/>\n<meta property=\"og:locale\" content=\"fr_FR\" \/>\n<meta property=\"og:type\" content=\"article\" \/>\n<meta property=\"og:title\" content=\"Les rails qui conduisent \u00e0 la saintet\u00e9 - Centre de Documentation et d\u2019Etude du Pontificat de Jean-Paul II \u00e0 Rome\" \/>\n<meta property=\"og:description\" content=\"VII Dimanche du Temps Ordinaire\" \/>\n<meta property=\"og:url\" content=\"https:\/\/jp2doc.pl\/fr\/2023\/02\/19\/les-rails-qui-conduisent-a-la-saintete\/\" \/>\n<meta property=\"og:site_name\" content=\"Centre de Documentation et d\u2019Etude du Pontificat de Jean-Paul II \u00e0 Rome\" \/>\n<meta property=\"article:published_time\" content=\"2023-02-19T11:21:24+00:00\" \/>\n<meta property=\"og:image\" content=\"https:\/\/jp2doc.pl\/fr\/wp-content\/uploads\/sites\/5\/2021\/07\/natalya-zaritskaya-SIOdjcYotms-unsplash.jpg\" \/>\n\t<meta property=\"og:image:width\" content=\"1920\" \/>\n\t<meta property=\"og:image:height\" content=\"1280\" \/>\n\t<meta property=\"og:image:type\" content=\"image\/jpeg\" \/>\n<meta name=\"author\" content=\"juliasercanka\" \/>\n<meta name=\"twitter:card\" content=\"summary_large_image\" \/>\n<meta name=\"twitter:label1\" content=\"\u00c9crit par\" \/>\n\t<meta name=\"twitter:data1\" content=\"juliasercanka\" \/>\n\t<meta name=\"twitter:label2\" content=\"Dur\u00e9e de lecture estim\u00e9e\" \/>\n\t<meta name=\"twitter:data2\" content=\"3 minutes\" \/>\n<script type=\"application\/ld+json\" class=\"yoast-schema-graph\">{\"@context\":\"https:\/\/schema.org\",\"@graph\":[{\"@type\":\"Article\",\"@id\":\"https:\/\/jp2doc.pl\/fr\/2023\/02\/19\/les-rails-qui-conduisent-a-la-saintete\/#article\",\"isPartOf\":{\"@id\":\"https:\/\/jp2doc.pl\/fr\/2023\/02\/19\/les-rails-qui-conduisent-a-la-saintete\/\"},\"author\":{\"name\":\"juliasercanka\",\"@id\":\"https:\/\/jp2doc.pl\/fr\/#\/schema\/person\/6110109e80abb51f6fac4824777eabfe\"},\"headline\":\"Les rails qui conduisent \u00e0 la saintet\u00e9\",\"datePublished\":\"2023-02-19T11:21:24+00:00\",\"mainEntityOfPage\":{\"@id\":\"https:\/\/jp2doc.pl\/fr\/2023\/02\/19\/les-rails-qui-conduisent-a-la-saintete\/\"},\"wordCount\":577,\"commentCount\":0,\"publisher\":{\"@id\":\"https:\/\/jp2doc.pl\/fr\/#organization\"},\"image\":{\"@id\":\"https:\/\/jp2doc.pl\/fr\/2023\/02\/19\/les-rails-qui-conduisent-a-la-saintete\/#primaryimage\"},\"thumbnailUrl\":\"https:\/\/jp2doc.pl\/fr\/wp-content\/uploads\/sites\/5\/2021\/07\/natalya-zaritskaya-SIOdjcYotms-unsplash.jpg\",\"articleSection\":[\"Blog\",\"Strona g\u0142\u00f3wna - najnowsze\",\"Strona g\u0142\u00f3wna - slider\"],\"inLanguage\":\"fr-FR\",\"potentialAction\":[{\"@type\":\"CommentAction\",\"name\":\"Comment\",\"target\":[\"https:\/\/jp2doc.pl\/fr\/2023\/02\/19\/les-rails-qui-conduisent-a-la-saintete\/#respond\"]}]},{\"@type\":\"WebPage\",\"@id\":\"https:\/\/jp2doc.pl\/fr\/2023\/02\/19\/les-rails-qui-conduisent-a-la-saintete\/\",\"url\":\"https:\/\/jp2doc.pl\/fr\/2023\/02\/19\/les-rails-qui-conduisent-a-la-saintete\/\",\"name\":\"Les rails qui conduisent \u00e0 la saintet\u00e9 - Centre de Documentation et d\u2019Etude du Pontificat de Jean-Paul II \u00e0 Rome\",\"isPartOf\":{\"@id\":\"https:\/\/jp2doc.pl\/fr\/#website\"},\"primaryImageOfPage\":{\"@id\":\"https:\/\/jp2doc.pl\/fr\/2023\/02\/19\/les-rails-qui-conduisent-a-la-saintete\/#primaryimage\"},\"image\":{\"@id\":\"https:\/\/jp2doc.pl\/fr\/2023\/02\/19\/les-rails-qui-conduisent-a-la-saintete\/#primaryimage\"},\"thumbnailUrl\":\"https:\/\/jp2doc.pl\/fr\/wp-content\/uploads\/sites\/5\/2021\/07\/natalya-zaritskaya-SIOdjcYotms-unsplash.jpg\",\"datePublished\":\"2023-02-19T11:21:24+00:00\",\"breadcrumb\":{\"@id\":\"https:\/\/jp2doc.pl\/fr\/2023\/02\/19\/les-rails-qui-conduisent-a-la-saintete\/#breadcrumb\"},\"inLanguage\":\"fr-FR\",\"potentialAction\":[{\"@type\":\"ReadAction\",\"target\":[\"https:\/\/jp2doc.pl\/fr\/2023\/02\/19\/les-rails-qui-conduisent-a-la-saintete\/\"]}]},{\"@type\":\"ImageObject\",\"inLanguage\":\"fr-FR\",\"@id\":\"https:\/\/jp2doc.pl\/fr\/2023\/02\/19\/les-rails-qui-conduisent-a-la-saintete\/#primaryimage\",\"url\":\"https:\/\/jp2doc.pl\/fr\/wp-content\/uploads\/sites\/5\/2021\/07\/natalya-zaritskaya-SIOdjcYotms-unsplash.jpg\",\"contentUrl\":\"https:\/\/jp2doc.pl\/fr\/wp-content\/uploads\/sites\/5\/2021\/07\/natalya-zaritskaya-SIOdjcYotms-unsplash.jpg\",\"width\":1920,\"height\":1280},{\"@type\":\"BreadcrumbList\",\"@id\":\"https:\/\/jp2doc.pl\/fr\/2023\/02\/19\/les-rails-qui-conduisent-a-la-saintete\/#breadcrumb\",\"itemListElement\":[{\"@type\":\"ListItem\",\"position\":1,\"name\":\"Home\",\"item\":\"https:\/\/jp2doc.pl\/fr\/\"},{\"@type\":\"ListItem\",\"position\":2,\"name\":\"Les rails qui conduisent \u00e0 la saintet\u00e9\"}]},{\"@type\":\"WebSite\",\"@id\":\"https:\/\/jp2doc.pl\/fr\/#website\",\"url\":\"https:\/\/jp2doc.pl\/fr\/\",\"name\":\"Centre de Documentation et d\u2019Etude du Pontificat de Jean-Paul II \u00e0 Rome\",\"description\":\"\",\"publisher\":{\"@id\":\"https:\/\/jp2doc.pl\/fr\/#organization\"},\"potentialAction\":[{\"@type\":\"SearchAction\",\"target\":{\"@type\":\"EntryPoint\",\"urlTemplate\":\"https:\/\/jp2doc.pl\/fr\/?s={search_term_string}\"},\"query-input\":{\"@type\":\"PropertyValueSpecification\",\"valueRequired\":true,\"valueName\":\"search_term_string\"}}],\"inLanguage\":\"fr-FR\"},{\"@type\":\"Organization\",\"@id\":\"https:\/\/jp2doc.pl\/fr\/#organization\",\"name\":\"Centre de Documentation et d\u2019Etude du Pontificat de Jean-Paul II \u00e0 Rome\",\"url\":\"https:\/\/jp2doc.pl\/fr\/\",\"logo\":{\"@type\":\"ImageObject\",\"inLanguage\":\"fr-FR\",\"@id\":\"https:\/\/jp2doc.pl\/fr\/#\/schema\/logo\/image\/\",\"url\":\"https:\/\/jp2doc.pl\/fr\/wp-content\/uploads\/sites\/5\/2017\/03\/cropped-logo.png\",\"contentUrl\":\"https:\/\/jp2doc.pl\/fr\/wp-content\/uploads\/sites\/5\/2017\/03\/cropped-logo.png\",\"width\":115,\"height\":115,\"caption\":\"Centre de Documentation et d\u2019Etude du Pontificat de Jean-Paul II \u00e0 Rome\"},\"image\":{\"@id\":\"https:\/\/jp2doc.pl\/fr\/#\/schema\/logo\/image\/\"}},{\"@type\":\"Person\",\"@id\":\"https:\/\/jp2doc.pl\/fr\/#\/schema\/person\/6110109e80abb51f6fac4824777eabfe\",\"name\":\"juliasercanka\",\"image\":{\"@type\":\"ImageObject\",\"inLanguage\":\"fr-FR\",\"@id\":\"https:\/\/jp2doc.pl\/fr\/#\/schema\/person\/image\/\",\"url\":\"https:\/\/secure.gravatar.com\/avatar\/266a66e864556e22d55d61b6b10c97fab9060767b738564bcd109f3997e372bc?s=96&d=mm&r=g\",\"contentUrl\":\"https:\/\/secure.gravatar.com\/avatar\/266a66e864556e22d55d61b6b10c97fab9060767b738564bcd109f3997e372bc?s=96&d=mm&r=g\",\"caption\":\"juliasercanka\"},\"url\":\"https:\/\/jp2doc.pl\/fr\/author\/juliasercanka\/\"}]}<\/script>\n<!-- \/ Yoast SEO plugin. -->","yoast_head_json":{"title":"Les rails qui conduisent \u00e0 la saintet\u00e9 - Centre de Documentation et d\u2019Etude du Pontificat de Jean-Paul II \u00e0 Rome","robots":{"index":"index","follow":"follow","max-snippet":"max-snippet:-1","max-image-preview":"max-image-preview:large","max-video-preview":"max-video-preview:-1"},"canonical":"https:\/\/jp2doc.pl\/fr\/2023\/02\/19\/les-rails-qui-conduisent-a-la-saintete\/","og_locale":"fr_FR","og_type":"article","og_title":"Les rails qui conduisent \u00e0 la saintet\u00e9 - Centre de Documentation et d\u2019Etude du Pontificat de Jean-Paul II \u00e0 Rome","og_description":"VII Dimanche du Temps Ordinaire","og_url":"https:\/\/jp2doc.pl\/fr\/2023\/02\/19\/les-rails-qui-conduisent-a-la-saintete\/","og_site_name":"Centre de Documentation et d\u2019Etude du Pontificat de Jean-Paul II \u00e0 Rome","article_published_time":"2023-02-19T11:21:24+00:00","og_image":[{"width":1920,"height":1280,"url":"https:\/\/jp2doc.pl\/fr\/wp-content\/uploads\/sites\/5\/2021\/07\/natalya-zaritskaya-SIOdjcYotms-unsplash.jpg","type":"image\/jpeg"}],"author":"juliasercanka","twitter_card":"summary_large_image","twitter_misc":{"\u00c9crit par":"juliasercanka","Dur\u00e9e de lecture estim\u00e9e":"3 minutes"},"schema":{"@context":"https:\/\/schema.org","@graph":[{"@type":"Article","@id":"https:\/\/jp2doc.pl\/fr\/2023\/02\/19\/les-rails-qui-conduisent-a-la-saintete\/#article","isPartOf":{"@id":"https:\/\/jp2doc.pl\/fr\/2023\/02\/19\/les-rails-qui-conduisent-a-la-saintete\/"},"author":{"name":"juliasercanka","@id":"https:\/\/jp2doc.pl\/fr\/#\/schema\/person\/6110109e80abb51f6fac4824777eabfe"},"headline":"Les rails qui conduisent \u00e0 la saintet\u00e9","datePublished":"2023-02-19T11:21:24+00:00","mainEntityOfPage":{"@id":"https:\/\/jp2doc.pl\/fr\/2023\/02\/19\/les-rails-qui-conduisent-a-la-saintete\/"},"wordCount":577,"commentCount":0,"publisher":{"@id":"https:\/\/jp2doc.pl\/fr\/#organization"},"image":{"@id":"https:\/\/jp2doc.pl\/fr\/2023\/02\/19\/les-rails-qui-conduisent-a-la-saintete\/#primaryimage"},"thumbnailUrl":"https:\/\/jp2doc.pl\/fr\/wp-content\/uploads\/sites\/5\/2021\/07\/natalya-zaritskaya-SIOdjcYotms-unsplash.jpg","articleSection":["Blog","Strona g\u0142\u00f3wna - najnowsze","Strona g\u0142\u00f3wna - slider"],"inLanguage":"fr-FR","potentialAction":[{"@type":"CommentAction","name":"Comment","target":["https:\/\/jp2doc.pl\/fr\/2023\/02\/19\/les-rails-qui-conduisent-a-la-saintete\/#respond"]}]},{"@type":"WebPage","@id":"https:\/\/jp2doc.pl\/fr\/2023\/02\/19\/les-rails-qui-conduisent-a-la-saintete\/","url":"https:\/\/jp2doc.pl\/fr\/2023\/02\/19\/les-rails-qui-conduisent-a-la-saintete\/","name":"Les rails qui conduisent \u00e0 la saintet\u00e9 - Centre de Documentation et d\u2019Etude du Pontificat de Jean-Paul II \u00e0 Rome","isPartOf":{"@id":"https:\/\/jp2doc.pl\/fr\/#website"},"primaryImageOfPage":{"@id":"https:\/\/jp2doc.pl\/fr\/2023\/02\/19\/les-rails-qui-conduisent-a-la-saintete\/#primaryimage"},"image":{"@id":"https:\/\/jp2doc.pl\/fr\/2023\/02\/19\/les-rails-qui-conduisent-a-la-saintete\/#primaryimage"},"thumbnailUrl":"https:\/\/jp2doc.pl\/fr\/wp-content\/uploads\/sites\/5\/2021\/07\/natalya-zaritskaya-SIOdjcYotms-unsplash.jpg","datePublished":"2023-02-19T11:21:24+00:00","breadcrumb":{"@id":"https:\/\/jp2doc.pl\/fr\/2023\/02\/19\/les-rails-qui-conduisent-a-la-saintete\/#breadcrumb"},"inLanguage":"fr-FR","potentialAction":[{"@type":"ReadAction","target":["https:\/\/jp2doc.pl\/fr\/2023\/02\/19\/les-rails-qui-conduisent-a-la-saintete\/"]}]},{"@type":"ImageObject","inLanguage":"fr-FR","@id":"https:\/\/jp2doc.pl\/fr\/2023\/02\/19\/les-rails-qui-conduisent-a-la-saintete\/#primaryimage","url":"https:\/\/jp2doc.pl\/fr\/wp-content\/uploads\/sites\/5\/2021\/07\/natalya-zaritskaya-SIOdjcYotms-unsplash.jpg","contentUrl":"https:\/\/jp2doc.pl\/fr\/wp-content\/uploads\/sites\/5\/2021\/07\/natalya-zaritskaya-SIOdjcYotms-unsplash.jpg","width":1920,"height":1280},{"@type":"BreadcrumbList","@id":"https:\/\/jp2doc.pl\/fr\/2023\/02\/19\/les-rails-qui-conduisent-a-la-saintete\/#breadcrumb","itemListElement":[{"@type":"ListItem","position":1,"name":"Home","item":"https:\/\/jp2doc.pl\/fr\/"},{"@type":"ListItem","position":2,"name":"Les rails qui conduisent \u00e0 la saintet\u00e9"}]},{"@type":"WebSite","@id":"https:\/\/jp2doc.pl\/fr\/#website","url":"https:\/\/jp2doc.pl\/fr\/","name":"Centre de Documentation et d\u2019Etude du Pontificat de Jean-Paul II \u00e0 Rome","description":"","publisher":{"@id":"https:\/\/jp2doc.pl\/fr\/#organization"},"potentialAction":[{"@type":"SearchAction","target":{"@type":"EntryPoint","urlTemplate":"https:\/\/jp2doc.pl\/fr\/?s={search_term_string}"},"query-input":{"@type":"PropertyValueSpecification","valueRequired":true,"valueName":"search_term_string"}}],"inLanguage":"fr-FR"},{"@type":"Organization","@id":"https:\/\/jp2doc.pl\/fr\/#organization","name":"Centre de Documentation et d\u2019Etude du Pontificat de Jean-Paul II \u00e0 Rome","url":"https:\/\/jp2doc.pl\/fr\/","logo":{"@type":"ImageObject","inLanguage":"fr-FR","@id":"https:\/\/jp2doc.pl\/fr\/#\/schema\/logo\/image\/","url":"https:\/\/jp2doc.pl\/fr\/wp-content\/uploads\/sites\/5\/2017\/03\/cropped-logo.png","contentUrl":"https:\/\/jp2doc.pl\/fr\/wp-content\/uploads\/sites\/5\/2017\/03\/cropped-logo.png","width":115,"height":115,"caption":"Centre de Documentation et d\u2019Etude du Pontificat de Jean-Paul II \u00e0 Rome"},"image":{"@id":"https:\/\/jp2doc.pl\/fr\/#\/schema\/logo\/image\/"}},{"@type":"Person","@id":"https:\/\/jp2doc.pl\/fr\/#\/schema\/person\/6110109e80abb51f6fac4824777eabfe","name":"juliasercanka","image":{"@type":"ImageObject","inLanguage":"fr-FR","@id":"https:\/\/jp2doc.pl\/fr\/#\/schema\/person\/image\/","url":"https:\/\/secure.gravatar.com\/avatar\/266a66e864556e22d55d61b6b10c97fab9060767b738564bcd109f3997e372bc?s=96&d=mm&r=g","contentUrl":"https:\/\/secure.gravatar.com\/avatar\/266a66e864556e22d55d61b6b10c97fab9060767b738564bcd109f3997e372bc?s=96&d=mm&r=g","caption":"juliasercanka"},"url":"https:\/\/jp2doc.pl\/fr\/author\/juliasercanka\/"}]}},"_links":{"self":[{"href":"https:\/\/jp2doc.pl\/fr\/wp-json\/wp\/v2\/posts\/2227","targetHints":{"allow":["GET"]}}],"collection":[{"href":"https:\/\/jp2doc.pl\/fr\/wp-json\/wp\/v2\/posts"}],"about":[{"href":"https:\/\/jp2doc.pl\/fr\/wp-json\/wp\/v2\/types\/post"}],"author":[{"embeddable":true,"href":"https:\/\/jp2doc.pl\/fr\/wp-json\/wp\/v2\/users\/5"}],"replies":[{"embeddable":true,"href":"https:\/\/jp2doc.pl\/fr\/wp-json\/wp\/v2\/comments?post=2227"}],"version-history":[{"count":1,"href":"https:\/\/jp2doc.pl\/fr\/wp-json\/wp\/v2\/posts\/2227\/revisions"}],"predecessor-version":[{"id":2228,"href":"https:\/\/jp2doc.pl\/fr\/wp-json\/wp\/v2\/posts\/2227\/revisions\/2228"}],"wp:featuredmedia":[{"embeddable":true,"href":"https:\/\/jp2doc.pl\/fr\/wp-json\/wp\/v2\/media\/1942"}],"wp:attachment":[{"href":"https:\/\/jp2doc.pl\/fr\/wp-json\/wp\/v2\/media?parent=2227"}],"wp:term":[{"taxonomy":"category","embeddable":true,"href":"https:\/\/jp2doc.pl\/fr\/wp-json\/wp\/v2\/categories?post=2227"},{"taxonomy":"post_tag","embeddable":true,"href":"https:\/\/jp2doc.pl\/fr\/wp-json\/wp\/v2\/tags?post=2227"}],"curies":[{"name":"wp","href":"https:\/\/api.w.org\/{rel}","templated":true}]}}