{"id":2230,"date":"2023-02-26T10:35:36","date_gmt":"2023-02-26T09:35:36","guid":{"rendered":"https:\/\/jp2doc.pl\/fr\/?p=2230"},"modified":"2023-02-26T10:35:37","modified_gmt":"2023-02-26T09:35:37","slug":"dieu-au-premier-rang-dans-notre-vie","status":"publish","type":"post","link":"https:\/\/jp2doc.pl\/fr\/2023\/02\/26\/dieu-au-premier-rang-dans-notre-vie\/","title":{"rendered":"Dieu au premier rang dans notre vie"},"content":{"rendered":"\n<p>Gn 2, 7-9&nbsp;; 3, 1-7&nbsp;; Rm 5, 12-19&nbsp;; Mt 4, 1-11<\/p>\n\n\n\n<p>Depuis le Mercredi des Cendres, nous sommes entr\u00e9s dans le temps de Car\u00eame. Pendant 5 semaines, nous allons, par la pri\u00e8re et le je\u00fbne, entra\u00eener notre corps, notre esprit, notre c\u0153ur \u00e0 accueillir le salut par la mort et la r\u00e9surrection du Seigneur.<\/p>\n\n\n\n<p>Ainsi aujourd\u2019hui, nous c\u00e9l\u00e9brons le 1<sup>er<\/sup> dimanche de Car\u00eame. Dans la tradition, ce dimanche est appel\u00e9 \u00ab&nbsp;Dimanche de la Tentation&nbsp;\u00bb. En effet, les lectures nous montrent comment l\u2019homme s\u2019est laiss\u00e9 tenter par le mal, et ce faisant a produit la mort ; et comment le Fils de Dieu a r\u00e9sist\u00e9 \u00e0 la tentation, et ce faisant a r\u00e9introduit la vie en l\u2019homme.<\/p>\n\n\n\n<p>Dans la lettre aux Romains, saint Paul \u00e9crit que par \u00ab le p\u00e9ch\u00e9 est venu la mort \u00bb. En effet, Dieu n\u2019a pas cr\u00e9\u00e9 la mort, mais la vie. Le livre de la Gen\u00e8se dit bien que Dieu insuffla dans les narines de l\u2019homme \u00ab le souffle de vie et l\u2019homme devint un \u00eatre vivant \u00bb.<\/p>\n\n\n\n<p>Dieu nous cr\u00e9\u00e9 pour la vie. Manger le fruit de la vie signifie alors tuer la vie en soi et autour de soi. Et une des cons\u00e9quences du choix de la mort, c\u2019est de tuer justement le discernement en nous, le sens de la profondeur. \u00ab Le fruit, dit le livre de la Gen\u00e8se, avait un aspect agr\u00e9able, \u00e9tait d\u00e9sirable puisqu\u2019il donnait l\u2019intelligence \u00bb. Lorsqu\u2019on poursuit des fins \u00e9go\u00efstes, le mal attire avec force, et il g\u00e9n\u00e8re la ruse, la superficialit\u00e9. Par sa ruse, le diable nous fait croire qu\u2019en mangeant du fruit d\u00e9fendu, l\u2019homme deviendrait l\u2019\u00e9gal de Dieu. C\u2019est la tentation d\u2019\u00eatre \u00e9gal \u00e0 Dieu que nous sommes invit\u00e9s \u00e0 vaincre aujourd\u2019hui. Le d\u00e9mon \u00ab&nbsp;p\u00eache en eau trouble&nbsp;\u00bb en disant des demi-v\u00e9rit\u00e9s.<\/p>\n\n\n\n<p>Et le mal est malheureusement contagieux. Eve apr\u00e8s avoir mang\u00e9, a donn\u00e9 \u00e0 Adam et tous deux ont introduit le mal, la mort et la souffrance dans leur vie car ils ont d\u00e9sob\u00e9is \u00e0 l\u2019ordre divin. Le gain facile, la richesse facile, la r\u00e9ussite sans effort, voil\u00e0 ce qui attire, qui gagne facilement les c\u0153urs. Mais pour quel r\u00e9sultat&nbsp;? Le progr\u00e8s&nbsp;? Le bonheur&nbsp;? Non&nbsp;! Ni pour soi-m\u00eame, ni pour les autres. Au contraire, lorsque nous nous fermons au discernement, nous semons le d\u00e9sordre. T\u00f4t ou tard, cela finit par devenir visible. C\u2019est cela la nudit\u00e9, la fragilit\u00e9. D\u2019o\u00f9, il faut savoir faire un discernement dans la vie pour \u00e9viter de tomber dans une maladie incurable qu\u2019est le p\u00e9ch\u00e9.<\/p>\n\n\n\n<p>Nous sommes devenus malades, paralys\u00e9s par le p\u00e9ch\u00e9, par le mal. Nous avons besoin d\u2019un rem\u00e8de, de gu\u00e9rison. Saint Paul, dans la lettre aux Romains, nous dit que la vie revient chez l\u2019homme par J\u00e9sus-Christ qui a toujours ob\u00e9i \u00e0 Dieu. \u00ab&nbsp;Par J\u00e9sus-Christ, la gr\u00e2ce de Dieu a combl\u00e9 la multitude&nbsp;\u00bb. Par J\u00e9sus-Christ, Dieu insuffle de nouveau la vie dans les narines de l\u2019homme pour que nous vivions. J\u00e9sus-Christ a r\u00e9sist\u00e9 \u00e0 la tentation de tuer la vie. Il nous a montr\u00e9 le chemin \u00e0 suivre.&nbsp; Comment a-t-il r\u00e9sist\u00e9 \u00e0 la tentation de tuer la vie&nbsp;?<\/p>\n\n\n\n<p>De l\u2019\u00e9vangile de saint Matthieu nous apprenons par l\u2019attitude de J\u00e9sus vis-\u00e0-vis du diable que nos besoins mat\u00e9riels doivent \u00eatre subordonn\u00e9s \u00e0 notre faim et soif de la parole de Dieu. Si nous voulons faire quelque chose, nous devons donc nous demander&nbsp;:qu\u2019est-ce que Dieu pense de \u00e7a&nbsp;? Est-ce que je ne suis pas trop gourment au point d\u2019affamer les autres&nbsp;?<\/p>\n\n\n\n<p>De plus,&nbsp; dans cette m\u00eame page de l\u2019\u00e9vangile, nous apprenons par l\u2019attitude de J\u00e9sus que nous devons savoir trouver le bonheur dans les limites de nos capacit\u00e9s.<\/p>\n\n\n\n<p>Quand nous disons ou faisons quelque chose, n\u2019est-ce pas que trop souvent nous cherchons \u00e0 pr\u00e9tendre pour nous faire valoir&nbsp;? Ne devrions-nous pas retrouver m\u2019humilit\u00e9 pour faire les choses normalement et bien&nbsp;?<\/p>\n\n\n\n<p>Enfin, de saint Matthieu nous apprenons, par l\u2019attitude de J\u00e9sus, que nous devons \u00e9viter de nous cr\u00e9er des idoles&nbsp;: des personnes que nous \u00e9coutons, que nous suivons pour gagner des faveurs, pour \u00e9liminer les autres, pour oublier m\u00eame Dieu notre Cr\u00e9ateur. Ainsi posons-nous cette question&nbsp;: dans notre vie, qui craignons-nous le plus&nbsp;? Les hommes ou Dieu&nbsp;? A qui recourons-nous le plus souvent&nbsp;? Aux hommes ou \u00e0 Dieu&nbsp;?<\/p>\n\n\n\n<p>Chers fr\u00e8res et s\u0153urs, disons qu\u2019en pla\u00e7ant les tentations du Christ au d\u00e9but de sa mission, la parole de Dieu nous rappellent une v\u00e9rit\u00e9 essentielle de l\u2019Ecriture&nbsp;; \u00ab&nbsp; Mon fils, si tu veux servir le Seigneur, pr\u00e9pare ton \u00e2me \u00e0 la tentation&nbsp;\u00bb (Si 2, 1). Si le Christ lui-m\u00eame a \u00e9t\u00e9 soumis \u00e0 la tentation, in n\u2019y a pas de raison que nous ne le soyons pas aussi. Mais nous gardons ferme l\u2019assurance qu\u2019en restant attach\u00e9s \u00e0 lui, nous saurons r\u00e9sister aux s\u00e9ductions du mal. C\u2019est \u00e0 cela que nous invite le temps du Car\u00eame. Que la communion au corps et au sang du Christ, nourriture du salut nous obtienne aujourd\u2019hui les forces n\u00e9cessaires pour lutter contre les s\u00e9ductions du diable en mettant Dieu au premier rang dans notre vie.<\/p>\n\n\n\n<p>Comme J\u00e9sus, et avec la gr\u00e2ce de Dieu, sachons faire le bon choix pour r\u00e9sister au diable.<\/p>\n\n\n\n<p><strong>Abb\u00e9 Jean Claude Ciza<\/strong><\/p>\n\n\n\n<p><em>Fot. Ben White\/Unsplash.com<\/em><\/p>\n","protected":false},"excerpt":{"rendered":"<p>I Dimanche de Car\u00eame<\/p>\n","protected":false},"author":5,"featured_media":2231,"comment_status":"open","ping_status":"open","sticky":false,"template":"","format":"standard","meta":{"_acf_changed":false,"_exactmetrics_skip_tracking":false,"_exactmetrics_sitenote_active":false,"_exactmetrics_sitenote_note":"","_exactmetrics_sitenote_category":0,"footnotes":""},"categories":[4,13,14],"tags":[],"class_list":["post-2230","post","type-post","status-publish","format-standard","has-post-thumbnail","hentry","category-blog","category-strona-glowna-najnowsze","category-strona-glowna-slider"],"acf":[],"yoast_head":"<!-- This site is optimized with the Yoast SEO plugin v26.2 - https:\/\/yoast.com\/wordpress\/plugins\/seo\/ -->\n<title>Dieu au premier rang dans notre vie - Centre de Documentation et d\u2019Etude du Pontificat de Jean-Paul II \u00e0 Rome<\/title>\n<meta name=\"robots\" content=\"index, follow, max-snippet:-1, max-image-preview:large, max-video-preview:-1\" \/>\n<link rel=\"canonical\" href=\"https:\/\/jp2doc.pl\/fr\/2023\/02\/26\/dieu-au-premier-rang-dans-notre-vie\/\" \/>\n<meta property=\"og:locale\" content=\"fr_FR\" \/>\n<meta property=\"og:type\" content=\"article\" \/>\n<meta property=\"og:title\" content=\"Dieu au premier rang dans notre vie - Centre de Documentation et d\u2019Etude du Pontificat de Jean-Paul II \u00e0 Rome\" \/>\n<meta property=\"og:description\" content=\"I Dimanche de Car\u00eame\" \/>\n<meta property=\"og:url\" content=\"https:\/\/jp2doc.pl\/fr\/2023\/02\/26\/dieu-au-premier-rang-dans-notre-vie\/\" \/>\n<meta property=\"og:site_name\" content=\"Centre de Documentation et d\u2019Etude du Pontificat de Jean-Paul II \u00e0 Rome\" \/>\n<meta property=\"article:published_time\" content=\"2023-02-26T09:35:36+00:00\" \/>\n<meta property=\"article:modified_time\" content=\"2023-02-26T09:35:37+00:00\" \/>\n<meta property=\"og:image\" content=\"https:\/\/jp2doc.pl\/fr\/wp-content\/uploads\/sites\/5\/2023\/02\/ben-white-xqjMjaGGhmw-unsplash.jpg\" \/>\n\t<meta property=\"og:image:width\" content=\"1920\" \/>\n\t<meta property=\"og:image:height\" content=\"1282\" \/>\n\t<meta property=\"og:image:type\" content=\"image\/jpeg\" \/>\n<meta name=\"author\" content=\"juliasercanka\" \/>\n<meta name=\"twitter:card\" content=\"summary_large_image\" \/>\n<meta name=\"twitter:label1\" content=\"\u00c9crit par\" \/>\n\t<meta name=\"twitter:data1\" content=\"juliasercanka\" \/>\n\t<meta name=\"twitter:label2\" content=\"Dur\u00e9e de lecture estim\u00e9e\" \/>\n\t<meta name=\"twitter:data2\" content=\"4 minutes\" \/>\n<script type=\"application\/ld+json\" class=\"yoast-schema-graph\">{\"@context\":\"https:\/\/schema.org\",\"@graph\":[{\"@type\":\"Article\",\"@id\":\"https:\/\/jp2doc.pl\/fr\/2023\/02\/26\/dieu-au-premier-rang-dans-notre-vie\/#article\",\"isPartOf\":{\"@id\":\"https:\/\/jp2doc.pl\/fr\/2023\/02\/26\/dieu-au-premier-rang-dans-notre-vie\/\"},\"author\":{\"name\":\"juliasercanka\",\"@id\":\"https:\/\/jp2doc.pl\/fr\/#\/schema\/person\/6110109e80abb51f6fac4824777eabfe\"},\"headline\":\"Dieu au premier rang dans notre vie\",\"datePublished\":\"2023-02-26T09:35:36+00:00\",\"dateModified\":\"2023-02-26T09:35:37+00:00\",\"mainEntityOfPage\":{\"@id\":\"https:\/\/jp2doc.pl\/fr\/2023\/02\/26\/dieu-au-premier-rang-dans-notre-vie\/\"},\"wordCount\":975,\"commentCount\":0,\"publisher\":{\"@id\":\"https:\/\/jp2doc.pl\/fr\/#organization\"},\"image\":{\"@id\":\"https:\/\/jp2doc.pl\/fr\/2023\/02\/26\/dieu-au-premier-rang-dans-notre-vie\/#primaryimage\"},\"thumbnailUrl\":\"https:\/\/jp2doc.pl\/fr\/wp-content\/uploads\/sites\/5\/2023\/02\/ben-white-xqjMjaGGhmw-unsplash.jpg\",\"articleSection\":[\"Blog\",\"Strona g\u0142\u00f3wna - najnowsze\",\"Strona g\u0142\u00f3wna - slider\"],\"inLanguage\":\"fr-FR\",\"potentialAction\":[{\"@type\":\"CommentAction\",\"name\":\"Comment\",\"target\":[\"https:\/\/jp2doc.pl\/fr\/2023\/02\/26\/dieu-au-premier-rang-dans-notre-vie\/#respond\"]}]},{\"@type\":\"WebPage\",\"@id\":\"https:\/\/jp2doc.pl\/fr\/2023\/02\/26\/dieu-au-premier-rang-dans-notre-vie\/\",\"url\":\"https:\/\/jp2doc.pl\/fr\/2023\/02\/26\/dieu-au-premier-rang-dans-notre-vie\/\",\"name\":\"Dieu au premier rang dans notre vie - Centre de Documentation et d\u2019Etude du Pontificat de Jean-Paul II \u00e0 Rome\",\"isPartOf\":{\"@id\":\"https:\/\/jp2doc.pl\/fr\/#website\"},\"primaryImageOfPage\":{\"@id\":\"https:\/\/jp2doc.pl\/fr\/2023\/02\/26\/dieu-au-premier-rang-dans-notre-vie\/#primaryimage\"},\"image\":{\"@id\":\"https:\/\/jp2doc.pl\/fr\/2023\/02\/26\/dieu-au-premier-rang-dans-notre-vie\/#primaryimage\"},\"thumbnailUrl\":\"https:\/\/jp2doc.pl\/fr\/wp-content\/uploads\/sites\/5\/2023\/02\/ben-white-xqjMjaGGhmw-unsplash.jpg\",\"datePublished\":\"2023-02-26T09:35:36+00:00\",\"dateModified\":\"2023-02-26T09:35:37+00:00\",\"breadcrumb\":{\"@id\":\"https:\/\/jp2doc.pl\/fr\/2023\/02\/26\/dieu-au-premier-rang-dans-notre-vie\/#breadcrumb\"},\"inLanguage\":\"fr-FR\",\"potentialAction\":[{\"@type\":\"ReadAction\",\"target\":[\"https:\/\/jp2doc.pl\/fr\/2023\/02\/26\/dieu-au-premier-rang-dans-notre-vie\/\"]}]},{\"@type\":\"ImageObject\",\"inLanguage\":\"fr-FR\",\"@id\":\"https:\/\/jp2doc.pl\/fr\/2023\/02\/26\/dieu-au-premier-rang-dans-notre-vie\/#primaryimage\",\"url\":\"https:\/\/jp2doc.pl\/fr\/wp-content\/uploads\/sites\/5\/2023\/02\/ben-white-xqjMjaGGhmw-unsplash.jpg\",\"contentUrl\":\"https:\/\/jp2doc.pl\/fr\/wp-content\/uploads\/sites\/5\/2023\/02\/ben-white-xqjMjaGGhmw-unsplash.jpg\",\"width\":1920,\"height\":1282},{\"@type\":\"BreadcrumbList\",\"@id\":\"https:\/\/jp2doc.pl\/fr\/2023\/02\/26\/dieu-au-premier-rang-dans-notre-vie\/#breadcrumb\",\"itemListElement\":[{\"@type\":\"ListItem\",\"position\":1,\"name\":\"Home\",\"item\":\"https:\/\/jp2doc.pl\/fr\/\"},{\"@type\":\"ListItem\",\"position\":2,\"name\":\"Dieu au premier rang dans notre vie\"}]},{\"@type\":\"WebSite\",\"@id\":\"https:\/\/jp2doc.pl\/fr\/#website\",\"url\":\"https:\/\/jp2doc.pl\/fr\/\",\"name\":\"Centre de Documentation et d\u2019Etude du Pontificat de Jean-Paul II \u00e0 Rome\",\"description\":\"\",\"publisher\":{\"@id\":\"https:\/\/jp2doc.pl\/fr\/#organization\"},\"potentialAction\":[{\"@type\":\"SearchAction\",\"target\":{\"@type\":\"EntryPoint\",\"urlTemplate\":\"https:\/\/jp2doc.pl\/fr\/?s={search_term_string}\"},\"query-input\":{\"@type\":\"PropertyValueSpecification\",\"valueRequired\":true,\"valueName\":\"search_term_string\"}}],\"inLanguage\":\"fr-FR\"},{\"@type\":\"Organization\",\"@id\":\"https:\/\/jp2doc.pl\/fr\/#organization\",\"name\":\"Centre de Documentation et d\u2019Etude du Pontificat de Jean-Paul II \u00e0 Rome\",\"url\":\"https:\/\/jp2doc.pl\/fr\/\",\"logo\":{\"@type\":\"ImageObject\",\"inLanguage\":\"fr-FR\",\"@id\":\"https:\/\/jp2doc.pl\/fr\/#\/schema\/logo\/image\/\",\"url\":\"https:\/\/jp2doc.pl\/fr\/wp-content\/uploads\/sites\/5\/2017\/03\/cropped-logo.png\",\"contentUrl\":\"https:\/\/jp2doc.pl\/fr\/wp-content\/uploads\/sites\/5\/2017\/03\/cropped-logo.png\",\"width\":115,\"height\":115,\"caption\":\"Centre de Documentation et d\u2019Etude du Pontificat de Jean-Paul II \u00e0 Rome\"},\"image\":{\"@id\":\"https:\/\/jp2doc.pl\/fr\/#\/schema\/logo\/image\/\"}},{\"@type\":\"Person\",\"@id\":\"https:\/\/jp2doc.pl\/fr\/#\/schema\/person\/6110109e80abb51f6fac4824777eabfe\",\"name\":\"juliasercanka\",\"image\":{\"@type\":\"ImageObject\",\"inLanguage\":\"fr-FR\",\"@id\":\"https:\/\/jp2doc.pl\/fr\/#\/schema\/person\/image\/\",\"url\":\"https:\/\/secure.gravatar.com\/avatar\/266a66e864556e22d55d61b6b10c97fab9060767b738564bcd109f3997e372bc?s=96&d=mm&r=g\",\"contentUrl\":\"https:\/\/secure.gravatar.com\/avatar\/266a66e864556e22d55d61b6b10c97fab9060767b738564bcd109f3997e372bc?s=96&d=mm&r=g\",\"caption\":\"juliasercanka\"},\"url\":\"https:\/\/jp2doc.pl\/fr\/author\/juliasercanka\/\"}]}<\/script>\n<!-- \/ Yoast SEO plugin. -->","yoast_head_json":{"title":"Dieu au premier rang dans notre vie - Centre de Documentation et d\u2019Etude du Pontificat de Jean-Paul II \u00e0 Rome","robots":{"index":"index","follow":"follow","max-snippet":"max-snippet:-1","max-image-preview":"max-image-preview:large","max-video-preview":"max-video-preview:-1"},"canonical":"https:\/\/jp2doc.pl\/fr\/2023\/02\/26\/dieu-au-premier-rang-dans-notre-vie\/","og_locale":"fr_FR","og_type":"article","og_title":"Dieu au premier rang dans notre vie - Centre de Documentation et d\u2019Etude du Pontificat de Jean-Paul II \u00e0 Rome","og_description":"I Dimanche de Car\u00eame","og_url":"https:\/\/jp2doc.pl\/fr\/2023\/02\/26\/dieu-au-premier-rang-dans-notre-vie\/","og_site_name":"Centre de Documentation et d\u2019Etude du Pontificat de Jean-Paul II \u00e0 Rome","article_published_time":"2023-02-26T09:35:36+00:00","article_modified_time":"2023-02-26T09:35:37+00:00","og_image":[{"width":1920,"height":1282,"url":"https:\/\/jp2doc.pl\/fr\/wp-content\/uploads\/sites\/5\/2023\/02\/ben-white-xqjMjaGGhmw-unsplash.jpg","type":"image\/jpeg"}],"author":"juliasercanka","twitter_card":"summary_large_image","twitter_misc":{"\u00c9crit par":"juliasercanka","Dur\u00e9e de lecture estim\u00e9e":"4 minutes"},"schema":{"@context":"https:\/\/schema.org","@graph":[{"@type":"Article","@id":"https:\/\/jp2doc.pl\/fr\/2023\/02\/26\/dieu-au-premier-rang-dans-notre-vie\/#article","isPartOf":{"@id":"https:\/\/jp2doc.pl\/fr\/2023\/02\/26\/dieu-au-premier-rang-dans-notre-vie\/"},"author":{"name":"juliasercanka","@id":"https:\/\/jp2doc.pl\/fr\/#\/schema\/person\/6110109e80abb51f6fac4824777eabfe"},"headline":"Dieu au premier rang dans notre vie","datePublished":"2023-02-26T09:35:36+00:00","dateModified":"2023-02-26T09:35:37+00:00","mainEntityOfPage":{"@id":"https:\/\/jp2doc.pl\/fr\/2023\/02\/26\/dieu-au-premier-rang-dans-notre-vie\/"},"wordCount":975,"commentCount":0,"publisher":{"@id":"https:\/\/jp2doc.pl\/fr\/#organization"},"image":{"@id":"https:\/\/jp2doc.pl\/fr\/2023\/02\/26\/dieu-au-premier-rang-dans-notre-vie\/#primaryimage"},"thumbnailUrl":"https:\/\/jp2doc.pl\/fr\/wp-content\/uploads\/sites\/5\/2023\/02\/ben-white-xqjMjaGGhmw-unsplash.jpg","articleSection":["Blog","Strona g\u0142\u00f3wna - najnowsze","Strona g\u0142\u00f3wna - slider"],"inLanguage":"fr-FR","potentialAction":[{"@type":"CommentAction","name":"Comment","target":["https:\/\/jp2doc.pl\/fr\/2023\/02\/26\/dieu-au-premier-rang-dans-notre-vie\/#respond"]}]},{"@type":"WebPage","@id":"https:\/\/jp2doc.pl\/fr\/2023\/02\/26\/dieu-au-premier-rang-dans-notre-vie\/","url":"https:\/\/jp2doc.pl\/fr\/2023\/02\/26\/dieu-au-premier-rang-dans-notre-vie\/","name":"Dieu au premier rang dans notre vie - Centre de Documentation et d\u2019Etude du Pontificat de Jean-Paul II \u00e0 Rome","isPartOf":{"@id":"https:\/\/jp2doc.pl\/fr\/#website"},"primaryImageOfPage":{"@id":"https:\/\/jp2doc.pl\/fr\/2023\/02\/26\/dieu-au-premier-rang-dans-notre-vie\/#primaryimage"},"image":{"@id":"https:\/\/jp2doc.pl\/fr\/2023\/02\/26\/dieu-au-premier-rang-dans-notre-vie\/#primaryimage"},"thumbnailUrl":"https:\/\/jp2doc.pl\/fr\/wp-content\/uploads\/sites\/5\/2023\/02\/ben-white-xqjMjaGGhmw-unsplash.jpg","datePublished":"2023-02-26T09:35:36+00:00","dateModified":"2023-02-26T09:35:37+00:00","breadcrumb":{"@id":"https:\/\/jp2doc.pl\/fr\/2023\/02\/26\/dieu-au-premier-rang-dans-notre-vie\/#breadcrumb"},"inLanguage":"fr-FR","potentialAction":[{"@type":"ReadAction","target":["https:\/\/jp2doc.pl\/fr\/2023\/02\/26\/dieu-au-premier-rang-dans-notre-vie\/"]}]},{"@type":"ImageObject","inLanguage":"fr-FR","@id":"https:\/\/jp2doc.pl\/fr\/2023\/02\/26\/dieu-au-premier-rang-dans-notre-vie\/#primaryimage","url":"https:\/\/jp2doc.pl\/fr\/wp-content\/uploads\/sites\/5\/2023\/02\/ben-white-xqjMjaGGhmw-unsplash.jpg","contentUrl":"https:\/\/jp2doc.pl\/fr\/wp-content\/uploads\/sites\/5\/2023\/02\/ben-white-xqjMjaGGhmw-unsplash.jpg","width":1920,"height":1282},{"@type":"BreadcrumbList","@id":"https:\/\/jp2doc.pl\/fr\/2023\/02\/26\/dieu-au-premier-rang-dans-notre-vie\/#breadcrumb","itemListElement":[{"@type":"ListItem","position":1,"name":"Home","item":"https:\/\/jp2doc.pl\/fr\/"},{"@type":"ListItem","position":2,"name":"Dieu au premier rang dans notre vie"}]},{"@type":"WebSite","@id":"https:\/\/jp2doc.pl\/fr\/#website","url":"https:\/\/jp2doc.pl\/fr\/","name":"Centre de Documentation et d\u2019Etude du Pontificat de Jean-Paul II \u00e0 Rome","description":"","publisher":{"@id":"https:\/\/jp2doc.pl\/fr\/#organization"},"potentialAction":[{"@type":"SearchAction","target":{"@type":"EntryPoint","urlTemplate":"https:\/\/jp2doc.pl\/fr\/?s={search_term_string}"},"query-input":{"@type":"PropertyValueSpecification","valueRequired":true,"valueName":"search_term_string"}}],"inLanguage":"fr-FR"},{"@type":"Organization","@id":"https:\/\/jp2doc.pl\/fr\/#organization","name":"Centre de Documentation et d\u2019Etude du Pontificat de Jean-Paul II \u00e0 Rome","url":"https:\/\/jp2doc.pl\/fr\/","logo":{"@type":"ImageObject","inLanguage":"fr-FR","@id":"https:\/\/jp2doc.pl\/fr\/#\/schema\/logo\/image\/","url":"https:\/\/jp2doc.pl\/fr\/wp-content\/uploads\/sites\/5\/2017\/03\/cropped-logo.png","contentUrl":"https:\/\/jp2doc.pl\/fr\/wp-content\/uploads\/sites\/5\/2017\/03\/cropped-logo.png","width":115,"height":115,"caption":"Centre de Documentation et d\u2019Etude du Pontificat de Jean-Paul II \u00e0 Rome"},"image":{"@id":"https:\/\/jp2doc.pl\/fr\/#\/schema\/logo\/image\/"}},{"@type":"Person","@id":"https:\/\/jp2doc.pl\/fr\/#\/schema\/person\/6110109e80abb51f6fac4824777eabfe","name":"juliasercanka","image":{"@type":"ImageObject","inLanguage":"fr-FR","@id":"https:\/\/jp2doc.pl\/fr\/#\/schema\/person\/image\/","url":"https:\/\/secure.gravatar.com\/avatar\/266a66e864556e22d55d61b6b10c97fab9060767b738564bcd109f3997e372bc?s=96&d=mm&r=g","contentUrl":"https:\/\/secure.gravatar.com\/avatar\/266a66e864556e22d55d61b6b10c97fab9060767b738564bcd109f3997e372bc?s=96&d=mm&r=g","caption":"juliasercanka"},"url":"https:\/\/jp2doc.pl\/fr\/author\/juliasercanka\/"}]}},"_links":{"self":[{"href":"https:\/\/jp2doc.pl\/fr\/wp-json\/wp\/v2\/posts\/2230","targetHints":{"allow":["GET"]}}],"collection":[{"href":"https:\/\/jp2doc.pl\/fr\/wp-json\/wp\/v2\/posts"}],"about":[{"href":"https:\/\/jp2doc.pl\/fr\/wp-json\/wp\/v2\/types\/post"}],"author":[{"embeddable":true,"href":"https:\/\/jp2doc.pl\/fr\/wp-json\/wp\/v2\/users\/5"}],"replies":[{"embeddable":true,"href":"https:\/\/jp2doc.pl\/fr\/wp-json\/wp\/v2\/comments?post=2230"}],"version-history":[{"count":1,"href":"https:\/\/jp2doc.pl\/fr\/wp-json\/wp\/v2\/posts\/2230\/revisions"}],"predecessor-version":[{"id":2232,"href":"https:\/\/jp2doc.pl\/fr\/wp-json\/wp\/v2\/posts\/2230\/revisions\/2232"}],"wp:featuredmedia":[{"embeddable":true,"href":"https:\/\/jp2doc.pl\/fr\/wp-json\/wp\/v2\/media\/2231"}],"wp:attachment":[{"href":"https:\/\/jp2doc.pl\/fr\/wp-json\/wp\/v2\/media?parent=2230"}],"wp:term":[{"taxonomy":"category","embeddable":true,"href":"https:\/\/jp2doc.pl\/fr\/wp-json\/wp\/v2\/categories?post=2230"},{"taxonomy":"post_tag","embeddable":true,"href":"https:\/\/jp2doc.pl\/fr\/wp-json\/wp\/v2\/tags?post=2230"}],"curies":[{"name":"wp","href":"https:\/\/api.w.org\/{rel}","templated":true}]}}