{"id":2240,"date":"2023-03-25T16:27:03","date_gmt":"2023-03-25T15:27:03","guid":{"rendered":"https:\/\/jp2doc.pl\/fr\/?p=2240"},"modified":"2023-03-25T16:27:04","modified_gmt":"2023-03-25T15:27:04","slug":"pour-faire-face-a-lepreuve","status":"publish","type":"post","link":"https:\/\/jp2doc.pl\/fr\/2023\/03\/25\/pour-faire-face-a-lepreuve\/","title":{"rendered":"Pour faire face \u00e0 l\u2019\u00e9preuve"},"content":{"rendered":"\n<p>Aujourd\u2019hui nous c\u00e9l\u00e9brons le cinqui\u00e8me dimanche de Car\u00eame. Apr\u00e8s la cat\u00e9ch\u00e8se baptismale de l\u2019eau (la samaritaine) et celle de la lumi\u00e8re (l\u2019aveugle de naissance), la liturgie de ce dimanche nous invite \u00e0 m\u00e9diter sur le th\u00e8me de la victoire de la vie sur la mort en nous proposant le r\u00e9cit de la r\u00e9surrection de Lazare.<\/p>\n\n\n\n<p>D\u00e9j\u00e0 dans la 1\u00e8re lecture, nous \u00e9coutons l\u2019esp\u00e9rance du triomphe sur la mort chez Ez 37, 12-14. Le proph\u00e8te annonce que le Seigneur fera \u00ab&nbsp; revivre les ossements dess\u00e9ch\u00e9s&nbsp;\u00bb en ramenant les captifs de l\u2019exil. L\u2019esprit de Dieu fera jaillir du tombeau une humanit\u00e9 nouvelle. C\u2019est une telle esp\u00e9rance que r\u00e9alise le bapt\u00eame dans la vie du chr\u00e9tien.<\/p>\n\n\n\n<p>Aussi dans la 2\u00e8me lecture, saint Paul rappelle avec enthousiasme aux Romains que tout baptis\u00e9 est habit\u00e9 par l\u2019Esprit du Seigneur qui est source de vie. Gr\u00e2ce \u00e0 lui, nous sommes vainqueurs de la mort physique, du moment qu\u2019elle ne peut pas nous s\u00e9parer de Dieu.<\/p>\n\n\n\n<p>L\u2019Evangile afin relate la r\u00e9surrection de Lazare dans une narration \u00e9mouvante, pleine de douleur mais aussi d\u2019esp\u00e9rance. M\u00e9ditons-le bri\u00e8vement en nous arr\u00eatant sur quelques \u00e9l\u00e9ments importants du texte.<\/p>\n\n\n\n<ul class=\"wp-block-list\"><li>D\u2019abord le retard de J\u00e9sus. Tout le monde s\u2019attendait \u00e0 ce qu\u2019il accoure vers Lazare, cet ami qui le recevait si volontiers dans sa maison. Curieusement, le Christ se contente de r\u00e9pondre aux envoy\u00e9s&nbsp;: \u00ab&nbsp;cette maladie ne conduit pas \u00e0 la mort&nbsp;\u00bb. Marthe va d\u2019une mani\u00e8re polie le lui reprocher en ces termes&nbsp;; \u00ab&nbsp;si tu avais \u00e9t\u00e9 l\u00e0, ton ami ne serait pas mort&nbsp;\u00bb&nbsp;!<\/li><\/ul>\n\n\n\n<p>Parfois nous aussi, dans certaines circonstances de la vie, nous avons l\u2019impression que Dieu nous abandonne. Qu\u2019il nous laisse tous seuls face \u00e0 l\u2019\u00e9preuve. St Jean \u00e0 travers cette page, veut nous montrer que toutes nos pri\u00e8res sont certes exauc\u00e9es d\u00e8s que nous les formulons, mais que c\u2019est Dieu seul qui choisit le moment et la mani\u00e8re de r\u00e9pondre \u00e0 nos supplications.&nbsp;<\/p>\n\n\n\n<p>Ainsi, le retard de Dieu, peut \u00eatre consid\u00e9r\u00e9 comme un test. Le Seigneur nous demande de continuer \u00e0 l\u2019aimer et \u00e0 lui faire confiance, m\u00eame aux heures d\u2019\u00e9preuve. Voil\u00e0 pourquoi nous devons le remercier m\u00eame si son heure tarde \u00e0 venir. Le seigneur nous aime infiniment&nbsp;; il veut notre bien&nbsp;; et si nous avons l\u2019impression qu\u2019Il tarde \u00e0 venir, \u00e0 exaucer c\u2019est pour que notre foi s\u2019affermisse.<\/p>\n\n\n\n<ul class=\"wp-block-list\"><li>Les pleurs de J\u00e9sus. Ces pleurs manifestent toute la d\u00e9licatesse, l\u2019humanit\u00e9 et la douceur de J\u00e9sus. Ils sont signe de la grande amiti\u00e9 qui le lie \u00e0 Lazare et \u00e0 sa famille. J\u00e9sus nous manifeste sa tendresse \u00e0 tout instant quand nous recourons \u00e0 lui, c\u2019est question d\u2019avoir foi et d\u2019esp\u00e9rer \u00e0 lui comme Marthe et Marie dans les moments difficiles.<\/li><li>La d\u00e9claration de J\u00e9sus&nbsp;: \u00ab&nbsp;je suis la r\u00e9surrection et la vie&nbsp;\u00bb. cette d\u00e9claration nous fait comprendre qu\u2019Il est victorieux de la mort et qu\u2019il d\u00e9tient un pouvoir r\u00e9serv\u00e9 \u00e0 Dieu seul&nbsp;: \u00ab&nbsp;moi je suis la r\u00e9surrection et la vie, celui qui croit en moi, m\u00eame s\u2019il meurt, vivra, et tout homme qui vit et croit en moi, ne mourra jamais&nbsp;\u00bb.<\/li><li>Lazare, J\u00e9sus et nous. Par cette r\u00e9surrection, c\u2019est donc une nouvelle vie qui commence par lui, une vie qu\u2019il promet \u00e0 tous ceux qui seront unis \u00e0 lui dans le myst\u00e8re de sa P\u00e2ques.<\/li><\/ul>\n\n\n\n<p>Disons avec saint Paul\u00a0: si le Christ est en vous, bien que le corps soit mort d\u00e9j\u00e0 en raison du p\u00e9ch\u00e9, l\u2019Esprit est vie en raison de la justice. Et si l\u2019esprit de celui qui a ressuscit\u00e9 le Christ d\u2019entre les morts habite en vous, celui qui a ressuscit\u00e9 le Christ J\u00e9sus d\u2019entre les morts donnera aussi la vie \u00e0 vos corps mortels par son Esprit qui habite en vous\u00a0\u00bb Rm 8, 1\u00e0-11. Telle est notre esp\u00e9rance\u00a0! qu\u2019il nous donne par cette eucharistie, la vie qu\u2019il poss\u00e8de en pl\u00e9nitude et fasse grandir notre foi et notre esp\u00e9rance en lui seul. \u00a0\u00a0\u00a0\u00a0\u00a0\u00a0\u00a0\u00a0\u00a0\u00a0\u00a0\u00a0\u00a0\u00a0\u00a0<\/p>\n\n\n\n<p> P\u00e8re Jean Claude Ciza<\/p>\n","protected":false},"excerpt":{"rendered":"<p>V Dimanche de Car\u00eame<\/p>\n","protected":false},"author":5,"featured_media":1400,"comment_status":"open","ping_status":"open","sticky":false,"template":"","format":"standard","meta":{"_acf_changed":false,"_exactmetrics_skip_tracking":false,"_exactmetrics_sitenote_active":false,"_exactmetrics_sitenote_note":"","_exactmetrics_sitenote_category":0,"footnotes":""},"categories":[4,13,14],"tags":[],"class_list":["post-2240","post","type-post","status-publish","format-standard","has-post-thumbnail","hentry","category-blog","category-strona-glowna-najnowsze","category-strona-glowna-slider"],"acf":[],"yoast_head":"<!-- This site is optimized with the Yoast SEO plugin v26.2 - https:\/\/yoast.com\/wordpress\/plugins\/seo\/ -->\n<title>Pour faire face \u00e0 l\u2019\u00e9preuve - Centre de Documentation et d\u2019Etude du Pontificat de Jean-Paul II \u00e0 Rome<\/title>\n<meta name=\"description\" content=\"V Dimanche de Car\u00eame\" \/>\n<meta name=\"robots\" content=\"index, follow, max-snippet:-1, max-image-preview:large, max-video-preview:-1\" \/>\n<link rel=\"canonical\" href=\"https:\/\/jp2doc.pl\/fr\/2023\/03\/25\/pour-faire-face-a-lepreuve\/\" \/>\n<meta property=\"og:locale\" content=\"fr_FR\" \/>\n<meta property=\"og:type\" content=\"article\" \/>\n<meta property=\"og:title\" content=\"Pour faire face \u00e0 l\u2019\u00e9preuve - Centre de Documentation et d\u2019Etude du Pontificat de Jean-Paul II \u00e0 Rome\" \/>\n<meta property=\"og:description\" content=\"V Dimanche de Car\u00eame\" \/>\n<meta property=\"og:url\" content=\"https:\/\/jp2doc.pl\/fr\/2023\/03\/25\/pour-faire-face-a-lepreuve\/\" \/>\n<meta property=\"og:site_name\" content=\"Centre de Documentation et d\u2019Etude du Pontificat de Jean-Paul II \u00e0 Rome\" \/>\n<meta property=\"article:published_time\" content=\"2023-03-25T15:27:03+00:00\" \/>\n<meta property=\"article:modified_time\" content=\"2023-03-25T15:27:04+00:00\" \/>\n<meta property=\"og:image\" content=\"https:\/\/jp2doc.pl\/fr\/wp-content\/uploads\/sites\/5\/2018\/06\/pexels-photo-725255.jpeg\" \/>\n\t<meta property=\"og:image:width\" content=\"1280\" \/>\n\t<meta property=\"og:image:height\" content=\"960\" \/>\n\t<meta property=\"og:image:type\" content=\"image\/jpeg\" \/>\n<meta name=\"author\" content=\"juliasercanka\" \/>\n<meta name=\"twitter:card\" content=\"summary_large_image\" \/>\n<meta name=\"twitter:label1\" content=\"\u00c9crit par\" \/>\n\t<meta name=\"twitter:data1\" content=\"juliasercanka\" \/>\n\t<meta name=\"twitter:label2\" content=\"Dur\u00e9e de lecture estim\u00e9e\" \/>\n\t<meta name=\"twitter:data2\" content=\"3 minutes\" \/>\n<script type=\"application\/ld+json\" class=\"yoast-schema-graph\">{\"@context\":\"https:\/\/schema.org\",\"@graph\":[{\"@type\":\"Article\",\"@id\":\"https:\/\/jp2doc.pl\/fr\/2023\/03\/25\/pour-faire-face-a-lepreuve\/#article\",\"isPartOf\":{\"@id\":\"https:\/\/jp2doc.pl\/fr\/2023\/03\/25\/pour-faire-face-a-lepreuve\/\"},\"author\":{\"name\":\"juliasercanka\",\"@id\":\"https:\/\/jp2doc.pl\/fr\/#\/schema\/person\/6110109e80abb51f6fac4824777eabfe\"},\"headline\":\"Pour faire face \u00e0 l\u2019\u00e9preuve\",\"datePublished\":\"2023-03-25T15:27:03+00:00\",\"dateModified\":\"2023-03-25T15:27:04+00:00\",\"mainEntityOfPage\":{\"@id\":\"https:\/\/jp2doc.pl\/fr\/2023\/03\/25\/pour-faire-face-a-lepreuve\/\"},\"wordCount\":744,\"commentCount\":0,\"publisher\":{\"@id\":\"https:\/\/jp2doc.pl\/fr\/#organization\"},\"image\":{\"@id\":\"https:\/\/jp2doc.pl\/fr\/2023\/03\/25\/pour-faire-face-a-lepreuve\/#primaryimage\"},\"thumbnailUrl\":\"https:\/\/jp2doc.pl\/fr\/wp-content\/uploads\/sites\/5\/2018\/06\/pexels-photo-725255.jpeg\",\"articleSection\":[\"Blog\",\"Strona g\u0142\u00f3wna - najnowsze\",\"Strona g\u0142\u00f3wna - slider\"],\"inLanguage\":\"fr-FR\",\"potentialAction\":[{\"@type\":\"CommentAction\",\"name\":\"Comment\",\"target\":[\"https:\/\/jp2doc.pl\/fr\/2023\/03\/25\/pour-faire-face-a-lepreuve\/#respond\"]}]},{\"@type\":\"WebPage\",\"@id\":\"https:\/\/jp2doc.pl\/fr\/2023\/03\/25\/pour-faire-face-a-lepreuve\/\",\"url\":\"https:\/\/jp2doc.pl\/fr\/2023\/03\/25\/pour-faire-face-a-lepreuve\/\",\"name\":\"Pour faire face \u00e0 l\u2019\u00e9preuve - Centre de Documentation et d\u2019Etude du Pontificat de Jean-Paul II \u00e0 Rome\",\"isPartOf\":{\"@id\":\"https:\/\/jp2doc.pl\/fr\/#website\"},\"primaryImageOfPage\":{\"@id\":\"https:\/\/jp2doc.pl\/fr\/2023\/03\/25\/pour-faire-face-a-lepreuve\/#primaryimage\"},\"image\":{\"@id\":\"https:\/\/jp2doc.pl\/fr\/2023\/03\/25\/pour-faire-face-a-lepreuve\/#primaryimage\"},\"thumbnailUrl\":\"https:\/\/jp2doc.pl\/fr\/wp-content\/uploads\/sites\/5\/2018\/06\/pexels-photo-725255.jpeg\",\"datePublished\":\"2023-03-25T15:27:03+00:00\",\"dateModified\":\"2023-03-25T15:27:04+00:00\",\"description\":\"V Dimanche de Car\u00eame\",\"breadcrumb\":{\"@id\":\"https:\/\/jp2doc.pl\/fr\/2023\/03\/25\/pour-faire-face-a-lepreuve\/#breadcrumb\"},\"inLanguage\":\"fr-FR\",\"potentialAction\":[{\"@type\":\"ReadAction\",\"target\":[\"https:\/\/jp2doc.pl\/fr\/2023\/03\/25\/pour-faire-face-a-lepreuve\/\"]}]},{\"@type\":\"ImageObject\",\"inLanguage\":\"fr-FR\",\"@id\":\"https:\/\/jp2doc.pl\/fr\/2023\/03\/25\/pour-faire-face-a-lepreuve\/#primaryimage\",\"url\":\"https:\/\/jp2doc.pl\/fr\/wp-content\/uploads\/sites\/5\/2018\/06\/pexels-photo-725255.jpeg\",\"contentUrl\":\"https:\/\/jp2doc.pl\/fr\/wp-content\/uploads\/sites\/5\/2018\/06\/pexels-photo-725255.jpeg\",\"width\":1280,\"height\":960,\"caption\":\"Photo by Nina Uhl\u00edkov\u00e1 from Pexels\"},{\"@type\":\"BreadcrumbList\",\"@id\":\"https:\/\/jp2doc.pl\/fr\/2023\/03\/25\/pour-faire-face-a-lepreuve\/#breadcrumb\",\"itemListElement\":[{\"@type\":\"ListItem\",\"position\":1,\"name\":\"Home\",\"item\":\"https:\/\/jp2doc.pl\/fr\/\"},{\"@type\":\"ListItem\",\"position\":2,\"name\":\"Pour faire face \u00e0 l\u2019\u00e9preuve\"}]},{\"@type\":\"WebSite\",\"@id\":\"https:\/\/jp2doc.pl\/fr\/#website\",\"url\":\"https:\/\/jp2doc.pl\/fr\/\",\"name\":\"Centre de Documentation et d\u2019Etude du Pontificat de Jean-Paul II \u00e0 Rome\",\"description\":\"\",\"publisher\":{\"@id\":\"https:\/\/jp2doc.pl\/fr\/#organization\"},\"potentialAction\":[{\"@type\":\"SearchAction\",\"target\":{\"@type\":\"EntryPoint\",\"urlTemplate\":\"https:\/\/jp2doc.pl\/fr\/?s={search_term_string}\"},\"query-input\":{\"@type\":\"PropertyValueSpecification\",\"valueRequired\":true,\"valueName\":\"search_term_string\"}}],\"inLanguage\":\"fr-FR\"},{\"@type\":\"Organization\",\"@id\":\"https:\/\/jp2doc.pl\/fr\/#organization\",\"name\":\"Centre de Documentation et d\u2019Etude du Pontificat de Jean-Paul II \u00e0 Rome\",\"url\":\"https:\/\/jp2doc.pl\/fr\/\",\"logo\":{\"@type\":\"ImageObject\",\"inLanguage\":\"fr-FR\",\"@id\":\"https:\/\/jp2doc.pl\/fr\/#\/schema\/logo\/image\/\",\"url\":\"https:\/\/jp2doc.pl\/fr\/wp-content\/uploads\/sites\/5\/2017\/03\/cropped-logo.png\",\"contentUrl\":\"https:\/\/jp2doc.pl\/fr\/wp-content\/uploads\/sites\/5\/2017\/03\/cropped-logo.png\",\"width\":115,\"height\":115,\"caption\":\"Centre de Documentation et d\u2019Etude du Pontificat de Jean-Paul II \u00e0 Rome\"},\"image\":{\"@id\":\"https:\/\/jp2doc.pl\/fr\/#\/schema\/logo\/image\/\"}},{\"@type\":\"Person\",\"@id\":\"https:\/\/jp2doc.pl\/fr\/#\/schema\/person\/6110109e80abb51f6fac4824777eabfe\",\"name\":\"juliasercanka\",\"image\":{\"@type\":\"ImageObject\",\"inLanguage\":\"fr-FR\",\"@id\":\"https:\/\/jp2doc.pl\/fr\/#\/schema\/person\/image\/\",\"url\":\"https:\/\/secure.gravatar.com\/avatar\/266a66e864556e22d55d61b6b10c97fab9060767b738564bcd109f3997e372bc?s=96&d=mm&r=g\",\"contentUrl\":\"https:\/\/secure.gravatar.com\/avatar\/266a66e864556e22d55d61b6b10c97fab9060767b738564bcd109f3997e372bc?s=96&d=mm&r=g\",\"caption\":\"juliasercanka\"},\"url\":\"https:\/\/jp2doc.pl\/fr\/author\/juliasercanka\/\"}]}<\/script>\n<!-- \/ Yoast SEO plugin. -->","yoast_head_json":{"title":"Pour faire face \u00e0 l\u2019\u00e9preuve - Centre de Documentation et d\u2019Etude du Pontificat de Jean-Paul II \u00e0 Rome","description":"V Dimanche de Car\u00eame","robots":{"index":"index","follow":"follow","max-snippet":"max-snippet:-1","max-image-preview":"max-image-preview:large","max-video-preview":"max-video-preview:-1"},"canonical":"https:\/\/jp2doc.pl\/fr\/2023\/03\/25\/pour-faire-face-a-lepreuve\/","og_locale":"fr_FR","og_type":"article","og_title":"Pour faire face \u00e0 l\u2019\u00e9preuve - Centre de Documentation et d\u2019Etude du Pontificat de Jean-Paul II \u00e0 Rome","og_description":"V Dimanche de Car\u00eame","og_url":"https:\/\/jp2doc.pl\/fr\/2023\/03\/25\/pour-faire-face-a-lepreuve\/","og_site_name":"Centre de Documentation et d\u2019Etude du Pontificat de Jean-Paul II \u00e0 Rome","article_published_time":"2023-03-25T15:27:03+00:00","article_modified_time":"2023-03-25T15:27:04+00:00","og_image":[{"width":1280,"height":960,"url":"https:\/\/jp2doc.pl\/fr\/wp-content\/uploads\/sites\/5\/2018\/06\/pexels-photo-725255.jpeg","type":"image\/jpeg"}],"author":"juliasercanka","twitter_card":"summary_large_image","twitter_misc":{"\u00c9crit par":"juliasercanka","Dur\u00e9e de lecture estim\u00e9e":"3 minutes"},"schema":{"@context":"https:\/\/schema.org","@graph":[{"@type":"Article","@id":"https:\/\/jp2doc.pl\/fr\/2023\/03\/25\/pour-faire-face-a-lepreuve\/#article","isPartOf":{"@id":"https:\/\/jp2doc.pl\/fr\/2023\/03\/25\/pour-faire-face-a-lepreuve\/"},"author":{"name":"juliasercanka","@id":"https:\/\/jp2doc.pl\/fr\/#\/schema\/person\/6110109e80abb51f6fac4824777eabfe"},"headline":"Pour faire face \u00e0 l\u2019\u00e9preuve","datePublished":"2023-03-25T15:27:03+00:00","dateModified":"2023-03-25T15:27:04+00:00","mainEntityOfPage":{"@id":"https:\/\/jp2doc.pl\/fr\/2023\/03\/25\/pour-faire-face-a-lepreuve\/"},"wordCount":744,"commentCount":0,"publisher":{"@id":"https:\/\/jp2doc.pl\/fr\/#organization"},"image":{"@id":"https:\/\/jp2doc.pl\/fr\/2023\/03\/25\/pour-faire-face-a-lepreuve\/#primaryimage"},"thumbnailUrl":"https:\/\/jp2doc.pl\/fr\/wp-content\/uploads\/sites\/5\/2018\/06\/pexels-photo-725255.jpeg","articleSection":["Blog","Strona g\u0142\u00f3wna - najnowsze","Strona g\u0142\u00f3wna - slider"],"inLanguage":"fr-FR","potentialAction":[{"@type":"CommentAction","name":"Comment","target":["https:\/\/jp2doc.pl\/fr\/2023\/03\/25\/pour-faire-face-a-lepreuve\/#respond"]}]},{"@type":"WebPage","@id":"https:\/\/jp2doc.pl\/fr\/2023\/03\/25\/pour-faire-face-a-lepreuve\/","url":"https:\/\/jp2doc.pl\/fr\/2023\/03\/25\/pour-faire-face-a-lepreuve\/","name":"Pour faire face \u00e0 l\u2019\u00e9preuve - Centre de Documentation et d\u2019Etude du Pontificat de Jean-Paul II \u00e0 Rome","isPartOf":{"@id":"https:\/\/jp2doc.pl\/fr\/#website"},"primaryImageOfPage":{"@id":"https:\/\/jp2doc.pl\/fr\/2023\/03\/25\/pour-faire-face-a-lepreuve\/#primaryimage"},"image":{"@id":"https:\/\/jp2doc.pl\/fr\/2023\/03\/25\/pour-faire-face-a-lepreuve\/#primaryimage"},"thumbnailUrl":"https:\/\/jp2doc.pl\/fr\/wp-content\/uploads\/sites\/5\/2018\/06\/pexels-photo-725255.jpeg","datePublished":"2023-03-25T15:27:03+00:00","dateModified":"2023-03-25T15:27:04+00:00","description":"V Dimanche de Car\u00eame","breadcrumb":{"@id":"https:\/\/jp2doc.pl\/fr\/2023\/03\/25\/pour-faire-face-a-lepreuve\/#breadcrumb"},"inLanguage":"fr-FR","potentialAction":[{"@type":"ReadAction","target":["https:\/\/jp2doc.pl\/fr\/2023\/03\/25\/pour-faire-face-a-lepreuve\/"]}]},{"@type":"ImageObject","inLanguage":"fr-FR","@id":"https:\/\/jp2doc.pl\/fr\/2023\/03\/25\/pour-faire-face-a-lepreuve\/#primaryimage","url":"https:\/\/jp2doc.pl\/fr\/wp-content\/uploads\/sites\/5\/2018\/06\/pexels-photo-725255.jpeg","contentUrl":"https:\/\/jp2doc.pl\/fr\/wp-content\/uploads\/sites\/5\/2018\/06\/pexels-photo-725255.jpeg","width":1280,"height":960,"caption":"Photo by Nina Uhl\u00edkov\u00e1 from Pexels"},{"@type":"BreadcrumbList","@id":"https:\/\/jp2doc.pl\/fr\/2023\/03\/25\/pour-faire-face-a-lepreuve\/#breadcrumb","itemListElement":[{"@type":"ListItem","position":1,"name":"Home","item":"https:\/\/jp2doc.pl\/fr\/"},{"@type":"ListItem","position":2,"name":"Pour faire face \u00e0 l\u2019\u00e9preuve"}]},{"@type":"WebSite","@id":"https:\/\/jp2doc.pl\/fr\/#website","url":"https:\/\/jp2doc.pl\/fr\/","name":"Centre de Documentation et d\u2019Etude du Pontificat de Jean-Paul II \u00e0 Rome","description":"","publisher":{"@id":"https:\/\/jp2doc.pl\/fr\/#organization"},"potentialAction":[{"@type":"SearchAction","target":{"@type":"EntryPoint","urlTemplate":"https:\/\/jp2doc.pl\/fr\/?s={search_term_string}"},"query-input":{"@type":"PropertyValueSpecification","valueRequired":true,"valueName":"search_term_string"}}],"inLanguage":"fr-FR"},{"@type":"Organization","@id":"https:\/\/jp2doc.pl\/fr\/#organization","name":"Centre de Documentation et d\u2019Etude du Pontificat de Jean-Paul II \u00e0 Rome","url":"https:\/\/jp2doc.pl\/fr\/","logo":{"@type":"ImageObject","inLanguage":"fr-FR","@id":"https:\/\/jp2doc.pl\/fr\/#\/schema\/logo\/image\/","url":"https:\/\/jp2doc.pl\/fr\/wp-content\/uploads\/sites\/5\/2017\/03\/cropped-logo.png","contentUrl":"https:\/\/jp2doc.pl\/fr\/wp-content\/uploads\/sites\/5\/2017\/03\/cropped-logo.png","width":115,"height":115,"caption":"Centre de Documentation et d\u2019Etude du Pontificat de Jean-Paul II \u00e0 Rome"},"image":{"@id":"https:\/\/jp2doc.pl\/fr\/#\/schema\/logo\/image\/"}},{"@type":"Person","@id":"https:\/\/jp2doc.pl\/fr\/#\/schema\/person\/6110109e80abb51f6fac4824777eabfe","name":"juliasercanka","image":{"@type":"ImageObject","inLanguage":"fr-FR","@id":"https:\/\/jp2doc.pl\/fr\/#\/schema\/person\/image\/","url":"https:\/\/secure.gravatar.com\/avatar\/266a66e864556e22d55d61b6b10c97fab9060767b738564bcd109f3997e372bc?s=96&d=mm&r=g","contentUrl":"https:\/\/secure.gravatar.com\/avatar\/266a66e864556e22d55d61b6b10c97fab9060767b738564bcd109f3997e372bc?s=96&d=mm&r=g","caption":"juliasercanka"},"url":"https:\/\/jp2doc.pl\/fr\/author\/juliasercanka\/"}]}},"_links":{"self":[{"href":"https:\/\/jp2doc.pl\/fr\/wp-json\/wp\/v2\/posts\/2240","targetHints":{"allow":["GET"]}}],"collection":[{"href":"https:\/\/jp2doc.pl\/fr\/wp-json\/wp\/v2\/posts"}],"about":[{"href":"https:\/\/jp2doc.pl\/fr\/wp-json\/wp\/v2\/types\/post"}],"author":[{"embeddable":true,"href":"https:\/\/jp2doc.pl\/fr\/wp-json\/wp\/v2\/users\/5"}],"replies":[{"embeddable":true,"href":"https:\/\/jp2doc.pl\/fr\/wp-json\/wp\/v2\/comments?post=2240"}],"version-history":[{"count":1,"href":"https:\/\/jp2doc.pl\/fr\/wp-json\/wp\/v2\/posts\/2240\/revisions"}],"predecessor-version":[{"id":2241,"href":"https:\/\/jp2doc.pl\/fr\/wp-json\/wp\/v2\/posts\/2240\/revisions\/2241"}],"wp:featuredmedia":[{"embeddable":true,"href":"https:\/\/jp2doc.pl\/fr\/wp-json\/wp\/v2\/media\/1400"}],"wp:attachment":[{"href":"https:\/\/jp2doc.pl\/fr\/wp-json\/wp\/v2\/media?parent=2240"}],"wp:term":[{"taxonomy":"category","embeddable":true,"href":"https:\/\/jp2doc.pl\/fr\/wp-json\/wp\/v2\/categories?post=2240"},{"taxonomy":"post_tag","embeddable":true,"href":"https:\/\/jp2doc.pl\/fr\/wp-json\/wp\/v2\/tags?post=2240"}],"curies":[{"name":"wp","href":"https:\/\/api.w.org\/{rel}","templated":true}]}}