{"id":2242,"date":"2023-04-06T19:20:15","date_gmt":"2023-04-06T17:20:15","guid":{"rendered":"https:\/\/jp2doc.pl\/fr\/?p=2242"},"modified":"2023-04-06T19:20:16","modified_gmt":"2023-04-06T17:20:16","slug":"lamour-de-dieu-pour-lhumanite","status":"publish","type":"post","link":"https:\/\/jp2doc.pl\/fr\/2023\/04\/06\/lamour-de-dieu-pour-lhumanite\/","title":{"rendered":"L\u2019amour de Dieu pour l\u2019humanit\u00e9"},"content":{"rendered":"\n<p>Textes: Ex 12, 1-8. 11-14&nbsp;; 1Co 11&nbsp;, 23-26&nbsp;; Jn 13, 1-15.&nbsp;<\/p>\n\n\n\n<p>Biens aim\u00e9s de Dieu, en cette c\u00e9l\u00e9bration, nous sommes invit\u00e9 \u00e0 m\u00e9dit\u00e9 sur le \u00ab\u00a0myst\u00e8re de l\u2019Eucharistie\u00a0\u00bb. C\u2019est aujourd\u2019hui que commence le \u00ab\u00a0Triduum Pascal\u00a0\u00bb, durant lequel l\u2019Eglise revivra avec d\u00e9votion les trois derniers jours de la vie terrestre de J\u00e9sus. En ce jeudi, elle comm\u00e9more, au cours de cette c\u00e9l\u00e9bration m\u00eame, l\u2019institution de l\u2019Eucharistie, la naissance du sacerdoce et \u00ab\u00a0mandement du service\u00a0\u00bb.\u00a0\u00a0<\/p>\n\n\n\n<p>En effet, avant de quitter ce monde pour rejoindre son P\u00e8re, J\u00e9sus laisse \u00e0 ses disciples et \u00e0 nous aujourd\u2019hui le testament de l\u2019amour qu\u2019il illustre par ces trois dons&nbsp;: l\u2019eucharistie, le sacerdoce minist\u00e9riel et le service. Il existe donc un lien indissociable entre ces trois dons qui ont pour but de faire grandir l\u2019amour m\u00eame de Dieu pour l\u2019humanit\u00e9. Ainsi, nous avons pour notre m\u00e9ditation trois points \u00e0 savoir&nbsp;: le lavement des pieds&nbsp;; l\u2019Eucharistie et le sacerdoce.<\/p>\n\n\n\n<p><strong>Le lavement des pieds<\/strong><\/p>\n\n\n\n<p>C\u2019est un geste que le Christ pose devant ses ap\u00f4tres au beau milieu du repas. Un geste d\u2019humiliation que m\u00eame l\u2019esclave ne pouvait pas poser \u00e0 l\u2019\u00e9gard de son ma\u00eetre. L\u2019on comprend alors le refus de Pierre devant son ma\u00eetre. Il est \u00e9vident que le lavement de pieds ne dit pas seulement ce que J\u00e9sus fait pour ses disciples. Il r\u00e9v\u00e8le ce qu\u2019est Dieu pour l\u2019homme. Le Tout Puissant en s\u2019abaissant, en s\u2019humiliant, se fait tout semblable au dernier des hommes pour n\u2019en perdre aucun. Ce geste n\u2019est pas facultatif pour J\u00e9sus, mais plut\u00f4t une condition pour avoir part au Royaume. Pour J\u00e9sus, il n\u2019y a pas de v\u00e9ritable amour qui ne se transforme en service. L\u2019amour fraternel et l\u2019abaissement de soi, doivent ainsi devenir des expressions concr\u00e8tes de notre union \u00e0 Dieu.&nbsp;<\/p>\n\n\n\n<p><strong>L\u2019Eucharistie<\/strong><\/p>\n\n\n\n<p>D\u2019apr\u00e8s les Evangiles synoptiques, J\u00e9sus a c\u00e9l\u00e9br\u00e9 la P\u00e2que au cours de la derni\u00e8re C\u00e8ne en offrant \u00e0 ses disciples le don de son Corps et de son Sang en remplacement du repas pascal juif. Ce que J\u00e9sus r\u00e9alise sous les signes sacramentels du pain et du vin sera achev\u00e9 par le don supr\u00eame de sa vie, sur la colline du Calvaire. Pour nous, l\u2019Eucharistie est alors un tr\u00e9sor le plus pr\u00e9cieux par lequel s\u2019op\u00e8re le salut de l\u2019humanit\u00e9. C\u2019est elle qui fait l\u2019Eglise, elle est notre fiert\u00e9. Selon le Concile Vatican II&nbsp;; \u00ab&nbsp;l\u2019Eglise fait l\u2019Eucharistie et l\u2019Eucharistie fait l\u2019Eglise&nbsp;\u00bb.<\/p>\n\n\n\n<p>Toute la vie de l\u2019Eglise est orient\u00e9e vers ce sacrement par excellence qui unit le fid\u00e8le au Christ et lui donne l\u2019\u00e9nergie n\u00e9cessaire pour remplir sa mission dans le monde.&nbsp;<\/p>\n\n\n\n<p><strong>Le sacerdoce<\/strong><\/p>\n\n\n\n<p>La dignit\u00e9 du sacerdoce d\u00e9rive essentiellement de l\u2019identit\u00e9 que le pr\u00eatre re\u00e7oit du Christ et non de ses m\u00e9rites personnels. Choisi et consacr\u00e9 pour \u00eatre \u00ab&nbsp;Alter Christus&nbsp;\u00bb, le pr\u00eatre ne remplit r\u00e9ellement sa mission qu\u2019en vivant comme son Ma\u00eetre. Il est un myst\u00e8re pour lui-m\u00eame, un m\u00e9diateur entre l\u2019homme et Dieu, un t\u00e9moin de l\u2019amour qui va jusqu\u2019au don total de soi. Aidons les pr\u00eatres \u00e0 r\u00e9aliser leur mission et leur identit\u00e9 au milieu de ce monde.<\/p>\n\n\n\n<p>Prions beaucoup pour les pr\u00eatres en ce jour de f\u00eate\u00a0; afin qu\u2019ils aient le courage d\u2019imiter le Christ jusqu\u2019au don de leur vie. Que chacun de nous soit humble pour servir les autres \u00e0 l\u2019exemple du Christ qui s\u2019est fait moins qu\u2019un esclave en lavant les pieds de ses ap\u00f4tres et que l\u2019Eucharistie que nous c\u00e9l\u00e9brons chaque jour , nous donne plus des forces pour servir Dieu \u00e0 travers nos fr\u00e8res et s\u0153urs et nous obtienne le salut \u00e9ternel.\u00a0<\/p>\n\n\n\n<p><strong>Abb\u00e9 Jean Claude CIZA<\/strong><\/p>\n","protected":false},"excerpt":{"rendered":"<p>Jeudi Saint<\/p>\n","protected":false},"author":6,"featured_media":1196,"comment_status":"open","ping_status":"open","sticky":false,"template":"","format":"standard","meta":{"_acf_changed":false,"_exactmetrics_skip_tracking":false,"_exactmetrics_sitenote_active":false,"_exactmetrics_sitenote_note":"","_exactmetrics_sitenote_category":0,"footnotes":""},"categories":[4,13,14],"tags":[],"class_list":["post-2242","post","type-post","status-publish","format-standard","has-post-thumbnail","hentry","category-blog","category-strona-glowna-najnowsze","category-strona-glowna-slider"],"acf":[],"yoast_head":"<!-- This site is optimized with the Yoast SEO plugin v26.2 - https:\/\/yoast.com\/wordpress\/plugins\/seo\/ -->\n<title>L\u2019amour de Dieu pour l\u2019humanit\u00e9 - Centre de Documentation et d\u2019Etude du Pontificat de Jean-Paul II \u00e0 Rome<\/title>\n<meta name=\"description\" content=\"Jeudi Saint\" \/>\n<meta name=\"robots\" content=\"index, follow, max-snippet:-1, max-image-preview:large, max-video-preview:-1\" \/>\n<link rel=\"canonical\" href=\"https:\/\/jp2doc.pl\/fr\/2023\/04\/06\/lamour-de-dieu-pour-lhumanite\/\" \/>\n<meta property=\"og:locale\" content=\"fr_FR\" \/>\n<meta property=\"og:type\" content=\"article\" \/>\n<meta property=\"og:title\" content=\"L\u2019amour de Dieu pour l\u2019humanit\u00e9 - Centre de Documentation et d\u2019Etude du Pontificat de Jean-Paul II \u00e0 Rome\" \/>\n<meta property=\"og:description\" content=\"Jeudi Saint\" \/>\n<meta property=\"og:url\" content=\"https:\/\/jp2doc.pl\/fr\/2023\/04\/06\/lamour-de-dieu-pour-lhumanite\/\" \/>\n<meta property=\"og:site_name\" content=\"Centre de Documentation et d\u2019Etude du Pontificat de Jean-Paul II \u00e0 Rome\" \/>\n<meta property=\"article:published_time\" content=\"2023-04-06T17:20:15+00:00\" \/>\n<meta property=\"article:modified_time\" content=\"2023-04-06T17:20:16+00:00\" \/>\n<meta property=\"og:image\" content=\"https:\/\/jp2doc.pl\/fr\/wp-content\/uploads\/sites\/5\/2017\/06\/jesus-2149897_1280-e1497698800510.jpg\" \/>\n\t<meta property=\"og:image:width\" content=\"1238\" \/>\n\t<meta property=\"og:image:height\" content=\"784\" \/>\n\t<meta property=\"og:image:type\" content=\"image\/jpeg\" \/>\n<meta name=\"author\" content=\"adobrzynski\" \/>\n<meta name=\"twitter:card\" content=\"summary_large_image\" \/>\n<meta name=\"twitter:label1\" content=\"\u00c9crit par\" \/>\n\t<meta name=\"twitter:data1\" content=\"adobrzynski\" \/>\n\t<meta name=\"twitter:label2\" content=\"Dur\u00e9e de lecture estim\u00e9e\" \/>\n\t<meta name=\"twitter:data2\" content=\"3 minutes\" \/>\n<script type=\"application\/ld+json\" class=\"yoast-schema-graph\">{\"@context\":\"https:\/\/schema.org\",\"@graph\":[{\"@type\":\"Article\",\"@id\":\"https:\/\/jp2doc.pl\/fr\/2023\/04\/06\/lamour-de-dieu-pour-lhumanite\/#article\",\"isPartOf\":{\"@id\":\"https:\/\/jp2doc.pl\/fr\/2023\/04\/06\/lamour-de-dieu-pour-lhumanite\/\"},\"author\":{\"name\":\"adobrzynski\",\"@id\":\"https:\/\/jp2doc.pl\/fr\/#\/schema\/person\/f1a6804b6b9f176835bf67cba35c4212\"},\"headline\":\"L\u2019amour de Dieu pour l\u2019humanit\u00e9\",\"datePublished\":\"2023-04-06T17:20:15+00:00\",\"dateModified\":\"2023-04-06T17:20:16+00:00\",\"mainEntityOfPage\":{\"@id\":\"https:\/\/jp2doc.pl\/fr\/2023\/04\/06\/lamour-de-dieu-pour-lhumanite\/\"},\"wordCount\":704,\"commentCount\":0,\"publisher\":{\"@id\":\"https:\/\/jp2doc.pl\/fr\/#organization\"},\"image\":{\"@id\":\"https:\/\/jp2doc.pl\/fr\/2023\/04\/06\/lamour-de-dieu-pour-lhumanite\/#primaryimage\"},\"thumbnailUrl\":\"https:\/\/jp2doc.pl\/fr\/wp-content\/uploads\/sites\/5\/2017\/06\/jesus-2149897_1280-e1497698800510.jpg\",\"articleSection\":[\"Blog\",\"Strona g\u0142\u00f3wna - najnowsze\",\"Strona g\u0142\u00f3wna - slider\"],\"inLanguage\":\"fr-FR\",\"potentialAction\":[{\"@type\":\"CommentAction\",\"name\":\"Comment\",\"target\":[\"https:\/\/jp2doc.pl\/fr\/2023\/04\/06\/lamour-de-dieu-pour-lhumanite\/#respond\"]}]},{\"@type\":\"WebPage\",\"@id\":\"https:\/\/jp2doc.pl\/fr\/2023\/04\/06\/lamour-de-dieu-pour-lhumanite\/\",\"url\":\"https:\/\/jp2doc.pl\/fr\/2023\/04\/06\/lamour-de-dieu-pour-lhumanite\/\",\"name\":\"L\u2019amour de Dieu pour l\u2019humanit\u00e9 - Centre de Documentation et d\u2019Etude du Pontificat de Jean-Paul II \u00e0 Rome\",\"isPartOf\":{\"@id\":\"https:\/\/jp2doc.pl\/fr\/#website\"},\"primaryImageOfPage\":{\"@id\":\"https:\/\/jp2doc.pl\/fr\/2023\/04\/06\/lamour-de-dieu-pour-lhumanite\/#primaryimage\"},\"image\":{\"@id\":\"https:\/\/jp2doc.pl\/fr\/2023\/04\/06\/lamour-de-dieu-pour-lhumanite\/#primaryimage\"},\"thumbnailUrl\":\"https:\/\/jp2doc.pl\/fr\/wp-content\/uploads\/sites\/5\/2017\/06\/jesus-2149897_1280-e1497698800510.jpg\",\"datePublished\":\"2023-04-06T17:20:15+00:00\",\"dateModified\":\"2023-04-06T17:20:16+00:00\",\"description\":\"Jeudi Saint\",\"breadcrumb\":{\"@id\":\"https:\/\/jp2doc.pl\/fr\/2023\/04\/06\/lamour-de-dieu-pour-lhumanite\/#breadcrumb\"},\"inLanguage\":\"fr-FR\",\"potentialAction\":[{\"@type\":\"ReadAction\",\"target\":[\"https:\/\/jp2doc.pl\/fr\/2023\/04\/06\/lamour-de-dieu-pour-lhumanite\/\"]}]},{\"@type\":\"ImageObject\",\"inLanguage\":\"fr-FR\",\"@id\":\"https:\/\/jp2doc.pl\/fr\/2023\/04\/06\/lamour-de-dieu-pour-lhumanite\/#primaryimage\",\"url\":\"https:\/\/jp2doc.pl\/fr\/wp-content\/uploads\/sites\/5\/2017\/06\/jesus-2149897_1280-e1497698800510.jpg\",\"contentUrl\":\"https:\/\/jp2doc.pl\/fr\/wp-content\/uploads\/sites\/5\/2017\/06\/jesus-2149897_1280-e1497698800510.jpg\",\"width\":1238,\"height\":784},{\"@type\":\"BreadcrumbList\",\"@id\":\"https:\/\/jp2doc.pl\/fr\/2023\/04\/06\/lamour-de-dieu-pour-lhumanite\/#breadcrumb\",\"itemListElement\":[{\"@type\":\"ListItem\",\"position\":1,\"name\":\"Home\",\"item\":\"https:\/\/jp2doc.pl\/fr\/\"},{\"@type\":\"ListItem\",\"position\":2,\"name\":\"L\u2019amour de Dieu pour l\u2019humanit\u00e9\"}]},{\"@type\":\"WebSite\",\"@id\":\"https:\/\/jp2doc.pl\/fr\/#website\",\"url\":\"https:\/\/jp2doc.pl\/fr\/\",\"name\":\"Centre de Documentation et d\u2019Etude du Pontificat de Jean-Paul II \u00e0 Rome\",\"description\":\"\",\"publisher\":{\"@id\":\"https:\/\/jp2doc.pl\/fr\/#organization\"},\"potentialAction\":[{\"@type\":\"SearchAction\",\"target\":{\"@type\":\"EntryPoint\",\"urlTemplate\":\"https:\/\/jp2doc.pl\/fr\/?s={search_term_string}\"},\"query-input\":{\"@type\":\"PropertyValueSpecification\",\"valueRequired\":true,\"valueName\":\"search_term_string\"}}],\"inLanguage\":\"fr-FR\"},{\"@type\":\"Organization\",\"@id\":\"https:\/\/jp2doc.pl\/fr\/#organization\",\"name\":\"Centre de Documentation et d\u2019Etude du Pontificat de Jean-Paul II \u00e0 Rome\",\"url\":\"https:\/\/jp2doc.pl\/fr\/\",\"logo\":{\"@type\":\"ImageObject\",\"inLanguage\":\"fr-FR\",\"@id\":\"https:\/\/jp2doc.pl\/fr\/#\/schema\/logo\/image\/\",\"url\":\"https:\/\/jp2doc.pl\/fr\/wp-content\/uploads\/sites\/5\/2017\/03\/cropped-logo.png\",\"contentUrl\":\"https:\/\/jp2doc.pl\/fr\/wp-content\/uploads\/sites\/5\/2017\/03\/cropped-logo.png\",\"width\":115,\"height\":115,\"caption\":\"Centre de Documentation et d\u2019Etude du Pontificat de Jean-Paul II \u00e0 Rome\"},\"image\":{\"@id\":\"https:\/\/jp2doc.pl\/fr\/#\/schema\/logo\/image\/\"}},{\"@type\":\"Person\",\"@id\":\"https:\/\/jp2doc.pl\/fr\/#\/schema\/person\/f1a6804b6b9f176835bf67cba35c4212\",\"name\":\"adobrzynski\",\"image\":{\"@type\":\"ImageObject\",\"inLanguage\":\"fr-FR\",\"@id\":\"https:\/\/jp2doc.pl\/fr\/#\/schema\/person\/image\/\",\"url\":\"https:\/\/secure.gravatar.com\/avatar\/6e7eb2a67f64535320a8aa3d72bc5f83c9e81f3ad1797c6abee2e7c78ed2252a?s=96&d=mm&r=g\",\"contentUrl\":\"https:\/\/secure.gravatar.com\/avatar\/6e7eb2a67f64535320a8aa3d72bc5f83c9e81f3ad1797c6abee2e7c78ed2252a?s=96&d=mm&r=g\",\"caption\":\"adobrzynski\"},\"url\":\"https:\/\/jp2doc.pl\/fr\/author\/adobrzynski\/\"}]}<\/script>\n<!-- \/ Yoast SEO plugin. -->","yoast_head_json":{"title":"L\u2019amour de Dieu pour l\u2019humanit\u00e9 - Centre de Documentation et d\u2019Etude du Pontificat de Jean-Paul II \u00e0 Rome","description":"Jeudi Saint","robots":{"index":"index","follow":"follow","max-snippet":"max-snippet:-1","max-image-preview":"max-image-preview:large","max-video-preview":"max-video-preview:-1"},"canonical":"https:\/\/jp2doc.pl\/fr\/2023\/04\/06\/lamour-de-dieu-pour-lhumanite\/","og_locale":"fr_FR","og_type":"article","og_title":"L\u2019amour de Dieu pour l\u2019humanit\u00e9 - Centre de Documentation et d\u2019Etude du Pontificat de Jean-Paul II \u00e0 Rome","og_description":"Jeudi Saint","og_url":"https:\/\/jp2doc.pl\/fr\/2023\/04\/06\/lamour-de-dieu-pour-lhumanite\/","og_site_name":"Centre de Documentation et d\u2019Etude du Pontificat de Jean-Paul II \u00e0 Rome","article_published_time":"2023-04-06T17:20:15+00:00","article_modified_time":"2023-04-06T17:20:16+00:00","og_image":[{"width":1238,"height":784,"url":"https:\/\/jp2doc.pl\/fr\/wp-content\/uploads\/sites\/5\/2017\/06\/jesus-2149897_1280-e1497698800510.jpg","type":"image\/jpeg"}],"author":"adobrzynski","twitter_card":"summary_large_image","twitter_misc":{"\u00c9crit par":"adobrzynski","Dur\u00e9e de lecture estim\u00e9e":"3 minutes"},"schema":{"@context":"https:\/\/schema.org","@graph":[{"@type":"Article","@id":"https:\/\/jp2doc.pl\/fr\/2023\/04\/06\/lamour-de-dieu-pour-lhumanite\/#article","isPartOf":{"@id":"https:\/\/jp2doc.pl\/fr\/2023\/04\/06\/lamour-de-dieu-pour-lhumanite\/"},"author":{"name":"adobrzynski","@id":"https:\/\/jp2doc.pl\/fr\/#\/schema\/person\/f1a6804b6b9f176835bf67cba35c4212"},"headline":"L\u2019amour de Dieu pour l\u2019humanit\u00e9","datePublished":"2023-04-06T17:20:15+00:00","dateModified":"2023-04-06T17:20:16+00:00","mainEntityOfPage":{"@id":"https:\/\/jp2doc.pl\/fr\/2023\/04\/06\/lamour-de-dieu-pour-lhumanite\/"},"wordCount":704,"commentCount":0,"publisher":{"@id":"https:\/\/jp2doc.pl\/fr\/#organization"},"image":{"@id":"https:\/\/jp2doc.pl\/fr\/2023\/04\/06\/lamour-de-dieu-pour-lhumanite\/#primaryimage"},"thumbnailUrl":"https:\/\/jp2doc.pl\/fr\/wp-content\/uploads\/sites\/5\/2017\/06\/jesus-2149897_1280-e1497698800510.jpg","articleSection":["Blog","Strona g\u0142\u00f3wna - najnowsze","Strona g\u0142\u00f3wna - slider"],"inLanguage":"fr-FR","potentialAction":[{"@type":"CommentAction","name":"Comment","target":["https:\/\/jp2doc.pl\/fr\/2023\/04\/06\/lamour-de-dieu-pour-lhumanite\/#respond"]}]},{"@type":"WebPage","@id":"https:\/\/jp2doc.pl\/fr\/2023\/04\/06\/lamour-de-dieu-pour-lhumanite\/","url":"https:\/\/jp2doc.pl\/fr\/2023\/04\/06\/lamour-de-dieu-pour-lhumanite\/","name":"L\u2019amour de Dieu pour l\u2019humanit\u00e9 - Centre de Documentation et d\u2019Etude du Pontificat de Jean-Paul II \u00e0 Rome","isPartOf":{"@id":"https:\/\/jp2doc.pl\/fr\/#website"},"primaryImageOfPage":{"@id":"https:\/\/jp2doc.pl\/fr\/2023\/04\/06\/lamour-de-dieu-pour-lhumanite\/#primaryimage"},"image":{"@id":"https:\/\/jp2doc.pl\/fr\/2023\/04\/06\/lamour-de-dieu-pour-lhumanite\/#primaryimage"},"thumbnailUrl":"https:\/\/jp2doc.pl\/fr\/wp-content\/uploads\/sites\/5\/2017\/06\/jesus-2149897_1280-e1497698800510.jpg","datePublished":"2023-04-06T17:20:15+00:00","dateModified":"2023-04-06T17:20:16+00:00","description":"Jeudi Saint","breadcrumb":{"@id":"https:\/\/jp2doc.pl\/fr\/2023\/04\/06\/lamour-de-dieu-pour-lhumanite\/#breadcrumb"},"inLanguage":"fr-FR","potentialAction":[{"@type":"ReadAction","target":["https:\/\/jp2doc.pl\/fr\/2023\/04\/06\/lamour-de-dieu-pour-lhumanite\/"]}]},{"@type":"ImageObject","inLanguage":"fr-FR","@id":"https:\/\/jp2doc.pl\/fr\/2023\/04\/06\/lamour-de-dieu-pour-lhumanite\/#primaryimage","url":"https:\/\/jp2doc.pl\/fr\/wp-content\/uploads\/sites\/5\/2017\/06\/jesus-2149897_1280-e1497698800510.jpg","contentUrl":"https:\/\/jp2doc.pl\/fr\/wp-content\/uploads\/sites\/5\/2017\/06\/jesus-2149897_1280-e1497698800510.jpg","width":1238,"height":784},{"@type":"BreadcrumbList","@id":"https:\/\/jp2doc.pl\/fr\/2023\/04\/06\/lamour-de-dieu-pour-lhumanite\/#breadcrumb","itemListElement":[{"@type":"ListItem","position":1,"name":"Home","item":"https:\/\/jp2doc.pl\/fr\/"},{"@type":"ListItem","position":2,"name":"L\u2019amour de Dieu pour l\u2019humanit\u00e9"}]},{"@type":"WebSite","@id":"https:\/\/jp2doc.pl\/fr\/#website","url":"https:\/\/jp2doc.pl\/fr\/","name":"Centre de Documentation et d\u2019Etude du Pontificat de Jean-Paul II \u00e0 Rome","description":"","publisher":{"@id":"https:\/\/jp2doc.pl\/fr\/#organization"},"potentialAction":[{"@type":"SearchAction","target":{"@type":"EntryPoint","urlTemplate":"https:\/\/jp2doc.pl\/fr\/?s={search_term_string}"},"query-input":{"@type":"PropertyValueSpecification","valueRequired":true,"valueName":"search_term_string"}}],"inLanguage":"fr-FR"},{"@type":"Organization","@id":"https:\/\/jp2doc.pl\/fr\/#organization","name":"Centre de Documentation et d\u2019Etude du Pontificat de Jean-Paul II \u00e0 Rome","url":"https:\/\/jp2doc.pl\/fr\/","logo":{"@type":"ImageObject","inLanguage":"fr-FR","@id":"https:\/\/jp2doc.pl\/fr\/#\/schema\/logo\/image\/","url":"https:\/\/jp2doc.pl\/fr\/wp-content\/uploads\/sites\/5\/2017\/03\/cropped-logo.png","contentUrl":"https:\/\/jp2doc.pl\/fr\/wp-content\/uploads\/sites\/5\/2017\/03\/cropped-logo.png","width":115,"height":115,"caption":"Centre de Documentation et d\u2019Etude du Pontificat de Jean-Paul II \u00e0 Rome"},"image":{"@id":"https:\/\/jp2doc.pl\/fr\/#\/schema\/logo\/image\/"}},{"@type":"Person","@id":"https:\/\/jp2doc.pl\/fr\/#\/schema\/person\/f1a6804b6b9f176835bf67cba35c4212","name":"adobrzynski","image":{"@type":"ImageObject","inLanguage":"fr-FR","@id":"https:\/\/jp2doc.pl\/fr\/#\/schema\/person\/image\/","url":"https:\/\/secure.gravatar.com\/avatar\/6e7eb2a67f64535320a8aa3d72bc5f83c9e81f3ad1797c6abee2e7c78ed2252a?s=96&d=mm&r=g","contentUrl":"https:\/\/secure.gravatar.com\/avatar\/6e7eb2a67f64535320a8aa3d72bc5f83c9e81f3ad1797c6abee2e7c78ed2252a?s=96&d=mm&r=g","caption":"adobrzynski"},"url":"https:\/\/jp2doc.pl\/fr\/author\/adobrzynski\/"}]}},"_links":{"self":[{"href":"https:\/\/jp2doc.pl\/fr\/wp-json\/wp\/v2\/posts\/2242","targetHints":{"allow":["GET"]}}],"collection":[{"href":"https:\/\/jp2doc.pl\/fr\/wp-json\/wp\/v2\/posts"}],"about":[{"href":"https:\/\/jp2doc.pl\/fr\/wp-json\/wp\/v2\/types\/post"}],"author":[{"embeddable":true,"href":"https:\/\/jp2doc.pl\/fr\/wp-json\/wp\/v2\/users\/6"}],"replies":[{"embeddable":true,"href":"https:\/\/jp2doc.pl\/fr\/wp-json\/wp\/v2\/comments?post=2242"}],"version-history":[{"count":1,"href":"https:\/\/jp2doc.pl\/fr\/wp-json\/wp\/v2\/posts\/2242\/revisions"}],"predecessor-version":[{"id":2243,"href":"https:\/\/jp2doc.pl\/fr\/wp-json\/wp\/v2\/posts\/2242\/revisions\/2243"}],"wp:featuredmedia":[{"embeddable":true,"href":"https:\/\/jp2doc.pl\/fr\/wp-json\/wp\/v2\/media\/1196"}],"wp:attachment":[{"href":"https:\/\/jp2doc.pl\/fr\/wp-json\/wp\/v2\/media?parent=2242"}],"wp:term":[{"taxonomy":"category","embeddable":true,"href":"https:\/\/jp2doc.pl\/fr\/wp-json\/wp\/v2\/categories?post=2242"},{"taxonomy":"post_tag","embeddable":true,"href":"https:\/\/jp2doc.pl\/fr\/wp-json\/wp\/v2\/tags?post=2242"}],"curies":[{"name":"wp","href":"https:\/\/api.w.org\/{rel}","templated":true}]}}