{"id":2257,"date":"2023-05-14T09:52:58","date_gmt":"2023-05-14T07:52:58","guid":{"rendered":"https:\/\/jp2doc.pl\/fr\/?p=2257"},"modified":"2023-05-14T09:52:58","modified_gmt":"2023-05-14T07:52:58","slug":"pour-continuer-loeuvre-de-jesus-christ","status":"publish","type":"post","link":"https:\/\/jp2doc.pl\/fr\/2023\/05\/14\/pour-continuer-loeuvre-de-jesus-christ\/","title":{"rendered":"Pour continuer l\u2019\u0153uvre de J\u00e9sus-Christ"},"content":{"rendered":"\n<p>Ac 8, 5-8.14- 17\u00a0; Ap 3, 15-18\u00a0; Jn 14, 15-21<\/p>\n\n\n\n<p>En ce dimanche, les textes nous invitent \u00e0 pr\u00e9parer la venue de l\u2019Esprit Saint, don du Christ ressuscit\u00e9. En effet, comme nous le savons bien, le temps de P\u00e2ques s\u2019achemine lentement vers sa fin. Bient\u00f4t, nous allons c\u00e9l\u00e9brer la f\u00eate de l\u2019Ascension, puis celle de la Pentec\u00f4te qui cl\u00f4turera le cycle commenc\u00e9 au matin de la r\u00e9surrection.<\/p>\n\n\n\n<p>D\u00e9j\u00e0 dans la 1<sup>\u00e8re<\/sup> lecture, saint Luc en parle et pr\u00e9cise que lorsque Pierre et Jean arrivent en Samarie pour confirmer la mission du diacre Philippe, ils se rendent compte que les disciples de la Samarie n\u2019avaient pas encore re\u00e7u l\u2019Esprit Saint. \u00ab Alors Pierre et Jean leur impos\u00e8rent les mains et ils recevaient le Saint Esprit \u00bb (Ac 8, 17). Et l\u2019\u00c9vangile, le Christ dit ; \u00ab moi, je prierai le P\u00e8re et il vous donnera un autre D\u00e9fenseur qui sera pour toujours avec vous : c\u2019est l\u2019Esprit de v\u00e9rit\u00e9 ( Jn 14, 1-\u00e817). Dans la deuxi\u00e8me lecture aussi, l\u2019Esprit Saint est mentionn\u00e9 comme celui qui donne la vie : \u00ab dans sa chair, il a \u00e9t\u00e9 mis \u00e0 mort&nbsp;; dans l\u2019Esprit, il a \u00e9t\u00e9 rendu \u00e0 la vie \u00bb ( 1P 3, 18). Ainsi pour comprendre le r\u00f4le et la place de cet Esprit attendu, nous allons fixer notre m\u00e9ditation sur 3 points : la mission de Philippe en Samarie, l\u2019Esprit, l\u2019amour et le commandement et enfin la foi et l\u2019amour qui naissent et grandissent ensemble.<\/p>\n\n\n\n<h5 class=\"wp-block-heading\"><strong>La mission de Philippe en Samarie<\/strong><\/h5>\n\n\n\n<p>A peine commenc\u00e9, l\u2019\u00c9glise de la Samarie se trouve face \u00e0 une violente pers\u00e9cution contre les chr\u00e9tiens. C\u2019est dans ce nouveau champ d\u2019apostolat que Philippe se retrouve en Samarie pour transmettre la Bonne Nouvelle. Sa mission ici est marqu\u00e9e par plusieurs conversions et les gu\u00e9risons, au point que les disciples n\u2019h\u00e9sitent plus \u00e0 imposer les mains aux nouveaux disciples pour leur communiquer l\u2019Esprit Saint. Et moi comme disciple du Christ, est-ce que j\u2019aide les autres \u00e0 se convertir et \u00e0 recevoir l\u2019Esprit Saint dans leur vie&nbsp;? quelle est ma mission comme disciple du Christ ?<\/p>\n\n\n\n<h5 class=\"wp-block-heading\"><strong>L\u2019Esprit, l\u2019amour et les commandements<\/strong><\/h5>\n\n\n\n<p>Dans l\u2019\u00e9vangile de ce dimanche, J\u00e9sus mentionne 5 fois l\u2019amour, 2 fois les commandements et 2 fois l\u2019Esprit Saint qu\u2019il nomme le \u00ab D\u00e9fenseur \u00bb, disons qu\u2019entre les trois termes, la relation est explicit\u00e9e par le Christ lui-m\u00eame : \u00ab si vous m\u2019aimez, vous resterez fid\u00e8les \u00e0 mes commandements. Moi, je prierai le P\u00e8re, et il vous donnera un autre D\u00e9fenseur qui sera pour toujours avec vous : c\u2019est l\u2019Esprit de v\u00e9rit\u00e9 \u00bb. J\u00e9sus parle d\u2019abord de l\u2019amour avant d\u2019insister sur l\u2019ob\u00e9issance aux commandements et de promettre l\u2019envoi de l\u2019Esprit. L\u2019amour se trouve ainsi au point de d\u00e9part. Alors posons-nous la question en tant que chr\u00e9tiens, homme de foi, de savoir si r\u00e9ellement nous aimons J\u00e9sus ? et si oui, de quel amour s\u2019agit-il ? En effet, la foi est moins une question de connaissance que d\u2019attachement personnel au Christ \u2013Amour. Et Pierre nous l\u2019a montr\u00e9, lui qui malgr\u00e9 le fait d\u2019avoir reni\u00e9 son ma\u00eetre s\u2019est mis \u00e0 le suivre jusqu\u2019au bout, signe de son attachement et son amour envers lui.<\/p>\n\n\n\n<h5 class=\"wp-block-heading\"><strong>La foi, l\u2019amour naissent et grandissent ensemble<\/strong><\/h5>\n\n\n\n<p>Dans la vie chr\u00e9tienne, la foi et l\u2019amour sont ins\u00e9parables ; ils naissent et grandissent ensemble au point que l\u2019un ne peut exister sans l\u2019autre. La croissance de l\u2019amour augmente la foi, et la croissance de la foi fortifie l\u2019amour. En effet, comment croire en quelqu\u2019un sans lui faire confiance, et comment faire confiance \u00e0 quelqu\u2019un sans l\u2019aimer ? Si donc c\u2019est l\u2019amour qui ouvre le chemin de la foi, on comprend alors pourquoi le Christ en fait une condition essentielle de l\u2019appartenance \u00e0 lui.<\/p>\n\n\n\n<p>Cet amour pour le Christ se reconnait \u00e0 l\u2019ob\u00e9issance vis-\u00e0-vis de ses commandements. Ce qui compte pour J\u00e9sus, c\u2019est la place que nous accordons \u00e0 sa parole. Dire qu\u2019on aime J\u00e9sus Christ sans observer ses commandements, c\u2019est tout simplement mentir.<\/p>\n\n\n\n<p>J\u00e9sus dans sa d\u00e9claration, nous fait aussi savoir que c\u2019est \u00e0 ceux qui observent ses commandements ou tout au moins ceux qui sont dispos\u00e9s \u00e0 les observer qu\u2019il promet d\u2019envoyer l\u2019Esprit Saint, l\u2019esprit de v\u00e9rit\u00e9. Ainsi l\u2019accueil de ce don suppose ainsi un minimum de v\u00e9rit\u00e9 et de sinc\u00e9rit\u00e9, de disponibilit\u00e9 \u00e0 continuer dans notre vie l\u2019\u0153uvre commenc\u00e9e par le Christ.<\/p>\n\n\n\n<p>Que le Corps et le Sang du Christ que nous allons recevoir, nous dispose \u00e0 recevoir l\u2019Esprit en \u00e9tant plus dociles \u00e0 la volont\u00e9 de Dieu, accueillie avec amour.<\/p>\n\n\n\n<p><strong>Abb\u00e9 Jean Claude CIZA<\/strong><\/p>\n\n\n\n<p><em>Fot. Zachary Olson<\/em><\/p>\n","protected":false},"excerpt":{"rendered":"<p>VI Dimanche de P\u00e2ques<\/p>\n","protected":false},"author":5,"featured_media":1332,"comment_status":"open","ping_status":"open","sticky":false,"template":"","format":"standard","meta":{"_acf_changed":false,"_exactmetrics_skip_tracking":false,"_exactmetrics_sitenote_active":false,"_exactmetrics_sitenote_note":"","_exactmetrics_sitenote_category":0,"footnotes":""},"categories":[4,13,14],"tags":[],"class_list":["post-2257","post","type-post","status-publish","format-standard","has-post-thumbnail","hentry","category-blog","category-strona-glowna-najnowsze","category-strona-glowna-slider"],"acf":[],"yoast_head":"<!-- This site is optimized with the Yoast SEO plugin v26.2 - https:\/\/yoast.com\/wordpress\/plugins\/seo\/ -->\n<title>Pour continuer l\u2019\u0153uvre de J\u00e9sus-Christ - Centre de Documentation et d\u2019Etude du Pontificat de Jean-Paul II \u00e0 Rome<\/title>\n<meta name=\"robots\" content=\"index, follow, max-snippet:-1, max-image-preview:large, max-video-preview:-1\" \/>\n<link rel=\"canonical\" href=\"https:\/\/jp2doc.pl\/fr\/2023\/05\/14\/pour-continuer-loeuvre-de-jesus-christ\/\" \/>\n<meta property=\"og:locale\" content=\"fr_FR\" \/>\n<meta property=\"og:type\" content=\"article\" \/>\n<meta property=\"og:title\" content=\"Pour continuer l\u2019\u0153uvre de J\u00e9sus-Christ - Centre de Documentation et d\u2019Etude du Pontificat de Jean-Paul II \u00e0 Rome\" \/>\n<meta property=\"og:description\" content=\"VI Dimanche de P\u00e2ques\" \/>\n<meta property=\"og:url\" content=\"https:\/\/jp2doc.pl\/fr\/2023\/05\/14\/pour-continuer-loeuvre-de-jesus-christ\/\" \/>\n<meta property=\"og:site_name\" content=\"Centre de Documentation et d\u2019Etude du Pontificat de Jean-Paul II \u00e0 Rome\" \/>\n<meta property=\"article:published_time\" content=\"2023-05-14T07:52:58+00:00\" \/>\n<meta property=\"og:image\" content=\"https:\/\/jp2doc.pl\/fr\/wp-content\/uploads\/sites\/5\/2018\/01\/zachary-olson-383924-e1515919321793.jpg\" \/>\n\t<meta property=\"og:image:width\" content=\"1391\" \/>\n\t<meta property=\"og:image:height\" content=\"699\" \/>\n\t<meta property=\"og:image:type\" content=\"image\/jpeg\" \/>\n<meta name=\"author\" content=\"juliasercanka\" \/>\n<meta name=\"twitter:card\" content=\"summary_large_image\" \/>\n<meta name=\"twitter:label1\" content=\"\u00c9crit par\" \/>\n\t<meta name=\"twitter:data1\" content=\"juliasercanka\" \/>\n\t<meta name=\"twitter:label2\" content=\"Dur\u00e9e de lecture estim\u00e9e\" \/>\n\t<meta name=\"twitter:data2\" content=\"4 minutes\" \/>\n<script type=\"application\/ld+json\" class=\"yoast-schema-graph\">{\"@context\":\"https:\/\/schema.org\",\"@graph\":[{\"@type\":\"Article\",\"@id\":\"https:\/\/jp2doc.pl\/fr\/2023\/05\/14\/pour-continuer-loeuvre-de-jesus-christ\/#article\",\"isPartOf\":{\"@id\":\"https:\/\/jp2doc.pl\/fr\/2023\/05\/14\/pour-continuer-loeuvre-de-jesus-christ\/\"},\"author\":{\"name\":\"juliasercanka\",\"@id\":\"https:\/\/jp2doc.pl\/fr\/#\/schema\/person\/6110109e80abb51f6fac4824777eabfe\"},\"headline\":\"Pour continuer l\u2019\u0153uvre de J\u00e9sus-Christ\",\"datePublished\":\"2023-05-14T07:52:58+00:00\",\"mainEntityOfPage\":{\"@id\":\"https:\/\/jp2doc.pl\/fr\/2023\/05\/14\/pour-continuer-loeuvre-de-jesus-christ\/\"},\"wordCount\":827,\"commentCount\":0,\"publisher\":{\"@id\":\"https:\/\/jp2doc.pl\/fr\/#organization\"},\"image\":{\"@id\":\"https:\/\/jp2doc.pl\/fr\/2023\/05\/14\/pour-continuer-loeuvre-de-jesus-christ\/#primaryimage\"},\"thumbnailUrl\":\"https:\/\/jp2doc.pl\/fr\/wp-content\/uploads\/sites\/5\/2018\/01\/zachary-olson-383924-e1515919321793.jpg\",\"articleSection\":[\"Blog\",\"Strona g\u0142\u00f3wna - najnowsze\",\"Strona g\u0142\u00f3wna - slider\"],\"inLanguage\":\"fr-FR\",\"potentialAction\":[{\"@type\":\"CommentAction\",\"name\":\"Comment\",\"target\":[\"https:\/\/jp2doc.pl\/fr\/2023\/05\/14\/pour-continuer-loeuvre-de-jesus-christ\/#respond\"]}]},{\"@type\":\"WebPage\",\"@id\":\"https:\/\/jp2doc.pl\/fr\/2023\/05\/14\/pour-continuer-loeuvre-de-jesus-christ\/\",\"url\":\"https:\/\/jp2doc.pl\/fr\/2023\/05\/14\/pour-continuer-loeuvre-de-jesus-christ\/\",\"name\":\"Pour continuer l\u2019\u0153uvre de J\u00e9sus-Christ - Centre de Documentation et d\u2019Etude du Pontificat de Jean-Paul II \u00e0 Rome\",\"isPartOf\":{\"@id\":\"https:\/\/jp2doc.pl\/fr\/#website\"},\"primaryImageOfPage\":{\"@id\":\"https:\/\/jp2doc.pl\/fr\/2023\/05\/14\/pour-continuer-loeuvre-de-jesus-christ\/#primaryimage\"},\"image\":{\"@id\":\"https:\/\/jp2doc.pl\/fr\/2023\/05\/14\/pour-continuer-loeuvre-de-jesus-christ\/#primaryimage\"},\"thumbnailUrl\":\"https:\/\/jp2doc.pl\/fr\/wp-content\/uploads\/sites\/5\/2018\/01\/zachary-olson-383924-e1515919321793.jpg\",\"datePublished\":\"2023-05-14T07:52:58+00:00\",\"breadcrumb\":{\"@id\":\"https:\/\/jp2doc.pl\/fr\/2023\/05\/14\/pour-continuer-loeuvre-de-jesus-christ\/#breadcrumb\"},\"inLanguage\":\"fr-FR\",\"potentialAction\":[{\"@type\":\"ReadAction\",\"target\":[\"https:\/\/jp2doc.pl\/fr\/2023\/05\/14\/pour-continuer-loeuvre-de-jesus-christ\/\"]}]},{\"@type\":\"ImageObject\",\"inLanguage\":\"fr-FR\",\"@id\":\"https:\/\/jp2doc.pl\/fr\/2023\/05\/14\/pour-continuer-loeuvre-de-jesus-christ\/#primaryimage\",\"url\":\"https:\/\/jp2doc.pl\/fr\/wp-content\/uploads\/sites\/5\/2018\/01\/zachary-olson-383924-e1515919321793.jpg\",\"contentUrl\":\"https:\/\/jp2doc.pl\/fr\/wp-content\/uploads\/sites\/5\/2018\/01\/zachary-olson-383924-e1515919321793.jpg\",\"width\":1391,\"height\":699},{\"@type\":\"BreadcrumbList\",\"@id\":\"https:\/\/jp2doc.pl\/fr\/2023\/05\/14\/pour-continuer-loeuvre-de-jesus-christ\/#breadcrumb\",\"itemListElement\":[{\"@type\":\"ListItem\",\"position\":1,\"name\":\"Home\",\"item\":\"https:\/\/jp2doc.pl\/fr\/\"},{\"@type\":\"ListItem\",\"position\":2,\"name\":\"Pour continuer l\u2019\u0153uvre de J\u00e9sus-Christ\"}]},{\"@type\":\"WebSite\",\"@id\":\"https:\/\/jp2doc.pl\/fr\/#website\",\"url\":\"https:\/\/jp2doc.pl\/fr\/\",\"name\":\"Centre de Documentation et d\u2019Etude du Pontificat de Jean-Paul II \u00e0 Rome\",\"description\":\"\",\"publisher\":{\"@id\":\"https:\/\/jp2doc.pl\/fr\/#organization\"},\"potentialAction\":[{\"@type\":\"SearchAction\",\"target\":{\"@type\":\"EntryPoint\",\"urlTemplate\":\"https:\/\/jp2doc.pl\/fr\/?s={search_term_string}\"},\"query-input\":{\"@type\":\"PropertyValueSpecification\",\"valueRequired\":true,\"valueName\":\"search_term_string\"}}],\"inLanguage\":\"fr-FR\"},{\"@type\":\"Organization\",\"@id\":\"https:\/\/jp2doc.pl\/fr\/#organization\",\"name\":\"Centre de Documentation et d\u2019Etude du Pontificat de Jean-Paul II \u00e0 Rome\",\"url\":\"https:\/\/jp2doc.pl\/fr\/\",\"logo\":{\"@type\":\"ImageObject\",\"inLanguage\":\"fr-FR\",\"@id\":\"https:\/\/jp2doc.pl\/fr\/#\/schema\/logo\/image\/\",\"url\":\"https:\/\/jp2doc.pl\/fr\/wp-content\/uploads\/sites\/5\/2017\/03\/cropped-logo.png\",\"contentUrl\":\"https:\/\/jp2doc.pl\/fr\/wp-content\/uploads\/sites\/5\/2017\/03\/cropped-logo.png\",\"width\":115,\"height\":115,\"caption\":\"Centre de Documentation et d\u2019Etude du Pontificat de Jean-Paul II \u00e0 Rome\"},\"image\":{\"@id\":\"https:\/\/jp2doc.pl\/fr\/#\/schema\/logo\/image\/\"}},{\"@type\":\"Person\",\"@id\":\"https:\/\/jp2doc.pl\/fr\/#\/schema\/person\/6110109e80abb51f6fac4824777eabfe\",\"name\":\"juliasercanka\",\"image\":{\"@type\":\"ImageObject\",\"inLanguage\":\"fr-FR\",\"@id\":\"https:\/\/jp2doc.pl\/fr\/#\/schema\/person\/image\/\",\"url\":\"https:\/\/secure.gravatar.com\/avatar\/266a66e864556e22d55d61b6b10c97fab9060767b738564bcd109f3997e372bc?s=96&d=mm&r=g\",\"contentUrl\":\"https:\/\/secure.gravatar.com\/avatar\/266a66e864556e22d55d61b6b10c97fab9060767b738564bcd109f3997e372bc?s=96&d=mm&r=g\",\"caption\":\"juliasercanka\"},\"url\":\"https:\/\/jp2doc.pl\/fr\/author\/juliasercanka\/\"}]}<\/script>\n<!-- \/ Yoast SEO plugin. -->","yoast_head_json":{"title":"Pour continuer l\u2019\u0153uvre de J\u00e9sus-Christ - Centre de Documentation et d\u2019Etude du Pontificat de Jean-Paul II \u00e0 Rome","robots":{"index":"index","follow":"follow","max-snippet":"max-snippet:-1","max-image-preview":"max-image-preview:large","max-video-preview":"max-video-preview:-1"},"canonical":"https:\/\/jp2doc.pl\/fr\/2023\/05\/14\/pour-continuer-loeuvre-de-jesus-christ\/","og_locale":"fr_FR","og_type":"article","og_title":"Pour continuer l\u2019\u0153uvre de J\u00e9sus-Christ - Centre de Documentation et d\u2019Etude du Pontificat de Jean-Paul II \u00e0 Rome","og_description":"VI Dimanche de P\u00e2ques","og_url":"https:\/\/jp2doc.pl\/fr\/2023\/05\/14\/pour-continuer-loeuvre-de-jesus-christ\/","og_site_name":"Centre de Documentation et d\u2019Etude du Pontificat de Jean-Paul II \u00e0 Rome","article_published_time":"2023-05-14T07:52:58+00:00","og_image":[{"width":1391,"height":699,"url":"https:\/\/jp2doc.pl\/fr\/wp-content\/uploads\/sites\/5\/2018\/01\/zachary-olson-383924-e1515919321793.jpg","type":"image\/jpeg"}],"author":"juliasercanka","twitter_card":"summary_large_image","twitter_misc":{"\u00c9crit par":"juliasercanka","Dur\u00e9e de lecture estim\u00e9e":"4 minutes"},"schema":{"@context":"https:\/\/schema.org","@graph":[{"@type":"Article","@id":"https:\/\/jp2doc.pl\/fr\/2023\/05\/14\/pour-continuer-loeuvre-de-jesus-christ\/#article","isPartOf":{"@id":"https:\/\/jp2doc.pl\/fr\/2023\/05\/14\/pour-continuer-loeuvre-de-jesus-christ\/"},"author":{"name":"juliasercanka","@id":"https:\/\/jp2doc.pl\/fr\/#\/schema\/person\/6110109e80abb51f6fac4824777eabfe"},"headline":"Pour continuer l\u2019\u0153uvre de J\u00e9sus-Christ","datePublished":"2023-05-14T07:52:58+00:00","mainEntityOfPage":{"@id":"https:\/\/jp2doc.pl\/fr\/2023\/05\/14\/pour-continuer-loeuvre-de-jesus-christ\/"},"wordCount":827,"commentCount":0,"publisher":{"@id":"https:\/\/jp2doc.pl\/fr\/#organization"},"image":{"@id":"https:\/\/jp2doc.pl\/fr\/2023\/05\/14\/pour-continuer-loeuvre-de-jesus-christ\/#primaryimage"},"thumbnailUrl":"https:\/\/jp2doc.pl\/fr\/wp-content\/uploads\/sites\/5\/2018\/01\/zachary-olson-383924-e1515919321793.jpg","articleSection":["Blog","Strona g\u0142\u00f3wna - najnowsze","Strona g\u0142\u00f3wna - slider"],"inLanguage":"fr-FR","potentialAction":[{"@type":"CommentAction","name":"Comment","target":["https:\/\/jp2doc.pl\/fr\/2023\/05\/14\/pour-continuer-loeuvre-de-jesus-christ\/#respond"]}]},{"@type":"WebPage","@id":"https:\/\/jp2doc.pl\/fr\/2023\/05\/14\/pour-continuer-loeuvre-de-jesus-christ\/","url":"https:\/\/jp2doc.pl\/fr\/2023\/05\/14\/pour-continuer-loeuvre-de-jesus-christ\/","name":"Pour continuer l\u2019\u0153uvre de J\u00e9sus-Christ - Centre de Documentation et d\u2019Etude du Pontificat de Jean-Paul II \u00e0 Rome","isPartOf":{"@id":"https:\/\/jp2doc.pl\/fr\/#website"},"primaryImageOfPage":{"@id":"https:\/\/jp2doc.pl\/fr\/2023\/05\/14\/pour-continuer-loeuvre-de-jesus-christ\/#primaryimage"},"image":{"@id":"https:\/\/jp2doc.pl\/fr\/2023\/05\/14\/pour-continuer-loeuvre-de-jesus-christ\/#primaryimage"},"thumbnailUrl":"https:\/\/jp2doc.pl\/fr\/wp-content\/uploads\/sites\/5\/2018\/01\/zachary-olson-383924-e1515919321793.jpg","datePublished":"2023-05-14T07:52:58+00:00","breadcrumb":{"@id":"https:\/\/jp2doc.pl\/fr\/2023\/05\/14\/pour-continuer-loeuvre-de-jesus-christ\/#breadcrumb"},"inLanguage":"fr-FR","potentialAction":[{"@type":"ReadAction","target":["https:\/\/jp2doc.pl\/fr\/2023\/05\/14\/pour-continuer-loeuvre-de-jesus-christ\/"]}]},{"@type":"ImageObject","inLanguage":"fr-FR","@id":"https:\/\/jp2doc.pl\/fr\/2023\/05\/14\/pour-continuer-loeuvre-de-jesus-christ\/#primaryimage","url":"https:\/\/jp2doc.pl\/fr\/wp-content\/uploads\/sites\/5\/2018\/01\/zachary-olson-383924-e1515919321793.jpg","contentUrl":"https:\/\/jp2doc.pl\/fr\/wp-content\/uploads\/sites\/5\/2018\/01\/zachary-olson-383924-e1515919321793.jpg","width":1391,"height":699},{"@type":"BreadcrumbList","@id":"https:\/\/jp2doc.pl\/fr\/2023\/05\/14\/pour-continuer-loeuvre-de-jesus-christ\/#breadcrumb","itemListElement":[{"@type":"ListItem","position":1,"name":"Home","item":"https:\/\/jp2doc.pl\/fr\/"},{"@type":"ListItem","position":2,"name":"Pour continuer l\u2019\u0153uvre de J\u00e9sus-Christ"}]},{"@type":"WebSite","@id":"https:\/\/jp2doc.pl\/fr\/#website","url":"https:\/\/jp2doc.pl\/fr\/","name":"Centre de Documentation et d\u2019Etude du Pontificat de Jean-Paul II \u00e0 Rome","description":"","publisher":{"@id":"https:\/\/jp2doc.pl\/fr\/#organization"},"potentialAction":[{"@type":"SearchAction","target":{"@type":"EntryPoint","urlTemplate":"https:\/\/jp2doc.pl\/fr\/?s={search_term_string}"},"query-input":{"@type":"PropertyValueSpecification","valueRequired":true,"valueName":"search_term_string"}}],"inLanguage":"fr-FR"},{"@type":"Organization","@id":"https:\/\/jp2doc.pl\/fr\/#organization","name":"Centre de Documentation et d\u2019Etude du Pontificat de Jean-Paul II \u00e0 Rome","url":"https:\/\/jp2doc.pl\/fr\/","logo":{"@type":"ImageObject","inLanguage":"fr-FR","@id":"https:\/\/jp2doc.pl\/fr\/#\/schema\/logo\/image\/","url":"https:\/\/jp2doc.pl\/fr\/wp-content\/uploads\/sites\/5\/2017\/03\/cropped-logo.png","contentUrl":"https:\/\/jp2doc.pl\/fr\/wp-content\/uploads\/sites\/5\/2017\/03\/cropped-logo.png","width":115,"height":115,"caption":"Centre de Documentation et d\u2019Etude du Pontificat de Jean-Paul II \u00e0 Rome"},"image":{"@id":"https:\/\/jp2doc.pl\/fr\/#\/schema\/logo\/image\/"}},{"@type":"Person","@id":"https:\/\/jp2doc.pl\/fr\/#\/schema\/person\/6110109e80abb51f6fac4824777eabfe","name":"juliasercanka","image":{"@type":"ImageObject","inLanguage":"fr-FR","@id":"https:\/\/jp2doc.pl\/fr\/#\/schema\/person\/image\/","url":"https:\/\/secure.gravatar.com\/avatar\/266a66e864556e22d55d61b6b10c97fab9060767b738564bcd109f3997e372bc?s=96&d=mm&r=g","contentUrl":"https:\/\/secure.gravatar.com\/avatar\/266a66e864556e22d55d61b6b10c97fab9060767b738564bcd109f3997e372bc?s=96&d=mm&r=g","caption":"juliasercanka"},"url":"https:\/\/jp2doc.pl\/fr\/author\/juliasercanka\/"}]}},"_links":{"self":[{"href":"https:\/\/jp2doc.pl\/fr\/wp-json\/wp\/v2\/posts\/2257","targetHints":{"allow":["GET"]}}],"collection":[{"href":"https:\/\/jp2doc.pl\/fr\/wp-json\/wp\/v2\/posts"}],"about":[{"href":"https:\/\/jp2doc.pl\/fr\/wp-json\/wp\/v2\/types\/post"}],"author":[{"embeddable":true,"href":"https:\/\/jp2doc.pl\/fr\/wp-json\/wp\/v2\/users\/5"}],"replies":[{"embeddable":true,"href":"https:\/\/jp2doc.pl\/fr\/wp-json\/wp\/v2\/comments?post=2257"}],"version-history":[{"count":1,"href":"https:\/\/jp2doc.pl\/fr\/wp-json\/wp\/v2\/posts\/2257\/revisions"}],"predecessor-version":[{"id":2258,"href":"https:\/\/jp2doc.pl\/fr\/wp-json\/wp\/v2\/posts\/2257\/revisions\/2258"}],"wp:featuredmedia":[{"embeddable":true,"href":"https:\/\/jp2doc.pl\/fr\/wp-json\/wp\/v2\/media\/1332"}],"wp:attachment":[{"href":"https:\/\/jp2doc.pl\/fr\/wp-json\/wp\/v2\/media?parent=2257"}],"wp:term":[{"taxonomy":"category","embeddable":true,"href":"https:\/\/jp2doc.pl\/fr\/wp-json\/wp\/v2\/categories?post=2257"},{"taxonomy":"post_tag","embeddable":true,"href":"https:\/\/jp2doc.pl\/fr\/wp-json\/wp\/v2\/tags?post=2257"}],"curies":[{"name":"wp","href":"https:\/\/api.w.org\/{rel}","templated":true}]}}