{"id":2270,"date":"2024-06-08T16:09:48","date_gmt":"2024-06-08T14:09:48","guid":{"rendered":"https:\/\/jp2doc.pl\/fr\/?p=2270"},"modified":"2024-06-08T16:11:36","modified_gmt":"2024-06-08T14:11:36","slug":"au-service-de-toute-leglise","status":"publish","type":"post","link":"https:\/\/jp2doc.pl\/fr\/2024\/06\/08\/au-service-de-toute-leglise\/","title":{"rendered":"Au service de toute l\u2019\u00c9glise"},"content":{"rendered":"\n<p><em>Lors de la c\u00e9r\u00e9monie de remise du Prix Saint Jean-Paul II, qui s\u2019est d\u00e9roul\u00e9e le 22 mai dans la Sala Regia au Vatican, l\u2019archev\u00eaque Marek J\u0119draszewski, m\u00e9tropolite de Cracovie, qui est \u00e9galement l\u2019autorit\u00e9 sup\u00e9rieure de la Fondation vaticane Jean-Paul II, a soulign\u00e9 que la cr\u00e9ation de ce prix r\u00e9pondait \u00e0 deux raisons fondamentales : la premi\u00e8re d\u00e9coule de la n\u00e9cessit\u00e9 de soutenir les initiatives qui s\u2019appuient sur l\u2019h\u00e9ritage du Pape pour poursuivre son \u0153uvre et sa pens\u00e9e. La seconde tient \u00e0 la reconnaissance de l\u2019importante mission que cette fondation accomplit au sein de l\u2019\u00c9glise universelle.<\/em><\/p>\n\n\n\n<p><em>Voici le texte du discours de l\u2019archev\u00eaque de Cracovie.<\/em><\/p>\n\n\n\n<p>Tr\u00e8s R\u00e9v\u00e9rends Cardinaux et \u00c9v\u00eaques<br>V\u00e9n\u00e9rables pr\u00e9lats,<br>Chers fr\u00e8res dans le sacerdoce<br>R\u00e9v\u00e9rend P\u00e8re Leonard Olobo,<br>Mesdames et Messieurs les Ambassadeurs<br>Chers membres de la Fondation Jean-Paul II<br>Mesdames et Messieurs<\/p>\n\n\n\n<p>Quarante-trois ans se sont \u00e9coul\u00e9s depuis que Jean-Paul II a cr\u00e9\u00e9 la Fondation qui porte son nom dans l\u2019\u00c9tat de la Cit\u00e9 du Vatican pour soutenir \u00ab les initiatives religieuses, culturelles, pastorales et sociales au service des croyants polonais dans le pays et \u00e0 l\u2019\u00e9tranger \u2013 afin de maintenir et de renforcer les liens traditionnels entre eux et le Saint-Si\u00e8ge \u00bb, comme l\u2019indique le d\u00e9cret de fondation du 16 octobre 1981. Elle a vu le jour gr\u00e2ce \u00e0 l\u2019\u00e9troite collaboration avec le Saint-P\u00e8re des cercles d\u2019\u00e9migr\u00e9s polonais dans le monde entier, mais aussi de nombreuses personnes d\u2019autres nationalit\u00e9s, formant ensemble des cercles et des associations d\u2019Amis de la Fondation.<\/p>\n\n\n\n<p>En cr\u00e9ant la Fondation, saint Jean-Paul II pr\u00e9voyait \u2013 comme il l\u2019avait d\u00e9j\u00e0 exprim\u00e9 dans son discours du 7 novembre 1981 \u2013 que les liens entre l\u2019\u00c9glise en Pologne et Rome \u00ab acquerraient une profondeur et une dimension particuli\u00e8res pour r\u00e9pondre aux d\u00e9fis de notre temps et aux besoins de l\u2019\u00c9glise universelle et des \u00c9glises locales \u00bb.<\/p>\n\n\n\n<p>Apr\u00e8s dix ans d\u2019activit\u00e9, la Fondation a ouvert ses bras pour soutenir l\u2019\u00e9tude et la formation des jeunes des pays d\u2019Europe centrale et orientale. Il s\u2019agit l\u00e0 d\u2019une d\u00e9marche importante et clairvoyante. Elle rejoint les efforts des catholiques des pays occidentaux pour venir en aide aux jeunes des pays du bloc de l\u2019Est. \u00ab Combien cette \u0153uvre est pr\u00e9cieuse ! Qui investit dans l\u2019homme, dans son d\u00e9veloppement int\u00e9gral, n\u2019est jamais perdant ! Les fruits de cet investissement ne d\u00e9p\u00e9rissent pas \u00bb, a d\u00e9clar\u00e9 Jean-Paul II aux membres et aux sympathisants de la Fondation le 23 octobre 2001, soulignant ainsi son caract\u00e8re de plus en plus international et son impact mondial croissant. Cela exprime la dimension catholique de l\u2019\u00c9glise, qui unit des personnes de diff\u00e9rents pays et parlant diff\u00e9rentes langues par des liens de foi et de responsabilit\u00e9 pour t\u00e9moigner de l\u2019\u00c9vangile du Christ.<\/p>\n\n\n\n<p>Dans son d\u00e9cret du 16 octobre 2003, apr\u00e8s plus de 20 ans d\u2019activit\u00e9, sanctionnant le nouveau statut de la Fondation, Jean-Paul II a soulign\u00e9 qu\u2019elle devait servir \u00e0 \u00ab renforcer les liens [qui unissent] le Saint-Si\u00e8ge aux diff\u00e9rents peuples du monde, et en particulier \u00e0 la bien-aim\u00e9e nation polonaise \u00bb. Il y a donc un certain changement dans le fait que le mandat de la Fondation est de servir plusieurs nations.<\/p>\n\n\n\n<p>Dans son dernier discours \u00e0 la communaut\u00e9 de la Fondation, le 4 novembre 2003, Jean-Paul II a d\u00e9velopp\u00e9 ce point en d\u00e9clarant que : \u00ab [\u2026] le champ d\u2019activit\u00e9 de la Fondation s&rsquo;est \u00e9largi&nbsp;: elle a d\u00e9sormais un caract\u00e8re international \u00bb. Il a toutefois ajout\u00e9 qu\u2019il convenait de rappeler les \u00ab racines polonaises \u00bb de la cr\u00e9ation de cette Fondation au Vatican. Cela n\u2019a pas seulement une signification historique, mais aussi th\u00e9ologique et eccl\u00e9siale, montrant que la foi chr\u00e9tienne unit les gens dans la mission commune de t\u00e9moigner du Christ.<\/p>\n\n\n\n<p>Rome est un lieu particulier o\u00f9 convergent les routes des p\u00e8lerins et des missionnaires, o\u00f9 se croisent les chemins de la culture et de l\u2019histoire de peuples entiers et du christianisme lui-m\u00eame. \u00c0 Rome se manifeste \u00e9galement l\u2019universalit\u00e9 de l\u2019\u00c9glise, dont une expression particuli\u00e8re est la mission du successeur de Pierre de \u00ab confirmer les fr\u00e8res dans la foi \u00bb (cf. Lc 22, 32). La Fondation vaticane Jean-Paul II n\u2019est pas seulement la gardienne de la m\u00e9moire du Pape polonais, mais \u2013 comme l\u2019a voulu son fondateur \u2013 elle est aussi \u00ab un point visible situ\u00e9 au carrefour des routes qui de Rome conduisent vers le monde et du monde vers Rome \u00bb (7 novembre 1981).<\/p>\n\n\n\n<p>Notre rencontre d\u2019aujourd\u2019hui, \u00e0 l\u2019occasion de la remise du Prix Saint Jean-Paul II, en t\u00e9moigne. Cette initiative part de la conscience que \u00ab <em>sentire cum Petro<\/em> \u00bb signifie en m\u00eame temps \u00ab <em>sentire cum Ecclesia<\/em> \u00bb. L\u2019objectif de ce prix prestigieux est donc de servir le bien de l\u2019\u00c9glise tout enti\u00e8re. En m\u00eame temps, sa cr\u00e9ation est le fruit m\u00fbr des r\u00e9flexions des membres du Conseil d\u2019administration qui souhaitent ainsi que la Fondation du Vatican \u2013 probablement l\u2019une des plus anciennes institutions portant le nom de Jean-Paul II \u2013 soutienne et r\u00e9compense des activit\u00e9s qui s\u2019inspirent de l\u2019h\u00e9ritage du pape polonais. La Fondation vaticane Jean-Paul II souhaite ainsi remplir sa mission au sein de l\u2019\u00c9glise universelle.<\/p>\n\n\n\n<p>Je vous remercie de votre attention.<\/p>\n\n\n\n<p><em>Fot. Grzegorz Ga\u0142\u0105zka<\/em><\/p>\n","protected":false},"excerpt":{"rendered":"<p>Discours de l\u2019archev\u00eaque M. J\u0119draszewski lors de la c\u00e9r\u00e9monie de remise du Prix Saint Jean-Paul II<\/p>\n","protected":false},"author":5,"featured_media":2271,"comment_status":"open","ping_status":"open","sticky":false,"template":"","format":"standard","meta":{"_acf_changed":false,"_exactmetrics_skip_tracking":false,"_exactmetrics_sitenote_active":false,"_exactmetrics_sitenote_note":"","_exactmetrics_sitenote_category":0,"footnotes":""},"categories":[2,13,14],"tags":[],"class_list":["post-2270","post","type-post","status-publish","format-standard","has-post-thumbnail","hentry","category-articles","category-strona-glowna-najnowsze","category-strona-glowna-slider"],"acf":[],"yoast_head":"<!-- This site is optimized with the Yoast SEO plugin v26.2 - https:\/\/yoast.com\/wordpress\/plugins\/seo\/ -->\n<title>Au service de toute l\u2019\u00c9glise - Centre de Documentation et d\u2019Etude du Pontificat de Jean-Paul II \u00e0 Rome<\/title>\n<meta name=\"robots\" content=\"index, follow, max-snippet:-1, max-image-preview:large, max-video-preview:-1\" \/>\n<link rel=\"canonical\" href=\"https:\/\/jp2doc.pl\/fr\/2024\/06\/08\/au-service-de-toute-leglise\/\" \/>\n<meta property=\"og:locale\" content=\"fr_FR\" \/>\n<meta property=\"og:type\" content=\"article\" \/>\n<meta property=\"og:title\" content=\"Au service de toute l\u2019\u00c9glise - Centre de Documentation et d\u2019Etude du Pontificat de Jean-Paul II \u00e0 Rome\" \/>\n<meta property=\"og:description\" content=\"Discours de l\u2019archev\u00eaque M. J\u0119draszewski lors de la c\u00e9r\u00e9monie de remise du Prix Saint Jean-Paul II\" \/>\n<meta property=\"og:url\" content=\"https:\/\/jp2doc.pl\/fr\/2024\/06\/08\/au-service-de-toute-leglise\/\" \/>\n<meta property=\"og:site_name\" content=\"Centre de Documentation et d\u2019Etude du Pontificat de Jean-Paul II \u00e0 Rome\" \/>\n<meta property=\"article:published_time\" content=\"2024-06-08T14:09:48+00:00\" \/>\n<meta property=\"article:modified_time\" content=\"2024-06-08T14:11:36+00:00\" \/>\n<meta property=\"og:image\" content=\"https:\/\/jp2doc.pl\/fr\/wp-content\/uploads\/sites\/5\/2024\/06\/dddd.jpg\" \/>\n\t<meta property=\"og:image:width\" content=\"1226\" \/>\n\t<meta property=\"og:image:height\" content=\"689\" \/>\n\t<meta property=\"og:image:type\" content=\"image\/jpeg\" \/>\n<meta name=\"author\" content=\"juliasercanka\" \/>\n<meta name=\"twitter:card\" content=\"summary_large_image\" \/>\n<meta name=\"twitter:label1\" content=\"\u00c9crit par\" \/>\n\t<meta name=\"twitter:data1\" content=\"juliasercanka\" \/>\n\t<meta name=\"twitter:label2\" content=\"Dur\u00e9e de lecture estim\u00e9e\" \/>\n\t<meta name=\"twitter:data2\" content=\"5 minutes\" \/>\n<script type=\"application\/ld+json\" class=\"yoast-schema-graph\">{\"@context\":\"https:\/\/schema.org\",\"@graph\":[{\"@type\":\"Article\",\"@id\":\"https:\/\/jp2doc.pl\/fr\/2024\/06\/08\/au-service-de-toute-leglise\/#article\",\"isPartOf\":{\"@id\":\"https:\/\/jp2doc.pl\/fr\/2024\/06\/08\/au-service-de-toute-leglise\/\"},\"author\":{\"name\":\"juliasercanka\",\"@id\":\"https:\/\/jp2doc.pl\/fr\/#\/schema\/person\/6110109e80abb51f6fac4824777eabfe\"},\"headline\":\"Au service de toute l\u2019\u00c9glise\",\"datePublished\":\"2024-06-08T14:09:48+00:00\",\"dateModified\":\"2024-06-08T14:11:36+00:00\",\"mainEntityOfPage\":{\"@id\":\"https:\/\/jp2doc.pl\/fr\/2024\/06\/08\/au-service-de-toute-leglise\/\"},\"wordCount\":923,\"commentCount\":0,\"publisher\":{\"@id\":\"https:\/\/jp2doc.pl\/fr\/#organization\"},\"image\":{\"@id\":\"https:\/\/jp2doc.pl\/fr\/2024\/06\/08\/au-service-de-toute-leglise\/#primaryimage\"},\"thumbnailUrl\":\"https:\/\/jp2doc.pl\/fr\/wp-content\/uploads\/sites\/5\/2024\/06\/dddd.jpg\",\"articleSection\":[\"Articles\",\"Strona g\u0142\u00f3wna - najnowsze\",\"Strona g\u0142\u00f3wna - slider\"],\"inLanguage\":\"fr-FR\",\"potentialAction\":[{\"@type\":\"CommentAction\",\"name\":\"Comment\",\"target\":[\"https:\/\/jp2doc.pl\/fr\/2024\/06\/08\/au-service-de-toute-leglise\/#respond\"]}]},{\"@type\":\"WebPage\",\"@id\":\"https:\/\/jp2doc.pl\/fr\/2024\/06\/08\/au-service-de-toute-leglise\/\",\"url\":\"https:\/\/jp2doc.pl\/fr\/2024\/06\/08\/au-service-de-toute-leglise\/\",\"name\":\"Au service de toute l\u2019\u00c9glise - Centre de Documentation et d\u2019Etude du Pontificat de Jean-Paul II \u00e0 Rome\",\"isPartOf\":{\"@id\":\"https:\/\/jp2doc.pl\/fr\/#website\"},\"primaryImageOfPage\":{\"@id\":\"https:\/\/jp2doc.pl\/fr\/2024\/06\/08\/au-service-de-toute-leglise\/#primaryimage\"},\"image\":{\"@id\":\"https:\/\/jp2doc.pl\/fr\/2024\/06\/08\/au-service-de-toute-leglise\/#primaryimage\"},\"thumbnailUrl\":\"https:\/\/jp2doc.pl\/fr\/wp-content\/uploads\/sites\/5\/2024\/06\/dddd.jpg\",\"datePublished\":\"2024-06-08T14:09:48+00:00\",\"dateModified\":\"2024-06-08T14:11:36+00:00\",\"breadcrumb\":{\"@id\":\"https:\/\/jp2doc.pl\/fr\/2024\/06\/08\/au-service-de-toute-leglise\/#breadcrumb\"},\"inLanguage\":\"fr-FR\",\"potentialAction\":[{\"@type\":\"ReadAction\",\"target\":[\"https:\/\/jp2doc.pl\/fr\/2024\/06\/08\/au-service-de-toute-leglise\/\"]}]},{\"@type\":\"ImageObject\",\"inLanguage\":\"fr-FR\",\"@id\":\"https:\/\/jp2doc.pl\/fr\/2024\/06\/08\/au-service-de-toute-leglise\/#primaryimage\",\"url\":\"https:\/\/jp2doc.pl\/fr\/wp-content\/uploads\/sites\/5\/2024\/06\/dddd.jpg\",\"contentUrl\":\"https:\/\/jp2doc.pl\/fr\/wp-content\/uploads\/sites\/5\/2024\/06\/dddd.jpg\",\"width\":1226,\"height\":689,\"caption\":\"22\/05\/2024 Vatican City. Sala Regia of the Apostolic Palace. Award ceremony of the prize \\\"Premio San Giovanni Paolo II\\\" to father Leonard Olobo, Director of the John Paul II Justice and Peace Centre in Kampania (Uganda). This is the inaugural edition and the award was established on the 7.02.2023 in order to honor individuals, organizations or initiatives that make use of the teaching or inspiration of Saint John Paul II and contribute to the promotion of his heritage in the Church and in the world. Archbishop Metropolitan of Krakow Marek Jedraszewski.\"},{\"@type\":\"BreadcrumbList\",\"@id\":\"https:\/\/jp2doc.pl\/fr\/2024\/06\/08\/au-service-de-toute-leglise\/#breadcrumb\",\"itemListElement\":[{\"@type\":\"ListItem\",\"position\":1,\"name\":\"Home\",\"item\":\"https:\/\/jp2doc.pl\/fr\/\"},{\"@type\":\"ListItem\",\"position\":2,\"name\":\"Au service de toute l\u2019\u00c9glise\"}]},{\"@type\":\"WebSite\",\"@id\":\"https:\/\/jp2doc.pl\/fr\/#website\",\"url\":\"https:\/\/jp2doc.pl\/fr\/\",\"name\":\"Centre de Documentation et d\u2019Etude du Pontificat de Jean-Paul II \u00e0 Rome\",\"description\":\"\",\"publisher\":{\"@id\":\"https:\/\/jp2doc.pl\/fr\/#organization\"},\"potentialAction\":[{\"@type\":\"SearchAction\",\"target\":{\"@type\":\"EntryPoint\",\"urlTemplate\":\"https:\/\/jp2doc.pl\/fr\/?s={search_term_string}\"},\"query-input\":{\"@type\":\"PropertyValueSpecification\",\"valueRequired\":true,\"valueName\":\"search_term_string\"}}],\"inLanguage\":\"fr-FR\"},{\"@type\":\"Organization\",\"@id\":\"https:\/\/jp2doc.pl\/fr\/#organization\",\"name\":\"Centre de Documentation et d\u2019Etude du Pontificat de Jean-Paul II \u00e0 Rome\",\"url\":\"https:\/\/jp2doc.pl\/fr\/\",\"logo\":{\"@type\":\"ImageObject\",\"inLanguage\":\"fr-FR\",\"@id\":\"https:\/\/jp2doc.pl\/fr\/#\/schema\/logo\/image\/\",\"url\":\"https:\/\/jp2doc.pl\/fr\/wp-content\/uploads\/sites\/5\/2017\/03\/cropped-logo.png\",\"contentUrl\":\"https:\/\/jp2doc.pl\/fr\/wp-content\/uploads\/sites\/5\/2017\/03\/cropped-logo.png\",\"width\":115,\"height\":115,\"caption\":\"Centre de Documentation et d\u2019Etude du Pontificat de Jean-Paul II \u00e0 Rome\"},\"image\":{\"@id\":\"https:\/\/jp2doc.pl\/fr\/#\/schema\/logo\/image\/\"}},{\"@type\":\"Person\",\"@id\":\"https:\/\/jp2doc.pl\/fr\/#\/schema\/person\/6110109e80abb51f6fac4824777eabfe\",\"name\":\"juliasercanka\",\"image\":{\"@type\":\"ImageObject\",\"inLanguage\":\"fr-FR\",\"@id\":\"https:\/\/jp2doc.pl\/fr\/#\/schema\/person\/image\/\",\"url\":\"https:\/\/secure.gravatar.com\/avatar\/266a66e864556e22d55d61b6b10c97fab9060767b738564bcd109f3997e372bc?s=96&d=mm&r=g\",\"contentUrl\":\"https:\/\/secure.gravatar.com\/avatar\/266a66e864556e22d55d61b6b10c97fab9060767b738564bcd109f3997e372bc?s=96&d=mm&r=g\",\"caption\":\"juliasercanka\"},\"url\":\"https:\/\/jp2doc.pl\/fr\/author\/juliasercanka\/\"}]}<\/script>\n<!-- \/ Yoast SEO plugin. -->","yoast_head_json":{"title":"Au service de toute l\u2019\u00c9glise - Centre de Documentation et d\u2019Etude du Pontificat de Jean-Paul II \u00e0 Rome","robots":{"index":"index","follow":"follow","max-snippet":"max-snippet:-1","max-image-preview":"max-image-preview:large","max-video-preview":"max-video-preview:-1"},"canonical":"https:\/\/jp2doc.pl\/fr\/2024\/06\/08\/au-service-de-toute-leglise\/","og_locale":"fr_FR","og_type":"article","og_title":"Au service de toute l\u2019\u00c9glise - Centre de Documentation et d\u2019Etude du Pontificat de Jean-Paul II \u00e0 Rome","og_description":"Discours de l\u2019archev\u00eaque M. J\u0119draszewski lors de la c\u00e9r\u00e9monie de remise du Prix Saint Jean-Paul II","og_url":"https:\/\/jp2doc.pl\/fr\/2024\/06\/08\/au-service-de-toute-leglise\/","og_site_name":"Centre de Documentation et d\u2019Etude du Pontificat de Jean-Paul II \u00e0 Rome","article_published_time":"2024-06-08T14:09:48+00:00","article_modified_time":"2024-06-08T14:11:36+00:00","og_image":[{"width":1226,"height":689,"url":"https:\/\/jp2doc.pl\/fr\/wp-content\/uploads\/sites\/5\/2024\/06\/dddd.jpg","type":"image\/jpeg"}],"author":"juliasercanka","twitter_card":"summary_large_image","twitter_misc":{"\u00c9crit par":"juliasercanka","Dur\u00e9e de lecture estim\u00e9e":"5 minutes"},"schema":{"@context":"https:\/\/schema.org","@graph":[{"@type":"Article","@id":"https:\/\/jp2doc.pl\/fr\/2024\/06\/08\/au-service-de-toute-leglise\/#article","isPartOf":{"@id":"https:\/\/jp2doc.pl\/fr\/2024\/06\/08\/au-service-de-toute-leglise\/"},"author":{"name":"juliasercanka","@id":"https:\/\/jp2doc.pl\/fr\/#\/schema\/person\/6110109e80abb51f6fac4824777eabfe"},"headline":"Au service de toute l\u2019\u00c9glise","datePublished":"2024-06-08T14:09:48+00:00","dateModified":"2024-06-08T14:11:36+00:00","mainEntityOfPage":{"@id":"https:\/\/jp2doc.pl\/fr\/2024\/06\/08\/au-service-de-toute-leglise\/"},"wordCount":923,"commentCount":0,"publisher":{"@id":"https:\/\/jp2doc.pl\/fr\/#organization"},"image":{"@id":"https:\/\/jp2doc.pl\/fr\/2024\/06\/08\/au-service-de-toute-leglise\/#primaryimage"},"thumbnailUrl":"https:\/\/jp2doc.pl\/fr\/wp-content\/uploads\/sites\/5\/2024\/06\/dddd.jpg","articleSection":["Articles","Strona g\u0142\u00f3wna - najnowsze","Strona g\u0142\u00f3wna - slider"],"inLanguage":"fr-FR","potentialAction":[{"@type":"CommentAction","name":"Comment","target":["https:\/\/jp2doc.pl\/fr\/2024\/06\/08\/au-service-de-toute-leglise\/#respond"]}]},{"@type":"WebPage","@id":"https:\/\/jp2doc.pl\/fr\/2024\/06\/08\/au-service-de-toute-leglise\/","url":"https:\/\/jp2doc.pl\/fr\/2024\/06\/08\/au-service-de-toute-leglise\/","name":"Au service de toute l\u2019\u00c9glise - Centre de Documentation et d\u2019Etude du Pontificat de Jean-Paul II \u00e0 Rome","isPartOf":{"@id":"https:\/\/jp2doc.pl\/fr\/#website"},"primaryImageOfPage":{"@id":"https:\/\/jp2doc.pl\/fr\/2024\/06\/08\/au-service-de-toute-leglise\/#primaryimage"},"image":{"@id":"https:\/\/jp2doc.pl\/fr\/2024\/06\/08\/au-service-de-toute-leglise\/#primaryimage"},"thumbnailUrl":"https:\/\/jp2doc.pl\/fr\/wp-content\/uploads\/sites\/5\/2024\/06\/dddd.jpg","datePublished":"2024-06-08T14:09:48+00:00","dateModified":"2024-06-08T14:11:36+00:00","breadcrumb":{"@id":"https:\/\/jp2doc.pl\/fr\/2024\/06\/08\/au-service-de-toute-leglise\/#breadcrumb"},"inLanguage":"fr-FR","potentialAction":[{"@type":"ReadAction","target":["https:\/\/jp2doc.pl\/fr\/2024\/06\/08\/au-service-de-toute-leglise\/"]}]},{"@type":"ImageObject","inLanguage":"fr-FR","@id":"https:\/\/jp2doc.pl\/fr\/2024\/06\/08\/au-service-de-toute-leglise\/#primaryimage","url":"https:\/\/jp2doc.pl\/fr\/wp-content\/uploads\/sites\/5\/2024\/06\/dddd.jpg","contentUrl":"https:\/\/jp2doc.pl\/fr\/wp-content\/uploads\/sites\/5\/2024\/06\/dddd.jpg","width":1226,"height":689,"caption":"22\/05\/2024 Vatican City. Sala Regia of the Apostolic Palace. Award ceremony of the prize \"Premio San Giovanni Paolo II\" to father Leonard Olobo, Director of the John Paul II Justice and Peace Centre in Kampania (Uganda). This is the inaugural edition and the award was established on the 7.02.2023 in order to honor individuals, organizations or initiatives that make use of the teaching or inspiration of Saint John Paul II and contribute to the promotion of his heritage in the Church and in the world. Archbishop Metropolitan of Krakow Marek Jedraszewski."},{"@type":"BreadcrumbList","@id":"https:\/\/jp2doc.pl\/fr\/2024\/06\/08\/au-service-de-toute-leglise\/#breadcrumb","itemListElement":[{"@type":"ListItem","position":1,"name":"Home","item":"https:\/\/jp2doc.pl\/fr\/"},{"@type":"ListItem","position":2,"name":"Au service de toute l\u2019\u00c9glise"}]},{"@type":"WebSite","@id":"https:\/\/jp2doc.pl\/fr\/#website","url":"https:\/\/jp2doc.pl\/fr\/","name":"Centre de Documentation et d\u2019Etude du Pontificat de Jean-Paul II \u00e0 Rome","description":"","publisher":{"@id":"https:\/\/jp2doc.pl\/fr\/#organization"},"potentialAction":[{"@type":"SearchAction","target":{"@type":"EntryPoint","urlTemplate":"https:\/\/jp2doc.pl\/fr\/?s={search_term_string}"},"query-input":{"@type":"PropertyValueSpecification","valueRequired":true,"valueName":"search_term_string"}}],"inLanguage":"fr-FR"},{"@type":"Organization","@id":"https:\/\/jp2doc.pl\/fr\/#organization","name":"Centre de Documentation et d\u2019Etude du Pontificat de Jean-Paul II \u00e0 Rome","url":"https:\/\/jp2doc.pl\/fr\/","logo":{"@type":"ImageObject","inLanguage":"fr-FR","@id":"https:\/\/jp2doc.pl\/fr\/#\/schema\/logo\/image\/","url":"https:\/\/jp2doc.pl\/fr\/wp-content\/uploads\/sites\/5\/2017\/03\/cropped-logo.png","contentUrl":"https:\/\/jp2doc.pl\/fr\/wp-content\/uploads\/sites\/5\/2017\/03\/cropped-logo.png","width":115,"height":115,"caption":"Centre de Documentation et d\u2019Etude du Pontificat de Jean-Paul II \u00e0 Rome"},"image":{"@id":"https:\/\/jp2doc.pl\/fr\/#\/schema\/logo\/image\/"}},{"@type":"Person","@id":"https:\/\/jp2doc.pl\/fr\/#\/schema\/person\/6110109e80abb51f6fac4824777eabfe","name":"juliasercanka","image":{"@type":"ImageObject","inLanguage":"fr-FR","@id":"https:\/\/jp2doc.pl\/fr\/#\/schema\/person\/image\/","url":"https:\/\/secure.gravatar.com\/avatar\/266a66e864556e22d55d61b6b10c97fab9060767b738564bcd109f3997e372bc?s=96&d=mm&r=g","contentUrl":"https:\/\/secure.gravatar.com\/avatar\/266a66e864556e22d55d61b6b10c97fab9060767b738564bcd109f3997e372bc?s=96&d=mm&r=g","caption":"juliasercanka"},"url":"https:\/\/jp2doc.pl\/fr\/author\/juliasercanka\/"}]}},"_links":{"self":[{"href":"https:\/\/jp2doc.pl\/fr\/wp-json\/wp\/v2\/posts\/2270","targetHints":{"allow":["GET"]}}],"collection":[{"href":"https:\/\/jp2doc.pl\/fr\/wp-json\/wp\/v2\/posts"}],"about":[{"href":"https:\/\/jp2doc.pl\/fr\/wp-json\/wp\/v2\/types\/post"}],"author":[{"embeddable":true,"href":"https:\/\/jp2doc.pl\/fr\/wp-json\/wp\/v2\/users\/5"}],"replies":[{"embeddable":true,"href":"https:\/\/jp2doc.pl\/fr\/wp-json\/wp\/v2\/comments?post=2270"}],"version-history":[{"count":2,"href":"https:\/\/jp2doc.pl\/fr\/wp-json\/wp\/v2\/posts\/2270\/revisions"}],"predecessor-version":[{"id":2273,"href":"https:\/\/jp2doc.pl\/fr\/wp-json\/wp\/v2\/posts\/2270\/revisions\/2273"}],"wp:featuredmedia":[{"embeddable":true,"href":"https:\/\/jp2doc.pl\/fr\/wp-json\/wp\/v2\/media\/2271"}],"wp:attachment":[{"href":"https:\/\/jp2doc.pl\/fr\/wp-json\/wp\/v2\/media?parent=2270"}],"wp:term":[{"taxonomy":"category","embeddable":true,"href":"https:\/\/jp2doc.pl\/fr\/wp-json\/wp\/v2\/categories?post=2270"},{"taxonomy":"post_tag","embeddable":true,"href":"https:\/\/jp2doc.pl\/fr\/wp-json\/wp\/v2\/tags?post=2270"}],"curies":[{"name":"wp","href":"https:\/\/api.w.org\/{rel}","templated":true}]}}