{"id":344,"date":"2017-03-27T14:27:39","date_gmt":"2017-03-27T12:27:39","guid":{"rendered":"http:\/\/jp2doc.pl\/?p=344"},"modified":"2017-04-04T11:46:38","modified_gmt":"2017-04-04T09:46:38","slug":"jan-pawel-ii-z-matka-boza-czestochowska","status":"publish","type":"post","link":"https:\/\/jp2doc.pl\/fr\/2017\/03\/27\/jan-pawel-ii-z-matka-boza-czestochowska\/","title":{"rendered":"Jean Paul II avec Notre Dame de Cz\u0119stochowa"},"content":{"rendered":"<p>tableau par Zbigniew Koty\u0142\u0142o offert \u00e0 Jean Paul II en 1988 par les Soeurs R\u00e9paratrices de la Sainte Face (Siostry Wynagrodzicielki Naj\u015bwi\u0119tszego Oblicza) reconnaissantes pour la beatification de leur fondateur, le p\u00e8re Honorat Ko\u017ami\u0144ski. .<\/p>\n","protected":false},"excerpt":{"rendered":"<p>tableau par Zbigniew Koty\u0142\u0142o offert \u00e0 Jean Paul II en 1988 par les Soeurs R\u00e9paratrices de la Sainte Face (Siostry Wynagrodzicielki Naj\u015bwi\u0119tszego Oblicza) reconnaissantes pour la beatification de leur fondateur, le p\u00e8re Honorat Ko\u017ami\u0144ski. .<\/p>\n","protected":false},"author":2,"featured_media":345,"comment_status":"open","ping_status":"open","sticky":false,"template":"template-post-gallery.php","format":"standard","meta":{"_acf_changed":false,"_exactmetrics_skip_tracking":false,"_exactmetrics_sitenote_active":false,"_exactmetrics_sitenote_note":"","_exactmetrics_sitenote_category":0,"footnotes":""},"categories":[1,5,6],"tags":[],"class_list":["post-344","post","type-post","status-publish","format-standard","has-post-thumbnail","hentry","category-bez-kategorii","category-galeria","category-muzealia"],"acf":[],"yoast_head":"<!-- This site is optimized with the Yoast SEO plugin v26.2 - https:\/\/yoast.com\/wordpress\/plugins\/seo\/ -->\n<title>Jean Paul II avec Notre Dame de Cz\u0119stochowa - Centre de Documentation et d\u2019Etude du Pontificat de Jean-Paul II \u00e0 Rome<\/title>\n<meta name=\"robots\" content=\"index, follow, max-snippet:-1, max-image-preview:large, max-video-preview:-1\" \/>\n<link rel=\"canonical\" href=\"https:\/\/jp2doc.pl\/fr\/2017\/03\/27\/jan-pawel-ii-z-matka-boza-czestochowska\/\" \/>\n<meta property=\"og:locale\" content=\"fr_FR\" \/>\n<meta property=\"og:type\" content=\"article\" \/>\n<meta property=\"og:title\" content=\"Jean Paul II avec Notre Dame de Cz\u0119stochowa - Centre de Documentation et d\u2019Etude du Pontificat de Jean-Paul II \u00e0 Rome\" \/>\n<meta property=\"og:description\" content=\"tableau par Zbigniew Koty\u0142\u0142o offert \u00e0 Jean Paul II en 1988 par les Soeurs R\u00e9paratrices de la Sainte Face (Siostry Wynagrodzicielki Naj\u015bwi\u0119tszego Oblicza) reconnaissantes pour la beatification de leur fondateur, le p\u00e8re Honorat Ko\u017ami\u0144ski. .\" \/>\n<meta property=\"og:url\" content=\"https:\/\/jp2doc.pl\/fr\/2017\/03\/27\/jan-pawel-ii-z-matka-boza-czestochowska\/\" \/>\n<meta property=\"og:site_name\" content=\"Centre de Documentation et d\u2019Etude du Pontificat de Jean-Paul II \u00e0 Rome\" \/>\n<meta property=\"article:published_time\" content=\"2017-03-27T12:27:39+00:00\" \/>\n<meta property=\"article:modified_time\" content=\"2017-04-04T09:46:38+00:00\" \/>\n<meta property=\"og:image\" content=\"https:\/\/jp2doc.pl\/fr\/wp-content\/uploads\/sites\/5\/2017\/03\/Zbiory40-e1490617651814.jpg\" \/>\n\t<meta property=\"og:image:width\" content=\"1000\" \/>\n\t<meta property=\"og:image:height\" content=\"1000\" \/>\n\t<meta property=\"og:image:type\" content=\"image\/jpeg\" \/>\n<meta name=\"author\" content=\"Anna Rudzicka\" \/>\n<meta name=\"twitter:card\" content=\"summary_large_image\" \/>\n<meta name=\"twitter:label1\" content=\"\u00c9crit par\" \/>\n\t<meta name=\"twitter:data1\" content=\"Anna Rudzicka\" \/>\n<script type=\"application\/ld+json\" class=\"yoast-schema-graph\">{\"@context\":\"https:\/\/schema.org\",\"@graph\":[{\"@type\":\"Article\",\"@id\":\"https:\/\/jp2doc.pl\/fr\/2017\/03\/27\/jan-pawel-ii-z-matka-boza-czestochowska\/#article\",\"isPartOf\":{\"@id\":\"https:\/\/jp2doc.pl\/fr\/2017\/03\/27\/jan-pawel-ii-z-matka-boza-czestochowska\/\"},\"author\":{\"name\":\"Anna Rudzicka\",\"@id\":\"https:\/\/jp2doc.pl\/fr\/#\/schema\/person\/bdb6226d49bc071fa63fbcdc7c8018ea\"},\"headline\":\"Jean Paul II avec Notre Dame de Cz\u0119stochowa\",\"datePublished\":\"2017-03-27T12:27:39+00:00\",\"dateModified\":\"2017-04-04T09:46:38+00:00\",\"mainEntityOfPage\":{\"@id\":\"https:\/\/jp2doc.pl\/fr\/2017\/03\/27\/jan-pawel-ii-z-matka-boza-czestochowska\/\"},\"wordCount\":48,\"commentCount\":0,\"publisher\":{\"@id\":\"https:\/\/jp2doc.pl\/fr\/#organization\"},\"image\":{\"@id\":\"https:\/\/jp2doc.pl\/fr\/2017\/03\/27\/jan-pawel-ii-z-matka-boza-czestochowska\/#primaryimage\"},\"thumbnailUrl\":\"https:\/\/jp2doc.pl\/fr\/wp-content\/uploads\/sites\/5\/2017\/03\/Zbiory40-e1490617651814.jpg\",\"articleSection\":[\"Bez kategorii\",\"Galeria\",\"Pi\u00e8ces de mus\u00e9e\"],\"inLanguage\":\"fr-FR\",\"potentialAction\":[{\"@type\":\"CommentAction\",\"name\":\"Comment\",\"target\":[\"https:\/\/jp2doc.pl\/fr\/2017\/03\/27\/jan-pawel-ii-z-matka-boza-czestochowska\/#respond\"]}]},{\"@type\":\"WebPage\",\"@id\":\"https:\/\/jp2doc.pl\/fr\/2017\/03\/27\/jan-pawel-ii-z-matka-boza-czestochowska\/\",\"url\":\"https:\/\/jp2doc.pl\/fr\/2017\/03\/27\/jan-pawel-ii-z-matka-boza-czestochowska\/\",\"name\":\"Jean Paul II avec Notre Dame de Cz\u0119stochowa - Centre de Documentation et d\u2019Etude du Pontificat de Jean-Paul II \u00e0 Rome\",\"isPartOf\":{\"@id\":\"https:\/\/jp2doc.pl\/fr\/#website\"},\"primaryImageOfPage\":{\"@id\":\"https:\/\/jp2doc.pl\/fr\/2017\/03\/27\/jan-pawel-ii-z-matka-boza-czestochowska\/#primaryimage\"},\"image\":{\"@id\":\"https:\/\/jp2doc.pl\/fr\/2017\/03\/27\/jan-pawel-ii-z-matka-boza-czestochowska\/#primaryimage\"},\"thumbnailUrl\":\"https:\/\/jp2doc.pl\/fr\/wp-content\/uploads\/sites\/5\/2017\/03\/Zbiory40-e1490617651814.jpg\",\"datePublished\":\"2017-03-27T12:27:39+00:00\",\"dateModified\":\"2017-04-04T09:46:38+00:00\",\"breadcrumb\":{\"@id\":\"https:\/\/jp2doc.pl\/fr\/2017\/03\/27\/jan-pawel-ii-z-matka-boza-czestochowska\/#breadcrumb\"},\"inLanguage\":\"fr-FR\",\"potentialAction\":[{\"@type\":\"ReadAction\",\"target\":[\"https:\/\/jp2doc.pl\/fr\/2017\/03\/27\/jan-pawel-ii-z-matka-boza-czestochowska\/\"]}]},{\"@type\":\"ImageObject\",\"inLanguage\":\"fr-FR\",\"@id\":\"https:\/\/jp2doc.pl\/fr\/2017\/03\/27\/jan-pawel-ii-z-matka-boza-czestochowska\/#primaryimage\",\"url\":\"https:\/\/jp2doc.pl\/fr\/wp-content\/uploads\/sites\/5\/2017\/03\/Zbiory40-e1490617651814.jpg\",\"contentUrl\":\"https:\/\/jp2doc.pl\/fr\/wp-content\/uploads\/sites\/5\/2017\/03\/Zbiory40-e1490617651814.jpg\",\"width\":1000,\"height\":1000},{\"@type\":\"BreadcrumbList\",\"@id\":\"https:\/\/jp2doc.pl\/fr\/2017\/03\/27\/jan-pawel-ii-z-matka-boza-czestochowska\/#breadcrumb\",\"itemListElement\":[{\"@type\":\"ListItem\",\"position\":1,\"name\":\"Home\",\"item\":\"https:\/\/jp2doc.pl\/fr\/\"},{\"@type\":\"ListItem\",\"position\":2,\"name\":\"Jean Paul II avec Notre Dame de Cz\u0119stochowa\"}]},{\"@type\":\"WebSite\",\"@id\":\"https:\/\/jp2doc.pl\/fr\/#website\",\"url\":\"https:\/\/jp2doc.pl\/fr\/\",\"name\":\"Centre de Documentation et d\u2019Etude du Pontificat de Jean-Paul II \u00e0 Rome\",\"description\":\"\",\"publisher\":{\"@id\":\"https:\/\/jp2doc.pl\/fr\/#organization\"},\"potentialAction\":[{\"@type\":\"SearchAction\",\"target\":{\"@type\":\"EntryPoint\",\"urlTemplate\":\"https:\/\/jp2doc.pl\/fr\/?s={search_term_string}\"},\"query-input\":{\"@type\":\"PropertyValueSpecification\",\"valueRequired\":true,\"valueName\":\"search_term_string\"}}],\"inLanguage\":\"fr-FR\"},{\"@type\":\"Organization\",\"@id\":\"https:\/\/jp2doc.pl\/fr\/#organization\",\"name\":\"Centre de Documentation et d\u2019Etude du Pontificat de Jean-Paul II \u00e0 Rome\",\"url\":\"https:\/\/jp2doc.pl\/fr\/\",\"logo\":{\"@type\":\"ImageObject\",\"inLanguage\":\"fr-FR\",\"@id\":\"https:\/\/jp2doc.pl\/fr\/#\/schema\/logo\/image\/\",\"url\":\"https:\/\/jp2doc.pl\/fr\/wp-content\/uploads\/sites\/5\/2017\/03\/cropped-logo.png\",\"contentUrl\":\"https:\/\/jp2doc.pl\/fr\/wp-content\/uploads\/sites\/5\/2017\/03\/cropped-logo.png\",\"width\":115,\"height\":115,\"caption\":\"Centre de Documentation et d\u2019Etude du Pontificat de Jean-Paul II \u00e0 Rome\"},\"image\":{\"@id\":\"https:\/\/jp2doc.pl\/fr\/#\/schema\/logo\/image\/\"}},{\"@type\":\"Person\",\"@id\":\"https:\/\/jp2doc.pl\/fr\/#\/schema\/person\/bdb6226d49bc071fa63fbcdc7c8018ea\",\"name\":\"Anna Rudzicka\",\"image\":{\"@type\":\"ImageObject\",\"inLanguage\":\"fr-FR\",\"@id\":\"https:\/\/jp2doc.pl\/fr\/#\/schema\/person\/image\/\",\"url\":\"https:\/\/secure.gravatar.com\/avatar\/3ec0a7913913c54ed56083375aea7afda203c4bb047ff7e8a0c2776876a5341e?s=96&d=mm&r=g\",\"contentUrl\":\"https:\/\/secure.gravatar.com\/avatar\/3ec0a7913913c54ed56083375aea7afda203c4bb047ff7e8a0c2776876a5341e?s=96&d=mm&r=g\",\"caption\":\"Anna Rudzicka\"},\"url\":\"https:\/\/jp2doc.pl\/fr\/author\/ania\/\"}]}<\/script>\n<!-- \/ Yoast SEO plugin. -->","yoast_head_json":{"title":"Jean Paul II avec Notre Dame de Cz\u0119stochowa - Centre de Documentation et d\u2019Etude du Pontificat de Jean-Paul II \u00e0 Rome","robots":{"index":"index","follow":"follow","max-snippet":"max-snippet:-1","max-image-preview":"max-image-preview:large","max-video-preview":"max-video-preview:-1"},"canonical":"https:\/\/jp2doc.pl\/fr\/2017\/03\/27\/jan-pawel-ii-z-matka-boza-czestochowska\/","og_locale":"fr_FR","og_type":"article","og_title":"Jean Paul II avec Notre Dame de Cz\u0119stochowa - Centre de Documentation et d\u2019Etude du Pontificat de Jean-Paul II \u00e0 Rome","og_description":"tableau par Zbigniew Koty\u0142\u0142o offert \u00e0 Jean Paul II en 1988 par les Soeurs R\u00e9paratrices de la Sainte Face (Siostry Wynagrodzicielki Naj\u015bwi\u0119tszego Oblicza) reconnaissantes pour la beatification de leur fondateur, le p\u00e8re Honorat Ko\u017ami\u0144ski. .","og_url":"https:\/\/jp2doc.pl\/fr\/2017\/03\/27\/jan-pawel-ii-z-matka-boza-czestochowska\/","og_site_name":"Centre de Documentation et d\u2019Etude du Pontificat de Jean-Paul II \u00e0 Rome","article_published_time":"2017-03-27T12:27:39+00:00","article_modified_time":"2017-04-04T09:46:38+00:00","og_image":[{"width":1000,"height":1000,"url":"https:\/\/jp2doc.pl\/fr\/wp-content\/uploads\/sites\/5\/2017\/03\/Zbiory40-e1490617651814.jpg","type":"image\/jpeg"}],"author":"Anna Rudzicka","twitter_card":"summary_large_image","twitter_misc":{"\u00c9crit par":"Anna Rudzicka"},"schema":{"@context":"https:\/\/schema.org","@graph":[{"@type":"Article","@id":"https:\/\/jp2doc.pl\/fr\/2017\/03\/27\/jan-pawel-ii-z-matka-boza-czestochowska\/#article","isPartOf":{"@id":"https:\/\/jp2doc.pl\/fr\/2017\/03\/27\/jan-pawel-ii-z-matka-boza-czestochowska\/"},"author":{"name":"Anna Rudzicka","@id":"https:\/\/jp2doc.pl\/fr\/#\/schema\/person\/bdb6226d49bc071fa63fbcdc7c8018ea"},"headline":"Jean Paul II avec Notre Dame de Cz\u0119stochowa","datePublished":"2017-03-27T12:27:39+00:00","dateModified":"2017-04-04T09:46:38+00:00","mainEntityOfPage":{"@id":"https:\/\/jp2doc.pl\/fr\/2017\/03\/27\/jan-pawel-ii-z-matka-boza-czestochowska\/"},"wordCount":48,"commentCount":0,"publisher":{"@id":"https:\/\/jp2doc.pl\/fr\/#organization"},"image":{"@id":"https:\/\/jp2doc.pl\/fr\/2017\/03\/27\/jan-pawel-ii-z-matka-boza-czestochowska\/#primaryimage"},"thumbnailUrl":"https:\/\/jp2doc.pl\/fr\/wp-content\/uploads\/sites\/5\/2017\/03\/Zbiory40-e1490617651814.jpg","articleSection":["Bez kategorii","Galeria","Pi\u00e8ces de mus\u00e9e"],"inLanguage":"fr-FR","potentialAction":[{"@type":"CommentAction","name":"Comment","target":["https:\/\/jp2doc.pl\/fr\/2017\/03\/27\/jan-pawel-ii-z-matka-boza-czestochowska\/#respond"]}]},{"@type":"WebPage","@id":"https:\/\/jp2doc.pl\/fr\/2017\/03\/27\/jan-pawel-ii-z-matka-boza-czestochowska\/","url":"https:\/\/jp2doc.pl\/fr\/2017\/03\/27\/jan-pawel-ii-z-matka-boza-czestochowska\/","name":"Jean Paul II avec Notre Dame de Cz\u0119stochowa - Centre de Documentation et d\u2019Etude du Pontificat de Jean-Paul II \u00e0 Rome","isPartOf":{"@id":"https:\/\/jp2doc.pl\/fr\/#website"},"primaryImageOfPage":{"@id":"https:\/\/jp2doc.pl\/fr\/2017\/03\/27\/jan-pawel-ii-z-matka-boza-czestochowska\/#primaryimage"},"image":{"@id":"https:\/\/jp2doc.pl\/fr\/2017\/03\/27\/jan-pawel-ii-z-matka-boza-czestochowska\/#primaryimage"},"thumbnailUrl":"https:\/\/jp2doc.pl\/fr\/wp-content\/uploads\/sites\/5\/2017\/03\/Zbiory40-e1490617651814.jpg","datePublished":"2017-03-27T12:27:39+00:00","dateModified":"2017-04-04T09:46:38+00:00","breadcrumb":{"@id":"https:\/\/jp2doc.pl\/fr\/2017\/03\/27\/jan-pawel-ii-z-matka-boza-czestochowska\/#breadcrumb"},"inLanguage":"fr-FR","potentialAction":[{"@type":"ReadAction","target":["https:\/\/jp2doc.pl\/fr\/2017\/03\/27\/jan-pawel-ii-z-matka-boza-czestochowska\/"]}]},{"@type":"ImageObject","inLanguage":"fr-FR","@id":"https:\/\/jp2doc.pl\/fr\/2017\/03\/27\/jan-pawel-ii-z-matka-boza-czestochowska\/#primaryimage","url":"https:\/\/jp2doc.pl\/fr\/wp-content\/uploads\/sites\/5\/2017\/03\/Zbiory40-e1490617651814.jpg","contentUrl":"https:\/\/jp2doc.pl\/fr\/wp-content\/uploads\/sites\/5\/2017\/03\/Zbiory40-e1490617651814.jpg","width":1000,"height":1000},{"@type":"BreadcrumbList","@id":"https:\/\/jp2doc.pl\/fr\/2017\/03\/27\/jan-pawel-ii-z-matka-boza-czestochowska\/#breadcrumb","itemListElement":[{"@type":"ListItem","position":1,"name":"Home","item":"https:\/\/jp2doc.pl\/fr\/"},{"@type":"ListItem","position":2,"name":"Jean Paul II avec Notre Dame de Cz\u0119stochowa"}]},{"@type":"WebSite","@id":"https:\/\/jp2doc.pl\/fr\/#website","url":"https:\/\/jp2doc.pl\/fr\/","name":"Centre de Documentation et d\u2019Etude du Pontificat de Jean-Paul II \u00e0 Rome","description":"","publisher":{"@id":"https:\/\/jp2doc.pl\/fr\/#organization"},"potentialAction":[{"@type":"SearchAction","target":{"@type":"EntryPoint","urlTemplate":"https:\/\/jp2doc.pl\/fr\/?s={search_term_string}"},"query-input":{"@type":"PropertyValueSpecification","valueRequired":true,"valueName":"search_term_string"}}],"inLanguage":"fr-FR"},{"@type":"Organization","@id":"https:\/\/jp2doc.pl\/fr\/#organization","name":"Centre de Documentation et d\u2019Etude du Pontificat de Jean-Paul II \u00e0 Rome","url":"https:\/\/jp2doc.pl\/fr\/","logo":{"@type":"ImageObject","inLanguage":"fr-FR","@id":"https:\/\/jp2doc.pl\/fr\/#\/schema\/logo\/image\/","url":"https:\/\/jp2doc.pl\/fr\/wp-content\/uploads\/sites\/5\/2017\/03\/cropped-logo.png","contentUrl":"https:\/\/jp2doc.pl\/fr\/wp-content\/uploads\/sites\/5\/2017\/03\/cropped-logo.png","width":115,"height":115,"caption":"Centre de Documentation et d\u2019Etude du Pontificat de Jean-Paul II \u00e0 Rome"},"image":{"@id":"https:\/\/jp2doc.pl\/fr\/#\/schema\/logo\/image\/"}},{"@type":"Person","@id":"https:\/\/jp2doc.pl\/fr\/#\/schema\/person\/bdb6226d49bc071fa63fbcdc7c8018ea","name":"Anna Rudzicka","image":{"@type":"ImageObject","inLanguage":"fr-FR","@id":"https:\/\/jp2doc.pl\/fr\/#\/schema\/person\/image\/","url":"https:\/\/secure.gravatar.com\/avatar\/3ec0a7913913c54ed56083375aea7afda203c4bb047ff7e8a0c2776876a5341e?s=96&d=mm&r=g","contentUrl":"https:\/\/secure.gravatar.com\/avatar\/3ec0a7913913c54ed56083375aea7afda203c4bb047ff7e8a0c2776876a5341e?s=96&d=mm&r=g","caption":"Anna Rudzicka"},"url":"https:\/\/jp2doc.pl\/fr\/author\/ania\/"}]}},"_links":{"self":[{"href":"https:\/\/jp2doc.pl\/fr\/wp-json\/wp\/v2\/posts\/344","targetHints":{"allow":["GET"]}}],"collection":[{"href":"https:\/\/jp2doc.pl\/fr\/wp-json\/wp\/v2\/posts"}],"about":[{"href":"https:\/\/jp2doc.pl\/fr\/wp-json\/wp\/v2\/types\/post"}],"author":[{"embeddable":true,"href":"https:\/\/jp2doc.pl\/fr\/wp-json\/wp\/v2\/users\/2"}],"replies":[{"embeddable":true,"href":"https:\/\/jp2doc.pl\/fr\/wp-json\/wp\/v2\/comments?post=344"}],"version-history":[{"count":1,"href":"https:\/\/jp2doc.pl\/fr\/wp-json\/wp\/v2\/posts\/344\/revisions"}],"predecessor-version":[{"id":847,"href":"https:\/\/jp2doc.pl\/fr\/wp-json\/wp\/v2\/posts\/344\/revisions\/847"}],"wp:featuredmedia":[{"embeddable":true,"href":"https:\/\/jp2doc.pl\/fr\/wp-json\/wp\/v2\/media\/345"}],"wp:attachment":[{"href":"https:\/\/jp2doc.pl\/fr\/wp-json\/wp\/v2\/media?parent=344"}],"wp:term":[{"taxonomy":"category","embeddable":true,"href":"https:\/\/jp2doc.pl\/fr\/wp-json\/wp\/v2\/categories?post=344"},{"taxonomy":"post_tag","embeddable":true,"href":"https:\/\/jp2doc.pl\/fr\/wp-json\/wp\/v2\/tags?post=344"}],"curies":[{"name":"wp","href":"https:\/\/api.w.org\/{rel}","templated":true}]}}