{"id":387,"date":"2017-03-27T15:41:05","date_gmt":"2017-03-27T13:41:05","guid":{"rendered":"http:\/\/jp2doc.pl\/?p=387"},"modified":"2017-04-04T11:45:27","modified_gmt":"2017-04-04T09:45:27","slug":"tabliczka-z-rachunkiem-sumienia","status":"publish","type":"post","link":"https:\/\/jp2doc.pl\/fr\/2017\/03\/27\/tabliczka-z-rachunkiem-sumienia\/","title":{"rendered":"Plaquette avec l\u2019examen de conscience"},"content":{"rendered":"<p>offerte \u00e0 Jean Paul II le 25 f\u00e9vrier 1981, \u00e0 Nagasaki par Paul\u00a0Manji Ijima, Japonais de 97 ans, originaire de Nagasaki. La plaquette a \u00e9t\u00e9 faite par les prisonniers de l\u2019arm\u00e9e du tsar russe au Japon, qui s\u2019y sont retrouv\u00e9s pendant la guerre russo-japonaise (1904-1905). Parmi eux, il y avait aussi quelques Polonais, qui demandaient un pr\u00eatre polonais pour se confesser. Il \u00e9tait impossible de r\u00e9pondre \u00e0 leur demande. Par contre, un pr\u00eatre fran\u00e7ais le P\u00e8re Maxime Puissant a \u00e9t\u00e9 autoris\u00e9 \u00e0 entrer dans le camp. Il pouvait visiter les prisonniers accompagn\u00e9 d\u2019un petit gar\u00e7on Paul Ijima. Pour vaincre la barri\u00e8re de la langue, les prisonniers polonais ont \u00e9crit une liste de p\u00e9ch\u00e9s contre le Decalogue sur une feuille et l\u2019ont coll\u00e9e sur une petite planche. De l\u2019autre c\u00f4t\u00e9 de la planche ils ont \u00e9crit la formule latine de l\u2019absolution. Pendans la confession le p\u00e9nitent montrait du doigt les num\u00e9ros correspondants aux p\u00e9ch\u00e9s et au D\u00e9calogue. Finalement, c\u2019est le petit Paul qui a gard\u00e9 la plaquette chez lui comme une relique pr\u00e9cieuse et \u00e0 la fin de sa vie il l\u2019a offerte au Saint P\u00e8re.<\/p>\n<div id='gallery-1' class='gallery galleryid-387 gallery-columns-1 gallery-size-thumbnail'><figure class='gallery-item'>\n\t\t\t<div class='gallery-icon landscape'>\n\t\t\t\t<a href='https:\/\/jp2doc.pl\/fr\/wp-content\/uploads\/sites\/5\/2017\/03\/Zbiory32_1-e1490621978410.jpg'><img decoding=\"async\" src=\"https:\/\/jp2doc.pl\/fr\/wp-content\/uploads\/sites\/5\/2017\/03\/Zbiory32_1-e1490621978410-320x320.jpg\" class=\"attachment-thumbnail size-thumbnail\" alt=\"\" srcset=\"https:\/\/jp2doc.pl\/fr\/wp-content\/uploads\/sites\/5\/2017\/03\/Zbiory32_1-e1490621978410-320x320.jpg 320w, https:\/\/jp2doc.pl\/fr\/wp-content\/uploads\/sites\/5\/2017\/03\/Zbiory32_1-e1490621978410-640x640.jpg 640w, https:\/\/jp2doc.pl\/fr\/wp-content\/uploads\/sites\/5\/2017\/03\/Zbiory32_1-e1490621978410-768x768.jpg 768w, https:\/\/jp2doc.pl\/fr\/wp-content\/uploads\/sites\/5\/2017\/03\/Zbiory32_1-e1490621978410-400x400.jpg 400w, https:\/\/jp2doc.pl\/fr\/wp-content\/uploads\/sites\/5\/2017\/03\/Zbiory32_1-e1490621978410.jpg 1000w\" sizes=\"(max-width: 320px) 100vw, 320px\" \/><\/a>\n\t\t\t<\/div><\/figure>\n\t\t<\/div>\n\n","protected":false},"excerpt":{"rendered":"<p>offerte \u00e0 Jean Paul II le 25 f\u00e9vrier 1981, \u00e0 Nagasaki par Paul\u00a0Manji Ijima, Japonais de 97 ans, originaire de Nagasaki. La plaquette a \u00e9t\u00e9 faite par les prisonniers de l\u2019arm\u00e9e du tsar russe au Japon, qui s\u2019y sont retrouv\u00e9s pendant la guerre russo-japonaise (1904-1905). Parmi eux, il y avait aussi quelques Polonais, qui demandaient [&hellip;]<\/p>\n","protected":false},"author":2,"featured_media":389,"comment_status":"open","ping_status":"open","sticky":false,"template":"template-post-gallery.php","format":"standard","meta":{"_acf_changed":false,"_exactmetrics_skip_tracking":false,"_exactmetrics_sitenote_active":false,"_exactmetrics_sitenote_note":"","_exactmetrics_sitenote_category":0,"footnotes":""},"categories":[1,5,10],"tags":[],"class_list":["post-387","post","type-post","status-publish","format-standard","has-post-thumbnail","hentry","category-bez-kategorii","category-galeria","category-pamiatki-historyczne"],"acf":[],"yoast_head":"<!-- This site is optimized with the Yoast SEO plugin v26.2 - https:\/\/yoast.com\/wordpress\/plugins\/seo\/ -->\n<title>Plaquette avec l\u2019examen de conscience - Centre de Documentation et d\u2019Etude du Pontificat de Jean-Paul II \u00e0 Rome<\/title>\n<meta name=\"robots\" content=\"index, follow, max-snippet:-1, max-image-preview:large, max-video-preview:-1\" \/>\n<link rel=\"canonical\" href=\"https:\/\/jp2doc.pl\/fr\/2017\/03\/27\/tabliczka-z-rachunkiem-sumienia\/\" \/>\n<meta property=\"og:locale\" content=\"fr_FR\" \/>\n<meta property=\"og:type\" content=\"article\" \/>\n<meta property=\"og:title\" content=\"Plaquette avec l\u2019examen de conscience - Centre de Documentation et d\u2019Etude du Pontificat de Jean-Paul II \u00e0 Rome\" \/>\n<meta property=\"og:description\" content=\"offerte \u00e0 Jean Paul II le 25 f\u00e9vrier 1981, \u00e0 Nagasaki par Paul\u00a0Manji Ijima, Japonais de 97 ans, originaire de Nagasaki. La plaquette a \u00e9t\u00e9 faite par les prisonniers de l\u2019arm\u00e9e du tsar russe au Japon, qui s\u2019y sont retrouv\u00e9s pendant la guerre russo-japonaise (1904-1905). Parmi eux, il y avait aussi quelques Polonais, qui demandaient [&hellip;]\" \/>\n<meta property=\"og:url\" content=\"https:\/\/jp2doc.pl\/fr\/2017\/03\/27\/tabliczka-z-rachunkiem-sumienia\/\" \/>\n<meta property=\"og:site_name\" content=\"Centre de Documentation et d\u2019Etude du Pontificat de Jean-Paul II \u00e0 Rome\" \/>\n<meta property=\"article:published_time\" content=\"2017-03-27T13:41:05+00:00\" \/>\n<meta property=\"article:modified_time\" content=\"2017-04-04T09:45:27+00:00\" \/>\n<meta property=\"og:image\" content=\"https:\/\/jp2doc.pl\/fr\/wp-content\/uploads\/sites\/5\/2017\/03\/Zbiory32-e1490621996967.jpg\" \/>\n\t<meta property=\"og:image:width\" content=\"1000\" \/>\n\t<meta property=\"og:image:height\" content=\"1000\" \/>\n\t<meta property=\"og:image:type\" content=\"image\/jpeg\" \/>\n<meta name=\"author\" content=\"Anna Rudzicka\" \/>\n<meta name=\"twitter:card\" content=\"summary_large_image\" \/>\n<meta name=\"twitter:label1\" content=\"\u00c9crit par\" \/>\n\t<meta name=\"twitter:data1\" content=\"Anna Rudzicka\" \/>\n\t<meta name=\"twitter:label2\" content=\"Dur\u00e9e de lecture estim\u00e9e\" \/>\n\t<meta name=\"twitter:data2\" content=\"1 minute\" \/>\n<script type=\"application\/ld+json\" class=\"yoast-schema-graph\">{\"@context\":\"https:\/\/schema.org\",\"@graph\":[{\"@type\":\"Article\",\"@id\":\"https:\/\/jp2doc.pl\/fr\/2017\/03\/27\/tabliczka-z-rachunkiem-sumienia\/#article\",\"isPartOf\":{\"@id\":\"https:\/\/jp2doc.pl\/fr\/2017\/03\/27\/tabliczka-z-rachunkiem-sumienia\/\"},\"author\":{\"name\":\"Anna Rudzicka\",\"@id\":\"https:\/\/jp2doc.pl\/fr\/#\/schema\/person\/bdb6226d49bc071fa63fbcdc7c8018ea\"},\"headline\":\"Plaquette avec l\u2019examen de conscience\",\"datePublished\":\"2017-03-27T13:41:05+00:00\",\"dateModified\":\"2017-04-04T09:45:27+00:00\",\"mainEntityOfPage\":{\"@id\":\"https:\/\/jp2doc.pl\/fr\/2017\/03\/27\/tabliczka-z-rachunkiem-sumienia\/\"},\"wordCount\":218,\"commentCount\":0,\"publisher\":{\"@id\":\"https:\/\/jp2doc.pl\/fr\/#organization\"},\"image\":{\"@id\":\"https:\/\/jp2doc.pl\/fr\/2017\/03\/27\/tabliczka-z-rachunkiem-sumienia\/#primaryimage\"},\"thumbnailUrl\":\"https:\/\/jp2doc.pl\/fr\/wp-content\/uploads\/sites\/5\/2017\/03\/Zbiory32-e1490621996967.jpg\",\"articleSection\":[\"Bez kategorii\",\"Galeria\",\"Souvenirs historiques\"],\"inLanguage\":\"fr-FR\",\"potentialAction\":[{\"@type\":\"CommentAction\",\"name\":\"Comment\",\"target\":[\"https:\/\/jp2doc.pl\/fr\/2017\/03\/27\/tabliczka-z-rachunkiem-sumienia\/#respond\"]}]},{\"@type\":\"WebPage\",\"@id\":\"https:\/\/jp2doc.pl\/fr\/2017\/03\/27\/tabliczka-z-rachunkiem-sumienia\/\",\"url\":\"https:\/\/jp2doc.pl\/fr\/2017\/03\/27\/tabliczka-z-rachunkiem-sumienia\/\",\"name\":\"Plaquette avec l\u2019examen de conscience - Centre de Documentation et d\u2019Etude du Pontificat de Jean-Paul II \u00e0 Rome\",\"isPartOf\":{\"@id\":\"https:\/\/jp2doc.pl\/fr\/#website\"},\"primaryImageOfPage\":{\"@id\":\"https:\/\/jp2doc.pl\/fr\/2017\/03\/27\/tabliczka-z-rachunkiem-sumienia\/#primaryimage\"},\"image\":{\"@id\":\"https:\/\/jp2doc.pl\/fr\/2017\/03\/27\/tabliczka-z-rachunkiem-sumienia\/#primaryimage\"},\"thumbnailUrl\":\"https:\/\/jp2doc.pl\/fr\/wp-content\/uploads\/sites\/5\/2017\/03\/Zbiory32-e1490621996967.jpg\",\"datePublished\":\"2017-03-27T13:41:05+00:00\",\"dateModified\":\"2017-04-04T09:45:27+00:00\",\"breadcrumb\":{\"@id\":\"https:\/\/jp2doc.pl\/fr\/2017\/03\/27\/tabliczka-z-rachunkiem-sumienia\/#breadcrumb\"},\"inLanguage\":\"fr-FR\",\"potentialAction\":[{\"@type\":\"ReadAction\",\"target\":[\"https:\/\/jp2doc.pl\/fr\/2017\/03\/27\/tabliczka-z-rachunkiem-sumienia\/\"]}]},{\"@type\":\"ImageObject\",\"inLanguage\":\"fr-FR\",\"@id\":\"https:\/\/jp2doc.pl\/fr\/2017\/03\/27\/tabliczka-z-rachunkiem-sumienia\/#primaryimage\",\"url\":\"https:\/\/jp2doc.pl\/fr\/wp-content\/uploads\/sites\/5\/2017\/03\/Zbiory32-e1490621996967.jpg\",\"contentUrl\":\"https:\/\/jp2doc.pl\/fr\/wp-content\/uploads\/sites\/5\/2017\/03\/Zbiory32-e1490621996967.jpg\",\"width\":1000,\"height\":1000},{\"@type\":\"BreadcrumbList\",\"@id\":\"https:\/\/jp2doc.pl\/fr\/2017\/03\/27\/tabliczka-z-rachunkiem-sumienia\/#breadcrumb\",\"itemListElement\":[{\"@type\":\"ListItem\",\"position\":1,\"name\":\"Home\",\"item\":\"https:\/\/jp2doc.pl\/fr\/\"},{\"@type\":\"ListItem\",\"position\":2,\"name\":\"Plaquette avec l\u2019examen de conscience\"}]},{\"@type\":\"WebSite\",\"@id\":\"https:\/\/jp2doc.pl\/fr\/#website\",\"url\":\"https:\/\/jp2doc.pl\/fr\/\",\"name\":\"Centre de Documentation et d\u2019Etude du Pontificat de Jean-Paul II \u00e0 Rome\",\"description\":\"\",\"publisher\":{\"@id\":\"https:\/\/jp2doc.pl\/fr\/#organization\"},\"potentialAction\":[{\"@type\":\"SearchAction\",\"target\":{\"@type\":\"EntryPoint\",\"urlTemplate\":\"https:\/\/jp2doc.pl\/fr\/?s={search_term_string}\"},\"query-input\":{\"@type\":\"PropertyValueSpecification\",\"valueRequired\":true,\"valueName\":\"search_term_string\"}}],\"inLanguage\":\"fr-FR\"},{\"@type\":\"Organization\",\"@id\":\"https:\/\/jp2doc.pl\/fr\/#organization\",\"name\":\"Centre de Documentation et d\u2019Etude du Pontificat de Jean-Paul II \u00e0 Rome\",\"url\":\"https:\/\/jp2doc.pl\/fr\/\",\"logo\":{\"@type\":\"ImageObject\",\"inLanguage\":\"fr-FR\",\"@id\":\"https:\/\/jp2doc.pl\/fr\/#\/schema\/logo\/image\/\",\"url\":\"https:\/\/jp2doc.pl\/fr\/wp-content\/uploads\/sites\/5\/2017\/03\/cropped-logo.png\",\"contentUrl\":\"https:\/\/jp2doc.pl\/fr\/wp-content\/uploads\/sites\/5\/2017\/03\/cropped-logo.png\",\"width\":115,\"height\":115,\"caption\":\"Centre de Documentation et d\u2019Etude du Pontificat de Jean-Paul II \u00e0 Rome\"},\"image\":{\"@id\":\"https:\/\/jp2doc.pl\/fr\/#\/schema\/logo\/image\/\"}},{\"@type\":\"Person\",\"@id\":\"https:\/\/jp2doc.pl\/fr\/#\/schema\/person\/bdb6226d49bc071fa63fbcdc7c8018ea\",\"name\":\"Anna Rudzicka\",\"image\":{\"@type\":\"ImageObject\",\"inLanguage\":\"fr-FR\",\"@id\":\"https:\/\/jp2doc.pl\/fr\/#\/schema\/person\/image\/\",\"url\":\"https:\/\/secure.gravatar.com\/avatar\/3ec0a7913913c54ed56083375aea7afda203c4bb047ff7e8a0c2776876a5341e?s=96&d=mm&r=g\",\"contentUrl\":\"https:\/\/secure.gravatar.com\/avatar\/3ec0a7913913c54ed56083375aea7afda203c4bb047ff7e8a0c2776876a5341e?s=96&d=mm&r=g\",\"caption\":\"Anna Rudzicka\"},\"url\":\"https:\/\/jp2doc.pl\/fr\/author\/ania\/\"}]}<\/script>\n<!-- \/ Yoast SEO plugin. -->","yoast_head_json":{"title":"Plaquette avec l\u2019examen de conscience - Centre de Documentation et d\u2019Etude du Pontificat de Jean-Paul II \u00e0 Rome","robots":{"index":"index","follow":"follow","max-snippet":"max-snippet:-1","max-image-preview":"max-image-preview:large","max-video-preview":"max-video-preview:-1"},"canonical":"https:\/\/jp2doc.pl\/fr\/2017\/03\/27\/tabliczka-z-rachunkiem-sumienia\/","og_locale":"fr_FR","og_type":"article","og_title":"Plaquette avec l\u2019examen de conscience - Centre de Documentation et d\u2019Etude du Pontificat de Jean-Paul II \u00e0 Rome","og_description":"offerte \u00e0 Jean Paul II le 25 f\u00e9vrier 1981, \u00e0 Nagasaki par Paul\u00a0Manji Ijima, Japonais de 97 ans, originaire de Nagasaki. La plaquette a \u00e9t\u00e9 faite par les prisonniers de l\u2019arm\u00e9e du tsar russe au Japon, qui s\u2019y sont retrouv\u00e9s pendant la guerre russo-japonaise (1904-1905). Parmi eux, il y avait aussi quelques Polonais, qui demandaient [&hellip;]","og_url":"https:\/\/jp2doc.pl\/fr\/2017\/03\/27\/tabliczka-z-rachunkiem-sumienia\/","og_site_name":"Centre de Documentation et d\u2019Etude du Pontificat de Jean-Paul II \u00e0 Rome","article_published_time":"2017-03-27T13:41:05+00:00","article_modified_time":"2017-04-04T09:45:27+00:00","og_image":[{"width":1000,"height":1000,"url":"https:\/\/jp2doc.pl\/fr\/wp-content\/uploads\/sites\/5\/2017\/03\/Zbiory32-e1490621996967.jpg","type":"image\/jpeg"}],"author":"Anna Rudzicka","twitter_card":"summary_large_image","twitter_misc":{"\u00c9crit par":"Anna Rudzicka","Dur\u00e9e de lecture estim\u00e9e":"1 minute"},"schema":{"@context":"https:\/\/schema.org","@graph":[{"@type":"Article","@id":"https:\/\/jp2doc.pl\/fr\/2017\/03\/27\/tabliczka-z-rachunkiem-sumienia\/#article","isPartOf":{"@id":"https:\/\/jp2doc.pl\/fr\/2017\/03\/27\/tabliczka-z-rachunkiem-sumienia\/"},"author":{"name":"Anna Rudzicka","@id":"https:\/\/jp2doc.pl\/fr\/#\/schema\/person\/bdb6226d49bc071fa63fbcdc7c8018ea"},"headline":"Plaquette avec l\u2019examen de conscience","datePublished":"2017-03-27T13:41:05+00:00","dateModified":"2017-04-04T09:45:27+00:00","mainEntityOfPage":{"@id":"https:\/\/jp2doc.pl\/fr\/2017\/03\/27\/tabliczka-z-rachunkiem-sumienia\/"},"wordCount":218,"commentCount":0,"publisher":{"@id":"https:\/\/jp2doc.pl\/fr\/#organization"},"image":{"@id":"https:\/\/jp2doc.pl\/fr\/2017\/03\/27\/tabliczka-z-rachunkiem-sumienia\/#primaryimage"},"thumbnailUrl":"https:\/\/jp2doc.pl\/fr\/wp-content\/uploads\/sites\/5\/2017\/03\/Zbiory32-e1490621996967.jpg","articleSection":["Bez kategorii","Galeria","Souvenirs historiques"],"inLanguage":"fr-FR","potentialAction":[{"@type":"CommentAction","name":"Comment","target":["https:\/\/jp2doc.pl\/fr\/2017\/03\/27\/tabliczka-z-rachunkiem-sumienia\/#respond"]}]},{"@type":"WebPage","@id":"https:\/\/jp2doc.pl\/fr\/2017\/03\/27\/tabliczka-z-rachunkiem-sumienia\/","url":"https:\/\/jp2doc.pl\/fr\/2017\/03\/27\/tabliczka-z-rachunkiem-sumienia\/","name":"Plaquette avec l\u2019examen de conscience - Centre de Documentation et d\u2019Etude du Pontificat de Jean-Paul II \u00e0 Rome","isPartOf":{"@id":"https:\/\/jp2doc.pl\/fr\/#website"},"primaryImageOfPage":{"@id":"https:\/\/jp2doc.pl\/fr\/2017\/03\/27\/tabliczka-z-rachunkiem-sumienia\/#primaryimage"},"image":{"@id":"https:\/\/jp2doc.pl\/fr\/2017\/03\/27\/tabliczka-z-rachunkiem-sumienia\/#primaryimage"},"thumbnailUrl":"https:\/\/jp2doc.pl\/fr\/wp-content\/uploads\/sites\/5\/2017\/03\/Zbiory32-e1490621996967.jpg","datePublished":"2017-03-27T13:41:05+00:00","dateModified":"2017-04-04T09:45:27+00:00","breadcrumb":{"@id":"https:\/\/jp2doc.pl\/fr\/2017\/03\/27\/tabliczka-z-rachunkiem-sumienia\/#breadcrumb"},"inLanguage":"fr-FR","potentialAction":[{"@type":"ReadAction","target":["https:\/\/jp2doc.pl\/fr\/2017\/03\/27\/tabliczka-z-rachunkiem-sumienia\/"]}]},{"@type":"ImageObject","inLanguage":"fr-FR","@id":"https:\/\/jp2doc.pl\/fr\/2017\/03\/27\/tabliczka-z-rachunkiem-sumienia\/#primaryimage","url":"https:\/\/jp2doc.pl\/fr\/wp-content\/uploads\/sites\/5\/2017\/03\/Zbiory32-e1490621996967.jpg","contentUrl":"https:\/\/jp2doc.pl\/fr\/wp-content\/uploads\/sites\/5\/2017\/03\/Zbiory32-e1490621996967.jpg","width":1000,"height":1000},{"@type":"BreadcrumbList","@id":"https:\/\/jp2doc.pl\/fr\/2017\/03\/27\/tabliczka-z-rachunkiem-sumienia\/#breadcrumb","itemListElement":[{"@type":"ListItem","position":1,"name":"Home","item":"https:\/\/jp2doc.pl\/fr\/"},{"@type":"ListItem","position":2,"name":"Plaquette avec l\u2019examen de conscience"}]},{"@type":"WebSite","@id":"https:\/\/jp2doc.pl\/fr\/#website","url":"https:\/\/jp2doc.pl\/fr\/","name":"Centre de Documentation et d\u2019Etude du Pontificat de Jean-Paul II \u00e0 Rome","description":"","publisher":{"@id":"https:\/\/jp2doc.pl\/fr\/#organization"},"potentialAction":[{"@type":"SearchAction","target":{"@type":"EntryPoint","urlTemplate":"https:\/\/jp2doc.pl\/fr\/?s={search_term_string}"},"query-input":{"@type":"PropertyValueSpecification","valueRequired":true,"valueName":"search_term_string"}}],"inLanguage":"fr-FR"},{"@type":"Organization","@id":"https:\/\/jp2doc.pl\/fr\/#organization","name":"Centre de Documentation et d\u2019Etude du Pontificat de Jean-Paul II \u00e0 Rome","url":"https:\/\/jp2doc.pl\/fr\/","logo":{"@type":"ImageObject","inLanguage":"fr-FR","@id":"https:\/\/jp2doc.pl\/fr\/#\/schema\/logo\/image\/","url":"https:\/\/jp2doc.pl\/fr\/wp-content\/uploads\/sites\/5\/2017\/03\/cropped-logo.png","contentUrl":"https:\/\/jp2doc.pl\/fr\/wp-content\/uploads\/sites\/5\/2017\/03\/cropped-logo.png","width":115,"height":115,"caption":"Centre de Documentation et d\u2019Etude du Pontificat de Jean-Paul II \u00e0 Rome"},"image":{"@id":"https:\/\/jp2doc.pl\/fr\/#\/schema\/logo\/image\/"}},{"@type":"Person","@id":"https:\/\/jp2doc.pl\/fr\/#\/schema\/person\/bdb6226d49bc071fa63fbcdc7c8018ea","name":"Anna Rudzicka","image":{"@type":"ImageObject","inLanguage":"fr-FR","@id":"https:\/\/jp2doc.pl\/fr\/#\/schema\/person\/image\/","url":"https:\/\/secure.gravatar.com\/avatar\/3ec0a7913913c54ed56083375aea7afda203c4bb047ff7e8a0c2776876a5341e?s=96&d=mm&r=g","contentUrl":"https:\/\/secure.gravatar.com\/avatar\/3ec0a7913913c54ed56083375aea7afda203c4bb047ff7e8a0c2776876a5341e?s=96&d=mm&r=g","caption":"Anna Rudzicka"},"url":"https:\/\/jp2doc.pl\/fr\/author\/ania\/"}]}},"_links":{"self":[{"href":"https:\/\/jp2doc.pl\/fr\/wp-json\/wp\/v2\/posts\/387","targetHints":{"allow":["GET"]}}],"collection":[{"href":"https:\/\/jp2doc.pl\/fr\/wp-json\/wp\/v2\/posts"}],"about":[{"href":"https:\/\/jp2doc.pl\/fr\/wp-json\/wp\/v2\/types\/post"}],"author":[{"embeddable":true,"href":"https:\/\/jp2doc.pl\/fr\/wp-json\/wp\/v2\/users\/2"}],"replies":[{"embeddable":true,"href":"https:\/\/jp2doc.pl\/fr\/wp-json\/wp\/v2\/comments?post=387"}],"version-history":[{"count":1,"href":"https:\/\/jp2doc.pl\/fr\/wp-json\/wp\/v2\/posts\/387\/revisions"}],"predecessor-version":[{"id":897,"href":"https:\/\/jp2doc.pl\/fr\/wp-json\/wp\/v2\/posts\/387\/revisions\/897"}],"wp:featuredmedia":[{"embeddable":true,"href":"https:\/\/jp2doc.pl\/fr\/wp-json\/wp\/v2\/media\/389"}],"wp:attachment":[{"href":"https:\/\/jp2doc.pl\/fr\/wp-json\/wp\/v2\/media?parent=387"}],"wp:term":[{"taxonomy":"category","embeddable":true,"href":"https:\/\/jp2doc.pl\/fr\/wp-json\/wp\/v2\/categories?post=387"},{"taxonomy":"post_tag","embeddable":true,"href":"https:\/\/jp2doc.pl\/fr\/wp-json\/wp\/v2\/tags?post=387"}],"curies":[{"name":"wp","href":"https:\/\/api.w.org\/{rel}","templated":true}]}}