{"id":473,"date":"2017-04-04T09:18:28","date_gmt":"2017-04-04T07:18:28","guid":{"rendered":"http:\/\/jp2doc.pl\/?p=473"},"modified":"2017-04-04T09:19:17","modified_gmt":"2017-04-04T07:19:17","slug":"dessein-satirique-de-1979","status":"publish","type":"post","link":"https:\/\/jp2doc.pl\/fr\/2017\/04\/04\/dessein-satirique-de-1979\/","title":{"rendered":"Dessein satirique de 1979"},"content":{"rendered":"<p>sur la situation politique en Pologne suite \u00e0 l\u2019\u00e9lection de Jean Paul II. Don de l\u2019auteur Jeff MacNelly, dessinateur connu aux \u00c9tats Unis, qui a gagn\u00e9 trois fois le prix Pulitzer, auteur de la bande dessin\u00e9e Shoe. Pendant plusieurs ann\u00e9es il \u00e9tait membre de l\u2019\u00e9quipe du journal, d\u00e9sormais inexistant, intitul\u00e9 \u00ab\u00a0The Richmond News Leader\u00a0\u00bb, un des journaux le plus conservateurs aux \u00c9tats Unis.<\/p>\n","protected":false},"excerpt":{"rendered":"<p>sur la situation politique en Pologne suite \u00e0 l\u2019\u00e9lection de Jean Paul II. Don de l\u2019auteur Jeff MacNelly, dessinateur connu aux \u00c9tats Unis, qui a gagn\u00e9 trois fois le prix Pulitzer, auteur de la bande dessin\u00e9e Shoe. Pendant plusieurs ann\u00e9es il \u00e9tait membre de l\u2019\u00e9quipe du journal, d\u00e9sormais inexistant, intitul\u00e9 \u00ab\u00a0The Richmond News Leader\u00a0\u00bb, un [&hellip;]<\/p>\n","protected":false},"author":2,"featured_media":474,"comment_status":"open","ping_status":"open","sticky":false,"template":"template-post-gallery.php","format":"standard","meta":{"_acf_changed":false,"_exactmetrics_skip_tracking":false,"_exactmetrics_sitenote_active":false,"_exactmetrics_sitenote_note":"","_exactmetrics_sitenote_category":0,"footnotes":""},"categories":[5,6],"tags":[],"class_list":["post-473","post","type-post","status-publish","format-standard","has-post-thumbnail","hentry","category-galeria","category-muzealia"],"acf":[],"yoast_head":"<!-- This site is optimized with the Yoast SEO plugin v26.2 - https:\/\/yoast.com\/wordpress\/plugins\/seo\/ -->\n<title>Dessein satirique de 1979 - Centre de Documentation et d\u2019Etude du Pontificat de Jean-Paul II \u00e0 Rome<\/title>\n<meta name=\"robots\" content=\"index, follow, max-snippet:-1, max-image-preview:large, max-video-preview:-1\" \/>\n<link rel=\"canonical\" href=\"https:\/\/jp2doc.pl\/fr\/2017\/04\/04\/dessein-satirique-de-1979\/\" \/>\n<meta property=\"og:locale\" content=\"fr_FR\" \/>\n<meta property=\"og:type\" content=\"article\" \/>\n<meta property=\"og:title\" content=\"Dessein satirique de 1979 - Centre de Documentation et d\u2019Etude du Pontificat de Jean-Paul II \u00e0 Rome\" \/>\n<meta property=\"og:description\" content=\"sur la situation politique en Pologne suite \u00e0 l\u2019\u00e9lection de Jean Paul II. Don de l\u2019auteur Jeff MacNelly, dessinateur connu aux \u00c9tats Unis, qui a gagn\u00e9 trois fois le prix Pulitzer, auteur de la bande dessin\u00e9e Shoe. Pendant plusieurs ann\u00e9es il \u00e9tait membre de l\u2019\u00e9quipe du journal, d\u00e9sormais inexistant, intitul\u00e9 \u00ab\u00a0The Richmond News Leader\u00a0\u00bb, un [&hellip;]\" \/>\n<meta property=\"og:url\" content=\"https:\/\/jp2doc.pl\/fr\/2017\/04\/04\/dessein-satirique-de-1979\/\" \/>\n<meta property=\"og:site_name\" content=\"Centre de Documentation et d\u2019Etude du Pontificat de Jean-Paul II \u00e0 Rome\" \/>\n<meta property=\"article:published_time\" content=\"2017-04-04T07:18:28+00:00\" \/>\n<meta property=\"article:modified_time\" content=\"2017-04-04T07:19:17+00:00\" \/>\n<meta property=\"og:image\" content=\"https:\/\/jp2doc.pl\/fr\/wp-content\/uploads\/sites\/5\/2017\/03\/Zbiory44-e1490693637449.jpg\" \/>\n\t<meta property=\"og:image:width\" content=\"1000\" \/>\n\t<meta property=\"og:image:height\" content=\"1000\" \/>\n\t<meta property=\"og:image:type\" content=\"image\/jpeg\" \/>\n<meta name=\"author\" content=\"Anna Rudzicka\" \/>\n<meta name=\"twitter:card\" content=\"summary_large_image\" \/>\n<meta name=\"twitter:label1\" content=\"\u00c9crit par\" \/>\n\t<meta name=\"twitter:data1\" content=\"Anna Rudzicka\" \/>\n<script type=\"application\/ld+json\" class=\"yoast-schema-graph\">{\"@context\":\"https:\/\/schema.org\",\"@graph\":[{\"@type\":\"Article\",\"@id\":\"https:\/\/jp2doc.pl\/fr\/2017\/04\/04\/dessein-satirique-de-1979\/#article\",\"isPartOf\":{\"@id\":\"https:\/\/jp2doc.pl\/fr\/2017\/04\/04\/dessein-satirique-de-1979\/\"},\"author\":{\"name\":\"Anna Rudzicka\",\"@id\":\"https:\/\/jp2doc.pl\/fr\/#\/schema\/person\/bdb6226d49bc071fa63fbcdc7c8018ea\"},\"headline\":\"Dessein satirique de 1979\",\"datePublished\":\"2017-04-04T07:18:28+00:00\",\"dateModified\":\"2017-04-04T07:19:17+00:00\",\"mainEntityOfPage\":{\"@id\":\"https:\/\/jp2doc.pl\/fr\/2017\/04\/04\/dessein-satirique-de-1979\/\"},\"wordCount\":71,\"commentCount\":0,\"publisher\":{\"@id\":\"https:\/\/jp2doc.pl\/fr\/#organization\"},\"image\":{\"@id\":\"https:\/\/jp2doc.pl\/fr\/2017\/04\/04\/dessein-satirique-de-1979\/#primaryimage\"},\"thumbnailUrl\":\"https:\/\/jp2doc.pl\/fr\/wp-content\/uploads\/sites\/5\/2017\/03\/Zbiory44-e1490693637449.jpg\",\"articleSection\":[\"Galeria\",\"Pi\u00e8ces de mus\u00e9e\"],\"inLanguage\":\"fr-FR\",\"potentialAction\":[{\"@type\":\"CommentAction\",\"name\":\"Comment\",\"target\":[\"https:\/\/jp2doc.pl\/fr\/2017\/04\/04\/dessein-satirique-de-1979\/#respond\"]}]},{\"@type\":\"WebPage\",\"@id\":\"https:\/\/jp2doc.pl\/fr\/2017\/04\/04\/dessein-satirique-de-1979\/\",\"url\":\"https:\/\/jp2doc.pl\/fr\/2017\/04\/04\/dessein-satirique-de-1979\/\",\"name\":\"Dessein satirique de 1979 - Centre de Documentation et d\u2019Etude du Pontificat de Jean-Paul II \u00e0 Rome\",\"isPartOf\":{\"@id\":\"https:\/\/jp2doc.pl\/fr\/#website\"},\"primaryImageOfPage\":{\"@id\":\"https:\/\/jp2doc.pl\/fr\/2017\/04\/04\/dessein-satirique-de-1979\/#primaryimage\"},\"image\":{\"@id\":\"https:\/\/jp2doc.pl\/fr\/2017\/04\/04\/dessein-satirique-de-1979\/#primaryimage\"},\"thumbnailUrl\":\"https:\/\/jp2doc.pl\/fr\/wp-content\/uploads\/sites\/5\/2017\/03\/Zbiory44-e1490693637449.jpg\",\"datePublished\":\"2017-04-04T07:18:28+00:00\",\"dateModified\":\"2017-04-04T07:19:17+00:00\",\"breadcrumb\":{\"@id\":\"https:\/\/jp2doc.pl\/fr\/2017\/04\/04\/dessein-satirique-de-1979\/#breadcrumb\"},\"inLanguage\":\"fr-FR\",\"potentialAction\":[{\"@type\":\"ReadAction\",\"target\":[\"https:\/\/jp2doc.pl\/fr\/2017\/04\/04\/dessein-satirique-de-1979\/\"]}]},{\"@type\":\"ImageObject\",\"inLanguage\":\"fr-FR\",\"@id\":\"https:\/\/jp2doc.pl\/fr\/2017\/04\/04\/dessein-satirique-de-1979\/#primaryimage\",\"url\":\"https:\/\/jp2doc.pl\/fr\/wp-content\/uploads\/sites\/5\/2017\/03\/Zbiory44-e1490693637449.jpg\",\"contentUrl\":\"https:\/\/jp2doc.pl\/fr\/wp-content\/uploads\/sites\/5\/2017\/03\/Zbiory44-e1490693637449.jpg\",\"width\":1000,\"height\":1000},{\"@type\":\"BreadcrumbList\",\"@id\":\"https:\/\/jp2doc.pl\/fr\/2017\/04\/04\/dessein-satirique-de-1979\/#breadcrumb\",\"itemListElement\":[{\"@type\":\"ListItem\",\"position\":1,\"name\":\"Home\",\"item\":\"https:\/\/jp2doc.pl\/fr\/\"},{\"@type\":\"ListItem\",\"position\":2,\"name\":\"Dessein satirique de 1979\"}]},{\"@type\":\"WebSite\",\"@id\":\"https:\/\/jp2doc.pl\/fr\/#website\",\"url\":\"https:\/\/jp2doc.pl\/fr\/\",\"name\":\"Centre de Documentation et d\u2019Etude du Pontificat de Jean-Paul II \u00e0 Rome\",\"description\":\"\",\"publisher\":{\"@id\":\"https:\/\/jp2doc.pl\/fr\/#organization\"},\"potentialAction\":[{\"@type\":\"SearchAction\",\"target\":{\"@type\":\"EntryPoint\",\"urlTemplate\":\"https:\/\/jp2doc.pl\/fr\/?s={search_term_string}\"},\"query-input\":{\"@type\":\"PropertyValueSpecification\",\"valueRequired\":true,\"valueName\":\"search_term_string\"}}],\"inLanguage\":\"fr-FR\"},{\"@type\":\"Organization\",\"@id\":\"https:\/\/jp2doc.pl\/fr\/#organization\",\"name\":\"Centre de Documentation et d\u2019Etude du Pontificat de Jean-Paul II \u00e0 Rome\",\"url\":\"https:\/\/jp2doc.pl\/fr\/\",\"logo\":{\"@type\":\"ImageObject\",\"inLanguage\":\"fr-FR\",\"@id\":\"https:\/\/jp2doc.pl\/fr\/#\/schema\/logo\/image\/\",\"url\":\"https:\/\/jp2doc.pl\/fr\/wp-content\/uploads\/sites\/5\/2017\/03\/cropped-logo.png\",\"contentUrl\":\"https:\/\/jp2doc.pl\/fr\/wp-content\/uploads\/sites\/5\/2017\/03\/cropped-logo.png\",\"width\":115,\"height\":115,\"caption\":\"Centre de Documentation et d\u2019Etude du Pontificat de Jean-Paul II \u00e0 Rome\"},\"image\":{\"@id\":\"https:\/\/jp2doc.pl\/fr\/#\/schema\/logo\/image\/\"}},{\"@type\":\"Person\",\"@id\":\"https:\/\/jp2doc.pl\/fr\/#\/schema\/person\/bdb6226d49bc071fa63fbcdc7c8018ea\",\"name\":\"Anna Rudzicka\",\"image\":{\"@type\":\"ImageObject\",\"inLanguage\":\"fr-FR\",\"@id\":\"https:\/\/jp2doc.pl\/fr\/#\/schema\/person\/image\/\",\"url\":\"https:\/\/secure.gravatar.com\/avatar\/3ec0a7913913c54ed56083375aea7afda203c4bb047ff7e8a0c2776876a5341e?s=96&d=mm&r=g\",\"contentUrl\":\"https:\/\/secure.gravatar.com\/avatar\/3ec0a7913913c54ed56083375aea7afda203c4bb047ff7e8a0c2776876a5341e?s=96&d=mm&r=g\",\"caption\":\"Anna Rudzicka\"},\"url\":\"https:\/\/jp2doc.pl\/fr\/author\/ania\/\"}]}<\/script>\n<!-- \/ Yoast SEO plugin. -->","yoast_head_json":{"title":"Dessein satirique de 1979 - Centre de Documentation et d\u2019Etude du Pontificat de Jean-Paul II \u00e0 Rome","robots":{"index":"index","follow":"follow","max-snippet":"max-snippet:-1","max-image-preview":"max-image-preview:large","max-video-preview":"max-video-preview:-1"},"canonical":"https:\/\/jp2doc.pl\/fr\/2017\/04\/04\/dessein-satirique-de-1979\/","og_locale":"fr_FR","og_type":"article","og_title":"Dessein satirique de 1979 - Centre de Documentation et d\u2019Etude du Pontificat de Jean-Paul II \u00e0 Rome","og_description":"sur la situation politique en Pologne suite \u00e0 l\u2019\u00e9lection de Jean Paul II. Don de l\u2019auteur Jeff MacNelly, dessinateur connu aux \u00c9tats Unis, qui a gagn\u00e9 trois fois le prix Pulitzer, auteur de la bande dessin\u00e9e Shoe. Pendant plusieurs ann\u00e9es il \u00e9tait membre de l\u2019\u00e9quipe du journal, d\u00e9sormais inexistant, intitul\u00e9 \u00ab\u00a0The Richmond News Leader\u00a0\u00bb, un [&hellip;]","og_url":"https:\/\/jp2doc.pl\/fr\/2017\/04\/04\/dessein-satirique-de-1979\/","og_site_name":"Centre de Documentation et d\u2019Etude du Pontificat de Jean-Paul II \u00e0 Rome","article_published_time":"2017-04-04T07:18:28+00:00","article_modified_time":"2017-04-04T07:19:17+00:00","og_image":[{"width":1000,"height":1000,"url":"https:\/\/jp2doc.pl\/fr\/wp-content\/uploads\/sites\/5\/2017\/03\/Zbiory44-e1490693637449.jpg","type":"image\/jpeg"}],"author":"Anna Rudzicka","twitter_card":"summary_large_image","twitter_misc":{"\u00c9crit par":"Anna Rudzicka"},"schema":{"@context":"https:\/\/schema.org","@graph":[{"@type":"Article","@id":"https:\/\/jp2doc.pl\/fr\/2017\/04\/04\/dessein-satirique-de-1979\/#article","isPartOf":{"@id":"https:\/\/jp2doc.pl\/fr\/2017\/04\/04\/dessein-satirique-de-1979\/"},"author":{"name":"Anna Rudzicka","@id":"https:\/\/jp2doc.pl\/fr\/#\/schema\/person\/bdb6226d49bc071fa63fbcdc7c8018ea"},"headline":"Dessein satirique de 1979","datePublished":"2017-04-04T07:18:28+00:00","dateModified":"2017-04-04T07:19:17+00:00","mainEntityOfPage":{"@id":"https:\/\/jp2doc.pl\/fr\/2017\/04\/04\/dessein-satirique-de-1979\/"},"wordCount":71,"commentCount":0,"publisher":{"@id":"https:\/\/jp2doc.pl\/fr\/#organization"},"image":{"@id":"https:\/\/jp2doc.pl\/fr\/2017\/04\/04\/dessein-satirique-de-1979\/#primaryimage"},"thumbnailUrl":"https:\/\/jp2doc.pl\/fr\/wp-content\/uploads\/sites\/5\/2017\/03\/Zbiory44-e1490693637449.jpg","articleSection":["Galeria","Pi\u00e8ces de mus\u00e9e"],"inLanguage":"fr-FR","potentialAction":[{"@type":"CommentAction","name":"Comment","target":["https:\/\/jp2doc.pl\/fr\/2017\/04\/04\/dessein-satirique-de-1979\/#respond"]}]},{"@type":"WebPage","@id":"https:\/\/jp2doc.pl\/fr\/2017\/04\/04\/dessein-satirique-de-1979\/","url":"https:\/\/jp2doc.pl\/fr\/2017\/04\/04\/dessein-satirique-de-1979\/","name":"Dessein satirique de 1979 - Centre de Documentation et d\u2019Etude du Pontificat de Jean-Paul II \u00e0 Rome","isPartOf":{"@id":"https:\/\/jp2doc.pl\/fr\/#website"},"primaryImageOfPage":{"@id":"https:\/\/jp2doc.pl\/fr\/2017\/04\/04\/dessein-satirique-de-1979\/#primaryimage"},"image":{"@id":"https:\/\/jp2doc.pl\/fr\/2017\/04\/04\/dessein-satirique-de-1979\/#primaryimage"},"thumbnailUrl":"https:\/\/jp2doc.pl\/fr\/wp-content\/uploads\/sites\/5\/2017\/03\/Zbiory44-e1490693637449.jpg","datePublished":"2017-04-04T07:18:28+00:00","dateModified":"2017-04-04T07:19:17+00:00","breadcrumb":{"@id":"https:\/\/jp2doc.pl\/fr\/2017\/04\/04\/dessein-satirique-de-1979\/#breadcrumb"},"inLanguage":"fr-FR","potentialAction":[{"@type":"ReadAction","target":["https:\/\/jp2doc.pl\/fr\/2017\/04\/04\/dessein-satirique-de-1979\/"]}]},{"@type":"ImageObject","inLanguage":"fr-FR","@id":"https:\/\/jp2doc.pl\/fr\/2017\/04\/04\/dessein-satirique-de-1979\/#primaryimage","url":"https:\/\/jp2doc.pl\/fr\/wp-content\/uploads\/sites\/5\/2017\/03\/Zbiory44-e1490693637449.jpg","contentUrl":"https:\/\/jp2doc.pl\/fr\/wp-content\/uploads\/sites\/5\/2017\/03\/Zbiory44-e1490693637449.jpg","width":1000,"height":1000},{"@type":"BreadcrumbList","@id":"https:\/\/jp2doc.pl\/fr\/2017\/04\/04\/dessein-satirique-de-1979\/#breadcrumb","itemListElement":[{"@type":"ListItem","position":1,"name":"Home","item":"https:\/\/jp2doc.pl\/fr\/"},{"@type":"ListItem","position":2,"name":"Dessein satirique de 1979"}]},{"@type":"WebSite","@id":"https:\/\/jp2doc.pl\/fr\/#website","url":"https:\/\/jp2doc.pl\/fr\/","name":"Centre de Documentation et d\u2019Etude du Pontificat de Jean-Paul II \u00e0 Rome","description":"","publisher":{"@id":"https:\/\/jp2doc.pl\/fr\/#organization"},"potentialAction":[{"@type":"SearchAction","target":{"@type":"EntryPoint","urlTemplate":"https:\/\/jp2doc.pl\/fr\/?s={search_term_string}"},"query-input":{"@type":"PropertyValueSpecification","valueRequired":true,"valueName":"search_term_string"}}],"inLanguage":"fr-FR"},{"@type":"Organization","@id":"https:\/\/jp2doc.pl\/fr\/#organization","name":"Centre de Documentation et d\u2019Etude du Pontificat de Jean-Paul II \u00e0 Rome","url":"https:\/\/jp2doc.pl\/fr\/","logo":{"@type":"ImageObject","inLanguage":"fr-FR","@id":"https:\/\/jp2doc.pl\/fr\/#\/schema\/logo\/image\/","url":"https:\/\/jp2doc.pl\/fr\/wp-content\/uploads\/sites\/5\/2017\/03\/cropped-logo.png","contentUrl":"https:\/\/jp2doc.pl\/fr\/wp-content\/uploads\/sites\/5\/2017\/03\/cropped-logo.png","width":115,"height":115,"caption":"Centre de Documentation et d\u2019Etude du Pontificat de Jean-Paul II \u00e0 Rome"},"image":{"@id":"https:\/\/jp2doc.pl\/fr\/#\/schema\/logo\/image\/"}},{"@type":"Person","@id":"https:\/\/jp2doc.pl\/fr\/#\/schema\/person\/bdb6226d49bc071fa63fbcdc7c8018ea","name":"Anna Rudzicka","image":{"@type":"ImageObject","inLanguage":"fr-FR","@id":"https:\/\/jp2doc.pl\/fr\/#\/schema\/person\/image\/","url":"https:\/\/secure.gravatar.com\/avatar\/3ec0a7913913c54ed56083375aea7afda203c4bb047ff7e8a0c2776876a5341e?s=96&d=mm&r=g","contentUrl":"https:\/\/secure.gravatar.com\/avatar\/3ec0a7913913c54ed56083375aea7afda203c4bb047ff7e8a0c2776876a5341e?s=96&d=mm&r=g","caption":"Anna Rudzicka"},"url":"https:\/\/jp2doc.pl\/fr\/author\/ania\/"}]}},"_links":{"self":[{"href":"https:\/\/jp2doc.pl\/fr\/wp-json\/wp\/v2\/posts\/473","targetHints":{"allow":["GET"]}}],"collection":[{"href":"https:\/\/jp2doc.pl\/fr\/wp-json\/wp\/v2\/posts"}],"about":[{"href":"https:\/\/jp2doc.pl\/fr\/wp-json\/wp\/v2\/types\/post"}],"author":[{"embeddable":true,"href":"https:\/\/jp2doc.pl\/fr\/wp-json\/wp\/v2\/users\/2"}],"replies":[{"embeddable":true,"href":"https:\/\/jp2doc.pl\/fr\/wp-json\/wp\/v2\/comments?post=473"}],"version-history":[{"count":1,"href":"https:\/\/jp2doc.pl\/fr\/wp-json\/wp\/v2\/posts\/473\/revisions"}],"predecessor-version":[{"id":857,"href":"https:\/\/jp2doc.pl\/fr\/wp-json\/wp\/v2\/posts\/473\/revisions\/857"}],"wp:featuredmedia":[{"embeddable":true,"href":"https:\/\/jp2doc.pl\/fr\/wp-json\/wp\/v2\/media\/474"}],"wp:attachment":[{"href":"https:\/\/jp2doc.pl\/fr\/wp-json\/wp\/v2\/media?parent=473"}],"wp:term":[{"taxonomy":"category","embeddable":true,"href":"https:\/\/jp2doc.pl\/fr\/wp-json\/wp\/v2\/categories?post=473"},{"taxonomy":"post_tag","embeddable":true,"href":"https:\/\/jp2doc.pl\/fr\/wp-json\/wp\/v2\/tags?post=473"}],"curies":[{"name":"wp","href":"https:\/\/api.w.org\/{rel}","templated":true}]}}