{"id":1003,"date":"2016-04-09T09:45:37","date_gmt":"2016-04-09T07:45:37","guid":{"rendered":"http:\/\/jp2doc.pl\/it\/?p=1003"},"modified":"2017-04-02T09:47:12","modified_gmt":"2017-04-02T07:47:12","slug":"mi-ami-tu-piu-di-costoro","status":"publish","type":"post","link":"https:\/\/jp2doc.pl\/it\/2016\/04\/09\/mi-ami-tu-piu-di-costoro\/","title":{"rendered":"&#8220;Mi ami tu pi\u00fa di costoro?&#8221;"},"content":{"rendered":"<p><i>\u00a0Rif.: At 5,27-32.40-41;\u00a0\u00a0 Sal 29;\u00a0\u00a0 Ap 5,11-14;\u00a0\u00a0 Gv 21,1-19<\/i><\/p>\n<p>La travolgente ondata di sentimenti contraddittori che ha riempito gli animi nel giorno della Risurrezione, sembra cedere il passo alla normalit\u00e0 e Pietro, seguito dagli altri, riprende il suo antico lavoro di pescatore. Una lunga notte sul lago per una pesca infruttuosa, poi delusione e stanchezza sempre pi\u00f9 evidenti in queste prime luci dell\u2019alba. Nel silenzio, rotto solo dal rumore dei remi, Ges\u00f9 dalla riva, chiede del cibo, ma sar\u00e0 Egli stesso ad offrire loro del pane e del pesce. Gli apostoli che lo hanno gi\u00e0 visto dopo la Risurrezione non lo riconoscono, eppure \u201csapevano bene che Egli era il Signore\u201d. Pietro viene ripetutamente interrogato sull\u2019amore che porta al Maestro prima di venire investito del suo primato. Un racconto affascinante che nelle apparenti contraddizioni nasconde una profonda ricchezza di significati.<\/p>\n<p>L\u2019evangelista, infatti, vuole dirci che dalla Risurrezione in poi l\u2019incontro con Ges\u00f9 non \u00e8 pi\u00f9 un fatto fisico, l\u2019aspetto mutevole del Risorto, il fatto che i suoi non lo riconoscano, ci dice che \u00e8 iniziato il tempo della fede e dell\u2019Eucaristia. E\u2019, infatti, con i simboli eucaristici del pane e del pesce che Ges\u00f9 accoglie gli apostoli sulle rive del lago. E allora si comprende perch\u00e9 gli uomini non hanno potuto offrigli nulla da mangiare: \u00e8, infatti,\u00a0 sempre e solo il Signore che pu\u00f2 offrirsi in cibo.<\/p>\n<p><img loading=\"lazy\" decoding=\"async\" width=\"560\" height=\"373\" class=\"aligncenter size-full wp-image-1004\" src=\"http:\/\/jp2doc.pl\/it\/wp-content\/uploads\/sites\/3\/2017\/04\/57095c5ccda5410172582_10151950155986486_7139076865588466442_n.jpg\" alt=\"\" \/><\/p>\n<p>Nell\u2019Eucaristia noi siamo chiamati a riconoscerlo, a \u201csapere bene\u201d che in quel pane e vino consacrati c\u2019\u00e8 il Signore in tutta la sua umanit\u00e0 e in tutta la sua divinit\u00e0. E\u2019 in questi elementi che Egli si dona al nostro cuore e ne apre le porte con la chiave del suo amore.<br \/>\nAll\u2019amore si risponde con l\u2019amore ed \u00e8 ci\u00f2 che Cristo chiede a Pietro, in un colloquio intimo,\u00a0 con una triplice, pressante domanda \u201cMi ami?\u201d. Solo per amore Pietro potr\u00e0 essere investito della pi\u00f9 grande responsabilit\u00e0 che esista al mondo: guidare i fedeli\u00a0 e dispensare al mondo il tesoro di Grazia e di Riconciliazione che Cristo ha conquistato. Il compito di Pietro \u00e8 quello di farsi da parte e di annullarsi perch\u00e9 in lui sia Cristo a parlare, a confortare, a perdonare, a guidare il suo gregge. Le pecore e gli agnelli, gli animali pi\u00f9 forti e quelli pi\u00f9 deboli che costituiscono un gregge, infatti, non appartengono a Pietro ma al Signore. Pietro non li riceve in dono, ma il suo compito \u00e8 quello di governare in modo che sia Cristo stesso a governare, a guidare a proteggere. Solo amando Cristo come Cristo ci ha amati, Pietro potr\u00e0 seguire il Signore sulla strada impervia delle difficolt\u00e0 e della persecuzione, e sostenere con il suo coraggio anche i suo compagni cos\u00ec che nel momento della prova andranno sulle strade del mondo, \u201clieti di essere\u00a0 stati oltraggiati per amore del nome di Ges\u00f9\u201d(II lett.).<\/p>\n","protected":false},"excerpt":{"rendered":"<p>\u00a0Rif.: At 5,27-32.40-41;\u00a0\u00a0 Sal 29;\u00a0\u00a0 Ap 5,11-14;\u00a0\u00a0 Gv 21,1-19 La travolgente ondata di sentimenti contraddittori che ha riempito gli animi nel giorno della Risurrezione, sembra cedere il passo alla normalit\u00e0 e Pietro, seguito dagli altri, riprende il suo antico lavoro di pescatore. Una lunga notte sul lago per una pesca infruttuosa, poi delusione e stanchezza [&hellip;]<\/p>\n","protected":false},"author":3,"featured_media":0,"comment_status":"open","ping_status":"open","sticky":false,"template":"","format":"standard","meta":{"_acf_changed":false,"_exactmetrics_skip_tracking":false,"_exactmetrics_sitenote_active":false,"_exactmetrics_sitenote_note":"","_exactmetrics_sitenote_category":0,"footnotes":""},"categories":[4],"tags":[],"class_list":["post-1003","post","type-post","status-publish","format-standard","hentry","category-blog"],"acf":[],"yoast_head":"<!-- This site is optimized with the Yoast SEO plugin v26.2 - https:\/\/yoast.com\/wordpress\/plugins\/seo\/ -->\n<title>&quot;Mi ami tu pi\u00fa di costoro?&quot; - Centro di Documentazione e Studio del Pontificato di Giovanni Paolo II a Roma<\/title>\n<meta name=\"robots\" content=\"index, follow, max-snippet:-1, max-image-preview:large, max-video-preview:-1\" \/>\n<link rel=\"canonical\" href=\"https:\/\/jp2doc.pl\/it\/2016\/04\/09\/mi-ami-tu-piu-di-costoro\/\" \/>\n<meta property=\"og:locale\" content=\"it_IT\" \/>\n<meta property=\"og:type\" content=\"article\" \/>\n<meta property=\"og:title\" content=\"&quot;Mi ami tu pi\u00fa di costoro?&quot; - Centro di Documentazione e Studio del Pontificato di Giovanni Paolo II a Roma\" \/>\n<meta property=\"og:description\" content=\"\u00a0Rif.: At 5,27-32.40-41;\u00a0\u00a0 Sal 29;\u00a0\u00a0 Ap 5,11-14;\u00a0\u00a0 Gv 21,1-19 La travolgente ondata di sentimenti contraddittori che ha riempito gli animi nel giorno della Risurrezione, sembra cedere il passo alla normalit\u00e0 e Pietro, seguito dagli altri, riprende il suo antico lavoro di pescatore. Una lunga notte sul lago per una pesca infruttuosa, poi delusione e stanchezza [&hellip;]\" \/>\n<meta property=\"og:url\" content=\"https:\/\/jp2doc.pl\/it\/2016\/04\/09\/mi-ami-tu-piu-di-costoro\/\" \/>\n<meta property=\"og:site_name\" content=\"Centro di Documentazione e Studio del Pontificato di Giovanni Paolo II a Roma\" \/>\n<meta property=\"article:published_time\" content=\"2016-04-09T07:45:37+00:00\" \/>\n<meta property=\"article:modified_time\" content=\"2017-04-02T07:47:12+00:00\" \/>\n<meta property=\"og:image\" content=\"http:\/\/jp2doc.pl\/it\/wp-content\/uploads\/sites\/3\/2017\/04\/57095c5ccda5410172582_10151950155986486_7139076865588466442_n.jpg\" \/>\n<meta name=\"author\" content=\"Anna Nogawczyk\" \/>\n<meta name=\"twitter:card\" content=\"summary_large_image\" \/>\n<meta name=\"twitter:label1\" content=\"Scritto da\" \/>\n\t<meta name=\"twitter:data1\" content=\"Anna Nogawczyk\" \/>\n\t<meta name=\"twitter:label2\" content=\"Tempo di lettura stimato\" \/>\n\t<meta name=\"twitter:data2\" content=\"2 minuti\" \/>\n<script type=\"application\/ld+json\" class=\"yoast-schema-graph\">{\"@context\":\"https:\/\/schema.org\",\"@graph\":[{\"@type\":\"Article\",\"@id\":\"https:\/\/jp2doc.pl\/it\/2016\/04\/09\/mi-ami-tu-piu-di-costoro\/#article\",\"isPartOf\":{\"@id\":\"https:\/\/jp2doc.pl\/it\/2016\/04\/09\/mi-ami-tu-piu-di-costoro\/\"},\"author\":{\"name\":\"Anna Nogawczyk\",\"@id\":\"https:\/\/jp2doc.pl\/it\/#\/schema\/person\/ecb3008f6674a8ed2f0cffc842168b87\"},\"headline\":\"&#8220;Mi ami tu pi\u00fa di costoro?&#8221;\",\"datePublished\":\"2016-04-09T07:45:37+00:00\",\"dateModified\":\"2017-04-02T07:47:12+00:00\",\"mainEntityOfPage\":{\"@id\":\"https:\/\/jp2doc.pl\/it\/2016\/04\/09\/mi-ami-tu-piu-di-costoro\/\"},\"wordCount\":479,\"commentCount\":0,\"publisher\":{\"@id\":\"https:\/\/jp2doc.pl\/it\/#organization\"},\"image\":{\"@id\":\"https:\/\/jp2doc.pl\/it\/2016\/04\/09\/mi-ami-tu-piu-di-costoro\/#primaryimage\"},\"thumbnailUrl\":\"http:\/\/jp2doc.pl\/it\/wp-content\/uploads\/sites\/3\/2017\/04\/57095c5ccda5410172582_10151950155986486_7139076865588466442_n.jpg\",\"articleSection\":[\"Blog\"],\"inLanguage\":\"it-IT\",\"potentialAction\":[{\"@type\":\"CommentAction\",\"name\":\"Comment\",\"target\":[\"https:\/\/jp2doc.pl\/it\/2016\/04\/09\/mi-ami-tu-piu-di-costoro\/#respond\"]}]},{\"@type\":\"WebPage\",\"@id\":\"https:\/\/jp2doc.pl\/it\/2016\/04\/09\/mi-ami-tu-piu-di-costoro\/\",\"url\":\"https:\/\/jp2doc.pl\/it\/2016\/04\/09\/mi-ami-tu-piu-di-costoro\/\",\"name\":\"\\\"Mi ami tu pi\u00fa di costoro?\\\" - Centro di Documentazione e Studio del Pontificato di Giovanni Paolo II a Roma\",\"isPartOf\":{\"@id\":\"https:\/\/jp2doc.pl\/it\/#website\"},\"primaryImageOfPage\":{\"@id\":\"https:\/\/jp2doc.pl\/it\/2016\/04\/09\/mi-ami-tu-piu-di-costoro\/#primaryimage\"},\"image\":{\"@id\":\"https:\/\/jp2doc.pl\/it\/2016\/04\/09\/mi-ami-tu-piu-di-costoro\/#primaryimage\"},\"thumbnailUrl\":\"http:\/\/jp2doc.pl\/it\/wp-content\/uploads\/sites\/3\/2017\/04\/57095c5ccda5410172582_10151950155986486_7139076865588466442_n.jpg\",\"datePublished\":\"2016-04-09T07:45:37+00:00\",\"dateModified\":\"2017-04-02T07:47:12+00:00\",\"breadcrumb\":{\"@id\":\"https:\/\/jp2doc.pl\/it\/2016\/04\/09\/mi-ami-tu-piu-di-costoro\/#breadcrumb\"},\"inLanguage\":\"it-IT\",\"potentialAction\":[{\"@type\":\"ReadAction\",\"target\":[\"https:\/\/jp2doc.pl\/it\/2016\/04\/09\/mi-ami-tu-piu-di-costoro\/\"]}]},{\"@type\":\"ImageObject\",\"inLanguage\":\"it-IT\",\"@id\":\"https:\/\/jp2doc.pl\/it\/2016\/04\/09\/mi-ami-tu-piu-di-costoro\/#primaryimage\",\"url\":\"http:\/\/jp2doc.pl\/it\/wp-content\/uploads\/sites\/3\/2017\/04\/57095c5ccda5410172582_10151950155986486_7139076865588466442_n.jpg\",\"contentUrl\":\"http:\/\/jp2doc.pl\/it\/wp-content\/uploads\/sites\/3\/2017\/04\/57095c5ccda5410172582_10151950155986486_7139076865588466442_n.jpg\"},{\"@type\":\"BreadcrumbList\",\"@id\":\"https:\/\/jp2doc.pl\/it\/2016\/04\/09\/mi-ami-tu-piu-di-costoro\/#breadcrumb\",\"itemListElement\":[{\"@type\":\"ListItem\",\"position\":1,\"name\":\"Home\",\"item\":\"https:\/\/jp2doc.pl\/it\/\"},{\"@type\":\"ListItem\",\"position\":2,\"name\":\"&#8220;Mi ami tu pi\u00fa di costoro?&#8221;\"}]},{\"@type\":\"WebSite\",\"@id\":\"https:\/\/jp2doc.pl\/it\/#website\",\"url\":\"https:\/\/jp2doc.pl\/it\/\",\"name\":\"Centro di Documentazione e Studio del Pontificato di Giovanni Paolo II a Roma\",\"description\":\"\",\"publisher\":{\"@id\":\"https:\/\/jp2doc.pl\/it\/#organization\"},\"potentialAction\":[{\"@type\":\"SearchAction\",\"target\":{\"@type\":\"EntryPoint\",\"urlTemplate\":\"https:\/\/jp2doc.pl\/it\/?s={search_term_string}\"},\"query-input\":{\"@type\":\"PropertyValueSpecification\",\"valueRequired\":true,\"valueName\":\"search_term_string\"}}],\"inLanguage\":\"it-IT\"},{\"@type\":\"Organization\",\"@id\":\"https:\/\/jp2doc.pl\/it\/#organization\",\"name\":\"Centro di Documentazione e Studio del Pontificato di Giovanni Paolo II a Roma\",\"url\":\"https:\/\/jp2doc.pl\/it\/\",\"logo\":{\"@type\":\"ImageObject\",\"inLanguage\":\"it-IT\",\"@id\":\"https:\/\/jp2doc.pl\/it\/#\/schema\/logo\/image\/\",\"url\":\"https:\/\/jp2doc.pl\/it\/wp-content\/uploads\/sites\/3\/2017\/03\/cropped-logo.png\",\"contentUrl\":\"https:\/\/jp2doc.pl\/it\/wp-content\/uploads\/sites\/3\/2017\/03\/cropped-logo.png\",\"width\":115,\"height\":115,\"caption\":\"Centro di Documentazione e Studio del Pontificato di Giovanni Paolo II a Roma\"},\"image\":{\"@id\":\"https:\/\/jp2doc.pl\/it\/#\/schema\/logo\/image\/\"}},{\"@type\":\"Person\",\"@id\":\"https:\/\/jp2doc.pl\/it\/#\/schema\/person\/ecb3008f6674a8ed2f0cffc842168b87\",\"name\":\"Anna Nogawczyk\",\"image\":{\"@type\":\"ImageObject\",\"inLanguage\":\"it-IT\",\"@id\":\"https:\/\/jp2doc.pl\/it\/#\/schema\/person\/image\/\",\"url\":\"https:\/\/secure.gravatar.com\/avatar\/7f49c0a3455a5f39b9815332b5595517d52774cc8803ff595476ca8543d405f2?s=96&d=mm&r=g\",\"contentUrl\":\"https:\/\/secure.gravatar.com\/avatar\/7f49c0a3455a5f39b9815332b5595517d52774cc8803ff595476ca8543d405f2?s=96&d=mm&r=g\",\"caption\":\"Anna Nogawczyk\"},\"url\":\"https:\/\/jp2doc.pl\/it\/author\/ania-nogawczyk\/\"}]}<\/script>\n<!-- \/ Yoast SEO plugin. -->","yoast_head_json":{"title":"\"Mi ami tu pi\u00fa di costoro?\" - Centro di Documentazione e Studio del Pontificato di Giovanni Paolo II a Roma","robots":{"index":"index","follow":"follow","max-snippet":"max-snippet:-1","max-image-preview":"max-image-preview:large","max-video-preview":"max-video-preview:-1"},"canonical":"https:\/\/jp2doc.pl\/it\/2016\/04\/09\/mi-ami-tu-piu-di-costoro\/","og_locale":"it_IT","og_type":"article","og_title":"\"Mi ami tu pi\u00fa di costoro?\" - Centro di Documentazione e Studio del Pontificato di Giovanni Paolo II a Roma","og_description":"\u00a0Rif.: At 5,27-32.40-41;\u00a0\u00a0 Sal 29;\u00a0\u00a0 Ap 5,11-14;\u00a0\u00a0 Gv 21,1-19 La travolgente ondata di sentimenti contraddittori che ha riempito gli animi nel giorno della Risurrezione, sembra cedere il passo alla normalit\u00e0 e Pietro, seguito dagli altri, riprende il suo antico lavoro di pescatore. Una lunga notte sul lago per una pesca infruttuosa, poi delusione e stanchezza [&hellip;]","og_url":"https:\/\/jp2doc.pl\/it\/2016\/04\/09\/mi-ami-tu-piu-di-costoro\/","og_site_name":"Centro di Documentazione e Studio del Pontificato di Giovanni Paolo II a Roma","article_published_time":"2016-04-09T07:45:37+00:00","article_modified_time":"2017-04-02T07:47:12+00:00","og_image":[{"url":"http:\/\/jp2doc.pl\/it\/wp-content\/uploads\/sites\/3\/2017\/04\/57095c5ccda5410172582_10151950155986486_7139076865588466442_n.jpg","type":"","width":"","height":""}],"author":"Anna Nogawczyk","twitter_card":"summary_large_image","twitter_misc":{"Scritto da":"Anna Nogawczyk","Tempo di lettura stimato":"2 minuti"},"schema":{"@context":"https:\/\/schema.org","@graph":[{"@type":"Article","@id":"https:\/\/jp2doc.pl\/it\/2016\/04\/09\/mi-ami-tu-piu-di-costoro\/#article","isPartOf":{"@id":"https:\/\/jp2doc.pl\/it\/2016\/04\/09\/mi-ami-tu-piu-di-costoro\/"},"author":{"name":"Anna Nogawczyk","@id":"https:\/\/jp2doc.pl\/it\/#\/schema\/person\/ecb3008f6674a8ed2f0cffc842168b87"},"headline":"&#8220;Mi ami tu pi\u00fa di costoro?&#8221;","datePublished":"2016-04-09T07:45:37+00:00","dateModified":"2017-04-02T07:47:12+00:00","mainEntityOfPage":{"@id":"https:\/\/jp2doc.pl\/it\/2016\/04\/09\/mi-ami-tu-piu-di-costoro\/"},"wordCount":479,"commentCount":0,"publisher":{"@id":"https:\/\/jp2doc.pl\/it\/#organization"},"image":{"@id":"https:\/\/jp2doc.pl\/it\/2016\/04\/09\/mi-ami-tu-piu-di-costoro\/#primaryimage"},"thumbnailUrl":"http:\/\/jp2doc.pl\/it\/wp-content\/uploads\/sites\/3\/2017\/04\/57095c5ccda5410172582_10151950155986486_7139076865588466442_n.jpg","articleSection":["Blog"],"inLanguage":"it-IT","potentialAction":[{"@type":"CommentAction","name":"Comment","target":["https:\/\/jp2doc.pl\/it\/2016\/04\/09\/mi-ami-tu-piu-di-costoro\/#respond"]}]},{"@type":"WebPage","@id":"https:\/\/jp2doc.pl\/it\/2016\/04\/09\/mi-ami-tu-piu-di-costoro\/","url":"https:\/\/jp2doc.pl\/it\/2016\/04\/09\/mi-ami-tu-piu-di-costoro\/","name":"\"Mi ami tu pi\u00fa di costoro?\" - Centro di Documentazione e Studio del Pontificato di Giovanni Paolo II a Roma","isPartOf":{"@id":"https:\/\/jp2doc.pl\/it\/#website"},"primaryImageOfPage":{"@id":"https:\/\/jp2doc.pl\/it\/2016\/04\/09\/mi-ami-tu-piu-di-costoro\/#primaryimage"},"image":{"@id":"https:\/\/jp2doc.pl\/it\/2016\/04\/09\/mi-ami-tu-piu-di-costoro\/#primaryimage"},"thumbnailUrl":"http:\/\/jp2doc.pl\/it\/wp-content\/uploads\/sites\/3\/2017\/04\/57095c5ccda5410172582_10151950155986486_7139076865588466442_n.jpg","datePublished":"2016-04-09T07:45:37+00:00","dateModified":"2017-04-02T07:47:12+00:00","breadcrumb":{"@id":"https:\/\/jp2doc.pl\/it\/2016\/04\/09\/mi-ami-tu-piu-di-costoro\/#breadcrumb"},"inLanguage":"it-IT","potentialAction":[{"@type":"ReadAction","target":["https:\/\/jp2doc.pl\/it\/2016\/04\/09\/mi-ami-tu-piu-di-costoro\/"]}]},{"@type":"ImageObject","inLanguage":"it-IT","@id":"https:\/\/jp2doc.pl\/it\/2016\/04\/09\/mi-ami-tu-piu-di-costoro\/#primaryimage","url":"http:\/\/jp2doc.pl\/it\/wp-content\/uploads\/sites\/3\/2017\/04\/57095c5ccda5410172582_10151950155986486_7139076865588466442_n.jpg","contentUrl":"http:\/\/jp2doc.pl\/it\/wp-content\/uploads\/sites\/3\/2017\/04\/57095c5ccda5410172582_10151950155986486_7139076865588466442_n.jpg"},{"@type":"BreadcrumbList","@id":"https:\/\/jp2doc.pl\/it\/2016\/04\/09\/mi-ami-tu-piu-di-costoro\/#breadcrumb","itemListElement":[{"@type":"ListItem","position":1,"name":"Home","item":"https:\/\/jp2doc.pl\/it\/"},{"@type":"ListItem","position":2,"name":"&#8220;Mi ami tu pi\u00fa di costoro?&#8221;"}]},{"@type":"WebSite","@id":"https:\/\/jp2doc.pl\/it\/#website","url":"https:\/\/jp2doc.pl\/it\/","name":"Centro di Documentazione e Studio del Pontificato di Giovanni Paolo II a Roma","description":"","publisher":{"@id":"https:\/\/jp2doc.pl\/it\/#organization"},"potentialAction":[{"@type":"SearchAction","target":{"@type":"EntryPoint","urlTemplate":"https:\/\/jp2doc.pl\/it\/?s={search_term_string}"},"query-input":{"@type":"PropertyValueSpecification","valueRequired":true,"valueName":"search_term_string"}}],"inLanguage":"it-IT"},{"@type":"Organization","@id":"https:\/\/jp2doc.pl\/it\/#organization","name":"Centro di Documentazione e Studio del Pontificato di Giovanni Paolo II a Roma","url":"https:\/\/jp2doc.pl\/it\/","logo":{"@type":"ImageObject","inLanguage":"it-IT","@id":"https:\/\/jp2doc.pl\/it\/#\/schema\/logo\/image\/","url":"https:\/\/jp2doc.pl\/it\/wp-content\/uploads\/sites\/3\/2017\/03\/cropped-logo.png","contentUrl":"https:\/\/jp2doc.pl\/it\/wp-content\/uploads\/sites\/3\/2017\/03\/cropped-logo.png","width":115,"height":115,"caption":"Centro di Documentazione e Studio del Pontificato di Giovanni Paolo II a Roma"},"image":{"@id":"https:\/\/jp2doc.pl\/it\/#\/schema\/logo\/image\/"}},{"@type":"Person","@id":"https:\/\/jp2doc.pl\/it\/#\/schema\/person\/ecb3008f6674a8ed2f0cffc842168b87","name":"Anna Nogawczyk","image":{"@type":"ImageObject","inLanguage":"it-IT","@id":"https:\/\/jp2doc.pl\/it\/#\/schema\/person\/image\/","url":"https:\/\/secure.gravatar.com\/avatar\/7f49c0a3455a5f39b9815332b5595517d52774cc8803ff595476ca8543d405f2?s=96&d=mm&r=g","contentUrl":"https:\/\/secure.gravatar.com\/avatar\/7f49c0a3455a5f39b9815332b5595517d52774cc8803ff595476ca8543d405f2?s=96&d=mm&r=g","caption":"Anna Nogawczyk"},"url":"https:\/\/jp2doc.pl\/it\/author\/ania-nogawczyk\/"}]}},"_links":{"self":[{"href":"https:\/\/jp2doc.pl\/it\/wp-json\/wp\/v2\/posts\/1003","targetHints":{"allow":["GET"]}}],"collection":[{"href":"https:\/\/jp2doc.pl\/it\/wp-json\/wp\/v2\/posts"}],"about":[{"href":"https:\/\/jp2doc.pl\/it\/wp-json\/wp\/v2\/types\/post"}],"author":[{"embeddable":true,"href":"https:\/\/jp2doc.pl\/it\/wp-json\/wp\/v2\/users\/3"}],"replies":[{"embeddable":true,"href":"https:\/\/jp2doc.pl\/it\/wp-json\/wp\/v2\/comments?post=1003"}],"version-history":[{"count":1,"href":"https:\/\/jp2doc.pl\/it\/wp-json\/wp\/v2\/posts\/1003\/revisions"}],"predecessor-version":[{"id":1005,"href":"https:\/\/jp2doc.pl\/it\/wp-json\/wp\/v2\/posts\/1003\/revisions\/1005"}],"wp:attachment":[{"href":"https:\/\/jp2doc.pl\/it\/wp-json\/wp\/v2\/media?parent=1003"}],"wp:term":[{"taxonomy":"category","embeddable":true,"href":"https:\/\/jp2doc.pl\/it\/wp-json\/wp\/v2\/categories?post=1003"},{"taxonomy":"post_tag","embeddable":true,"href":"https:\/\/jp2doc.pl\/it\/wp-json\/wp\/v2\/tags?post=1003"}],"curies":[{"name":"wp","href":"https:\/\/api.w.org\/{rel}","templated":true}]}}